{"id":67766,"date":"2021-11-18T08:01:43","date_gmt":"2021-11-18T11:01:43","guid":{"rendered":"https:\/\/www.informelitoral.com.ar\/?p=67766"},"modified":"2021-11-18T08:03:33","modified_gmt":"2021-11-18T11:03:33","slug":"se-desarrollo-un-nuevo-taller-de-compostaje-domiciliario-y-lombricultivos-en-ramirez","status":"publish","type":"post","link":"https:\/\/informelitoral.com.ar\/se-desarrollo-un-nuevo-taller-de-compostaje-domiciliario-y-lombricultivos-en-ramirez\/","title":{"rendered":"Se desarroll\u00f3 un nuevo taller de compostaje domiciliario y lombricultivos en Ram\u00edrez"},"content":{"rendered":"<p><strong>En General Ram\u00edrez se desarroll\u00f3 un nuevo taller de compostaje domiciliario y lombricultivos.<\/strong> La actividad estuvo a cargo de la Secretar\u00eda de Relaciones con la Comunidad junto al Inta Crespo y la Fundaci\u00f3n Eco Urbano.<\/p>\n<p><a href=\"https:\/\/www.informelitoral.com.ar\/%77%70%2d%63%6f%6e%74%65%6e%74\/uploads\/2021\/11\/255408593_2069092233241688_4138673826583878326_n.jpg\"><img loading=\"lazy\" decoding=\"async\" class=\"aligncenter wp-image-67767 size-large\" src=\"https:\/\/www.informelitoral.com.ar\/%77%70%2d%63%6f%6e%74%65%6e%74\/uploads\/2021\/11\/255408593_2069092233241688_4138673826583878326_n-1024x683.jpg\" alt=\"\" width=\"696\" height=\"464\" srcset=\"https:\/\/informelitoral.com.ar\/%77%70%2d%63%6f%6e%74%65%6e%74\/uploads\/2021\/11\/255408593_2069092233241688_4138673826583878326_n-1024x683.jpg 1024w, https:\/\/informelitoral.com.ar\/%77%70%2d%63%6f%6e%74%65%6e%74\/uploads\/2021\/11\/255408593_2069092233241688_4138673826583878326_n-300x200.jpg 300w, https:\/\/informelitoral.com.ar\/%77%70%2d%63%6f%6e%74%65%6e%74\/uploads\/2021\/11\/255408593_2069092233241688_4138673826583878326_n-768x512.jpg 768w, https:\/\/informelitoral.com.ar\/%77%70%2d%63%6f%6e%74%65%6e%74\/uploads\/2021\/11\/255408593_2069092233241688_4138673826583878326_n-1536x1024.jpg 1536w, https:\/\/informelitoral.com.ar\/%77%70%2d%63%6f%6e%74%65%6e%74\/uploads\/2021\/11\/255408593_2069092233241688_4138673826583878326_n-696x464.jpg 696w, https:\/\/informelitoral.com.ar\/%77%70%2d%63%6f%6e%74%65%6e%74\/uploads\/2021\/11\/255408593_2069092233241688_4138673826583878326_n-1068x712.jpg 1068w, https:\/\/informelitoral.com.ar\/%77%70%2d%63%6f%6e%74%65%6e%74\/uploads\/2021\/11\/255408593_2069092233241688_4138673826583878326_n-630x420.jpg 630w, https:\/\/informelitoral.com.ar\/%77%70%2d%63%6f%6e%74%65%6e%74\/uploads\/2021\/11\/255408593_2069092233241688_4138673826583878326_n.jpg 2048w\" sizes=\"auto, (max-width: 696px) 100vw, 696px\" \/><\/a><\/p>\n<p>El objetivo de estas iniciativas es seguir profundizando las l\u00edneas de trabajo del<strong><em> Programa Sustentar.<\/em> \u00abCompostar es una de las formas m\u00e1s efectivas de reutilizar los materiales org\u00e1nicos que producimos en nuestro hogar\u00bb,<\/strong> destacaron desde el municipio.<\/p>\n<p><a href=\"https:\/\/www.informelitoral.com.ar\/%77%70%2d%63%6f%6e%74%65%6e%74\/uploads\/2021\/11\/255583780_2069092463241665_7076437247871888900_n.jpg\"><img loading=\"lazy\" decoding=\"async\" class=\"aligncenter wp-image-67769 size-large\" src=\"https:\/\/www.informelitoral.com.ar\/%77%70%2d%63%6f%6e%74%65%6e%74\/uploads\/2021\/11\/255583780_2069092463241665_7076437247871888900_n-1024x683.jpg\" alt=\"\" width=\"696\" height=\"464\" srcset=\"https:\/\/informelitoral.com.ar\/%77%70%2d%63%6f%6e%74%65%6e%74\/uploads\/2021\/11\/255583780_2069092463241665_7076437247871888900_n-1024x683.jpg 1024w, https:\/\/informelitoral.com.ar\/%77%70%2d%63%6f%6e%74%65%6e%74\/uploads\/2021\/11\/255583780_2069092463241665_7076437247871888900_n-300x200.jpg 300w, https:\/\/informelitoral.com.ar\/%77%70%2d%63%6f%6e%74%65%6e%74\/uploads\/2021\/11\/255583780_2069092463241665_7076437247871888900_n-768x512.jpg 768w, https:\/\/informelitoral.com.ar\/%77%70%2d%63%6f%6e%74%65%6e%74\/uploads\/2021\/11\/255583780_2069092463241665_7076437247871888900_n-1536x1024.jpg 1536w, https:\/\/informelitoral.com.ar\/%77%70%2d%63%6f%6e%74%65%6e%74\/uploads\/2021\/11\/255583780_2069092463241665_7076437247871888900_n-696x464.jpg 696w, https:\/\/informelitoral.com.ar\/%77%70%2d%63%6f%6e%74%65%6e%74\/uploads\/2021\/11\/255583780_2069092463241665_7076437247871888900_n-1068x712.jpg 1068w, https:\/\/informelitoral.com.ar\/%77%70%2d%63%6f%6e%74%65%6e%74\/uploads\/2021\/11\/255583780_2069092463241665_7076437247871888900_n-630x420.jpg 630w, https:\/\/informelitoral.com.ar\/%77%70%2d%63%6f%6e%74%65%6e%74\/uploads\/2021\/11\/255583780_2069092463241665_7076437247871888900_n.jpg 2048w\" sizes=\"auto, (max-width: 696px) 100vw, 696px\" \/><\/a><strong>\u00bfEn qu\u00e9 consiste el programa?<\/strong><br \/>\n\u200b<br \/>\n<em>En el contexto global de cambio clim\u00e1tico que atraviesa nuestro planeta, trabajan desde la educaci\u00f3n y comunicaci\u00f3n ambiental para promover cambios culturales que aseguren la participaci\u00f3n responsable y consciente de los vecinos y distintos actores de la localidad.<\/em><\/p>\n<p><em>En este sentido, apuntan a fortalecer la pol\u00edtica ambiental, poniendo en marcha programas que aumenten el compromiso de la comunidad y apuesten a medidas de minimizaci\u00f3n y valorizaci\u00f3n de los diferentes residuos.<\/em><\/p>\n<div id='gallery-1' class='gallery galleryid-67766 gallery-columns-3 gallery-size-thumbnail'><figure class='gallery-item'>\n\t\t\t<div class='gallery-icon landscape'>\n\t\t\t\t<a href='https:\/\/informelitoral.com.ar\/se-desarrollo-un-nuevo-taller-de-compostaje-domiciliario-y-lombricultivos-en-ramirez\/256025736_2069092393241672_6279879782775098370_n\/'><img loading=\"lazy\" decoding=\"async\" width=\"150\" height=\"150\" src=\"https:\/\/informelitoral.com.ar\/%77%70%2d%63%6f%6e%74%65%6e%74\/uploads\/2021\/11\/256025736_2069092393241672_6279879782775098370_n-150x150.jpg\" class=\"attachment-thumbnail size-thumbnail\" alt=\"\" \/><\/a>\n\t\t\t<\/div><\/figure><figure class='gallery-item'>\n\t\t\t<div class='gallery-icon landscape'>\n\t\t\t\t<a href='https:\/\/informelitoral.com.ar\/se-desarrollo-un-nuevo-taller-de-compostaje-domiciliario-y-lombricultivos-en-ramirez\/255918248_2069092146575030_7572027869650071224_n\/'><img loading=\"lazy\" decoding=\"async\" width=\"150\" height=\"150\" src=\"https:\/\/informelitoral.com.ar\/%77%70%2d%63%6f%6e%74%65%6e%74\/uploads\/2021\/11\/255918248_2069092146575030_7572027869650071224_n-150x150.jpg\" class=\"attachment-thumbnail size-thumbnail\" alt=\"\" \/><\/a>\n\t\t\t<\/div><\/figure><figure class='gallery-item'>\n\t\t\t<div class='gallery-icon landscape'>\n\t\t\t\t<a href='https:\/\/informelitoral.com.ar\/se-desarrollo-un-nuevo-taller-de-compostaje-domiciliario-y-lombricultivos-en-ramirez\/255723350_2069092156575029_1448096006005924496_n\/'><img loading=\"lazy\" decoding=\"async\" width=\"150\" height=\"150\" src=\"https:\/\/informelitoral.com.ar\/%77%70%2d%63%6f%6e%74%65%6e%74\/uploads\/2021\/11\/255723350_2069092156575029_1448096006005924496_n-150x150.jpg\" class=\"attachment-thumbnail size-thumbnail\" alt=\"\" \/><\/a>\n\t\t\t<\/div><\/figure><figure class='gallery-item'>\n\t\t\t<div class='gallery-icon landscape'>\n\t\t\t\t<a href='https:\/\/informelitoral.com.ar\/se-desarrollo-un-nuevo-taller-de-compostaje-domiciliario-y-lombricultivos-en-ramirez\/255658637_2069092316575013_2114837143635891165_n\/'><img loading=\"lazy\" decoding=\"async\" width=\"150\" height=\"150\" src=\"https:\/\/informelitoral.com.ar\/%77%70%2d%63%6f%6e%74%65%6e%74\/uploads\/2021\/11\/255658637_2069092316575013_2114837143635891165_n-150x150.jpg\" class=\"attachment-thumbnail size-thumbnail\" alt=\"\" \/><\/a>\n\t\t\t<\/div><\/figure><figure class='gallery-item'>\n\t\t\t<div class='gallery-icon landscape'>\n\t\t\t\t<a href='https:\/\/informelitoral.com.ar\/se-desarrollo-un-nuevo-taller-de-compostaje-domiciliario-y-lombricultivos-en-ramirez\/255554429_2069092483241663_642169637011183411_n\/'><img loading=\"lazy\" decoding=\"async\" width=\"150\" height=\"150\" src=\"https:\/\/informelitoral.com.ar\/%77%70%2d%63%6f%6e%74%65%6e%74\/uploads\/2021\/11\/255554429_2069092483241663_642169637011183411_n-150x150.jpg\" class=\"attachment-thumbnail size-thumbnail\" alt=\"\" \/><\/a>\n\t\t\t<\/div><\/figure><figure class='gallery-item'>\n\t\t\t<div class='gallery-icon landscape'>\n\t\t\t\t<a href='https:\/\/informelitoral.com.ar\/se-desarrollo-un-nuevo-taller-de-compostaje-domiciliario-y-lombricultivos-en-ramirez\/255408593_2069092233241688_4138673826583878326_n\/'><img loading=\"lazy\" decoding=\"async\" width=\"150\" height=\"150\" src=\"https:\/\/informelitoral.com.ar\/%77%70%2d%63%6f%6e%74%65%6e%74\/uploads\/2021\/11\/255408593_2069092233241688_4138673826583878326_n-150x150.jpg\" class=\"attachment-thumbnail size-thumbnail\" alt=\"\" \/><\/a>\n\t\t\t<\/div><\/figure>\n\t\t<\/div>\n\n<p><em>Llevar adelante medidas de reducci\u00f3n posibilitar\u00e1 el ahorro de distintas materias primas, la reducci\u00f3n en las emisiones de gases de efecto invernadero; y la promoci\u00f3n y generaci\u00f3n de nuevas oportunidades de trabajo, los llamados empleos verdes.<\/em><\/p>\n<p><em>Priorizan la agenda socio ambiental haciendo inversiones permanentes en la mejora y el saneamiento del destino final de los residuos, con resultados a la vista y con el protagonismo central de los recuperadores, disminuyendo los riesgos sobre la salud de los ramirenses y el ambiente.<\/em><\/p>\n<p><em>En este marco proponen la construcci\u00f3n de una sociedad que no s\u00f3lo se preocupa por los problemas ambientales, sino que tambi\u00e9n se ocupa comprometi\u00e9ndose con el presente y las generaciones futuras.<\/em><\/p>\n","protected":false},"excerpt":{"rendered":"<p>Estuvo a cargo de la Secretar\u00eda de Relaciones con la Comunidad junto al Inta Crespo y la Fundaci\u00f3n Eco Urbano. La actividad se enmarc\u00f3 en el Programa Sustentar.<\/p>\n","protected":false},"author":2,"featured_media":67770,"comment_status":"open","ping_status":"open","sticky":false,"template":"","format":"standard","meta":{"fifu_image_url":"","fifu_image_alt":"","footnotes":""},"categories":[5],"tags":[46,2559,556,27],"class_list":{"0":"post-67766","1":"post","2":"type-post","3":"status-publish","4":"format-standard","5":"has-post-thumbnail","7":"category-zonales","8":"tag-ambiente","9":"tag-compostaje-domiciliario","10":"tag-general-ramirez","11":"tag-ramirez"},"yoast_head":"<title>Se desarroll\u00f3 un nuevo taller de compostaje domiciliario y lombricultivos en Ram\u00edrez - Informe Litoral<\/title>\n<meta name=\"robots\" content=\"index, follow, max-snippet:-1, max-image-preview:large, max-video-preview:-1\" \/>\n<link rel=\"canonical\" href=\"https:\/\/informelitoral.com.ar\/se-desarrollo-un-nuevo-taller-de-compostaje-domiciliario-y-lombricultivos-en-ramirez\/\" \/>\n<meta property=\"og:locale\" content=\"es_ES\" \/>\n<meta property=\"og:type\" content=\"article\" \/>\n<meta property=\"og:title\" content=\"Se desarroll\u00f3 un nuevo taller de compostaje domiciliario y lombricultivos en Ram\u00edrez - Informe Litoral\" \/>\n<meta property=\"og:description\" content=\"Estuvo a cargo de la Secretar\u00eda de Relaciones con la Comunidad junto al Inta Crespo y la Fundaci\u00f3n Eco Urbano. La actividad se enmarc\u00f3 en el Programa Sustentar.\" \/>\n<meta property=\"og:url\" content=\"https:\/\/informelitoral.com.ar\/se-desarrollo-un-nuevo-taller-de-compostaje-domiciliario-y-lombricultivos-en-ramirez\/\" \/>\n<meta property=\"og:site_name\" content=\"Informe Litoral\" \/>\n<meta property=\"article:publisher\" content=\"https:\/\/www.facebook.com\/informelitoral\/\" \/>\n<meta property=\"article:published_time\" content=\"2021-11-18T11:01:43+00:00\" \/>\n<meta property=\"article:modified_time\" content=\"2021-11-18T11:03:33+00:00\" \/>\n<meta property=\"og:image\" content=\"https:\/\/informelitoral.com.ar\/%77%70%2d%63%6f%6e%74%65%6e%74\/uploads\/2021\/11\/255607946_2069092353241676_7212220863961560467_n.jpg\" \/>\n\t<meta property=\"og:image:width\" content=\"2048\" \/>\n\t<meta property=\"og:image:height\" content=\"1365\" \/>\n\t<meta property=\"og:image:type\" content=\"image\/jpeg\" \/>\n<meta name=\"author\" content=\"Gonzalo Schmidt\" \/>\n<meta name=\"twitter:card\" content=\"summary_large_image\" \/>\n<meta name=\"twitter:creator\" content=\"@InformeLitoral\" \/>\n<meta name=\"twitter:site\" content=\"@InformeLitoral\" \/>\n<meta name=\"twitter:label1\" content=\"Escrito por\" \/>\n\t<meta name=\"twitter:data1\" content=\"Gonzalo Schmidt\" \/>\n\t<meta name=\"twitter:label2\" content=\"Tiempo de lectura\" \/>\n\t<meta name=\"twitter:data2\" content=\"1 minuto\" \/>\n<script type=\"application\/ld+json\" class=\"yoast-schema-graph\">{\"@context\":\"https:\\\/\\\/schema.org\",\"@graph\":[{\"@type\":\"Article\",\"@id\":\"https:\\\/\\\/informelitoral.com.ar\\\/se-desarrollo-un-nuevo-taller-de-compostaje-domiciliario-y-lombricultivos-en-ramirez\\\/#article\",\"isPartOf\":{\"@id\":\"https:\\\/\\\/informelitoral.com.ar\\\/se-desarrollo-un-nuevo-taller-de-compostaje-domiciliario-y-lombricultivos-en-ramirez\\\/\"},\"author\":{\"name\":\"Gonzalo Schmidt\",\"@id\":\"https:\\\/\\\/informelitoral.com.ar\\\/#\\\/schema\\\/person\\\/b9d00407c836482871ef1d57bf8e3180\"},\"headline\":\"Se desarroll\u00f3 un nuevo taller de compostaje domiciliario y lombricultivos en Ram\u00edrez\",\"datePublished\":\"2021-11-18T11:01:43+00:00\",\"dateModified\":\"2021-11-18T11:03:33+00:00\",\"mainEntityOfPage\":{\"@id\":\"https:\\\/\\\/informelitoral.com.ar\\\/se-desarrollo-un-nuevo-taller-de-compostaje-domiciliario-y-lombricultivos-en-ramirez\\\/\"},\"wordCount\":295,\"commentCount\":0,\"publisher\":{\"@id\":\"https:\\\/\\\/informelitoral.com.ar\\\/#organization\"},\"image\":{\"@id\":\"https:\\\/\\\/informelitoral.com.ar\\\/se-desarrollo-un-nuevo-taller-de-compostaje-domiciliario-y-lombricultivos-en-ramirez\\\/#primaryimage\"},\"thumbnailUrl\":\"https:\\\/\\\/informelitoral.com.ar\\\/%77%70%2d%63%6f%6e%74%65%6e%74\\\/uploads\\\/2021\\\/11\\\/255607946_2069092353241676_7212220863961560467_n.jpg\",\"keywords\":[\"Ambiente\",\"Compostaje domiciliario\",\"General Ram\u00edrez\",\"Ram\u00edrez\"],\"articleSection\":[\"Departamento Diamante\"],\"inLanguage\":\"es\",\"potentialAction\":[{\"@type\":\"CommentAction\",\"name\":\"Comment\",\"target\":[\"https:\\\/\\\/informelitoral.com.ar\\\/se-desarrollo-un-nuevo-taller-de-compostaje-domiciliario-y-lombricultivos-en-ramirez\\\/#respond\"]}]},{\"@type\":\"WebPage\",\"@id\":\"https:\\\/\\\/informelitoral.com.ar\\\/se-desarrollo-un-nuevo-taller-de-compostaje-domiciliario-y-lombricultivos-en-ramirez\\\/\",\"url\":\"https:\\\/\\\/informelitoral.com.ar\\\/se-desarrollo-un-nuevo-taller-de-compostaje-domiciliario-y-lombricultivos-en-ramirez\\\/\",\"name\":\"Se desarroll\u00f3 un nuevo taller de compostaje domiciliario y lombricultivos en Ram\u00edrez - Informe Litoral\",\"isPartOf\":{\"@id\":\"https:\\\/\\\/informelitoral.com.ar\\\/#website\"},\"primaryImageOfPage\":{\"@id\":\"https:\\\/\\\/informelitoral.com.ar\\\/se-desarrollo-un-nuevo-taller-de-compostaje-domiciliario-y-lombricultivos-en-ramirez\\\/#primaryimage\"},\"image\":{\"@id\":\"https:\\\/\\\/informelitoral.com.ar\\\/se-desarrollo-un-nuevo-taller-de-compostaje-domiciliario-y-lombricultivos-en-ramirez\\\/#primaryimage\"},\"thumbnailUrl\":\"https:\\\/\\\/informelitoral.com.ar\\\/%77%70%2d%63%6f%6e%74%65%6e%74\\\/uploads\\\/2021\\\/11\\\/255607946_2069092353241676_7212220863961560467_n.jpg\",\"datePublished\":\"2021-11-18T11:01:43+00:00\",\"dateModified\":\"2021-11-18T11:03:33+00:00\",\"breadcrumb\":{\"@id\":\"https:\\\/\\\/informelitoral.com.ar\\\/se-desarrollo-un-nuevo-taller-de-compostaje-domiciliario-y-lombricultivos-en-ramirez\\\/#breadcrumb\"},\"inLanguage\":\"es\",\"potentialAction\":[{\"@type\":\"ReadAction\",\"target\":[\"https:\\\/\\\/informelitoral.com.ar\\\/se-desarrollo-un-nuevo-taller-de-compostaje-domiciliario-y-lombricultivos-en-ramirez\\\/\"]}]},{\"@type\":\"ImageObject\",\"inLanguage\":\"es\",\"@id\":\"https:\\\/\\\/informelitoral.com.ar\\\/se-desarrollo-un-nuevo-taller-de-compostaje-domiciliario-y-lombricultivos-en-ramirez\\\/#primaryimage\",\"url\":\"https:\\\/\\\/informelitoral.com.ar\\\/%77%70%2d%63%6f%6e%74%65%6e%74\\\/uploads\\\/2021\\\/11\\\/255607946_2069092353241676_7212220863961560467_n.jpg\",\"contentUrl\":\"https:\\\/\\\/informelitoral.com.ar\\\/%77%70%2d%63%6f%6e%74%65%6e%74\\\/uploads\\\/2021\\\/11\\\/255607946_2069092353241676_7212220863961560467_n.jpg\",\"width\":2048,\"height\":1365},{\"@type\":\"BreadcrumbList\",\"@id\":\"https:\\\/\\\/informelitoral.com.ar\\\/se-desarrollo-un-nuevo-taller-de-compostaje-domiciliario-y-lombricultivos-en-ramirez\\\/#breadcrumb\",\"itemListElement\":[{\"@type\":\"ListItem\",\"position\":1,\"name\":\"Portada\",\"item\":\"https:\\\/\\\/informelitoral.com.ar\\\/\"},{\"@type\":\"ListItem\",\"position\":2,\"name\":\"Se desarroll\u00f3 un nuevo taller de compostaje domiciliario y lombricultivos en Ram\u00edrez\"}]},{\"@type\":\"WebSite\",\"@id\":\"https:\\\/\\\/informelitoral.com.ar\\\/#website\",\"url\":\"https:\\\/\\\/informelitoral.com.ar\\\/\",\"name\":\"Informe Litoral\",\"description\":\"&quot;Nos informamos&quot; \",\"publisher\":{\"@id\":\"https:\\\/\\\/informelitoral.com.ar\\\/#organization\"},\"potentialAction\":[{\"@type\":\"SearchAction\",\"target\":{\"@type\":\"EntryPoint\",\"urlTemplate\":\"https:\\\/\\\/informelitoral.com.ar\\\/?s={search_term_string}\"},\"query-input\":{\"@type\":\"PropertyValueSpecification\",\"valueRequired\":true,\"valueName\":\"search_term_string\"}}],\"inLanguage\":\"es\"},{\"@type\":\"Organization\",\"@id\":\"https:\\\/\\\/informelitoral.com.ar\\\/#organization\",\"name\":\"Informe Litoral\",\"url\":\"https:\\\/\\\/informelitoral.com.ar\\\/\",\"logo\":{\"@type\":\"ImageObject\",\"inLanguage\":\"es\",\"@id\":\"https:\\\/\\\/informelitoral.com.ar\\\/#\\\/schema\\\/logo\\\/image\\\/\",\"url\":\"https:\\\/\\\/informelitoral.com.ar\\\/%77%70%2d%63%6f%6e%74%65%6e%74\\\/uploads\\\/2021\\\/01\\\/circulo.png\",\"contentUrl\":\"https:\\\/\\\/informelitoral.com.ar\\\/%77%70%2d%63%6f%6e%74%65%6e%74\\\/uploads\\\/2021\\\/01\\\/circulo.png\",\"width\":723,\"height\":731,\"caption\":\"Informe Litoral\"},\"image\":{\"@id\":\"https:\\\/\\\/informelitoral.com.ar\\\/#\\\/schema\\\/logo\\\/image\\\/\"},\"sameAs\":[\"https:\\\/\\\/www.facebook.com\\\/informelitoral\\\/\",\"https:\\\/\\\/x.com\\\/InformeLitoral\",\"https:\\\/\\\/www.instagram.com\\\/informelitoral\\\/\",\"https:\\\/\\\/www.youtube.com\\\/channel\\\/UCua4Qvz8Icb6MYqhoq9xLXw\"]},{\"@type\":\"Person\",\"@id\":\"https:\\\/\\\/informelitoral.com.ar\\\/#\\\/schema\\\/person\\\/b9d00407c836482871ef1d57bf8e3180\",\"name\":\"Gonzalo Schmidt\",\"image\":{\"@type\":\"ImageObject\",\"inLanguage\":\"es\",\"@id\":\"https:\\\/\\\/secure.gravatar.com\\\/avatar\\\/31a1a7b66ff2de83bd0e9fd79d026630d2d99e55e8bfe501287647b4fd9743de?s=96&d=mm&r=g\",\"url\":\"https:\\\/\\\/secure.gravatar.com\\\/avatar\\\/31a1a7b66ff2de83bd0e9fd79d026630d2d99e55e8bfe501287647b4fd9743de?s=96&d=mm&r=g\",\"contentUrl\":\"https:\\\/\\\/secure.gravatar.com\\\/avatar\\\/31a1a7b66ff2de83bd0e9fd79d026630d2d99e55e8bfe501287647b4fd9743de?s=96&d=mm&r=g\",\"caption\":\"Gonzalo Schmidt\"},\"description\":\"Sitio web de noticias de la provincia de Entre R\u00edos, Argentina. Informaci\u00f3n y entretenimiento. Informe Litoral, nos informamos.\",\"sameAs\":[\"http:\\\/\\\/www.isletasnoticias.com.ar\"],\"url\":\"https:\\\/\\\/informelitoral.com.ar\\\/author\\\/gonzalo\\\/\"}]}<\/script>","yoast_head_json":{"title":"Se desarroll\u00f3 un nuevo taller de compostaje domiciliario y lombricultivos en Ram\u00edrez - Informe Litoral","robots":{"index":"index","follow":"follow","max-snippet":"max-snippet:-1","max-image-preview":"max-image-preview:large","max-video-preview":"max-video-preview:-1"},"canonical":"https:\/\/informelitoral.com.ar\/se-desarrollo-un-nuevo-taller-de-compostaje-domiciliario-y-lombricultivos-en-ramirez\/","og_locale":"es_ES","og_type":"article","og_title":"Se desarroll\u00f3 un nuevo taller de compostaje domiciliario y lombricultivos en Ram\u00edrez - Informe Litoral","og_description":"Estuvo a cargo de la Secretar\u00eda de Relaciones con la Comunidad junto al Inta Crespo y la Fundaci\u00f3n Eco Urbano. La actividad se enmarc\u00f3 en el Programa Sustentar.","og_url":"https:\/\/informelitoral.com.ar\/se-desarrollo-un-nuevo-taller-de-compostaje-domiciliario-y-lombricultivos-en-ramirez\/","og_site_name":"Informe Litoral","article_publisher":"https:\/\/www.facebook.com\/informelitoral\/","article_published_time":"2021-11-18T11:01:43+00:00","article_modified_time":"2021-11-18T11:03:33+00:00","og_image":[{"width":2048,"height":1365,"url":"https:\/\/informelitoral.com.ar\/%77%70%2d%63%6f%6e%74%65%6e%74\/uploads\/2021\/11\/255607946_2069092353241676_7212220863961560467_n.jpg","type":"image\/jpeg"}],"author":"Gonzalo Schmidt","twitter_card":"summary_large_image","twitter_creator":"@InformeLitoral","twitter_site":"@InformeLitoral","twitter_misc":{"Escrito por":"Gonzalo Schmidt","Tiempo de lectura":"1 minuto"},"schema":{"@context":"https:\/\/schema.org","@graph":[{"@type":"Article","@id":"https:\/\/informelitoral.com.ar\/se-desarrollo-un-nuevo-taller-de-compostaje-domiciliario-y-lombricultivos-en-ramirez\/#article","isPartOf":{"@id":"https:\/\/informelitoral.com.ar\/se-desarrollo-un-nuevo-taller-de-compostaje-domiciliario-y-lombricultivos-en-ramirez\/"},"author":{"name":"Gonzalo Schmidt","@id":"https:\/\/informelitoral.com.ar\/#\/schema\/person\/b9d00407c836482871ef1d57bf8e3180"},"headline":"Se desarroll\u00f3 un nuevo taller de compostaje domiciliario y lombricultivos en Ram\u00edrez","datePublished":"2021-11-18T11:01:43+00:00","dateModified":"2021-11-18T11:03:33+00:00","mainEntityOfPage":{"@id":"https:\/\/informelitoral.com.ar\/se-desarrollo-un-nuevo-taller-de-compostaje-domiciliario-y-lombricultivos-en-ramirez\/"},"wordCount":295,"commentCount":0,"publisher":{"@id":"https:\/\/informelitoral.com.ar\/#organization"},"image":{"@id":"https:\/\/informelitoral.com.ar\/se-desarrollo-un-nuevo-taller-de-compostaje-domiciliario-y-lombricultivos-en-ramirez\/#primaryimage"},"thumbnailUrl":"https:\/\/informelitoral.com.ar\/%77%70%2d%63%6f%6e%74%65%6e%74\/uploads\/2021\/11\/255607946_2069092353241676_7212220863961560467_n.jpg","keywords":["Ambiente","Compostaje domiciliario","General Ram\u00edrez","Ram\u00edrez"],"articleSection":["Departamento Diamante"],"inLanguage":"es","potentialAction":[{"@type":"CommentAction","name":"Comment","target":["https:\/\/informelitoral.com.ar\/se-desarrollo-un-nuevo-taller-de-compostaje-domiciliario-y-lombricultivos-en-ramirez\/#respond"]}]},{"@type":"WebPage","@id":"https:\/\/informelitoral.com.ar\/se-desarrollo-un-nuevo-taller-de-compostaje-domiciliario-y-lombricultivos-en-ramirez\/","url":"https:\/\/informelitoral.com.ar\/se-desarrollo-un-nuevo-taller-de-compostaje-domiciliario-y-lombricultivos-en-ramirez\/","name":"Se desarroll\u00f3 un nuevo taller de compostaje domiciliario y lombricultivos en Ram\u00edrez - Informe Litoral","isPartOf":{"@id":"https:\/\/informelitoral.com.ar\/#website"},"primaryImageOfPage":{"@id":"https:\/\/informelitoral.com.ar\/se-desarrollo-un-nuevo-taller-de-compostaje-domiciliario-y-lombricultivos-en-ramirez\/#primaryimage"},"image":{"@id":"https:\/\/informelitoral.com.ar\/se-desarrollo-un-nuevo-taller-de-compostaje-domiciliario-y-lombricultivos-en-ramirez\/#primaryimage"},"thumbnailUrl":"https:\/\/informelitoral.com.ar\/%77%70%2d%63%6f%6e%74%65%6e%74\/uploads\/2021\/11\/255607946_2069092353241676_7212220863961560467_n.jpg","datePublished":"2021-11-18T11:01:43+00:00","dateModified":"2021-11-18T11:03:33+00:00","breadcrumb":{"@id":"https:\/\/informelitoral.com.ar\/se-desarrollo-un-nuevo-taller-de-compostaje-domiciliario-y-lombricultivos-en-ramirez\/#breadcrumb"},"inLanguage":"es","potentialAction":[{"@type":"ReadAction","target":["https:\/\/informelitoral.com.ar\/se-desarrollo-un-nuevo-taller-de-compostaje-domiciliario-y-lombricultivos-en-ramirez\/"]}]},{"@type":"ImageObject","inLanguage":"es","@id":"https:\/\/informelitoral.com.ar\/se-desarrollo-un-nuevo-taller-de-compostaje-domiciliario-y-lombricultivos-en-ramirez\/#primaryimage","url":"https:\/\/informelitoral.com.ar\/%77%70%2d%63%6f%6e%74%65%6e%74\/uploads\/2021\/11\/255607946_2069092353241676_7212220863961560467_n.jpg","contentUrl":"https:\/\/informelitoral.com.ar\/%77%70%2d%63%6f%6e%74%65%6e%74\/uploads\/2021\/11\/255607946_2069092353241676_7212220863961560467_n.jpg","width":2048,"height":1365},{"@type":"BreadcrumbList","@id":"https:\/\/informelitoral.com.ar\/se-desarrollo-un-nuevo-taller-de-compostaje-domiciliario-y-lombricultivos-en-ramirez\/#breadcrumb","itemListElement":[{"@type":"ListItem","position":1,"name":"Portada","item":"https:\/\/informelitoral.com.ar\/"},{"@type":"ListItem","position":2,"name":"Se desarroll\u00f3 un nuevo taller de compostaje domiciliario y lombricultivos en Ram\u00edrez"}]},{"@type":"WebSite","@id":"https:\/\/informelitoral.com.ar\/#website","url":"https:\/\/informelitoral.com.ar\/","name":"Informe Litoral","description":"&quot;Nos informamos&quot; ","publisher":{"@id":"https:\/\/informelitoral.com.ar\/#organization"},"potentialAction":[{"@type":"SearchAction","target":{"@type":"EntryPoint","urlTemplate":"https:\/\/informelitoral.com.ar\/?s={search_term_string}"},"query-input":{"@type":"PropertyValueSpecification","valueRequired":true,"valueName":"search_term_string"}}],"inLanguage":"es"},{"@type":"Organization","@id":"https:\/\/informelitoral.com.ar\/#organization","name":"Informe Litoral","url":"https:\/\/informelitoral.com.ar\/","logo":{"@type":"ImageObject","inLanguage":"es","@id":"https:\/\/informelitoral.com.ar\/#\/schema\/logo\/image\/","url":"https:\/\/informelitoral.com.ar\/%77%70%2d%63%6f%6e%74%65%6e%74\/uploads\/2021\/01\/circulo.png","contentUrl":"https:\/\/informelitoral.com.ar\/%77%70%2d%63%6f%6e%74%65%6e%74\/uploads\/2021\/01\/circulo.png","width":723,"height":731,"caption":"Informe Litoral"},"image":{"@id":"https:\/\/informelitoral.com.ar\/#\/schema\/logo\/image\/"},"sameAs":["https:\/\/www.facebook.com\/informelitoral\/","https:\/\/x.com\/InformeLitoral","https:\/\/www.instagram.com\/informelitoral\/","https:\/\/www.youtube.com\/channel\/UCua4Qvz8Icb6MYqhoq9xLXw"]},{"@type":"Person","@id":"https:\/\/informelitoral.com.ar\/#\/schema\/person\/b9d00407c836482871ef1d57bf8e3180","name":"Gonzalo Schmidt","image":{"@type":"ImageObject","inLanguage":"es","@id":"https:\/\/secure.gravatar.com\/avatar\/31a1a7b66ff2de83bd0e9fd79d026630d2d99e55e8bfe501287647b4fd9743de?s=96&d=mm&r=g","url":"https:\/\/secure.gravatar.com\/avatar\/31a1a7b66ff2de83bd0e9fd79d026630d2d99e55e8bfe501287647b4fd9743de?s=96&d=mm&r=g","contentUrl":"https:\/\/secure.gravatar.com\/avatar\/31a1a7b66ff2de83bd0e9fd79d026630d2d99e55e8bfe501287647b4fd9743de?s=96&d=mm&r=g","caption":"Gonzalo Schmidt"},"description":"Sitio web de noticias de la provincia de Entre R\u00edos, Argentina. Informaci\u00f3n y entretenimiento. Informe Litoral, nos informamos.","sameAs":["http:\/\/www.isletasnoticias.com.ar"],"url":"https:\/\/informelitoral.com.ar\/author\/gonzalo\/"}]}},"_links":{"self":[{"href":"https:\/\/informelitoral.com.ar\/%77%70%2d%6a%73%6f%6e\/wp\/v2\/posts\/67766","targetHints":{"allow":["GET"]}}],"collection":[{"href":"https:\/\/informelitoral.com.ar\/%77%70%2d%6a%73%6f%6e\/wp\/v2\/posts"}],"about":[{"href":"https:\/\/informelitoral.com.ar\/%77%70%2d%6a%73%6f%6e\/wp\/v2\/types\/post"}],"author":[{"embeddable":true,"href":"https:\/\/informelitoral.com.ar\/%77%70%2d%6a%73%6f%6e\/wp\/v2\/users\/2"}],"replies":[{"embeddable":true,"href":"https:\/\/informelitoral.com.ar\/%77%70%2d%6a%73%6f%6e\/wp\/v2\/comments?post=67766"}],"version-history":[{"count":0,"href":"https:\/\/informelitoral.com.ar\/%77%70%2d%6a%73%6f%6e\/wp\/v2\/posts\/67766\/revisions"}],"wp:featuredmedia":[{"embeddable":true,"href":"https:\/\/informelitoral.com.ar\/%77%70%2d%6a%73%6f%6e\/wp\/v2\/media\/67770"}],"wp:attachment":[{"href":"https:\/\/informelitoral.com.ar\/%77%70%2d%6a%73%6f%6e\/wp\/v2\/media?parent=67766"}],"wp:term":[{"taxonomy":"category","embeddable":true,"href":"https:\/\/informelitoral.com.ar\/%77%70%2d%6a%73%6f%6e\/wp\/v2\/categories?post=67766"},{"taxonomy":"post_tag","embeddable":true,"href":"https:\/\/informelitoral.com.ar\/%77%70%2d%6a%73%6f%6e\/wp\/v2\/tags?post=67766"}],"curies":[{"name":"wp","href":"https:\/\/api.w.org\/{rel}","templated":true}]}}