{"id":6775,"date":"2014-05-06T22:41:23","date_gmt":"2014-05-07T01:41:23","guid":{"rendered":"http:\/\/www.isletasnoticias.com.ar\/?p=6775"},"modified":"2014-05-06T22:41:23","modified_gmt":"2014-05-07T01:41:23","slug":"el-campo-y-la-ciudad-los-temas-en-la-reunion-de-cristina-y-macri-en-olivos","status":"publish","type":"post","link":"https:\/\/informelitoral.com.ar\/el-campo-y-la-ciudad-los-temas-en-la-reunion-de-cristina-y-macri-en-olivos\/","title":{"rendered":"El campo y la Ciudad, los temas en la reuni\u00f3n de Cristina y Macri en Olivos"},"content":{"rendered":"<p style=\"text-align: left;\"><strong>La presidente y el jefe de Gobierno porte\u00f1o se encontraron este martes, durante la apertura de las oficinas locales de Facebook. La \u00faltima vez que se vieron en p\u00fablico fue en 2012.<a href=\"http:\/\/www.isletasnoticias.com.ar\/%77%70%2d%63%6f%6e%74%65%6e%74\/uploads\/2014\/05\/0004020649.jpg\"><img loading=\"lazy\" decoding=\"async\" class=\"aligncenter  wp-image-6776\" alt=\"0004020649\" src=\"http:\/\/www.isletasnoticias.com.ar\/%77%70%2d%63%6f%6e%74%65%6e%74\/uploads\/2014\/05\/0004020649-300x168.jpg\" width=\"500\" height=\"300\" \/><\/a><\/strong><\/p>\n<p>Fue un cruce breve y formal, rodeado por el respeto. No hubo oportunidades para el di\u00e1logo fluido aunque s\u00ed para un c\u00e1lido beso en la mejilla y una menci\u00f3n hacia el final del discurso de la presidente <strong>Cristina Kirchner<\/strong>: \u00abQuiero agradecer la presencia del jefe de Gobierno porte\u00f1o (<strong>Mauricio Macri<\/strong>)\u00bb.<\/p>\n<p>Luego, al mantener un di\u00e1logo con la prensa presente en las nuevas oficinas de Facebook en la Argentina, en el barrio porte\u00f1o de Retiro, Cristina revel\u00f3 que la \u00faltima vez que convers\u00f3 con el mandatario capitalino fue en persona en la Quinta de Olivos, no precis\u00f3 la fecha, aunque dej\u00f3 a entender que fue hace poco.<\/p>\n<p>\u00abLa \u00faltima charla que tuve con Macri fue en Olivos, directamente, creo que la segunda semana\u00bb, confirm\u00f3 la mandataria ante los periodistas y cont\u00f3 que en esa ocasi\u00f3n hablaron sobre la exportaci\u00f3n del trigo.<\/p>\n<p>Adem\u00e1s, explic\u00f3 que conversaron sobre la carne y que el jefe de Gobierno porte\u00f1o le dej\u00f3 una carpeta con sugerencias acerca del tema: \u00abMira que buena soy que hasta acepto sugerencias\u00bb, brome\u00f3.<\/p>\n<p>Cristina aclar\u00f3 que \u00abnunca estuvo mal\u00bb la relaci\u00f3n con el titular del ejecutivo porte\u00f1o. \u00abYo la verdad que hablo con todo el mundo que habla conmigo de buenos modos, de los mismos modos que tengo yo defiendo mis ideas, todo el mundo defiende sus ideas, siempre fue as\u00ed, lo que me gusta que todos lo hagan de la misma manera, fundamentalmente que cuenten la historia completa\u00bb, a\u00f1adi\u00f3.<\/p>\n<p>Por su parte, el mandatario capitalino recorri\u00f3 las oficinas, se sac\u00f3 una selfie con los empleados y form\u00f3 parte de la mesa central de los expositores, aunque no pronunci\u00f3 ning\u00fan discurso, consign\u00f3 <em>MunutoUno.<\/em><\/p>\n<p>\u00abEs algo bueno que Facebook haya abierto su oficina comercial m\u00e1s grande de Latinoam\u00e9rica en Buenos Aires. Es bueno por la creaci\u00f3n de puestos de trabajo y porque Facebook es un instrumento muy valioso como gobierno: nos permite estar comunicados con los vecinos y publicar la agenda cultural. Es una buena noticia\u00bb, hab\u00eda afirmado m\u00e1s temprano Macri.<\/p>\n<p>En cuanto al encuentro que se producir\u00eda con Cristina, explic\u00f3: \u00abNos invitaron y ah\u00ed vamos. Es en Tucum\u00e1n 1. Dicen que Cristina va, yo voy porque me invitaron. Estaba previsto que la Presidenta asista. Ojal\u00e1 sea una linda inauguraci\u00f3n y que Facebook traiga a otros\u00bb. La \u00faltima vez que Cristina y Macri se vieron en p\u00fablico fue en agosto de 2012, durante el acto de la Bolsa de Comercio.<\/p>\n<p>Facebook es la red social m\u00e1s grande del mundo. Tiene m\u00e1s de mil millones de usuarios en todo el globo que lo usan a diario, suben sus fotograf\u00edas y comparten sus pensamientos a trav\u00e9s del sitio y, como no puede ser de otra manera, hace tiempo que empez\u00f3 a abrir sedes en diferentes partes del mundo y la Argentina fue elegida para sus propias oficinas.<\/p>\n<p>La red social fue inscrita en la Inspecci\u00f3n General del justicia (IGJ) a fines de 2011 y abri\u00f3 sus oficinas tiempo despu\u00e9s. Hoy, en un acto que se realizar\u00e1 a las 19, la Presidenta ser\u00e1 la encargada de cortar la cinta y darle bienvenida a la red social.<\/p>\n<p>La oficina, que tiene un gigantesco panel en la entrada donde empleados y visitantes pueden dejar mensajes escritos en \u00e9l, se encuentra ubicada en el s\u00e9ptimo piso del edificio Rep\u00fablica, que fue ideado y llevado a cabo por el arquitecto C\u00e9sar Pelli. All\u00ed trabajan alrededor de 30 personas y es la tercera oficina que tiene en el Cono Sur, despu\u00e9s de Brasil y M\u00e9xico.<\/p>\n","protected":false},"excerpt":{"rendered":"<p>La presidente y el jefe de Gobierno porte&ntilde;o se encontraron este martes, durante la apertura de las oficinas locales de Facebook. La &uacute;ltima vez que se vieron en p&uacute;blico fue en 2012. Fue un cruce breve y formal, rodeado por el respeto. No hubo oportunidades para el di&aacute;logo fluido aunque s&iacute; para un c&aacute;lido beso [&hellip;]<\/p>\n","protected":false},"author":2,"featured_media":0,"comment_status":"open","ping_status":"open","sticky":false,"template":"","format":"standard","meta":{"fifu_image_url":"","fifu_image_alt":"","footnotes":""},"categories":[7,16],"tags":[],"class_list":{"0":"post-6775","1":"post","2":"type-post","3":"status-publish","4":"format-standard","6":"category-nacionales","7":"category-politi"},"yoast_head":"<title>El campo y la Ciudad, los temas en la reuni\u00f3n de Cristina y Macri en Olivos - Informe Litoral<\/title>\n<meta name=\"robots\" content=\"index, follow, max-snippet:-1, max-image-preview:large, max-video-preview:-1\" \/>\n<link rel=\"canonical\" href=\"https:\/\/informelitoral.com.ar\/el-campo-y-la-ciudad-los-temas-en-la-reunion-de-cristina-y-macri-en-olivos\/\" \/>\n<meta property=\"og:locale\" content=\"es_ES\" \/>\n<meta property=\"og:type\" content=\"article\" \/>\n<meta property=\"og:title\" content=\"El campo y la Ciudad, los temas en la reuni\u00f3n de Cristina y Macri en Olivos - Informe Litoral\" \/>\n<meta property=\"og:description\" content=\"La presidente y el jefe de Gobierno porte&ntilde;o se encontraron este martes, durante la apertura de las oficinas locales de Facebook. La &uacute;ltima vez que se vieron en p&uacute;blico fue en 2012. Fue un cruce breve y formal, rodeado por el respeto. No hubo oportunidades para el di&aacute;logo fluido aunque s&iacute; para un c&aacute;lido beso [&hellip;]\" \/>\n<meta property=\"og:url\" content=\"https:\/\/informelitoral.com.ar\/el-campo-y-la-ciudad-los-temas-en-la-reunion-de-cristina-y-macri-en-olivos\/\" \/>\n<meta property=\"og:site_name\" content=\"Informe Litoral\" \/>\n<meta property=\"article:publisher\" content=\"https:\/\/www.facebook.com\/informelitoral\/\" \/>\n<meta property=\"article:published_time\" content=\"2014-05-07T01:41:23+00:00\" \/>\n<meta property=\"og:image\" content=\"https:\/\/informelitoral.com.ar\/%77%70%2d%63%6f%6e%74%65%6e%74\/uploads\/2014\/05\/0004020649.jpg\" \/>\n\t<meta property=\"og:image:width\" content=\"602\" \/>\n\t<meta property=\"og:image:height\" content=\"338\" \/>\n\t<meta property=\"og:image:type\" content=\"image\/jpeg\" \/>\n<meta name=\"author\" content=\"Gonzalo Schmidt\" \/>\n<meta name=\"twitter:card\" content=\"summary_large_image\" \/>\n<meta name=\"twitter:creator\" content=\"@InformeLitoral\" \/>\n<meta name=\"twitter:site\" content=\"@InformeLitoral\" \/>\n<meta name=\"twitter:label1\" content=\"Escrito por\" \/>\n\t<meta name=\"twitter:data1\" content=\"Gonzalo Schmidt\" \/>\n\t<meta name=\"twitter:label2\" content=\"Tiempo de lectura\" \/>\n\t<meta name=\"twitter:data2\" content=\"3 minutos\" \/>\n<script type=\"application\/ld+json\" class=\"yoast-schema-graph\">{\"@context\":\"https:\\\/\\\/schema.org\",\"@graph\":[{\"@type\":\"Article\",\"@id\":\"https:\\\/\\\/informelitoral.com.ar\\\/el-campo-y-la-ciudad-los-temas-en-la-reunion-de-cristina-y-macri-en-olivos\\\/#article\",\"isPartOf\":{\"@id\":\"https:\\\/\\\/informelitoral.com.ar\\\/el-campo-y-la-ciudad-los-temas-en-la-reunion-de-cristina-y-macri-en-olivos\\\/\"},\"author\":{\"name\":\"Gonzalo Schmidt\",\"@id\":\"https:\\\/\\\/informelitoral.com.ar\\\/#\\\/schema\\\/person\\\/b9d00407c836482871ef1d57bf8e3180\"},\"headline\":\"El campo y la Ciudad, los temas en la reuni\u00f3n de Cristina y Macri en Olivos\",\"datePublished\":\"2014-05-07T01:41:23+00:00\",\"mainEntityOfPage\":{\"@id\":\"https:\\\/\\\/informelitoral.com.ar\\\/el-campo-y-la-ciudad-los-temas-en-la-reunion-de-cristina-y-macri-en-olivos\\\/\"},\"wordCount\":654,\"commentCount\":0,\"publisher\":{\"@id\":\"https:\\\/\\\/informelitoral.com.ar\\\/#organization\"},\"image\":{\"@id\":\"https:\\\/\\\/informelitoral.com.ar\\\/el-campo-y-la-ciudad-los-temas-en-la-reunion-de-cristina-y-macri-en-olivos\\\/#primaryimage\"},\"thumbnailUrl\":\"http:\\\/\\\/www.isletasnoticias.com.ar\\\/%77%70%2d%63%6f%6e%74%65%6e%74\\\/uploads\\\/2014\\\/05\\\/0004020649-300x168.jpg\",\"articleSection\":[\"Nacionales\",\"Politica\"],\"inLanguage\":\"es\",\"potentialAction\":[{\"@type\":\"CommentAction\",\"name\":\"Comment\",\"target\":[\"https:\\\/\\\/informelitoral.com.ar\\\/el-campo-y-la-ciudad-los-temas-en-la-reunion-de-cristina-y-macri-en-olivos\\\/#respond\"]}]},{\"@type\":\"WebPage\",\"@id\":\"https:\\\/\\\/informelitoral.com.ar\\\/el-campo-y-la-ciudad-los-temas-en-la-reunion-de-cristina-y-macri-en-olivos\\\/\",\"url\":\"https:\\\/\\\/informelitoral.com.ar\\\/el-campo-y-la-ciudad-los-temas-en-la-reunion-de-cristina-y-macri-en-olivos\\\/\",\"name\":\"El campo y la Ciudad, los temas en la reuni\u00f3n de Cristina y Macri en Olivos - Informe Litoral\",\"isPartOf\":{\"@id\":\"https:\\\/\\\/informelitoral.com.ar\\\/#website\"},\"primaryImageOfPage\":{\"@id\":\"https:\\\/\\\/informelitoral.com.ar\\\/el-campo-y-la-ciudad-los-temas-en-la-reunion-de-cristina-y-macri-en-olivos\\\/#primaryimage\"},\"image\":{\"@id\":\"https:\\\/\\\/informelitoral.com.ar\\\/el-campo-y-la-ciudad-los-temas-en-la-reunion-de-cristina-y-macri-en-olivos\\\/#primaryimage\"},\"thumbnailUrl\":\"http:\\\/\\\/www.isletasnoticias.com.ar\\\/%77%70%2d%63%6f%6e%74%65%6e%74\\\/uploads\\\/2014\\\/05\\\/0004020649-300x168.jpg\",\"datePublished\":\"2014-05-07T01:41:23+00:00\",\"breadcrumb\":{\"@id\":\"https:\\\/\\\/informelitoral.com.ar\\\/el-campo-y-la-ciudad-los-temas-en-la-reunion-de-cristina-y-macri-en-olivos\\\/#breadcrumb\"},\"inLanguage\":\"es\",\"potentialAction\":[{\"@type\":\"ReadAction\",\"target\":[\"https:\\\/\\\/informelitoral.com.ar\\\/el-campo-y-la-ciudad-los-temas-en-la-reunion-de-cristina-y-macri-en-olivos\\\/\"]}]},{\"@type\":\"ImageObject\",\"inLanguage\":\"es\",\"@id\":\"https:\\\/\\\/informelitoral.com.ar\\\/el-campo-y-la-ciudad-los-temas-en-la-reunion-de-cristina-y-macri-en-olivos\\\/#primaryimage\",\"url\":\"http:\\\/\\\/www.isletasnoticias.com.ar\\\/%77%70%2d%63%6f%6e%74%65%6e%74\\\/uploads\\\/2014\\\/05\\\/0004020649-300x168.jpg\",\"contentUrl\":\"http:\\\/\\\/www.isletasnoticias.com.ar\\\/%77%70%2d%63%6f%6e%74%65%6e%74\\\/uploads\\\/2014\\\/05\\\/0004020649-300x168.jpg\"},{\"@type\":\"BreadcrumbList\",\"@id\":\"https:\\\/\\\/informelitoral.com.ar\\\/el-campo-y-la-ciudad-los-temas-en-la-reunion-de-cristina-y-macri-en-olivos\\\/#breadcrumb\",\"itemListElement\":[{\"@type\":\"ListItem\",\"position\":1,\"name\":\"Portada\",\"item\":\"https:\\\/\\\/informelitoral.com.ar\\\/\"},{\"@type\":\"ListItem\",\"position\":2,\"name\":\"El campo y la Ciudad, los temas en la reuni\u00f3n de Cristina y Macri en Olivos\"}]},{\"@type\":\"WebSite\",\"@id\":\"https:\\\/\\\/informelitoral.com.ar\\\/#website\",\"url\":\"https:\\\/\\\/informelitoral.com.ar\\\/\",\"name\":\"Informe Litoral\",\"description\":\"&quot;Nos informamos&quot; \",\"publisher\":{\"@id\":\"https:\\\/\\\/informelitoral.com.ar\\\/#organization\"},\"potentialAction\":[{\"@type\":\"SearchAction\",\"target\":{\"@type\":\"EntryPoint\",\"urlTemplate\":\"https:\\\/\\\/informelitoral.com.ar\\\/?s={search_term_string}\"},\"query-input\":{\"@type\":\"PropertyValueSpecification\",\"valueRequired\":true,\"valueName\":\"search_term_string\"}}],\"inLanguage\":\"es\"},{\"@type\":\"Organization\",\"@id\":\"https:\\\/\\\/informelitoral.com.ar\\\/#organization\",\"name\":\"Informe Litoral\",\"url\":\"https:\\\/\\\/informelitoral.com.ar\\\/\",\"logo\":{\"@type\":\"ImageObject\",\"inLanguage\":\"es\",\"@id\":\"https:\\\/\\\/informelitoral.com.ar\\\/#\\\/schema\\\/logo\\\/image\\\/\",\"url\":\"https:\\\/\\\/informelitoral.com.ar\\\/%77%70%2d%63%6f%6e%74%65%6e%74\\\/uploads\\\/2021\\\/01\\\/circulo.png\",\"contentUrl\":\"https:\\\/\\\/informelitoral.com.ar\\\/%77%70%2d%63%6f%6e%74%65%6e%74\\\/uploads\\\/2021\\\/01\\\/circulo.png\",\"width\":723,\"height\":731,\"caption\":\"Informe Litoral\"},\"image\":{\"@id\":\"https:\\\/\\\/informelitoral.com.ar\\\/#\\\/schema\\\/logo\\\/image\\\/\"},\"sameAs\":[\"https:\\\/\\\/www.facebook.com\\\/informelitoral\\\/\",\"https:\\\/\\\/x.com\\\/InformeLitoral\",\"https:\\\/\\\/www.instagram.com\\\/informelitoral\\\/\",\"https:\\\/\\\/www.youtube.com\\\/channel\\\/UCua4Qvz8Icb6MYqhoq9xLXw\"]},{\"@type\":\"Person\",\"@id\":\"https:\\\/\\\/informelitoral.com.ar\\\/#\\\/schema\\\/person\\\/b9d00407c836482871ef1d57bf8e3180\",\"name\":\"Gonzalo Schmidt\",\"image\":{\"@type\":\"ImageObject\",\"inLanguage\":\"es\",\"@id\":\"https:\\\/\\\/secure.gravatar.com\\\/avatar\\\/31a1a7b66ff2de83bd0e9fd79d026630d2d99e55e8bfe501287647b4fd9743de?s=96&d=mm&r=g\",\"url\":\"https:\\\/\\\/secure.gravatar.com\\\/avatar\\\/31a1a7b66ff2de83bd0e9fd79d026630d2d99e55e8bfe501287647b4fd9743de?s=96&d=mm&r=g\",\"contentUrl\":\"https:\\\/\\\/secure.gravatar.com\\\/avatar\\\/31a1a7b66ff2de83bd0e9fd79d026630d2d99e55e8bfe501287647b4fd9743de?s=96&d=mm&r=g\",\"caption\":\"Gonzalo Schmidt\"},\"description\":\"Sitio web de noticias de la provincia de Entre R\u00edos, Argentina. Informaci\u00f3n y entretenimiento. Informe Litoral, nos informamos.\",\"sameAs\":[\"http:\\\/\\\/www.isletasnoticias.com.ar\"],\"url\":\"https:\\\/\\\/informelitoral.com.ar\\\/author\\\/gonzalo\\\/\"}]}<\/script>","yoast_head_json":{"title":"El campo y la Ciudad, los temas en la reuni\u00f3n de Cristina y Macri en Olivos - Informe Litoral","robots":{"index":"index","follow":"follow","max-snippet":"max-snippet:-1","max-image-preview":"max-image-preview:large","max-video-preview":"max-video-preview:-1"},"canonical":"https:\/\/informelitoral.com.ar\/el-campo-y-la-ciudad-los-temas-en-la-reunion-de-cristina-y-macri-en-olivos\/","og_locale":"es_ES","og_type":"article","og_title":"El campo y la Ciudad, los temas en la reuni\u00f3n de Cristina y Macri en Olivos - Informe Litoral","og_description":"La presidente y el jefe de Gobierno porte&ntilde;o se encontraron este martes, durante la apertura de las oficinas locales de Facebook. La &uacute;ltima vez que se vieron en p&uacute;blico fue en 2012. Fue un cruce breve y formal, rodeado por el respeto. No hubo oportunidades para el di&aacute;logo fluido aunque s&iacute; para un c&aacute;lido beso [&hellip;]","og_url":"https:\/\/informelitoral.com.ar\/el-campo-y-la-ciudad-los-temas-en-la-reunion-de-cristina-y-macri-en-olivos\/","og_site_name":"Informe Litoral","article_publisher":"https:\/\/www.facebook.com\/informelitoral\/","article_published_time":"2014-05-07T01:41:23+00:00","og_image":[{"width":602,"height":338,"url":"https:\/\/informelitoral.com.ar\/%77%70%2d%63%6f%6e%74%65%6e%74\/uploads\/2014\/05\/0004020649.jpg","type":"image\/jpeg"}],"author":"Gonzalo Schmidt","twitter_card":"summary_large_image","twitter_creator":"@InformeLitoral","twitter_site":"@InformeLitoral","twitter_misc":{"Escrito por":"Gonzalo Schmidt","Tiempo de lectura":"3 minutos"},"schema":{"@context":"https:\/\/schema.org","@graph":[{"@type":"Article","@id":"https:\/\/informelitoral.com.ar\/el-campo-y-la-ciudad-los-temas-en-la-reunion-de-cristina-y-macri-en-olivos\/#article","isPartOf":{"@id":"https:\/\/informelitoral.com.ar\/el-campo-y-la-ciudad-los-temas-en-la-reunion-de-cristina-y-macri-en-olivos\/"},"author":{"name":"Gonzalo Schmidt","@id":"https:\/\/informelitoral.com.ar\/#\/schema\/person\/b9d00407c836482871ef1d57bf8e3180"},"headline":"El campo y la Ciudad, los temas en la reuni\u00f3n de Cristina y Macri en Olivos","datePublished":"2014-05-07T01:41:23+00:00","mainEntityOfPage":{"@id":"https:\/\/informelitoral.com.ar\/el-campo-y-la-ciudad-los-temas-en-la-reunion-de-cristina-y-macri-en-olivos\/"},"wordCount":654,"commentCount":0,"publisher":{"@id":"https:\/\/informelitoral.com.ar\/#organization"},"image":{"@id":"https:\/\/informelitoral.com.ar\/el-campo-y-la-ciudad-los-temas-en-la-reunion-de-cristina-y-macri-en-olivos\/#primaryimage"},"thumbnailUrl":"http:\/\/www.isletasnoticias.com.ar\/%77%70%2d%63%6f%6e%74%65%6e%74\/uploads\/2014\/05\/0004020649-300x168.jpg","articleSection":["Nacionales","Politica"],"inLanguage":"es","potentialAction":[{"@type":"CommentAction","name":"Comment","target":["https:\/\/informelitoral.com.ar\/el-campo-y-la-ciudad-los-temas-en-la-reunion-de-cristina-y-macri-en-olivos\/#respond"]}]},{"@type":"WebPage","@id":"https:\/\/informelitoral.com.ar\/el-campo-y-la-ciudad-los-temas-en-la-reunion-de-cristina-y-macri-en-olivos\/","url":"https:\/\/informelitoral.com.ar\/el-campo-y-la-ciudad-los-temas-en-la-reunion-de-cristina-y-macri-en-olivos\/","name":"El campo y la Ciudad, los temas en la reuni\u00f3n de Cristina y Macri en Olivos - Informe Litoral","isPartOf":{"@id":"https:\/\/informelitoral.com.ar\/#website"},"primaryImageOfPage":{"@id":"https:\/\/informelitoral.com.ar\/el-campo-y-la-ciudad-los-temas-en-la-reunion-de-cristina-y-macri-en-olivos\/#primaryimage"},"image":{"@id":"https:\/\/informelitoral.com.ar\/el-campo-y-la-ciudad-los-temas-en-la-reunion-de-cristina-y-macri-en-olivos\/#primaryimage"},"thumbnailUrl":"http:\/\/www.isletasnoticias.com.ar\/%77%70%2d%63%6f%6e%74%65%6e%74\/uploads\/2014\/05\/0004020649-300x168.jpg","datePublished":"2014-05-07T01:41:23+00:00","breadcrumb":{"@id":"https:\/\/informelitoral.com.ar\/el-campo-y-la-ciudad-los-temas-en-la-reunion-de-cristina-y-macri-en-olivos\/#breadcrumb"},"inLanguage":"es","potentialAction":[{"@type":"ReadAction","target":["https:\/\/informelitoral.com.ar\/el-campo-y-la-ciudad-los-temas-en-la-reunion-de-cristina-y-macri-en-olivos\/"]}]},{"@type":"ImageObject","inLanguage":"es","@id":"https:\/\/informelitoral.com.ar\/el-campo-y-la-ciudad-los-temas-en-la-reunion-de-cristina-y-macri-en-olivos\/#primaryimage","url":"http:\/\/www.isletasnoticias.com.ar\/%77%70%2d%63%6f%6e%74%65%6e%74\/uploads\/2014\/05\/0004020649-300x168.jpg","contentUrl":"http:\/\/www.isletasnoticias.com.ar\/%77%70%2d%63%6f%6e%74%65%6e%74\/uploads\/2014\/05\/0004020649-300x168.jpg"},{"@type":"BreadcrumbList","@id":"https:\/\/informelitoral.com.ar\/el-campo-y-la-ciudad-los-temas-en-la-reunion-de-cristina-y-macri-en-olivos\/#breadcrumb","itemListElement":[{"@type":"ListItem","position":1,"name":"Portada","item":"https:\/\/informelitoral.com.ar\/"},{"@type":"ListItem","position":2,"name":"El campo y la Ciudad, los temas en la reuni\u00f3n de Cristina y Macri en Olivos"}]},{"@type":"WebSite","@id":"https:\/\/informelitoral.com.ar\/#website","url":"https:\/\/informelitoral.com.ar\/","name":"Informe Litoral","description":"&quot;Nos informamos&quot; ","publisher":{"@id":"https:\/\/informelitoral.com.ar\/#organization"},"potentialAction":[{"@type":"SearchAction","target":{"@type":"EntryPoint","urlTemplate":"https:\/\/informelitoral.com.ar\/?s={search_term_string}"},"query-input":{"@type":"PropertyValueSpecification","valueRequired":true,"valueName":"search_term_string"}}],"inLanguage":"es"},{"@type":"Organization","@id":"https:\/\/informelitoral.com.ar\/#organization","name":"Informe Litoral","url":"https:\/\/informelitoral.com.ar\/","logo":{"@type":"ImageObject","inLanguage":"es","@id":"https:\/\/informelitoral.com.ar\/#\/schema\/logo\/image\/","url":"https:\/\/informelitoral.com.ar\/%77%70%2d%63%6f%6e%74%65%6e%74\/uploads\/2021\/01\/circulo.png","contentUrl":"https:\/\/informelitoral.com.ar\/%77%70%2d%63%6f%6e%74%65%6e%74\/uploads\/2021\/01\/circulo.png","width":723,"height":731,"caption":"Informe Litoral"},"image":{"@id":"https:\/\/informelitoral.com.ar\/#\/schema\/logo\/image\/"},"sameAs":["https:\/\/www.facebook.com\/informelitoral\/","https:\/\/x.com\/InformeLitoral","https:\/\/www.instagram.com\/informelitoral\/","https:\/\/www.youtube.com\/channel\/UCua4Qvz8Icb6MYqhoq9xLXw"]},{"@type":"Person","@id":"https:\/\/informelitoral.com.ar\/#\/schema\/person\/b9d00407c836482871ef1d57bf8e3180","name":"Gonzalo Schmidt","image":{"@type":"ImageObject","inLanguage":"es","@id":"https:\/\/secure.gravatar.com\/avatar\/31a1a7b66ff2de83bd0e9fd79d026630d2d99e55e8bfe501287647b4fd9743de?s=96&d=mm&r=g","url":"https:\/\/secure.gravatar.com\/avatar\/31a1a7b66ff2de83bd0e9fd79d026630d2d99e55e8bfe501287647b4fd9743de?s=96&d=mm&r=g","contentUrl":"https:\/\/secure.gravatar.com\/avatar\/31a1a7b66ff2de83bd0e9fd79d026630d2d99e55e8bfe501287647b4fd9743de?s=96&d=mm&r=g","caption":"Gonzalo Schmidt"},"description":"Sitio web de noticias de la provincia de Entre R\u00edos, Argentina. Informaci\u00f3n y entretenimiento. Informe Litoral, nos informamos.","sameAs":["http:\/\/www.isletasnoticias.com.ar"],"url":"https:\/\/informelitoral.com.ar\/author\/gonzalo\/"}]}},"_links":{"self":[{"href":"https:\/\/informelitoral.com.ar\/%77%70%2d%6a%73%6f%6e\/wp\/v2\/posts\/6775","targetHints":{"allow":["GET"]}}],"collection":[{"href":"https:\/\/informelitoral.com.ar\/%77%70%2d%6a%73%6f%6e\/wp\/v2\/posts"}],"about":[{"href":"https:\/\/informelitoral.com.ar\/%77%70%2d%6a%73%6f%6e\/wp\/v2\/types\/post"}],"author":[{"embeddable":true,"href":"https:\/\/informelitoral.com.ar\/%77%70%2d%6a%73%6f%6e\/wp\/v2\/users\/2"}],"replies":[{"embeddable":true,"href":"https:\/\/informelitoral.com.ar\/%77%70%2d%6a%73%6f%6e\/wp\/v2\/comments?post=6775"}],"version-history":[{"count":0,"href":"https:\/\/informelitoral.com.ar\/%77%70%2d%6a%73%6f%6e\/wp\/v2\/posts\/6775\/revisions"}],"wp:attachment":[{"href":"https:\/\/informelitoral.com.ar\/%77%70%2d%6a%73%6f%6e\/wp\/v2\/media?parent=6775"}],"wp:term":[{"taxonomy":"category","embeddable":true,"href":"https:\/\/informelitoral.com.ar\/%77%70%2d%6a%73%6f%6e\/wp\/v2\/categories?post=6775"},{"taxonomy":"post_tag","embeddable":true,"href":"https:\/\/informelitoral.com.ar\/%77%70%2d%6a%73%6f%6e\/wp\/v2\/tags?post=6775"}],"curies":[{"name":"wp","href":"https:\/\/api.w.org\/{rel}","templated":true}]}}