{"id":67734,"date":"2021-11-17T20:12:36","date_gmt":"2021-11-17T23:12:36","guid":{"rendered":"https:\/\/www.informelitoral.com.ar\/?p=67734"},"modified":"2021-11-17T20:12:36","modified_gmt":"2021-11-17T23:12:36","slug":"precios-congelados-en-la-provincia-estan-los-productos-pero-falta-senalizacion","status":"publish","type":"post","link":"https:\/\/informelitoral.com.ar\/precios-congelados-en-la-provincia-estan-los-productos-pero-falta-senalizacion\/","title":{"rendered":"Precios congelados: En la provincia est\u00e1n los productos, pero falta se\u00f1alizaci\u00f3n"},"content":{"rendered":"<p>Luciano indic\u00f3 que los controles actualmente se realizan sobre \u201ccasi 90 sucursales de las grandes cadenas distribuidas en la provincia\u201d y asegur\u00f3 que el resultado \u201ces muy positivo hasta ahora\u201d. En ese sentido sostuvo que en las g\u00f3ndolas \u201cest\u00e1n los productos\u201d y si bien afirm\u00f3 que \u201chay se\u00f1alizaci\u00f3n\u201d de los Precios Cuidados, acot\u00f3 que \u201ctodav\u00eda es insuficiente\u201d. \u201cEs uno de los principales problemas que hemos encontrado\u201d, asever\u00f3.<\/p>\n<p>De todos modos sostuvo: \u201cLo importante es que los productos est\u00e1n presentes y est\u00e1n al precio que establece la normativa\u201d.<\/p>\n<p>Coment\u00f3 que a los controles diarios los realiza cada municipio, ya que comparten con la Provincia las facultades para hacerlos. El funcionario acot\u00f3 que los municipios \u201ctienen la capacidad operativa para hacer las inspecciones y para el juzgamiento de aquellas infracciones que se detecten\u201d. Adem\u00e1s se hicieron capacitaciones dirigidas a las comunas y \u201cse elaboraron instrumentos para que sea m\u00e1s f\u00e1cil su aplicaci\u00f3n\u201d.<\/p>\n<p>Al mismo tiempo, personal del organismo provincial recorre las distintas ciudades para hacer los controles. \u201cVenimos bien, con un ritmo sostenido no solo en Paran\u00e1 sino tambi\u00e9n en varias localidades\u201d, asegur\u00f3 Luciano en relaci\u00f3n a esos recorridos. \u201cHasta el d\u00eda de la fecha estuvimos en Diamante, Victoria, Gualeguay, Larroque, Gualeguaych\u00fa, Villaguay, Concordia, Federaci\u00f3n, Chajar\u00ed, Hernandarias, Santa Elena, La Paz y Feliciano. Y ma\u00f1ana vamos para la zona de Concepci\u00f3n del Uruguay\u201d, enumer\u00f3.<\/p>\n<p>(Fuente: APF)<\/p>\n","protected":false},"excerpt":{"rendered":"<p>Lo inform\u00f3 el director de Defensa del Consumidor de la provincia, Pablo Luciano \u00b7 Asegur\u00f3 que en las g\u00f3ndolas \u201cest\u00e1n los productos\u201d incluidos en el programa, pero \u201ctodav\u00eda es insuficiente\u201d su se\u00f1alizaci\u00f3n \u00b7 En Entre R\u00edos se controla el cumplimiento del congelamiento de precios en alrededor de 90 sucursales de las grandes cadenas de supermercado<\/p>\n","protected":false},"author":8,"featured_media":27683,"comment_status":"open","ping_status":"open","sticky":false,"template":"","format":"standard","meta":{"fifu_image_url":"","fifu_image_alt":"","footnotes":""},"categories":[6],"tags":[2553,81,2554],"class_list":{"0":"post-67734","1":"post","2":"type-post","3":"status-publish","4":"format-standard","5":"has-post-thumbnail","7":"category-entre-rios","8":"tag-control-de-precios","9":"tag-entre-rios","10":"tag-vigencia"},"yoast_head":"<title>Precios congelados: En la provincia est\u00e1n los productos, pero falta se\u00f1alizaci\u00f3n - Informe Litoral<\/title>\n<meta name=\"robots\" content=\"index, follow, max-snippet:-1, max-image-preview:large, max-video-preview:-1\" \/>\n<link rel=\"canonical\" href=\"https:\/\/informelitoral.com.ar\/precios-congelados-en-la-provincia-estan-los-productos-pero-falta-senalizacion\/\" \/>\n<meta property=\"og:locale\" content=\"es_ES\" \/>\n<meta property=\"og:type\" content=\"article\" \/>\n<meta property=\"og:title\" content=\"Precios congelados: En la provincia est\u00e1n los productos, pero falta se\u00f1alizaci\u00f3n - Informe Litoral\" \/>\n<meta property=\"og:description\" content=\"Lo inform\u00f3 el director de Defensa del Consumidor de la provincia, Pablo Luciano \u00b7 Asegur\u00f3 que en las g\u00f3ndolas \u201cest\u00e1n los productos\u201d incluidos en el programa, pero \u201ctodav\u00eda es insuficiente\u201d su se\u00f1alizaci\u00f3n \u00b7 En Entre R\u00edos se controla el cumplimiento del congelamiento de precios en alrededor de 90 sucursales de las grandes cadenas de supermercado\" \/>\n<meta property=\"og:url\" content=\"https:\/\/informelitoral.com.ar\/precios-congelados-en-la-provincia-estan-los-productos-pero-falta-senalizacion\/\" \/>\n<meta property=\"og:site_name\" content=\"Informe Litoral\" \/>\n<meta property=\"article:publisher\" content=\"https:\/\/www.facebook.com\/informelitoral\/\" \/>\n<meta property=\"article:published_time\" content=\"2021-11-17T23:12:36+00:00\" \/>\n<meta property=\"og:image\" content=\"https:\/\/informelitoral.com.ar\/%77%70%2d%63%6f%6e%74%65%6e%74\/uploads\/2018\/06\/carro-supermercado-vacio.jpg\" \/>\n\t<meta property=\"og:image:width\" content=\"630\" \/>\n\t<meta property=\"og:image:height\" content=\"460\" \/>\n\t<meta property=\"og:image:type\" content=\"image\/jpeg\" \/>\n<meta name=\"author\" content=\"Sebastian\" \/>\n<meta name=\"twitter:card\" content=\"summary_large_image\" \/>\n<meta name=\"twitter:creator\" content=\"@InformeLitoral\" \/>\n<meta name=\"twitter:site\" content=\"@InformeLitoral\" \/>\n<meta name=\"twitter:label1\" content=\"Escrito por\" \/>\n\t<meta name=\"twitter:data1\" content=\"Sebastian\" \/>\n\t<meta name=\"twitter:label2\" content=\"Tiempo de lectura\" \/>\n\t<meta name=\"twitter:data2\" content=\"1 minuto\" \/>\n<script type=\"application\/ld+json\" class=\"yoast-schema-graph\">{\"@context\":\"https:\\\/\\\/schema.org\",\"@graph\":[{\"@type\":\"Article\",\"@id\":\"https:\\\/\\\/informelitoral.com.ar\\\/precios-congelados-en-la-provincia-estan-los-productos-pero-falta-senalizacion\\\/#article\",\"isPartOf\":{\"@id\":\"https:\\\/\\\/informelitoral.com.ar\\\/precios-congelados-en-la-provincia-estan-los-productos-pero-falta-senalizacion\\\/\"},\"author\":{\"name\":\"Sebastian\",\"@id\":\"https:\\\/\\\/informelitoral.com.ar\\\/#\\\/schema\\\/person\\\/f05f9f461677119578717524b127d6d5\"},\"headline\":\"Precios congelados: En la provincia est\u00e1n los productos, pero falta se\u00f1alizaci\u00f3n\",\"datePublished\":\"2021-11-17T23:12:36+00:00\",\"mainEntityOfPage\":{\"@id\":\"https:\\\/\\\/informelitoral.com.ar\\\/precios-congelados-en-la-provincia-estan-los-productos-pero-falta-senalizacion\\\/\"},\"wordCount\":254,\"commentCount\":0,\"publisher\":{\"@id\":\"https:\\\/\\\/informelitoral.com.ar\\\/#organization\"},\"image\":{\"@id\":\"https:\\\/\\\/informelitoral.com.ar\\\/precios-congelados-en-la-provincia-estan-los-productos-pero-falta-senalizacion\\\/#primaryimage\"},\"thumbnailUrl\":\"https:\\\/\\\/informelitoral.com.ar\\\/%77%70%2d%63%6f%6e%74%65%6e%74\\\/uploads\\\/2018\\\/06\\\/carro-supermercado-vacio.jpg\",\"keywords\":[\"Control de Precios\",\"Entre R\u00edos\",\"Vigencia\"],\"articleSection\":[\"Entre R\u00edos\"],\"inLanguage\":\"es\",\"potentialAction\":[{\"@type\":\"CommentAction\",\"name\":\"Comment\",\"target\":[\"https:\\\/\\\/informelitoral.com.ar\\\/precios-congelados-en-la-provincia-estan-los-productos-pero-falta-senalizacion\\\/#respond\"]}]},{\"@type\":\"WebPage\",\"@id\":\"https:\\\/\\\/informelitoral.com.ar\\\/precios-congelados-en-la-provincia-estan-los-productos-pero-falta-senalizacion\\\/\",\"url\":\"https:\\\/\\\/informelitoral.com.ar\\\/precios-congelados-en-la-provincia-estan-los-productos-pero-falta-senalizacion\\\/\",\"name\":\"Precios congelados: En la provincia est\u00e1n los productos, pero falta se\u00f1alizaci\u00f3n - Informe Litoral\",\"isPartOf\":{\"@id\":\"https:\\\/\\\/informelitoral.com.ar\\\/#website\"},\"primaryImageOfPage\":{\"@id\":\"https:\\\/\\\/informelitoral.com.ar\\\/precios-congelados-en-la-provincia-estan-los-productos-pero-falta-senalizacion\\\/#primaryimage\"},\"image\":{\"@id\":\"https:\\\/\\\/informelitoral.com.ar\\\/precios-congelados-en-la-provincia-estan-los-productos-pero-falta-senalizacion\\\/#primaryimage\"},\"thumbnailUrl\":\"https:\\\/\\\/informelitoral.com.ar\\\/%77%70%2d%63%6f%6e%74%65%6e%74\\\/uploads\\\/2018\\\/06\\\/carro-supermercado-vacio.jpg\",\"datePublished\":\"2021-11-17T23:12:36+00:00\",\"breadcrumb\":{\"@id\":\"https:\\\/\\\/informelitoral.com.ar\\\/precios-congelados-en-la-provincia-estan-los-productos-pero-falta-senalizacion\\\/#breadcrumb\"},\"inLanguage\":\"es\",\"potentialAction\":[{\"@type\":\"ReadAction\",\"target\":[\"https:\\\/\\\/informelitoral.com.ar\\\/precios-congelados-en-la-provincia-estan-los-productos-pero-falta-senalizacion\\\/\"]}]},{\"@type\":\"ImageObject\",\"inLanguage\":\"es\",\"@id\":\"https:\\\/\\\/informelitoral.com.ar\\\/precios-congelados-en-la-provincia-estan-los-productos-pero-falta-senalizacion\\\/#primaryimage\",\"url\":\"https:\\\/\\\/informelitoral.com.ar\\\/%77%70%2d%63%6f%6e%74%65%6e%74\\\/uploads\\\/2018\\\/06\\\/carro-supermercado-vacio.jpg\",\"contentUrl\":\"https:\\\/\\\/informelitoral.com.ar\\\/%77%70%2d%63%6f%6e%74%65%6e%74\\\/uploads\\\/2018\\\/06\\\/carro-supermercado-vacio.jpg\",\"width\":630,\"height\":460},{\"@type\":\"BreadcrumbList\",\"@id\":\"https:\\\/\\\/informelitoral.com.ar\\\/precios-congelados-en-la-provincia-estan-los-productos-pero-falta-senalizacion\\\/#breadcrumb\",\"itemListElement\":[{\"@type\":\"ListItem\",\"position\":1,\"name\":\"Portada\",\"item\":\"https:\\\/\\\/informelitoral.com.ar\\\/\"},{\"@type\":\"ListItem\",\"position\":2,\"name\":\"Precios congelados: En la provincia est\u00e1n los productos, pero falta se\u00f1alizaci\u00f3n\"}]},{\"@type\":\"WebSite\",\"@id\":\"https:\\\/\\\/informelitoral.com.ar\\\/#website\",\"url\":\"https:\\\/\\\/informelitoral.com.ar\\\/\",\"name\":\"Informe Litoral\",\"description\":\"&quot;Nos informamos&quot; \",\"publisher\":{\"@id\":\"https:\\\/\\\/informelitoral.com.ar\\\/#organization\"},\"potentialAction\":[{\"@type\":\"SearchAction\",\"target\":{\"@type\":\"EntryPoint\",\"urlTemplate\":\"https:\\\/\\\/informelitoral.com.ar\\\/?s={search_term_string}\"},\"query-input\":{\"@type\":\"PropertyValueSpecification\",\"valueRequired\":true,\"valueName\":\"search_term_string\"}}],\"inLanguage\":\"es\"},{\"@type\":\"Organization\",\"@id\":\"https:\\\/\\\/informelitoral.com.ar\\\/#organization\",\"name\":\"Informe Litoral\",\"url\":\"https:\\\/\\\/informelitoral.com.ar\\\/\",\"logo\":{\"@type\":\"ImageObject\",\"inLanguage\":\"es\",\"@id\":\"https:\\\/\\\/informelitoral.com.ar\\\/#\\\/schema\\\/logo\\\/image\\\/\",\"url\":\"https:\\\/\\\/informelitoral.com.ar\\\/%77%70%2d%63%6f%6e%74%65%6e%74\\\/uploads\\\/2021\\\/01\\\/circulo.png\",\"contentUrl\":\"https:\\\/\\\/informelitoral.com.ar\\\/%77%70%2d%63%6f%6e%74%65%6e%74\\\/uploads\\\/2021\\\/01\\\/circulo.png\",\"width\":723,\"height\":731,\"caption\":\"Informe Litoral\"},\"image\":{\"@id\":\"https:\\\/\\\/informelitoral.com.ar\\\/#\\\/schema\\\/logo\\\/image\\\/\"},\"sameAs\":[\"https:\\\/\\\/www.facebook.com\\\/informelitoral\\\/\",\"https:\\\/\\\/x.com\\\/InformeLitoral\",\"https:\\\/\\\/www.instagram.com\\\/informelitoral\\\/\",\"https:\\\/\\\/www.youtube.com\\\/channel\\\/UCua4Qvz8Icb6MYqhoq9xLXw\"]},{\"@type\":\"Person\",\"@id\":\"https:\\\/\\\/informelitoral.com.ar\\\/#\\\/schema\\\/person\\\/f05f9f461677119578717524b127d6d5\",\"name\":\"Sebastian\",\"image\":{\"@type\":\"ImageObject\",\"inLanguage\":\"es\",\"@id\":\"https:\\\/\\\/secure.gravatar.com\\\/avatar\\\/b71bf7481d447dfb9583c7f2798e7cc64de6efb9067b74633ed8c31059a3bd82?s=96&d=mm&r=g\",\"url\":\"https:\\\/\\\/secure.gravatar.com\\\/avatar\\\/b71bf7481d447dfb9583c7f2798e7cc64de6efb9067b74633ed8c31059a3bd82?s=96&d=mm&r=g\",\"contentUrl\":\"https:\\\/\\\/secure.gravatar.com\\\/avatar\\\/b71bf7481d447dfb9583c7f2798e7cc64de6efb9067b74633ed8c31059a3bd82?s=96&d=mm&r=g\",\"caption\":\"Sebastian\"},\"url\":\"https:\\\/\\\/informelitoral.com.ar\\\/author\\\/sebastian\\\/\"}]}<\/script>","yoast_head_json":{"title":"Precios congelados: En la provincia est\u00e1n los productos, pero falta se\u00f1alizaci\u00f3n - Informe Litoral","robots":{"index":"index","follow":"follow","max-snippet":"max-snippet:-1","max-image-preview":"max-image-preview:large","max-video-preview":"max-video-preview:-1"},"canonical":"https:\/\/informelitoral.com.ar\/precios-congelados-en-la-provincia-estan-los-productos-pero-falta-senalizacion\/","og_locale":"es_ES","og_type":"article","og_title":"Precios congelados: En la provincia est\u00e1n los productos, pero falta se\u00f1alizaci\u00f3n - Informe Litoral","og_description":"Lo inform\u00f3 el director de Defensa del Consumidor de la provincia, Pablo Luciano \u00b7 Asegur\u00f3 que en las g\u00f3ndolas \u201cest\u00e1n los productos\u201d incluidos en el programa, pero \u201ctodav\u00eda es insuficiente\u201d su se\u00f1alizaci\u00f3n \u00b7 En Entre R\u00edos se controla el cumplimiento del congelamiento de precios en alrededor de 90 sucursales de las grandes cadenas de supermercado","og_url":"https:\/\/informelitoral.com.ar\/precios-congelados-en-la-provincia-estan-los-productos-pero-falta-senalizacion\/","og_site_name":"Informe Litoral","article_publisher":"https:\/\/www.facebook.com\/informelitoral\/","article_published_time":"2021-11-17T23:12:36+00:00","og_image":[{"width":630,"height":460,"url":"https:\/\/informelitoral.com.ar\/%77%70%2d%63%6f%6e%74%65%6e%74\/uploads\/2018\/06\/carro-supermercado-vacio.jpg","type":"image\/jpeg"}],"author":"Sebastian","twitter_card":"summary_large_image","twitter_creator":"@InformeLitoral","twitter_site":"@InformeLitoral","twitter_misc":{"Escrito por":"Sebastian","Tiempo de lectura":"1 minuto"},"schema":{"@context":"https:\/\/schema.org","@graph":[{"@type":"Article","@id":"https:\/\/informelitoral.com.ar\/precios-congelados-en-la-provincia-estan-los-productos-pero-falta-senalizacion\/#article","isPartOf":{"@id":"https:\/\/informelitoral.com.ar\/precios-congelados-en-la-provincia-estan-los-productos-pero-falta-senalizacion\/"},"author":{"name":"Sebastian","@id":"https:\/\/informelitoral.com.ar\/#\/schema\/person\/f05f9f461677119578717524b127d6d5"},"headline":"Precios congelados: En la provincia est\u00e1n los productos, pero falta se\u00f1alizaci\u00f3n","datePublished":"2021-11-17T23:12:36+00:00","mainEntityOfPage":{"@id":"https:\/\/informelitoral.com.ar\/precios-congelados-en-la-provincia-estan-los-productos-pero-falta-senalizacion\/"},"wordCount":254,"commentCount":0,"publisher":{"@id":"https:\/\/informelitoral.com.ar\/#organization"},"image":{"@id":"https:\/\/informelitoral.com.ar\/precios-congelados-en-la-provincia-estan-los-productos-pero-falta-senalizacion\/#primaryimage"},"thumbnailUrl":"https:\/\/informelitoral.com.ar\/%77%70%2d%63%6f%6e%74%65%6e%74\/uploads\/2018\/06\/carro-supermercado-vacio.jpg","keywords":["Control de Precios","Entre R\u00edos","Vigencia"],"articleSection":["Entre R\u00edos"],"inLanguage":"es","potentialAction":[{"@type":"CommentAction","name":"Comment","target":["https:\/\/informelitoral.com.ar\/precios-congelados-en-la-provincia-estan-los-productos-pero-falta-senalizacion\/#respond"]}]},{"@type":"WebPage","@id":"https:\/\/informelitoral.com.ar\/precios-congelados-en-la-provincia-estan-los-productos-pero-falta-senalizacion\/","url":"https:\/\/informelitoral.com.ar\/precios-congelados-en-la-provincia-estan-los-productos-pero-falta-senalizacion\/","name":"Precios congelados: En la provincia est\u00e1n los productos, pero falta se\u00f1alizaci\u00f3n - Informe Litoral","isPartOf":{"@id":"https:\/\/informelitoral.com.ar\/#website"},"primaryImageOfPage":{"@id":"https:\/\/informelitoral.com.ar\/precios-congelados-en-la-provincia-estan-los-productos-pero-falta-senalizacion\/#primaryimage"},"image":{"@id":"https:\/\/informelitoral.com.ar\/precios-congelados-en-la-provincia-estan-los-productos-pero-falta-senalizacion\/#primaryimage"},"thumbnailUrl":"https:\/\/informelitoral.com.ar\/%77%70%2d%63%6f%6e%74%65%6e%74\/uploads\/2018\/06\/carro-supermercado-vacio.jpg","datePublished":"2021-11-17T23:12:36+00:00","breadcrumb":{"@id":"https:\/\/informelitoral.com.ar\/precios-congelados-en-la-provincia-estan-los-productos-pero-falta-senalizacion\/#breadcrumb"},"inLanguage":"es","potentialAction":[{"@type":"ReadAction","target":["https:\/\/informelitoral.com.ar\/precios-congelados-en-la-provincia-estan-los-productos-pero-falta-senalizacion\/"]}]},{"@type":"ImageObject","inLanguage":"es","@id":"https:\/\/informelitoral.com.ar\/precios-congelados-en-la-provincia-estan-los-productos-pero-falta-senalizacion\/#primaryimage","url":"https:\/\/informelitoral.com.ar\/%77%70%2d%63%6f%6e%74%65%6e%74\/uploads\/2018\/06\/carro-supermercado-vacio.jpg","contentUrl":"https:\/\/informelitoral.com.ar\/%77%70%2d%63%6f%6e%74%65%6e%74\/uploads\/2018\/06\/carro-supermercado-vacio.jpg","width":630,"height":460},{"@type":"BreadcrumbList","@id":"https:\/\/informelitoral.com.ar\/precios-congelados-en-la-provincia-estan-los-productos-pero-falta-senalizacion\/#breadcrumb","itemListElement":[{"@type":"ListItem","position":1,"name":"Portada","item":"https:\/\/informelitoral.com.ar\/"},{"@type":"ListItem","position":2,"name":"Precios congelados: En la provincia est\u00e1n los productos, pero falta se\u00f1alizaci\u00f3n"}]},{"@type":"WebSite","@id":"https:\/\/informelitoral.com.ar\/#website","url":"https:\/\/informelitoral.com.ar\/","name":"Informe Litoral","description":"&quot;Nos informamos&quot; ","publisher":{"@id":"https:\/\/informelitoral.com.ar\/#organization"},"potentialAction":[{"@type":"SearchAction","target":{"@type":"EntryPoint","urlTemplate":"https:\/\/informelitoral.com.ar\/?s={search_term_string}"},"query-input":{"@type":"PropertyValueSpecification","valueRequired":true,"valueName":"search_term_string"}}],"inLanguage":"es"},{"@type":"Organization","@id":"https:\/\/informelitoral.com.ar\/#organization","name":"Informe Litoral","url":"https:\/\/informelitoral.com.ar\/","logo":{"@type":"ImageObject","inLanguage":"es","@id":"https:\/\/informelitoral.com.ar\/#\/schema\/logo\/image\/","url":"https:\/\/informelitoral.com.ar\/%77%70%2d%63%6f%6e%74%65%6e%74\/uploads\/2021\/01\/circulo.png","contentUrl":"https:\/\/informelitoral.com.ar\/%77%70%2d%63%6f%6e%74%65%6e%74\/uploads\/2021\/01\/circulo.png","width":723,"height":731,"caption":"Informe Litoral"},"image":{"@id":"https:\/\/informelitoral.com.ar\/#\/schema\/logo\/image\/"},"sameAs":["https:\/\/www.facebook.com\/informelitoral\/","https:\/\/x.com\/InformeLitoral","https:\/\/www.instagram.com\/informelitoral\/","https:\/\/www.youtube.com\/channel\/UCua4Qvz8Icb6MYqhoq9xLXw"]},{"@type":"Person","@id":"https:\/\/informelitoral.com.ar\/#\/schema\/person\/f05f9f461677119578717524b127d6d5","name":"Sebastian","image":{"@type":"ImageObject","inLanguage":"es","@id":"https:\/\/secure.gravatar.com\/avatar\/b71bf7481d447dfb9583c7f2798e7cc64de6efb9067b74633ed8c31059a3bd82?s=96&d=mm&r=g","url":"https:\/\/secure.gravatar.com\/avatar\/b71bf7481d447dfb9583c7f2798e7cc64de6efb9067b74633ed8c31059a3bd82?s=96&d=mm&r=g","contentUrl":"https:\/\/secure.gravatar.com\/avatar\/b71bf7481d447dfb9583c7f2798e7cc64de6efb9067b74633ed8c31059a3bd82?s=96&d=mm&r=g","caption":"Sebastian"},"url":"https:\/\/informelitoral.com.ar\/author\/sebastian\/"}]}},"_links":{"self":[{"href":"https:\/\/informelitoral.com.ar\/%77%70%2d%6a%73%6f%6e\/wp\/v2\/posts\/67734","targetHints":{"allow":["GET"]}}],"collection":[{"href":"https:\/\/informelitoral.com.ar\/%77%70%2d%6a%73%6f%6e\/wp\/v2\/posts"}],"about":[{"href":"https:\/\/informelitoral.com.ar\/%77%70%2d%6a%73%6f%6e\/wp\/v2\/types\/post"}],"author":[{"embeddable":true,"href":"https:\/\/informelitoral.com.ar\/%77%70%2d%6a%73%6f%6e\/wp\/v2\/users\/8"}],"replies":[{"embeddable":true,"href":"https:\/\/informelitoral.com.ar\/%77%70%2d%6a%73%6f%6e\/wp\/v2\/comments?post=67734"}],"version-history":[{"count":0,"href":"https:\/\/informelitoral.com.ar\/%77%70%2d%6a%73%6f%6e\/wp\/v2\/posts\/67734\/revisions"}],"wp:featuredmedia":[{"embeddable":true,"href":"https:\/\/informelitoral.com.ar\/%77%70%2d%6a%73%6f%6e\/wp\/v2\/media\/27683"}],"wp:attachment":[{"href":"https:\/\/informelitoral.com.ar\/%77%70%2d%6a%73%6f%6e\/wp\/v2\/media?parent=67734"}],"wp:term":[{"taxonomy":"category","embeddable":true,"href":"https:\/\/informelitoral.com.ar\/%77%70%2d%6a%73%6f%6e\/wp\/v2\/categories?post=67734"},{"taxonomy":"post_tag","embeddable":true,"href":"https:\/\/informelitoral.com.ar\/%77%70%2d%6a%73%6f%6e\/wp\/v2\/tags?post=67734"}],"curies":[{"name":"wp","href":"https:\/\/api.w.org\/{rel}","templated":true}]}}