{"id":67731,"date":"2021-11-17T20:06:34","date_gmt":"2021-11-17T23:06:34","guid":{"rendered":"https:\/\/www.informelitoral.com.ar\/?p=67731"},"modified":"2021-11-17T20:06:34","modified_gmt":"2021-11-17T23:06:34","slug":"promueven-la-insercion-de-trabajadores-con-discapacidad","status":"publish","type":"post","link":"https:\/\/informelitoral.com.ar\/promueven-la-insercion-de-trabajadores-con-discapacidad\/","title":{"rendered":"Promueven la inserci\u00f3n de trabajadores con discapacidad"},"content":{"rendered":"<p>De esta manera, se busca acompa\u00f1ar y potenciar las oportunidades desde la Secretar\u00eda de Trabajo.\u00a0En una reuni\u00f3n realizada en el \u00e1rea laboral, el secretario de Trabajo, \u00c1ngel Zacar\u00edas, y la subsecretaria de Fomento y Empleo, Mariela Ponce, hicieron entrega de fondos a la directora de Apana, Miriam Ber\u00f3n, para que los j\u00f3venes y adultos con discapacidad puedan aprender el oficio de panader\u00eda, que les permita la inserci\u00f3n en el mercado laboral.<\/p>\n<p>\u201cBuscamos un trabajo colaborativo con todos los actores de la sociedad para mejorar la empleabilidad\u201d, se\u00f1al\u00f3 Zacar\u00edas. El aporte se enmarca en un trabajo de cooperaci\u00f3n que lleva adelante el gobierno provincial con Apana, que tambi\u00e9n contempla la posibilidad de poder alcanzar convenios de pasant\u00edas para su posterior inserci\u00f3n laboral. El \u00e1rea brinda un aporte para la compra de los insumos necesarios para el taller y tambi\u00e9n contempla las herramientas de higiene y seguridad.<\/p>\n<p>Por su parte, Mariela Ponce remarc\u00f3 la construcci\u00f3n de acciones de capacitaci\u00f3n inclusiva \u00abpara mejorar y potenciar las capacidades individuales, donde no s\u00f3lo se benefician a quienes participan de las mismas sino tambi\u00e9n a la sociedad en su conjunto, este es un desafio constante\u00bb.<\/p>\n<p>En una segunda instancia, el \u00e1rea tambi\u00e9n brindar\u00e1 financiaci\u00f3n para la realizaci\u00f3n de un taller de bolsas de pl\u00e1stico, con el objetivo de ampliar la formaci\u00f3n laboral de los asistentes a Apana.<\/p>\n<p>El apoderado legal, Joaqu\u00edn Gareis, explic\u00f3 que los programas de formaci\u00f3n laboral buscan una reinserci\u00f3n plena de la persona con discapacidad dentro del mercado laboral, a modo de procurar su independencia laboral y econ\u00f3mica. Agradeci\u00f3 la colaboraci\u00f3n del gobierno provincial y el acompa\u00f1amiento para que la instituci\u00f3n pueda repotenciar la oferta pedag\u00f3gica en materia de formaci\u00f3n laboral.<\/p>\n<p>Estuvo presente adem\u00e1s la directora del Taller de Panader\u00eda de Apana, Angelina Zapata.<\/p>\n","protected":false},"excerpt":{"rendered":"<p>Entregan financiamiento para que 30 j\u00f3venes y adultos de Asociaci\u00f3n de Padres y Amigos de Ni\u00f1os y Adolescentes Aminorados (Apana) se capaciten en panader\u00eda y alcancen su posterior inserci\u00f3n laboral.<\/p>\n","protected":false},"author":8,"featured_media":67732,"comment_status":"open","ping_status":"open","sticky":false,"template":"","format":"standard","meta":{"fifu_image_url":"","fifu_image_alt":"","footnotes":""},"categories":[9],"tags":[1891,630,81,841],"class_list":{"0":"post-67731","1":"post","2":"type-post","3":"status-publish","4":"format-standard","5":"has-post-thumbnail","7":"category-sociedad","8":"tag-discapacidad","9":"tag-empleo","10":"tag-entre-rios","11":"tag-trabajo"},"yoast_head":"<title>Promueven la inserci\u00f3n de trabajadores con discapacidad - Informe Litoral<\/title>\n<meta name=\"robots\" content=\"index, follow, max-snippet:-1, max-image-preview:large, max-video-preview:-1\" \/>\n<link rel=\"canonical\" href=\"https:\/\/informelitoral.com.ar\/promueven-la-insercion-de-trabajadores-con-discapacidad\/\" \/>\n<meta property=\"og:locale\" content=\"es_ES\" \/>\n<meta property=\"og:type\" content=\"article\" \/>\n<meta property=\"og:title\" content=\"Promueven la inserci\u00f3n de trabajadores con discapacidad - Informe Litoral\" \/>\n<meta property=\"og:description\" content=\"Entregan financiamiento para que 30 j\u00f3venes y adultos de Asociaci\u00f3n de Padres y Amigos de Ni\u00f1os y Adolescentes Aminorados (Apana) se capaciten en panader\u00eda y alcancen su posterior inserci\u00f3n laboral.\" \/>\n<meta property=\"og:url\" content=\"https:\/\/informelitoral.com.ar\/promueven-la-insercion-de-trabajadores-con-discapacidad\/\" \/>\n<meta property=\"og:site_name\" content=\"Informe Litoral\" \/>\n<meta property=\"article:publisher\" content=\"https:\/\/www.facebook.com\/informelitoral\/\" \/>\n<meta property=\"article:published_time\" content=\"2021-11-17T23:06:34+00:00\" \/>\n<meta property=\"og:image\" content=\"https:\/\/informelitoral.com.ar\/%77%70%2d%63%6f%6e%74%65%6e%74\/uploads\/2021\/11\/p_1637156463.jpg\" \/>\n\t<meta property=\"og:image:width\" content=\"1920\" \/>\n\t<meta property=\"og:image:height\" content=\"800\" \/>\n\t<meta property=\"og:image:type\" content=\"image\/jpeg\" \/>\n<meta name=\"author\" content=\"Sebastian\" \/>\n<meta name=\"twitter:card\" content=\"summary_large_image\" \/>\n<meta name=\"twitter:creator\" content=\"@InformeLitoral\" \/>\n<meta name=\"twitter:site\" content=\"@InformeLitoral\" \/>\n<meta name=\"twitter:label1\" content=\"Escrito por\" \/>\n\t<meta name=\"twitter:data1\" content=\"Sebastian\" \/>\n\t<meta name=\"twitter:label2\" content=\"Tiempo de lectura\" \/>\n\t<meta name=\"twitter:data2\" content=\"2 minutos\" \/>\n<script type=\"application\/ld+json\" class=\"yoast-schema-graph\">{\"@context\":\"https:\\\/\\\/schema.org\",\"@graph\":[{\"@type\":\"Article\",\"@id\":\"https:\\\/\\\/informelitoral.com.ar\\\/promueven-la-insercion-de-trabajadores-con-discapacidad\\\/#article\",\"isPartOf\":{\"@id\":\"https:\\\/\\\/informelitoral.com.ar\\\/promueven-la-insercion-de-trabajadores-con-discapacidad\\\/\"},\"author\":{\"name\":\"Sebastian\",\"@id\":\"https:\\\/\\\/informelitoral.com.ar\\\/#\\\/schema\\\/person\\\/f05f9f461677119578717524b127d6d5\"},\"headline\":\"Promueven la inserci\u00f3n de trabajadores con discapacidad\",\"datePublished\":\"2021-11-17T23:06:34+00:00\",\"mainEntityOfPage\":{\"@id\":\"https:\\\/\\\/informelitoral.com.ar\\\/promueven-la-insercion-de-trabajadores-con-discapacidad\\\/\"},\"wordCount\":335,\"commentCount\":0,\"publisher\":{\"@id\":\"https:\\\/\\\/informelitoral.com.ar\\\/#organization\"},\"image\":{\"@id\":\"https:\\\/\\\/informelitoral.com.ar\\\/promueven-la-insercion-de-trabajadores-con-discapacidad\\\/#primaryimage\"},\"thumbnailUrl\":\"https:\\\/\\\/informelitoral.com.ar\\\/%77%70%2d%63%6f%6e%74%65%6e%74\\\/uploads\\\/2021\\\/11\\\/p_1637156463.jpg\",\"keywords\":[\"Discapacidad\",\"Empleo\",\"Entre R\u00edos\",\"Trabajo\"],\"articleSection\":[\"Sociedad\"],\"inLanguage\":\"es\",\"potentialAction\":[{\"@type\":\"CommentAction\",\"name\":\"Comment\",\"target\":[\"https:\\\/\\\/informelitoral.com.ar\\\/promueven-la-insercion-de-trabajadores-con-discapacidad\\\/#respond\"]}]},{\"@type\":\"WebPage\",\"@id\":\"https:\\\/\\\/informelitoral.com.ar\\\/promueven-la-insercion-de-trabajadores-con-discapacidad\\\/\",\"url\":\"https:\\\/\\\/informelitoral.com.ar\\\/promueven-la-insercion-de-trabajadores-con-discapacidad\\\/\",\"name\":\"Promueven la inserci\u00f3n de trabajadores con discapacidad - Informe Litoral\",\"isPartOf\":{\"@id\":\"https:\\\/\\\/informelitoral.com.ar\\\/#website\"},\"primaryImageOfPage\":{\"@id\":\"https:\\\/\\\/informelitoral.com.ar\\\/promueven-la-insercion-de-trabajadores-con-discapacidad\\\/#primaryimage\"},\"image\":{\"@id\":\"https:\\\/\\\/informelitoral.com.ar\\\/promueven-la-insercion-de-trabajadores-con-discapacidad\\\/#primaryimage\"},\"thumbnailUrl\":\"https:\\\/\\\/informelitoral.com.ar\\\/%77%70%2d%63%6f%6e%74%65%6e%74\\\/uploads\\\/2021\\\/11\\\/p_1637156463.jpg\",\"datePublished\":\"2021-11-17T23:06:34+00:00\",\"breadcrumb\":{\"@id\":\"https:\\\/\\\/informelitoral.com.ar\\\/promueven-la-insercion-de-trabajadores-con-discapacidad\\\/#breadcrumb\"},\"inLanguage\":\"es\",\"potentialAction\":[{\"@type\":\"ReadAction\",\"target\":[\"https:\\\/\\\/informelitoral.com.ar\\\/promueven-la-insercion-de-trabajadores-con-discapacidad\\\/\"]}]},{\"@type\":\"ImageObject\",\"inLanguage\":\"es\",\"@id\":\"https:\\\/\\\/informelitoral.com.ar\\\/promueven-la-insercion-de-trabajadores-con-discapacidad\\\/#primaryimage\",\"url\":\"https:\\\/\\\/informelitoral.com.ar\\\/%77%70%2d%63%6f%6e%74%65%6e%74\\\/uploads\\\/2021\\\/11\\\/p_1637156463.jpg\",\"contentUrl\":\"https:\\\/\\\/informelitoral.com.ar\\\/%77%70%2d%63%6f%6e%74%65%6e%74\\\/uploads\\\/2021\\\/11\\\/p_1637156463.jpg\",\"width\":1920,\"height\":800},{\"@type\":\"BreadcrumbList\",\"@id\":\"https:\\\/\\\/informelitoral.com.ar\\\/promueven-la-insercion-de-trabajadores-con-discapacidad\\\/#breadcrumb\",\"itemListElement\":[{\"@type\":\"ListItem\",\"position\":1,\"name\":\"Portada\",\"item\":\"https:\\\/\\\/informelitoral.com.ar\\\/\"},{\"@type\":\"ListItem\",\"position\":2,\"name\":\"Promueven la inserci\u00f3n de trabajadores con discapacidad\"}]},{\"@type\":\"WebSite\",\"@id\":\"https:\\\/\\\/informelitoral.com.ar\\\/#website\",\"url\":\"https:\\\/\\\/informelitoral.com.ar\\\/\",\"name\":\"Informe Litoral\",\"description\":\"&quot;Nos informamos&quot; \",\"publisher\":{\"@id\":\"https:\\\/\\\/informelitoral.com.ar\\\/#organization\"},\"potentialAction\":[{\"@type\":\"SearchAction\",\"target\":{\"@type\":\"EntryPoint\",\"urlTemplate\":\"https:\\\/\\\/informelitoral.com.ar\\\/?s={search_term_string}\"},\"query-input\":{\"@type\":\"PropertyValueSpecification\",\"valueRequired\":true,\"valueName\":\"search_term_string\"}}],\"inLanguage\":\"es\"},{\"@type\":\"Organization\",\"@id\":\"https:\\\/\\\/informelitoral.com.ar\\\/#organization\",\"name\":\"Informe Litoral\",\"url\":\"https:\\\/\\\/informelitoral.com.ar\\\/\",\"logo\":{\"@type\":\"ImageObject\",\"inLanguage\":\"es\",\"@id\":\"https:\\\/\\\/informelitoral.com.ar\\\/#\\\/schema\\\/logo\\\/image\\\/\",\"url\":\"https:\\\/\\\/informelitoral.com.ar\\\/%77%70%2d%63%6f%6e%74%65%6e%74\\\/uploads\\\/2021\\\/01\\\/circulo.png\",\"contentUrl\":\"https:\\\/\\\/informelitoral.com.ar\\\/%77%70%2d%63%6f%6e%74%65%6e%74\\\/uploads\\\/2021\\\/01\\\/circulo.png\",\"width\":723,\"height\":731,\"caption\":\"Informe Litoral\"},\"image\":{\"@id\":\"https:\\\/\\\/informelitoral.com.ar\\\/#\\\/schema\\\/logo\\\/image\\\/\"},\"sameAs\":[\"https:\\\/\\\/www.facebook.com\\\/informelitoral\\\/\",\"https:\\\/\\\/x.com\\\/InformeLitoral\",\"https:\\\/\\\/www.instagram.com\\\/informelitoral\\\/\",\"https:\\\/\\\/www.youtube.com\\\/channel\\\/UCua4Qvz8Icb6MYqhoq9xLXw\"]},{\"@type\":\"Person\",\"@id\":\"https:\\\/\\\/informelitoral.com.ar\\\/#\\\/schema\\\/person\\\/f05f9f461677119578717524b127d6d5\",\"name\":\"Sebastian\",\"image\":{\"@type\":\"ImageObject\",\"inLanguage\":\"es\",\"@id\":\"https:\\\/\\\/secure.gravatar.com\\\/avatar\\\/b71bf7481d447dfb9583c7f2798e7cc64de6efb9067b74633ed8c31059a3bd82?s=96&d=mm&r=g\",\"url\":\"https:\\\/\\\/secure.gravatar.com\\\/avatar\\\/b71bf7481d447dfb9583c7f2798e7cc64de6efb9067b74633ed8c31059a3bd82?s=96&d=mm&r=g\",\"contentUrl\":\"https:\\\/\\\/secure.gravatar.com\\\/avatar\\\/b71bf7481d447dfb9583c7f2798e7cc64de6efb9067b74633ed8c31059a3bd82?s=96&d=mm&r=g\",\"caption\":\"Sebastian\"},\"url\":\"https:\\\/\\\/informelitoral.com.ar\\\/author\\\/sebastian\\\/\"}]}<\/script>","yoast_head_json":{"title":"Promueven la inserci\u00f3n de trabajadores con discapacidad - Informe Litoral","robots":{"index":"index","follow":"follow","max-snippet":"max-snippet:-1","max-image-preview":"max-image-preview:large","max-video-preview":"max-video-preview:-1"},"canonical":"https:\/\/informelitoral.com.ar\/promueven-la-insercion-de-trabajadores-con-discapacidad\/","og_locale":"es_ES","og_type":"article","og_title":"Promueven la inserci\u00f3n de trabajadores con discapacidad - Informe Litoral","og_description":"Entregan financiamiento para que 30 j\u00f3venes y adultos de Asociaci\u00f3n de Padres y Amigos de Ni\u00f1os y Adolescentes Aminorados (Apana) se capaciten en panader\u00eda y alcancen su posterior inserci\u00f3n laboral.","og_url":"https:\/\/informelitoral.com.ar\/promueven-la-insercion-de-trabajadores-con-discapacidad\/","og_site_name":"Informe Litoral","article_publisher":"https:\/\/www.facebook.com\/informelitoral\/","article_published_time":"2021-11-17T23:06:34+00:00","og_image":[{"width":1920,"height":800,"url":"https:\/\/informelitoral.com.ar\/%77%70%2d%63%6f%6e%74%65%6e%74\/uploads\/2021\/11\/p_1637156463.jpg","type":"image\/jpeg"}],"author":"Sebastian","twitter_card":"summary_large_image","twitter_creator":"@InformeLitoral","twitter_site":"@InformeLitoral","twitter_misc":{"Escrito por":"Sebastian","Tiempo de lectura":"2 minutos"},"schema":{"@context":"https:\/\/schema.org","@graph":[{"@type":"Article","@id":"https:\/\/informelitoral.com.ar\/promueven-la-insercion-de-trabajadores-con-discapacidad\/#article","isPartOf":{"@id":"https:\/\/informelitoral.com.ar\/promueven-la-insercion-de-trabajadores-con-discapacidad\/"},"author":{"name":"Sebastian","@id":"https:\/\/informelitoral.com.ar\/#\/schema\/person\/f05f9f461677119578717524b127d6d5"},"headline":"Promueven la inserci\u00f3n de trabajadores con discapacidad","datePublished":"2021-11-17T23:06:34+00:00","mainEntityOfPage":{"@id":"https:\/\/informelitoral.com.ar\/promueven-la-insercion-de-trabajadores-con-discapacidad\/"},"wordCount":335,"commentCount":0,"publisher":{"@id":"https:\/\/informelitoral.com.ar\/#organization"},"image":{"@id":"https:\/\/informelitoral.com.ar\/promueven-la-insercion-de-trabajadores-con-discapacidad\/#primaryimage"},"thumbnailUrl":"https:\/\/informelitoral.com.ar\/%77%70%2d%63%6f%6e%74%65%6e%74\/uploads\/2021\/11\/p_1637156463.jpg","keywords":["Discapacidad","Empleo","Entre R\u00edos","Trabajo"],"articleSection":["Sociedad"],"inLanguage":"es","potentialAction":[{"@type":"CommentAction","name":"Comment","target":["https:\/\/informelitoral.com.ar\/promueven-la-insercion-de-trabajadores-con-discapacidad\/#respond"]}]},{"@type":"WebPage","@id":"https:\/\/informelitoral.com.ar\/promueven-la-insercion-de-trabajadores-con-discapacidad\/","url":"https:\/\/informelitoral.com.ar\/promueven-la-insercion-de-trabajadores-con-discapacidad\/","name":"Promueven la inserci\u00f3n de trabajadores con discapacidad - Informe Litoral","isPartOf":{"@id":"https:\/\/informelitoral.com.ar\/#website"},"primaryImageOfPage":{"@id":"https:\/\/informelitoral.com.ar\/promueven-la-insercion-de-trabajadores-con-discapacidad\/#primaryimage"},"image":{"@id":"https:\/\/informelitoral.com.ar\/promueven-la-insercion-de-trabajadores-con-discapacidad\/#primaryimage"},"thumbnailUrl":"https:\/\/informelitoral.com.ar\/%77%70%2d%63%6f%6e%74%65%6e%74\/uploads\/2021\/11\/p_1637156463.jpg","datePublished":"2021-11-17T23:06:34+00:00","breadcrumb":{"@id":"https:\/\/informelitoral.com.ar\/promueven-la-insercion-de-trabajadores-con-discapacidad\/#breadcrumb"},"inLanguage":"es","potentialAction":[{"@type":"ReadAction","target":["https:\/\/informelitoral.com.ar\/promueven-la-insercion-de-trabajadores-con-discapacidad\/"]}]},{"@type":"ImageObject","inLanguage":"es","@id":"https:\/\/informelitoral.com.ar\/promueven-la-insercion-de-trabajadores-con-discapacidad\/#primaryimage","url":"https:\/\/informelitoral.com.ar\/%77%70%2d%63%6f%6e%74%65%6e%74\/uploads\/2021\/11\/p_1637156463.jpg","contentUrl":"https:\/\/informelitoral.com.ar\/%77%70%2d%63%6f%6e%74%65%6e%74\/uploads\/2021\/11\/p_1637156463.jpg","width":1920,"height":800},{"@type":"BreadcrumbList","@id":"https:\/\/informelitoral.com.ar\/promueven-la-insercion-de-trabajadores-con-discapacidad\/#breadcrumb","itemListElement":[{"@type":"ListItem","position":1,"name":"Portada","item":"https:\/\/informelitoral.com.ar\/"},{"@type":"ListItem","position":2,"name":"Promueven la inserci\u00f3n de trabajadores con discapacidad"}]},{"@type":"WebSite","@id":"https:\/\/informelitoral.com.ar\/#website","url":"https:\/\/informelitoral.com.ar\/","name":"Informe Litoral","description":"&quot;Nos informamos&quot; ","publisher":{"@id":"https:\/\/informelitoral.com.ar\/#organization"},"potentialAction":[{"@type":"SearchAction","target":{"@type":"EntryPoint","urlTemplate":"https:\/\/informelitoral.com.ar\/?s={search_term_string}"},"query-input":{"@type":"PropertyValueSpecification","valueRequired":true,"valueName":"search_term_string"}}],"inLanguage":"es"},{"@type":"Organization","@id":"https:\/\/informelitoral.com.ar\/#organization","name":"Informe Litoral","url":"https:\/\/informelitoral.com.ar\/","logo":{"@type":"ImageObject","inLanguage":"es","@id":"https:\/\/informelitoral.com.ar\/#\/schema\/logo\/image\/","url":"https:\/\/informelitoral.com.ar\/%77%70%2d%63%6f%6e%74%65%6e%74\/uploads\/2021\/01\/circulo.png","contentUrl":"https:\/\/informelitoral.com.ar\/%77%70%2d%63%6f%6e%74%65%6e%74\/uploads\/2021\/01\/circulo.png","width":723,"height":731,"caption":"Informe Litoral"},"image":{"@id":"https:\/\/informelitoral.com.ar\/#\/schema\/logo\/image\/"},"sameAs":["https:\/\/www.facebook.com\/informelitoral\/","https:\/\/x.com\/InformeLitoral","https:\/\/www.instagram.com\/informelitoral\/","https:\/\/www.youtube.com\/channel\/UCua4Qvz8Icb6MYqhoq9xLXw"]},{"@type":"Person","@id":"https:\/\/informelitoral.com.ar\/#\/schema\/person\/f05f9f461677119578717524b127d6d5","name":"Sebastian","image":{"@type":"ImageObject","inLanguage":"es","@id":"https:\/\/secure.gravatar.com\/avatar\/b71bf7481d447dfb9583c7f2798e7cc64de6efb9067b74633ed8c31059a3bd82?s=96&d=mm&r=g","url":"https:\/\/secure.gravatar.com\/avatar\/b71bf7481d447dfb9583c7f2798e7cc64de6efb9067b74633ed8c31059a3bd82?s=96&d=mm&r=g","contentUrl":"https:\/\/secure.gravatar.com\/avatar\/b71bf7481d447dfb9583c7f2798e7cc64de6efb9067b74633ed8c31059a3bd82?s=96&d=mm&r=g","caption":"Sebastian"},"url":"https:\/\/informelitoral.com.ar\/author\/sebastian\/"}]}},"_links":{"self":[{"href":"https:\/\/informelitoral.com.ar\/%77%70%2d%6a%73%6f%6e\/wp\/v2\/posts\/67731","targetHints":{"allow":["GET"]}}],"collection":[{"href":"https:\/\/informelitoral.com.ar\/%77%70%2d%6a%73%6f%6e\/wp\/v2\/posts"}],"about":[{"href":"https:\/\/informelitoral.com.ar\/%77%70%2d%6a%73%6f%6e\/wp\/v2\/types\/post"}],"author":[{"embeddable":true,"href":"https:\/\/informelitoral.com.ar\/%77%70%2d%6a%73%6f%6e\/wp\/v2\/users\/8"}],"replies":[{"embeddable":true,"href":"https:\/\/informelitoral.com.ar\/%77%70%2d%6a%73%6f%6e\/wp\/v2\/comments?post=67731"}],"version-history":[{"count":0,"href":"https:\/\/informelitoral.com.ar\/%77%70%2d%6a%73%6f%6e\/wp\/v2\/posts\/67731\/revisions"}],"wp:featuredmedia":[{"embeddable":true,"href":"https:\/\/informelitoral.com.ar\/%77%70%2d%6a%73%6f%6e\/wp\/v2\/media\/67732"}],"wp:attachment":[{"href":"https:\/\/informelitoral.com.ar\/%77%70%2d%6a%73%6f%6e\/wp\/v2\/media?parent=67731"}],"wp:term":[{"taxonomy":"category","embeddable":true,"href":"https:\/\/informelitoral.com.ar\/%77%70%2d%6a%73%6f%6e\/wp\/v2\/categories?post=67731"},{"taxonomy":"post_tag","embeddable":true,"href":"https:\/\/informelitoral.com.ar\/%77%70%2d%6a%73%6f%6e\/wp\/v2\/tags?post=67731"}],"curies":[{"name":"wp","href":"https:\/\/api.w.org\/{rel}","templated":true}]}}