{"id":67729,"date":"2021-11-17T20:03:15","date_gmt":"2021-11-17T23:03:15","guid":{"rendered":"https:\/\/www.informelitoral.com.ar\/?p=67729"},"modified":"2021-11-17T21:45:29","modified_gmt":"2021-11-18T00:45:29","slug":"fernandez-pidio-internas-en-el-oficialismo-y-llamo-a-asegurar-en-2023-un-triunfo-rotundo","status":"publish","type":"post","link":"https:\/\/informelitoral.com.ar\/fernandez-pidio-internas-en-el-oficialismo-y-llamo-a-asegurar-en-2023-un-triunfo-rotundo\/","title":{"rendered":"Fern\u00e1ndez pidi\u00f3 internas en el oficialismo y llam\u00f3 a \u201casegurar en 2023 un triunfo rotundo\u201d"},"content":{"rendered":"<p>\u201cEn estos d\u00edas todos venimos leyendo, escuchando en las radios y viendo en la televisi\u00f3n una pregunta repetida: \u2018\u00bfSi perdieron, qu\u00e9 celebran?\u2019 Quiero decirles que nunca olviden que el triunfo no es vencer sino nunca darse por vencido. Lo que estamos celebrando ac\u00e1 fue levantarle los brazos a los que estaban desanimados\u201d, sostuvo el Presidente en referencia a los dirigentes de la oposici\u00f3n que criticaron la manifestaci\u00f3n con aire de victoria que llev\u00f3 a cabo el kirchnerismo.<\/p>\n<p>Y agreg\u00f3: \u201cLas urnas de las PASO nos dejaron un mensaje y lo escuchamos. Corregimos cosas y dictamos medidas. Muchos compatriotas reconocieron ese esfuerzo y nos reconocieron en las elecciones del domingo. En esas tambi\u00e9n o\u00edmos. Tengo muy en claro que queda mucho por hacer aunque nos acompa\u00f1\u00f3 mucha m\u00e1s gente\u201d, public\u00f3\u00a0<em>Infobae<\/em>.<\/p>\n<p>\u201cEste a\u00f1o los sueldos van a ganarle a la inflaci\u00f3n. Pero hay algo m\u00e1s importante: el salario de los que trabajan no van a pagar m\u00e1s Impuesto a las Ganancias. Nos quedan muchas batallas por dar, terminar con el problema de la deuda, enfrentar a los formadores de precios, no podemos vivir en un pa\u00eds donde algunos ganen tanto y millones se caigan en la pobreza. Necesitamos que ese crecimiento llegue a cada rinc\u00f3n de la Patria\u201d, manifest\u00f3 el mandatario.<\/p>\n<p>Fern\u00e1ndez comenz\u00f3 su mensaje hablando de Per\u00f3n y la militancia: \u201cHoy recordamos el regreso del General Per\u00f3n, all\u00e1 por el a\u00f1o 72, ven\u00eda de pasar 17 a\u00f1os de exilio. En un per\u00edodo de la Argentina castigado por fusilamiento, persecuciones, torturas y exilio. Esa maravillosa militancia que durante tantos a\u00f1os resisti\u00f3, nunca muri\u00f3, fue recre\u00e1ndose en los hijos de aquellos resistentes. Quiero darle las gracias a cada compa\u00f1ero y compa\u00f1era que se movilizaron cuando vieron las derrotas que obtuvimos en las PASO y salieron a hablarle a sus vecinos\u201d.<\/p>\n<p>Luego, el mandatario retomo la senda electoral y concentr\u00f3 su mensaje en el futuro cercano: \u201cCon dolor hemos visto c\u00f3mo se prepararon para que esta semana sea un estallido. Todos vimos c\u00f3mo especularon con el d\u00f3lar. Vimos c\u00f3mo nos avisaron que iban a terminar con las administraciones. So\u00f1aron con manotear la presidencia de la C\u00e1mara de Diputados. Hasta hubo un presunto periodista que se anim\u00f3 a decir que esta semana iba a haber una Asamblea Legislativa para instituir un nuevo presidente. El presidente que est\u00e1 ac\u00e1 es el que eligi\u00f3 el pueblo argentino en 2019\u2033.<\/p>\n<p>\u201cEse horizonte que queremos ya empieza verse. La econom\u00eda est\u00e1 creciendo a un ritmo superior al 9%. Vemos c\u00f3mo las pymes se rejuvenecen, la industria nacional no para de crecer. No vamos a parar hasta que cada argentino encuentre su lugar de trabajo. El primer objetivo es recuperar la econom\u00eda, hacerla crecer, poner en marcha la industria y hacer crecer al campo. Y hacer que la riqueza que ese crecimiento genera se distribuya equitativamente\u201d, a\u00f1adi\u00f3 el Presidente.<\/p>\n<p>Alberto Fern\u00e1ndez tambi\u00e9n dedic\u00f3 una parte de su alocuci\u00f3n a hablar del acuerdo con la oposici\u00f3n y de lo que vendr\u00e1 para el peronismo de ac\u00e1 a 2023. Para lo primero, excluy\u00f3 a Mauricio Macri y a Javier Milei de un di\u00e1logo, pero dej\u00f3 la puerta abierta para otros sectores de Juntos por el Cambio y otras fuerzas: \u201cHe pedido que algunas pol\u00edticas b\u00e1sicas podamos construirlas entre todos. Si Macri no quiere hablar, que se quede solo con sus amigos haciendo negocios. Si Milei no quiere hablar, que se quede encerrado con los compa\u00f1eros que tiene que niegan la diversidad y el terrorismo de Estado, nada que hablar tenemos con ellos. Creo que dentro de la oposici\u00f3n la vocaci\u00f3n anida en muchos\u201d.<\/p>\n<p>Con respecto a 2023, de manera expl\u00edcita, el jefe de Estado llam\u00f3 a dirimir en internas los liderazgos del peronismo para las pr\u00f3ximas elecciones presidenciales: \u201cSoy presidente del PJ, una parte importante del Frente de Todos. Si algo hicimos bien fue construir el Frente de Todos, que nos uni\u00f3 y nos dio esta capacidad de convocar a nuestro pueblo. Quiero que el tiempo que se inicia no sea de silencio, que sea de profundo debate, que cada uno pueda decir lo que piensa, que pueda opinar y que podamos encontrar una s\u00edntesis que nos permita avanzar\u201d.<\/p>\n<p>Y complet\u00f3: \u201cSabemos que somos una fuerza diversa. Los matices y las diferencias empecemos a ponerlas sobre la mesa para que lleguemos al 23 con toda la fuerza que necesitamos. Que desde el \u00faltimo concejal hasta el presidente lo elijan primero en el Frente de Todos. Tenemos que hacer lo necesario para asegurar en 2023 un triunfo rotundo. Nadie nos ha vencido, solo es vencido el que pierde las ganas de luchar\u201d.<\/p>\n","protected":false},"excerpt":{"rendered":"<p>Alberto Fern\u00e1ndez habl\u00f3 ante una multitud de militantes que se concentraron en Plaza de Mayo para una marcha a favor del gobierno tres d\u00edas despu\u00e9s de la derrota electoral en casi todo el pa\u00eds y brind\u00f3 un discurso con el objetivo de relanzar la gesti\u00f3n y marcar el rumbo hacia 2023, cuando terminar\u00e1 su mandato.<\/p>\n","protected":false},"author":8,"featured_media":59453,"comment_status":"open","ping_status":"open","sticky":false,"template":"","format":"standard","meta":{"fifu_image_url":"","fifu_image_alt":"","footnotes":""},"categories":[16],"tags":[1311,2062,197,50,1806],"class_list":{"0":"post-67729","1":"post","2":"type-post","3":"status-publish","4":"format-standard","5":"has-post-thumbnail","7":"category-politi","8":"tag-alberto-fernandez","9":"tag-frente-de-todos","10":"tag-pj","11":"tag-politica","12":"tag-presidente-de-la-nacion"},"yoast_head":"<title>Fern\u00e1ndez pidi\u00f3 internas en el oficialismo y llam\u00f3 a \u201casegurar en 2023 un triunfo rotundo\u201d - Informe Litoral<\/title>\n<meta name=\"robots\" content=\"index, follow, max-snippet:-1, max-image-preview:large, max-video-preview:-1\" \/>\n<link rel=\"canonical\" href=\"https:\/\/informelitoral.com.ar\/fernandez-pidio-internas-en-el-oficialismo-y-llamo-a-asegurar-en-2023-un-triunfo-rotundo\/\" \/>\n<meta property=\"og:locale\" content=\"es_ES\" \/>\n<meta property=\"og:type\" content=\"article\" \/>\n<meta property=\"og:title\" content=\"Fern\u00e1ndez pidi\u00f3 internas en el oficialismo y llam\u00f3 a \u201casegurar en 2023 un triunfo rotundo\u201d - Informe Litoral\" \/>\n<meta property=\"og:description\" content=\"Alberto Fern\u00e1ndez habl\u00f3 ante una multitud de militantes que se concentraron en Plaza de Mayo para una marcha a favor del gobierno tres d\u00edas despu\u00e9s de la derrota electoral en casi todo el pa\u00eds y brind\u00f3 un discurso con el objetivo de relanzar la gesti\u00f3n y marcar el rumbo hacia 2023, cuando terminar\u00e1 su mandato.\" \/>\n<meta property=\"og:url\" content=\"https:\/\/informelitoral.com.ar\/fernandez-pidio-internas-en-el-oficialismo-y-llamo-a-asegurar-en-2023-un-triunfo-rotundo\/\" \/>\n<meta property=\"og:site_name\" content=\"Informe Litoral\" \/>\n<meta property=\"article:publisher\" content=\"https:\/\/www.facebook.com\/informelitoral\/\" \/>\n<meta property=\"article:published_time\" content=\"2021-11-17T23:03:15+00:00\" \/>\n<meta property=\"article:modified_time\" content=\"2021-11-18T00:45:29+00:00\" \/>\n<meta property=\"og:image\" content=\"https:\/\/informelitoral.com.ar\/%77%70%2d%63%6f%6e%74%65%6e%74\/uploads\/2021\/04\/alberto-fernandezjpg-1.jpg\" \/>\n\t<meta property=\"og:image:width\" content=\"730\" \/>\n\t<meta property=\"og:image:height\" content=\"410\" \/>\n\t<meta property=\"og:image:type\" content=\"image\/jpeg\" \/>\n<meta name=\"author\" content=\"Sebastian\" \/>\n<meta name=\"twitter:card\" content=\"summary_large_image\" \/>\n<meta name=\"twitter:creator\" content=\"@InformeLitoral\" \/>\n<meta name=\"twitter:site\" content=\"@InformeLitoral\" \/>\n<meta name=\"twitter:label1\" content=\"Escrito por\" \/>\n\t<meta name=\"twitter:data1\" content=\"Sebastian\" \/>\n\t<meta name=\"twitter:label2\" content=\"Tiempo de lectura\" \/>\n\t<meta name=\"twitter:data2\" content=\"4 minutos\" \/>\n<script type=\"application\/ld+json\" class=\"yoast-schema-graph\">{\"@context\":\"https:\\\/\\\/schema.org\",\"@graph\":[{\"@type\":\"Article\",\"@id\":\"https:\\\/\\\/informelitoral.com.ar\\\/fernandez-pidio-internas-en-el-oficialismo-y-llamo-a-asegurar-en-2023-un-triunfo-rotundo\\\/#article\",\"isPartOf\":{\"@id\":\"https:\\\/\\\/informelitoral.com.ar\\\/fernandez-pidio-internas-en-el-oficialismo-y-llamo-a-asegurar-en-2023-un-triunfo-rotundo\\\/\"},\"author\":{\"name\":\"Sebastian\",\"@id\":\"https:\\\/\\\/informelitoral.com.ar\\\/#\\\/schema\\\/person\\\/f05f9f461677119578717524b127d6d5\"},\"headline\":\"Fern\u00e1ndez pidi\u00f3 internas en el oficialismo y llam\u00f3 a \u201casegurar en 2023 un triunfo rotundo\u201d\",\"datePublished\":\"2021-11-17T23:03:15+00:00\",\"dateModified\":\"2021-11-18T00:45:29+00:00\",\"mainEntityOfPage\":{\"@id\":\"https:\\\/\\\/informelitoral.com.ar\\\/fernandez-pidio-internas-en-el-oficialismo-y-llamo-a-asegurar-en-2023-un-triunfo-rotundo\\\/\"},\"wordCount\":814,\"commentCount\":0,\"publisher\":{\"@id\":\"https:\\\/\\\/informelitoral.com.ar\\\/#organization\"},\"image\":{\"@id\":\"https:\\\/\\\/informelitoral.com.ar\\\/fernandez-pidio-internas-en-el-oficialismo-y-llamo-a-asegurar-en-2023-un-triunfo-rotundo\\\/#primaryimage\"},\"thumbnailUrl\":\"https:\\\/\\\/informelitoral.com.ar\\\/%77%70%2d%63%6f%6e%74%65%6e%74\\\/uploads\\\/2021\\\/04\\\/alberto-fernandezjpg-1.jpg\",\"keywords\":[\"Alberto Fern\u00e1ndez\",\"Frente De Todos\",\"PJ\",\"Pol\u00edtica\",\"Presidente de la Naci\u00f3n\"],\"articleSection\":[\"Politica\"],\"inLanguage\":\"es\",\"potentialAction\":[{\"@type\":\"CommentAction\",\"name\":\"Comment\",\"target\":[\"https:\\\/\\\/informelitoral.com.ar\\\/fernandez-pidio-internas-en-el-oficialismo-y-llamo-a-asegurar-en-2023-un-triunfo-rotundo\\\/#respond\"]}]},{\"@type\":\"WebPage\",\"@id\":\"https:\\\/\\\/informelitoral.com.ar\\\/fernandez-pidio-internas-en-el-oficialismo-y-llamo-a-asegurar-en-2023-un-triunfo-rotundo\\\/\",\"url\":\"https:\\\/\\\/informelitoral.com.ar\\\/fernandez-pidio-internas-en-el-oficialismo-y-llamo-a-asegurar-en-2023-un-triunfo-rotundo\\\/\",\"name\":\"Fern\u00e1ndez pidi\u00f3 internas en el oficialismo y llam\u00f3 a \u201casegurar en 2023 un triunfo rotundo\u201d - Informe Litoral\",\"isPartOf\":{\"@id\":\"https:\\\/\\\/informelitoral.com.ar\\\/#website\"},\"primaryImageOfPage\":{\"@id\":\"https:\\\/\\\/informelitoral.com.ar\\\/fernandez-pidio-internas-en-el-oficialismo-y-llamo-a-asegurar-en-2023-un-triunfo-rotundo\\\/#primaryimage\"},\"image\":{\"@id\":\"https:\\\/\\\/informelitoral.com.ar\\\/fernandez-pidio-internas-en-el-oficialismo-y-llamo-a-asegurar-en-2023-un-triunfo-rotundo\\\/#primaryimage\"},\"thumbnailUrl\":\"https:\\\/\\\/informelitoral.com.ar\\\/%77%70%2d%63%6f%6e%74%65%6e%74\\\/uploads\\\/2021\\\/04\\\/alberto-fernandezjpg-1.jpg\",\"datePublished\":\"2021-11-17T23:03:15+00:00\",\"dateModified\":\"2021-11-18T00:45:29+00:00\",\"breadcrumb\":{\"@id\":\"https:\\\/\\\/informelitoral.com.ar\\\/fernandez-pidio-internas-en-el-oficialismo-y-llamo-a-asegurar-en-2023-un-triunfo-rotundo\\\/#breadcrumb\"},\"inLanguage\":\"es\",\"potentialAction\":[{\"@type\":\"ReadAction\",\"target\":[\"https:\\\/\\\/informelitoral.com.ar\\\/fernandez-pidio-internas-en-el-oficialismo-y-llamo-a-asegurar-en-2023-un-triunfo-rotundo\\\/\"]}]},{\"@type\":\"ImageObject\",\"inLanguage\":\"es\",\"@id\":\"https:\\\/\\\/informelitoral.com.ar\\\/fernandez-pidio-internas-en-el-oficialismo-y-llamo-a-asegurar-en-2023-un-triunfo-rotundo\\\/#primaryimage\",\"url\":\"https:\\\/\\\/informelitoral.com.ar\\\/%77%70%2d%63%6f%6e%74%65%6e%74\\\/uploads\\\/2021\\\/04\\\/alberto-fernandezjpg-1.jpg\",\"contentUrl\":\"https:\\\/\\\/informelitoral.com.ar\\\/%77%70%2d%63%6f%6e%74%65%6e%74\\\/uploads\\\/2021\\\/04\\\/alberto-fernandezjpg-1.jpg\",\"width\":730,\"height\":410},{\"@type\":\"BreadcrumbList\",\"@id\":\"https:\\\/\\\/informelitoral.com.ar\\\/fernandez-pidio-internas-en-el-oficialismo-y-llamo-a-asegurar-en-2023-un-triunfo-rotundo\\\/#breadcrumb\",\"itemListElement\":[{\"@type\":\"ListItem\",\"position\":1,\"name\":\"Portada\",\"item\":\"https:\\\/\\\/informelitoral.com.ar\\\/\"},{\"@type\":\"ListItem\",\"position\":2,\"name\":\"Fern\u00e1ndez pidi\u00f3 internas en el oficialismo y llam\u00f3 a \u201casegurar en 2023 un triunfo rotundo\u201d\"}]},{\"@type\":\"WebSite\",\"@id\":\"https:\\\/\\\/informelitoral.com.ar\\\/#website\",\"url\":\"https:\\\/\\\/informelitoral.com.ar\\\/\",\"name\":\"Informe Litoral\",\"description\":\"&quot;Nos informamos&quot; \",\"publisher\":{\"@id\":\"https:\\\/\\\/informelitoral.com.ar\\\/#organization\"},\"potentialAction\":[{\"@type\":\"SearchAction\",\"target\":{\"@type\":\"EntryPoint\",\"urlTemplate\":\"https:\\\/\\\/informelitoral.com.ar\\\/?s={search_term_string}\"},\"query-input\":{\"@type\":\"PropertyValueSpecification\",\"valueRequired\":true,\"valueName\":\"search_term_string\"}}],\"inLanguage\":\"es\"},{\"@type\":\"Organization\",\"@id\":\"https:\\\/\\\/informelitoral.com.ar\\\/#organization\",\"name\":\"Informe Litoral\",\"url\":\"https:\\\/\\\/informelitoral.com.ar\\\/\",\"logo\":{\"@type\":\"ImageObject\",\"inLanguage\":\"es\",\"@id\":\"https:\\\/\\\/informelitoral.com.ar\\\/#\\\/schema\\\/logo\\\/image\\\/\",\"url\":\"https:\\\/\\\/informelitoral.com.ar\\\/%77%70%2d%63%6f%6e%74%65%6e%74\\\/uploads\\\/2021\\\/01\\\/circulo.png\",\"contentUrl\":\"https:\\\/\\\/informelitoral.com.ar\\\/%77%70%2d%63%6f%6e%74%65%6e%74\\\/uploads\\\/2021\\\/01\\\/circulo.png\",\"width\":723,\"height\":731,\"caption\":\"Informe Litoral\"},\"image\":{\"@id\":\"https:\\\/\\\/informelitoral.com.ar\\\/#\\\/schema\\\/logo\\\/image\\\/\"},\"sameAs\":[\"https:\\\/\\\/www.facebook.com\\\/informelitoral\\\/\",\"https:\\\/\\\/x.com\\\/InformeLitoral\",\"https:\\\/\\\/www.instagram.com\\\/informelitoral\\\/\",\"https:\\\/\\\/www.youtube.com\\\/channel\\\/UCua4Qvz8Icb6MYqhoq9xLXw\"]},{\"@type\":\"Person\",\"@id\":\"https:\\\/\\\/informelitoral.com.ar\\\/#\\\/schema\\\/person\\\/f05f9f461677119578717524b127d6d5\",\"name\":\"Sebastian\",\"image\":{\"@type\":\"ImageObject\",\"inLanguage\":\"es\",\"@id\":\"https:\\\/\\\/secure.gravatar.com\\\/avatar\\\/b71bf7481d447dfb9583c7f2798e7cc64de6efb9067b74633ed8c31059a3bd82?s=96&d=mm&r=g\",\"url\":\"https:\\\/\\\/secure.gravatar.com\\\/avatar\\\/b71bf7481d447dfb9583c7f2798e7cc64de6efb9067b74633ed8c31059a3bd82?s=96&d=mm&r=g\",\"contentUrl\":\"https:\\\/\\\/secure.gravatar.com\\\/avatar\\\/b71bf7481d447dfb9583c7f2798e7cc64de6efb9067b74633ed8c31059a3bd82?s=96&d=mm&r=g\",\"caption\":\"Sebastian\"},\"url\":\"https:\\\/\\\/informelitoral.com.ar\\\/author\\\/sebastian\\\/\"}]}<\/script>","yoast_head_json":{"title":"Fern\u00e1ndez pidi\u00f3 internas en el oficialismo y llam\u00f3 a \u201casegurar en 2023 un triunfo rotundo\u201d - Informe Litoral","robots":{"index":"index","follow":"follow","max-snippet":"max-snippet:-1","max-image-preview":"max-image-preview:large","max-video-preview":"max-video-preview:-1"},"canonical":"https:\/\/informelitoral.com.ar\/fernandez-pidio-internas-en-el-oficialismo-y-llamo-a-asegurar-en-2023-un-triunfo-rotundo\/","og_locale":"es_ES","og_type":"article","og_title":"Fern\u00e1ndez pidi\u00f3 internas en el oficialismo y llam\u00f3 a \u201casegurar en 2023 un triunfo rotundo\u201d - Informe Litoral","og_description":"Alberto Fern\u00e1ndez habl\u00f3 ante una multitud de militantes que se concentraron en Plaza de Mayo para una marcha a favor del gobierno tres d\u00edas despu\u00e9s de la derrota electoral en casi todo el pa\u00eds y brind\u00f3 un discurso con el objetivo de relanzar la gesti\u00f3n y marcar el rumbo hacia 2023, cuando terminar\u00e1 su mandato.","og_url":"https:\/\/informelitoral.com.ar\/fernandez-pidio-internas-en-el-oficialismo-y-llamo-a-asegurar-en-2023-un-triunfo-rotundo\/","og_site_name":"Informe Litoral","article_publisher":"https:\/\/www.facebook.com\/informelitoral\/","article_published_time":"2021-11-17T23:03:15+00:00","article_modified_time":"2021-11-18T00:45:29+00:00","og_image":[{"width":730,"height":410,"url":"https:\/\/informelitoral.com.ar\/%77%70%2d%63%6f%6e%74%65%6e%74\/uploads\/2021\/04\/alberto-fernandezjpg-1.jpg","type":"image\/jpeg"}],"author":"Sebastian","twitter_card":"summary_large_image","twitter_creator":"@InformeLitoral","twitter_site":"@InformeLitoral","twitter_misc":{"Escrito por":"Sebastian","Tiempo de lectura":"4 minutos"},"schema":{"@context":"https:\/\/schema.org","@graph":[{"@type":"Article","@id":"https:\/\/informelitoral.com.ar\/fernandez-pidio-internas-en-el-oficialismo-y-llamo-a-asegurar-en-2023-un-triunfo-rotundo\/#article","isPartOf":{"@id":"https:\/\/informelitoral.com.ar\/fernandez-pidio-internas-en-el-oficialismo-y-llamo-a-asegurar-en-2023-un-triunfo-rotundo\/"},"author":{"name":"Sebastian","@id":"https:\/\/informelitoral.com.ar\/#\/schema\/person\/f05f9f461677119578717524b127d6d5"},"headline":"Fern\u00e1ndez pidi\u00f3 internas en el oficialismo y llam\u00f3 a \u201casegurar en 2023 un triunfo rotundo\u201d","datePublished":"2021-11-17T23:03:15+00:00","dateModified":"2021-11-18T00:45:29+00:00","mainEntityOfPage":{"@id":"https:\/\/informelitoral.com.ar\/fernandez-pidio-internas-en-el-oficialismo-y-llamo-a-asegurar-en-2023-un-triunfo-rotundo\/"},"wordCount":814,"commentCount":0,"publisher":{"@id":"https:\/\/informelitoral.com.ar\/#organization"},"image":{"@id":"https:\/\/informelitoral.com.ar\/fernandez-pidio-internas-en-el-oficialismo-y-llamo-a-asegurar-en-2023-un-triunfo-rotundo\/#primaryimage"},"thumbnailUrl":"https:\/\/informelitoral.com.ar\/%77%70%2d%63%6f%6e%74%65%6e%74\/uploads\/2021\/04\/alberto-fernandezjpg-1.jpg","keywords":["Alberto Fern\u00e1ndez","Frente De Todos","PJ","Pol\u00edtica","Presidente de la Naci\u00f3n"],"articleSection":["Politica"],"inLanguage":"es","potentialAction":[{"@type":"CommentAction","name":"Comment","target":["https:\/\/informelitoral.com.ar\/fernandez-pidio-internas-en-el-oficialismo-y-llamo-a-asegurar-en-2023-un-triunfo-rotundo\/#respond"]}]},{"@type":"WebPage","@id":"https:\/\/informelitoral.com.ar\/fernandez-pidio-internas-en-el-oficialismo-y-llamo-a-asegurar-en-2023-un-triunfo-rotundo\/","url":"https:\/\/informelitoral.com.ar\/fernandez-pidio-internas-en-el-oficialismo-y-llamo-a-asegurar-en-2023-un-triunfo-rotundo\/","name":"Fern\u00e1ndez pidi\u00f3 internas en el oficialismo y llam\u00f3 a \u201casegurar en 2023 un triunfo rotundo\u201d - Informe Litoral","isPartOf":{"@id":"https:\/\/informelitoral.com.ar\/#website"},"primaryImageOfPage":{"@id":"https:\/\/informelitoral.com.ar\/fernandez-pidio-internas-en-el-oficialismo-y-llamo-a-asegurar-en-2023-un-triunfo-rotundo\/#primaryimage"},"image":{"@id":"https:\/\/informelitoral.com.ar\/fernandez-pidio-internas-en-el-oficialismo-y-llamo-a-asegurar-en-2023-un-triunfo-rotundo\/#primaryimage"},"thumbnailUrl":"https:\/\/informelitoral.com.ar\/%77%70%2d%63%6f%6e%74%65%6e%74\/uploads\/2021\/04\/alberto-fernandezjpg-1.jpg","datePublished":"2021-11-17T23:03:15+00:00","dateModified":"2021-11-18T00:45:29+00:00","breadcrumb":{"@id":"https:\/\/informelitoral.com.ar\/fernandez-pidio-internas-en-el-oficialismo-y-llamo-a-asegurar-en-2023-un-triunfo-rotundo\/#breadcrumb"},"inLanguage":"es","potentialAction":[{"@type":"ReadAction","target":["https:\/\/informelitoral.com.ar\/fernandez-pidio-internas-en-el-oficialismo-y-llamo-a-asegurar-en-2023-un-triunfo-rotundo\/"]}]},{"@type":"ImageObject","inLanguage":"es","@id":"https:\/\/informelitoral.com.ar\/fernandez-pidio-internas-en-el-oficialismo-y-llamo-a-asegurar-en-2023-un-triunfo-rotundo\/#primaryimage","url":"https:\/\/informelitoral.com.ar\/%77%70%2d%63%6f%6e%74%65%6e%74\/uploads\/2021\/04\/alberto-fernandezjpg-1.jpg","contentUrl":"https:\/\/informelitoral.com.ar\/%77%70%2d%63%6f%6e%74%65%6e%74\/uploads\/2021\/04\/alberto-fernandezjpg-1.jpg","width":730,"height":410},{"@type":"BreadcrumbList","@id":"https:\/\/informelitoral.com.ar\/fernandez-pidio-internas-en-el-oficialismo-y-llamo-a-asegurar-en-2023-un-triunfo-rotundo\/#breadcrumb","itemListElement":[{"@type":"ListItem","position":1,"name":"Portada","item":"https:\/\/informelitoral.com.ar\/"},{"@type":"ListItem","position":2,"name":"Fern\u00e1ndez pidi\u00f3 internas en el oficialismo y llam\u00f3 a \u201casegurar en 2023 un triunfo rotundo\u201d"}]},{"@type":"WebSite","@id":"https:\/\/informelitoral.com.ar\/#website","url":"https:\/\/informelitoral.com.ar\/","name":"Informe Litoral","description":"&quot;Nos informamos&quot; ","publisher":{"@id":"https:\/\/informelitoral.com.ar\/#organization"},"potentialAction":[{"@type":"SearchAction","target":{"@type":"EntryPoint","urlTemplate":"https:\/\/informelitoral.com.ar\/?s={search_term_string}"},"query-input":{"@type":"PropertyValueSpecification","valueRequired":true,"valueName":"search_term_string"}}],"inLanguage":"es"},{"@type":"Organization","@id":"https:\/\/informelitoral.com.ar\/#organization","name":"Informe Litoral","url":"https:\/\/informelitoral.com.ar\/","logo":{"@type":"ImageObject","inLanguage":"es","@id":"https:\/\/informelitoral.com.ar\/#\/schema\/logo\/image\/","url":"https:\/\/informelitoral.com.ar\/%77%70%2d%63%6f%6e%74%65%6e%74\/uploads\/2021\/01\/circulo.png","contentUrl":"https:\/\/informelitoral.com.ar\/%77%70%2d%63%6f%6e%74%65%6e%74\/uploads\/2021\/01\/circulo.png","width":723,"height":731,"caption":"Informe Litoral"},"image":{"@id":"https:\/\/informelitoral.com.ar\/#\/schema\/logo\/image\/"},"sameAs":["https:\/\/www.facebook.com\/informelitoral\/","https:\/\/x.com\/InformeLitoral","https:\/\/www.instagram.com\/informelitoral\/","https:\/\/www.youtube.com\/channel\/UCua4Qvz8Icb6MYqhoq9xLXw"]},{"@type":"Person","@id":"https:\/\/informelitoral.com.ar\/#\/schema\/person\/f05f9f461677119578717524b127d6d5","name":"Sebastian","image":{"@type":"ImageObject","inLanguage":"es","@id":"https:\/\/secure.gravatar.com\/avatar\/b71bf7481d447dfb9583c7f2798e7cc64de6efb9067b74633ed8c31059a3bd82?s=96&d=mm&r=g","url":"https:\/\/secure.gravatar.com\/avatar\/b71bf7481d447dfb9583c7f2798e7cc64de6efb9067b74633ed8c31059a3bd82?s=96&d=mm&r=g","contentUrl":"https:\/\/secure.gravatar.com\/avatar\/b71bf7481d447dfb9583c7f2798e7cc64de6efb9067b74633ed8c31059a3bd82?s=96&d=mm&r=g","caption":"Sebastian"},"url":"https:\/\/informelitoral.com.ar\/author\/sebastian\/"}]}},"_links":{"self":[{"href":"https:\/\/informelitoral.com.ar\/%77%70%2d%6a%73%6f%6e\/wp\/v2\/posts\/67729","targetHints":{"allow":["GET"]}}],"collection":[{"href":"https:\/\/informelitoral.com.ar\/%77%70%2d%6a%73%6f%6e\/wp\/v2\/posts"}],"about":[{"href":"https:\/\/informelitoral.com.ar\/%77%70%2d%6a%73%6f%6e\/wp\/v2\/types\/post"}],"author":[{"embeddable":true,"href":"https:\/\/informelitoral.com.ar\/%77%70%2d%6a%73%6f%6e\/wp\/v2\/users\/8"}],"replies":[{"embeddable":true,"href":"https:\/\/informelitoral.com.ar\/%77%70%2d%6a%73%6f%6e\/wp\/v2\/comments?post=67729"}],"version-history":[{"count":0,"href":"https:\/\/informelitoral.com.ar\/%77%70%2d%6a%73%6f%6e\/wp\/v2\/posts\/67729\/revisions"}],"wp:featuredmedia":[{"embeddable":true,"href":"https:\/\/informelitoral.com.ar\/%77%70%2d%6a%73%6f%6e\/wp\/v2\/media\/59453"}],"wp:attachment":[{"href":"https:\/\/informelitoral.com.ar\/%77%70%2d%6a%73%6f%6e\/wp\/v2\/media?parent=67729"}],"wp:term":[{"taxonomy":"category","embeddable":true,"href":"https:\/\/informelitoral.com.ar\/%77%70%2d%6a%73%6f%6e\/wp\/v2\/categories?post=67729"},{"taxonomy":"post_tag","embeddable":true,"href":"https:\/\/informelitoral.com.ar\/%77%70%2d%6a%73%6f%6e\/wp\/v2\/tags?post=67729"}],"curies":[{"name":"wp","href":"https:\/\/api.w.org\/{rel}","templated":true}]}}