{"id":67717,"date":"2021-11-17T23:40:25","date_gmt":"2021-11-18T02:40:25","guid":{"rendered":"https:\/\/www.informelitoral.com.ar\/?p=67717"},"modified":"2021-11-18T07:07:41","modified_gmt":"2021-11-18T10:07:41","slug":"coopar-ocupa-la-presidencia-de-cafer","status":"publish","type":"post","link":"https:\/\/informelitoral.com.ar\/coopar-ocupa-la-presidencia-de-cafer\/","title":{"rendered":"Coopar ocupa la presidencia de CAFER"},"content":{"rendered":"<p>El pasado 5 de noviembre se desarroll\u00f3 en la sede de <strong>Cooperativas Agropecuarias Federadas de Entre R\u00edos -CAFER- Cooperativa Limitada,<\/strong> la <strong>Asamblea General Ordinaria<\/strong> correspondiente al ejercicio N\u00ba 22 de la entidad. Pasada la hora prevista, se comenz\u00f3 la misma con un <strong>minuto de silencio en memoria de dos miembros fallecidos<\/strong>, como lo fueron <strong>Daniel Orlando Kindebaluc<\/strong> y <strong>Eugenio Gabriel Reichel,<\/strong> seguidamente se procedi\u00f3 a la lectura de la memoria y balance, el cual fue aprobado y como viene siendo habitual el excedente por decisi\u00f3n de las cooperativas fue capitalizado.<\/p>\n<p>Todos quienes hicieron uso de la palabra concluyeron que fue un a\u00f1o particularmente dif\u00edcil, tanto por la pandemia, como por la coyuntura econ\u00f3mica y clim\u00e1tica, pero a su vez se comprometieron a seguir fortaleciendo la entidad, para que pueda seguir siendo un instrumento valioso, para todo el sector cooperativo. Sobre todo para hacer frente a los desaf\u00edos y los cambios, que vendr\u00e1n despu\u00e9s del Covid-19.<\/p>\n<h3><strong>Nuevo Consejo de Administraci\u00f3n\u00a0<\/strong><\/h3>\n<p>As\u00ed qued\u00f3 conformado el Consejo de Administraci\u00f3n una vez finalizada la Asamblea:<br \/>\nPresidente Cooperativa Agr\u00edcola Ganadera y de Servicios P\u00fablicos Aranguren Limitada (Coopar), <strong>Juan Adolfo Balbi<\/strong>; vicepresidente de Cooperativa Federal Agr\u00edcola Ganadera de Urdinarrain Limitada, <strong>Ra\u00fal Horacio Koch<\/strong>; secretario de Cooperativa Agropecuaria La Paz Limitada, <strong>Daniel Barol\u00edn<\/strong>; tesorero, Cooperativa Agr\u00edcola Mixta La Protectora Limitada de Galarza, <strong>Diego Sarasola<\/strong>; vocal titular 1\u00ba: Cooperativa de Servicios P\u00fablicos General Jos\u00e9 de San Mart\u00edn Limitada de Segu\u00ed, <strong>Gustavo Bolz\u00e1n<\/strong>; vocal Titular 2\u00b0: Cooperativa Agr\u00edcola Ganadera Le\u00f3n Sola Limitada, <strong>Roberto Enrique Frigo<\/strong>; vocal Suplente: Cooperativa Agr\u00edcola de Servicios P\u00fablicos e Industrial de Viale Coviagro Limitada, <strong>Sergio Pedro Zatti<\/strong>. Sindicatura titular, Cooperativa de Comercio y Transformaci\u00f3n Arroceros de Villa Elisa Limitada, <strong>Gustavo Benay<\/strong>\u00a0 y suplente, Cooperativa de Arroceros de Gualeguaych\u00fa Limitada, <strong>Ernesto Jos\u00e9 Fiorini.<\/strong><\/p>\n","protected":false},"excerpt":{"rendered":"<p>El nuevo consejo de administraci\u00f3n\u00a0se conform\u00f3 en la asamblea llevada a cabo d\u00edas atr\u00e1s. Adem\u00e1s de realizar un homenaje a miembros fallecidos, analizaron el actual contexto y resaltaron la importancia del cooperativismo.<\/p>\n","protected":false},"author":2,"featured_media":67719,"comment_status":"open","ping_status":"open","sticky":false,"template":"","format":"standard","meta":{"fifu_image_url":"","fifu_image_alt":"","footnotes":""},"categories":[10],"tags":[143,2558,1611,137],"class_list":{"0":"post-67717","1":"post","2":"type-post","3":"status-publish","4":"format-standard","5":"has-post-thumbnail","7":"category-campo","8":"tag-aranguren","9":"tag-cafer","10":"tag-coopar","11":"tag-cooperativa"},"yoast_head":"<title>Coopar ocupa la presidencia de CAFER - Informe Litoral<\/title>\n<meta name=\"robots\" content=\"index, follow, max-snippet:-1, max-image-preview:large, max-video-preview:-1\" \/>\n<link rel=\"canonical\" href=\"https:\/\/informelitoral.com.ar\/coopar-ocupa-la-presidencia-de-cafer\/\" \/>\n<meta property=\"og:locale\" content=\"es_ES\" \/>\n<meta property=\"og:type\" content=\"article\" \/>\n<meta property=\"og:title\" content=\"Coopar ocupa la presidencia de CAFER - Informe Litoral\" \/>\n<meta property=\"og:description\" content=\"El nuevo consejo de administraci\u00f3n\u00a0se conform\u00f3 en la asamblea llevada a cabo d\u00edas atr\u00e1s. Adem\u00e1s de realizar un homenaje a miembros fallecidos, analizaron el actual contexto y resaltaron la importancia del cooperativismo.\" \/>\n<meta property=\"og:url\" content=\"https:\/\/informelitoral.com.ar\/coopar-ocupa-la-presidencia-de-cafer\/\" \/>\n<meta property=\"og:site_name\" content=\"Informe Litoral\" \/>\n<meta property=\"article:publisher\" content=\"https:\/\/www.facebook.com\/informelitoral\/\" \/>\n<meta property=\"article:published_time\" content=\"2021-11-18T02:40:25+00:00\" \/>\n<meta property=\"article:modified_time\" content=\"2021-11-18T10:07:41+00:00\" \/>\n<meta property=\"og:image\" content=\"https:\/\/informelitoral.com.ar\/%77%70%2d%63%6f%6e%74%65%6e%74\/uploads\/2021\/11\/256924269_3189973471268617_1104736656180360029_n.jpg\" \/>\n\t<meta property=\"og:image:width\" content=\"1040\" \/>\n\t<meta property=\"og:image:height\" content=\"780\" \/>\n\t<meta property=\"og:image:type\" content=\"image\/jpeg\" \/>\n<meta name=\"author\" content=\"Gonzalo Schmidt\" \/>\n<meta name=\"twitter:card\" content=\"summary_large_image\" \/>\n<meta name=\"twitter:creator\" content=\"@InformeLitoral\" \/>\n<meta name=\"twitter:site\" content=\"@InformeLitoral\" \/>\n<meta name=\"twitter:label1\" content=\"Escrito por\" \/>\n\t<meta name=\"twitter:data1\" content=\"Gonzalo Schmidt\" \/>\n\t<meta name=\"twitter:label2\" content=\"Tiempo de lectura\" \/>\n\t<meta name=\"twitter:data2\" content=\"2 minutos\" \/>\n<script type=\"application\/ld+json\" class=\"yoast-schema-graph\">{\"@context\":\"https:\\\/\\\/schema.org\",\"@graph\":[{\"@type\":\"Article\",\"@id\":\"https:\\\/\\\/informelitoral.com.ar\\\/coopar-ocupa-la-presidencia-de-cafer\\\/#article\",\"isPartOf\":{\"@id\":\"https:\\\/\\\/informelitoral.com.ar\\\/coopar-ocupa-la-presidencia-de-cafer\\\/\"},\"author\":{\"name\":\"Gonzalo Schmidt\",\"@id\":\"https:\\\/\\\/informelitoral.com.ar\\\/#\\\/schema\\\/person\\\/b9d00407c836482871ef1d57bf8e3180\"},\"headline\":\"Coopar ocupa la presidencia de CAFER\",\"datePublished\":\"2021-11-18T02:40:25+00:00\",\"dateModified\":\"2021-11-18T10:07:41+00:00\",\"mainEntityOfPage\":{\"@id\":\"https:\\\/\\\/informelitoral.com.ar\\\/coopar-ocupa-la-presidencia-de-cafer\\\/\"},\"wordCount\":314,\"commentCount\":0,\"publisher\":{\"@id\":\"https:\\\/\\\/informelitoral.com.ar\\\/#organization\"},\"image\":{\"@id\":\"https:\\\/\\\/informelitoral.com.ar\\\/coopar-ocupa-la-presidencia-de-cafer\\\/#primaryimage\"},\"thumbnailUrl\":\"https:\\\/\\\/informelitoral.com.ar\\\/%77%70%2d%63%6f%6e%74%65%6e%74\\\/uploads\\\/2021\\\/11\\\/256924269_3189973471268617_1104736656180360029_n.jpg\",\"keywords\":[\"Aranguren\",\"Cafer\",\"Coopar\",\"Cooperativa\"],\"articleSection\":[\"Campo\"],\"inLanguage\":\"es\",\"potentialAction\":[{\"@type\":\"CommentAction\",\"name\":\"Comment\",\"target\":[\"https:\\\/\\\/informelitoral.com.ar\\\/coopar-ocupa-la-presidencia-de-cafer\\\/#respond\"]}]},{\"@type\":\"WebPage\",\"@id\":\"https:\\\/\\\/informelitoral.com.ar\\\/coopar-ocupa-la-presidencia-de-cafer\\\/\",\"url\":\"https:\\\/\\\/informelitoral.com.ar\\\/coopar-ocupa-la-presidencia-de-cafer\\\/\",\"name\":\"Coopar ocupa la presidencia de CAFER - Informe Litoral\",\"isPartOf\":{\"@id\":\"https:\\\/\\\/informelitoral.com.ar\\\/#website\"},\"primaryImageOfPage\":{\"@id\":\"https:\\\/\\\/informelitoral.com.ar\\\/coopar-ocupa-la-presidencia-de-cafer\\\/#primaryimage\"},\"image\":{\"@id\":\"https:\\\/\\\/informelitoral.com.ar\\\/coopar-ocupa-la-presidencia-de-cafer\\\/#primaryimage\"},\"thumbnailUrl\":\"https:\\\/\\\/informelitoral.com.ar\\\/%77%70%2d%63%6f%6e%74%65%6e%74\\\/uploads\\\/2021\\\/11\\\/256924269_3189973471268617_1104736656180360029_n.jpg\",\"datePublished\":\"2021-11-18T02:40:25+00:00\",\"dateModified\":\"2021-11-18T10:07:41+00:00\",\"breadcrumb\":{\"@id\":\"https:\\\/\\\/informelitoral.com.ar\\\/coopar-ocupa-la-presidencia-de-cafer\\\/#breadcrumb\"},\"inLanguage\":\"es\",\"potentialAction\":[{\"@type\":\"ReadAction\",\"target\":[\"https:\\\/\\\/informelitoral.com.ar\\\/coopar-ocupa-la-presidencia-de-cafer\\\/\"]}]},{\"@type\":\"ImageObject\",\"inLanguage\":\"es\",\"@id\":\"https:\\\/\\\/informelitoral.com.ar\\\/coopar-ocupa-la-presidencia-de-cafer\\\/#primaryimage\",\"url\":\"https:\\\/\\\/informelitoral.com.ar\\\/%77%70%2d%63%6f%6e%74%65%6e%74\\\/uploads\\\/2021\\\/11\\\/256924269_3189973471268617_1104736656180360029_n.jpg\",\"contentUrl\":\"https:\\\/\\\/informelitoral.com.ar\\\/%77%70%2d%63%6f%6e%74%65%6e%74\\\/uploads\\\/2021\\\/11\\\/256924269_3189973471268617_1104736656180360029_n.jpg\",\"width\":1040,\"height\":780},{\"@type\":\"BreadcrumbList\",\"@id\":\"https:\\\/\\\/informelitoral.com.ar\\\/coopar-ocupa-la-presidencia-de-cafer\\\/#breadcrumb\",\"itemListElement\":[{\"@type\":\"ListItem\",\"position\":1,\"name\":\"Portada\",\"item\":\"https:\\\/\\\/informelitoral.com.ar\\\/\"},{\"@type\":\"ListItem\",\"position\":2,\"name\":\"Coopar ocupa la presidencia de CAFER\"}]},{\"@type\":\"WebSite\",\"@id\":\"https:\\\/\\\/informelitoral.com.ar\\\/#website\",\"url\":\"https:\\\/\\\/informelitoral.com.ar\\\/\",\"name\":\"Informe Litoral\",\"description\":\"&quot;Nos informamos&quot; \",\"publisher\":{\"@id\":\"https:\\\/\\\/informelitoral.com.ar\\\/#organization\"},\"potentialAction\":[{\"@type\":\"SearchAction\",\"target\":{\"@type\":\"EntryPoint\",\"urlTemplate\":\"https:\\\/\\\/informelitoral.com.ar\\\/?s={search_term_string}\"},\"query-input\":{\"@type\":\"PropertyValueSpecification\",\"valueRequired\":true,\"valueName\":\"search_term_string\"}}],\"inLanguage\":\"es\"},{\"@type\":\"Organization\",\"@id\":\"https:\\\/\\\/informelitoral.com.ar\\\/#organization\",\"name\":\"Informe Litoral\",\"url\":\"https:\\\/\\\/informelitoral.com.ar\\\/\",\"logo\":{\"@type\":\"ImageObject\",\"inLanguage\":\"es\",\"@id\":\"https:\\\/\\\/informelitoral.com.ar\\\/#\\\/schema\\\/logo\\\/image\\\/\",\"url\":\"https:\\\/\\\/informelitoral.com.ar\\\/%77%70%2d%63%6f%6e%74%65%6e%74\\\/uploads\\\/2021\\\/01\\\/circulo.png\",\"contentUrl\":\"https:\\\/\\\/informelitoral.com.ar\\\/%77%70%2d%63%6f%6e%74%65%6e%74\\\/uploads\\\/2021\\\/01\\\/circulo.png\",\"width\":723,\"height\":731,\"caption\":\"Informe Litoral\"},\"image\":{\"@id\":\"https:\\\/\\\/informelitoral.com.ar\\\/#\\\/schema\\\/logo\\\/image\\\/\"},\"sameAs\":[\"https:\\\/\\\/www.facebook.com\\\/informelitoral\\\/\",\"https:\\\/\\\/x.com\\\/InformeLitoral\",\"https:\\\/\\\/www.instagram.com\\\/informelitoral\\\/\",\"https:\\\/\\\/www.youtube.com\\\/channel\\\/UCua4Qvz8Icb6MYqhoq9xLXw\"]},{\"@type\":\"Person\",\"@id\":\"https:\\\/\\\/informelitoral.com.ar\\\/#\\\/schema\\\/person\\\/b9d00407c836482871ef1d57bf8e3180\",\"name\":\"Gonzalo Schmidt\",\"image\":{\"@type\":\"ImageObject\",\"inLanguage\":\"es\",\"@id\":\"https:\\\/\\\/secure.gravatar.com\\\/avatar\\\/31a1a7b66ff2de83bd0e9fd79d026630d2d99e55e8bfe501287647b4fd9743de?s=96&d=mm&r=g\",\"url\":\"https:\\\/\\\/secure.gravatar.com\\\/avatar\\\/31a1a7b66ff2de83bd0e9fd79d026630d2d99e55e8bfe501287647b4fd9743de?s=96&d=mm&r=g\",\"contentUrl\":\"https:\\\/\\\/secure.gravatar.com\\\/avatar\\\/31a1a7b66ff2de83bd0e9fd79d026630d2d99e55e8bfe501287647b4fd9743de?s=96&d=mm&r=g\",\"caption\":\"Gonzalo Schmidt\"},\"description\":\"Sitio web de noticias de la provincia de Entre R\u00edos, Argentina. Informaci\u00f3n y entretenimiento. Informe Litoral, nos informamos.\",\"sameAs\":[\"http:\\\/\\\/www.isletasnoticias.com.ar\"],\"url\":\"https:\\\/\\\/informelitoral.com.ar\\\/author\\\/gonzalo\\\/\"}]}<\/script>","yoast_head_json":{"title":"Coopar ocupa la presidencia de CAFER - Informe Litoral","robots":{"index":"index","follow":"follow","max-snippet":"max-snippet:-1","max-image-preview":"max-image-preview:large","max-video-preview":"max-video-preview:-1"},"canonical":"https:\/\/informelitoral.com.ar\/coopar-ocupa-la-presidencia-de-cafer\/","og_locale":"es_ES","og_type":"article","og_title":"Coopar ocupa la presidencia de CAFER - Informe Litoral","og_description":"El nuevo consejo de administraci\u00f3n\u00a0se conform\u00f3 en la asamblea llevada a cabo d\u00edas atr\u00e1s. Adem\u00e1s de realizar un homenaje a miembros fallecidos, analizaron el actual contexto y resaltaron la importancia del cooperativismo.","og_url":"https:\/\/informelitoral.com.ar\/coopar-ocupa-la-presidencia-de-cafer\/","og_site_name":"Informe Litoral","article_publisher":"https:\/\/www.facebook.com\/informelitoral\/","article_published_time":"2021-11-18T02:40:25+00:00","article_modified_time":"2021-11-18T10:07:41+00:00","og_image":[{"width":1040,"height":780,"url":"https:\/\/informelitoral.com.ar\/%77%70%2d%63%6f%6e%74%65%6e%74\/uploads\/2021\/11\/256924269_3189973471268617_1104736656180360029_n.jpg","type":"image\/jpeg"}],"author":"Gonzalo Schmidt","twitter_card":"summary_large_image","twitter_creator":"@InformeLitoral","twitter_site":"@InformeLitoral","twitter_misc":{"Escrito por":"Gonzalo Schmidt","Tiempo de lectura":"2 minutos"},"schema":{"@context":"https:\/\/schema.org","@graph":[{"@type":"Article","@id":"https:\/\/informelitoral.com.ar\/coopar-ocupa-la-presidencia-de-cafer\/#article","isPartOf":{"@id":"https:\/\/informelitoral.com.ar\/coopar-ocupa-la-presidencia-de-cafer\/"},"author":{"name":"Gonzalo Schmidt","@id":"https:\/\/informelitoral.com.ar\/#\/schema\/person\/b9d00407c836482871ef1d57bf8e3180"},"headline":"Coopar ocupa la presidencia de CAFER","datePublished":"2021-11-18T02:40:25+00:00","dateModified":"2021-11-18T10:07:41+00:00","mainEntityOfPage":{"@id":"https:\/\/informelitoral.com.ar\/coopar-ocupa-la-presidencia-de-cafer\/"},"wordCount":314,"commentCount":0,"publisher":{"@id":"https:\/\/informelitoral.com.ar\/#organization"},"image":{"@id":"https:\/\/informelitoral.com.ar\/coopar-ocupa-la-presidencia-de-cafer\/#primaryimage"},"thumbnailUrl":"https:\/\/informelitoral.com.ar\/%77%70%2d%63%6f%6e%74%65%6e%74\/uploads\/2021\/11\/256924269_3189973471268617_1104736656180360029_n.jpg","keywords":["Aranguren","Cafer","Coopar","Cooperativa"],"articleSection":["Campo"],"inLanguage":"es","potentialAction":[{"@type":"CommentAction","name":"Comment","target":["https:\/\/informelitoral.com.ar\/coopar-ocupa-la-presidencia-de-cafer\/#respond"]}]},{"@type":"WebPage","@id":"https:\/\/informelitoral.com.ar\/coopar-ocupa-la-presidencia-de-cafer\/","url":"https:\/\/informelitoral.com.ar\/coopar-ocupa-la-presidencia-de-cafer\/","name":"Coopar ocupa la presidencia de CAFER - Informe Litoral","isPartOf":{"@id":"https:\/\/informelitoral.com.ar\/#website"},"primaryImageOfPage":{"@id":"https:\/\/informelitoral.com.ar\/coopar-ocupa-la-presidencia-de-cafer\/#primaryimage"},"image":{"@id":"https:\/\/informelitoral.com.ar\/coopar-ocupa-la-presidencia-de-cafer\/#primaryimage"},"thumbnailUrl":"https:\/\/informelitoral.com.ar\/%77%70%2d%63%6f%6e%74%65%6e%74\/uploads\/2021\/11\/256924269_3189973471268617_1104736656180360029_n.jpg","datePublished":"2021-11-18T02:40:25+00:00","dateModified":"2021-11-18T10:07:41+00:00","breadcrumb":{"@id":"https:\/\/informelitoral.com.ar\/coopar-ocupa-la-presidencia-de-cafer\/#breadcrumb"},"inLanguage":"es","potentialAction":[{"@type":"ReadAction","target":["https:\/\/informelitoral.com.ar\/coopar-ocupa-la-presidencia-de-cafer\/"]}]},{"@type":"ImageObject","inLanguage":"es","@id":"https:\/\/informelitoral.com.ar\/coopar-ocupa-la-presidencia-de-cafer\/#primaryimage","url":"https:\/\/informelitoral.com.ar\/%77%70%2d%63%6f%6e%74%65%6e%74\/uploads\/2021\/11\/256924269_3189973471268617_1104736656180360029_n.jpg","contentUrl":"https:\/\/informelitoral.com.ar\/%77%70%2d%63%6f%6e%74%65%6e%74\/uploads\/2021\/11\/256924269_3189973471268617_1104736656180360029_n.jpg","width":1040,"height":780},{"@type":"BreadcrumbList","@id":"https:\/\/informelitoral.com.ar\/coopar-ocupa-la-presidencia-de-cafer\/#breadcrumb","itemListElement":[{"@type":"ListItem","position":1,"name":"Portada","item":"https:\/\/informelitoral.com.ar\/"},{"@type":"ListItem","position":2,"name":"Coopar ocupa la presidencia de CAFER"}]},{"@type":"WebSite","@id":"https:\/\/informelitoral.com.ar\/#website","url":"https:\/\/informelitoral.com.ar\/","name":"Informe Litoral","description":"&quot;Nos informamos&quot; ","publisher":{"@id":"https:\/\/informelitoral.com.ar\/#organization"},"potentialAction":[{"@type":"SearchAction","target":{"@type":"EntryPoint","urlTemplate":"https:\/\/informelitoral.com.ar\/?s={search_term_string}"},"query-input":{"@type":"PropertyValueSpecification","valueRequired":true,"valueName":"search_term_string"}}],"inLanguage":"es"},{"@type":"Organization","@id":"https:\/\/informelitoral.com.ar\/#organization","name":"Informe Litoral","url":"https:\/\/informelitoral.com.ar\/","logo":{"@type":"ImageObject","inLanguage":"es","@id":"https:\/\/informelitoral.com.ar\/#\/schema\/logo\/image\/","url":"https:\/\/informelitoral.com.ar\/%77%70%2d%63%6f%6e%74%65%6e%74\/uploads\/2021\/01\/circulo.png","contentUrl":"https:\/\/informelitoral.com.ar\/%77%70%2d%63%6f%6e%74%65%6e%74\/uploads\/2021\/01\/circulo.png","width":723,"height":731,"caption":"Informe Litoral"},"image":{"@id":"https:\/\/informelitoral.com.ar\/#\/schema\/logo\/image\/"},"sameAs":["https:\/\/www.facebook.com\/informelitoral\/","https:\/\/x.com\/InformeLitoral","https:\/\/www.instagram.com\/informelitoral\/","https:\/\/www.youtube.com\/channel\/UCua4Qvz8Icb6MYqhoq9xLXw"]},{"@type":"Person","@id":"https:\/\/informelitoral.com.ar\/#\/schema\/person\/b9d00407c836482871ef1d57bf8e3180","name":"Gonzalo Schmidt","image":{"@type":"ImageObject","inLanguage":"es","@id":"https:\/\/secure.gravatar.com\/avatar\/31a1a7b66ff2de83bd0e9fd79d026630d2d99e55e8bfe501287647b4fd9743de?s=96&d=mm&r=g","url":"https:\/\/secure.gravatar.com\/avatar\/31a1a7b66ff2de83bd0e9fd79d026630d2d99e55e8bfe501287647b4fd9743de?s=96&d=mm&r=g","contentUrl":"https:\/\/secure.gravatar.com\/avatar\/31a1a7b66ff2de83bd0e9fd79d026630d2d99e55e8bfe501287647b4fd9743de?s=96&d=mm&r=g","caption":"Gonzalo Schmidt"},"description":"Sitio web de noticias de la provincia de Entre R\u00edos, Argentina. Informaci\u00f3n y entretenimiento. Informe Litoral, nos informamos.","sameAs":["http:\/\/www.isletasnoticias.com.ar"],"url":"https:\/\/informelitoral.com.ar\/author\/gonzalo\/"}]}},"_links":{"self":[{"href":"https:\/\/informelitoral.com.ar\/%77%70%2d%6a%73%6f%6e\/wp\/v2\/posts\/67717","targetHints":{"allow":["GET"]}}],"collection":[{"href":"https:\/\/informelitoral.com.ar\/%77%70%2d%6a%73%6f%6e\/wp\/v2\/posts"}],"about":[{"href":"https:\/\/informelitoral.com.ar\/%77%70%2d%6a%73%6f%6e\/wp\/v2\/types\/post"}],"author":[{"embeddable":true,"href":"https:\/\/informelitoral.com.ar\/%77%70%2d%6a%73%6f%6e\/wp\/v2\/users\/2"}],"replies":[{"embeddable":true,"href":"https:\/\/informelitoral.com.ar\/%77%70%2d%6a%73%6f%6e\/wp\/v2\/comments?post=67717"}],"version-history":[{"count":0,"href":"https:\/\/informelitoral.com.ar\/%77%70%2d%6a%73%6f%6e\/wp\/v2\/posts\/67717\/revisions"}],"wp:featuredmedia":[{"embeddable":true,"href":"https:\/\/informelitoral.com.ar\/%77%70%2d%6a%73%6f%6e\/wp\/v2\/media\/67719"}],"wp:attachment":[{"href":"https:\/\/informelitoral.com.ar\/%77%70%2d%6a%73%6f%6e\/wp\/v2\/media?parent=67717"}],"wp:term":[{"taxonomy":"category","embeddable":true,"href":"https:\/\/informelitoral.com.ar\/%77%70%2d%6a%73%6f%6e\/wp\/v2\/categories?post=67717"},{"taxonomy":"post_tag","embeddable":true,"href":"https:\/\/informelitoral.com.ar\/%77%70%2d%6a%73%6f%6e\/wp\/v2\/tags?post=67717"}],"curies":[{"name":"wp","href":"https:\/\/api.w.org\/{rel}","templated":true}]}}