{"id":676,"date":"2013-04-01T18:41:10","date_gmt":"2013-04-01T21:41:10","guid":{"rendered":"http:\/\/www.isletasnoticias.com.ar\/?p=676"},"modified":"2013-04-01T18:42:05","modified_gmt":"2013-04-01T21:42:05","slug":"situacion-comprometida-de-los-pequenos-productores","status":"publish","type":"post","link":"https:\/\/informelitoral.com.ar\/situacion-comprometida-de-los-pequenos-productores\/","title":{"rendered":"Situaci\u00f3n \u00abcomprometida\u00bb de los peque\u00f1os productores"},"content":{"rendered":"<div><strong>Federaci\u00f3n Agraria Entre R\u00edos destac\u00f3 que<em> \u00absi el productor no tiene las condiciones m\u00ednimas para encarar la nueva campa\u00f1a, crecer\u00e1 el malestar y las acciones gremiales\u00bb.<\/em><\/strong><\/div>\n<div>\n<div style=\"display: inline !important;\">\n<p style=\"display: inline !important; text-align: center;\"><a href=\"http:\/\/www.isletasnoticias.com.ar\/%77%70%2d%63%6f%6e%74%65%6e%74\/uploads\/2013\/04\/LOCALES-campo-1024x767.jpg\"><img loading=\"lazy\" decoding=\"async\" class=\"size-medium wp-image-677 aligncenter\" alt=\"LOCALES-campo-1024x767\" src=\"http:\/\/www.isletasnoticias.com.ar\/%77%70%2d%63%6f%6e%74%65%6e%74\/uploads\/2013\/04\/LOCALES-campo-1024x767-300x224.jpg\" width=\"300\" height=\"224\" srcset=\"https:\/\/informelitoral.com.ar\/%77%70%2d%63%6f%6e%74%65%6e%74\/uploads\/2013\/04\/LOCALES-campo-1024x767-300x224.jpg 300w, https:\/\/informelitoral.com.ar\/%77%70%2d%63%6f%6e%74%65%6e%74\/uploads\/2013\/04\/LOCALES-campo-1024x767.jpg 1024w\" sizes=\"auto, (max-width: 300px) 100vw, 300px\" \/><\/a>La Federaci\u00f3n Agraria de Entre R\u00edos\u00a0alert\u00f3 hoy que <em>\u00abd\u00eda a d\u00eda es m\u00e1s comprometida\u00bb<\/em> la situaci\u00f3n econ\u00f3mica de los peque\u00f1os y medianos productores de este distrito, debido a las p\u00e9rdidas registradas en la producci\u00f3n sojera y la p\u00e9rdida de <em>\u00abrentabilidad\u00bb<\/em>, y reclam\u00f3 incentivos para avanzar con la pr\u00f3xima siembra de trigo.<\/p>\n<\/div>\n<div style=\"display: inline !important;\">\n<p style=\"display: inline !important;\">A trav\u00e9s de un comunicado, la entidad reclam\u00f3 <em>\u00abdefinir hoy la agenda p\u00fablica de la pol\u00edtica de la pr\u00f3xima campa\u00f1a de cosecha fina\u00bb<\/em> para que productores trigueros opten para invertir en su cultivo.<\/p>\n<\/div>\n<\/div>\n<div>\n<p><em>\u00abSi el productor no tiene las condiciones m\u00ednimas para encarar la nueva campa\u00f1a, crecer\u00e1 el malestar y las acciones gremiales\u00bb<\/em>, indic\u00f3 la FAA de Entre R\u00edos.<\/p>\n<p><em id=\"__mceDel\">\u00abla cosecha de soja de la presente campa\u00f1a va a ser muy baja y la rentabilidad va a ser casi nula por el incremento de los costos y los bajos rindes, y para la nueva campa\u00f1a de trigo no existe ninguna condici\u00f3n favorable para implatar el cultivo\u00bb.<\/em><\/p>\n<div>\n<p>Explicaron que los peque\u00f1os y medianos productores<em> \u00absoportan\u00bb<\/em> incrementos de costos de producci\u00f3n, aumentos de impuestos, presi\u00f3n de la AFIP, control de precios y de exportaciones, y las dificultades clim\u00e1ticas.<\/p>\n<p>La FAA de Entre R\u00edos tambi\u00e9n reclam\u00f3 <em>\u00abel inmediato tratamiento de la problem\u00e1tica de los arrendamientos\u00bb<\/em> y solicit\u00f3 que <em>\u00abcada una de las econom\u00edas regionales reciban el trato de una pol\u00edtica diferenciada que devuelva la posibilidad primero de permanecer produciendo\u00bb.<\/em><\/p>\n<\/div>\n<\/div>\n<div>Fuente: La Nacion<\/div>\n<div><\/div>\n","protected":false},"excerpt":{"rendered":"<p>Federaci&oacute;n Agraria Entre R&iacute;os destac&oacute; que &laquo;si el productor no tiene las condiciones m&iacute;nimas para encarar la nueva campa&ntilde;a, crecer&aacute; el malestar y las acciones gremiales&raquo;. La Federaci&oacute;n Agraria de Entre R&iacute;os&nbsp;alert&oacute; hoy que &laquo;d&iacute;a a d&iacute;a es m&aacute;s comprometida&raquo; la situaci&oacute;n econ&oacute;mica de los peque&ntilde;os y medianos productores de este distrito, debido a las [&hellip;]<\/p>\n","protected":false},"author":2,"featured_media":0,"comment_status":"open","ping_status":"open","sticky":false,"template":"","format":"standard","meta":{"fifu_image_url":"","fifu_image_alt":"","footnotes":""},"categories":[10],"tags":[],"class_list":{"0":"post-676","1":"post","2":"type-post","3":"status-publish","4":"format-standard","6":"category-campo"},"yoast_head":"<title>Situaci\u00f3n &quot;comprometida&quot; de los peque\u00f1os productores  - Informe Litoral<\/title>\n<meta name=\"robots\" content=\"index, follow, max-snippet:-1, max-image-preview:large, max-video-preview:-1\" \/>\n<link rel=\"canonical\" href=\"https:\/\/informelitoral.com.ar\/situacion-comprometida-de-los-pequenos-productores\/\" \/>\n<meta property=\"og:locale\" content=\"es_ES\" \/>\n<meta property=\"og:type\" content=\"article\" \/>\n<meta property=\"og:title\" content=\"Situaci\u00f3n &quot;comprometida&quot; de los peque\u00f1os productores  - Informe Litoral\" \/>\n<meta property=\"og:description\" content=\"Federaci&oacute;n Agraria Entre R&iacute;os destac&oacute; que &laquo;si el productor no tiene las condiciones m&iacute;nimas para encarar la nueva campa&ntilde;a, crecer&aacute; el malestar y las acciones gremiales&raquo;. La Federaci&oacute;n Agraria de Entre R&iacute;os&nbsp;alert&oacute; hoy que &laquo;d&iacute;a a d&iacute;a es m&aacute;s comprometida&raquo; la situaci&oacute;n econ&oacute;mica de los peque&ntilde;os y medianos productores de este distrito, debido a las [&hellip;]\" \/>\n<meta property=\"og:url\" content=\"https:\/\/informelitoral.com.ar\/situacion-comprometida-de-los-pequenos-productores\/\" \/>\n<meta property=\"og:site_name\" content=\"Informe Litoral\" \/>\n<meta property=\"article:publisher\" content=\"https:\/\/www.facebook.com\/informelitoral\/\" \/>\n<meta property=\"article:published_time\" content=\"2013-04-01T21:41:10+00:00\" \/>\n<meta property=\"article:modified_time\" content=\"2013-04-01T21:42:05+00:00\" \/>\n<meta property=\"og:image\" content=\"https:\/\/informelitoral.com.ar\/%77%70%2d%63%6f%6e%74%65%6e%74\/uploads\/2013\/04\/LOCALES-campo-1024x767.jpg\" \/>\n\t<meta property=\"og:image:width\" content=\"1024\" \/>\n\t<meta property=\"og:image:height\" content=\"767\" \/>\n\t<meta property=\"og:image:type\" content=\"image\/jpeg\" \/>\n<meta name=\"author\" content=\"Gonzalo Schmidt\" \/>\n<meta name=\"twitter:card\" content=\"summary_large_image\" \/>\n<meta name=\"twitter:creator\" content=\"@InformeLitoral\" \/>\n<meta name=\"twitter:site\" content=\"@InformeLitoral\" \/>\n<meta name=\"twitter:label1\" content=\"Escrito por\" \/>\n\t<meta name=\"twitter:data1\" content=\"Gonzalo Schmidt\" \/>\n\t<meta name=\"twitter:label2\" content=\"Tiempo de lectura\" \/>\n\t<meta name=\"twitter:data2\" content=\"1 minuto\" \/>\n<script type=\"application\/ld+json\" class=\"yoast-schema-graph\">{\"@context\":\"https:\\\/\\\/schema.org\",\"@graph\":[{\"@type\":\"Article\",\"@id\":\"https:\\\/\\\/informelitoral.com.ar\\\/situacion-comprometida-de-los-pequenos-productores\\\/#article\",\"isPartOf\":{\"@id\":\"https:\\\/\\\/informelitoral.com.ar\\\/situacion-comprometida-de-los-pequenos-productores\\\/\"},\"author\":{\"name\":\"Gonzalo Schmidt\",\"@id\":\"https:\\\/\\\/informelitoral.com.ar\\\/#\\\/schema\\\/person\\\/b9d00407c836482871ef1d57bf8e3180\"},\"headline\":\"Situaci\u00f3n \u00abcomprometida\u00bb de los peque\u00f1os productores\",\"datePublished\":\"2013-04-01T21:41:10+00:00\",\"dateModified\":\"2013-04-01T21:42:05+00:00\",\"mainEntityOfPage\":{\"@id\":\"https:\\\/\\\/informelitoral.com.ar\\\/situacion-comprometida-de-los-pequenos-productores\\\/\"},\"wordCount\":301,\"commentCount\":0,\"publisher\":{\"@id\":\"https:\\\/\\\/informelitoral.com.ar\\\/#organization\"},\"image\":{\"@id\":\"https:\\\/\\\/informelitoral.com.ar\\\/situacion-comprometida-de-los-pequenos-productores\\\/#primaryimage\"},\"thumbnailUrl\":\"http:\\\/\\\/www.isletasnoticias.com.ar\\\/%77%70%2d%63%6f%6e%74%65%6e%74\\\/uploads\\\/2013\\\/04\\\/LOCALES-campo-1024x767-300x224.jpg\",\"articleSection\":[\"Campo\"],\"inLanguage\":\"es\",\"potentialAction\":[{\"@type\":\"CommentAction\",\"name\":\"Comment\",\"target\":[\"https:\\\/\\\/informelitoral.com.ar\\\/situacion-comprometida-de-los-pequenos-productores\\\/#respond\"]}]},{\"@type\":\"WebPage\",\"@id\":\"https:\\\/\\\/informelitoral.com.ar\\\/situacion-comprometida-de-los-pequenos-productores\\\/\",\"url\":\"https:\\\/\\\/informelitoral.com.ar\\\/situacion-comprometida-de-los-pequenos-productores\\\/\",\"name\":\"Situaci\u00f3n \\\"comprometida\\\" de los peque\u00f1os productores - Informe Litoral\",\"isPartOf\":{\"@id\":\"https:\\\/\\\/informelitoral.com.ar\\\/#website\"},\"primaryImageOfPage\":{\"@id\":\"https:\\\/\\\/informelitoral.com.ar\\\/situacion-comprometida-de-los-pequenos-productores\\\/#primaryimage\"},\"image\":{\"@id\":\"https:\\\/\\\/informelitoral.com.ar\\\/situacion-comprometida-de-los-pequenos-productores\\\/#primaryimage\"},\"thumbnailUrl\":\"http:\\\/\\\/www.isletasnoticias.com.ar\\\/%77%70%2d%63%6f%6e%74%65%6e%74\\\/uploads\\\/2013\\\/04\\\/LOCALES-campo-1024x767-300x224.jpg\",\"datePublished\":\"2013-04-01T21:41:10+00:00\",\"dateModified\":\"2013-04-01T21:42:05+00:00\",\"breadcrumb\":{\"@id\":\"https:\\\/\\\/informelitoral.com.ar\\\/situacion-comprometida-de-los-pequenos-productores\\\/#breadcrumb\"},\"inLanguage\":\"es\",\"potentialAction\":[{\"@type\":\"ReadAction\",\"target\":[\"https:\\\/\\\/informelitoral.com.ar\\\/situacion-comprometida-de-los-pequenos-productores\\\/\"]}]},{\"@type\":\"ImageObject\",\"inLanguage\":\"es\",\"@id\":\"https:\\\/\\\/informelitoral.com.ar\\\/situacion-comprometida-de-los-pequenos-productores\\\/#primaryimage\",\"url\":\"http:\\\/\\\/www.isletasnoticias.com.ar\\\/%77%70%2d%63%6f%6e%74%65%6e%74\\\/uploads\\\/2013\\\/04\\\/LOCALES-campo-1024x767-300x224.jpg\",\"contentUrl\":\"http:\\\/\\\/www.isletasnoticias.com.ar\\\/%77%70%2d%63%6f%6e%74%65%6e%74\\\/uploads\\\/2013\\\/04\\\/LOCALES-campo-1024x767-300x224.jpg\"},{\"@type\":\"BreadcrumbList\",\"@id\":\"https:\\\/\\\/informelitoral.com.ar\\\/situacion-comprometida-de-los-pequenos-productores\\\/#breadcrumb\",\"itemListElement\":[{\"@type\":\"ListItem\",\"position\":1,\"name\":\"Portada\",\"item\":\"https:\\\/\\\/informelitoral.com.ar\\\/\"},{\"@type\":\"ListItem\",\"position\":2,\"name\":\"Situaci\u00f3n \u00abcomprometida\u00bb de los peque\u00f1os productores\"}]},{\"@type\":\"WebSite\",\"@id\":\"https:\\\/\\\/informelitoral.com.ar\\\/#website\",\"url\":\"https:\\\/\\\/informelitoral.com.ar\\\/\",\"name\":\"Informe Litoral\",\"description\":\"&quot;Nos informamos&quot; \",\"publisher\":{\"@id\":\"https:\\\/\\\/informelitoral.com.ar\\\/#organization\"},\"potentialAction\":[{\"@type\":\"SearchAction\",\"target\":{\"@type\":\"EntryPoint\",\"urlTemplate\":\"https:\\\/\\\/informelitoral.com.ar\\\/?s={search_term_string}\"},\"query-input\":{\"@type\":\"PropertyValueSpecification\",\"valueRequired\":true,\"valueName\":\"search_term_string\"}}],\"inLanguage\":\"es\"},{\"@type\":\"Organization\",\"@id\":\"https:\\\/\\\/informelitoral.com.ar\\\/#organization\",\"name\":\"Informe Litoral\",\"url\":\"https:\\\/\\\/informelitoral.com.ar\\\/\",\"logo\":{\"@type\":\"ImageObject\",\"inLanguage\":\"es\",\"@id\":\"https:\\\/\\\/informelitoral.com.ar\\\/#\\\/schema\\\/logo\\\/image\\\/\",\"url\":\"https:\\\/\\\/informelitoral.com.ar\\\/%77%70%2d%63%6f%6e%74%65%6e%74\\\/uploads\\\/2021\\\/01\\\/circulo.png\",\"contentUrl\":\"https:\\\/\\\/informelitoral.com.ar\\\/%77%70%2d%63%6f%6e%74%65%6e%74\\\/uploads\\\/2021\\\/01\\\/circulo.png\",\"width\":723,\"height\":731,\"caption\":\"Informe Litoral\"},\"image\":{\"@id\":\"https:\\\/\\\/informelitoral.com.ar\\\/#\\\/schema\\\/logo\\\/image\\\/\"},\"sameAs\":[\"https:\\\/\\\/www.facebook.com\\\/informelitoral\\\/\",\"https:\\\/\\\/x.com\\\/InformeLitoral\",\"https:\\\/\\\/www.instagram.com\\\/informelitoral\\\/\",\"https:\\\/\\\/www.youtube.com\\\/channel\\\/UCua4Qvz8Icb6MYqhoq9xLXw\"]},{\"@type\":\"Person\",\"@id\":\"https:\\\/\\\/informelitoral.com.ar\\\/#\\\/schema\\\/person\\\/b9d00407c836482871ef1d57bf8e3180\",\"name\":\"Gonzalo Schmidt\",\"image\":{\"@type\":\"ImageObject\",\"inLanguage\":\"es\",\"@id\":\"https:\\\/\\\/secure.gravatar.com\\\/avatar\\\/31a1a7b66ff2de83bd0e9fd79d026630d2d99e55e8bfe501287647b4fd9743de?s=96&d=mm&r=g\",\"url\":\"https:\\\/\\\/secure.gravatar.com\\\/avatar\\\/31a1a7b66ff2de83bd0e9fd79d026630d2d99e55e8bfe501287647b4fd9743de?s=96&d=mm&r=g\",\"contentUrl\":\"https:\\\/\\\/secure.gravatar.com\\\/avatar\\\/31a1a7b66ff2de83bd0e9fd79d026630d2d99e55e8bfe501287647b4fd9743de?s=96&d=mm&r=g\",\"caption\":\"Gonzalo Schmidt\"},\"description\":\"Sitio web de noticias de la provincia de Entre R\u00edos, Argentina. Informaci\u00f3n y entretenimiento. Informe Litoral, nos informamos.\",\"sameAs\":[\"http:\\\/\\\/www.isletasnoticias.com.ar\"],\"url\":\"https:\\\/\\\/informelitoral.com.ar\\\/author\\\/gonzalo\\\/\"}]}<\/script>","yoast_head_json":{"title":"Situaci\u00f3n \"comprometida\" de los peque\u00f1os productores  - Informe Litoral","robots":{"index":"index","follow":"follow","max-snippet":"max-snippet:-1","max-image-preview":"max-image-preview:large","max-video-preview":"max-video-preview:-1"},"canonical":"https:\/\/informelitoral.com.ar\/situacion-comprometida-de-los-pequenos-productores\/","og_locale":"es_ES","og_type":"article","og_title":"Situaci\u00f3n \"comprometida\" de los peque\u00f1os productores  - Informe Litoral","og_description":"Federaci&oacute;n Agraria Entre R&iacute;os destac&oacute; que &laquo;si el productor no tiene las condiciones m&iacute;nimas para encarar la nueva campa&ntilde;a, crecer&aacute; el malestar y las acciones gremiales&raquo;. La Federaci&oacute;n Agraria de Entre R&iacute;os&nbsp;alert&oacute; hoy que &laquo;d&iacute;a a d&iacute;a es m&aacute;s comprometida&raquo; la situaci&oacute;n econ&oacute;mica de los peque&ntilde;os y medianos productores de este distrito, debido a las [&hellip;]","og_url":"https:\/\/informelitoral.com.ar\/situacion-comprometida-de-los-pequenos-productores\/","og_site_name":"Informe Litoral","article_publisher":"https:\/\/www.facebook.com\/informelitoral\/","article_published_time":"2013-04-01T21:41:10+00:00","article_modified_time":"2013-04-01T21:42:05+00:00","og_image":[{"width":1024,"height":767,"url":"https:\/\/informelitoral.com.ar\/%77%70%2d%63%6f%6e%74%65%6e%74\/uploads\/2013\/04\/LOCALES-campo-1024x767.jpg","type":"image\/jpeg"}],"author":"Gonzalo Schmidt","twitter_card":"summary_large_image","twitter_creator":"@InformeLitoral","twitter_site":"@InformeLitoral","twitter_misc":{"Escrito por":"Gonzalo Schmidt","Tiempo de lectura":"1 minuto"},"schema":{"@context":"https:\/\/schema.org","@graph":[{"@type":"Article","@id":"https:\/\/informelitoral.com.ar\/situacion-comprometida-de-los-pequenos-productores\/#article","isPartOf":{"@id":"https:\/\/informelitoral.com.ar\/situacion-comprometida-de-los-pequenos-productores\/"},"author":{"name":"Gonzalo Schmidt","@id":"https:\/\/informelitoral.com.ar\/#\/schema\/person\/b9d00407c836482871ef1d57bf8e3180"},"headline":"Situaci\u00f3n \u00abcomprometida\u00bb de los peque\u00f1os productores","datePublished":"2013-04-01T21:41:10+00:00","dateModified":"2013-04-01T21:42:05+00:00","mainEntityOfPage":{"@id":"https:\/\/informelitoral.com.ar\/situacion-comprometida-de-los-pequenos-productores\/"},"wordCount":301,"commentCount":0,"publisher":{"@id":"https:\/\/informelitoral.com.ar\/#organization"},"image":{"@id":"https:\/\/informelitoral.com.ar\/situacion-comprometida-de-los-pequenos-productores\/#primaryimage"},"thumbnailUrl":"http:\/\/www.isletasnoticias.com.ar\/%77%70%2d%63%6f%6e%74%65%6e%74\/uploads\/2013\/04\/LOCALES-campo-1024x767-300x224.jpg","articleSection":["Campo"],"inLanguage":"es","potentialAction":[{"@type":"CommentAction","name":"Comment","target":["https:\/\/informelitoral.com.ar\/situacion-comprometida-de-los-pequenos-productores\/#respond"]}]},{"@type":"WebPage","@id":"https:\/\/informelitoral.com.ar\/situacion-comprometida-de-los-pequenos-productores\/","url":"https:\/\/informelitoral.com.ar\/situacion-comprometida-de-los-pequenos-productores\/","name":"Situaci\u00f3n \"comprometida\" de los peque\u00f1os productores - Informe Litoral","isPartOf":{"@id":"https:\/\/informelitoral.com.ar\/#website"},"primaryImageOfPage":{"@id":"https:\/\/informelitoral.com.ar\/situacion-comprometida-de-los-pequenos-productores\/#primaryimage"},"image":{"@id":"https:\/\/informelitoral.com.ar\/situacion-comprometida-de-los-pequenos-productores\/#primaryimage"},"thumbnailUrl":"http:\/\/www.isletasnoticias.com.ar\/%77%70%2d%63%6f%6e%74%65%6e%74\/uploads\/2013\/04\/LOCALES-campo-1024x767-300x224.jpg","datePublished":"2013-04-01T21:41:10+00:00","dateModified":"2013-04-01T21:42:05+00:00","breadcrumb":{"@id":"https:\/\/informelitoral.com.ar\/situacion-comprometida-de-los-pequenos-productores\/#breadcrumb"},"inLanguage":"es","potentialAction":[{"@type":"ReadAction","target":["https:\/\/informelitoral.com.ar\/situacion-comprometida-de-los-pequenos-productores\/"]}]},{"@type":"ImageObject","inLanguage":"es","@id":"https:\/\/informelitoral.com.ar\/situacion-comprometida-de-los-pequenos-productores\/#primaryimage","url":"http:\/\/www.isletasnoticias.com.ar\/%77%70%2d%63%6f%6e%74%65%6e%74\/uploads\/2013\/04\/LOCALES-campo-1024x767-300x224.jpg","contentUrl":"http:\/\/www.isletasnoticias.com.ar\/%77%70%2d%63%6f%6e%74%65%6e%74\/uploads\/2013\/04\/LOCALES-campo-1024x767-300x224.jpg"},{"@type":"BreadcrumbList","@id":"https:\/\/informelitoral.com.ar\/situacion-comprometida-de-los-pequenos-productores\/#breadcrumb","itemListElement":[{"@type":"ListItem","position":1,"name":"Portada","item":"https:\/\/informelitoral.com.ar\/"},{"@type":"ListItem","position":2,"name":"Situaci\u00f3n \u00abcomprometida\u00bb de los peque\u00f1os productores"}]},{"@type":"WebSite","@id":"https:\/\/informelitoral.com.ar\/#website","url":"https:\/\/informelitoral.com.ar\/","name":"Informe Litoral","description":"&quot;Nos informamos&quot; ","publisher":{"@id":"https:\/\/informelitoral.com.ar\/#organization"},"potentialAction":[{"@type":"SearchAction","target":{"@type":"EntryPoint","urlTemplate":"https:\/\/informelitoral.com.ar\/?s={search_term_string}"},"query-input":{"@type":"PropertyValueSpecification","valueRequired":true,"valueName":"search_term_string"}}],"inLanguage":"es"},{"@type":"Organization","@id":"https:\/\/informelitoral.com.ar\/#organization","name":"Informe Litoral","url":"https:\/\/informelitoral.com.ar\/","logo":{"@type":"ImageObject","inLanguage":"es","@id":"https:\/\/informelitoral.com.ar\/#\/schema\/logo\/image\/","url":"https:\/\/informelitoral.com.ar\/%77%70%2d%63%6f%6e%74%65%6e%74\/uploads\/2021\/01\/circulo.png","contentUrl":"https:\/\/informelitoral.com.ar\/%77%70%2d%63%6f%6e%74%65%6e%74\/uploads\/2021\/01\/circulo.png","width":723,"height":731,"caption":"Informe Litoral"},"image":{"@id":"https:\/\/informelitoral.com.ar\/#\/schema\/logo\/image\/"},"sameAs":["https:\/\/www.facebook.com\/informelitoral\/","https:\/\/x.com\/InformeLitoral","https:\/\/www.instagram.com\/informelitoral\/","https:\/\/www.youtube.com\/channel\/UCua4Qvz8Icb6MYqhoq9xLXw"]},{"@type":"Person","@id":"https:\/\/informelitoral.com.ar\/#\/schema\/person\/b9d00407c836482871ef1d57bf8e3180","name":"Gonzalo Schmidt","image":{"@type":"ImageObject","inLanguage":"es","@id":"https:\/\/secure.gravatar.com\/avatar\/31a1a7b66ff2de83bd0e9fd79d026630d2d99e55e8bfe501287647b4fd9743de?s=96&d=mm&r=g","url":"https:\/\/secure.gravatar.com\/avatar\/31a1a7b66ff2de83bd0e9fd79d026630d2d99e55e8bfe501287647b4fd9743de?s=96&d=mm&r=g","contentUrl":"https:\/\/secure.gravatar.com\/avatar\/31a1a7b66ff2de83bd0e9fd79d026630d2d99e55e8bfe501287647b4fd9743de?s=96&d=mm&r=g","caption":"Gonzalo Schmidt"},"description":"Sitio web de noticias de la provincia de Entre R\u00edos, Argentina. Informaci\u00f3n y entretenimiento. Informe Litoral, nos informamos.","sameAs":["http:\/\/www.isletasnoticias.com.ar"],"url":"https:\/\/informelitoral.com.ar\/author\/gonzalo\/"}]}},"_links":{"self":[{"href":"https:\/\/informelitoral.com.ar\/%77%70%2d%6a%73%6f%6e\/wp\/v2\/posts\/676","targetHints":{"allow":["GET"]}}],"collection":[{"href":"https:\/\/informelitoral.com.ar\/%77%70%2d%6a%73%6f%6e\/wp\/v2\/posts"}],"about":[{"href":"https:\/\/informelitoral.com.ar\/%77%70%2d%6a%73%6f%6e\/wp\/v2\/types\/post"}],"author":[{"embeddable":true,"href":"https:\/\/informelitoral.com.ar\/%77%70%2d%6a%73%6f%6e\/wp\/v2\/users\/2"}],"replies":[{"embeddable":true,"href":"https:\/\/informelitoral.com.ar\/%77%70%2d%6a%73%6f%6e\/wp\/v2\/comments?post=676"}],"version-history":[{"count":0,"href":"https:\/\/informelitoral.com.ar\/%77%70%2d%6a%73%6f%6e\/wp\/v2\/posts\/676\/revisions"}],"wp:attachment":[{"href":"https:\/\/informelitoral.com.ar\/%77%70%2d%6a%73%6f%6e\/wp\/v2\/media?parent=676"}],"wp:term":[{"taxonomy":"category","embeddable":true,"href":"https:\/\/informelitoral.com.ar\/%77%70%2d%6a%73%6f%6e\/wp\/v2\/categories?post=676"},{"taxonomy":"post_tag","embeddable":true,"href":"https:\/\/informelitoral.com.ar\/%77%70%2d%6a%73%6f%6e\/wp\/v2\/tags?post=676"}],"curies":[{"name":"wp","href":"https:\/\/api.w.org\/{rel}","templated":true}]}}