{"id":67302,"date":"2021-11-09T18:24:52","date_gmt":"2021-11-09T21:24:52","guid":{"rendered":"https:\/\/www.informelitoral.com.ar\/?p=67302"},"modified":"2021-11-09T18:28:58","modified_gmt":"2021-11-09T21:28:58","slug":"alumnos-de-escuelas-secundarias-visitaron-la-planta-de-silos-de-coopar","status":"publish","type":"post","link":"https:\/\/informelitoral.com.ar\/alumnos-de-escuelas-secundarias-visitaron-la-planta-de-silos-de-coopar\/","title":{"rendered":"Alumnos de escuelas secundarias visitaron la planta de silos de Coopar"},"content":{"rendered":"<p><strong>Estudiantes de escuelas secundarias visitaron las instalaciones de la Cooperativa Agr\u00edcola Ganadera y de Servicios P\u00fablicos Aranguren Limitada (Coopar). La actividad fue organizada por el grupo de mujeres Sembrando Valores de la entidad.<\/strong><\/p>\n<p><a href=\"https:\/\/www.informelitoral.com.ar\/%77%70%2d%63%6f%6e%74%65%6e%74\/uploads\/2021\/11\/252288956_3184419008490730_7399256221110932786_n.jpg\"><img loading=\"lazy\" decoding=\"async\" class=\"aligncenter wp-image-67304 size-large\" src=\"https:\/\/www.informelitoral.com.ar\/%77%70%2d%63%6f%6e%74%65%6e%74\/uploads\/2021\/11\/252288956_3184419008490730_7399256221110932786_n-1024x683.jpg\" alt=\"\" width=\"696\" height=\"464\" srcset=\"https:\/\/informelitoral.com.ar\/%77%70%2d%63%6f%6e%74%65%6e%74\/uploads\/2021\/11\/252288956_3184419008490730_7399256221110932786_n-1024x683.jpg 1024w, https:\/\/informelitoral.com.ar\/%77%70%2d%63%6f%6e%74%65%6e%74\/uploads\/2021\/11\/252288956_3184419008490730_7399256221110932786_n-300x200.jpg 300w, https:\/\/informelitoral.com.ar\/%77%70%2d%63%6f%6e%74%65%6e%74\/uploads\/2021\/11\/252288956_3184419008490730_7399256221110932786_n-768x512.jpg 768w, https:\/\/informelitoral.com.ar\/%77%70%2d%63%6f%6e%74%65%6e%74\/uploads\/2021\/11\/252288956_3184419008490730_7399256221110932786_n-1536x1024.jpg 1536w, https:\/\/informelitoral.com.ar\/%77%70%2d%63%6f%6e%74%65%6e%74\/uploads\/2021\/11\/252288956_3184419008490730_7399256221110932786_n-696x464.jpg 696w, https:\/\/informelitoral.com.ar\/%77%70%2d%63%6f%6e%74%65%6e%74\/uploads\/2021\/11\/252288956_3184419008490730_7399256221110932786_n-1068x712.jpg 1068w, https:\/\/informelitoral.com.ar\/%77%70%2d%63%6f%6e%74%65%6e%74\/uploads\/2021\/11\/252288956_3184419008490730_7399256221110932786_n-630x420.jpg 630w, https:\/\/informelitoral.com.ar\/%77%70%2d%63%6f%6e%74%65%6e%74\/uploads\/2021\/11\/252288956_3184419008490730_7399256221110932786_n.jpg 2048w\" sizes=\"auto, (max-width: 696px) 100vw, 696px\" \/><\/a><\/p>\n<p>El contingente, compuesto por m\u00e1s de 50 personas, estuvo integrado por docentes y alumnos pertenecientes al <strong>Colegio de la Mesopotamia N\u00ba 169 de Victoria<\/strong>; la<strong> Escuela Secundaria N\u00ba 12, Modesta Simona Cepeda de Crucesitas Tercera<\/strong>, departamento Nogoy\u00e1) y la<strong> Escuela de Educaci\u00f3n Agrot\u00e9cnica N\u00b0 49 Crucero ARA General Belgrano de Don Crist\u00f3bal II.<\/strong><\/p>\n<p><a href=\"https:\/\/www.informelitoral.com.ar\/%77%70%2d%63%6f%6e%74%65%6e%74\/uploads\/2021\/11\/253615591_3184417918490839_6609202462605826981_n.jpg\"><img loading=\"lazy\" decoding=\"async\" class=\"aligncenter wp-image-67305 size-large\" src=\"https:\/\/www.informelitoral.com.ar\/%77%70%2d%63%6f%6e%74%65%6e%74\/uploads\/2021\/11\/253615591_3184417918490839_6609202462605826981_n-1024x683.jpg\" alt=\"\" width=\"696\" height=\"464\" srcset=\"https:\/\/informelitoral.com.ar\/%77%70%2d%63%6f%6e%74%65%6e%74\/uploads\/2021\/11\/253615591_3184417918490839_6609202462605826981_n-1024x683.jpg 1024w, https:\/\/informelitoral.com.ar\/%77%70%2d%63%6f%6e%74%65%6e%74\/uploads\/2021\/11\/253615591_3184417918490839_6609202462605826981_n-300x200.jpg 300w, https:\/\/informelitoral.com.ar\/%77%70%2d%63%6f%6e%74%65%6e%74\/uploads\/2021\/11\/253615591_3184417918490839_6609202462605826981_n-768x512.jpg 768w, https:\/\/informelitoral.com.ar\/%77%70%2d%63%6f%6e%74%65%6e%74\/uploads\/2021\/11\/253615591_3184417918490839_6609202462605826981_n-1536x1024.jpg 1536w, https:\/\/informelitoral.com.ar\/%77%70%2d%63%6f%6e%74%65%6e%74\/uploads\/2021\/11\/253615591_3184417918490839_6609202462605826981_n-696x464.jpg 696w, https:\/\/informelitoral.com.ar\/%77%70%2d%63%6f%6e%74%65%6e%74\/uploads\/2021\/11\/253615591_3184417918490839_6609202462605826981_n-1068x712.jpg 1068w, https:\/\/informelitoral.com.ar\/%77%70%2d%63%6f%6e%74%65%6e%74\/uploads\/2021\/11\/253615591_3184417918490839_6609202462605826981_n-630x420.jpg 630w, https:\/\/informelitoral.com.ar\/%77%70%2d%63%6f%6e%74%65%6e%74\/uploads\/2021\/11\/253615591_3184417918490839_6609202462605826981_n.jpg 2048w\" sizes=\"auto, (max-width: 696px) 100vw, 696px\" \/><\/a><\/p>\n<p>Durante la visita a Coopar, recorrieron y conocieron en profundidad todo el trabajo que se realiza en la <strong>planta de silos de la cooperativa<\/strong> y escucharon atentamente a<strong> Ivan Frangi,<\/strong> gerente de Producci\u00f3n. Este les explic\u00f3 los procesos productivos que all\u00ed se realizan, tanto en lo referido de acopio y multiplicaci\u00f3n de semillas, como as\u00ed tambi\u00e9n todo lo concerniente al proceso de carga y descarga de la misma, laboratorio y f\u00e1brica de alimentos. \u00abLos asistentes pudieron informarse sobre c\u00f3mo se elabora el alimento tanto para los cerdos como para bovinos\u00bb, indicaron.<\/p>\n<p><a href=\"https:\/\/www.informelitoral.com.ar\/%77%70%2d%63%6f%6e%74%65%6e%74\/uploads\/2021\/11\/254302791_3184414341824530_5743445067300124685_n.jpg\"><img loading=\"lazy\" decoding=\"async\" class=\"aligncenter wp-image-67310 size-large\" src=\"https:\/\/www.informelitoral.com.ar\/%77%70%2d%63%6f%6e%74%65%6e%74\/uploads\/2021\/11\/254302791_3184414341824530_5743445067300124685_n-1024x683.jpg\" alt=\"\" width=\"696\" height=\"464\" srcset=\"https:\/\/informelitoral.com.ar\/%77%70%2d%63%6f%6e%74%65%6e%74\/uploads\/2021\/11\/254302791_3184414341824530_5743445067300124685_n-1024x683.jpg 1024w, https:\/\/informelitoral.com.ar\/%77%70%2d%63%6f%6e%74%65%6e%74\/uploads\/2021\/11\/254302791_3184414341824530_5743445067300124685_n-300x200.jpg 300w, https:\/\/informelitoral.com.ar\/%77%70%2d%63%6f%6e%74%65%6e%74\/uploads\/2021\/11\/254302791_3184414341824530_5743445067300124685_n-768x512.jpg 768w, https:\/\/informelitoral.com.ar\/%77%70%2d%63%6f%6e%74%65%6e%74\/uploads\/2021\/11\/254302791_3184414341824530_5743445067300124685_n-1536x1024.jpg 1536w, https:\/\/informelitoral.com.ar\/%77%70%2d%63%6f%6e%74%65%6e%74\/uploads\/2021\/11\/254302791_3184414341824530_5743445067300124685_n-696x464.jpg 696w, https:\/\/informelitoral.com.ar\/%77%70%2d%63%6f%6e%74%65%6e%74\/uploads\/2021\/11\/254302791_3184414341824530_5743445067300124685_n-1068x712.jpg 1068w, https:\/\/informelitoral.com.ar\/%77%70%2d%63%6f%6e%74%65%6e%74\/uploads\/2021\/11\/254302791_3184414341824530_5743445067300124685_n-630x420.jpg 630w, https:\/\/informelitoral.com.ar\/%77%70%2d%63%6f%6e%74%65%6e%74\/uploads\/2021\/11\/254302791_3184414341824530_5743445067300124685_n.jpg 2048w\" sizes=\"auto, (max-width: 696px) 100vw, 696px\" \/><\/a><\/p>\n<p>Luego el contingente, se traslad\u00f3 a la casa central de Coopar, en donde fueron agasajados con un almuerzo en el quincho, compartiendo un momento de confraternidad entre las escuelas participantes, para trasladarse luego a la Sala de Conferencia, donde participaron de un taller sobre cooperativismo, que estuvo a cargo de la licenciada<strong>, Nora Jaurena<\/strong>, coordinadora del evento. Posteriormente vieron el video institucional y culminaron la jornada, escuchando a<strong> Sebasti\u00e1n Balbi,<\/strong> gerente de Cereales de la entidad, quien explic\u00f3 brevemente c\u00f3mo se trabaja en la comercializaci\u00f3n.<\/p>\n<p><a href=\"https:\/\/www.informelitoral.com.ar\/%77%70%2d%63%6f%6e%74%65%6e%74\/uploads\/2021\/11\/254298479_3184413768491254_7933794386139533688_n.jpg\"><img loading=\"lazy\" decoding=\"async\" class=\"aligncenter wp-image-67309 size-large\" src=\"https:\/\/www.informelitoral.com.ar\/%77%70%2d%63%6f%6e%74%65%6e%74\/uploads\/2021\/11\/254298479_3184413768491254_7933794386139533688_n-1024x683.jpg\" alt=\"\" width=\"696\" height=\"464\" srcset=\"https:\/\/informelitoral.com.ar\/%77%70%2d%63%6f%6e%74%65%6e%74\/uploads\/2021\/11\/254298479_3184413768491254_7933794386139533688_n-1024x683.jpg 1024w, https:\/\/informelitoral.com.ar\/%77%70%2d%63%6f%6e%74%65%6e%74\/uploads\/2021\/11\/254298479_3184413768491254_7933794386139533688_n-300x200.jpg 300w, https:\/\/informelitoral.com.ar\/%77%70%2d%63%6f%6e%74%65%6e%74\/uploads\/2021\/11\/254298479_3184413768491254_7933794386139533688_n-768x512.jpg 768w, https:\/\/informelitoral.com.ar\/%77%70%2d%63%6f%6e%74%65%6e%74\/uploads\/2021\/11\/254298479_3184413768491254_7933794386139533688_n-1536x1024.jpg 1536w, https:\/\/informelitoral.com.ar\/%77%70%2d%63%6f%6e%74%65%6e%74\/uploads\/2021\/11\/254298479_3184413768491254_7933794386139533688_n-696x464.jpg 696w, https:\/\/informelitoral.com.ar\/%77%70%2d%63%6f%6e%74%65%6e%74\/uploads\/2021\/11\/254298479_3184413768491254_7933794386139533688_n-1068x712.jpg 1068w, https:\/\/informelitoral.com.ar\/%77%70%2d%63%6f%6e%74%65%6e%74\/uploads\/2021\/11\/254298479_3184413768491254_7933794386139533688_n-630x420.jpg 630w, https:\/\/informelitoral.com.ar\/%77%70%2d%63%6f%6e%74%65%6e%74\/uploads\/2021\/11\/254298479_3184413768491254_7933794386139533688_n.jpg 2048w\" sizes=\"auto, (max-width: 696px) 100vw, 696px\" \/><\/a><\/p>\n<p>En tanto, el ingeniero, <strong>Andr\u00e9s Rosado<\/strong>, gerente de Comercializaci\u00f3n habl\u00f3 acerca del uso responsable de los agroqu\u00edmicos y el responsable del \u00c1rea de Comunicaci\u00f3n Institucional, <strong>Omar Stricker<\/strong> destac\u00f3 la importancia que tiene o deber\u00eda tener en el sector esta \u00e1rea.<\/p>\n<p><a href=\"https:\/\/www.informelitoral.com.ar\/%77%70%2d%63%6f%6e%74%65%6e%74\/uploads\/2021\/11\/254162639_3184421595157138_1678014379442300964_n.jpg\"><img loading=\"lazy\" decoding=\"async\" class=\"aligncenter wp-image-67308 size-large\" src=\"https:\/\/www.informelitoral.com.ar\/%77%70%2d%63%6f%6e%74%65%6e%74\/uploads\/2021\/11\/254162639_3184421595157138_1678014379442300964_n-1024x683.jpg\" alt=\"\" width=\"696\" height=\"464\" srcset=\"https:\/\/informelitoral.com.ar\/%77%70%2d%63%6f%6e%74%65%6e%74\/uploads\/2021\/11\/254162639_3184421595157138_1678014379442300964_n-1024x683.jpg 1024w, https:\/\/informelitoral.com.ar\/%77%70%2d%63%6f%6e%74%65%6e%74\/uploads\/2021\/11\/254162639_3184421595157138_1678014379442300964_n-300x200.jpg 300w, https:\/\/informelitoral.com.ar\/%77%70%2d%63%6f%6e%74%65%6e%74\/uploads\/2021\/11\/254162639_3184421595157138_1678014379442300964_n-768x512.jpg 768w, https:\/\/informelitoral.com.ar\/%77%70%2d%63%6f%6e%74%65%6e%74\/uploads\/2021\/11\/254162639_3184421595157138_1678014379442300964_n-1536x1024.jpg 1536w, https:\/\/informelitoral.com.ar\/%77%70%2d%63%6f%6e%74%65%6e%74\/uploads\/2021\/11\/254162639_3184421595157138_1678014379442300964_n-696x464.jpg 696w, https:\/\/informelitoral.com.ar\/%77%70%2d%63%6f%6e%74%65%6e%74\/uploads\/2021\/11\/254162639_3184421595157138_1678014379442300964_n-1068x712.jpg 1068w, https:\/\/informelitoral.com.ar\/%77%70%2d%63%6f%6e%74%65%6e%74\/uploads\/2021\/11\/254162639_3184421595157138_1678014379442300964_n-630x420.jpg 630w, https:\/\/informelitoral.com.ar\/%77%70%2d%63%6f%6e%74%65%6e%74\/uploads\/2021\/11\/254162639_3184421595157138_1678014379442300964_n.jpg 2048w\" sizes=\"auto, (max-width: 696px) 100vw, 696px\" \/><\/a><\/p>\n<p>Tambi\u00e9n se sumaron a las disertaciones el Gerente, contador, <strong>Marcelo Pagliaruzza<\/strong>, que se mostr\u00f3 muy entusiasmado por la visita, al igual que <strong>Juan Balbi,<\/strong> en representaci\u00f3n del Consejo de Administraci\u00f3n.<\/p>\n<p><a href=\"https:\/\/www.informelitoral.com.ar\/%77%70%2d%63%6f%6e%74%65%6e%74\/uploads\/2021\/11\/254153592_3184422481823716_8590871847731276160_n.jpg\"><img loading=\"lazy\" decoding=\"async\" class=\"aligncenter wp-image-67307 size-large\" src=\"https:\/\/www.informelitoral.com.ar\/%77%70%2d%63%6f%6e%74%65%6e%74\/uploads\/2021\/11\/254153592_3184422481823716_8590871847731276160_n-1024x683.jpg\" alt=\"\" width=\"696\" height=\"464\" srcset=\"https:\/\/informelitoral.com.ar\/%77%70%2d%63%6f%6e%74%65%6e%74\/uploads\/2021\/11\/254153592_3184422481823716_8590871847731276160_n-1024x683.jpg 1024w, https:\/\/informelitoral.com.ar\/%77%70%2d%63%6f%6e%74%65%6e%74\/uploads\/2021\/11\/254153592_3184422481823716_8590871847731276160_n-300x200.jpg 300w, https:\/\/informelitoral.com.ar\/%77%70%2d%63%6f%6e%74%65%6e%74\/uploads\/2021\/11\/254153592_3184422481823716_8590871847731276160_n-768x512.jpg 768w, https:\/\/informelitoral.com.ar\/%77%70%2d%63%6f%6e%74%65%6e%74\/uploads\/2021\/11\/254153592_3184422481823716_8590871847731276160_n-1536x1024.jpg 1536w, https:\/\/informelitoral.com.ar\/%77%70%2d%63%6f%6e%74%65%6e%74\/uploads\/2021\/11\/254153592_3184422481823716_8590871847731276160_n-696x464.jpg 696w, https:\/\/informelitoral.com.ar\/%77%70%2d%63%6f%6e%74%65%6e%74\/uploads\/2021\/11\/254153592_3184422481823716_8590871847731276160_n-1068x712.jpg 1068w, https:\/\/informelitoral.com.ar\/%77%70%2d%63%6f%6e%74%65%6e%74\/uploads\/2021\/11\/254153592_3184422481823716_8590871847731276160_n-630x420.jpg 630w, https:\/\/informelitoral.com.ar\/%77%70%2d%63%6f%6e%74%65%6e%74\/uploads\/2021\/11\/254153592_3184422481823716_8590871847731276160_n.jpg 2048w\" sizes=\"auto, (max-width: 696px) 100vw, 696px\" \/><\/a><\/p>\n<p>\u00abFinalmente los alumnos compartieron una merienda y volvieron cada uno a sus respectivos lugares\u00bb, informaron desde la Cooperativa.<\/p>\n","protected":false},"excerpt":{"rendered":"<p>Los estudiantes de escuelas de Victoria, Crucesitas Tercera y Don Crist\u00f3bal Segundo conocieron c\u00f3mo se trabaja en el acopio y comercializaci\u00f3n de cereales y otros productos. El contingente conformado por m\u00e1s de 50 personas fue recibido por los responsables de las diferentes \u00e1reas. <\/p>\n","protected":false},"author":2,"featured_media":67303,"comment_status":"open","ping_status":"open","sticky":false,"template":"","format":"standard","meta":{"fifu_image_url":"","fifu_image_alt":"","footnotes":""},"categories":[10],"tags":[143,1611,137],"class_list":{"0":"post-67302","1":"post","2":"type-post","3":"status-publish","4":"format-standard","5":"has-post-thumbnail","7":"category-campo","8":"tag-aranguren","9":"tag-coopar","10":"tag-cooperativa"},"yoast_head":"<title>Alumnos de escuelas secundarias visitaron la planta de silos de Coopar - Informe Litoral<\/title>\n<meta name=\"robots\" content=\"index, follow, max-snippet:-1, max-image-preview:large, max-video-preview:-1\" \/>\n<link rel=\"canonical\" href=\"https:\/\/informelitoral.com.ar\/alumnos-de-escuelas-secundarias-visitaron-la-planta-de-silos-de-coopar\/\" \/>\n<meta property=\"og:locale\" content=\"es_ES\" \/>\n<meta property=\"og:type\" content=\"article\" \/>\n<meta property=\"og:title\" content=\"Alumnos de escuelas secundarias visitaron la planta de silos de Coopar - Informe Litoral\" \/>\n<meta property=\"og:description\" content=\"Los estudiantes de escuelas de Victoria, Crucesitas Tercera y Don Crist\u00f3bal Segundo conocieron c\u00f3mo se trabaja en el acopio y comercializaci\u00f3n de cereales y otros productos. El contingente conformado por m\u00e1s de 50 personas fue recibido por los responsables de las diferentes \u00e1reas.\" \/>\n<meta property=\"og:url\" content=\"https:\/\/informelitoral.com.ar\/alumnos-de-escuelas-secundarias-visitaron-la-planta-de-silos-de-coopar\/\" \/>\n<meta property=\"og:site_name\" content=\"Informe Litoral\" \/>\n<meta property=\"article:publisher\" content=\"https:\/\/www.facebook.com\/informelitoral\/\" \/>\n<meta property=\"article:published_time\" content=\"2021-11-09T21:24:52+00:00\" \/>\n<meta property=\"article:modified_time\" content=\"2021-11-09T21:28:58+00:00\" \/>\n<meta property=\"og:image\" content=\"https:\/\/informelitoral.com.ar\/%77%70%2d%63%6f%6e%74%65%6e%74\/uploads\/2021\/11\/252238403_3184416995157598_7980314231648734408_n.jpg\" \/>\n\t<meta property=\"og:image:width\" content=\"2048\" \/>\n\t<meta property=\"og:image:height\" content=\"1365\" \/>\n\t<meta property=\"og:image:type\" content=\"image\/jpeg\" \/>\n<meta name=\"author\" content=\"Gonzalo Schmidt\" \/>\n<meta name=\"twitter:card\" content=\"summary_large_image\" \/>\n<meta name=\"twitter:creator\" content=\"@InformeLitoral\" \/>\n<meta name=\"twitter:site\" content=\"@InformeLitoral\" \/>\n<meta name=\"twitter:label1\" content=\"Escrito por\" \/>\n\t<meta name=\"twitter:data1\" content=\"Gonzalo Schmidt\" \/>\n\t<meta name=\"twitter:label2\" content=\"Tiempo de lectura\" \/>\n\t<meta name=\"twitter:data2\" content=\"2 minutos\" \/>\n<script type=\"application\/ld+json\" class=\"yoast-schema-graph\">{\"@context\":\"https:\\\/\\\/schema.org\",\"@graph\":[{\"@type\":\"Article\",\"@id\":\"https:\\\/\\\/informelitoral.com.ar\\\/alumnos-de-escuelas-secundarias-visitaron-la-planta-de-silos-de-coopar\\\/#article\",\"isPartOf\":{\"@id\":\"https:\\\/\\\/informelitoral.com.ar\\\/alumnos-de-escuelas-secundarias-visitaron-la-planta-de-silos-de-coopar\\\/\"},\"author\":{\"name\":\"Gonzalo Schmidt\",\"@id\":\"https:\\\/\\\/informelitoral.com.ar\\\/#\\\/schema\\\/person\\\/b9d00407c836482871ef1d57bf8e3180\"},\"headline\":\"Alumnos de escuelas secundarias visitaron la planta de silos de Coopar\",\"datePublished\":\"2021-11-09T21:24:52+00:00\",\"dateModified\":\"2021-11-09T21:28:58+00:00\",\"mainEntityOfPage\":{\"@id\":\"https:\\\/\\\/informelitoral.com.ar\\\/alumnos-de-escuelas-secundarias-visitaron-la-planta-de-silos-de-coopar\\\/\"},\"wordCount\":379,\"commentCount\":0,\"publisher\":{\"@id\":\"https:\\\/\\\/informelitoral.com.ar\\\/#organization\"},\"image\":{\"@id\":\"https:\\\/\\\/informelitoral.com.ar\\\/alumnos-de-escuelas-secundarias-visitaron-la-planta-de-silos-de-coopar\\\/#primaryimage\"},\"thumbnailUrl\":\"https:\\\/\\\/informelitoral.com.ar\\\/%77%70%2d%63%6f%6e%74%65%6e%74\\\/uploads\\\/2021\\\/11\\\/252238403_3184416995157598_7980314231648734408_n.jpg\",\"keywords\":[\"Aranguren\",\"Coopar\",\"Cooperativa\"],\"articleSection\":[\"Campo\"],\"inLanguage\":\"es\",\"potentialAction\":[{\"@type\":\"CommentAction\",\"name\":\"Comment\",\"target\":[\"https:\\\/\\\/informelitoral.com.ar\\\/alumnos-de-escuelas-secundarias-visitaron-la-planta-de-silos-de-coopar\\\/#respond\"]}]},{\"@type\":\"WebPage\",\"@id\":\"https:\\\/\\\/informelitoral.com.ar\\\/alumnos-de-escuelas-secundarias-visitaron-la-planta-de-silos-de-coopar\\\/\",\"url\":\"https:\\\/\\\/informelitoral.com.ar\\\/alumnos-de-escuelas-secundarias-visitaron-la-planta-de-silos-de-coopar\\\/\",\"name\":\"Alumnos de escuelas secundarias visitaron la planta de silos de Coopar - Informe Litoral\",\"isPartOf\":{\"@id\":\"https:\\\/\\\/informelitoral.com.ar\\\/#website\"},\"primaryImageOfPage\":{\"@id\":\"https:\\\/\\\/informelitoral.com.ar\\\/alumnos-de-escuelas-secundarias-visitaron-la-planta-de-silos-de-coopar\\\/#primaryimage\"},\"image\":{\"@id\":\"https:\\\/\\\/informelitoral.com.ar\\\/alumnos-de-escuelas-secundarias-visitaron-la-planta-de-silos-de-coopar\\\/#primaryimage\"},\"thumbnailUrl\":\"https:\\\/\\\/informelitoral.com.ar\\\/%77%70%2d%63%6f%6e%74%65%6e%74\\\/uploads\\\/2021\\\/11\\\/252238403_3184416995157598_7980314231648734408_n.jpg\",\"datePublished\":\"2021-11-09T21:24:52+00:00\",\"dateModified\":\"2021-11-09T21:28:58+00:00\",\"breadcrumb\":{\"@id\":\"https:\\\/\\\/informelitoral.com.ar\\\/alumnos-de-escuelas-secundarias-visitaron-la-planta-de-silos-de-coopar\\\/#breadcrumb\"},\"inLanguage\":\"es\",\"potentialAction\":[{\"@type\":\"ReadAction\",\"target\":[\"https:\\\/\\\/informelitoral.com.ar\\\/alumnos-de-escuelas-secundarias-visitaron-la-planta-de-silos-de-coopar\\\/\"]}]},{\"@type\":\"ImageObject\",\"inLanguage\":\"es\",\"@id\":\"https:\\\/\\\/informelitoral.com.ar\\\/alumnos-de-escuelas-secundarias-visitaron-la-planta-de-silos-de-coopar\\\/#primaryimage\",\"url\":\"https:\\\/\\\/informelitoral.com.ar\\\/%77%70%2d%63%6f%6e%74%65%6e%74\\\/uploads\\\/2021\\\/11\\\/252238403_3184416995157598_7980314231648734408_n.jpg\",\"contentUrl\":\"https:\\\/\\\/informelitoral.com.ar\\\/%77%70%2d%63%6f%6e%74%65%6e%74\\\/uploads\\\/2021\\\/11\\\/252238403_3184416995157598_7980314231648734408_n.jpg\",\"width\":2048,\"height\":1365},{\"@type\":\"BreadcrumbList\",\"@id\":\"https:\\\/\\\/informelitoral.com.ar\\\/alumnos-de-escuelas-secundarias-visitaron-la-planta-de-silos-de-coopar\\\/#breadcrumb\",\"itemListElement\":[{\"@type\":\"ListItem\",\"position\":1,\"name\":\"Portada\",\"item\":\"https:\\\/\\\/informelitoral.com.ar\\\/\"},{\"@type\":\"ListItem\",\"position\":2,\"name\":\"Alumnos de escuelas secundarias visitaron la planta de silos de Coopar\"}]},{\"@type\":\"WebSite\",\"@id\":\"https:\\\/\\\/informelitoral.com.ar\\\/#website\",\"url\":\"https:\\\/\\\/informelitoral.com.ar\\\/\",\"name\":\"Informe Litoral\",\"description\":\"&quot;Nos informamos&quot; \",\"publisher\":{\"@id\":\"https:\\\/\\\/informelitoral.com.ar\\\/#organization\"},\"potentialAction\":[{\"@type\":\"SearchAction\",\"target\":{\"@type\":\"EntryPoint\",\"urlTemplate\":\"https:\\\/\\\/informelitoral.com.ar\\\/?s={search_term_string}\"},\"query-input\":{\"@type\":\"PropertyValueSpecification\",\"valueRequired\":true,\"valueName\":\"search_term_string\"}}],\"inLanguage\":\"es\"},{\"@type\":\"Organization\",\"@id\":\"https:\\\/\\\/informelitoral.com.ar\\\/#organization\",\"name\":\"Informe Litoral\",\"url\":\"https:\\\/\\\/informelitoral.com.ar\\\/\",\"logo\":{\"@type\":\"ImageObject\",\"inLanguage\":\"es\",\"@id\":\"https:\\\/\\\/informelitoral.com.ar\\\/#\\\/schema\\\/logo\\\/image\\\/\",\"url\":\"https:\\\/\\\/informelitoral.com.ar\\\/%77%70%2d%63%6f%6e%74%65%6e%74\\\/uploads\\\/2021\\\/01\\\/circulo.png\",\"contentUrl\":\"https:\\\/\\\/informelitoral.com.ar\\\/%77%70%2d%63%6f%6e%74%65%6e%74\\\/uploads\\\/2021\\\/01\\\/circulo.png\",\"width\":723,\"height\":731,\"caption\":\"Informe Litoral\"},\"image\":{\"@id\":\"https:\\\/\\\/informelitoral.com.ar\\\/#\\\/schema\\\/logo\\\/image\\\/\"},\"sameAs\":[\"https:\\\/\\\/www.facebook.com\\\/informelitoral\\\/\",\"https:\\\/\\\/x.com\\\/InformeLitoral\",\"https:\\\/\\\/www.instagram.com\\\/informelitoral\\\/\",\"https:\\\/\\\/www.youtube.com\\\/channel\\\/UCua4Qvz8Icb6MYqhoq9xLXw\"]},{\"@type\":\"Person\",\"@id\":\"https:\\\/\\\/informelitoral.com.ar\\\/#\\\/schema\\\/person\\\/b9d00407c836482871ef1d57bf8e3180\",\"name\":\"Gonzalo Schmidt\",\"image\":{\"@type\":\"ImageObject\",\"inLanguage\":\"es\",\"@id\":\"https:\\\/\\\/secure.gravatar.com\\\/avatar\\\/31a1a7b66ff2de83bd0e9fd79d026630d2d99e55e8bfe501287647b4fd9743de?s=96&d=mm&r=g\",\"url\":\"https:\\\/\\\/secure.gravatar.com\\\/avatar\\\/31a1a7b66ff2de83bd0e9fd79d026630d2d99e55e8bfe501287647b4fd9743de?s=96&d=mm&r=g\",\"contentUrl\":\"https:\\\/\\\/secure.gravatar.com\\\/avatar\\\/31a1a7b66ff2de83bd0e9fd79d026630d2d99e55e8bfe501287647b4fd9743de?s=96&d=mm&r=g\",\"caption\":\"Gonzalo Schmidt\"},\"description\":\"Sitio web de noticias de la provincia de Entre R\u00edos, Argentina. Informaci\u00f3n y entretenimiento. Informe Litoral, nos informamos.\",\"sameAs\":[\"http:\\\/\\\/www.isletasnoticias.com.ar\"],\"url\":\"https:\\\/\\\/informelitoral.com.ar\\\/author\\\/gonzalo\\\/\"}]}<\/script>","yoast_head_json":{"title":"Alumnos de escuelas secundarias visitaron la planta de silos de Coopar - Informe Litoral","robots":{"index":"index","follow":"follow","max-snippet":"max-snippet:-1","max-image-preview":"max-image-preview:large","max-video-preview":"max-video-preview:-1"},"canonical":"https:\/\/informelitoral.com.ar\/alumnos-de-escuelas-secundarias-visitaron-la-planta-de-silos-de-coopar\/","og_locale":"es_ES","og_type":"article","og_title":"Alumnos de escuelas secundarias visitaron la planta de silos de Coopar - Informe Litoral","og_description":"Los estudiantes de escuelas de Victoria, Crucesitas Tercera y Don Crist\u00f3bal Segundo conocieron c\u00f3mo se trabaja en el acopio y comercializaci\u00f3n de cereales y otros productos. El contingente conformado por m\u00e1s de 50 personas fue recibido por los responsables de las diferentes \u00e1reas.","og_url":"https:\/\/informelitoral.com.ar\/alumnos-de-escuelas-secundarias-visitaron-la-planta-de-silos-de-coopar\/","og_site_name":"Informe Litoral","article_publisher":"https:\/\/www.facebook.com\/informelitoral\/","article_published_time":"2021-11-09T21:24:52+00:00","article_modified_time":"2021-11-09T21:28:58+00:00","og_image":[{"width":2048,"height":1365,"url":"https:\/\/informelitoral.com.ar\/%77%70%2d%63%6f%6e%74%65%6e%74\/uploads\/2021\/11\/252238403_3184416995157598_7980314231648734408_n.jpg","type":"image\/jpeg"}],"author":"Gonzalo Schmidt","twitter_card":"summary_large_image","twitter_creator":"@InformeLitoral","twitter_site":"@InformeLitoral","twitter_misc":{"Escrito por":"Gonzalo Schmidt","Tiempo de lectura":"2 minutos"},"schema":{"@context":"https:\/\/schema.org","@graph":[{"@type":"Article","@id":"https:\/\/informelitoral.com.ar\/alumnos-de-escuelas-secundarias-visitaron-la-planta-de-silos-de-coopar\/#article","isPartOf":{"@id":"https:\/\/informelitoral.com.ar\/alumnos-de-escuelas-secundarias-visitaron-la-planta-de-silos-de-coopar\/"},"author":{"name":"Gonzalo Schmidt","@id":"https:\/\/informelitoral.com.ar\/#\/schema\/person\/b9d00407c836482871ef1d57bf8e3180"},"headline":"Alumnos de escuelas secundarias visitaron la planta de silos de Coopar","datePublished":"2021-11-09T21:24:52+00:00","dateModified":"2021-11-09T21:28:58+00:00","mainEntityOfPage":{"@id":"https:\/\/informelitoral.com.ar\/alumnos-de-escuelas-secundarias-visitaron-la-planta-de-silos-de-coopar\/"},"wordCount":379,"commentCount":0,"publisher":{"@id":"https:\/\/informelitoral.com.ar\/#organization"},"image":{"@id":"https:\/\/informelitoral.com.ar\/alumnos-de-escuelas-secundarias-visitaron-la-planta-de-silos-de-coopar\/#primaryimage"},"thumbnailUrl":"https:\/\/informelitoral.com.ar\/%77%70%2d%63%6f%6e%74%65%6e%74\/uploads\/2021\/11\/252238403_3184416995157598_7980314231648734408_n.jpg","keywords":["Aranguren","Coopar","Cooperativa"],"articleSection":["Campo"],"inLanguage":"es","potentialAction":[{"@type":"CommentAction","name":"Comment","target":["https:\/\/informelitoral.com.ar\/alumnos-de-escuelas-secundarias-visitaron-la-planta-de-silos-de-coopar\/#respond"]}]},{"@type":"WebPage","@id":"https:\/\/informelitoral.com.ar\/alumnos-de-escuelas-secundarias-visitaron-la-planta-de-silos-de-coopar\/","url":"https:\/\/informelitoral.com.ar\/alumnos-de-escuelas-secundarias-visitaron-la-planta-de-silos-de-coopar\/","name":"Alumnos de escuelas secundarias visitaron la planta de silos de Coopar - Informe Litoral","isPartOf":{"@id":"https:\/\/informelitoral.com.ar\/#website"},"primaryImageOfPage":{"@id":"https:\/\/informelitoral.com.ar\/alumnos-de-escuelas-secundarias-visitaron-la-planta-de-silos-de-coopar\/#primaryimage"},"image":{"@id":"https:\/\/informelitoral.com.ar\/alumnos-de-escuelas-secundarias-visitaron-la-planta-de-silos-de-coopar\/#primaryimage"},"thumbnailUrl":"https:\/\/informelitoral.com.ar\/%77%70%2d%63%6f%6e%74%65%6e%74\/uploads\/2021\/11\/252238403_3184416995157598_7980314231648734408_n.jpg","datePublished":"2021-11-09T21:24:52+00:00","dateModified":"2021-11-09T21:28:58+00:00","breadcrumb":{"@id":"https:\/\/informelitoral.com.ar\/alumnos-de-escuelas-secundarias-visitaron-la-planta-de-silos-de-coopar\/#breadcrumb"},"inLanguage":"es","potentialAction":[{"@type":"ReadAction","target":["https:\/\/informelitoral.com.ar\/alumnos-de-escuelas-secundarias-visitaron-la-planta-de-silos-de-coopar\/"]}]},{"@type":"ImageObject","inLanguage":"es","@id":"https:\/\/informelitoral.com.ar\/alumnos-de-escuelas-secundarias-visitaron-la-planta-de-silos-de-coopar\/#primaryimage","url":"https:\/\/informelitoral.com.ar\/%77%70%2d%63%6f%6e%74%65%6e%74\/uploads\/2021\/11\/252238403_3184416995157598_7980314231648734408_n.jpg","contentUrl":"https:\/\/informelitoral.com.ar\/%77%70%2d%63%6f%6e%74%65%6e%74\/uploads\/2021\/11\/252238403_3184416995157598_7980314231648734408_n.jpg","width":2048,"height":1365},{"@type":"BreadcrumbList","@id":"https:\/\/informelitoral.com.ar\/alumnos-de-escuelas-secundarias-visitaron-la-planta-de-silos-de-coopar\/#breadcrumb","itemListElement":[{"@type":"ListItem","position":1,"name":"Portada","item":"https:\/\/informelitoral.com.ar\/"},{"@type":"ListItem","position":2,"name":"Alumnos de escuelas secundarias visitaron la planta de silos de Coopar"}]},{"@type":"WebSite","@id":"https:\/\/informelitoral.com.ar\/#website","url":"https:\/\/informelitoral.com.ar\/","name":"Informe Litoral","description":"&quot;Nos informamos&quot; ","publisher":{"@id":"https:\/\/informelitoral.com.ar\/#organization"},"potentialAction":[{"@type":"SearchAction","target":{"@type":"EntryPoint","urlTemplate":"https:\/\/informelitoral.com.ar\/?s={search_term_string}"},"query-input":{"@type":"PropertyValueSpecification","valueRequired":true,"valueName":"search_term_string"}}],"inLanguage":"es"},{"@type":"Organization","@id":"https:\/\/informelitoral.com.ar\/#organization","name":"Informe Litoral","url":"https:\/\/informelitoral.com.ar\/","logo":{"@type":"ImageObject","inLanguage":"es","@id":"https:\/\/informelitoral.com.ar\/#\/schema\/logo\/image\/","url":"https:\/\/informelitoral.com.ar\/%77%70%2d%63%6f%6e%74%65%6e%74\/uploads\/2021\/01\/circulo.png","contentUrl":"https:\/\/informelitoral.com.ar\/%77%70%2d%63%6f%6e%74%65%6e%74\/uploads\/2021\/01\/circulo.png","width":723,"height":731,"caption":"Informe Litoral"},"image":{"@id":"https:\/\/informelitoral.com.ar\/#\/schema\/logo\/image\/"},"sameAs":["https:\/\/www.facebook.com\/informelitoral\/","https:\/\/x.com\/InformeLitoral","https:\/\/www.instagram.com\/informelitoral\/","https:\/\/www.youtube.com\/channel\/UCua4Qvz8Icb6MYqhoq9xLXw"]},{"@type":"Person","@id":"https:\/\/informelitoral.com.ar\/#\/schema\/person\/b9d00407c836482871ef1d57bf8e3180","name":"Gonzalo Schmidt","image":{"@type":"ImageObject","inLanguage":"es","@id":"https:\/\/secure.gravatar.com\/avatar\/31a1a7b66ff2de83bd0e9fd79d026630d2d99e55e8bfe501287647b4fd9743de?s=96&d=mm&r=g","url":"https:\/\/secure.gravatar.com\/avatar\/31a1a7b66ff2de83bd0e9fd79d026630d2d99e55e8bfe501287647b4fd9743de?s=96&d=mm&r=g","contentUrl":"https:\/\/secure.gravatar.com\/avatar\/31a1a7b66ff2de83bd0e9fd79d026630d2d99e55e8bfe501287647b4fd9743de?s=96&d=mm&r=g","caption":"Gonzalo Schmidt"},"description":"Sitio web de noticias de la provincia de Entre R\u00edos, Argentina. Informaci\u00f3n y entretenimiento. Informe Litoral, nos informamos.","sameAs":["http:\/\/www.isletasnoticias.com.ar"],"url":"https:\/\/informelitoral.com.ar\/author\/gonzalo\/"}]}},"_links":{"self":[{"href":"https:\/\/informelitoral.com.ar\/%77%70%2d%6a%73%6f%6e\/wp\/v2\/posts\/67302","targetHints":{"allow":["GET"]}}],"collection":[{"href":"https:\/\/informelitoral.com.ar\/%77%70%2d%6a%73%6f%6e\/wp\/v2\/posts"}],"about":[{"href":"https:\/\/informelitoral.com.ar\/%77%70%2d%6a%73%6f%6e\/wp\/v2\/types\/post"}],"author":[{"embeddable":true,"href":"https:\/\/informelitoral.com.ar\/%77%70%2d%6a%73%6f%6e\/wp\/v2\/users\/2"}],"replies":[{"embeddable":true,"href":"https:\/\/informelitoral.com.ar\/%77%70%2d%6a%73%6f%6e\/wp\/v2\/comments?post=67302"}],"version-history":[{"count":0,"href":"https:\/\/informelitoral.com.ar\/%77%70%2d%6a%73%6f%6e\/wp\/v2\/posts\/67302\/revisions"}],"wp:featuredmedia":[{"embeddable":true,"href":"https:\/\/informelitoral.com.ar\/%77%70%2d%6a%73%6f%6e\/wp\/v2\/media\/67303"}],"wp:attachment":[{"href":"https:\/\/informelitoral.com.ar\/%77%70%2d%6a%73%6f%6e\/wp\/v2\/media?parent=67302"}],"wp:term":[{"taxonomy":"category","embeddable":true,"href":"https:\/\/informelitoral.com.ar\/%77%70%2d%6a%73%6f%6e\/wp\/v2\/categories?post=67302"},{"taxonomy":"post_tag","embeddable":true,"href":"https:\/\/informelitoral.com.ar\/%77%70%2d%6a%73%6f%6e\/wp\/v2\/tags?post=67302"}],"curies":[{"name":"wp","href":"https:\/\/api.w.org\/{rel}","templated":true}]}}