{"id":6719,"date":"2014-04-29T13:14:58","date_gmt":"2014-04-29T16:14:58","guid":{"rendered":"http:\/\/www.isletasnoticias.com.ar\/?p=6719"},"modified":"2014-04-29T13:14:59","modified_gmt":"2014-04-29T16:14:59","slug":"el-gobierno-acordo-acciones-con-juntas-de-gobierno-del-departamento-diamante","status":"publish","type":"post","link":"https:\/\/informelitoral.com.ar\/el-gobierno-acordo-acciones-con-juntas-de-gobierno-del-departamento-diamante\/","title":{"rendered":"El gobierno acord\u00f3 acciones con juntas de gobierno del departamento Diamante"},"content":{"rendered":"<p style=\"text-align: left;\"><strong>Para avanzar en temas relacionados con mejoras en seguridad, caminos y recursos econ\u00f3micos, de las juntas de gobierno del departamento Diamante, se concret\u00f3 una reuni\u00f3n de trabajo en la Casa Gris. En la oportunidad, funcionarios provinciales y presidentes de juntas, analizaron las demandas m\u00e1s urgentes que presentan las peque\u00f1as comunidades diamantinas.<a href=\"http:\/\/www.isletasnoticias.com.ar\/%77%70%2d%63%6f%6e%74%65%6e%74\/uploads\/2014\/04\/b_1398781020.jpg\"><img loading=\"lazy\" decoding=\"async\" class=\"aligncenter  wp-image-6720\" alt=\"b_1398781020\" src=\"http:\/\/www.isletasnoticias.com.ar\/%77%70%2d%63%6f%6e%74%65%6e%74\/uploads\/2014\/04\/b_1398781020-300x200.jpg\" width=\"500\" height=\"300\" \/><\/a><\/strong><\/p>\n<p>El encuentro fue convocado por el ministro de Gobierno,<strong> Ad\u00e1n Bahl<\/strong>, y participaron el ministro de Econom\u00eda, <strong>Diego Valiero<\/strong>; el jefe de Polic\u00eda, <strong>H\u00e9ctor Massuh<\/strong>; el director de Vialidad provincial, <strong>Jorge Rodr\u00edguez<\/strong>; el diputado provincial <strong>Juan Carlos Darrich\u00f3n;<\/strong> y el director de juntas de Gobierno,<strong> Carlos Barbosa.\u00a0<\/strong><\/p>\n<p>Respecto a las inquietudes planteadas, el diputado Darrich\u00f3n, manifest\u00f3: \u201cEn su mayor\u00eda, las juntas presentan similares necesidades. Y en este sentido ha sido muy beneficioso este encuentro en que todos los presidentes han podido expresar cada inquietud en particular\u201d.<\/p>\n<p>\u201cNosotros hemos venido manteniendo junto con el senador provincial Daniel Kramer y algunos presidentes de juntas de gobierno de nuestro departamento, diferentes reuniones en las que se analizan todos los temas. Por eso nos urg\u00eda una reuni\u00f3n con autoridades provinciales para interiorizarnos sobre algunas gestiones realizadas\u201d, cont\u00f3 Darrich\u00f3n.<\/p>\n<p>Y agreg\u00f3: \u201cCon mucha amabilidad el ministro Bahl convoc\u00f3 a esta reuni\u00f3n con diferentes funcionarios, en donde cada presidente de junta ha podido realizar su consulta. Ha sido una jornada de trabajo m\u00e1s que positiva porque se han podido llevar respuestas y pr\u00e1cticamente solucionado sus inquietudes\u201d.<\/p>\n<p>En cuanto a los temas planteados, el legislador inform\u00f3 que \u201cse analiz\u00f3 el proyecto de obra de la ruta provincial 11, una gran preocupaci\u00f3n no s\u00f3lo para los que tenemos que viajar a diario, sino tambi\u00e9n para los vecinos que viven a la vera de esta v\u00eda\u201d.<\/p>\n<p>\u201cEn cuanto el acceso a Las Cuevas, tambi\u00e9n estar\u00eda encaminado. Lamentablemente hay comunidades que han sufrido consecuencias serias debido a las \u00faltimas precipitaciones ocurridas en los \u00faltimos d\u00edas y donde los presidentes de las juntas de gobierno han tenido que distraer de sus recursos para afrontar los inconvenientes\u201d, enfatiz\u00f3 el diputado diamantino.<\/p>\n<p>\u201cEn este sentido Vialidad provincial ya se ha hecho presente y ha dado una mano importante. De todas maneras a\u00fan resta un trabajo por hacer y sobre esto tambi\u00e9n se avanz\u00f3\u201d, aclar\u00f3 Darrich\u00f3n.<\/p>\n<p>Por \u00faltimo, destac\u00f3 este tipo de encuentro y dijo: \u201cPara nosotros es muy beneficiosa esta metodolog\u00eda de trabajo y deseamos que as\u00ed se siga realizando. Por lo pronto el 9 de mayo, en Aldea Salto, mantendremos otro encuentro de este tipo, oportunidad en que ser\u00e1 inaugurada la escuela secundaria de esa localidad\u201d.<\/p>\n<p>Para la presidenta de Colonia Ensayo, Alicia Torres, \u201cfue una reuni\u00f3n muy positiva, porque el hecho de contactarnos personalmente con el ministro Bahl, al que siempre le planteamos nuestras necesidades, es sumamente importante\u201d.<\/p>\n<p>\u201cNos vamos contentos, con muchas expectativas que por supuesto ser\u00e1n transmitidas a nuestros vecinos quienes aguardan soluciones a sus pedidos\u201d, remarc\u00f3 Torres.<\/p>\n<p>Por su parte, el presidente de Aldea Brasilera, Hugo Ram\u00edrez, coment\u00f3 que \u201cjunto con los presidentes de las juntas de gobierno justicialistas, hemos conformado un grupo de trabajo a fin de analizar la situaci\u00f3n de cada comunidad. Para nosotros es sumamente importante mantener estos encuentros con funcionarios de diferentes \u00e1reas del gobierno provincial\u201d.<\/p>\n<p>\u201cSe abordaron cuestiones referidas a la seguridad, tambi\u00e9n aspectos que tienen que ver con lo vial, temas que estamos requiriendo en nuestras comunidades. Porque a medida que transcurre el tiempo surgen nuevas necesidades y es imprescindible encontrar soluciones al respecto\u201d, finaliz\u00f3 Ram\u00edrez.<\/p>\n","protected":false},"excerpt":{"rendered":"<p>Para avanzar en temas relacionados con mejoras en seguridad, caminos y recursos econ&oacute;micos, de las juntas de gobierno del departamento Diamante, se concret&oacute; una reuni&oacute;n de trabajo en la Casa Gris. En la oportunidad, funcionarios provinciales y presidentes de juntas, analizaron las demandas m&aacute;s urgentes que presentan las peque&ntilde;as comunidades diamantinas. El encuentro fue convocado [&hellip;]<\/p>\n","protected":false},"author":2,"featured_media":0,"comment_status":"open","ping_status":"open","sticky":false,"template":"","format":"standard","meta":{"fifu_image_url":"","fifu_image_alt":"","footnotes":""},"categories":[6],"tags":[],"class_list":{"0":"post-6719","1":"post","2":"type-post","3":"status-publish","4":"format-standard","6":"category-entre-rios"},"yoast_head":"<title>El gobierno acord\u00f3 acciones con juntas de gobierno del departamento Diamante - Informe Litoral<\/title>\n<meta name=\"robots\" content=\"index, follow, max-snippet:-1, max-image-preview:large, max-video-preview:-1\" \/>\n<link rel=\"canonical\" href=\"https:\/\/informelitoral.com.ar\/el-gobierno-acordo-acciones-con-juntas-de-gobierno-del-departamento-diamante\/\" \/>\n<meta property=\"og:locale\" content=\"es_ES\" \/>\n<meta property=\"og:type\" content=\"article\" \/>\n<meta property=\"og:title\" content=\"El gobierno acord\u00f3 acciones con juntas de gobierno del departamento Diamante - Informe Litoral\" \/>\n<meta property=\"og:description\" content=\"Para avanzar en temas relacionados con mejoras en seguridad, caminos y recursos econ&oacute;micos, de las juntas de gobierno del departamento Diamante, se concret&oacute; una reuni&oacute;n de trabajo en la Casa Gris. En la oportunidad, funcionarios provinciales y presidentes de juntas, analizaron las demandas m&aacute;s urgentes que presentan las peque&ntilde;as comunidades diamantinas. El encuentro fue convocado [&hellip;]\" \/>\n<meta property=\"og:url\" content=\"https:\/\/informelitoral.com.ar\/el-gobierno-acordo-acciones-con-juntas-de-gobierno-del-departamento-diamante\/\" \/>\n<meta property=\"og:site_name\" content=\"Informe Litoral\" \/>\n<meta property=\"article:publisher\" content=\"https:\/\/www.facebook.com\/informelitoral\/\" \/>\n<meta property=\"article:published_time\" content=\"2014-04-29T16:14:58+00:00\" \/>\n<meta property=\"article:modified_time\" content=\"2014-04-29T16:14:59+00:00\" \/>\n<meta property=\"og:image\" content=\"https:\/\/informelitoral.com.ar\/%77%70%2d%63%6f%6e%74%65%6e%74\/uploads\/2014\/04\/b_1398781020.jpg\" \/>\n\t<meta property=\"og:image:width\" content=\"492\" \/>\n\t<meta property=\"og:image:height\" content=\"328\" \/>\n\t<meta property=\"og:image:type\" content=\"image\/jpeg\" \/>\n<meta name=\"author\" content=\"Gonzalo Schmidt\" \/>\n<meta name=\"twitter:card\" content=\"summary_large_image\" \/>\n<meta name=\"twitter:creator\" content=\"@InformeLitoral\" \/>\n<meta name=\"twitter:site\" content=\"@InformeLitoral\" \/>\n<meta name=\"twitter:label1\" content=\"Escrito por\" \/>\n\t<meta name=\"twitter:data1\" content=\"Gonzalo Schmidt\" \/>\n\t<meta name=\"twitter:label2\" content=\"Tiempo de lectura\" \/>\n\t<meta name=\"twitter:data2\" content=\"3 minutos\" \/>\n<script type=\"application\/ld+json\" class=\"yoast-schema-graph\">{\"@context\":\"https:\\\/\\\/schema.org\",\"@graph\":[{\"@type\":\"Article\",\"@id\":\"https:\\\/\\\/informelitoral.com.ar\\\/el-gobierno-acordo-acciones-con-juntas-de-gobierno-del-departamento-diamante\\\/#article\",\"isPartOf\":{\"@id\":\"https:\\\/\\\/informelitoral.com.ar\\\/el-gobierno-acordo-acciones-con-juntas-de-gobierno-del-departamento-diamante\\\/\"},\"author\":{\"name\":\"Gonzalo Schmidt\",\"@id\":\"https:\\\/\\\/informelitoral.com.ar\\\/#\\\/schema\\\/person\\\/b9d00407c836482871ef1d57bf8e3180\"},\"headline\":\"El gobierno acord\u00f3 acciones con juntas de gobierno del departamento Diamante\",\"datePublished\":\"2014-04-29T16:14:58+00:00\",\"dateModified\":\"2014-04-29T16:14:59+00:00\",\"mainEntityOfPage\":{\"@id\":\"https:\\\/\\\/informelitoral.com.ar\\\/el-gobierno-acordo-acciones-con-juntas-de-gobierno-del-departamento-diamante\\\/\"},\"wordCount\":609,\"commentCount\":0,\"publisher\":{\"@id\":\"https:\\\/\\\/informelitoral.com.ar\\\/#organization\"},\"image\":{\"@id\":\"https:\\\/\\\/informelitoral.com.ar\\\/el-gobierno-acordo-acciones-con-juntas-de-gobierno-del-departamento-diamante\\\/#primaryimage\"},\"thumbnailUrl\":\"http:\\\/\\\/www.isletasnoticias.com.ar\\\/%77%70%2d%63%6f%6e%74%65%6e%74\\\/uploads\\\/2014\\\/04\\\/b_1398781020-300x200.jpg\",\"articleSection\":[\"Entre R\u00edos\"],\"inLanguage\":\"es\",\"potentialAction\":[{\"@type\":\"CommentAction\",\"name\":\"Comment\",\"target\":[\"https:\\\/\\\/informelitoral.com.ar\\\/el-gobierno-acordo-acciones-con-juntas-de-gobierno-del-departamento-diamante\\\/#respond\"]}]},{\"@type\":\"WebPage\",\"@id\":\"https:\\\/\\\/informelitoral.com.ar\\\/el-gobierno-acordo-acciones-con-juntas-de-gobierno-del-departamento-diamante\\\/\",\"url\":\"https:\\\/\\\/informelitoral.com.ar\\\/el-gobierno-acordo-acciones-con-juntas-de-gobierno-del-departamento-diamante\\\/\",\"name\":\"El gobierno acord\u00f3 acciones con juntas de gobierno del departamento Diamante - Informe Litoral\",\"isPartOf\":{\"@id\":\"https:\\\/\\\/informelitoral.com.ar\\\/#website\"},\"primaryImageOfPage\":{\"@id\":\"https:\\\/\\\/informelitoral.com.ar\\\/el-gobierno-acordo-acciones-con-juntas-de-gobierno-del-departamento-diamante\\\/#primaryimage\"},\"image\":{\"@id\":\"https:\\\/\\\/informelitoral.com.ar\\\/el-gobierno-acordo-acciones-con-juntas-de-gobierno-del-departamento-diamante\\\/#primaryimage\"},\"thumbnailUrl\":\"http:\\\/\\\/www.isletasnoticias.com.ar\\\/%77%70%2d%63%6f%6e%74%65%6e%74\\\/uploads\\\/2014\\\/04\\\/b_1398781020-300x200.jpg\",\"datePublished\":\"2014-04-29T16:14:58+00:00\",\"dateModified\":\"2014-04-29T16:14:59+00:00\",\"breadcrumb\":{\"@id\":\"https:\\\/\\\/informelitoral.com.ar\\\/el-gobierno-acordo-acciones-con-juntas-de-gobierno-del-departamento-diamante\\\/#breadcrumb\"},\"inLanguage\":\"es\",\"potentialAction\":[{\"@type\":\"ReadAction\",\"target\":[\"https:\\\/\\\/informelitoral.com.ar\\\/el-gobierno-acordo-acciones-con-juntas-de-gobierno-del-departamento-diamante\\\/\"]}]},{\"@type\":\"ImageObject\",\"inLanguage\":\"es\",\"@id\":\"https:\\\/\\\/informelitoral.com.ar\\\/el-gobierno-acordo-acciones-con-juntas-de-gobierno-del-departamento-diamante\\\/#primaryimage\",\"url\":\"http:\\\/\\\/www.isletasnoticias.com.ar\\\/%77%70%2d%63%6f%6e%74%65%6e%74\\\/uploads\\\/2014\\\/04\\\/b_1398781020-300x200.jpg\",\"contentUrl\":\"http:\\\/\\\/www.isletasnoticias.com.ar\\\/%77%70%2d%63%6f%6e%74%65%6e%74\\\/uploads\\\/2014\\\/04\\\/b_1398781020-300x200.jpg\"},{\"@type\":\"BreadcrumbList\",\"@id\":\"https:\\\/\\\/informelitoral.com.ar\\\/el-gobierno-acordo-acciones-con-juntas-de-gobierno-del-departamento-diamante\\\/#breadcrumb\",\"itemListElement\":[{\"@type\":\"ListItem\",\"position\":1,\"name\":\"Portada\",\"item\":\"https:\\\/\\\/informelitoral.com.ar\\\/\"},{\"@type\":\"ListItem\",\"position\":2,\"name\":\"El gobierno acord\u00f3 acciones con juntas de gobierno del departamento Diamante\"}]},{\"@type\":\"WebSite\",\"@id\":\"https:\\\/\\\/informelitoral.com.ar\\\/#website\",\"url\":\"https:\\\/\\\/informelitoral.com.ar\\\/\",\"name\":\"Informe Litoral\",\"description\":\"&quot;Nos informamos&quot; \",\"publisher\":{\"@id\":\"https:\\\/\\\/informelitoral.com.ar\\\/#organization\"},\"potentialAction\":[{\"@type\":\"SearchAction\",\"target\":{\"@type\":\"EntryPoint\",\"urlTemplate\":\"https:\\\/\\\/informelitoral.com.ar\\\/?s={search_term_string}\"},\"query-input\":{\"@type\":\"PropertyValueSpecification\",\"valueRequired\":true,\"valueName\":\"search_term_string\"}}],\"inLanguage\":\"es\"},{\"@type\":\"Organization\",\"@id\":\"https:\\\/\\\/informelitoral.com.ar\\\/#organization\",\"name\":\"Informe Litoral\",\"url\":\"https:\\\/\\\/informelitoral.com.ar\\\/\",\"logo\":{\"@type\":\"ImageObject\",\"inLanguage\":\"es\",\"@id\":\"https:\\\/\\\/informelitoral.com.ar\\\/#\\\/schema\\\/logo\\\/image\\\/\",\"url\":\"https:\\\/\\\/informelitoral.com.ar\\\/%77%70%2d%63%6f%6e%74%65%6e%74\\\/uploads\\\/2021\\\/01\\\/circulo.png\",\"contentUrl\":\"https:\\\/\\\/informelitoral.com.ar\\\/%77%70%2d%63%6f%6e%74%65%6e%74\\\/uploads\\\/2021\\\/01\\\/circulo.png\",\"width\":723,\"height\":731,\"caption\":\"Informe Litoral\"},\"image\":{\"@id\":\"https:\\\/\\\/informelitoral.com.ar\\\/#\\\/schema\\\/logo\\\/image\\\/\"},\"sameAs\":[\"https:\\\/\\\/www.facebook.com\\\/informelitoral\\\/\",\"https:\\\/\\\/x.com\\\/InformeLitoral\",\"https:\\\/\\\/www.instagram.com\\\/informelitoral\\\/\",\"https:\\\/\\\/www.youtube.com\\\/channel\\\/UCua4Qvz8Icb6MYqhoq9xLXw\"]},{\"@type\":\"Person\",\"@id\":\"https:\\\/\\\/informelitoral.com.ar\\\/#\\\/schema\\\/person\\\/b9d00407c836482871ef1d57bf8e3180\",\"name\":\"Gonzalo Schmidt\",\"image\":{\"@type\":\"ImageObject\",\"inLanguage\":\"es\",\"@id\":\"https:\\\/\\\/secure.gravatar.com\\\/avatar\\\/31a1a7b66ff2de83bd0e9fd79d026630d2d99e55e8bfe501287647b4fd9743de?s=96&d=mm&r=g\",\"url\":\"https:\\\/\\\/secure.gravatar.com\\\/avatar\\\/31a1a7b66ff2de83bd0e9fd79d026630d2d99e55e8bfe501287647b4fd9743de?s=96&d=mm&r=g\",\"contentUrl\":\"https:\\\/\\\/secure.gravatar.com\\\/avatar\\\/31a1a7b66ff2de83bd0e9fd79d026630d2d99e55e8bfe501287647b4fd9743de?s=96&d=mm&r=g\",\"caption\":\"Gonzalo Schmidt\"},\"description\":\"Sitio web de noticias de la provincia de Entre R\u00edos, Argentina. Informaci\u00f3n y entretenimiento. Informe Litoral, nos informamos.\",\"sameAs\":[\"http:\\\/\\\/www.isletasnoticias.com.ar\"],\"url\":\"https:\\\/\\\/informelitoral.com.ar\\\/author\\\/gonzalo\\\/\"}]}<\/script>","yoast_head_json":{"title":"El gobierno acord\u00f3 acciones con juntas de gobierno del departamento Diamante - Informe Litoral","robots":{"index":"index","follow":"follow","max-snippet":"max-snippet:-1","max-image-preview":"max-image-preview:large","max-video-preview":"max-video-preview:-1"},"canonical":"https:\/\/informelitoral.com.ar\/el-gobierno-acordo-acciones-con-juntas-de-gobierno-del-departamento-diamante\/","og_locale":"es_ES","og_type":"article","og_title":"El gobierno acord\u00f3 acciones con juntas de gobierno del departamento Diamante - Informe Litoral","og_description":"Para avanzar en temas relacionados con mejoras en seguridad, caminos y recursos econ&oacute;micos, de las juntas de gobierno del departamento Diamante, se concret&oacute; una reuni&oacute;n de trabajo en la Casa Gris. En la oportunidad, funcionarios provinciales y presidentes de juntas, analizaron las demandas m&aacute;s urgentes que presentan las peque&ntilde;as comunidades diamantinas. El encuentro fue convocado [&hellip;]","og_url":"https:\/\/informelitoral.com.ar\/el-gobierno-acordo-acciones-con-juntas-de-gobierno-del-departamento-diamante\/","og_site_name":"Informe Litoral","article_publisher":"https:\/\/www.facebook.com\/informelitoral\/","article_published_time":"2014-04-29T16:14:58+00:00","article_modified_time":"2014-04-29T16:14:59+00:00","og_image":[{"width":492,"height":328,"url":"https:\/\/informelitoral.com.ar\/%77%70%2d%63%6f%6e%74%65%6e%74\/uploads\/2014\/04\/b_1398781020.jpg","type":"image\/jpeg"}],"author":"Gonzalo Schmidt","twitter_card":"summary_large_image","twitter_creator":"@InformeLitoral","twitter_site":"@InformeLitoral","twitter_misc":{"Escrito por":"Gonzalo Schmidt","Tiempo de lectura":"3 minutos"},"schema":{"@context":"https:\/\/schema.org","@graph":[{"@type":"Article","@id":"https:\/\/informelitoral.com.ar\/el-gobierno-acordo-acciones-con-juntas-de-gobierno-del-departamento-diamante\/#article","isPartOf":{"@id":"https:\/\/informelitoral.com.ar\/el-gobierno-acordo-acciones-con-juntas-de-gobierno-del-departamento-diamante\/"},"author":{"name":"Gonzalo Schmidt","@id":"https:\/\/informelitoral.com.ar\/#\/schema\/person\/b9d00407c836482871ef1d57bf8e3180"},"headline":"El gobierno acord\u00f3 acciones con juntas de gobierno del departamento Diamante","datePublished":"2014-04-29T16:14:58+00:00","dateModified":"2014-04-29T16:14:59+00:00","mainEntityOfPage":{"@id":"https:\/\/informelitoral.com.ar\/el-gobierno-acordo-acciones-con-juntas-de-gobierno-del-departamento-diamante\/"},"wordCount":609,"commentCount":0,"publisher":{"@id":"https:\/\/informelitoral.com.ar\/#organization"},"image":{"@id":"https:\/\/informelitoral.com.ar\/el-gobierno-acordo-acciones-con-juntas-de-gobierno-del-departamento-diamante\/#primaryimage"},"thumbnailUrl":"http:\/\/www.isletasnoticias.com.ar\/%77%70%2d%63%6f%6e%74%65%6e%74\/uploads\/2014\/04\/b_1398781020-300x200.jpg","articleSection":["Entre R\u00edos"],"inLanguage":"es","potentialAction":[{"@type":"CommentAction","name":"Comment","target":["https:\/\/informelitoral.com.ar\/el-gobierno-acordo-acciones-con-juntas-de-gobierno-del-departamento-diamante\/#respond"]}]},{"@type":"WebPage","@id":"https:\/\/informelitoral.com.ar\/el-gobierno-acordo-acciones-con-juntas-de-gobierno-del-departamento-diamante\/","url":"https:\/\/informelitoral.com.ar\/el-gobierno-acordo-acciones-con-juntas-de-gobierno-del-departamento-diamante\/","name":"El gobierno acord\u00f3 acciones con juntas de gobierno del departamento Diamante - Informe Litoral","isPartOf":{"@id":"https:\/\/informelitoral.com.ar\/#website"},"primaryImageOfPage":{"@id":"https:\/\/informelitoral.com.ar\/el-gobierno-acordo-acciones-con-juntas-de-gobierno-del-departamento-diamante\/#primaryimage"},"image":{"@id":"https:\/\/informelitoral.com.ar\/el-gobierno-acordo-acciones-con-juntas-de-gobierno-del-departamento-diamante\/#primaryimage"},"thumbnailUrl":"http:\/\/www.isletasnoticias.com.ar\/%77%70%2d%63%6f%6e%74%65%6e%74\/uploads\/2014\/04\/b_1398781020-300x200.jpg","datePublished":"2014-04-29T16:14:58+00:00","dateModified":"2014-04-29T16:14:59+00:00","breadcrumb":{"@id":"https:\/\/informelitoral.com.ar\/el-gobierno-acordo-acciones-con-juntas-de-gobierno-del-departamento-diamante\/#breadcrumb"},"inLanguage":"es","potentialAction":[{"@type":"ReadAction","target":["https:\/\/informelitoral.com.ar\/el-gobierno-acordo-acciones-con-juntas-de-gobierno-del-departamento-diamante\/"]}]},{"@type":"ImageObject","inLanguage":"es","@id":"https:\/\/informelitoral.com.ar\/el-gobierno-acordo-acciones-con-juntas-de-gobierno-del-departamento-diamante\/#primaryimage","url":"http:\/\/www.isletasnoticias.com.ar\/%77%70%2d%63%6f%6e%74%65%6e%74\/uploads\/2014\/04\/b_1398781020-300x200.jpg","contentUrl":"http:\/\/www.isletasnoticias.com.ar\/%77%70%2d%63%6f%6e%74%65%6e%74\/uploads\/2014\/04\/b_1398781020-300x200.jpg"},{"@type":"BreadcrumbList","@id":"https:\/\/informelitoral.com.ar\/el-gobierno-acordo-acciones-con-juntas-de-gobierno-del-departamento-diamante\/#breadcrumb","itemListElement":[{"@type":"ListItem","position":1,"name":"Portada","item":"https:\/\/informelitoral.com.ar\/"},{"@type":"ListItem","position":2,"name":"El gobierno acord\u00f3 acciones con juntas de gobierno del departamento Diamante"}]},{"@type":"WebSite","@id":"https:\/\/informelitoral.com.ar\/#website","url":"https:\/\/informelitoral.com.ar\/","name":"Informe Litoral","description":"&quot;Nos informamos&quot; ","publisher":{"@id":"https:\/\/informelitoral.com.ar\/#organization"},"potentialAction":[{"@type":"SearchAction","target":{"@type":"EntryPoint","urlTemplate":"https:\/\/informelitoral.com.ar\/?s={search_term_string}"},"query-input":{"@type":"PropertyValueSpecification","valueRequired":true,"valueName":"search_term_string"}}],"inLanguage":"es"},{"@type":"Organization","@id":"https:\/\/informelitoral.com.ar\/#organization","name":"Informe Litoral","url":"https:\/\/informelitoral.com.ar\/","logo":{"@type":"ImageObject","inLanguage":"es","@id":"https:\/\/informelitoral.com.ar\/#\/schema\/logo\/image\/","url":"https:\/\/informelitoral.com.ar\/%77%70%2d%63%6f%6e%74%65%6e%74\/uploads\/2021\/01\/circulo.png","contentUrl":"https:\/\/informelitoral.com.ar\/%77%70%2d%63%6f%6e%74%65%6e%74\/uploads\/2021\/01\/circulo.png","width":723,"height":731,"caption":"Informe Litoral"},"image":{"@id":"https:\/\/informelitoral.com.ar\/#\/schema\/logo\/image\/"},"sameAs":["https:\/\/www.facebook.com\/informelitoral\/","https:\/\/x.com\/InformeLitoral","https:\/\/www.instagram.com\/informelitoral\/","https:\/\/www.youtube.com\/channel\/UCua4Qvz8Icb6MYqhoq9xLXw"]},{"@type":"Person","@id":"https:\/\/informelitoral.com.ar\/#\/schema\/person\/b9d00407c836482871ef1d57bf8e3180","name":"Gonzalo Schmidt","image":{"@type":"ImageObject","inLanguage":"es","@id":"https:\/\/secure.gravatar.com\/avatar\/31a1a7b66ff2de83bd0e9fd79d026630d2d99e55e8bfe501287647b4fd9743de?s=96&d=mm&r=g","url":"https:\/\/secure.gravatar.com\/avatar\/31a1a7b66ff2de83bd0e9fd79d026630d2d99e55e8bfe501287647b4fd9743de?s=96&d=mm&r=g","contentUrl":"https:\/\/secure.gravatar.com\/avatar\/31a1a7b66ff2de83bd0e9fd79d026630d2d99e55e8bfe501287647b4fd9743de?s=96&d=mm&r=g","caption":"Gonzalo Schmidt"},"description":"Sitio web de noticias de la provincia de Entre R\u00edos, Argentina. Informaci\u00f3n y entretenimiento. Informe Litoral, nos informamos.","sameAs":["http:\/\/www.isletasnoticias.com.ar"],"url":"https:\/\/informelitoral.com.ar\/author\/gonzalo\/"}]}},"_links":{"self":[{"href":"https:\/\/informelitoral.com.ar\/%77%70%2d%6a%73%6f%6e\/wp\/v2\/posts\/6719","targetHints":{"allow":["GET"]}}],"collection":[{"href":"https:\/\/informelitoral.com.ar\/%77%70%2d%6a%73%6f%6e\/wp\/v2\/posts"}],"about":[{"href":"https:\/\/informelitoral.com.ar\/%77%70%2d%6a%73%6f%6e\/wp\/v2\/types\/post"}],"author":[{"embeddable":true,"href":"https:\/\/informelitoral.com.ar\/%77%70%2d%6a%73%6f%6e\/wp\/v2\/users\/2"}],"replies":[{"embeddable":true,"href":"https:\/\/informelitoral.com.ar\/%77%70%2d%6a%73%6f%6e\/wp\/v2\/comments?post=6719"}],"version-history":[{"count":0,"href":"https:\/\/informelitoral.com.ar\/%77%70%2d%6a%73%6f%6e\/wp\/v2\/posts\/6719\/revisions"}],"wp:attachment":[{"href":"https:\/\/informelitoral.com.ar\/%77%70%2d%6a%73%6f%6e\/wp\/v2\/media?parent=6719"}],"wp:term":[{"taxonomy":"category","embeddable":true,"href":"https:\/\/informelitoral.com.ar\/%77%70%2d%6a%73%6f%6e\/wp\/v2\/categories?post=6719"},{"taxonomy":"post_tag","embeddable":true,"href":"https:\/\/informelitoral.com.ar\/%77%70%2d%6a%73%6f%6e\/wp\/v2\/tags?post=6719"}],"curies":[{"name":"wp","href":"https:\/\/api.w.org\/{rel}","templated":true}]}}