{"id":67171,"date":"2021-11-05T21:21:45","date_gmt":"2021-11-06T00:21:45","guid":{"rendered":"https:\/\/www.informelitoral.com.ar\/?p=67171"},"modified":"2021-11-05T23:35:38","modified_gmt":"2021-11-06T02:35:38","slug":"entre-rios-kulfas-se-reunio-con-bordet-para-dialogar-sobre-el-sector-productivo","status":"publish","type":"post","link":"https:\/\/informelitoral.com.ar\/entre-rios-kulfas-se-reunio-con-bordet-para-dialogar-sobre-el-sector-productivo\/","title":{"rendered":"Entre R\u00edos: Kulfas se reuni\u00f3 con Bordet para dialogar sobre el sector productivo"},"content":{"rendered":"<section class=\"detail-body first-paragraph\">\n<section id=\"note-body\" class=\"body-content note-body content-protected-false\" data-twitter-link=\"https:\/\/twitter.com\/intent\/tweet?url=https:\/\/www.ambito.com\/c5312093&amp;v\u00eda=Ambitocom&amp;related=\u00e1mbito.com&amp;text=\">El ministro de Desarrollo Productivo,\u00a0<strong>Mat\u00edas Kulfas<\/strong>, acord\u00f3 con el gobernador de\u00a0Entre R\u00edos,\u00a0<strong>Gustavo Bordet<\/strong>, el env\u00edo de una l\u00ednea de financiamiento para fortalecer e impulsar a las peque\u00f1as y medianas empresas radicadas en la provincia.<\/section>\n<\/section>\n<section class=\"detail-body second-paragraph\">\n<section class=\"body-content note-body content-protected-false\">El funcionario de Gobierno se present\u00f3 a la reuni\u00f3n de trabajo con el mandatario acompa\u00f1ado por el secretario de la Peque\u00f1a y la Mediana Empresa y los Emprendedores, Guillermo Merediz.<\/section>\n<section><\/section>\n<\/section>\n<p>Lo acordado es un pr\u00e9stamo por $700 millones del Fondo de Desarrollo Productivo (<strong>FONDEP<\/strong>) destinado a mejorar las condiciones de acceso al cr\u00e9dito de ese grupo de empresas y capitalizar el fondo de garant\u00eda provincial.<\/p>\n<p>A la vez, tiene como objetivo fomentar el apoyo a proyectos estrat\u00e9gicos regionales que permitan incorporar puestos de trabajo, incrementar su producci\u00f3n, fomentar las exportaciones y la sustituci\u00f3n de importaciones.<\/p>\n<p><strong>Estimaciones de Kulfas<\/strong><\/p>\n<p>El titular de la cartera productiva estim\u00f3 esta semana que el Producto Bruto Interno (PBI) crecer\u00e1 este a\u00f1o \u201cpor arriba del 9%\u201d, por lo que el pa\u00eds \u00abrecuperar\u00e1 lo perdido en 2020 con la pandemia\u201d.<\/p>\n<p>Las palabras del ministro fueron parte de un video grabado en Glasgow, Escocia, y reproducido en el marco del Segundo Congreso Industrial del Consenso Nacional del Trabajo y la Producci\u00f3n organizado por Industriales\u00a0Pymes\u00a0Argentinos (IPA).<\/p>\n<p>\u00abEstamos saliendo de un momento dif\u00edcil pero muy estimulante para la Argentina. Cerramos un a\u00f1o con crecimiento liderado por la industria, que est\u00e1 produciendo seis por ciento por encima de 2019 e incluso de 2018\u00bb, asegur\u00f3.<\/p>\n<p>Desde su punto de vista, el pa\u00eds se encuentra en la actual situaci\u00f3n debido a \u00abun nuevo esquema de pol\u00edtica industrial\u00bb que llev\u00f3 a cabo el Gobierno nacional mediante \u00ab150 medidas concretas\u00bb para que \u00abla industria empiece a producir en mayor escala\u00bb.<\/p>\n<p>\u201cTenemos mucho para festejar a pesar de las dificultades y muchos desaf\u00edos por delante. Los hemos invitado a participar de un gran plan de desarrollo industrial no para ver qu\u00e9 hacemos en los pr\u00f3ximos meses sino toda la d\u00e9cada sector por sector, rama por rama de la econom\u00eda, discutiendo con pautas concretas, con metas y objetivos\u201d, precis\u00f3 el ministro.<\/p>\n","protected":false},"excerpt":{"rendered":"<p>El gobernador Gustavo Bordet, mantuvo un encuentro de trabajo con el ministro de Desarrollo Productivo de la Naci\u00f3n, Mat\u00edas Kulfas, con quien avanz\u00f3 en acciones tendientes a promover el financiamiento de la producci\u00f3n entrerriana.<\/p>\n","protected":false},"author":8,"featured_media":67175,"comment_status":"open","ping_status":"open","sticky":false,"template":"","format":"standard","meta":{"fifu_image_url":"","fifu_image_alt":"","footnotes":""},"categories":[16],"tags":[81,167,2516,50,2515],"class_list":{"0":"post-67171","1":"post","2":"type-post","3":"status-publish","4":"format-standard","5":"has-post-thumbnail","7":"category-politi","8":"tag-entre-rios","9":"tag-gustavo-bordet","10":"tag-matias-kulfas","11":"tag-politica","12":"tag-sector-productivo"},"yoast_head":"<title>Entre R\u00edos: Kulfas se reuni\u00f3 con Bordet para dialogar sobre el sector productivo - Informe Litoral<\/title>\n<meta name=\"robots\" content=\"index, follow, max-snippet:-1, max-image-preview:large, max-video-preview:-1\" \/>\n<link rel=\"canonical\" href=\"https:\/\/informelitoral.com.ar\/entre-rios-kulfas-se-reunio-con-bordet-para-dialogar-sobre-el-sector-productivo\/\" \/>\n<meta property=\"og:locale\" content=\"es_ES\" \/>\n<meta property=\"og:type\" content=\"article\" \/>\n<meta property=\"og:title\" content=\"Entre R\u00edos: Kulfas se reuni\u00f3 con Bordet para dialogar sobre el sector productivo - Informe Litoral\" \/>\n<meta property=\"og:description\" content=\"El gobernador Gustavo Bordet, mantuvo un encuentro de trabajo con el ministro de Desarrollo Productivo de la Naci\u00f3n, Mat\u00edas Kulfas, con quien avanz\u00f3 en acciones tendientes a promover el financiamiento de la producci\u00f3n entrerriana.\" \/>\n<meta property=\"og:url\" content=\"https:\/\/informelitoral.com.ar\/entre-rios-kulfas-se-reunio-con-bordet-para-dialogar-sobre-el-sector-productivo\/\" \/>\n<meta property=\"og:site_name\" content=\"Informe Litoral\" \/>\n<meta property=\"article:publisher\" content=\"https:\/\/www.facebook.com\/informelitoral\/\" \/>\n<meta property=\"article:published_time\" content=\"2021-11-06T00:21:45+00:00\" \/>\n<meta property=\"article:modified_time\" content=\"2021-11-06T02:35:38+00:00\" \/>\n<meta property=\"og:image\" content=\"https:\/\/informelitoral.com.ar\/%77%70%2d%63%6f%6e%74%65%6e%74\/uploads\/2021\/11\/5699.jpg\" \/>\n\t<meta property=\"og:image:width\" content=\"750\" \/>\n\t<meta property=\"og:image:height\" content=\"422\" \/>\n\t<meta property=\"og:image:type\" content=\"image\/jpeg\" \/>\n<meta name=\"author\" content=\"Sebastian\" \/>\n<meta name=\"twitter:card\" content=\"summary_large_image\" \/>\n<meta name=\"twitter:creator\" content=\"@InformeLitoral\" \/>\n<meta name=\"twitter:site\" content=\"@InformeLitoral\" \/>\n<meta name=\"twitter:label1\" content=\"Escrito por\" \/>\n\t<meta name=\"twitter:data1\" content=\"Sebastian\" \/>\n\t<meta name=\"twitter:label2\" content=\"Tiempo de lectura\" \/>\n\t<meta name=\"twitter:data2\" content=\"2 minutos\" \/>\n<script type=\"application\/ld+json\" class=\"yoast-schema-graph\">{\"@context\":\"https:\\\/\\\/schema.org\",\"@graph\":[{\"@type\":\"Article\",\"@id\":\"https:\\\/\\\/informelitoral.com.ar\\\/entre-rios-kulfas-se-reunio-con-bordet-para-dialogar-sobre-el-sector-productivo\\\/#article\",\"isPartOf\":{\"@id\":\"https:\\\/\\\/informelitoral.com.ar\\\/entre-rios-kulfas-se-reunio-con-bordet-para-dialogar-sobre-el-sector-productivo\\\/\"},\"author\":{\"name\":\"Sebastian\",\"@id\":\"https:\\\/\\\/informelitoral.com.ar\\\/#\\\/schema\\\/person\\\/f05f9f461677119578717524b127d6d5\"},\"headline\":\"Entre R\u00edos: Kulfas se reuni\u00f3 con Bordet para dialogar sobre el sector productivo\",\"datePublished\":\"2021-11-06T00:21:45+00:00\",\"dateModified\":\"2021-11-06T02:35:38+00:00\",\"mainEntityOfPage\":{\"@id\":\"https:\\\/\\\/informelitoral.com.ar\\\/entre-rios-kulfas-se-reunio-con-bordet-para-dialogar-sobre-el-sector-productivo\\\/\"},\"wordCount\":377,\"commentCount\":0,\"publisher\":{\"@id\":\"https:\\\/\\\/informelitoral.com.ar\\\/#organization\"},\"image\":{\"@id\":\"https:\\\/\\\/informelitoral.com.ar\\\/entre-rios-kulfas-se-reunio-con-bordet-para-dialogar-sobre-el-sector-productivo\\\/#primaryimage\"},\"thumbnailUrl\":\"https:\\\/\\\/informelitoral.com.ar\\\/%77%70%2d%63%6f%6e%74%65%6e%74\\\/uploads\\\/2021\\\/11\\\/5699.jpg\",\"keywords\":[\"Entre R\u00edos\",\"Gustavo Bordet\",\"Matias Kulfas\",\"Pol\u00edtica\",\"Sector Productivo\"],\"articleSection\":[\"Politica\"],\"inLanguage\":\"es\",\"potentialAction\":[{\"@type\":\"CommentAction\",\"name\":\"Comment\",\"target\":[\"https:\\\/\\\/informelitoral.com.ar\\\/entre-rios-kulfas-se-reunio-con-bordet-para-dialogar-sobre-el-sector-productivo\\\/#respond\"]}]},{\"@type\":\"WebPage\",\"@id\":\"https:\\\/\\\/informelitoral.com.ar\\\/entre-rios-kulfas-se-reunio-con-bordet-para-dialogar-sobre-el-sector-productivo\\\/\",\"url\":\"https:\\\/\\\/informelitoral.com.ar\\\/entre-rios-kulfas-se-reunio-con-bordet-para-dialogar-sobre-el-sector-productivo\\\/\",\"name\":\"Entre R\u00edos: Kulfas se reuni\u00f3 con Bordet para dialogar sobre el sector productivo - Informe Litoral\",\"isPartOf\":{\"@id\":\"https:\\\/\\\/informelitoral.com.ar\\\/#website\"},\"primaryImageOfPage\":{\"@id\":\"https:\\\/\\\/informelitoral.com.ar\\\/entre-rios-kulfas-se-reunio-con-bordet-para-dialogar-sobre-el-sector-productivo\\\/#primaryimage\"},\"image\":{\"@id\":\"https:\\\/\\\/informelitoral.com.ar\\\/entre-rios-kulfas-se-reunio-con-bordet-para-dialogar-sobre-el-sector-productivo\\\/#primaryimage\"},\"thumbnailUrl\":\"https:\\\/\\\/informelitoral.com.ar\\\/%77%70%2d%63%6f%6e%74%65%6e%74\\\/uploads\\\/2021\\\/11\\\/5699.jpg\",\"datePublished\":\"2021-11-06T00:21:45+00:00\",\"dateModified\":\"2021-11-06T02:35:38+00:00\",\"breadcrumb\":{\"@id\":\"https:\\\/\\\/informelitoral.com.ar\\\/entre-rios-kulfas-se-reunio-con-bordet-para-dialogar-sobre-el-sector-productivo\\\/#breadcrumb\"},\"inLanguage\":\"es\",\"potentialAction\":[{\"@type\":\"ReadAction\",\"target\":[\"https:\\\/\\\/informelitoral.com.ar\\\/entre-rios-kulfas-se-reunio-con-bordet-para-dialogar-sobre-el-sector-productivo\\\/\"]}]},{\"@type\":\"ImageObject\",\"inLanguage\":\"es\",\"@id\":\"https:\\\/\\\/informelitoral.com.ar\\\/entre-rios-kulfas-se-reunio-con-bordet-para-dialogar-sobre-el-sector-productivo\\\/#primaryimage\",\"url\":\"https:\\\/\\\/informelitoral.com.ar\\\/%77%70%2d%63%6f%6e%74%65%6e%74\\\/uploads\\\/2021\\\/11\\\/5699.jpg\",\"contentUrl\":\"https:\\\/\\\/informelitoral.com.ar\\\/%77%70%2d%63%6f%6e%74%65%6e%74\\\/uploads\\\/2021\\\/11\\\/5699.jpg\",\"width\":750,\"height\":422},{\"@type\":\"BreadcrumbList\",\"@id\":\"https:\\\/\\\/informelitoral.com.ar\\\/entre-rios-kulfas-se-reunio-con-bordet-para-dialogar-sobre-el-sector-productivo\\\/#breadcrumb\",\"itemListElement\":[{\"@type\":\"ListItem\",\"position\":1,\"name\":\"Portada\",\"item\":\"https:\\\/\\\/informelitoral.com.ar\\\/\"},{\"@type\":\"ListItem\",\"position\":2,\"name\":\"Entre R\u00edos: Kulfas se reuni\u00f3 con Bordet para dialogar sobre el sector productivo\"}]},{\"@type\":\"WebSite\",\"@id\":\"https:\\\/\\\/informelitoral.com.ar\\\/#website\",\"url\":\"https:\\\/\\\/informelitoral.com.ar\\\/\",\"name\":\"Informe Litoral\",\"description\":\"&quot;Nos informamos&quot; \",\"publisher\":{\"@id\":\"https:\\\/\\\/informelitoral.com.ar\\\/#organization\"},\"potentialAction\":[{\"@type\":\"SearchAction\",\"target\":{\"@type\":\"EntryPoint\",\"urlTemplate\":\"https:\\\/\\\/informelitoral.com.ar\\\/?s={search_term_string}\"},\"query-input\":{\"@type\":\"PropertyValueSpecification\",\"valueRequired\":true,\"valueName\":\"search_term_string\"}}],\"inLanguage\":\"es\"},{\"@type\":\"Organization\",\"@id\":\"https:\\\/\\\/informelitoral.com.ar\\\/#organization\",\"name\":\"Informe Litoral\",\"url\":\"https:\\\/\\\/informelitoral.com.ar\\\/\",\"logo\":{\"@type\":\"ImageObject\",\"inLanguage\":\"es\",\"@id\":\"https:\\\/\\\/informelitoral.com.ar\\\/#\\\/schema\\\/logo\\\/image\\\/\",\"url\":\"https:\\\/\\\/informelitoral.com.ar\\\/%77%70%2d%63%6f%6e%74%65%6e%74\\\/uploads\\\/2021\\\/01\\\/circulo.png\",\"contentUrl\":\"https:\\\/\\\/informelitoral.com.ar\\\/%77%70%2d%63%6f%6e%74%65%6e%74\\\/uploads\\\/2021\\\/01\\\/circulo.png\",\"width\":723,\"height\":731,\"caption\":\"Informe Litoral\"},\"image\":{\"@id\":\"https:\\\/\\\/informelitoral.com.ar\\\/#\\\/schema\\\/logo\\\/image\\\/\"},\"sameAs\":[\"https:\\\/\\\/www.facebook.com\\\/informelitoral\\\/\",\"https:\\\/\\\/x.com\\\/InformeLitoral\",\"https:\\\/\\\/www.instagram.com\\\/informelitoral\\\/\",\"https:\\\/\\\/www.youtube.com\\\/channel\\\/UCua4Qvz8Icb6MYqhoq9xLXw\"]},{\"@type\":\"Person\",\"@id\":\"https:\\\/\\\/informelitoral.com.ar\\\/#\\\/schema\\\/person\\\/f05f9f461677119578717524b127d6d5\",\"name\":\"Sebastian\",\"image\":{\"@type\":\"ImageObject\",\"inLanguage\":\"es\",\"@id\":\"https:\\\/\\\/secure.gravatar.com\\\/avatar\\\/b71bf7481d447dfb9583c7f2798e7cc64de6efb9067b74633ed8c31059a3bd82?s=96&d=mm&r=g\",\"url\":\"https:\\\/\\\/secure.gravatar.com\\\/avatar\\\/b71bf7481d447dfb9583c7f2798e7cc64de6efb9067b74633ed8c31059a3bd82?s=96&d=mm&r=g\",\"contentUrl\":\"https:\\\/\\\/secure.gravatar.com\\\/avatar\\\/b71bf7481d447dfb9583c7f2798e7cc64de6efb9067b74633ed8c31059a3bd82?s=96&d=mm&r=g\",\"caption\":\"Sebastian\"},\"url\":\"https:\\\/\\\/informelitoral.com.ar\\\/author\\\/sebastian\\\/\"}]}<\/script>","yoast_head_json":{"title":"Entre R\u00edos: Kulfas se reuni\u00f3 con Bordet para dialogar sobre el sector productivo - Informe Litoral","robots":{"index":"index","follow":"follow","max-snippet":"max-snippet:-1","max-image-preview":"max-image-preview:large","max-video-preview":"max-video-preview:-1"},"canonical":"https:\/\/informelitoral.com.ar\/entre-rios-kulfas-se-reunio-con-bordet-para-dialogar-sobre-el-sector-productivo\/","og_locale":"es_ES","og_type":"article","og_title":"Entre R\u00edos: Kulfas se reuni\u00f3 con Bordet para dialogar sobre el sector productivo - Informe Litoral","og_description":"El gobernador Gustavo Bordet, mantuvo un encuentro de trabajo con el ministro de Desarrollo Productivo de la Naci\u00f3n, Mat\u00edas Kulfas, con quien avanz\u00f3 en acciones tendientes a promover el financiamiento de la producci\u00f3n entrerriana.","og_url":"https:\/\/informelitoral.com.ar\/entre-rios-kulfas-se-reunio-con-bordet-para-dialogar-sobre-el-sector-productivo\/","og_site_name":"Informe Litoral","article_publisher":"https:\/\/www.facebook.com\/informelitoral\/","article_published_time":"2021-11-06T00:21:45+00:00","article_modified_time":"2021-11-06T02:35:38+00:00","og_image":[{"width":750,"height":422,"url":"https:\/\/informelitoral.com.ar\/%77%70%2d%63%6f%6e%74%65%6e%74\/uploads\/2021\/11\/5699.jpg","type":"image\/jpeg"}],"author":"Sebastian","twitter_card":"summary_large_image","twitter_creator":"@InformeLitoral","twitter_site":"@InformeLitoral","twitter_misc":{"Escrito por":"Sebastian","Tiempo de lectura":"2 minutos"},"schema":{"@context":"https:\/\/schema.org","@graph":[{"@type":"Article","@id":"https:\/\/informelitoral.com.ar\/entre-rios-kulfas-se-reunio-con-bordet-para-dialogar-sobre-el-sector-productivo\/#article","isPartOf":{"@id":"https:\/\/informelitoral.com.ar\/entre-rios-kulfas-se-reunio-con-bordet-para-dialogar-sobre-el-sector-productivo\/"},"author":{"name":"Sebastian","@id":"https:\/\/informelitoral.com.ar\/#\/schema\/person\/f05f9f461677119578717524b127d6d5"},"headline":"Entre R\u00edos: Kulfas se reuni\u00f3 con Bordet para dialogar sobre el sector productivo","datePublished":"2021-11-06T00:21:45+00:00","dateModified":"2021-11-06T02:35:38+00:00","mainEntityOfPage":{"@id":"https:\/\/informelitoral.com.ar\/entre-rios-kulfas-se-reunio-con-bordet-para-dialogar-sobre-el-sector-productivo\/"},"wordCount":377,"commentCount":0,"publisher":{"@id":"https:\/\/informelitoral.com.ar\/#organization"},"image":{"@id":"https:\/\/informelitoral.com.ar\/entre-rios-kulfas-se-reunio-con-bordet-para-dialogar-sobre-el-sector-productivo\/#primaryimage"},"thumbnailUrl":"https:\/\/informelitoral.com.ar\/%77%70%2d%63%6f%6e%74%65%6e%74\/uploads\/2021\/11\/5699.jpg","keywords":["Entre R\u00edos","Gustavo Bordet","Matias Kulfas","Pol\u00edtica","Sector Productivo"],"articleSection":["Politica"],"inLanguage":"es","potentialAction":[{"@type":"CommentAction","name":"Comment","target":["https:\/\/informelitoral.com.ar\/entre-rios-kulfas-se-reunio-con-bordet-para-dialogar-sobre-el-sector-productivo\/#respond"]}]},{"@type":"WebPage","@id":"https:\/\/informelitoral.com.ar\/entre-rios-kulfas-se-reunio-con-bordet-para-dialogar-sobre-el-sector-productivo\/","url":"https:\/\/informelitoral.com.ar\/entre-rios-kulfas-se-reunio-con-bordet-para-dialogar-sobre-el-sector-productivo\/","name":"Entre R\u00edos: Kulfas se reuni\u00f3 con Bordet para dialogar sobre el sector productivo - Informe Litoral","isPartOf":{"@id":"https:\/\/informelitoral.com.ar\/#website"},"primaryImageOfPage":{"@id":"https:\/\/informelitoral.com.ar\/entre-rios-kulfas-se-reunio-con-bordet-para-dialogar-sobre-el-sector-productivo\/#primaryimage"},"image":{"@id":"https:\/\/informelitoral.com.ar\/entre-rios-kulfas-se-reunio-con-bordet-para-dialogar-sobre-el-sector-productivo\/#primaryimage"},"thumbnailUrl":"https:\/\/informelitoral.com.ar\/%77%70%2d%63%6f%6e%74%65%6e%74\/uploads\/2021\/11\/5699.jpg","datePublished":"2021-11-06T00:21:45+00:00","dateModified":"2021-11-06T02:35:38+00:00","breadcrumb":{"@id":"https:\/\/informelitoral.com.ar\/entre-rios-kulfas-se-reunio-con-bordet-para-dialogar-sobre-el-sector-productivo\/#breadcrumb"},"inLanguage":"es","potentialAction":[{"@type":"ReadAction","target":["https:\/\/informelitoral.com.ar\/entre-rios-kulfas-se-reunio-con-bordet-para-dialogar-sobre-el-sector-productivo\/"]}]},{"@type":"ImageObject","inLanguage":"es","@id":"https:\/\/informelitoral.com.ar\/entre-rios-kulfas-se-reunio-con-bordet-para-dialogar-sobre-el-sector-productivo\/#primaryimage","url":"https:\/\/informelitoral.com.ar\/%77%70%2d%63%6f%6e%74%65%6e%74\/uploads\/2021\/11\/5699.jpg","contentUrl":"https:\/\/informelitoral.com.ar\/%77%70%2d%63%6f%6e%74%65%6e%74\/uploads\/2021\/11\/5699.jpg","width":750,"height":422},{"@type":"BreadcrumbList","@id":"https:\/\/informelitoral.com.ar\/entre-rios-kulfas-se-reunio-con-bordet-para-dialogar-sobre-el-sector-productivo\/#breadcrumb","itemListElement":[{"@type":"ListItem","position":1,"name":"Portada","item":"https:\/\/informelitoral.com.ar\/"},{"@type":"ListItem","position":2,"name":"Entre R\u00edos: Kulfas se reuni\u00f3 con Bordet para dialogar sobre el sector productivo"}]},{"@type":"WebSite","@id":"https:\/\/informelitoral.com.ar\/#website","url":"https:\/\/informelitoral.com.ar\/","name":"Informe Litoral","description":"&quot;Nos informamos&quot; ","publisher":{"@id":"https:\/\/informelitoral.com.ar\/#organization"},"potentialAction":[{"@type":"SearchAction","target":{"@type":"EntryPoint","urlTemplate":"https:\/\/informelitoral.com.ar\/?s={search_term_string}"},"query-input":{"@type":"PropertyValueSpecification","valueRequired":true,"valueName":"search_term_string"}}],"inLanguage":"es"},{"@type":"Organization","@id":"https:\/\/informelitoral.com.ar\/#organization","name":"Informe Litoral","url":"https:\/\/informelitoral.com.ar\/","logo":{"@type":"ImageObject","inLanguage":"es","@id":"https:\/\/informelitoral.com.ar\/#\/schema\/logo\/image\/","url":"https:\/\/informelitoral.com.ar\/%77%70%2d%63%6f%6e%74%65%6e%74\/uploads\/2021\/01\/circulo.png","contentUrl":"https:\/\/informelitoral.com.ar\/%77%70%2d%63%6f%6e%74%65%6e%74\/uploads\/2021\/01\/circulo.png","width":723,"height":731,"caption":"Informe Litoral"},"image":{"@id":"https:\/\/informelitoral.com.ar\/#\/schema\/logo\/image\/"},"sameAs":["https:\/\/www.facebook.com\/informelitoral\/","https:\/\/x.com\/InformeLitoral","https:\/\/www.instagram.com\/informelitoral\/","https:\/\/www.youtube.com\/channel\/UCua4Qvz8Icb6MYqhoq9xLXw"]},{"@type":"Person","@id":"https:\/\/informelitoral.com.ar\/#\/schema\/person\/f05f9f461677119578717524b127d6d5","name":"Sebastian","image":{"@type":"ImageObject","inLanguage":"es","@id":"https:\/\/secure.gravatar.com\/avatar\/b71bf7481d447dfb9583c7f2798e7cc64de6efb9067b74633ed8c31059a3bd82?s=96&d=mm&r=g","url":"https:\/\/secure.gravatar.com\/avatar\/b71bf7481d447dfb9583c7f2798e7cc64de6efb9067b74633ed8c31059a3bd82?s=96&d=mm&r=g","contentUrl":"https:\/\/secure.gravatar.com\/avatar\/b71bf7481d447dfb9583c7f2798e7cc64de6efb9067b74633ed8c31059a3bd82?s=96&d=mm&r=g","caption":"Sebastian"},"url":"https:\/\/informelitoral.com.ar\/author\/sebastian\/"}]}},"_links":{"self":[{"href":"https:\/\/informelitoral.com.ar\/%77%70%2d%6a%73%6f%6e\/wp\/v2\/posts\/67171","targetHints":{"allow":["GET"]}}],"collection":[{"href":"https:\/\/informelitoral.com.ar\/%77%70%2d%6a%73%6f%6e\/wp\/v2\/posts"}],"about":[{"href":"https:\/\/informelitoral.com.ar\/%77%70%2d%6a%73%6f%6e\/wp\/v2\/types\/post"}],"author":[{"embeddable":true,"href":"https:\/\/informelitoral.com.ar\/%77%70%2d%6a%73%6f%6e\/wp\/v2\/users\/8"}],"replies":[{"embeddable":true,"href":"https:\/\/informelitoral.com.ar\/%77%70%2d%6a%73%6f%6e\/wp\/v2\/comments?post=67171"}],"version-history":[{"count":0,"href":"https:\/\/informelitoral.com.ar\/%77%70%2d%6a%73%6f%6e\/wp\/v2\/posts\/67171\/revisions"}],"wp:featuredmedia":[{"embeddable":true,"href":"https:\/\/informelitoral.com.ar\/%77%70%2d%6a%73%6f%6e\/wp\/v2\/media\/67175"}],"wp:attachment":[{"href":"https:\/\/informelitoral.com.ar\/%77%70%2d%6a%73%6f%6e\/wp\/v2\/media?parent=67171"}],"wp:term":[{"taxonomy":"category","embeddable":true,"href":"https:\/\/informelitoral.com.ar\/%77%70%2d%6a%73%6f%6e\/wp\/v2\/categories?post=67171"},{"taxonomy":"post_tag","embeddable":true,"href":"https:\/\/informelitoral.com.ar\/%77%70%2d%6a%73%6f%6e\/wp\/v2\/tags?post=67171"}],"curies":[{"name":"wp","href":"https:\/\/api.w.org\/{rel}","templated":true}]}}