{"id":67168,"date":"2021-11-05T21:02:30","date_gmt":"2021-11-06T00:02:30","guid":{"rendered":"https:\/\/www.informelitoral.com.ar\/?p=67168"},"modified":"2021-11-05T23:37:38","modified_gmt":"2021-11-06T02:37:38","slug":"la-justicia-argentina-ordeno-bajar-la-imagen-de-diego-maradona-del-juego-fifa","status":"publish","type":"post","link":"https:\/\/informelitoral.com.ar\/la-justicia-argentina-ordeno-bajar-la-imagen-de-diego-maradona-del-juego-fifa\/","title":{"rendered":"La justicia argentina orden\u00f3 bajar la imagen de Diego Maradona del juego FIFA"},"content":{"rendered":"<p>El Juzgado Civil y Comercial N\u00ba 8 dio lugar hoy a un reclamo que hizo Sattvica, la empresa que preside el abogado <b>Mat\u00edas Morla<\/b>, para prohibir la utilizaci\u00f3n y explotaci\u00f3n de la marca e imagen de\u00a0<b>Diego Maradona<\/b>\u00a0en el popular juego\u00a0<b>FIFA 21<\/b>,dijeron hoy fuentes judiciales.<\/p>\n<p>\u201cCese de inmediato en el uso de las marcas indicadas en el Anexo 8\u00ada de la demanda, que por cualquier medio que se encuentren realizando, debiendo abstenerse asimismo de utilizar dichos signos en las plataformas a trav\u00e9s de las cuales distribuye el FIFA21, FIFA Ultimate Team, FIFA Street, FIFA World Class Soccer, Football Manager y EA Ultimate Player; as\u00ed como tambi\u00e9n, cesar en la publicidad respecto de dichos productos, ya sea en folleter\u00eda, internet, radio, televisi\u00f3n y\/o en cualquier otro medio de difusi\u00f3n?, se\u00f1ala el fallo resolutorio firmado por el juez federal Marcelo Gota.<\/p>\n<p>El litigio comenz\u00f3 hace un a\u00f1o, cuando la empresa EA (Electronic Arts Inc.) lanz\u00f3 la \u00faltima versi\u00f3n del juego con la imagen del \u00eddolo argentino sin la autorizaci\u00f3n de Sattvica.<\/p>\n<p>La firma del contrato con EA se produjo en su momento con Stefano Ceci, examigo de Maradona, pero quien no tiene los derechos de representaci\u00f3n de la marca Maradona.<\/p>\n<p>La Justicia dio de baja el contrato negociado por Ceci y valid\u00f3 la titularidad de Sattvica sobre la marca referida al c\u00e9lebre capit\u00e1n del seleccionado campe\u00f3n del mundo en M\u00e9xico 1986.<\/p>\n","protected":false},"excerpt":{"rendered":"<p>Lo orden\u00f3 por una medida cautelar, al reconocer que los derechos de imagen de El Diez los tiene Sattvica, la empresa de Mat\u00edas Morla. EA Sport hab\u00eda negociado con Stefano Ceci.<\/p>\n","protected":false},"author":8,"featured_media":67169,"comment_status":"open","ping_status":"open","sticky":false,"template":"","format":"standard","meta":{"fifu_image_url":"","fifu_image_alt":"","footnotes":""},"categories":[7],"tags":[1133,705,147,50],"class_list":{"0":"post-67168","1":"post","2":"type-post","3":"status-publish","4":"format-standard","5":"has-post-thumbnail","7":"category-nacionales","8":"tag-diego-maradona","9":"tag-fifa","10":"tag-justicia","11":"tag-politica"},"yoast_head":"<title>La justicia argentina orden\u00f3 bajar la imagen de Diego Maradona del juego FIFA - Informe Litoral<\/title>\n<meta name=\"robots\" content=\"index, follow, max-snippet:-1, max-image-preview:large, max-video-preview:-1\" \/>\n<link rel=\"canonical\" href=\"https:\/\/informelitoral.com.ar\/la-justicia-argentina-ordeno-bajar-la-imagen-de-diego-maradona-del-juego-fifa\/\" \/>\n<meta property=\"og:locale\" content=\"es_ES\" \/>\n<meta property=\"og:type\" content=\"article\" \/>\n<meta property=\"og:title\" content=\"La justicia argentina orden\u00f3 bajar la imagen de Diego Maradona del juego FIFA - Informe Litoral\" \/>\n<meta property=\"og:description\" content=\"Lo orden\u00f3 por una medida cautelar, al reconocer que los derechos de imagen de El Diez los tiene Sattvica, la empresa de Mat\u00edas Morla. EA Sport hab\u00eda negociado con Stefano Ceci.\" \/>\n<meta property=\"og:url\" content=\"https:\/\/informelitoral.com.ar\/la-justicia-argentina-ordeno-bajar-la-imagen-de-diego-maradona-del-juego-fifa\/\" \/>\n<meta property=\"og:site_name\" content=\"Informe Litoral\" \/>\n<meta property=\"article:publisher\" content=\"https:\/\/www.facebook.com\/informelitoral\/\" \/>\n<meta property=\"article:published_time\" content=\"2021-11-06T00:02:30+00:00\" \/>\n<meta property=\"article:modified_time\" content=\"2021-11-06T02:37:38+00:00\" \/>\n<meta property=\"og:image\" content=\"https:\/\/informelitoral.com.ar\/%77%70%2d%63%6f%6e%74%65%6e%74\/uploads\/2021\/11\/MBIK6D55UFCO5AWJW72KCSZG7Q.jpg\" \/>\n\t<meta property=\"og:image:width\" content=\"768\" \/>\n\t<meta property=\"og:image:height\" content=\"432\" \/>\n\t<meta property=\"og:image:type\" content=\"image\/jpeg\" \/>\n<meta name=\"author\" content=\"Sebastian\" \/>\n<meta name=\"twitter:card\" content=\"summary_large_image\" \/>\n<meta name=\"twitter:creator\" content=\"@InformeLitoral\" \/>\n<meta name=\"twitter:site\" content=\"@InformeLitoral\" \/>\n<meta name=\"twitter:label1\" content=\"Escrito por\" \/>\n\t<meta name=\"twitter:data1\" content=\"Sebastian\" \/>\n\t<meta name=\"twitter:label2\" content=\"Tiempo de lectura\" \/>\n\t<meta name=\"twitter:data2\" content=\"1 minuto\" \/>\n<script type=\"application\/ld+json\" class=\"yoast-schema-graph\">{\"@context\":\"https:\\\/\\\/schema.org\",\"@graph\":[{\"@type\":\"Article\",\"@id\":\"https:\\\/\\\/informelitoral.com.ar\\\/la-justicia-argentina-ordeno-bajar-la-imagen-de-diego-maradona-del-juego-fifa\\\/#article\",\"isPartOf\":{\"@id\":\"https:\\\/\\\/informelitoral.com.ar\\\/la-justicia-argentina-ordeno-bajar-la-imagen-de-diego-maradona-del-juego-fifa\\\/\"},\"author\":{\"name\":\"Sebastian\",\"@id\":\"https:\\\/\\\/informelitoral.com.ar\\\/#\\\/schema\\\/person\\\/f05f9f461677119578717524b127d6d5\"},\"headline\":\"La justicia argentina orden\u00f3 bajar la imagen de Diego Maradona del juego FIFA\",\"datePublished\":\"2021-11-06T00:02:30+00:00\",\"dateModified\":\"2021-11-06T02:37:38+00:00\",\"mainEntityOfPage\":{\"@id\":\"https:\\\/\\\/informelitoral.com.ar\\\/la-justicia-argentina-ordeno-bajar-la-imagen-de-diego-maradona-del-juego-fifa\\\/\"},\"wordCount\":260,\"commentCount\":0,\"publisher\":{\"@id\":\"https:\\\/\\\/informelitoral.com.ar\\\/#organization\"},\"image\":{\"@id\":\"https:\\\/\\\/informelitoral.com.ar\\\/la-justicia-argentina-ordeno-bajar-la-imagen-de-diego-maradona-del-juego-fifa\\\/#primaryimage\"},\"thumbnailUrl\":\"https:\\\/\\\/informelitoral.com.ar\\\/%77%70%2d%63%6f%6e%74%65%6e%74\\\/uploads\\\/2021\\\/11\\\/MBIK6D55UFCO5AWJW72KCSZG7Q.jpg\",\"keywords\":[\"Diego Maradona\",\"FIFA\",\"Justicia\",\"Pol\u00edtica\"],\"articleSection\":[\"Nacionales\"],\"inLanguage\":\"es\",\"potentialAction\":[{\"@type\":\"CommentAction\",\"name\":\"Comment\",\"target\":[\"https:\\\/\\\/informelitoral.com.ar\\\/la-justicia-argentina-ordeno-bajar-la-imagen-de-diego-maradona-del-juego-fifa\\\/#respond\"]}]},{\"@type\":\"WebPage\",\"@id\":\"https:\\\/\\\/informelitoral.com.ar\\\/la-justicia-argentina-ordeno-bajar-la-imagen-de-diego-maradona-del-juego-fifa\\\/\",\"url\":\"https:\\\/\\\/informelitoral.com.ar\\\/la-justicia-argentina-ordeno-bajar-la-imagen-de-diego-maradona-del-juego-fifa\\\/\",\"name\":\"La justicia argentina orden\u00f3 bajar la imagen de Diego Maradona del juego FIFA - Informe Litoral\",\"isPartOf\":{\"@id\":\"https:\\\/\\\/informelitoral.com.ar\\\/#website\"},\"primaryImageOfPage\":{\"@id\":\"https:\\\/\\\/informelitoral.com.ar\\\/la-justicia-argentina-ordeno-bajar-la-imagen-de-diego-maradona-del-juego-fifa\\\/#primaryimage\"},\"image\":{\"@id\":\"https:\\\/\\\/informelitoral.com.ar\\\/la-justicia-argentina-ordeno-bajar-la-imagen-de-diego-maradona-del-juego-fifa\\\/#primaryimage\"},\"thumbnailUrl\":\"https:\\\/\\\/informelitoral.com.ar\\\/%77%70%2d%63%6f%6e%74%65%6e%74\\\/uploads\\\/2021\\\/11\\\/MBIK6D55UFCO5AWJW72KCSZG7Q.jpg\",\"datePublished\":\"2021-11-06T00:02:30+00:00\",\"dateModified\":\"2021-11-06T02:37:38+00:00\",\"breadcrumb\":{\"@id\":\"https:\\\/\\\/informelitoral.com.ar\\\/la-justicia-argentina-ordeno-bajar-la-imagen-de-diego-maradona-del-juego-fifa\\\/#breadcrumb\"},\"inLanguage\":\"es\",\"potentialAction\":[{\"@type\":\"ReadAction\",\"target\":[\"https:\\\/\\\/informelitoral.com.ar\\\/la-justicia-argentina-ordeno-bajar-la-imagen-de-diego-maradona-del-juego-fifa\\\/\"]}]},{\"@type\":\"ImageObject\",\"inLanguage\":\"es\",\"@id\":\"https:\\\/\\\/informelitoral.com.ar\\\/la-justicia-argentina-ordeno-bajar-la-imagen-de-diego-maradona-del-juego-fifa\\\/#primaryimage\",\"url\":\"https:\\\/\\\/informelitoral.com.ar\\\/%77%70%2d%63%6f%6e%74%65%6e%74\\\/uploads\\\/2021\\\/11\\\/MBIK6D55UFCO5AWJW72KCSZG7Q.jpg\",\"contentUrl\":\"https:\\\/\\\/informelitoral.com.ar\\\/%77%70%2d%63%6f%6e%74%65%6e%74\\\/uploads\\\/2021\\\/11\\\/MBIK6D55UFCO5AWJW72KCSZG7Q.jpg\",\"width\":768,\"height\":432},{\"@type\":\"BreadcrumbList\",\"@id\":\"https:\\\/\\\/informelitoral.com.ar\\\/la-justicia-argentina-ordeno-bajar-la-imagen-de-diego-maradona-del-juego-fifa\\\/#breadcrumb\",\"itemListElement\":[{\"@type\":\"ListItem\",\"position\":1,\"name\":\"Portada\",\"item\":\"https:\\\/\\\/informelitoral.com.ar\\\/\"},{\"@type\":\"ListItem\",\"position\":2,\"name\":\"La justicia argentina orden\u00f3 bajar la imagen de Diego Maradona del juego FIFA\"}]},{\"@type\":\"WebSite\",\"@id\":\"https:\\\/\\\/informelitoral.com.ar\\\/#website\",\"url\":\"https:\\\/\\\/informelitoral.com.ar\\\/\",\"name\":\"Informe Litoral\",\"description\":\"&quot;Nos informamos&quot; \",\"publisher\":{\"@id\":\"https:\\\/\\\/informelitoral.com.ar\\\/#organization\"},\"potentialAction\":[{\"@type\":\"SearchAction\",\"target\":{\"@type\":\"EntryPoint\",\"urlTemplate\":\"https:\\\/\\\/informelitoral.com.ar\\\/?s={search_term_string}\"},\"query-input\":{\"@type\":\"PropertyValueSpecification\",\"valueRequired\":true,\"valueName\":\"search_term_string\"}}],\"inLanguage\":\"es\"},{\"@type\":\"Organization\",\"@id\":\"https:\\\/\\\/informelitoral.com.ar\\\/#organization\",\"name\":\"Informe Litoral\",\"url\":\"https:\\\/\\\/informelitoral.com.ar\\\/\",\"logo\":{\"@type\":\"ImageObject\",\"inLanguage\":\"es\",\"@id\":\"https:\\\/\\\/informelitoral.com.ar\\\/#\\\/schema\\\/logo\\\/image\\\/\",\"url\":\"https:\\\/\\\/informelitoral.com.ar\\\/%77%70%2d%63%6f%6e%74%65%6e%74\\\/uploads\\\/2021\\\/01\\\/circulo.png\",\"contentUrl\":\"https:\\\/\\\/informelitoral.com.ar\\\/%77%70%2d%63%6f%6e%74%65%6e%74\\\/uploads\\\/2021\\\/01\\\/circulo.png\",\"width\":723,\"height\":731,\"caption\":\"Informe Litoral\"},\"image\":{\"@id\":\"https:\\\/\\\/informelitoral.com.ar\\\/#\\\/schema\\\/logo\\\/image\\\/\"},\"sameAs\":[\"https:\\\/\\\/www.facebook.com\\\/informelitoral\\\/\",\"https:\\\/\\\/x.com\\\/InformeLitoral\",\"https:\\\/\\\/www.instagram.com\\\/informelitoral\\\/\",\"https:\\\/\\\/www.youtube.com\\\/channel\\\/UCua4Qvz8Icb6MYqhoq9xLXw\"]},{\"@type\":\"Person\",\"@id\":\"https:\\\/\\\/informelitoral.com.ar\\\/#\\\/schema\\\/person\\\/f05f9f461677119578717524b127d6d5\",\"name\":\"Sebastian\",\"image\":{\"@type\":\"ImageObject\",\"inLanguage\":\"es\",\"@id\":\"https:\\\/\\\/secure.gravatar.com\\\/avatar\\\/b71bf7481d447dfb9583c7f2798e7cc64de6efb9067b74633ed8c31059a3bd82?s=96&d=mm&r=g\",\"url\":\"https:\\\/\\\/secure.gravatar.com\\\/avatar\\\/b71bf7481d447dfb9583c7f2798e7cc64de6efb9067b74633ed8c31059a3bd82?s=96&d=mm&r=g\",\"contentUrl\":\"https:\\\/\\\/secure.gravatar.com\\\/avatar\\\/b71bf7481d447dfb9583c7f2798e7cc64de6efb9067b74633ed8c31059a3bd82?s=96&d=mm&r=g\",\"caption\":\"Sebastian\"},\"url\":\"https:\\\/\\\/informelitoral.com.ar\\\/author\\\/sebastian\\\/\"}]}<\/script>","yoast_head_json":{"title":"La justicia argentina orden\u00f3 bajar la imagen de Diego Maradona del juego FIFA - Informe Litoral","robots":{"index":"index","follow":"follow","max-snippet":"max-snippet:-1","max-image-preview":"max-image-preview:large","max-video-preview":"max-video-preview:-1"},"canonical":"https:\/\/informelitoral.com.ar\/la-justicia-argentina-ordeno-bajar-la-imagen-de-diego-maradona-del-juego-fifa\/","og_locale":"es_ES","og_type":"article","og_title":"La justicia argentina orden\u00f3 bajar la imagen de Diego Maradona del juego FIFA - Informe Litoral","og_description":"Lo orden\u00f3 por una medida cautelar, al reconocer que los derechos de imagen de El Diez los tiene Sattvica, la empresa de Mat\u00edas Morla. EA Sport hab\u00eda negociado con Stefano Ceci.","og_url":"https:\/\/informelitoral.com.ar\/la-justicia-argentina-ordeno-bajar-la-imagen-de-diego-maradona-del-juego-fifa\/","og_site_name":"Informe Litoral","article_publisher":"https:\/\/www.facebook.com\/informelitoral\/","article_published_time":"2021-11-06T00:02:30+00:00","article_modified_time":"2021-11-06T02:37:38+00:00","og_image":[{"width":768,"height":432,"url":"https:\/\/informelitoral.com.ar\/%77%70%2d%63%6f%6e%74%65%6e%74\/uploads\/2021\/11\/MBIK6D55UFCO5AWJW72KCSZG7Q.jpg","type":"image\/jpeg"}],"author":"Sebastian","twitter_card":"summary_large_image","twitter_creator":"@InformeLitoral","twitter_site":"@InformeLitoral","twitter_misc":{"Escrito por":"Sebastian","Tiempo de lectura":"1 minuto"},"schema":{"@context":"https:\/\/schema.org","@graph":[{"@type":"Article","@id":"https:\/\/informelitoral.com.ar\/la-justicia-argentina-ordeno-bajar-la-imagen-de-diego-maradona-del-juego-fifa\/#article","isPartOf":{"@id":"https:\/\/informelitoral.com.ar\/la-justicia-argentina-ordeno-bajar-la-imagen-de-diego-maradona-del-juego-fifa\/"},"author":{"name":"Sebastian","@id":"https:\/\/informelitoral.com.ar\/#\/schema\/person\/f05f9f461677119578717524b127d6d5"},"headline":"La justicia argentina orden\u00f3 bajar la imagen de Diego Maradona del juego FIFA","datePublished":"2021-11-06T00:02:30+00:00","dateModified":"2021-11-06T02:37:38+00:00","mainEntityOfPage":{"@id":"https:\/\/informelitoral.com.ar\/la-justicia-argentina-ordeno-bajar-la-imagen-de-diego-maradona-del-juego-fifa\/"},"wordCount":260,"commentCount":0,"publisher":{"@id":"https:\/\/informelitoral.com.ar\/#organization"},"image":{"@id":"https:\/\/informelitoral.com.ar\/la-justicia-argentina-ordeno-bajar-la-imagen-de-diego-maradona-del-juego-fifa\/#primaryimage"},"thumbnailUrl":"https:\/\/informelitoral.com.ar\/%77%70%2d%63%6f%6e%74%65%6e%74\/uploads\/2021\/11\/MBIK6D55UFCO5AWJW72KCSZG7Q.jpg","keywords":["Diego Maradona","FIFA","Justicia","Pol\u00edtica"],"articleSection":["Nacionales"],"inLanguage":"es","potentialAction":[{"@type":"CommentAction","name":"Comment","target":["https:\/\/informelitoral.com.ar\/la-justicia-argentina-ordeno-bajar-la-imagen-de-diego-maradona-del-juego-fifa\/#respond"]}]},{"@type":"WebPage","@id":"https:\/\/informelitoral.com.ar\/la-justicia-argentina-ordeno-bajar-la-imagen-de-diego-maradona-del-juego-fifa\/","url":"https:\/\/informelitoral.com.ar\/la-justicia-argentina-ordeno-bajar-la-imagen-de-diego-maradona-del-juego-fifa\/","name":"La justicia argentina orden\u00f3 bajar la imagen de Diego Maradona del juego FIFA - Informe Litoral","isPartOf":{"@id":"https:\/\/informelitoral.com.ar\/#website"},"primaryImageOfPage":{"@id":"https:\/\/informelitoral.com.ar\/la-justicia-argentina-ordeno-bajar-la-imagen-de-diego-maradona-del-juego-fifa\/#primaryimage"},"image":{"@id":"https:\/\/informelitoral.com.ar\/la-justicia-argentina-ordeno-bajar-la-imagen-de-diego-maradona-del-juego-fifa\/#primaryimage"},"thumbnailUrl":"https:\/\/informelitoral.com.ar\/%77%70%2d%63%6f%6e%74%65%6e%74\/uploads\/2021\/11\/MBIK6D55UFCO5AWJW72KCSZG7Q.jpg","datePublished":"2021-11-06T00:02:30+00:00","dateModified":"2021-11-06T02:37:38+00:00","breadcrumb":{"@id":"https:\/\/informelitoral.com.ar\/la-justicia-argentina-ordeno-bajar-la-imagen-de-diego-maradona-del-juego-fifa\/#breadcrumb"},"inLanguage":"es","potentialAction":[{"@type":"ReadAction","target":["https:\/\/informelitoral.com.ar\/la-justicia-argentina-ordeno-bajar-la-imagen-de-diego-maradona-del-juego-fifa\/"]}]},{"@type":"ImageObject","inLanguage":"es","@id":"https:\/\/informelitoral.com.ar\/la-justicia-argentina-ordeno-bajar-la-imagen-de-diego-maradona-del-juego-fifa\/#primaryimage","url":"https:\/\/informelitoral.com.ar\/%77%70%2d%63%6f%6e%74%65%6e%74\/uploads\/2021\/11\/MBIK6D55UFCO5AWJW72KCSZG7Q.jpg","contentUrl":"https:\/\/informelitoral.com.ar\/%77%70%2d%63%6f%6e%74%65%6e%74\/uploads\/2021\/11\/MBIK6D55UFCO5AWJW72KCSZG7Q.jpg","width":768,"height":432},{"@type":"BreadcrumbList","@id":"https:\/\/informelitoral.com.ar\/la-justicia-argentina-ordeno-bajar-la-imagen-de-diego-maradona-del-juego-fifa\/#breadcrumb","itemListElement":[{"@type":"ListItem","position":1,"name":"Portada","item":"https:\/\/informelitoral.com.ar\/"},{"@type":"ListItem","position":2,"name":"La justicia argentina orden\u00f3 bajar la imagen de Diego Maradona del juego FIFA"}]},{"@type":"WebSite","@id":"https:\/\/informelitoral.com.ar\/#website","url":"https:\/\/informelitoral.com.ar\/","name":"Informe Litoral","description":"&quot;Nos informamos&quot; ","publisher":{"@id":"https:\/\/informelitoral.com.ar\/#organization"},"potentialAction":[{"@type":"SearchAction","target":{"@type":"EntryPoint","urlTemplate":"https:\/\/informelitoral.com.ar\/?s={search_term_string}"},"query-input":{"@type":"PropertyValueSpecification","valueRequired":true,"valueName":"search_term_string"}}],"inLanguage":"es"},{"@type":"Organization","@id":"https:\/\/informelitoral.com.ar\/#organization","name":"Informe Litoral","url":"https:\/\/informelitoral.com.ar\/","logo":{"@type":"ImageObject","inLanguage":"es","@id":"https:\/\/informelitoral.com.ar\/#\/schema\/logo\/image\/","url":"https:\/\/informelitoral.com.ar\/%77%70%2d%63%6f%6e%74%65%6e%74\/uploads\/2021\/01\/circulo.png","contentUrl":"https:\/\/informelitoral.com.ar\/%77%70%2d%63%6f%6e%74%65%6e%74\/uploads\/2021\/01\/circulo.png","width":723,"height":731,"caption":"Informe Litoral"},"image":{"@id":"https:\/\/informelitoral.com.ar\/#\/schema\/logo\/image\/"},"sameAs":["https:\/\/www.facebook.com\/informelitoral\/","https:\/\/x.com\/InformeLitoral","https:\/\/www.instagram.com\/informelitoral\/","https:\/\/www.youtube.com\/channel\/UCua4Qvz8Icb6MYqhoq9xLXw"]},{"@type":"Person","@id":"https:\/\/informelitoral.com.ar\/#\/schema\/person\/f05f9f461677119578717524b127d6d5","name":"Sebastian","image":{"@type":"ImageObject","inLanguage":"es","@id":"https:\/\/secure.gravatar.com\/avatar\/b71bf7481d447dfb9583c7f2798e7cc64de6efb9067b74633ed8c31059a3bd82?s=96&d=mm&r=g","url":"https:\/\/secure.gravatar.com\/avatar\/b71bf7481d447dfb9583c7f2798e7cc64de6efb9067b74633ed8c31059a3bd82?s=96&d=mm&r=g","contentUrl":"https:\/\/secure.gravatar.com\/avatar\/b71bf7481d447dfb9583c7f2798e7cc64de6efb9067b74633ed8c31059a3bd82?s=96&d=mm&r=g","caption":"Sebastian"},"url":"https:\/\/informelitoral.com.ar\/author\/sebastian\/"}]}},"_links":{"self":[{"href":"https:\/\/informelitoral.com.ar\/%77%70%2d%6a%73%6f%6e\/wp\/v2\/posts\/67168","targetHints":{"allow":["GET"]}}],"collection":[{"href":"https:\/\/informelitoral.com.ar\/%77%70%2d%6a%73%6f%6e\/wp\/v2\/posts"}],"about":[{"href":"https:\/\/informelitoral.com.ar\/%77%70%2d%6a%73%6f%6e\/wp\/v2\/types\/post"}],"author":[{"embeddable":true,"href":"https:\/\/informelitoral.com.ar\/%77%70%2d%6a%73%6f%6e\/wp\/v2\/users\/8"}],"replies":[{"embeddable":true,"href":"https:\/\/informelitoral.com.ar\/%77%70%2d%6a%73%6f%6e\/wp\/v2\/comments?post=67168"}],"version-history":[{"count":0,"href":"https:\/\/informelitoral.com.ar\/%77%70%2d%6a%73%6f%6e\/wp\/v2\/posts\/67168\/revisions"}],"wp:featuredmedia":[{"embeddable":true,"href":"https:\/\/informelitoral.com.ar\/%77%70%2d%6a%73%6f%6e\/wp\/v2\/media\/67169"}],"wp:attachment":[{"href":"https:\/\/informelitoral.com.ar\/%77%70%2d%6a%73%6f%6e\/wp\/v2\/media?parent=67168"}],"wp:term":[{"taxonomy":"category","embeddable":true,"href":"https:\/\/informelitoral.com.ar\/%77%70%2d%6a%73%6f%6e\/wp\/v2\/categories?post=67168"},{"taxonomy":"post_tag","embeddable":true,"href":"https:\/\/informelitoral.com.ar\/%77%70%2d%6a%73%6f%6e\/wp\/v2\/tags?post=67168"}],"curies":[{"name":"wp","href":"https:\/\/api.w.org\/{rel}","templated":true}]}}