{"id":67163,"date":"2021-11-05T20:29:35","date_gmt":"2021-11-05T23:29:35","guid":{"rendered":"https:\/\/www.informelitoral.com.ar\/?p=67163"},"modified":"2021-11-05T20:36:12","modified_gmt":"2021-11-05T23:36:12","slug":"alberto-fernandez-yo-tambien-puedo-acordar-en-5-minutos-con-el-fmi","status":"publish","type":"post","link":"https:\/\/informelitoral.com.ar\/alberto-fernandez-yo-tambien-puedo-acordar-en-5-minutos-con-el-fmi\/","title":{"rendered":"Alberto Fern\u00e1ndez llam\u00f3 a votar \u00abpor el futuro\u00bb"},"content":{"rendered":"<div class=\"news-body-main\">\n<div id=\"note-body\" data-twitter-link=\"https:\/\/twitter.com\/intent\/tweet?url=https:\/\/www.unoentrerios.com.ar\/c2699210&amp;via=&amp;related=Uno Entre Rios&amp;text=\">\n<p>El presidente\u00a0Alberto Fern\u00e1ndez\u00a0defendi\u00f3 las negociaciones que su gobierno lleva adelante con el\u00a0Fondo Monetario Internacional\u00a0(FMI) y cuestion\u00f3 al gobierno de Cambiemos. \u00abYo tambi\u00e9n podr\u00eda acordar con el FMI en cinco minutos, pero no podr\u00eda mirarlos a los ojos a ustedes\u00bb, dijo en un acto en alusi\u00f3n a una frase de su antecesor Mauricio Macri de los \u00faltimos d\u00edas.<\/p>\n<\/div>\n<\/div>\n<div class=\"news-body-main\">\n<div id=\"note-body\" data-twitter-link=\"https:\/\/twitter.com\/intent\/tweet?url=https:\/\/www.unoentrerios.com.ar\/c2699210&amp;via=&amp;related=Uno Entre Rios&amp;text=\">\n<p>Adem\u00e1s, el mandatario llam\u00f3 este viernes a votar \u00abpor el futuro\u00bb, por una\u00a0Argentina\u00a0que \u00abcrece al 10% por a\u00f1o, que crea empleo y que no reniega de la pol\u00edtica\u00bb, sino que \u00abse averg\u00fcenza de los especuladores que gobernaron\u00bb el pa\u00eds.<\/p>\n<\/div>\n<\/div>\n<div class=\"news-body-main\">\n<div id=\"note-body\" data-twitter-link=\"https:\/\/twitter.com\/intent\/tweet?url=https:\/\/www.unoentrerios.com.ar\/c2699210&amp;via=&amp;related=Uno Entre Rios&amp;text=\">\n<p>\u00abLe escucho decir (a Mauricio Macri), mientras le arranca los micr\u00f3fonos a los periodistas cuyas preguntas le incomodan, que \u00e9l el problema de la deuda lo arregla en cinco minutos; fue el mismo tiempo que necesit\u00f3 para endeudarnos y generar un conflicto que va a durar generaciones y generaciones de argentinos\u00bb, manifest\u00f3 Alberto Fern\u00e1ndez.<\/p>\n<p>\u00abYo tambi\u00e9n puedo acordar en 5 minutos, pero nunca m\u00e1s podr\u00eda mirarlos a los ojos a ustedes. Arrodillarme y cumplir con las exigencias que los acreedores me ponen; eso no lo hace un peronista; nosotros sabemos a qui\u00e9n representamos, representamos a ustedes, no a los acreedores\u00bb, plante\u00f3.<\/p>\n<p>Alberto Fern\u00e1ndez encabez\u00f3 este viernes por la tarde un acto junto al secretario general de la Uni\u00f3n del Personal Civil de la Naci\u00f3n (UPCN), Andr\u00e9s Rodr\u00edguez, en el complejo Costa Salguero de la Ciudad Aut\u00f3noma de Buenos Aires. Tambi\u00e9n estuvieron funcionarios nacionales y representantes de la CGT y de organizaciones sociales.<\/p>\n<p>\u00abLlegu\u00e9 a la Presidencia para hacer desde el lugar que me toca una Argentina m\u00e1s igualitaria, donde nadie sobra, donde haya trabajo, donde los que producen sean m\u00e1s importantes que los que especulan; soy un militante m\u00e1s\u00bb, enfatiz\u00f3 el Presidente.<\/p>\n<p>\u00abHay una Argentina definitivamente maravillosa, aunque nos quieren hacer creer que vivimos en el peor pa\u00eds del mundo\u00bb, reflexion\u00f3 Alberto Fern\u00e1ndez, para luego ponderar los avances logrados durante las gestiones kirchneristas.<\/p>\n<p>En ese sentido, remarc\u00f3 que la Argentina, en cien a\u00f1os de su historia, \u00abs\u00f3lo tuvo cinco a\u00f1os de super\u00e1vit fiscal y comercial, acumulaci\u00f3n de reservas y en los que el desendeudamiento ocurri\u00f3\u00bb, que se dieron cuando gobernaba el pa\u00eds N\u00e9stor Kirchner y \u00e9l se desempe\u00f1\u00f3 como jefe de Gabinete. Tambi\u00e9n, resalt\u00f3 los logros de la gesti\u00f3n de Cristina Fern\u00e1ndez de Kirchner.<\/p>\n<p>\u00abHay una Argentina que nos merecemos y vamos a construir\u00bb, enfatiz\u00f3 el Presidente, quien llam\u00f3 a los argentinos a votar por \u00abel futuro\u00bb en las generales legislativas del 14 de noviembre.<\/p>\n<p>\u00abHay una argentina que est\u00e1 muy cerca, que es la crece al 10 por ciento por a\u00f1o. Es una Argentina que crea empleo, que no reniega de la pol\u00edtica y que se averg\u00fcenza de los especuladores que gobernaron\u00bb el pa\u00eds.<\/p>\n<\/div>\n<\/div>\n","protected":false},"excerpt":{"rendered":"<p>Con cr\u00edticas a Mauricio Macri, el presidente Alberto Fern\u00e1ndez defendi\u00f3 las negociaciones con el FMI durante un acto con sindicalistas.<\/p>\n","protected":false},"author":8,"featured_media":60208,"comment_status":"open","ping_status":"open","sticky":false,"template":"","format":"standard","meta":{"fifu_image_url":"","fifu_image_alt":"","footnotes":""},"categories":[16],"tags":[1311,241,80,50,1806],"class_list":{"0":"post-67163","1":"post","2":"type-post","3":"status-publish","4":"format-standard","5":"has-post-thumbnail","7":"category-politi","8":"tag-alberto-fernandez","9":"tag-fmi","10":"tag-mauricio-macri","11":"tag-politica","12":"tag-presidente-de-la-nacion"},"yoast_head":"<title>Alberto Fern\u00e1ndez llam\u00f3 a votar &quot;por el futuro&quot; - Informe Litoral<\/title>\n<meta name=\"robots\" content=\"index, follow, max-snippet:-1, max-image-preview:large, max-video-preview:-1\" \/>\n<link rel=\"canonical\" href=\"https:\/\/informelitoral.com.ar\/alberto-fernandez-yo-tambien-puedo-acordar-en-5-minutos-con-el-fmi\/\" \/>\n<meta property=\"og:locale\" content=\"es_ES\" \/>\n<meta property=\"og:type\" content=\"article\" \/>\n<meta property=\"og:title\" content=\"Alberto Fern\u00e1ndez llam\u00f3 a votar &quot;por el futuro&quot; - Informe Litoral\" \/>\n<meta property=\"og:description\" content=\"Con cr\u00edticas a Mauricio Macri, el presidente Alberto Fern\u00e1ndez defendi\u00f3 las negociaciones con el FMI durante un acto con sindicalistas.\" \/>\n<meta property=\"og:url\" content=\"https:\/\/informelitoral.com.ar\/alberto-fernandez-yo-tambien-puedo-acordar-en-5-minutos-con-el-fmi\/\" \/>\n<meta property=\"og:site_name\" content=\"Informe Litoral\" \/>\n<meta property=\"article:publisher\" content=\"https:\/\/www.facebook.com\/informelitoral\/\" \/>\n<meta property=\"article:published_time\" content=\"2021-11-05T23:29:35+00:00\" \/>\n<meta property=\"article:modified_time\" content=\"2021-11-05T23:36:12+00:00\" \/>\n<meta property=\"og:image\" content=\"https:\/\/informelitoral.com.ar\/%77%70%2d%63%6f%6e%74%65%6e%74\/uploads\/2021\/05\/confinamiento-alberto-fernandez-2jpg.jpg\" \/>\n\t<meta property=\"og:image:width\" content=\"730\" \/>\n\t<meta property=\"og:image:height\" content=\"410\" \/>\n\t<meta property=\"og:image:type\" content=\"image\/jpeg\" \/>\n<meta name=\"author\" content=\"Sebastian\" \/>\n<meta name=\"twitter:card\" content=\"summary_large_image\" \/>\n<meta name=\"twitter:creator\" content=\"@InformeLitoral\" \/>\n<meta name=\"twitter:site\" content=\"@InformeLitoral\" \/>\n<meta name=\"twitter:label1\" content=\"Escrito por\" \/>\n\t<meta name=\"twitter:data1\" content=\"Sebastian\" \/>\n\t<meta name=\"twitter:label2\" content=\"Tiempo de lectura\" \/>\n\t<meta name=\"twitter:data2\" content=\"2 minutos\" \/>\n<script type=\"application\/ld+json\" class=\"yoast-schema-graph\">{\"@context\":\"https:\\\/\\\/schema.org\",\"@graph\":[{\"@type\":\"Article\",\"@id\":\"https:\\\/\\\/informelitoral.com.ar\\\/alberto-fernandez-yo-tambien-puedo-acordar-en-5-minutos-con-el-fmi\\\/#article\",\"isPartOf\":{\"@id\":\"https:\\\/\\\/informelitoral.com.ar\\\/alberto-fernandez-yo-tambien-puedo-acordar-en-5-minutos-con-el-fmi\\\/\"},\"author\":{\"name\":\"Sebastian\",\"@id\":\"https:\\\/\\\/informelitoral.com.ar\\\/#\\\/schema\\\/person\\\/f05f9f461677119578717524b127d6d5\"},\"headline\":\"Alberto Fern\u00e1ndez llam\u00f3 a votar \u00abpor el futuro\u00bb\",\"datePublished\":\"2021-11-05T23:29:35+00:00\",\"dateModified\":\"2021-11-05T23:36:12+00:00\",\"mainEntityOfPage\":{\"@id\":\"https:\\\/\\\/informelitoral.com.ar\\\/alberto-fernandez-yo-tambien-puedo-acordar-en-5-minutos-con-el-fmi\\\/\"},\"wordCount\":505,\"commentCount\":0,\"publisher\":{\"@id\":\"https:\\\/\\\/informelitoral.com.ar\\\/#organization\"},\"image\":{\"@id\":\"https:\\\/\\\/informelitoral.com.ar\\\/alberto-fernandez-yo-tambien-puedo-acordar-en-5-minutos-con-el-fmi\\\/#primaryimage\"},\"thumbnailUrl\":\"https:\\\/\\\/informelitoral.com.ar\\\/%77%70%2d%63%6f%6e%74%65%6e%74\\\/uploads\\\/2021\\\/05\\\/confinamiento-alberto-fernandez-2jpg.jpg\",\"keywords\":[\"Alberto Fern\u00e1ndez\",\"FMI\",\"Mauricio Macri\",\"Pol\u00edtica\",\"Presidente de la Naci\u00f3n\"],\"articleSection\":[\"Politica\"],\"inLanguage\":\"es\",\"potentialAction\":[{\"@type\":\"CommentAction\",\"name\":\"Comment\",\"target\":[\"https:\\\/\\\/informelitoral.com.ar\\\/alberto-fernandez-yo-tambien-puedo-acordar-en-5-minutos-con-el-fmi\\\/#respond\"]}]},{\"@type\":\"WebPage\",\"@id\":\"https:\\\/\\\/informelitoral.com.ar\\\/alberto-fernandez-yo-tambien-puedo-acordar-en-5-minutos-con-el-fmi\\\/\",\"url\":\"https:\\\/\\\/informelitoral.com.ar\\\/alberto-fernandez-yo-tambien-puedo-acordar-en-5-minutos-con-el-fmi\\\/\",\"name\":\"Alberto Fern\u00e1ndez llam\u00f3 a votar \\\"por el futuro\\\" - Informe Litoral\",\"isPartOf\":{\"@id\":\"https:\\\/\\\/informelitoral.com.ar\\\/#website\"},\"primaryImageOfPage\":{\"@id\":\"https:\\\/\\\/informelitoral.com.ar\\\/alberto-fernandez-yo-tambien-puedo-acordar-en-5-minutos-con-el-fmi\\\/#primaryimage\"},\"image\":{\"@id\":\"https:\\\/\\\/informelitoral.com.ar\\\/alberto-fernandez-yo-tambien-puedo-acordar-en-5-minutos-con-el-fmi\\\/#primaryimage\"},\"thumbnailUrl\":\"https:\\\/\\\/informelitoral.com.ar\\\/%77%70%2d%63%6f%6e%74%65%6e%74\\\/uploads\\\/2021\\\/05\\\/confinamiento-alberto-fernandez-2jpg.jpg\",\"datePublished\":\"2021-11-05T23:29:35+00:00\",\"dateModified\":\"2021-11-05T23:36:12+00:00\",\"breadcrumb\":{\"@id\":\"https:\\\/\\\/informelitoral.com.ar\\\/alberto-fernandez-yo-tambien-puedo-acordar-en-5-minutos-con-el-fmi\\\/#breadcrumb\"},\"inLanguage\":\"es\",\"potentialAction\":[{\"@type\":\"ReadAction\",\"target\":[\"https:\\\/\\\/informelitoral.com.ar\\\/alberto-fernandez-yo-tambien-puedo-acordar-en-5-minutos-con-el-fmi\\\/\"]}]},{\"@type\":\"ImageObject\",\"inLanguage\":\"es\",\"@id\":\"https:\\\/\\\/informelitoral.com.ar\\\/alberto-fernandez-yo-tambien-puedo-acordar-en-5-minutos-con-el-fmi\\\/#primaryimage\",\"url\":\"https:\\\/\\\/informelitoral.com.ar\\\/%77%70%2d%63%6f%6e%74%65%6e%74\\\/uploads\\\/2021\\\/05\\\/confinamiento-alberto-fernandez-2jpg.jpg\",\"contentUrl\":\"https:\\\/\\\/informelitoral.com.ar\\\/%77%70%2d%63%6f%6e%74%65%6e%74\\\/uploads\\\/2021\\\/05\\\/confinamiento-alberto-fernandez-2jpg.jpg\",\"width\":730,\"height\":410},{\"@type\":\"BreadcrumbList\",\"@id\":\"https:\\\/\\\/informelitoral.com.ar\\\/alberto-fernandez-yo-tambien-puedo-acordar-en-5-minutos-con-el-fmi\\\/#breadcrumb\",\"itemListElement\":[{\"@type\":\"ListItem\",\"position\":1,\"name\":\"Portada\",\"item\":\"https:\\\/\\\/informelitoral.com.ar\\\/\"},{\"@type\":\"ListItem\",\"position\":2,\"name\":\"Alberto Fern\u00e1ndez llam\u00f3 a votar \u00abpor el futuro\u00bb\"}]},{\"@type\":\"WebSite\",\"@id\":\"https:\\\/\\\/informelitoral.com.ar\\\/#website\",\"url\":\"https:\\\/\\\/informelitoral.com.ar\\\/\",\"name\":\"Informe Litoral\",\"description\":\"&quot;Nos informamos&quot; \",\"publisher\":{\"@id\":\"https:\\\/\\\/informelitoral.com.ar\\\/#organization\"},\"potentialAction\":[{\"@type\":\"SearchAction\",\"target\":{\"@type\":\"EntryPoint\",\"urlTemplate\":\"https:\\\/\\\/informelitoral.com.ar\\\/?s={search_term_string}\"},\"query-input\":{\"@type\":\"PropertyValueSpecification\",\"valueRequired\":true,\"valueName\":\"search_term_string\"}}],\"inLanguage\":\"es\"},{\"@type\":\"Organization\",\"@id\":\"https:\\\/\\\/informelitoral.com.ar\\\/#organization\",\"name\":\"Informe Litoral\",\"url\":\"https:\\\/\\\/informelitoral.com.ar\\\/\",\"logo\":{\"@type\":\"ImageObject\",\"inLanguage\":\"es\",\"@id\":\"https:\\\/\\\/informelitoral.com.ar\\\/#\\\/schema\\\/logo\\\/image\\\/\",\"url\":\"https:\\\/\\\/informelitoral.com.ar\\\/%77%70%2d%63%6f%6e%74%65%6e%74\\\/uploads\\\/2021\\\/01\\\/circulo.png\",\"contentUrl\":\"https:\\\/\\\/informelitoral.com.ar\\\/%77%70%2d%63%6f%6e%74%65%6e%74\\\/uploads\\\/2021\\\/01\\\/circulo.png\",\"width\":723,\"height\":731,\"caption\":\"Informe Litoral\"},\"image\":{\"@id\":\"https:\\\/\\\/informelitoral.com.ar\\\/#\\\/schema\\\/logo\\\/image\\\/\"},\"sameAs\":[\"https:\\\/\\\/www.facebook.com\\\/informelitoral\\\/\",\"https:\\\/\\\/x.com\\\/InformeLitoral\",\"https:\\\/\\\/www.instagram.com\\\/informelitoral\\\/\",\"https:\\\/\\\/www.youtube.com\\\/channel\\\/UCua4Qvz8Icb6MYqhoq9xLXw\"]},{\"@type\":\"Person\",\"@id\":\"https:\\\/\\\/informelitoral.com.ar\\\/#\\\/schema\\\/person\\\/f05f9f461677119578717524b127d6d5\",\"name\":\"Sebastian\",\"image\":{\"@type\":\"ImageObject\",\"inLanguage\":\"es\",\"@id\":\"https:\\\/\\\/secure.gravatar.com\\\/avatar\\\/b71bf7481d447dfb9583c7f2798e7cc64de6efb9067b74633ed8c31059a3bd82?s=96&d=mm&r=g\",\"url\":\"https:\\\/\\\/secure.gravatar.com\\\/avatar\\\/b71bf7481d447dfb9583c7f2798e7cc64de6efb9067b74633ed8c31059a3bd82?s=96&d=mm&r=g\",\"contentUrl\":\"https:\\\/\\\/secure.gravatar.com\\\/avatar\\\/b71bf7481d447dfb9583c7f2798e7cc64de6efb9067b74633ed8c31059a3bd82?s=96&d=mm&r=g\",\"caption\":\"Sebastian\"},\"url\":\"https:\\\/\\\/informelitoral.com.ar\\\/author\\\/sebastian\\\/\"}]}<\/script>","yoast_head_json":{"title":"Alberto Fern\u00e1ndez llam\u00f3 a votar \"por el futuro\" - Informe Litoral","robots":{"index":"index","follow":"follow","max-snippet":"max-snippet:-1","max-image-preview":"max-image-preview:large","max-video-preview":"max-video-preview:-1"},"canonical":"https:\/\/informelitoral.com.ar\/alberto-fernandez-yo-tambien-puedo-acordar-en-5-minutos-con-el-fmi\/","og_locale":"es_ES","og_type":"article","og_title":"Alberto Fern\u00e1ndez llam\u00f3 a votar \"por el futuro\" - Informe Litoral","og_description":"Con cr\u00edticas a Mauricio Macri, el presidente Alberto Fern\u00e1ndez defendi\u00f3 las negociaciones con el FMI durante un acto con sindicalistas.","og_url":"https:\/\/informelitoral.com.ar\/alberto-fernandez-yo-tambien-puedo-acordar-en-5-minutos-con-el-fmi\/","og_site_name":"Informe Litoral","article_publisher":"https:\/\/www.facebook.com\/informelitoral\/","article_published_time":"2021-11-05T23:29:35+00:00","article_modified_time":"2021-11-05T23:36:12+00:00","og_image":[{"width":730,"height":410,"url":"https:\/\/informelitoral.com.ar\/%77%70%2d%63%6f%6e%74%65%6e%74\/uploads\/2021\/05\/confinamiento-alberto-fernandez-2jpg.jpg","type":"image\/jpeg"}],"author":"Sebastian","twitter_card":"summary_large_image","twitter_creator":"@InformeLitoral","twitter_site":"@InformeLitoral","twitter_misc":{"Escrito por":"Sebastian","Tiempo de lectura":"2 minutos"},"schema":{"@context":"https:\/\/schema.org","@graph":[{"@type":"Article","@id":"https:\/\/informelitoral.com.ar\/alberto-fernandez-yo-tambien-puedo-acordar-en-5-minutos-con-el-fmi\/#article","isPartOf":{"@id":"https:\/\/informelitoral.com.ar\/alberto-fernandez-yo-tambien-puedo-acordar-en-5-minutos-con-el-fmi\/"},"author":{"name":"Sebastian","@id":"https:\/\/informelitoral.com.ar\/#\/schema\/person\/f05f9f461677119578717524b127d6d5"},"headline":"Alberto Fern\u00e1ndez llam\u00f3 a votar \u00abpor el futuro\u00bb","datePublished":"2021-11-05T23:29:35+00:00","dateModified":"2021-11-05T23:36:12+00:00","mainEntityOfPage":{"@id":"https:\/\/informelitoral.com.ar\/alberto-fernandez-yo-tambien-puedo-acordar-en-5-minutos-con-el-fmi\/"},"wordCount":505,"commentCount":0,"publisher":{"@id":"https:\/\/informelitoral.com.ar\/#organization"},"image":{"@id":"https:\/\/informelitoral.com.ar\/alberto-fernandez-yo-tambien-puedo-acordar-en-5-minutos-con-el-fmi\/#primaryimage"},"thumbnailUrl":"https:\/\/informelitoral.com.ar\/%77%70%2d%63%6f%6e%74%65%6e%74\/uploads\/2021\/05\/confinamiento-alberto-fernandez-2jpg.jpg","keywords":["Alberto Fern\u00e1ndez","FMI","Mauricio Macri","Pol\u00edtica","Presidente de la Naci\u00f3n"],"articleSection":["Politica"],"inLanguage":"es","potentialAction":[{"@type":"CommentAction","name":"Comment","target":["https:\/\/informelitoral.com.ar\/alberto-fernandez-yo-tambien-puedo-acordar-en-5-minutos-con-el-fmi\/#respond"]}]},{"@type":"WebPage","@id":"https:\/\/informelitoral.com.ar\/alberto-fernandez-yo-tambien-puedo-acordar-en-5-minutos-con-el-fmi\/","url":"https:\/\/informelitoral.com.ar\/alberto-fernandez-yo-tambien-puedo-acordar-en-5-minutos-con-el-fmi\/","name":"Alberto Fern\u00e1ndez llam\u00f3 a votar \"por el futuro\" - Informe Litoral","isPartOf":{"@id":"https:\/\/informelitoral.com.ar\/#website"},"primaryImageOfPage":{"@id":"https:\/\/informelitoral.com.ar\/alberto-fernandez-yo-tambien-puedo-acordar-en-5-minutos-con-el-fmi\/#primaryimage"},"image":{"@id":"https:\/\/informelitoral.com.ar\/alberto-fernandez-yo-tambien-puedo-acordar-en-5-minutos-con-el-fmi\/#primaryimage"},"thumbnailUrl":"https:\/\/informelitoral.com.ar\/%77%70%2d%63%6f%6e%74%65%6e%74\/uploads\/2021\/05\/confinamiento-alberto-fernandez-2jpg.jpg","datePublished":"2021-11-05T23:29:35+00:00","dateModified":"2021-11-05T23:36:12+00:00","breadcrumb":{"@id":"https:\/\/informelitoral.com.ar\/alberto-fernandez-yo-tambien-puedo-acordar-en-5-minutos-con-el-fmi\/#breadcrumb"},"inLanguage":"es","potentialAction":[{"@type":"ReadAction","target":["https:\/\/informelitoral.com.ar\/alberto-fernandez-yo-tambien-puedo-acordar-en-5-minutos-con-el-fmi\/"]}]},{"@type":"ImageObject","inLanguage":"es","@id":"https:\/\/informelitoral.com.ar\/alberto-fernandez-yo-tambien-puedo-acordar-en-5-minutos-con-el-fmi\/#primaryimage","url":"https:\/\/informelitoral.com.ar\/%77%70%2d%63%6f%6e%74%65%6e%74\/uploads\/2021\/05\/confinamiento-alberto-fernandez-2jpg.jpg","contentUrl":"https:\/\/informelitoral.com.ar\/%77%70%2d%63%6f%6e%74%65%6e%74\/uploads\/2021\/05\/confinamiento-alberto-fernandez-2jpg.jpg","width":730,"height":410},{"@type":"BreadcrumbList","@id":"https:\/\/informelitoral.com.ar\/alberto-fernandez-yo-tambien-puedo-acordar-en-5-minutos-con-el-fmi\/#breadcrumb","itemListElement":[{"@type":"ListItem","position":1,"name":"Portada","item":"https:\/\/informelitoral.com.ar\/"},{"@type":"ListItem","position":2,"name":"Alberto Fern\u00e1ndez llam\u00f3 a votar \u00abpor el futuro\u00bb"}]},{"@type":"WebSite","@id":"https:\/\/informelitoral.com.ar\/#website","url":"https:\/\/informelitoral.com.ar\/","name":"Informe Litoral","description":"&quot;Nos informamos&quot; ","publisher":{"@id":"https:\/\/informelitoral.com.ar\/#organization"},"potentialAction":[{"@type":"SearchAction","target":{"@type":"EntryPoint","urlTemplate":"https:\/\/informelitoral.com.ar\/?s={search_term_string}"},"query-input":{"@type":"PropertyValueSpecification","valueRequired":true,"valueName":"search_term_string"}}],"inLanguage":"es"},{"@type":"Organization","@id":"https:\/\/informelitoral.com.ar\/#organization","name":"Informe Litoral","url":"https:\/\/informelitoral.com.ar\/","logo":{"@type":"ImageObject","inLanguage":"es","@id":"https:\/\/informelitoral.com.ar\/#\/schema\/logo\/image\/","url":"https:\/\/informelitoral.com.ar\/%77%70%2d%63%6f%6e%74%65%6e%74\/uploads\/2021\/01\/circulo.png","contentUrl":"https:\/\/informelitoral.com.ar\/%77%70%2d%63%6f%6e%74%65%6e%74\/uploads\/2021\/01\/circulo.png","width":723,"height":731,"caption":"Informe Litoral"},"image":{"@id":"https:\/\/informelitoral.com.ar\/#\/schema\/logo\/image\/"},"sameAs":["https:\/\/www.facebook.com\/informelitoral\/","https:\/\/x.com\/InformeLitoral","https:\/\/www.instagram.com\/informelitoral\/","https:\/\/www.youtube.com\/channel\/UCua4Qvz8Icb6MYqhoq9xLXw"]},{"@type":"Person","@id":"https:\/\/informelitoral.com.ar\/#\/schema\/person\/f05f9f461677119578717524b127d6d5","name":"Sebastian","image":{"@type":"ImageObject","inLanguage":"es","@id":"https:\/\/secure.gravatar.com\/avatar\/b71bf7481d447dfb9583c7f2798e7cc64de6efb9067b74633ed8c31059a3bd82?s=96&d=mm&r=g","url":"https:\/\/secure.gravatar.com\/avatar\/b71bf7481d447dfb9583c7f2798e7cc64de6efb9067b74633ed8c31059a3bd82?s=96&d=mm&r=g","contentUrl":"https:\/\/secure.gravatar.com\/avatar\/b71bf7481d447dfb9583c7f2798e7cc64de6efb9067b74633ed8c31059a3bd82?s=96&d=mm&r=g","caption":"Sebastian"},"url":"https:\/\/informelitoral.com.ar\/author\/sebastian\/"}]}},"_links":{"self":[{"href":"https:\/\/informelitoral.com.ar\/%77%70%2d%6a%73%6f%6e\/wp\/v2\/posts\/67163","targetHints":{"allow":["GET"]}}],"collection":[{"href":"https:\/\/informelitoral.com.ar\/%77%70%2d%6a%73%6f%6e\/wp\/v2\/posts"}],"about":[{"href":"https:\/\/informelitoral.com.ar\/%77%70%2d%6a%73%6f%6e\/wp\/v2\/types\/post"}],"author":[{"embeddable":true,"href":"https:\/\/informelitoral.com.ar\/%77%70%2d%6a%73%6f%6e\/wp\/v2\/users\/8"}],"replies":[{"embeddable":true,"href":"https:\/\/informelitoral.com.ar\/%77%70%2d%6a%73%6f%6e\/wp\/v2\/comments?post=67163"}],"version-history":[{"count":0,"href":"https:\/\/informelitoral.com.ar\/%77%70%2d%6a%73%6f%6e\/wp\/v2\/posts\/67163\/revisions"}],"wp:featuredmedia":[{"embeddable":true,"href":"https:\/\/informelitoral.com.ar\/%77%70%2d%6a%73%6f%6e\/wp\/v2\/media\/60208"}],"wp:attachment":[{"href":"https:\/\/informelitoral.com.ar\/%77%70%2d%6a%73%6f%6e\/wp\/v2\/media?parent=67163"}],"wp:term":[{"taxonomy":"category","embeddable":true,"href":"https:\/\/informelitoral.com.ar\/%77%70%2d%6a%73%6f%6e\/wp\/v2\/categories?post=67163"},{"taxonomy":"post_tag","embeddable":true,"href":"https:\/\/informelitoral.com.ar\/%77%70%2d%6a%73%6f%6e\/wp\/v2\/tags?post=67163"}],"curies":[{"name":"wp","href":"https:\/\/api.w.org\/{rel}","templated":true}]}}