{"id":6713,"date":"2014-04-28T22:04:52","date_gmt":"2014-04-29T01:04:52","guid":{"rendered":"http:\/\/www.isletasnoticias.com.ar\/?p=6713"},"modified":"2014-04-28T22:04:52","modified_gmt":"2014-04-29T01:04:52","slug":"despues-de-mas-de-un-ano-marcelo-tinelli-vuelve-a-la-television","status":"publish","type":"post","link":"https:\/\/informelitoral.com.ar\/despues-de-mas-de-un-ano-marcelo-tinelli-vuelve-a-la-television\/","title":{"rendered":"Despu\u00e9s de m\u00e1s de un a\u00f1o, Marcelo Tinelli vuelve a la televisi\u00f3n"},"content":{"rendered":"<p style=\"text-align: left;\"><strong>Este lunes por la noche, miles de hogares se paralizar\u00e1n delante del televisor para ver el regreso de <em>Showmatch<\/em> por <em>El Trece<\/em>. \u00bfC\u00f3mo ser\u00e1 el primer programa?<a href=\"http:\/\/www.isletasnoticias.com.ar\/%77%70%2d%63%6f%6e%74%65%6e%74\/uploads\/2014\/04\/tinelli.jpg\"><img loading=\"lazy\" decoding=\"async\" class=\"aligncenter  wp-image-6714\" alt=\"tinelli\" src=\"http:\/\/www.isletasnoticias.com.ar\/%77%70%2d%63%6f%6e%74%65%6e%74\/uploads\/2014\/04\/tinelli-300x199.jpg\" width=\"500\" height=\"300\" \/><\/a><\/strong><\/p>\n<p><strong>Marcelo Tinelli<\/strong> finalmente regresar\u00e1 este lunes a la TV abierta por <em>Canal 13<\/em> con su <em>ShowMatch<\/em>, tras 493 d\u00edas de ausencia, con una temporada que incluir\u00e1 el certamen <em>\u00abBailando por un sue\u00f1o\u00bb<\/em> y un segmento de imitaciones y humor sobre la clase pol\u00edtica argentina, en un a\u00f1o que hasta el momento le resulta adverso en rating a la emisora del solcito.<\/p>\n<p>El tambi\u00e9n vicepresidente de San Lorenzo de Almagro regresa a la TV, luego de un 2013 que comenz\u00f3 en forma agitada luego de negociaciones con <em>Telefe<\/em> y una salida frustrada de la emisora propiedad del <em>Grupo Clar\u00edn.<\/em><\/p>\n<p>La vuelta de Tinelli es m\u00e1s que necesaria para <em>Canal 13<\/em>, ya que <em>Telefe<\/em> viene liderando el rating, seg\u00fan Ibope, desde hace varios meses, en el resumen mensual, pero adem\u00e1s se ha hecho fuerte en el prime time nocturno con las tiras Somos Familia y Se\u00f1ores Papis, adem\u00e1s del entretenimiento de La Nave de Marley. Pero adem\u00e1s, la gerencia de Programaci\u00f3n de Telefe, dispuso trasladar la exitosa novela brasile\u00f1a Avenida Brasil al horario nocturno para enfrentar a Showmatch y amortiguar la irrupci\u00f3n en la guerra del rating de Tinelli.<\/p>\n<p>Para el segundo semestre, Telefe prepara las ficciones Viudas e hijos del rock and roll, producido por Sebasti\u00e1n Ortega, que tendr\u00e1 un elenco encabezado por Dami\u00e1n De Santo y Paola Barrientos, Griselda Siciliani, Mex Urtizberea, Georgina Barbarossa, Marcelo Mazzarello, Hugo Arana, Ludovico Di Santo, adem\u00e1s de la novela \u00abCamino al amor\u00bb con la dupla compuesta por Carina Zampini y Sebasti\u00e1n Estevanez.<\/p>\n<p>Sobre esta competencia Tinelli dijo que entiende que son \u00ablas reglas del juego. Evidentemente es una estrategia de programaci\u00f3n para competir con nosotros y me parece perfecto, est\u00e1n en todo su derecho\u00bb.<\/p>\n<p>\u00abMe siento orgulloso de que hoy la novela que gana la tarde nos enfrente a nosotros, aunque en diferente horario, porque ellos van a ir a las 10 de la noche y nosotros bastante pasadas las 10.30\u00bb, agreg\u00f3.<\/p>\n<p>Sobre c\u00f3mo cambian los tiempos en relaci\u00f3n a las mediciones de rating, el dirigente de San Lorenzo expres\u00f3 que \u00abhoy, los promedios m\u00e1s altos son entre 13 y 17 puntos. Vamos a ver qu\u00e9 n\u00famero tenemos nosotros, seguro que la primera semana ser\u00e1 m\u00e1s alto, pero vamos a tratar a lo largo del a\u00f1o de hacer una buena medici\u00f3n, entre los 17 y 20 puntos\u00bb.<\/p>\n<p>\u00abLos n\u00fameros han cambiado, y m\u00e1s que preocupaci\u00f3n, hemos visto que los coincidentales, sobre todo los que hab\u00eda mostrado el canal, no coincid\u00edan con lo que estaba mostrando Ibope, sobre todo en el prime time\u00bb, agreg\u00f3.<\/p>\n<p>Para esta edici\u00f3n del \u00abBailando\u00bb Ideas del Sur busc\u00f3 jerarquizarlo con la presencia de bailarines como Eleonora Cassano, Hern\u00e1n Piqu\u00edn, Cecilia Figaredo; Maximiliano Guerra, Patricia Bacca; Laura Fidalgo. Tambi\u00e9n participaran las vedettes J\u00e9sica Cirio, Paula Ch\u00e1ves, Karina Jelinek, Mar\u00eda Eugenia Rit\u00f3, Laura Fern\u00e1ndez; Lourdes S\u00e1nchez, Sabrina Ravelli; Mariana Antoniale y Vicky Xipolitakis. Bailar\u00e1n adem\u00e1s los comediantes An\u00edbal Pachano, Diego Reinhold, Anita Mart\u00ednez, Bicho G\u00f3mez, los periodistas Mart\u00edn Liberman y Evelyn Von Brocke y varios medi\u00e1ticos.<\/p>\n<p>El jurado del certamen estar\u00e1 integrado por Nacha Guevara, Moria Casan, Soledad Silveyra y Marcelo Polino.<\/p>\n<p>En su primer noche, ShowMatch ofrecer\u00e1 un show de apertura muy especial con grandes artistas del teatro, de la m\u00fasica y del baile; la parodia del filme \u00abQu\u00e9 pas\u00f3 ayer\u00bb con la participaci\u00f3n de Adri\u00e1n Suar, Benjam\u00edn Vicu\u00f1a, Pablo Codevilla y el propio Tinelli, y un recorrido coreogr\u00e1fico por algunos de los puntos tur\u00edsticos de nuestro pa\u00eds m\u00e1s reconocidos.<\/p>\n<p>Filmada con una estructura de cine, el sketch tambi\u00e9n cont\u00f3 con la participaci\u00f3n de Dady Brieva, Carlos Belloso, Sebasti\u00e1n Wanraich, Calu Rivero, Flavio Mendoza, Paula Ch\u00e1ves, Pedro y Olivia Alfonso y hasta la hija menor de Marcelo, Juanita Tinelli.<\/p>\n<p>La apertura fue dirigida por Nacho Lecouna, conforme a un gui\u00f3n escrito por Pablo Senmartin, se utilizaron dos locaciones de exteriores (el hotel Hilton de Puerto Madero y el Municipio de Tigre) y se prolog\u00f3 por 3 jornadas completas, tras 3 meses de preproducci\u00f3n.<\/p>\n<p>Como escenograf\u00eda, el estudio de Ideas del Sur incluir\u00e1 una pantalla de leds de 360 grados, de origen norteamericana, tiene cerca de 600 metros cuadrados de superficie y una definici\u00f3n notable: con luces ubicados a 3 mil\u00edmetros de distancia entre s\u00ed.<\/p>\n<p>Habitualmente, ShowMatch utilizaba una con leds a 8 mm. Este detalle t\u00e9cnico implica que la imagen tendr\u00e1 una mejora significativa, equivalente a la que se luce en el cine, consign\u00f3<em> MinutoUno.<\/em><\/p>\n<p>En la \u00faltima semana se finalizaron los detalles de la instalaci\u00f3n de la nueva escenograf\u00eda, trabajo que demand\u00f3 casi dos meses de trabajo, el asesoramiento de especialistas italianos y una planificaci\u00f3n que comenz\u00f3 en agosto del 2013.<\/p>\n<p>El segmento de humor se llamara \u00abEl Gran Bailando\u00bb y la idea es que imitadores se hagan cargo de encarnar a dirigentes pol\u00edticos y bailen y para eso Ideas del Sur firm\u00f3 a los comediantes Roberto Pe\u00f1a, Freddy Villarreal, Claudio Rico, Fernando Ram\u00edrez, F\u00e1tima Florez y se sumaran Listorti y Pedro Alfonso, y el cordob\u00e9s Mario Devalis.<\/p>\n","protected":false},"excerpt":{"rendered":"<p>Este lunes por la noche, miles de hogares se paralizar&aacute;n delante del televisor para ver el regreso de Showmatch por El Trece. &iquest;C&oacute;mo ser&aacute; el primer programa? Marcelo Tinelli finalmente regresar&aacute; este lunes a la TV abierta por Canal 13 con su ShowMatch, tras 493 d&iacute;as de ausencia, con una temporada que incluir&aacute; el certamen [&hellip;]<\/p>\n","protected":false},"author":2,"featured_media":0,"comment_status":"open","ping_status":"open","sticky":false,"template":"","format":"standard","meta":{"fifu_image_url":"","fifu_image_alt":"","footnotes":""},"categories":[12],"tags":[],"class_list":{"0":"post-6713","1":"post","2":"type-post","3":"status-publish","4":"format-standard","6":"category-espectaculos"},"yoast_head":"<title>Despu\u00e9s de m\u00e1s de un a\u00f1o, Marcelo Tinelli vuelve a la televisi\u00f3n - Informe Litoral<\/title>\n<meta name=\"robots\" content=\"index, follow, max-snippet:-1, max-image-preview:large, max-video-preview:-1\" \/>\n<link rel=\"canonical\" href=\"https:\/\/informelitoral.com.ar\/despues-de-mas-de-un-ano-marcelo-tinelli-vuelve-a-la-television\/\" \/>\n<meta property=\"og:locale\" content=\"es_ES\" \/>\n<meta property=\"og:type\" content=\"article\" \/>\n<meta property=\"og:title\" content=\"Despu\u00e9s de m\u00e1s de un a\u00f1o, Marcelo Tinelli vuelve a la televisi\u00f3n - Informe Litoral\" \/>\n<meta property=\"og:description\" content=\"Este lunes por la noche, miles de hogares se paralizar&aacute;n delante del televisor para ver el regreso de Showmatch por El Trece. &iquest;C&oacute;mo ser&aacute; el primer programa? Marcelo Tinelli finalmente regresar&aacute; este lunes a la TV abierta por Canal 13 con su ShowMatch, tras 493 d&iacute;as de ausencia, con una temporada que incluir&aacute; el certamen [&hellip;]\" \/>\n<meta property=\"og:url\" content=\"https:\/\/informelitoral.com.ar\/despues-de-mas-de-un-ano-marcelo-tinelli-vuelve-a-la-television\/\" \/>\n<meta property=\"og:site_name\" content=\"Informe Litoral\" \/>\n<meta property=\"article:publisher\" content=\"https:\/\/www.facebook.com\/informelitoral\/\" \/>\n<meta property=\"article:published_time\" content=\"2014-04-29T01:04:52+00:00\" \/>\n<meta property=\"og:image\" content=\"https:\/\/informelitoral.com.ar\/%77%70%2d%63%6f%6e%74%65%6e%74\/uploads\/2014\/04\/tinelli.jpg\" \/>\n\t<meta property=\"og:image:width\" content=\"744\" \/>\n\t<meta property=\"og:image:height\" content=\"495\" \/>\n\t<meta property=\"og:image:type\" content=\"image\/jpeg\" \/>\n<meta name=\"author\" content=\"Gonzalo Schmidt\" \/>\n<meta name=\"twitter:card\" content=\"summary_large_image\" \/>\n<meta name=\"twitter:creator\" content=\"@InformeLitoral\" \/>\n<meta name=\"twitter:site\" content=\"@InformeLitoral\" \/>\n<meta name=\"twitter:label1\" content=\"Escrito por\" \/>\n\t<meta name=\"twitter:data1\" content=\"Gonzalo Schmidt\" \/>\n\t<meta name=\"twitter:label2\" content=\"Tiempo de lectura\" \/>\n\t<meta name=\"twitter:data2\" content=\"5 minutos\" \/>\n<script type=\"application\/ld+json\" class=\"yoast-schema-graph\">{\"@context\":\"https:\\\/\\\/schema.org\",\"@graph\":[{\"@type\":\"Article\",\"@id\":\"https:\\\/\\\/informelitoral.com.ar\\\/despues-de-mas-de-un-ano-marcelo-tinelli-vuelve-a-la-television\\\/#article\",\"isPartOf\":{\"@id\":\"https:\\\/\\\/informelitoral.com.ar\\\/despues-de-mas-de-un-ano-marcelo-tinelli-vuelve-a-la-television\\\/\"},\"author\":{\"name\":\"Gonzalo Schmidt\",\"@id\":\"https:\\\/\\\/informelitoral.com.ar\\\/#\\\/schema\\\/person\\\/b9d00407c836482871ef1d57bf8e3180\"},\"headline\":\"Despu\u00e9s de m\u00e1s de un a\u00f1o, Marcelo Tinelli vuelve a la televisi\u00f3n\",\"datePublished\":\"2014-04-29T01:04:52+00:00\",\"mainEntityOfPage\":{\"@id\":\"https:\\\/\\\/informelitoral.com.ar\\\/despues-de-mas-de-un-ano-marcelo-tinelli-vuelve-a-la-television\\\/\"},\"wordCount\":922,\"commentCount\":0,\"publisher\":{\"@id\":\"https:\\\/\\\/informelitoral.com.ar\\\/#organization\"},\"image\":{\"@id\":\"https:\\\/\\\/informelitoral.com.ar\\\/despues-de-mas-de-un-ano-marcelo-tinelli-vuelve-a-la-television\\\/#primaryimage\"},\"thumbnailUrl\":\"http:\\\/\\\/www.isletasnoticias.com.ar\\\/%77%70%2d%63%6f%6e%74%65%6e%74\\\/uploads\\\/2014\\\/04\\\/tinelli-300x199.jpg\",\"articleSection\":[\"Espect\u00e1culos\"],\"inLanguage\":\"es\",\"potentialAction\":[{\"@type\":\"CommentAction\",\"name\":\"Comment\",\"target\":[\"https:\\\/\\\/informelitoral.com.ar\\\/despues-de-mas-de-un-ano-marcelo-tinelli-vuelve-a-la-television\\\/#respond\"]}]},{\"@type\":\"WebPage\",\"@id\":\"https:\\\/\\\/informelitoral.com.ar\\\/despues-de-mas-de-un-ano-marcelo-tinelli-vuelve-a-la-television\\\/\",\"url\":\"https:\\\/\\\/informelitoral.com.ar\\\/despues-de-mas-de-un-ano-marcelo-tinelli-vuelve-a-la-television\\\/\",\"name\":\"Despu\u00e9s de m\u00e1s de un a\u00f1o, Marcelo Tinelli vuelve a la televisi\u00f3n - Informe Litoral\",\"isPartOf\":{\"@id\":\"https:\\\/\\\/informelitoral.com.ar\\\/#website\"},\"primaryImageOfPage\":{\"@id\":\"https:\\\/\\\/informelitoral.com.ar\\\/despues-de-mas-de-un-ano-marcelo-tinelli-vuelve-a-la-television\\\/#primaryimage\"},\"image\":{\"@id\":\"https:\\\/\\\/informelitoral.com.ar\\\/despues-de-mas-de-un-ano-marcelo-tinelli-vuelve-a-la-television\\\/#primaryimage\"},\"thumbnailUrl\":\"http:\\\/\\\/www.isletasnoticias.com.ar\\\/%77%70%2d%63%6f%6e%74%65%6e%74\\\/uploads\\\/2014\\\/04\\\/tinelli-300x199.jpg\",\"datePublished\":\"2014-04-29T01:04:52+00:00\",\"breadcrumb\":{\"@id\":\"https:\\\/\\\/informelitoral.com.ar\\\/despues-de-mas-de-un-ano-marcelo-tinelli-vuelve-a-la-television\\\/#breadcrumb\"},\"inLanguage\":\"es\",\"potentialAction\":[{\"@type\":\"ReadAction\",\"target\":[\"https:\\\/\\\/informelitoral.com.ar\\\/despues-de-mas-de-un-ano-marcelo-tinelli-vuelve-a-la-television\\\/\"]}]},{\"@type\":\"ImageObject\",\"inLanguage\":\"es\",\"@id\":\"https:\\\/\\\/informelitoral.com.ar\\\/despues-de-mas-de-un-ano-marcelo-tinelli-vuelve-a-la-television\\\/#primaryimage\",\"url\":\"http:\\\/\\\/www.isletasnoticias.com.ar\\\/%77%70%2d%63%6f%6e%74%65%6e%74\\\/uploads\\\/2014\\\/04\\\/tinelli-300x199.jpg\",\"contentUrl\":\"http:\\\/\\\/www.isletasnoticias.com.ar\\\/%77%70%2d%63%6f%6e%74%65%6e%74\\\/uploads\\\/2014\\\/04\\\/tinelli-300x199.jpg\"},{\"@type\":\"BreadcrumbList\",\"@id\":\"https:\\\/\\\/informelitoral.com.ar\\\/despues-de-mas-de-un-ano-marcelo-tinelli-vuelve-a-la-television\\\/#breadcrumb\",\"itemListElement\":[{\"@type\":\"ListItem\",\"position\":1,\"name\":\"Portada\",\"item\":\"https:\\\/\\\/informelitoral.com.ar\\\/\"},{\"@type\":\"ListItem\",\"position\":2,\"name\":\"Despu\u00e9s de m\u00e1s de un a\u00f1o, Marcelo Tinelli vuelve a la televisi\u00f3n\"}]},{\"@type\":\"WebSite\",\"@id\":\"https:\\\/\\\/informelitoral.com.ar\\\/#website\",\"url\":\"https:\\\/\\\/informelitoral.com.ar\\\/\",\"name\":\"Informe Litoral\",\"description\":\"&quot;Nos informamos&quot; \",\"publisher\":{\"@id\":\"https:\\\/\\\/informelitoral.com.ar\\\/#organization\"},\"potentialAction\":[{\"@type\":\"SearchAction\",\"target\":{\"@type\":\"EntryPoint\",\"urlTemplate\":\"https:\\\/\\\/informelitoral.com.ar\\\/?s={search_term_string}\"},\"query-input\":{\"@type\":\"PropertyValueSpecification\",\"valueRequired\":true,\"valueName\":\"search_term_string\"}}],\"inLanguage\":\"es\"},{\"@type\":\"Organization\",\"@id\":\"https:\\\/\\\/informelitoral.com.ar\\\/#organization\",\"name\":\"Informe Litoral\",\"url\":\"https:\\\/\\\/informelitoral.com.ar\\\/\",\"logo\":{\"@type\":\"ImageObject\",\"inLanguage\":\"es\",\"@id\":\"https:\\\/\\\/informelitoral.com.ar\\\/#\\\/schema\\\/logo\\\/image\\\/\",\"url\":\"https:\\\/\\\/informelitoral.com.ar\\\/%77%70%2d%63%6f%6e%74%65%6e%74\\\/uploads\\\/2021\\\/01\\\/circulo.png\",\"contentUrl\":\"https:\\\/\\\/informelitoral.com.ar\\\/%77%70%2d%63%6f%6e%74%65%6e%74\\\/uploads\\\/2021\\\/01\\\/circulo.png\",\"width\":723,\"height\":731,\"caption\":\"Informe Litoral\"},\"image\":{\"@id\":\"https:\\\/\\\/informelitoral.com.ar\\\/#\\\/schema\\\/logo\\\/image\\\/\"},\"sameAs\":[\"https:\\\/\\\/www.facebook.com\\\/informelitoral\\\/\",\"https:\\\/\\\/x.com\\\/InformeLitoral\",\"https:\\\/\\\/www.instagram.com\\\/informelitoral\\\/\",\"https:\\\/\\\/www.youtube.com\\\/channel\\\/UCua4Qvz8Icb6MYqhoq9xLXw\"]},{\"@type\":\"Person\",\"@id\":\"https:\\\/\\\/informelitoral.com.ar\\\/#\\\/schema\\\/person\\\/b9d00407c836482871ef1d57bf8e3180\",\"name\":\"Gonzalo Schmidt\",\"image\":{\"@type\":\"ImageObject\",\"inLanguage\":\"es\",\"@id\":\"https:\\\/\\\/secure.gravatar.com\\\/avatar\\\/31a1a7b66ff2de83bd0e9fd79d026630d2d99e55e8bfe501287647b4fd9743de?s=96&d=mm&r=g\",\"url\":\"https:\\\/\\\/secure.gravatar.com\\\/avatar\\\/31a1a7b66ff2de83bd0e9fd79d026630d2d99e55e8bfe501287647b4fd9743de?s=96&d=mm&r=g\",\"contentUrl\":\"https:\\\/\\\/secure.gravatar.com\\\/avatar\\\/31a1a7b66ff2de83bd0e9fd79d026630d2d99e55e8bfe501287647b4fd9743de?s=96&d=mm&r=g\",\"caption\":\"Gonzalo Schmidt\"},\"description\":\"Sitio web de noticias de la provincia de Entre R\u00edos, Argentina. Informaci\u00f3n y entretenimiento. Informe Litoral, nos informamos.\",\"sameAs\":[\"http:\\\/\\\/www.isletasnoticias.com.ar\"],\"url\":\"https:\\\/\\\/informelitoral.com.ar\\\/author\\\/gonzalo\\\/\"}]}<\/script>","yoast_head_json":{"title":"Despu\u00e9s de m\u00e1s de un a\u00f1o, Marcelo Tinelli vuelve a la televisi\u00f3n - Informe Litoral","robots":{"index":"index","follow":"follow","max-snippet":"max-snippet:-1","max-image-preview":"max-image-preview:large","max-video-preview":"max-video-preview:-1"},"canonical":"https:\/\/informelitoral.com.ar\/despues-de-mas-de-un-ano-marcelo-tinelli-vuelve-a-la-television\/","og_locale":"es_ES","og_type":"article","og_title":"Despu\u00e9s de m\u00e1s de un a\u00f1o, Marcelo Tinelli vuelve a la televisi\u00f3n - Informe Litoral","og_description":"Este lunes por la noche, miles de hogares se paralizar&aacute;n delante del televisor para ver el regreso de Showmatch por El Trece. &iquest;C&oacute;mo ser&aacute; el primer programa? Marcelo Tinelli finalmente regresar&aacute; este lunes a la TV abierta por Canal 13 con su ShowMatch, tras 493 d&iacute;as de ausencia, con una temporada que incluir&aacute; el certamen [&hellip;]","og_url":"https:\/\/informelitoral.com.ar\/despues-de-mas-de-un-ano-marcelo-tinelli-vuelve-a-la-television\/","og_site_name":"Informe Litoral","article_publisher":"https:\/\/www.facebook.com\/informelitoral\/","article_published_time":"2014-04-29T01:04:52+00:00","og_image":[{"width":744,"height":495,"url":"https:\/\/informelitoral.com.ar\/%77%70%2d%63%6f%6e%74%65%6e%74\/uploads\/2014\/04\/tinelli.jpg","type":"image\/jpeg"}],"author":"Gonzalo Schmidt","twitter_card":"summary_large_image","twitter_creator":"@InformeLitoral","twitter_site":"@InformeLitoral","twitter_misc":{"Escrito por":"Gonzalo Schmidt","Tiempo de lectura":"5 minutos"},"schema":{"@context":"https:\/\/schema.org","@graph":[{"@type":"Article","@id":"https:\/\/informelitoral.com.ar\/despues-de-mas-de-un-ano-marcelo-tinelli-vuelve-a-la-television\/#article","isPartOf":{"@id":"https:\/\/informelitoral.com.ar\/despues-de-mas-de-un-ano-marcelo-tinelli-vuelve-a-la-television\/"},"author":{"name":"Gonzalo Schmidt","@id":"https:\/\/informelitoral.com.ar\/#\/schema\/person\/b9d00407c836482871ef1d57bf8e3180"},"headline":"Despu\u00e9s de m\u00e1s de un a\u00f1o, Marcelo Tinelli vuelve a la televisi\u00f3n","datePublished":"2014-04-29T01:04:52+00:00","mainEntityOfPage":{"@id":"https:\/\/informelitoral.com.ar\/despues-de-mas-de-un-ano-marcelo-tinelli-vuelve-a-la-television\/"},"wordCount":922,"commentCount":0,"publisher":{"@id":"https:\/\/informelitoral.com.ar\/#organization"},"image":{"@id":"https:\/\/informelitoral.com.ar\/despues-de-mas-de-un-ano-marcelo-tinelli-vuelve-a-la-television\/#primaryimage"},"thumbnailUrl":"http:\/\/www.isletasnoticias.com.ar\/%77%70%2d%63%6f%6e%74%65%6e%74\/uploads\/2014\/04\/tinelli-300x199.jpg","articleSection":["Espect\u00e1culos"],"inLanguage":"es","potentialAction":[{"@type":"CommentAction","name":"Comment","target":["https:\/\/informelitoral.com.ar\/despues-de-mas-de-un-ano-marcelo-tinelli-vuelve-a-la-television\/#respond"]}]},{"@type":"WebPage","@id":"https:\/\/informelitoral.com.ar\/despues-de-mas-de-un-ano-marcelo-tinelli-vuelve-a-la-television\/","url":"https:\/\/informelitoral.com.ar\/despues-de-mas-de-un-ano-marcelo-tinelli-vuelve-a-la-television\/","name":"Despu\u00e9s de m\u00e1s de un a\u00f1o, Marcelo Tinelli vuelve a la televisi\u00f3n - Informe Litoral","isPartOf":{"@id":"https:\/\/informelitoral.com.ar\/#website"},"primaryImageOfPage":{"@id":"https:\/\/informelitoral.com.ar\/despues-de-mas-de-un-ano-marcelo-tinelli-vuelve-a-la-television\/#primaryimage"},"image":{"@id":"https:\/\/informelitoral.com.ar\/despues-de-mas-de-un-ano-marcelo-tinelli-vuelve-a-la-television\/#primaryimage"},"thumbnailUrl":"http:\/\/www.isletasnoticias.com.ar\/%77%70%2d%63%6f%6e%74%65%6e%74\/uploads\/2014\/04\/tinelli-300x199.jpg","datePublished":"2014-04-29T01:04:52+00:00","breadcrumb":{"@id":"https:\/\/informelitoral.com.ar\/despues-de-mas-de-un-ano-marcelo-tinelli-vuelve-a-la-television\/#breadcrumb"},"inLanguage":"es","potentialAction":[{"@type":"ReadAction","target":["https:\/\/informelitoral.com.ar\/despues-de-mas-de-un-ano-marcelo-tinelli-vuelve-a-la-television\/"]}]},{"@type":"ImageObject","inLanguage":"es","@id":"https:\/\/informelitoral.com.ar\/despues-de-mas-de-un-ano-marcelo-tinelli-vuelve-a-la-television\/#primaryimage","url":"http:\/\/www.isletasnoticias.com.ar\/%77%70%2d%63%6f%6e%74%65%6e%74\/uploads\/2014\/04\/tinelli-300x199.jpg","contentUrl":"http:\/\/www.isletasnoticias.com.ar\/%77%70%2d%63%6f%6e%74%65%6e%74\/uploads\/2014\/04\/tinelli-300x199.jpg"},{"@type":"BreadcrumbList","@id":"https:\/\/informelitoral.com.ar\/despues-de-mas-de-un-ano-marcelo-tinelli-vuelve-a-la-television\/#breadcrumb","itemListElement":[{"@type":"ListItem","position":1,"name":"Portada","item":"https:\/\/informelitoral.com.ar\/"},{"@type":"ListItem","position":2,"name":"Despu\u00e9s de m\u00e1s de un a\u00f1o, Marcelo Tinelli vuelve a la televisi\u00f3n"}]},{"@type":"WebSite","@id":"https:\/\/informelitoral.com.ar\/#website","url":"https:\/\/informelitoral.com.ar\/","name":"Informe Litoral","description":"&quot;Nos informamos&quot; ","publisher":{"@id":"https:\/\/informelitoral.com.ar\/#organization"},"potentialAction":[{"@type":"SearchAction","target":{"@type":"EntryPoint","urlTemplate":"https:\/\/informelitoral.com.ar\/?s={search_term_string}"},"query-input":{"@type":"PropertyValueSpecification","valueRequired":true,"valueName":"search_term_string"}}],"inLanguage":"es"},{"@type":"Organization","@id":"https:\/\/informelitoral.com.ar\/#organization","name":"Informe Litoral","url":"https:\/\/informelitoral.com.ar\/","logo":{"@type":"ImageObject","inLanguage":"es","@id":"https:\/\/informelitoral.com.ar\/#\/schema\/logo\/image\/","url":"https:\/\/informelitoral.com.ar\/%77%70%2d%63%6f%6e%74%65%6e%74\/uploads\/2021\/01\/circulo.png","contentUrl":"https:\/\/informelitoral.com.ar\/%77%70%2d%63%6f%6e%74%65%6e%74\/uploads\/2021\/01\/circulo.png","width":723,"height":731,"caption":"Informe Litoral"},"image":{"@id":"https:\/\/informelitoral.com.ar\/#\/schema\/logo\/image\/"},"sameAs":["https:\/\/www.facebook.com\/informelitoral\/","https:\/\/x.com\/InformeLitoral","https:\/\/www.instagram.com\/informelitoral\/","https:\/\/www.youtube.com\/channel\/UCua4Qvz8Icb6MYqhoq9xLXw"]},{"@type":"Person","@id":"https:\/\/informelitoral.com.ar\/#\/schema\/person\/b9d00407c836482871ef1d57bf8e3180","name":"Gonzalo Schmidt","image":{"@type":"ImageObject","inLanguage":"es","@id":"https:\/\/secure.gravatar.com\/avatar\/31a1a7b66ff2de83bd0e9fd79d026630d2d99e55e8bfe501287647b4fd9743de?s=96&d=mm&r=g","url":"https:\/\/secure.gravatar.com\/avatar\/31a1a7b66ff2de83bd0e9fd79d026630d2d99e55e8bfe501287647b4fd9743de?s=96&d=mm&r=g","contentUrl":"https:\/\/secure.gravatar.com\/avatar\/31a1a7b66ff2de83bd0e9fd79d026630d2d99e55e8bfe501287647b4fd9743de?s=96&d=mm&r=g","caption":"Gonzalo Schmidt"},"description":"Sitio web de noticias de la provincia de Entre R\u00edos, Argentina. Informaci\u00f3n y entretenimiento. Informe Litoral, nos informamos.","sameAs":["http:\/\/www.isletasnoticias.com.ar"],"url":"https:\/\/informelitoral.com.ar\/author\/gonzalo\/"}]}},"_links":{"self":[{"href":"https:\/\/informelitoral.com.ar\/%77%70%2d%6a%73%6f%6e\/wp\/v2\/posts\/6713","targetHints":{"allow":["GET"]}}],"collection":[{"href":"https:\/\/informelitoral.com.ar\/%77%70%2d%6a%73%6f%6e\/wp\/v2\/posts"}],"about":[{"href":"https:\/\/informelitoral.com.ar\/%77%70%2d%6a%73%6f%6e\/wp\/v2\/types\/post"}],"author":[{"embeddable":true,"href":"https:\/\/informelitoral.com.ar\/%77%70%2d%6a%73%6f%6e\/wp\/v2\/users\/2"}],"replies":[{"embeddable":true,"href":"https:\/\/informelitoral.com.ar\/%77%70%2d%6a%73%6f%6e\/wp\/v2\/comments?post=6713"}],"version-history":[{"count":0,"href":"https:\/\/informelitoral.com.ar\/%77%70%2d%6a%73%6f%6e\/wp\/v2\/posts\/6713\/revisions"}],"wp:attachment":[{"href":"https:\/\/informelitoral.com.ar\/%77%70%2d%6a%73%6f%6e\/wp\/v2\/media?parent=6713"}],"wp:term":[{"taxonomy":"category","embeddable":true,"href":"https:\/\/informelitoral.com.ar\/%77%70%2d%6a%73%6f%6e\/wp\/v2\/categories?post=6713"},{"taxonomy":"post_tag","embeddable":true,"href":"https:\/\/informelitoral.com.ar\/%77%70%2d%6a%73%6f%6e\/wp\/v2\/tags?post=6713"}],"curies":[{"name":"wp","href":"https:\/\/api.w.org\/{rel}","templated":true}]}}