{"id":67012,"date":"2021-11-02T18:46:38","date_gmt":"2021-11-02T21:46:38","guid":{"rendered":"https:\/\/www.informelitoral.com.ar\/?p=67012"},"modified":"2021-11-02T18:46:38","modified_gmt":"2021-11-02T21:46:38","slug":"podria-haber-desabastecimiento-de-combustibles-en-entre-rios","status":"publish","type":"post","link":"https:\/\/informelitoral.com.ar\/podria-haber-desabastecimiento-de-combustibles-en-entre-rios\/","title":{"rendered":"Podr\u00eda haber desabastecimiento de combustibles en Entre R\u00edos"},"content":{"rendered":"<div class=\"news-body-main\">\n<div id=\"note-body\" data-twitter-link=\"https:\/\/twitter.com\/intent\/tweet?url=https:\/\/www.unoentrerios.com.ar\/c2698548&amp;via=&amp;related=Uno Entre Rios&amp;text=\">\n<p><strong>Mario Amado, vicepresidente de la C\u00e1mara de Expendedores de Combustibles de Entre R\u00edos, explic\u00f3 los motivos por los cuales podr\u00eda haber desabastecimiento de combustibles en la provincia, tras la advertencia emitida por la Confederaci\u00f3n de Entidades del Comercio de Hidrocarburos y Afines (Cecha).<\/strong><\/p>\n<\/div>\n<\/div>\n<div class=\"news-body-main\">\n<div id=\"note-body\" data-twitter-link=\"https:\/\/twitter.com\/intent\/tweet?url=https:\/\/www.unoentrerios.com.ar\/c2698548&amp;via=&amp;related=Uno Entre Rios&amp;text=\">\n<p>\u00abLa situaci\u00f3n se repite, ya lo hemos pasado. Cuando se congelan los precios de los combustibles en el surtidor, empieza a subir el precio a los mayoristas para que luego nadie quiera vender m\u00e1s de lo que vend\u00eda antes\u00bb, sostuvo Amado.<\/p>\n<\/div>\n<\/div>\n<div class=\"news-body-main\">\n<div id=\"note-body\" data-twitter-link=\"https:\/\/twitter.com\/intent\/tweet?url=https:\/\/www.unoentrerios.com.ar\/c2698548&amp;via=&amp;related=Uno Entre Rios&amp;text=\">\n<p>En ese sentido agreg\u00f3 que \u00aben estos momentos de precios congelados, ninguna compa\u00f1\u00eda se juega a ganar mercado. Empiezan las estaciones blancas a tener problemas de abastecimiento o empiezan a abastecerlos a un valor que los saca de mercado, por lo que las petroleras de bandera empiezan a imponer cupos\u00bb.<\/p>\n<p>\u00ab<strong>Alertamos que de continuar as\u00ed, seguramente habr\u00e1 estaciones de servicios con problemas de stock<\/strong>\u00ab, alert\u00f3 Amado.<\/p>\n<p>Asimismo mencion\u00f3 que \u00abal congelar el precio por seis meses, las petroleras prefieren no producir para no producir a perdida o ganando menos de lo que quieren ganar\u00bb.<\/p>\n<p>El vicepresidente asegura que en los \u00faltimos d\u00edas se ha incrementado notoriamente la demanda de este producto, \u00abestamos casi en los valores de pre pandemia, con la perspectiva de que ahora vienen d\u00edas con temperaturas m\u00e1s elevadas y m\u00e1s largos, por lo cual la gente querr\u00e1 salir a pasear, principalmente despu\u00e9s de haber estado tanto tiempo encerrados, por lo cual habr\u00e1 mas movimiento y requerir\u00e1n mas combustible\u00bb, indic\u00f3 Amado.<\/p>\n<p>Sobre las proyecciones de cara al verano que se aproxima, mencion\u00f3 que \u00abesperamos que en diciembre empiece a haber una correcci\u00f3n m\u00ednima, que nos ayude a nosotros a bancar todos los insumos y el ajuste de la paritaria para seguir el ritmo de los otros productos\u00bb, mencion\u00f3 Amado y agreg\u00f3 que \u00abcasi llegamos a los valores del 2019, por lo cual las perspectivas para el verano son que va a haber una buena venta y buena recuperaci\u00f3n\u00bb, finaliz\u00f3.<\/p>\n<p>(Fuente: UNO)<\/p>\n<\/div>\n<\/div>\n","protected":false},"excerpt":{"rendered":"<p>Mario Amado, vicepresidente de la C&aacute;mara de Expendedores de Combustibles de Entre R&iacute;os, explic&oacute; los motivos por los cuales podr&iacute;a haber desabastecimiento de combustibles en la provincia, tras la advertencia emitida por la Confederaci&oacute;n de Entidades del Comercio de Hidrocarburos y Afines (Cecha). &laquo;La situaci&oacute;n se repite, ya lo hemos pasado. Cuando se congelan los [&hellip;]<\/p>\n","protected":false},"author":8,"featured_media":23524,"comment_status":"open","ping_status":"open","sticky":false,"template":"","format":"standard","meta":{"fifu_image_url":"","fifu_image_alt":"","footnotes":""},"categories":[6],"tags":[2500,1693,2501,2499,124],"class_list":{"0":"post-67012","1":"post","2":"type-post","3":"status-publish","4":"format-standard","5":"has-post-thumbnail","7":"category-entre-rios","8":"tag-automovil","9":"tag-combustible","10":"tag-desabastecimiento","11":"tag-petroleo","12":"tag-sociedad"},"yoast_head":"<title>Podr\u00eda haber desabastecimiento de combustibles en Entre R\u00edos - Informe Litoral<\/title>\n<meta name=\"robots\" content=\"index, follow, max-snippet:-1, max-image-preview:large, max-video-preview:-1\" \/>\n<link rel=\"canonical\" href=\"https:\/\/informelitoral.com.ar\/podria-haber-desabastecimiento-de-combustibles-en-entre-rios\/\" \/>\n<meta property=\"og:locale\" content=\"es_ES\" \/>\n<meta property=\"og:type\" content=\"article\" \/>\n<meta property=\"og:title\" content=\"Podr\u00eda haber desabastecimiento de combustibles en Entre R\u00edos - Informe Litoral\" \/>\n<meta property=\"og:description\" content=\"Mario Amado, vicepresidente de la C&aacute;mara de Expendedores de Combustibles de Entre R&iacute;os, explic&oacute; los motivos por los cuales podr&iacute;a haber desabastecimiento de combustibles en la provincia, tras la advertencia emitida por la Confederaci&oacute;n de Entidades del Comercio de Hidrocarburos y Afines (Cecha). &laquo;La situaci&oacute;n se repite, ya lo hemos pasado. Cuando se congelan los [&hellip;]\" \/>\n<meta property=\"og:url\" content=\"https:\/\/informelitoral.com.ar\/podria-haber-desabastecimiento-de-combustibles-en-entre-rios\/\" \/>\n<meta property=\"og:site_name\" content=\"Informe Litoral\" \/>\n<meta property=\"article:publisher\" content=\"https:\/\/www.facebook.com\/informelitoral\/\" \/>\n<meta property=\"article:published_time\" content=\"2021-11-02T21:46:38+00:00\" \/>\n<meta property=\"og:image\" content=\"https:\/\/informelitoral.com.ar\/%77%70%2d%63%6f%6e%74%65%6e%74\/uploads\/2017\/10\/Combustibles.jpg\" \/>\n\t<meta property=\"og:image:width\" content=\"4288\" \/>\n\t<meta property=\"og:image:height\" content=\"2848\" \/>\n\t<meta property=\"og:image:type\" content=\"image\/jpeg\" \/>\n<meta name=\"author\" content=\"Sebastian\" \/>\n<meta name=\"twitter:card\" content=\"summary_large_image\" \/>\n<meta name=\"twitter:creator\" content=\"@InformeLitoral\" \/>\n<meta name=\"twitter:site\" content=\"@InformeLitoral\" \/>\n<meta name=\"twitter:label1\" content=\"Escrito por\" \/>\n\t<meta name=\"twitter:data1\" content=\"Sebastian\" \/>\n\t<meta name=\"twitter:label2\" content=\"Tiempo de lectura\" \/>\n\t<meta name=\"twitter:data2\" content=\"2 minutos\" \/>\n<script type=\"application\/ld+json\" class=\"yoast-schema-graph\">{\"@context\":\"https:\\\/\\\/schema.org\",\"@graph\":[{\"@type\":\"Article\",\"@id\":\"https:\\\/\\\/informelitoral.com.ar\\\/podria-haber-desabastecimiento-de-combustibles-en-entre-rios\\\/#article\",\"isPartOf\":{\"@id\":\"https:\\\/\\\/informelitoral.com.ar\\\/podria-haber-desabastecimiento-de-combustibles-en-entre-rios\\\/\"},\"author\":{\"name\":\"Sebastian\",\"@id\":\"https:\\\/\\\/informelitoral.com.ar\\\/#\\\/schema\\\/person\\\/f05f9f461677119578717524b127d6d5\"},\"headline\":\"Podr\u00eda haber desabastecimiento de combustibles en Entre R\u00edos\",\"datePublished\":\"2021-11-02T21:46:38+00:00\",\"mainEntityOfPage\":{\"@id\":\"https:\\\/\\\/informelitoral.com.ar\\\/podria-haber-desabastecimiento-de-combustibles-en-entre-rios\\\/\"},\"wordCount\":353,\"commentCount\":0,\"publisher\":{\"@id\":\"https:\\\/\\\/informelitoral.com.ar\\\/#organization\"},\"image\":{\"@id\":\"https:\\\/\\\/informelitoral.com.ar\\\/podria-haber-desabastecimiento-de-combustibles-en-entre-rios\\\/#primaryimage\"},\"thumbnailUrl\":\"https:\\\/\\\/informelitoral.com.ar\\\/%77%70%2d%63%6f%6e%74%65%6e%74\\\/uploads\\\/2017\\\/10\\\/Combustibles.jpg\",\"keywords\":[\"Automovil\",\"Combustible\",\"Desabastecimiento\",\"Petroleo\",\"Sociedad\"],\"articleSection\":[\"Entre R\u00edos\"],\"inLanguage\":\"es\",\"potentialAction\":[{\"@type\":\"CommentAction\",\"name\":\"Comment\",\"target\":[\"https:\\\/\\\/informelitoral.com.ar\\\/podria-haber-desabastecimiento-de-combustibles-en-entre-rios\\\/#respond\"]}]},{\"@type\":\"WebPage\",\"@id\":\"https:\\\/\\\/informelitoral.com.ar\\\/podria-haber-desabastecimiento-de-combustibles-en-entre-rios\\\/\",\"url\":\"https:\\\/\\\/informelitoral.com.ar\\\/podria-haber-desabastecimiento-de-combustibles-en-entre-rios\\\/\",\"name\":\"Podr\u00eda haber desabastecimiento de combustibles en Entre R\u00edos - Informe Litoral\",\"isPartOf\":{\"@id\":\"https:\\\/\\\/informelitoral.com.ar\\\/#website\"},\"primaryImageOfPage\":{\"@id\":\"https:\\\/\\\/informelitoral.com.ar\\\/podria-haber-desabastecimiento-de-combustibles-en-entre-rios\\\/#primaryimage\"},\"image\":{\"@id\":\"https:\\\/\\\/informelitoral.com.ar\\\/podria-haber-desabastecimiento-de-combustibles-en-entre-rios\\\/#primaryimage\"},\"thumbnailUrl\":\"https:\\\/\\\/informelitoral.com.ar\\\/%77%70%2d%63%6f%6e%74%65%6e%74\\\/uploads\\\/2017\\\/10\\\/Combustibles.jpg\",\"datePublished\":\"2021-11-02T21:46:38+00:00\",\"breadcrumb\":{\"@id\":\"https:\\\/\\\/informelitoral.com.ar\\\/podria-haber-desabastecimiento-de-combustibles-en-entre-rios\\\/#breadcrumb\"},\"inLanguage\":\"es\",\"potentialAction\":[{\"@type\":\"ReadAction\",\"target\":[\"https:\\\/\\\/informelitoral.com.ar\\\/podria-haber-desabastecimiento-de-combustibles-en-entre-rios\\\/\"]}]},{\"@type\":\"ImageObject\",\"inLanguage\":\"es\",\"@id\":\"https:\\\/\\\/informelitoral.com.ar\\\/podria-haber-desabastecimiento-de-combustibles-en-entre-rios\\\/#primaryimage\",\"url\":\"https:\\\/\\\/informelitoral.com.ar\\\/%77%70%2d%63%6f%6e%74%65%6e%74\\\/uploads\\\/2017\\\/10\\\/Combustibles.jpg\",\"contentUrl\":\"https:\\\/\\\/informelitoral.com.ar\\\/%77%70%2d%63%6f%6e%74%65%6e%74\\\/uploads\\\/2017\\\/10\\\/Combustibles.jpg\",\"width\":4288,\"height\":2848},{\"@type\":\"BreadcrumbList\",\"@id\":\"https:\\\/\\\/informelitoral.com.ar\\\/podria-haber-desabastecimiento-de-combustibles-en-entre-rios\\\/#breadcrumb\",\"itemListElement\":[{\"@type\":\"ListItem\",\"position\":1,\"name\":\"Portada\",\"item\":\"https:\\\/\\\/informelitoral.com.ar\\\/\"},{\"@type\":\"ListItem\",\"position\":2,\"name\":\"Podr\u00eda haber desabastecimiento de combustibles en Entre R\u00edos\"}]},{\"@type\":\"WebSite\",\"@id\":\"https:\\\/\\\/informelitoral.com.ar\\\/#website\",\"url\":\"https:\\\/\\\/informelitoral.com.ar\\\/\",\"name\":\"Informe Litoral\",\"description\":\"&quot;Nos informamos&quot; \",\"publisher\":{\"@id\":\"https:\\\/\\\/informelitoral.com.ar\\\/#organization\"},\"potentialAction\":[{\"@type\":\"SearchAction\",\"target\":{\"@type\":\"EntryPoint\",\"urlTemplate\":\"https:\\\/\\\/informelitoral.com.ar\\\/?s={search_term_string}\"},\"query-input\":{\"@type\":\"PropertyValueSpecification\",\"valueRequired\":true,\"valueName\":\"search_term_string\"}}],\"inLanguage\":\"es\"},{\"@type\":\"Organization\",\"@id\":\"https:\\\/\\\/informelitoral.com.ar\\\/#organization\",\"name\":\"Informe Litoral\",\"url\":\"https:\\\/\\\/informelitoral.com.ar\\\/\",\"logo\":{\"@type\":\"ImageObject\",\"inLanguage\":\"es\",\"@id\":\"https:\\\/\\\/informelitoral.com.ar\\\/#\\\/schema\\\/logo\\\/image\\\/\",\"url\":\"https:\\\/\\\/informelitoral.com.ar\\\/%77%70%2d%63%6f%6e%74%65%6e%74\\\/uploads\\\/2021\\\/01\\\/circulo.png\",\"contentUrl\":\"https:\\\/\\\/informelitoral.com.ar\\\/%77%70%2d%63%6f%6e%74%65%6e%74\\\/uploads\\\/2021\\\/01\\\/circulo.png\",\"width\":723,\"height\":731,\"caption\":\"Informe Litoral\"},\"image\":{\"@id\":\"https:\\\/\\\/informelitoral.com.ar\\\/#\\\/schema\\\/logo\\\/image\\\/\"},\"sameAs\":[\"https:\\\/\\\/www.facebook.com\\\/informelitoral\\\/\",\"https:\\\/\\\/x.com\\\/InformeLitoral\",\"https:\\\/\\\/www.instagram.com\\\/informelitoral\\\/\",\"https:\\\/\\\/www.youtube.com\\\/channel\\\/UCua4Qvz8Icb6MYqhoq9xLXw\"]},{\"@type\":\"Person\",\"@id\":\"https:\\\/\\\/informelitoral.com.ar\\\/#\\\/schema\\\/person\\\/f05f9f461677119578717524b127d6d5\",\"name\":\"Sebastian\",\"image\":{\"@type\":\"ImageObject\",\"inLanguage\":\"es\",\"@id\":\"https:\\\/\\\/secure.gravatar.com\\\/avatar\\\/b71bf7481d447dfb9583c7f2798e7cc64de6efb9067b74633ed8c31059a3bd82?s=96&d=mm&r=g\",\"url\":\"https:\\\/\\\/secure.gravatar.com\\\/avatar\\\/b71bf7481d447dfb9583c7f2798e7cc64de6efb9067b74633ed8c31059a3bd82?s=96&d=mm&r=g\",\"contentUrl\":\"https:\\\/\\\/secure.gravatar.com\\\/avatar\\\/b71bf7481d447dfb9583c7f2798e7cc64de6efb9067b74633ed8c31059a3bd82?s=96&d=mm&r=g\",\"caption\":\"Sebastian\"},\"url\":\"https:\\\/\\\/informelitoral.com.ar\\\/author\\\/sebastian\\\/\"}]}<\/script>","yoast_head_json":{"title":"Podr\u00eda haber desabastecimiento de combustibles en Entre R\u00edos - Informe Litoral","robots":{"index":"index","follow":"follow","max-snippet":"max-snippet:-1","max-image-preview":"max-image-preview:large","max-video-preview":"max-video-preview:-1"},"canonical":"https:\/\/informelitoral.com.ar\/podria-haber-desabastecimiento-de-combustibles-en-entre-rios\/","og_locale":"es_ES","og_type":"article","og_title":"Podr\u00eda haber desabastecimiento de combustibles en Entre R\u00edos - Informe Litoral","og_description":"Mario Amado, vicepresidente de la C&aacute;mara de Expendedores de Combustibles de Entre R&iacute;os, explic&oacute; los motivos por los cuales podr&iacute;a haber desabastecimiento de combustibles en la provincia, tras la advertencia emitida por la Confederaci&oacute;n de Entidades del Comercio de Hidrocarburos y Afines (Cecha). &laquo;La situaci&oacute;n se repite, ya lo hemos pasado. Cuando se congelan los [&hellip;]","og_url":"https:\/\/informelitoral.com.ar\/podria-haber-desabastecimiento-de-combustibles-en-entre-rios\/","og_site_name":"Informe Litoral","article_publisher":"https:\/\/www.facebook.com\/informelitoral\/","article_published_time":"2021-11-02T21:46:38+00:00","og_image":[{"width":4288,"height":2848,"url":"https:\/\/informelitoral.com.ar\/%77%70%2d%63%6f%6e%74%65%6e%74\/uploads\/2017\/10\/Combustibles.jpg","type":"image\/jpeg"}],"author":"Sebastian","twitter_card":"summary_large_image","twitter_creator":"@InformeLitoral","twitter_site":"@InformeLitoral","twitter_misc":{"Escrito por":"Sebastian","Tiempo de lectura":"2 minutos"},"schema":{"@context":"https:\/\/schema.org","@graph":[{"@type":"Article","@id":"https:\/\/informelitoral.com.ar\/podria-haber-desabastecimiento-de-combustibles-en-entre-rios\/#article","isPartOf":{"@id":"https:\/\/informelitoral.com.ar\/podria-haber-desabastecimiento-de-combustibles-en-entre-rios\/"},"author":{"name":"Sebastian","@id":"https:\/\/informelitoral.com.ar\/#\/schema\/person\/f05f9f461677119578717524b127d6d5"},"headline":"Podr\u00eda haber desabastecimiento de combustibles en Entre R\u00edos","datePublished":"2021-11-02T21:46:38+00:00","mainEntityOfPage":{"@id":"https:\/\/informelitoral.com.ar\/podria-haber-desabastecimiento-de-combustibles-en-entre-rios\/"},"wordCount":353,"commentCount":0,"publisher":{"@id":"https:\/\/informelitoral.com.ar\/#organization"},"image":{"@id":"https:\/\/informelitoral.com.ar\/podria-haber-desabastecimiento-de-combustibles-en-entre-rios\/#primaryimage"},"thumbnailUrl":"https:\/\/informelitoral.com.ar\/%77%70%2d%63%6f%6e%74%65%6e%74\/uploads\/2017\/10\/Combustibles.jpg","keywords":["Automovil","Combustible","Desabastecimiento","Petroleo","Sociedad"],"articleSection":["Entre R\u00edos"],"inLanguage":"es","potentialAction":[{"@type":"CommentAction","name":"Comment","target":["https:\/\/informelitoral.com.ar\/podria-haber-desabastecimiento-de-combustibles-en-entre-rios\/#respond"]}]},{"@type":"WebPage","@id":"https:\/\/informelitoral.com.ar\/podria-haber-desabastecimiento-de-combustibles-en-entre-rios\/","url":"https:\/\/informelitoral.com.ar\/podria-haber-desabastecimiento-de-combustibles-en-entre-rios\/","name":"Podr\u00eda haber desabastecimiento de combustibles en Entre R\u00edos - Informe Litoral","isPartOf":{"@id":"https:\/\/informelitoral.com.ar\/#website"},"primaryImageOfPage":{"@id":"https:\/\/informelitoral.com.ar\/podria-haber-desabastecimiento-de-combustibles-en-entre-rios\/#primaryimage"},"image":{"@id":"https:\/\/informelitoral.com.ar\/podria-haber-desabastecimiento-de-combustibles-en-entre-rios\/#primaryimage"},"thumbnailUrl":"https:\/\/informelitoral.com.ar\/%77%70%2d%63%6f%6e%74%65%6e%74\/uploads\/2017\/10\/Combustibles.jpg","datePublished":"2021-11-02T21:46:38+00:00","breadcrumb":{"@id":"https:\/\/informelitoral.com.ar\/podria-haber-desabastecimiento-de-combustibles-en-entre-rios\/#breadcrumb"},"inLanguage":"es","potentialAction":[{"@type":"ReadAction","target":["https:\/\/informelitoral.com.ar\/podria-haber-desabastecimiento-de-combustibles-en-entre-rios\/"]}]},{"@type":"ImageObject","inLanguage":"es","@id":"https:\/\/informelitoral.com.ar\/podria-haber-desabastecimiento-de-combustibles-en-entre-rios\/#primaryimage","url":"https:\/\/informelitoral.com.ar\/%77%70%2d%63%6f%6e%74%65%6e%74\/uploads\/2017\/10\/Combustibles.jpg","contentUrl":"https:\/\/informelitoral.com.ar\/%77%70%2d%63%6f%6e%74%65%6e%74\/uploads\/2017\/10\/Combustibles.jpg","width":4288,"height":2848},{"@type":"BreadcrumbList","@id":"https:\/\/informelitoral.com.ar\/podria-haber-desabastecimiento-de-combustibles-en-entre-rios\/#breadcrumb","itemListElement":[{"@type":"ListItem","position":1,"name":"Portada","item":"https:\/\/informelitoral.com.ar\/"},{"@type":"ListItem","position":2,"name":"Podr\u00eda haber desabastecimiento de combustibles en Entre R\u00edos"}]},{"@type":"WebSite","@id":"https:\/\/informelitoral.com.ar\/#website","url":"https:\/\/informelitoral.com.ar\/","name":"Informe Litoral","description":"&quot;Nos informamos&quot; ","publisher":{"@id":"https:\/\/informelitoral.com.ar\/#organization"},"potentialAction":[{"@type":"SearchAction","target":{"@type":"EntryPoint","urlTemplate":"https:\/\/informelitoral.com.ar\/?s={search_term_string}"},"query-input":{"@type":"PropertyValueSpecification","valueRequired":true,"valueName":"search_term_string"}}],"inLanguage":"es"},{"@type":"Organization","@id":"https:\/\/informelitoral.com.ar\/#organization","name":"Informe Litoral","url":"https:\/\/informelitoral.com.ar\/","logo":{"@type":"ImageObject","inLanguage":"es","@id":"https:\/\/informelitoral.com.ar\/#\/schema\/logo\/image\/","url":"https:\/\/informelitoral.com.ar\/%77%70%2d%63%6f%6e%74%65%6e%74\/uploads\/2021\/01\/circulo.png","contentUrl":"https:\/\/informelitoral.com.ar\/%77%70%2d%63%6f%6e%74%65%6e%74\/uploads\/2021\/01\/circulo.png","width":723,"height":731,"caption":"Informe Litoral"},"image":{"@id":"https:\/\/informelitoral.com.ar\/#\/schema\/logo\/image\/"},"sameAs":["https:\/\/www.facebook.com\/informelitoral\/","https:\/\/x.com\/InformeLitoral","https:\/\/www.instagram.com\/informelitoral\/","https:\/\/www.youtube.com\/channel\/UCua4Qvz8Icb6MYqhoq9xLXw"]},{"@type":"Person","@id":"https:\/\/informelitoral.com.ar\/#\/schema\/person\/f05f9f461677119578717524b127d6d5","name":"Sebastian","image":{"@type":"ImageObject","inLanguage":"es","@id":"https:\/\/secure.gravatar.com\/avatar\/b71bf7481d447dfb9583c7f2798e7cc64de6efb9067b74633ed8c31059a3bd82?s=96&d=mm&r=g","url":"https:\/\/secure.gravatar.com\/avatar\/b71bf7481d447dfb9583c7f2798e7cc64de6efb9067b74633ed8c31059a3bd82?s=96&d=mm&r=g","contentUrl":"https:\/\/secure.gravatar.com\/avatar\/b71bf7481d447dfb9583c7f2798e7cc64de6efb9067b74633ed8c31059a3bd82?s=96&d=mm&r=g","caption":"Sebastian"},"url":"https:\/\/informelitoral.com.ar\/author\/sebastian\/"}]}},"_links":{"self":[{"href":"https:\/\/informelitoral.com.ar\/%77%70%2d%6a%73%6f%6e\/wp\/v2\/posts\/67012","targetHints":{"allow":["GET"]}}],"collection":[{"href":"https:\/\/informelitoral.com.ar\/%77%70%2d%6a%73%6f%6e\/wp\/v2\/posts"}],"about":[{"href":"https:\/\/informelitoral.com.ar\/%77%70%2d%6a%73%6f%6e\/wp\/v2\/types\/post"}],"author":[{"embeddable":true,"href":"https:\/\/informelitoral.com.ar\/%77%70%2d%6a%73%6f%6e\/wp\/v2\/users\/8"}],"replies":[{"embeddable":true,"href":"https:\/\/informelitoral.com.ar\/%77%70%2d%6a%73%6f%6e\/wp\/v2\/comments?post=67012"}],"version-history":[{"count":0,"href":"https:\/\/informelitoral.com.ar\/%77%70%2d%6a%73%6f%6e\/wp\/v2\/posts\/67012\/revisions"}],"wp:featuredmedia":[{"embeddable":true,"href":"https:\/\/informelitoral.com.ar\/%77%70%2d%6a%73%6f%6e\/wp\/v2\/media\/23524"}],"wp:attachment":[{"href":"https:\/\/informelitoral.com.ar\/%77%70%2d%6a%73%6f%6e\/wp\/v2\/media?parent=67012"}],"wp:term":[{"taxonomy":"category","embeddable":true,"href":"https:\/\/informelitoral.com.ar\/%77%70%2d%6a%73%6f%6e\/wp\/v2\/categories?post=67012"},{"taxonomy":"post_tag","embeddable":true,"href":"https:\/\/informelitoral.com.ar\/%77%70%2d%6a%73%6f%6e\/wp\/v2\/tags?post=67012"}],"curies":[{"name":"wp","href":"https:\/\/api.w.org\/{rel}","templated":true}]}}