{"id":66942,"date":"2021-11-01T22:24:23","date_gmt":"2021-11-02T01:24:23","guid":{"rendered":"https:\/\/www.informelitoral.com.ar\/?p=66942"},"modified":"2021-11-01T22:26:19","modified_gmt":"2021-11-02T01:26:19","slug":"los-jinetes-de-jesus-maria-deberan-usar-casco-y-chaleco","status":"publish","type":"post","link":"https:\/\/informelitoral.com.ar\/los-jinetes-de-jesus-maria-deberan-usar-casco-y-chaleco\/","title":{"rendered":"Los jinetes de Jes\u00fas Mar\u00eda deber\u00e1n usar casco y chaleco"},"content":{"rendered":"<p>A partir del pr\u00f3ximo Festival de Doma y Folclore de Jes\u00fas Mar\u00eda, ser\u00e1 obligatorio para los jinetes utilizar casco y chaleco protector.<\/p>\n<p>La medida se dispuso para evitar accidentes tr\u00e1gicos como el ocurrido en enero del 2020, donde Norberto Cossutta muri\u00f3 aplastado por su caballo.<\/p>\n<p>En conferencia de prensa, Juan Jos\u00e9 Nievas, asesor en el tema dijo que el casco \u00abest\u00e1 especialmente dise\u00f1ado para actividades ecuestres de riesgo y cuenta con protecci\u00f3n frontal para golpes en la cara\u00bb.<\/p>\n<p>Adem\u00e1s, deber\u00e1n usar un protector corporal, \u00abque es muy similar a un chaleco pero sin manga para posibilitar que el jinete desarrolle sus habilidades\u00bb. <em>(Informe de Eric Italia para Cadena 3)<\/em><\/p>\n<h4><strong>TE PUEDE INTERESAR:<\/strong><\/h4>\n<blockquote class=\"wp-embedded-content\" data-secret=\"u0ZxLlujiK\"><p><a href=\"https:\/\/www.informelitoral.com.ar\/el-maltrato-animal-no-existe-en-las-jineteadas-aseguro-campeon-de-jesus-maria\/\">\u00abEl maltrato animal no existe en las jineteadas\u00bb, asegur\u00f3 campe\u00f3n de Jes\u00fas Mar\u00eda<\/a><\/p><\/blockquote>\n<p><iframe loading=\"lazy\" class=\"wp-embedded-content\" sandbox=\"allow-scripts\" security=\"restricted\" style=\"position: absolute; clip: rect(1px, 1px, 1px, 1px);\" title=\"\u00ab\u00abEl maltrato animal no existe en las jineteadas\u00bb, asegur\u00f3 campe\u00f3n de Jes\u00fas Mar\u00eda\u00bb \u2014 Informe Litoral\" src=\"https:\/\/www.informelitoral.com.ar\/el-maltrato-animal-no-existe-en-las-jineteadas-aseguro-campeon-de-jesus-maria\/embed\/#?secret=u0ZxLlujiK\" data-secret=\"u0ZxLlujiK\" width=\"600\" height=\"338\" frameborder=\"0\" marginwidth=\"0\" marginheight=\"0\" scrolling=\"no\"><\/iframe><\/p>\n","protected":false},"excerpt":{"rendered":"<p>La decisi\u00f3n se tom\u00f3 para evitar accidentes tr\u00e1gicos como el ocurrido en enero del 2020, donde Norberto Cossutta muri\u00f3 aplastado por su caballo. <\/p>\n","protected":false},"author":2,"featured_media":66943,"comment_status":"open","ping_status":"open","sticky":false,"template":"","format":"standard","meta":{"fifu_image_url":"","fifu_image_alt":"","footnotes":""},"categories":[7,9],"tags":[2494,2492],"class_list":{"0":"post-66942","1":"post","2":"type-post","3":"status-publish","4":"format-standard","5":"has-post-thumbnail","7":"category-nacionales","8":"category-sociedad","9":"tag-jesus-maria","10":"tag-jineteadas"},"yoast_head":"<title>Los jinetes de Jes\u00fas Mar\u00eda deber\u00e1n usar casco y chaleco - Informe Litoral<\/title>\n<meta name=\"robots\" content=\"index, follow, max-snippet:-1, max-image-preview:large, max-video-preview:-1\" \/>\n<link rel=\"canonical\" href=\"https:\/\/informelitoral.com.ar\/los-jinetes-de-jesus-maria-deberan-usar-casco-y-chaleco\/\" \/>\n<meta property=\"og:locale\" content=\"es_ES\" \/>\n<meta property=\"og:type\" content=\"article\" \/>\n<meta property=\"og:title\" content=\"Los jinetes de Jes\u00fas Mar\u00eda deber\u00e1n usar casco y chaleco - Informe Litoral\" \/>\n<meta property=\"og:description\" content=\"La decisi\u00f3n se tom\u00f3 para evitar accidentes tr\u00e1gicos como el ocurrido en enero del 2020, donde Norberto Cossutta muri\u00f3 aplastado por su caballo.\" \/>\n<meta property=\"og:url\" content=\"https:\/\/informelitoral.com.ar\/los-jinetes-de-jesus-maria-deberan-usar-casco-y-chaleco\/\" \/>\n<meta property=\"og:site_name\" content=\"Informe Litoral\" \/>\n<meta property=\"article:publisher\" content=\"https:\/\/www.facebook.com\/informelitoral\/\" \/>\n<meta property=\"article:published_time\" content=\"2021-11-02T01:24:23+00:00\" \/>\n<meta property=\"article:modified_time\" content=\"2021-11-02T01:26:19+00:00\" \/>\n<meta property=\"og:image\" content=\"https:\/\/informelitoral.com.ar\/%77%70%2d%63%6f%6e%74%65%6e%74\/uploads\/2021\/11\/jinete.jpeg\" \/>\n\t<meta property=\"og:image:width\" content=\"1000\" \/>\n\t<meta property=\"og:image:height\" content=\"750\" \/>\n\t<meta property=\"og:image:type\" content=\"image\/jpeg\" \/>\n<meta name=\"author\" content=\"Gonzalo Schmidt\" \/>\n<meta name=\"twitter:card\" content=\"summary_large_image\" \/>\n<meta name=\"twitter:creator\" content=\"@InformeLitoral\" \/>\n<meta name=\"twitter:site\" content=\"@InformeLitoral\" \/>\n<meta name=\"twitter:label1\" content=\"Escrito por\" \/>\n\t<meta name=\"twitter:data1\" content=\"Gonzalo Schmidt\" \/>\n\t<meta name=\"twitter:label2\" content=\"Tiempo de lectura\" \/>\n\t<meta name=\"twitter:data2\" content=\"1 minuto\" \/>\n<script type=\"application\/ld+json\" class=\"yoast-schema-graph\">{\"@context\":\"https:\\\/\\\/schema.org\",\"@graph\":[{\"@type\":\"Article\",\"@id\":\"https:\\\/\\\/informelitoral.com.ar\\\/los-jinetes-de-jesus-maria-deberan-usar-casco-y-chaleco\\\/#article\",\"isPartOf\":{\"@id\":\"https:\\\/\\\/informelitoral.com.ar\\\/los-jinetes-de-jesus-maria-deberan-usar-casco-y-chaleco\\\/\"},\"author\":{\"name\":\"Gonzalo Schmidt\",\"@id\":\"https:\\\/\\\/informelitoral.com.ar\\\/#\\\/schema\\\/person\\\/b9d00407c836482871ef1d57bf8e3180\"},\"headline\":\"Los jinetes de Jes\u00fas Mar\u00eda deber\u00e1n usar casco y chaleco\",\"datePublished\":\"2021-11-02T01:24:23+00:00\",\"dateModified\":\"2021-11-02T01:26:19+00:00\",\"mainEntityOfPage\":{\"@id\":\"https:\\\/\\\/informelitoral.com.ar\\\/los-jinetes-de-jesus-maria-deberan-usar-casco-y-chaleco\\\/\"},\"wordCount\":137,\"commentCount\":0,\"publisher\":{\"@id\":\"https:\\\/\\\/informelitoral.com.ar\\\/#organization\"},\"image\":{\"@id\":\"https:\\\/\\\/informelitoral.com.ar\\\/los-jinetes-de-jesus-maria-deberan-usar-casco-y-chaleco\\\/#primaryimage\"},\"thumbnailUrl\":\"https:\\\/\\\/informelitoral.com.ar\\\/%77%70%2d%63%6f%6e%74%65%6e%74\\\/uploads\\\/2021\\\/11\\\/jinete.jpeg\",\"keywords\":[\"Jes\u00fas Mar\u00eda\",\"Jineteadas\"],\"articleSection\":[\"Nacionales\",\"Sociedad\"],\"inLanguage\":\"es\",\"potentialAction\":[{\"@type\":\"CommentAction\",\"name\":\"Comment\",\"target\":[\"https:\\\/\\\/informelitoral.com.ar\\\/los-jinetes-de-jesus-maria-deberan-usar-casco-y-chaleco\\\/#respond\"]}]},{\"@type\":\"WebPage\",\"@id\":\"https:\\\/\\\/informelitoral.com.ar\\\/los-jinetes-de-jesus-maria-deberan-usar-casco-y-chaleco\\\/\",\"url\":\"https:\\\/\\\/informelitoral.com.ar\\\/los-jinetes-de-jesus-maria-deberan-usar-casco-y-chaleco\\\/\",\"name\":\"Los jinetes de Jes\u00fas Mar\u00eda deber\u00e1n usar casco y chaleco - Informe Litoral\",\"isPartOf\":{\"@id\":\"https:\\\/\\\/informelitoral.com.ar\\\/#website\"},\"primaryImageOfPage\":{\"@id\":\"https:\\\/\\\/informelitoral.com.ar\\\/los-jinetes-de-jesus-maria-deberan-usar-casco-y-chaleco\\\/#primaryimage\"},\"image\":{\"@id\":\"https:\\\/\\\/informelitoral.com.ar\\\/los-jinetes-de-jesus-maria-deberan-usar-casco-y-chaleco\\\/#primaryimage\"},\"thumbnailUrl\":\"https:\\\/\\\/informelitoral.com.ar\\\/%77%70%2d%63%6f%6e%74%65%6e%74\\\/uploads\\\/2021\\\/11\\\/jinete.jpeg\",\"datePublished\":\"2021-11-02T01:24:23+00:00\",\"dateModified\":\"2021-11-02T01:26:19+00:00\",\"breadcrumb\":{\"@id\":\"https:\\\/\\\/informelitoral.com.ar\\\/los-jinetes-de-jesus-maria-deberan-usar-casco-y-chaleco\\\/#breadcrumb\"},\"inLanguage\":\"es\",\"potentialAction\":[{\"@type\":\"ReadAction\",\"target\":[\"https:\\\/\\\/informelitoral.com.ar\\\/los-jinetes-de-jesus-maria-deberan-usar-casco-y-chaleco\\\/\"]}]},{\"@type\":\"ImageObject\",\"inLanguage\":\"es\",\"@id\":\"https:\\\/\\\/informelitoral.com.ar\\\/los-jinetes-de-jesus-maria-deberan-usar-casco-y-chaleco\\\/#primaryimage\",\"url\":\"https:\\\/\\\/informelitoral.com.ar\\\/%77%70%2d%63%6f%6e%74%65%6e%74\\\/uploads\\\/2021\\\/11\\\/jinete.jpeg\",\"contentUrl\":\"https:\\\/\\\/informelitoral.com.ar\\\/%77%70%2d%63%6f%6e%74%65%6e%74\\\/uploads\\\/2021\\\/11\\\/jinete.jpeg\",\"width\":1000,\"height\":750},{\"@type\":\"BreadcrumbList\",\"@id\":\"https:\\\/\\\/informelitoral.com.ar\\\/los-jinetes-de-jesus-maria-deberan-usar-casco-y-chaleco\\\/#breadcrumb\",\"itemListElement\":[{\"@type\":\"ListItem\",\"position\":1,\"name\":\"Portada\",\"item\":\"https:\\\/\\\/informelitoral.com.ar\\\/\"},{\"@type\":\"ListItem\",\"position\":2,\"name\":\"Los jinetes de Jes\u00fas Mar\u00eda deber\u00e1n usar casco y chaleco\"}]},{\"@type\":\"WebSite\",\"@id\":\"https:\\\/\\\/informelitoral.com.ar\\\/#website\",\"url\":\"https:\\\/\\\/informelitoral.com.ar\\\/\",\"name\":\"Informe Litoral\",\"description\":\"&quot;Nos informamos&quot; \",\"publisher\":{\"@id\":\"https:\\\/\\\/informelitoral.com.ar\\\/#organization\"},\"potentialAction\":[{\"@type\":\"SearchAction\",\"target\":{\"@type\":\"EntryPoint\",\"urlTemplate\":\"https:\\\/\\\/informelitoral.com.ar\\\/?s={search_term_string}\"},\"query-input\":{\"@type\":\"PropertyValueSpecification\",\"valueRequired\":true,\"valueName\":\"search_term_string\"}}],\"inLanguage\":\"es\"},{\"@type\":\"Organization\",\"@id\":\"https:\\\/\\\/informelitoral.com.ar\\\/#organization\",\"name\":\"Informe Litoral\",\"url\":\"https:\\\/\\\/informelitoral.com.ar\\\/\",\"logo\":{\"@type\":\"ImageObject\",\"inLanguage\":\"es\",\"@id\":\"https:\\\/\\\/informelitoral.com.ar\\\/#\\\/schema\\\/logo\\\/image\\\/\",\"url\":\"https:\\\/\\\/informelitoral.com.ar\\\/%77%70%2d%63%6f%6e%74%65%6e%74\\\/uploads\\\/2021\\\/01\\\/circulo.png\",\"contentUrl\":\"https:\\\/\\\/informelitoral.com.ar\\\/%77%70%2d%63%6f%6e%74%65%6e%74\\\/uploads\\\/2021\\\/01\\\/circulo.png\",\"width\":723,\"height\":731,\"caption\":\"Informe Litoral\"},\"image\":{\"@id\":\"https:\\\/\\\/informelitoral.com.ar\\\/#\\\/schema\\\/logo\\\/image\\\/\"},\"sameAs\":[\"https:\\\/\\\/www.facebook.com\\\/informelitoral\\\/\",\"https:\\\/\\\/x.com\\\/InformeLitoral\",\"https:\\\/\\\/www.instagram.com\\\/informelitoral\\\/\",\"https:\\\/\\\/www.youtube.com\\\/channel\\\/UCua4Qvz8Icb6MYqhoq9xLXw\"]},{\"@type\":\"Person\",\"@id\":\"https:\\\/\\\/informelitoral.com.ar\\\/#\\\/schema\\\/person\\\/b9d00407c836482871ef1d57bf8e3180\",\"name\":\"Gonzalo Schmidt\",\"image\":{\"@type\":\"ImageObject\",\"inLanguage\":\"es\",\"@id\":\"https:\\\/\\\/secure.gravatar.com\\\/avatar\\\/31a1a7b66ff2de83bd0e9fd79d026630d2d99e55e8bfe501287647b4fd9743de?s=96&d=mm&r=g\",\"url\":\"https:\\\/\\\/secure.gravatar.com\\\/avatar\\\/31a1a7b66ff2de83bd0e9fd79d026630d2d99e55e8bfe501287647b4fd9743de?s=96&d=mm&r=g\",\"contentUrl\":\"https:\\\/\\\/secure.gravatar.com\\\/avatar\\\/31a1a7b66ff2de83bd0e9fd79d026630d2d99e55e8bfe501287647b4fd9743de?s=96&d=mm&r=g\",\"caption\":\"Gonzalo Schmidt\"},\"description\":\"Sitio web de noticias de la provincia de Entre R\u00edos, Argentina. Informaci\u00f3n y entretenimiento. Informe Litoral, nos informamos.\",\"sameAs\":[\"http:\\\/\\\/www.isletasnoticias.com.ar\"],\"url\":\"https:\\\/\\\/informelitoral.com.ar\\\/author\\\/gonzalo\\\/\"}]}<\/script>","yoast_head_json":{"title":"Los jinetes de Jes\u00fas Mar\u00eda deber\u00e1n usar casco y chaleco - Informe Litoral","robots":{"index":"index","follow":"follow","max-snippet":"max-snippet:-1","max-image-preview":"max-image-preview:large","max-video-preview":"max-video-preview:-1"},"canonical":"https:\/\/informelitoral.com.ar\/los-jinetes-de-jesus-maria-deberan-usar-casco-y-chaleco\/","og_locale":"es_ES","og_type":"article","og_title":"Los jinetes de Jes\u00fas Mar\u00eda deber\u00e1n usar casco y chaleco - Informe Litoral","og_description":"La decisi\u00f3n se tom\u00f3 para evitar accidentes tr\u00e1gicos como el ocurrido en enero del 2020, donde Norberto Cossutta muri\u00f3 aplastado por su caballo.","og_url":"https:\/\/informelitoral.com.ar\/los-jinetes-de-jesus-maria-deberan-usar-casco-y-chaleco\/","og_site_name":"Informe Litoral","article_publisher":"https:\/\/www.facebook.com\/informelitoral\/","article_published_time":"2021-11-02T01:24:23+00:00","article_modified_time":"2021-11-02T01:26:19+00:00","og_image":[{"width":1000,"height":750,"url":"https:\/\/informelitoral.com.ar\/%77%70%2d%63%6f%6e%74%65%6e%74\/uploads\/2021\/11\/jinete.jpeg","type":"image\/jpeg"}],"author":"Gonzalo Schmidt","twitter_card":"summary_large_image","twitter_creator":"@InformeLitoral","twitter_site":"@InformeLitoral","twitter_misc":{"Escrito por":"Gonzalo Schmidt","Tiempo de lectura":"1 minuto"},"schema":{"@context":"https:\/\/schema.org","@graph":[{"@type":"Article","@id":"https:\/\/informelitoral.com.ar\/los-jinetes-de-jesus-maria-deberan-usar-casco-y-chaleco\/#article","isPartOf":{"@id":"https:\/\/informelitoral.com.ar\/los-jinetes-de-jesus-maria-deberan-usar-casco-y-chaleco\/"},"author":{"name":"Gonzalo Schmidt","@id":"https:\/\/informelitoral.com.ar\/#\/schema\/person\/b9d00407c836482871ef1d57bf8e3180"},"headline":"Los jinetes de Jes\u00fas Mar\u00eda deber\u00e1n usar casco y chaleco","datePublished":"2021-11-02T01:24:23+00:00","dateModified":"2021-11-02T01:26:19+00:00","mainEntityOfPage":{"@id":"https:\/\/informelitoral.com.ar\/los-jinetes-de-jesus-maria-deberan-usar-casco-y-chaleco\/"},"wordCount":137,"commentCount":0,"publisher":{"@id":"https:\/\/informelitoral.com.ar\/#organization"},"image":{"@id":"https:\/\/informelitoral.com.ar\/los-jinetes-de-jesus-maria-deberan-usar-casco-y-chaleco\/#primaryimage"},"thumbnailUrl":"https:\/\/informelitoral.com.ar\/%77%70%2d%63%6f%6e%74%65%6e%74\/uploads\/2021\/11\/jinete.jpeg","keywords":["Jes\u00fas Mar\u00eda","Jineteadas"],"articleSection":["Nacionales","Sociedad"],"inLanguage":"es","potentialAction":[{"@type":"CommentAction","name":"Comment","target":["https:\/\/informelitoral.com.ar\/los-jinetes-de-jesus-maria-deberan-usar-casco-y-chaleco\/#respond"]}]},{"@type":"WebPage","@id":"https:\/\/informelitoral.com.ar\/los-jinetes-de-jesus-maria-deberan-usar-casco-y-chaleco\/","url":"https:\/\/informelitoral.com.ar\/los-jinetes-de-jesus-maria-deberan-usar-casco-y-chaleco\/","name":"Los jinetes de Jes\u00fas Mar\u00eda deber\u00e1n usar casco y chaleco - Informe Litoral","isPartOf":{"@id":"https:\/\/informelitoral.com.ar\/#website"},"primaryImageOfPage":{"@id":"https:\/\/informelitoral.com.ar\/los-jinetes-de-jesus-maria-deberan-usar-casco-y-chaleco\/#primaryimage"},"image":{"@id":"https:\/\/informelitoral.com.ar\/los-jinetes-de-jesus-maria-deberan-usar-casco-y-chaleco\/#primaryimage"},"thumbnailUrl":"https:\/\/informelitoral.com.ar\/%77%70%2d%63%6f%6e%74%65%6e%74\/uploads\/2021\/11\/jinete.jpeg","datePublished":"2021-11-02T01:24:23+00:00","dateModified":"2021-11-02T01:26:19+00:00","breadcrumb":{"@id":"https:\/\/informelitoral.com.ar\/los-jinetes-de-jesus-maria-deberan-usar-casco-y-chaleco\/#breadcrumb"},"inLanguage":"es","potentialAction":[{"@type":"ReadAction","target":["https:\/\/informelitoral.com.ar\/los-jinetes-de-jesus-maria-deberan-usar-casco-y-chaleco\/"]}]},{"@type":"ImageObject","inLanguage":"es","@id":"https:\/\/informelitoral.com.ar\/los-jinetes-de-jesus-maria-deberan-usar-casco-y-chaleco\/#primaryimage","url":"https:\/\/informelitoral.com.ar\/%77%70%2d%63%6f%6e%74%65%6e%74\/uploads\/2021\/11\/jinete.jpeg","contentUrl":"https:\/\/informelitoral.com.ar\/%77%70%2d%63%6f%6e%74%65%6e%74\/uploads\/2021\/11\/jinete.jpeg","width":1000,"height":750},{"@type":"BreadcrumbList","@id":"https:\/\/informelitoral.com.ar\/los-jinetes-de-jesus-maria-deberan-usar-casco-y-chaleco\/#breadcrumb","itemListElement":[{"@type":"ListItem","position":1,"name":"Portada","item":"https:\/\/informelitoral.com.ar\/"},{"@type":"ListItem","position":2,"name":"Los jinetes de Jes\u00fas Mar\u00eda deber\u00e1n usar casco y chaleco"}]},{"@type":"WebSite","@id":"https:\/\/informelitoral.com.ar\/#website","url":"https:\/\/informelitoral.com.ar\/","name":"Informe Litoral","description":"&quot;Nos informamos&quot; ","publisher":{"@id":"https:\/\/informelitoral.com.ar\/#organization"},"potentialAction":[{"@type":"SearchAction","target":{"@type":"EntryPoint","urlTemplate":"https:\/\/informelitoral.com.ar\/?s={search_term_string}"},"query-input":{"@type":"PropertyValueSpecification","valueRequired":true,"valueName":"search_term_string"}}],"inLanguage":"es"},{"@type":"Organization","@id":"https:\/\/informelitoral.com.ar\/#organization","name":"Informe Litoral","url":"https:\/\/informelitoral.com.ar\/","logo":{"@type":"ImageObject","inLanguage":"es","@id":"https:\/\/informelitoral.com.ar\/#\/schema\/logo\/image\/","url":"https:\/\/informelitoral.com.ar\/%77%70%2d%63%6f%6e%74%65%6e%74\/uploads\/2021\/01\/circulo.png","contentUrl":"https:\/\/informelitoral.com.ar\/%77%70%2d%63%6f%6e%74%65%6e%74\/uploads\/2021\/01\/circulo.png","width":723,"height":731,"caption":"Informe Litoral"},"image":{"@id":"https:\/\/informelitoral.com.ar\/#\/schema\/logo\/image\/"},"sameAs":["https:\/\/www.facebook.com\/informelitoral\/","https:\/\/x.com\/InformeLitoral","https:\/\/www.instagram.com\/informelitoral\/","https:\/\/www.youtube.com\/channel\/UCua4Qvz8Icb6MYqhoq9xLXw"]},{"@type":"Person","@id":"https:\/\/informelitoral.com.ar\/#\/schema\/person\/b9d00407c836482871ef1d57bf8e3180","name":"Gonzalo Schmidt","image":{"@type":"ImageObject","inLanguage":"es","@id":"https:\/\/secure.gravatar.com\/avatar\/31a1a7b66ff2de83bd0e9fd79d026630d2d99e55e8bfe501287647b4fd9743de?s=96&d=mm&r=g","url":"https:\/\/secure.gravatar.com\/avatar\/31a1a7b66ff2de83bd0e9fd79d026630d2d99e55e8bfe501287647b4fd9743de?s=96&d=mm&r=g","contentUrl":"https:\/\/secure.gravatar.com\/avatar\/31a1a7b66ff2de83bd0e9fd79d026630d2d99e55e8bfe501287647b4fd9743de?s=96&d=mm&r=g","caption":"Gonzalo Schmidt"},"description":"Sitio web de noticias de la provincia de Entre R\u00edos, Argentina. Informaci\u00f3n y entretenimiento. Informe Litoral, nos informamos.","sameAs":["http:\/\/www.isletasnoticias.com.ar"],"url":"https:\/\/informelitoral.com.ar\/author\/gonzalo\/"}]}},"_links":{"self":[{"href":"https:\/\/informelitoral.com.ar\/%77%70%2d%6a%73%6f%6e\/wp\/v2\/posts\/66942","targetHints":{"allow":["GET"]}}],"collection":[{"href":"https:\/\/informelitoral.com.ar\/%77%70%2d%6a%73%6f%6e\/wp\/v2\/posts"}],"about":[{"href":"https:\/\/informelitoral.com.ar\/%77%70%2d%6a%73%6f%6e\/wp\/v2\/types\/post"}],"author":[{"embeddable":true,"href":"https:\/\/informelitoral.com.ar\/%77%70%2d%6a%73%6f%6e\/wp\/v2\/users\/2"}],"replies":[{"embeddable":true,"href":"https:\/\/informelitoral.com.ar\/%77%70%2d%6a%73%6f%6e\/wp\/v2\/comments?post=66942"}],"version-history":[{"count":0,"href":"https:\/\/informelitoral.com.ar\/%77%70%2d%6a%73%6f%6e\/wp\/v2\/posts\/66942\/revisions"}],"wp:featuredmedia":[{"embeddable":true,"href":"https:\/\/informelitoral.com.ar\/%77%70%2d%6a%73%6f%6e\/wp\/v2\/media\/66943"}],"wp:attachment":[{"href":"https:\/\/informelitoral.com.ar\/%77%70%2d%6a%73%6f%6e\/wp\/v2\/media?parent=66942"}],"wp:term":[{"taxonomy":"category","embeddable":true,"href":"https:\/\/informelitoral.com.ar\/%77%70%2d%6a%73%6f%6e\/wp\/v2\/categories?post=66942"},{"taxonomy":"post_tag","embeddable":true,"href":"https:\/\/informelitoral.com.ar\/%77%70%2d%6a%73%6f%6e\/wp\/v2\/tags?post=66942"}],"curies":[{"name":"wp","href":"https:\/\/api.w.org\/{rel}","templated":true}]}}