{"id":6691,"date":"2014-04-27T23:00:33","date_gmt":"2014-04-28T02:00:33","guid":{"rendered":"http:\/\/www.isletasnoticias.com.ar\/?p=6691"},"modified":"2014-04-27T23:00:33","modified_gmt":"2014-04-28T02:00:33","slug":"el-papa-francisco-proclamo-santos-a-juan-xxiii-y-juan-pablo-ii","status":"publish","type":"post","link":"https:\/\/informelitoral.com.ar\/el-papa-francisco-proclamo-santos-a-juan-xxiii-y-juan-pablo-ii\/","title":{"rendered":"El Papa Francisco proclam\u00f3 santos a Juan XXIII y Juan Pablo II"},"content":{"rendered":"<p style=\"text-align: left;\"><strong>El Sumo Pont\u00edfice encabez\u00f3 el rito religioso en la\u00a0Plaza de San Pedro. Hubo alrededor de\u00a0800.000 personas. La presencia del papa em\u00e9rito <em>Benedicto XVI<\/em> convirti\u00f3 a la ceremonia en \u00abel d\u00eda de los cuatro Papas\u00bb.<a href=\"http:\/\/www.isletasnoticias.com.ar\/%77%70%2d%63%6f%6e%74%65%6e%74\/uploads\/2014\/04\/0010944269.jpg\"><img loading=\"lazy\" decoding=\"async\" class=\"aligncenter  wp-image-6692\" alt=\"0010944269\" src=\"http:\/\/www.isletasnoticias.com.ar\/%77%70%2d%63%6f%6e%74%65%6e%74\/uploads\/2014\/04\/0010944269-300x168.jpg\" width=\"500\" height=\"300\" \/><\/a><\/strong><\/p>\n<p>En el llamado \u00abdomingo de los cuatro papas\u00bb, <strong>Juan Pablo II<\/strong> y <strong>Juan XXIII<\/strong> fueron proclamados santos en una ceremonia multitudinaria en la Plaza de San Pedro del Vaticano. La misa fue oficiada por el Papa Francisco. En las primeras filas, el pont\u00edfice em\u00e9rito, Benedicto XVI, asiti\u00f3 a la celebraci\u00f3n.<\/p>\n<p>\u00abFueron dos hombres valientes, llenos de la parus\u00eda del Esp\u00edritu Santo, que dieron testimonio a la Iglesia y al mundo de la bondad y la misericordia de Dios. Conocieron las tragedias del siglo XX, pero no fueron derrotados por ellas. M\u00e1s fuerte en ellos fue la fe en Cristo, redentor del hombre y Se\u00f1or de la Historia\u00bb, record\u00f3 Francisco en su homil\u00eda.<\/p>\n<p>Como cada santo, los dos papas tendr\u00e1n una fecha en el calendario lit\u00fargico. La de Juan XXIII ser\u00e1 el 11 de octubre &#8211; en homenaje a aquella jornada de 1959 en que comenz\u00f3 el Concilio Vaticano II &#8211; mientras que la festividad de Juan Pablo II ser\u00e1 el 22 de octubre, fecha en que se inici\u00f3 su pontificado.<\/p>\n<p><strong>La homil\u00eda de Francisco<\/strong><\/p>\n<p>Un cielo gris sobre Roma no impidi\u00f3 sin embargo que unos 800.000 fieles y curiosos se acercaran a una plaza San Pedro que pronto qued\u00f3 colmada, y a las calles adyacentes. Hubo incluso centenares de personasque pasaron la noche en las inmediaciones de la Santa Sede hasta el momento en que se abrieron los accesos para ingresar a la ceremonia.<\/p>\n<p>Quienes quedaron fuera de la Plaza de San Pedro debieron seguir los festejos a trav\u00e9s de alguna de las numerosas pantallas gigantes instaladas como parte de lo que fue un gigantesco despliegue tecnol\u00f3gico para uno de los eventos m\u00e1s importantes de lo que va del pontificado de Francisco.<\/p>\n<p>La ceremonia comenz\u00f3 con el rezo de la Coronilla de la Misericordia a las 9 de la ma\u00f1ana hora italiana (4 de Argentina), debido a que este domingo se celebra la Divina Misericordia, fiesta de la Iglesia cat\u00f3lica que proclam\u00f3 el papa Juan Pablo II. Luego se rez\u00f3 la Letan\u00eda de los Santos y a las 10 hora italiana (5 de Argentina), Francisco dio inicio a la misa.<\/p>\n<p>La parte m\u00e1s importante y esperada de la ceremonia fue el rito de la canonizaci\u00f3n, cuando el prefecto de la Congregaci\u00f3n para la Causa de los Santos, el cardenal Angelo Amato, present\u00f3 a Francisco \u00ablas tres peticiones\u00bb para santificar a ambos papas: primero con \u00abgran fuerza\u00bb, despu\u00e9s con \u00abmayor fuerza\u00bb y, por \u00faltimo, con \u00abgrand\u00edsima fuerza\u00bb.<\/p>\n<p>A continuaci\u00f3n, el Papa pronunci\u00f3 la f\u00f3rmula: \u00abEn honor de la Sant\u00edsima Trinidad, por la exaltaci\u00f3n de la fe cat\u00f3lica y el incremento de la vida cristiana, con la autoridad de nuestro Se\u00f1or Jesucristo y de los santos ap\u00f3stoles Pedro y Pablo, despu\u00e9s de haber reflexionado largamente e invocado la ayuda divina y escuchando el parecer de muchos de nuestros hermanos obispos, declaramos santos a Juan XXIII y a Juan Pablo II\u00bb.<\/p>\n<p>Para esta canonizaci\u00f3n hist\u00f3rica viajaron delegaciones de 92 pa\u00edses, con 24 jefes de Estado y Gobierno y 23 ministros, entre ellos los reyes de Espa\u00f1a y de B\u00e9lgica, adem\u00e1s de los presidentes de Paraguay, Honduras, El Salvador, Ecuador, Albania, Croacia, y Polonia, entre otros.<\/p>\n<p>La Argentina estuvo representada por el canciller, H\u00e9ctor Timerman, y por el presidente de la C\u00e1mara de Diputados, Juli\u00e1n Dom\u00ednguez.<\/p>\n<p>Ante la imposibilidad de que todos los fieles pudieran entrar en la plaza de San Pedro hubo 17 pantallas gigantes distribuidas por toda Via de la Conciliazione y en otros puntos de Roma como plaza Farnese, Plaza Navona y los Foros imperiales.<\/p>\n<p>La misa oficiada por el papa Francisco fue concelebrada por entre 130 y 150 cardenales llegados de todo el mundo para esta ocasi\u00f3n, mientras que 1.000 obispos y 870 sacerdotes se encargaron de dar la comuni\u00f3n a los fieles presentes.<\/p>\n<p>Los m\u00e1s cercanos al Papa durante la celebraci\u00f3n fueron el cardenal vicario de Roma, Agostino Vallini, el cardenal polaco e hist\u00f3rico secretario de Juan Pablo II, Stanislao Dziwisz, y el obispo de Bergamo, Francesco Beschi, procedente de la ciudad natal de Juan XXIII. Pero tambi\u00e9n estuvo presente Benedicto XVI, que ocup\u00f3 un puesto con el resto de cardenales en el sector izquierdo.<\/p>\n<p>Fuente:<em> Infobae<\/em><\/p>\n","protected":false},"excerpt":{"rendered":"<p>El Sumo Pont&iacute;fice encabez&oacute; el rito religioso en la&nbsp;Plaza de San Pedro. Hubo alrededor de&nbsp;800.000 personas. La presencia del papa em&eacute;rito Benedicto XVI convirti&oacute; a la ceremonia en &laquo;el d&iacute;a de los cuatro Papas&raquo;. En el llamado &laquo;domingo de los cuatro papas&raquo;, Juan Pablo II y Juan XXIII fueron proclamados santos en una ceremonia multitudinaria [&hellip;]<\/p>\n","protected":false},"author":2,"featured_media":0,"comment_status":"open","ping_status":"open","sticky":false,"template":"","format":"standard","meta":{"fifu_image_url":"","fifu_image_alt":"","footnotes":""},"categories":[8],"tags":[],"class_list":{"0":"post-6691","1":"post","2":"type-post","3":"status-publish","4":"format-standard","6":"category-internacionales"},"yoast_head":"<title>El Papa Francisco proclam\u00f3 santos a Juan XXIII y Juan Pablo II - Informe Litoral<\/title>\n<meta name=\"robots\" content=\"index, follow, max-snippet:-1, max-image-preview:large, max-video-preview:-1\" \/>\n<link rel=\"canonical\" href=\"https:\/\/informelitoral.com.ar\/el-papa-francisco-proclamo-santos-a-juan-xxiii-y-juan-pablo-ii\/\" \/>\n<meta property=\"og:locale\" content=\"es_ES\" \/>\n<meta property=\"og:type\" content=\"article\" \/>\n<meta property=\"og:title\" content=\"El Papa Francisco proclam\u00f3 santos a Juan XXIII y Juan Pablo II - Informe Litoral\" \/>\n<meta property=\"og:description\" content=\"El Sumo Pont&iacute;fice encabez&oacute; el rito religioso en la&nbsp;Plaza de San Pedro. Hubo alrededor de&nbsp;800.000 personas. La presencia del papa em&eacute;rito Benedicto XVI convirti&oacute; a la ceremonia en &laquo;el d&iacute;a de los cuatro Papas&raquo;. En el llamado &laquo;domingo de los cuatro papas&raquo;, Juan Pablo II y Juan XXIII fueron proclamados santos en una ceremonia multitudinaria [&hellip;]\" \/>\n<meta property=\"og:url\" content=\"https:\/\/informelitoral.com.ar\/el-papa-francisco-proclamo-santos-a-juan-xxiii-y-juan-pablo-ii\/\" \/>\n<meta property=\"og:site_name\" content=\"Informe Litoral\" \/>\n<meta property=\"article:publisher\" content=\"https:\/\/www.facebook.com\/informelitoral\/\" \/>\n<meta property=\"article:published_time\" content=\"2014-04-28T02:00:33+00:00\" \/>\n<meta property=\"og:image\" content=\"https:\/\/informelitoral.com.ar\/%77%70%2d%63%6f%6e%74%65%6e%74\/uploads\/2014\/04\/0010944269.jpg\" \/>\n\t<meta property=\"og:image:width\" content=\"770\" \/>\n\t<meta property=\"og:image:height\" content=\"433\" \/>\n\t<meta property=\"og:image:type\" content=\"image\/jpeg\" \/>\n<meta name=\"author\" content=\"Gonzalo Schmidt\" \/>\n<meta name=\"twitter:card\" content=\"summary_large_image\" \/>\n<meta name=\"twitter:creator\" content=\"@InformeLitoral\" \/>\n<meta name=\"twitter:site\" content=\"@InformeLitoral\" \/>\n<meta name=\"twitter:label1\" content=\"Escrito por\" \/>\n\t<meta name=\"twitter:data1\" content=\"Gonzalo Schmidt\" \/>\n\t<meta name=\"twitter:label2\" content=\"Tiempo de lectura\" \/>\n\t<meta name=\"twitter:data2\" content=\"4 minutos\" \/>\n<script type=\"application\/ld+json\" class=\"yoast-schema-graph\">{\"@context\":\"https:\\\/\\\/schema.org\",\"@graph\":[{\"@type\":\"Article\",\"@id\":\"https:\\\/\\\/informelitoral.com.ar\\\/el-papa-francisco-proclamo-santos-a-juan-xxiii-y-juan-pablo-ii\\\/#article\",\"isPartOf\":{\"@id\":\"https:\\\/\\\/informelitoral.com.ar\\\/el-papa-francisco-proclamo-santos-a-juan-xxiii-y-juan-pablo-ii\\\/\"},\"author\":{\"name\":\"Gonzalo Schmidt\",\"@id\":\"https:\\\/\\\/informelitoral.com.ar\\\/#\\\/schema\\\/person\\\/b9d00407c836482871ef1d57bf8e3180\"},\"headline\":\"El Papa Francisco proclam\u00f3 santos a Juan XXIII y Juan Pablo II\",\"datePublished\":\"2014-04-28T02:00:33+00:00\",\"mainEntityOfPage\":{\"@id\":\"https:\\\/\\\/informelitoral.com.ar\\\/el-papa-francisco-proclamo-santos-a-juan-xxiii-y-juan-pablo-ii\\\/\"},\"wordCount\":768,\"commentCount\":0,\"publisher\":{\"@id\":\"https:\\\/\\\/informelitoral.com.ar\\\/#organization\"},\"image\":{\"@id\":\"https:\\\/\\\/informelitoral.com.ar\\\/el-papa-francisco-proclamo-santos-a-juan-xxiii-y-juan-pablo-ii\\\/#primaryimage\"},\"thumbnailUrl\":\"http:\\\/\\\/www.isletasnoticias.com.ar\\\/%77%70%2d%63%6f%6e%74%65%6e%74\\\/uploads\\\/2014\\\/04\\\/0010944269-300x168.jpg\",\"articleSection\":[\"Internacionales\"],\"inLanguage\":\"es\",\"potentialAction\":[{\"@type\":\"CommentAction\",\"name\":\"Comment\",\"target\":[\"https:\\\/\\\/informelitoral.com.ar\\\/el-papa-francisco-proclamo-santos-a-juan-xxiii-y-juan-pablo-ii\\\/#respond\"]}]},{\"@type\":\"WebPage\",\"@id\":\"https:\\\/\\\/informelitoral.com.ar\\\/el-papa-francisco-proclamo-santos-a-juan-xxiii-y-juan-pablo-ii\\\/\",\"url\":\"https:\\\/\\\/informelitoral.com.ar\\\/el-papa-francisco-proclamo-santos-a-juan-xxiii-y-juan-pablo-ii\\\/\",\"name\":\"El Papa Francisco proclam\u00f3 santos a Juan XXIII y Juan Pablo II - Informe Litoral\",\"isPartOf\":{\"@id\":\"https:\\\/\\\/informelitoral.com.ar\\\/#website\"},\"primaryImageOfPage\":{\"@id\":\"https:\\\/\\\/informelitoral.com.ar\\\/el-papa-francisco-proclamo-santos-a-juan-xxiii-y-juan-pablo-ii\\\/#primaryimage\"},\"image\":{\"@id\":\"https:\\\/\\\/informelitoral.com.ar\\\/el-papa-francisco-proclamo-santos-a-juan-xxiii-y-juan-pablo-ii\\\/#primaryimage\"},\"thumbnailUrl\":\"http:\\\/\\\/www.isletasnoticias.com.ar\\\/%77%70%2d%63%6f%6e%74%65%6e%74\\\/uploads\\\/2014\\\/04\\\/0010944269-300x168.jpg\",\"datePublished\":\"2014-04-28T02:00:33+00:00\",\"breadcrumb\":{\"@id\":\"https:\\\/\\\/informelitoral.com.ar\\\/el-papa-francisco-proclamo-santos-a-juan-xxiii-y-juan-pablo-ii\\\/#breadcrumb\"},\"inLanguage\":\"es\",\"potentialAction\":[{\"@type\":\"ReadAction\",\"target\":[\"https:\\\/\\\/informelitoral.com.ar\\\/el-papa-francisco-proclamo-santos-a-juan-xxiii-y-juan-pablo-ii\\\/\"]}]},{\"@type\":\"ImageObject\",\"inLanguage\":\"es\",\"@id\":\"https:\\\/\\\/informelitoral.com.ar\\\/el-papa-francisco-proclamo-santos-a-juan-xxiii-y-juan-pablo-ii\\\/#primaryimage\",\"url\":\"http:\\\/\\\/www.isletasnoticias.com.ar\\\/%77%70%2d%63%6f%6e%74%65%6e%74\\\/uploads\\\/2014\\\/04\\\/0010944269-300x168.jpg\",\"contentUrl\":\"http:\\\/\\\/www.isletasnoticias.com.ar\\\/%77%70%2d%63%6f%6e%74%65%6e%74\\\/uploads\\\/2014\\\/04\\\/0010944269-300x168.jpg\"},{\"@type\":\"BreadcrumbList\",\"@id\":\"https:\\\/\\\/informelitoral.com.ar\\\/el-papa-francisco-proclamo-santos-a-juan-xxiii-y-juan-pablo-ii\\\/#breadcrumb\",\"itemListElement\":[{\"@type\":\"ListItem\",\"position\":1,\"name\":\"Portada\",\"item\":\"https:\\\/\\\/informelitoral.com.ar\\\/\"},{\"@type\":\"ListItem\",\"position\":2,\"name\":\"El Papa Francisco proclam\u00f3 santos a Juan XXIII y Juan Pablo II\"}]},{\"@type\":\"WebSite\",\"@id\":\"https:\\\/\\\/informelitoral.com.ar\\\/#website\",\"url\":\"https:\\\/\\\/informelitoral.com.ar\\\/\",\"name\":\"Informe Litoral\",\"description\":\"&quot;Nos informamos&quot; \",\"publisher\":{\"@id\":\"https:\\\/\\\/informelitoral.com.ar\\\/#organization\"},\"potentialAction\":[{\"@type\":\"SearchAction\",\"target\":{\"@type\":\"EntryPoint\",\"urlTemplate\":\"https:\\\/\\\/informelitoral.com.ar\\\/?s={search_term_string}\"},\"query-input\":{\"@type\":\"PropertyValueSpecification\",\"valueRequired\":true,\"valueName\":\"search_term_string\"}}],\"inLanguage\":\"es\"},{\"@type\":\"Organization\",\"@id\":\"https:\\\/\\\/informelitoral.com.ar\\\/#organization\",\"name\":\"Informe Litoral\",\"url\":\"https:\\\/\\\/informelitoral.com.ar\\\/\",\"logo\":{\"@type\":\"ImageObject\",\"inLanguage\":\"es\",\"@id\":\"https:\\\/\\\/informelitoral.com.ar\\\/#\\\/schema\\\/logo\\\/image\\\/\",\"url\":\"https:\\\/\\\/informelitoral.com.ar\\\/%77%70%2d%63%6f%6e%74%65%6e%74\\\/uploads\\\/2021\\\/01\\\/circulo.png\",\"contentUrl\":\"https:\\\/\\\/informelitoral.com.ar\\\/%77%70%2d%63%6f%6e%74%65%6e%74\\\/uploads\\\/2021\\\/01\\\/circulo.png\",\"width\":723,\"height\":731,\"caption\":\"Informe Litoral\"},\"image\":{\"@id\":\"https:\\\/\\\/informelitoral.com.ar\\\/#\\\/schema\\\/logo\\\/image\\\/\"},\"sameAs\":[\"https:\\\/\\\/www.facebook.com\\\/informelitoral\\\/\",\"https:\\\/\\\/x.com\\\/InformeLitoral\",\"https:\\\/\\\/www.instagram.com\\\/informelitoral\\\/\",\"https:\\\/\\\/www.youtube.com\\\/channel\\\/UCua4Qvz8Icb6MYqhoq9xLXw\"]},{\"@type\":\"Person\",\"@id\":\"https:\\\/\\\/informelitoral.com.ar\\\/#\\\/schema\\\/person\\\/b9d00407c836482871ef1d57bf8e3180\",\"name\":\"Gonzalo Schmidt\",\"image\":{\"@type\":\"ImageObject\",\"inLanguage\":\"es\",\"@id\":\"https:\\\/\\\/secure.gravatar.com\\\/avatar\\\/31a1a7b66ff2de83bd0e9fd79d026630d2d99e55e8bfe501287647b4fd9743de?s=96&d=mm&r=g\",\"url\":\"https:\\\/\\\/secure.gravatar.com\\\/avatar\\\/31a1a7b66ff2de83bd0e9fd79d026630d2d99e55e8bfe501287647b4fd9743de?s=96&d=mm&r=g\",\"contentUrl\":\"https:\\\/\\\/secure.gravatar.com\\\/avatar\\\/31a1a7b66ff2de83bd0e9fd79d026630d2d99e55e8bfe501287647b4fd9743de?s=96&d=mm&r=g\",\"caption\":\"Gonzalo Schmidt\"},\"description\":\"Sitio web de noticias de la provincia de Entre R\u00edos, Argentina. Informaci\u00f3n y entretenimiento. Informe Litoral, nos informamos.\",\"sameAs\":[\"http:\\\/\\\/www.isletasnoticias.com.ar\"],\"url\":\"https:\\\/\\\/informelitoral.com.ar\\\/author\\\/gonzalo\\\/\"}]}<\/script>","yoast_head_json":{"title":"El Papa Francisco proclam\u00f3 santos a Juan XXIII y Juan Pablo II - Informe Litoral","robots":{"index":"index","follow":"follow","max-snippet":"max-snippet:-1","max-image-preview":"max-image-preview:large","max-video-preview":"max-video-preview:-1"},"canonical":"https:\/\/informelitoral.com.ar\/el-papa-francisco-proclamo-santos-a-juan-xxiii-y-juan-pablo-ii\/","og_locale":"es_ES","og_type":"article","og_title":"El Papa Francisco proclam\u00f3 santos a Juan XXIII y Juan Pablo II - Informe Litoral","og_description":"El Sumo Pont&iacute;fice encabez&oacute; el rito religioso en la&nbsp;Plaza de San Pedro. Hubo alrededor de&nbsp;800.000 personas. La presencia del papa em&eacute;rito Benedicto XVI convirti&oacute; a la ceremonia en &laquo;el d&iacute;a de los cuatro Papas&raquo;. En el llamado &laquo;domingo de los cuatro papas&raquo;, Juan Pablo II y Juan XXIII fueron proclamados santos en una ceremonia multitudinaria [&hellip;]","og_url":"https:\/\/informelitoral.com.ar\/el-papa-francisco-proclamo-santos-a-juan-xxiii-y-juan-pablo-ii\/","og_site_name":"Informe Litoral","article_publisher":"https:\/\/www.facebook.com\/informelitoral\/","article_published_time":"2014-04-28T02:00:33+00:00","og_image":[{"width":770,"height":433,"url":"https:\/\/informelitoral.com.ar\/%77%70%2d%63%6f%6e%74%65%6e%74\/uploads\/2014\/04\/0010944269.jpg","type":"image\/jpeg"}],"author":"Gonzalo Schmidt","twitter_card":"summary_large_image","twitter_creator":"@InformeLitoral","twitter_site":"@InformeLitoral","twitter_misc":{"Escrito por":"Gonzalo Schmidt","Tiempo de lectura":"4 minutos"},"schema":{"@context":"https:\/\/schema.org","@graph":[{"@type":"Article","@id":"https:\/\/informelitoral.com.ar\/el-papa-francisco-proclamo-santos-a-juan-xxiii-y-juan-pablo-ii\/#article","isPartOf":{"@id":"https:\/\/informelitoral.com.ar\/el-papa-francisco-proclamo-santos-a-juan-xxiii-y-juan-pablo-ii\/"},"author":{"name":"Gonzalo Schmidt","@id":"https:\/\/informelitoral.com.ar\/#\/schema\/person\/b9d00407c836482871ef1d57bf8e3180"},"headline":"El Papa Francisco proclam\u00f3 santos a Juan XXIII y Juan Pablo II","datePublished":"2014-04-28T02:00:33+00:00","mainEntityOfPage":{"@id":"https:\/\/informelitoral.com.ar\/el-papa-francisco-proclamo-santos-a-juan-xxiii-y-juan-pablo-ii\/"},"wordCount":768,"commentCount":0,"publisher":{"@id":"https:\/\/informelitoral.com.ar\/#organization"},"image":{"@id":"https:\/\/informelitoral.com.ar\/el-papa-francisco-proclamo-santos-a-juan-xxiii-y-juan-pablo-ii\/#primaryimage"},"thumbnailUrl":"http:\/\/www.isletasnoticias.com.ar\/%77%70%2d%63%6f%6e%74%65%6e%74\/uploads\/2014\/04\/0010944269-300x168.jpg","articleSection":["Internacionales"],"inLanguage":"es","potentialAction":[{"@type":"CommentAction","name":"Comment","target":["https:\/\/informelitoral.com.ar\/el-papa-francisco-proclamo-santos-a-juan-xxiii-y-juan-pablo-ii\/#respond"]}]},{"@type":"WebPage","@id":"https:\/\/informelitoral.com.ar\/el-papa-francisco-proclamo-santos-a-juan-xxiii-y-juan-pablo-ii\/","url":"https:\/\/informelitoral.com.ar\/el-papa-francisco-proclamo-santos-a-juan-xxiii-y-juan-pablo-ii\/","name":"El Papa Francisco proclam\u00f3 santos a Juan XXIII y Juan Pablo II - Informe Litoral","isPartOf":{"@id":"https:\/\/informelitoral.com.ar\/#website"},"primaryImageOfPage":{"@id":"https:\/\/informelitoral.com.ar\/el-papa-francisco-proclamo-santos-a-juan-xxiii-y-juan-pablo-ii\/#primaryimage"},"image":{"@id":"https:\/\/informelitoral.com.ar\/el-papa-francisco-proclamo-santos-a-juan-xxiii-y-juan-pablo-ii\/#primaryimage"},"thumbnailUrl":"http:\/\/www.isletasnoticias.com.ar\/%77%70%2d%63%6f%6e%74%65%6e%74\/uploads\/2014\/04\/0010944269-300x168.jpg","datePublished":"2014-04-28T02:00:33+00:00","breadcrumb":{"@id":"https:\/\/informelitoral.com.ar\/el-papa-francisco-proclamo-santos-a-juan-xxiii-y-juan-pablo-ii\/#breadcrumb"},"inLanguage":"es","potentialAction":[{"@type":"ReadAction","target":["https:\/\/informelitoral.com.ar\/el-papa-francisco-proclamo-santos-a-juan-xxiii-y-juan-pablo-ii\/"]}]},{"@type":"ImageObject","inLanguage":"es","@id":"https:\/\/informelitoral.com.ar\/el-papa-francisco-proclamo-santos-a-juan-xxiii-y-juan-pablo-ii\/#primaryimage","url":"http:\/\/www.isletasnoticias.com.ar\/%77%70%2d%63%6f%6e%74%65%6e%74\/uploads\/2014\/04\/0010944269-300x168.jpg","contentUrl":"http:\/\/www.isletasnoticias.com.ar\/%77%70%2d%63%6f%6e%74%65%6e%74\/uploads\/2014\/04\/0010944269-300x168.jpg"},{"@type":"BreadcrumbList","@id":"https:\/\/informelitoral.com.ar\/el-papa-francisco-proclamo-santos-a-juan-xxiii-y-juan-pablo-ii\/#breadcrumb","itemListElement":[{"@type":"ListItem","position":1,"name":"Portada","item":"https:\/\/informelitoral.com.ar\/"},{"@type":"ListItem","position":2,"name":"El Papa Francisco proclam\u00f3 santos a Juan XXIII y Juan Pablo II"}]},{"@type":"WebSite","@id":"https:\/\/informelitoral.com.ar\/#website","url":"https:\/\/informelitoral.com.ar\/","name":"Informe Litoral","description":"&quot;Nos informamos&quot; ","publisher":{"@id":"https:\/\/informelitoral.com.ar\/#organization"},"potentialAction":[{"@type":"SearchAction","target":{"@type":"EntryPoint","urlTemplate":"https:\/\/informelitoral.com.ar\/?s={search_term_string}"},"query-input":{"@type":"PropertyValueSpecification","valueRequired":true,"valueName":"search_term_string"}}],"inLanguage":"es"},{"@type":"Organization","@id":"https:\/\/informelitoral.com.ar\/#organization","name":"Informe Litoral","url":"https:\/\/informelitoral.com.ar\/","logo":{"@type":"ImageObject","inLanguage":"es","@id":"https:\/\/informelitoral.com.ar\/#\/schema\/logo\/image\/","url":"https:\/\/informelitoral.com.ar\/%77%70%2d%63%6f%6e%74%65%6e%74\/uploads\/2021\/01\/circulo.png","contentUrl":"https:\/\/informelitoral.com.ar\/%77%70%2d%63%6f%6e%74%65%6e%74\/uploads\/2021\/01\/circulo.png","width":723,"height":731,"caption":"Informe Litoral"},"image":{"@id":"https:\/\/informelitoral.com.ar\/#\/schema\/logo\/image\/"},"sameAs":["https:\/\/www.facebook.com\/informelitoral\/","https:\/\/x.com\/InformeLitoral","https:\/\/www.instagram.com\/informelitoral\/","https:\/\/www.youtube.com\/channel\/UCua4Qvz8Icb6MYqhoq9xLXw"]},{"@type":"Person","@id":"https:\/\/informelitoral.com.ar\/#\/schema\/person\/b9d00407c836482871ef1d57bf8e3180","name":"Gonzalo Schmidt","image":{"@type":"ImageObject","inLanguage":"es","@id":"https:\/\/secure.gravatar.com\/avatar\/31a1a7b66ff2de83bd0e9fd79d026630d2d99e55e8bfe501287647b4fd9743de?s=96&d=mm&r=g","url":"https:\/\/secure.gravatar.com\/avatar\/31a1a7b66ff2de83bd0e9fd79d026630d2d99e55e8bfe501287647b4fd9743de?s=96&d=mm&r=g","contentUrl":"https:\/\/secure.gravatar.com\/avatar\/31a1a7b66ff2de83bd0e9fd79d026630d2d99e55e8bfe501287647b4fd9743de?s=96&d=mm&r=g","caption":"Gonzalo Schmidt"},"description":"Sitio web de noticias de la provincia de Entre R\u00edos, Argentina. Informaci\u00f3n y entretenimiento. Informe Litoral, nos informamos.","sameAs":["http:\/\/www.isletasnoticias.com.ar"],"url":"https:\/\/informelitoral.com.ar\/author\/gonzalo\/"}]}},"_links":{"self":[{"href":"https:\/\/informelitoral.com.ar\/%77%70%2d%6a%73%6f%6e\/wp\/v2\/posts\/6691","targetHints":{"allow":["GET"]}}],"collection":[{"href":"https:\/\/informelitoral.com.ar\/%77%70%2d%6a%73%6f%6e\/wp\/v2\/posts"}],"about":[{"href":"https:\/\/informelitoral.com.ar\/%77%70%2d%6a%73%6f%6e\/wp\/v2\/types\/post"}],"author":[{"embeddable":true,"href":"https:\/\/informelitoral.com.ar\/%77%70%2d%6a%73%6f%6e\/wp\/v2\/users\/2"}],"replies":[{"embeddable":true,"href":"https:\/\/informelitoral.com.ar\/%77%70%2d%6a%73%6f%6e\/wp\/v2\/comments?post=6691"}],"version-history":[{"count":0,"href":"https:\/\/informelitoral.com.ar\/%77%70%2d%6a%73%6f%6e\/wp\/v2\/posts\/6691\/revisions"}],"wp:attachment":[{"href":"https:\/\/informelitoral.com.ar\/%77%70%2d%6a%73%6f%6e\/wp\/v2\/media?parent=6691"}],"wp:term":[{"taxonomy":"category","embeddable":true,"href":"https:\/\/informelitoral.com.ar\/%77%70%2d%6a%73%6f%6e\/wp\/v2\/categories?post=6691"},{"taxonomy":"post_tag","embeddable":true,"href":"https:\/\/informelitoral.com.ar\/%77%70%2d%6a%73%6f%6e\/wp\/v2\/tags?post=6691"}],"curies":[{"name":"wp","href":"https:\/\/api.w.org\/{rel}","templated":true}]}}