{"id":66882,"date":"2021-11-01T18:20:23","date_gmt":"2021-11-01T21:20:23","guid":{"rendered":"https:\/\/www.informelitoral.com.ar\/?p=66882"},"modified":"2021-11-02T06:54:01","modified_gmt":"2021-11-02T09:54:01","slug":"abrio-la-preinscripcion-para-la-tecnicatura-en-higiene-y-salud-animal-en-ramirez","status":"publish","type":"post","link":"https:\/\/informelitoral.com.ar\/abrio-la-preinscripcion-para-la-tecnicatura-en-higiene-y-salud-animal-en-ramirez\/","title":{"rendered":"Abri\u00f3 la preinscripci\u00f3n para la Tecnicatura en Higiene y Salud Animal en Ram\u00edrez"},"content":{"rendered":"<p><strong>General Ram\u00edrez contar\u00e1, desde 2022,<\/strong> con una nueva propuesta acad\u00e9mica de la Facultad de Ciencias de la Vida y la Salud de la Universidad Aut\u00f3noma de Entre R\u00edos &#8211;<strong>UADER<\/strong>-. Se trata de la <strong>Tecnicatura en Higiene y Salud Animal.<\/strong><\/p>\n<p>La propuesta debe ser elevada al Consejo Superior de la Universidad para su aprobaci\u00f3n, por lo que <strong>la respuesta a la convocatoria ser\u00e1 requisito indispensable para su concreci\u00f3n.<\/strong> <em>\u00abLa decisi\u00f3n se toma a partir de una demanda de las comunas y entidades productivas de la regi\u00f3n\u00bb,<\/em> explicaron desde la Casa de Estudios.<\/p>\n<h3><b>C\u00f3mo y d\u00f3nde preinscribirse\u00a0<\/b><\/h3>\n<p><span style=\"background-color: #ffff00;\">Las personas interesadas en cursar la carrera deber\u00e1n acercarse a la sede de la Facultad en la ciudad de General Ram\u00edrez \u2013Complejo, Francisco Ram\u00edrez, en calle 29 de septiembre 110\u2013 para completar un formulario de preinscripci\u00f3n, munidas de una copia del DNI<\/span>. <span style=\"background-color: #ffff00;\">La preinscripci\u00f3n se realiza del 1\u00b0 al 12 de noviembre, de 13 a 20, de manera personal y sin posibilidades de excepci\u00f3n en los plazos. Los preinscriptos tendr\u00e1n una instancia de entrevista, excluyente para el potencial cursado.<\/span><\/p>\n<h3><strong>Sobre la tecnicatura<\/strong><\/h3>\n<blockquote><p>\u00abLos t\u00e9cnicas y t\u00e9cnicos de esta disciplina est\u00e1n formadas y formados para colaborar en la vigilancia y control del estado de salud de los animales que puedan poner en riesgo la salud p\u00fablica y en la planificaci\u00f3n y aplicaci\u00f3n de los planes sanitarios en los distintos establecimientos\u00bb, detallaron desde la uader.<\/p><\/blockquote>\n<p><em>Pueden asistir en la planificaci\u00f3n y asesoramiento de empresas destinadas a obtener productos animales e insumos de la producci\u00f3n animal y participar en el asesoramiento para la utilizaci\u00f3n de instalaciones, herramientas y maquinarias seg\u00fan el tipo de actividad productiva animal.<\/em><\/p>\n<p><em>Adem\u00e1s, intervienen en medidas de higiene y salud animal necesaria para su preservaci\u00f3n y control a la vez que contribuyen en estudios epidemiol\u00f3gicos y programas terap\u00e9uticos y preventivos de acuerdo a las normas de bienestar animal, salud animal y salud p\u00fablica.<\/em><\/p>\n<h3><strong>Un largo proceso<\/strong><\/h3>\n<figure id=\"attachment_66917\" aria-describedby=\"caption-attachment-66917\" style=\"width: 696px\" class=\"wp-caption aligncenter\"><a href=\"https:\/\/www.informelitoral.com.ar\/%77%70%2d%63%6f%6e%74%65%6e%74\/uploads\/2021\/11\/5ea3752e-f40c-4dff-92c3-2951adec8792.jpg\"><img loading=\"lazy\" decoding=\"async\" class=\"wp-image-66917 size-large\" src=\"https:\/\/www.informelitoral.com.ar\/%77%70%2d%63%6f%6e%74%65%6e%74\/uploads\/2021\/11\/5ea3752e-f40c-4dff-92c3-2951adec8792-1024x461.jpg\" alt=\"\" width=\"696\" height=\"313\" srcset=\"https:\/\/informelitoral.com.ar\/%77%70%2d%63%6f%6e%74%65%6e%74\/uploads\/2021\/11\/5ea3752e-f40c-4dff-92c3-2951adec8792-1024x461.jpg 1024w, https:\/\/informelitoral.com.ar\/%77%70%2d%63%6f%6e%74%65%6e%74\/uploads\/2021\/11\/5ea3752e-f40c-4dff-92c3-2951adec8792-300x135.jpg 300w, https:\/\/informelitoral.com.ar\/%77%70%2d%63%6f%6e%74%65%6e%74\/uploads\/2021\/11\/5ea3752e-f40c-4dff-92c3-2951adec8792-768x346.jpg 768w, https:\/\/informelitoral.com.ar\/%77%70%2d%63%6f%6e%74%65%6e%74\/uploads\/2021\/11\/5ea3752e-f40c-4dff-92c3-2951adec8792-1536x691.jpg 1536w, https:\/\/informelitoral.com.ar\/%77%70%2d%63%6f%6e%74%65%6e%74\/uploads\/2021\/11\/5ea3752e-f40c-4dff-92c3-2951adec8792-696x313.jpg 696w, https:\/\/informelitoral.com.ar\/%77%70%2d%63%6f%6e%74%65%6e%74\/uploads\/2021\/11\/5ea3752e-f40c-4dff-92c3-2951adec8792-1068x481.jpg 1068w, https:\/\/informelitoral.com.ar\/%77%70%2d%63%6f%6e%74%65%6e%74\/uploads\/2021\/11\/5ea3752e-f40c-4dff-92c3-2951adec8792-933x420.jpg 933w, https:\/\/informelitoral.com.ar\/%77%70%2d%63%6f%6e%74%65%6e%74\/uploads\/2021\/11\/5ea3752e-f40c-4dff-92c3-2951adec8792.jpg 1600w\" sizes=\"auto, (max-width: 696px) 100vw, 696px\" \/><\/a><figcaption id=\"caption-attachment-66917\" class=\"wp-caption-text\">Licenciado Walter Lauphan, responsable de Pol\u00edticas Culturales de la Municipalidad y la profesora Griselda Peltzer.<\/figcaption><\/figure>\n<p>Para concretar esta carrera, desde el 2019 realizaron gestiones desde el municipio ante las autoridades de la Universidad Aut\u00f3noma de Entre R\u00edos -UADER-. Si bien la pandemia interrumpi\u00f3 su concreci\u00f3n con anterioridad, la propuesta sigui\u00f3 latente y ahora ya es pr\u00e1cticamente un hecho.<\/p>\n<p>El licenciado <strong>Walter Lauphan,<\/strong> responsable de Pol\u00edticas Culturales de la Municipalidad y la profesora, <strong>Griselda Peltzer<\/strong>, coincidieron en destacar que <strong>\u00abes una carrera corta -la duraci\u00f3n es de tres a\u00f1os- con mucha y r\u00e1pida salida laboral en nuestra zona.<\/strong> La propuesta <strong>gener\u00f3 muy buena recepci\u00f3n en todos los lugares donde la presentamos\u00bb<\/strong>, destacaron.<\/p>\n<p>En ese marco, Lauphan detall\u00f3: \u00abFue un proceso largo para conseguir esta tecnicatura. <strong>Hab\u00eda que recorrer instituciones, profesionales y empresas para sumar adhesiones y avales<\/strong>\u00ab, asegur\u00f3 el funcionario en referencia a la visita a establecimientos rurales, frigor\u00edficos, ferias ganaderas, a localidades que <a href=\"https:\/\/www.informelitoral.com.ar\/municipios-comunas-y-juntas-de-gobierno-firmaron-el-acta-constitutiva-de-la-microrregion\/\">integran la Microrregi\u00f3n,<\/a> entre otros.<\/p>\n<p>La profesora Griselda Peltzer indic\u00f3: \u00abLa tecnicatura tiene un cursado de tres a\u00f1os. <strong>Por el momento va ser una corte, pero todo depender\u00e1 de la demanda.<\/strong> No se descarta que si todo va bien, en el futuro se abra una segunda instancia de formaci\u00f3n\u00bb, explic\u00f3 en declaraciones a <em>Canal 6RCV.<\/em><\/p>\n<p>En cuanto al <strong>espacio f\u00edsico donde se dictar\u00e1 la carrera,<\/strong> el Complejo Educativo -donde actualmente se desarrollan las propuestas de la Facultad de Ciencias la Vida y la Salud- est\u00e1 descartado porque \u00abse encuentra permanentemente ocupado\u00bb. Es por ello que <strong>eval\u00faan desarrollar las clases en el N\u00facleo de Innovaci\u00f3n y Desarrollo de Oportunidades -NIDO-, pero tampoco se descarta ir por otro sitio. Todo depender\u00e1 de la matr\u00edcula.<\/strong><\/p>\n<p>Por \u00faltimo, Lauphan valor\u00f3 que <strong>la matr\u00edcula educativa en la ciudad se increment\u00f3 un 10% en los \u00faltimos a\u00f1os.<\/strong> De ese porcentaje, hay personas que \u00abpueden estudiar en su propia ciudad, con todo lo que ello implica en cuanto a tiempo, ahorro y no desarraigo\u00bb, expres\u00f3.<\/p>\n<h3><strong>El acompa\u00f1amiento desde Isletas<\/strong><\/h3>\n<figure id=\"attachment_56222\" aria-describedby=\"caption-attachment-56222\" style=\"width: 696px\" class=\"wp-caption aligncenter\"><a href=\"https:\/\/www.informelitoral.com.ar\/%77%70%2d%63%6f%6e%74%65%6e%74\/uploads\/2021\/01\/junta-de-gobierno-de-isletas-2021-1.jpg\"><img loading=\"lazy\" decoding=\"async\" class=\"wp-image-56222 size-large\" src=\"https:\/\/www.informelitoral.com.ar\/%77%70%2d%63%6f%6e%74%65%6e%74\/uploads\/2021\/01\/junta-de-gobierno-de-isletas-2021-1-1024x768.jpg\" alt=\"\" width=\"696\" height=\"522\" srcset=\"https:\/\/informelitoral.com.ar\/%77%70%2d%63%6f%6e%74%65%6e%74\/uploads\/2021\/01\/junta-de-gobierno-de-isletas-2021-1-1024x768.jpg 1024w, https:\/\/informelitoral.com.ar\/%77%70%2d%63%6f%6e%74%65%6e%74\/uploads\/2021\/01\/junta-de-gobierno-de-isletas-2021-1-300x225.jpg 300w, https:\/\/informelitoral.com.ar\/%77%70%2d%63%6f%6e%74%65%6e%74\/uploads\/2021\/01\/junta-de-gobierno-de-isletas-2021-1-768x576.jpg 768w, https:\/\/informelitoral.com.ar\/%77%70%2d%63%6f%6e%74%65%6e%74\/uploads\/2021\/01\/junta-de-gobierno-de-isletas-2021-1-696x522.jpg 696w, https:\/\/informelitoral.com.ar\/%77%70%2d%63%6f%6e%74%65%6e%74\/uploads\/2021\/01\/junta-de-gobierno-de-isletas-2021-1-1068x801.jpg 1068w, https:\/\/informelitoral.com.ar\/%77%70%2d%63%6f%6e%74%65%6e%74\/uploads\/2021\/01\/junta-de-gobierno-de-isletas-2021-1-560x420.jpg 560w, https:\/\/informelitoral.com.ar\/%77%70%2d%63%6f%6e%74%65%6e%74\/uploads\/2021\/01\/junta-de-gobierno-de-isletas-2021-1-80x60.jpg 80w, https:\/\/informelitoral.com.ar\/%77%70%2d%63%6f%6e%74%65%6e%74\/uploads\/2021\/01\/junta-de-gobierno-de-isletas-2021-1-265x198.jpg 265w, https:\/\/informelitoral.com.ar\/%77%70%2d%63%6f%6e%74%65%6e%74\/uploads\/2021\/01\/junta-de-gobierno-de-isletas-2021-1.jpg 1152w\" sizes=\"auto, (max-width: 696px) 100vw, 696px\" \/><\/a><figcaption id=\"caption-attachment-56222\" class=\"wp-caption-text\">Desde la Junta de Gobierno de Isletas celebran que se concrete una nueva carrera en la zona.<\/figcaption><\/figure>\n<p>Una de las localidades que celebr\u00f3 la tecnicatura es Isletas, donde se encuentra la \u00fanica Escuela Agrot\u00e9cnica del departamento Diamante, lo que les abre m\u00e1s posibilidades de continuar los estudios superiores en la zona a los egresados y egresadas de ese establecimiento.<\/p>\n<p>\u00abDesde la Junta de Gobierno en el mes de septiembre acompa\u00f1amos la gesti\u00f3n de la Municipalidad de General Ram\u00edrez en la que se solicitaba al Decano de la FCVS, bioingeniero An\u00edbal Sattler, la incorporaci\u00f3n de esta oferta educativa, argumentando que implicaba acercar la formaci\u00f3n universitaria a j\u00f3venes y adultos de la Provincia, y m\u00e1s a\u00fan a nuestra regi\u00f3n, donde <strong>contamos con la \u00fanica Escuela del Departamento Diamante de Formaci\u00f3n T\u00e9cnico &#8211; Profesional con modalidad agropecuaria<\/strong>\u00ab, expresaron desde el ente gubernamental isletense.<\/p>\n<p>Adem\u00e1s, remarcaron: <strong>\u00abEsta medida, sin dudas pone a la comunidad y a nuestros alumnos egresados, frente a la posibilidad concreta de continuar su trayectoria educativa en el nivel superior con una carrera af\u00edn\u00bb.<\/strong> <em>(Informe Litoral)<\/em><\/p>\n<p><a href=\"https:\/\/www.informelitoral.com.ar\/%77%70%2d%63%6f%6e%74%65%6e%74\/uploads\/2021\/11\/250203110_3028650487370222_7652926825442913993_n.jpg\"><img loading=\"lazy\" decoding=\"async\" class=\"aligncenter wp-image-66916 size-full\" src=\"https:\/\/www.informelitoral.com.ar\/%77%70%2d%63%6f%6e%74%65%6e%74\/uploads\/2021\/11\/250203110_3028650487370222_7652926825442913993_n.jpg\" alt=\"\" width=\"654\" height=\"930\" srcset=\"https:\/\/informelitoral.com.ar\/%77%70%2d%63%6f%6e%74%65%6e%74\/uploads\/2021\/11\/250203110_3028650487370222_7652926825442913993_n.jpg 654w, https:\/\/informelitoral.com.ar\/%77%70%2d%63%6f%6e%74%65%6e%74\/uploads\/2021\/11\/250203110_3028650487370222_7652926825442913993_n-211x300.jpg 211w, https:\/\/informelitoral.com.ar\/%77%70%2d%63%6f%6e%74%65%6e%74\/uploads\/2021\/11\/250203110_3028650487370222_7652926825442913993_n-295x420.jpg 295w\" sizes=\"auto, (max-width: 654px) 100vw, 654px\" \/><\/a><\/p>\n<blockquote class=\"wp-embedded-content\" data-secret=\"vT3WcWhws5\"><p><a href=\"https:\/\/www.informelitoral.com.ar\/nacion-realizo-aportes-para-la-escuela-tecnica-de-general-ramirez\/\">Naci\u00f3n realiz\u00f3 aportes para la Escuela T\u00e9cnica de General Ram\u00edrez<\/a><\/p><\/blockquote>\n<p><iframe loading=\"lazy\" class=\"wp-embedded-content\" sandbox=\"allow-scripts\" security=\"restricted\" style=\"position: absolute; clip: rect(1px, 1px, 1px, 1px);\" title=\"\u00abNaci\u00f3n realiz\u00f3 aportes para la Escuela T\u00e9cnica de General Ram\u00edrez\u00bb \u2014 Informe Litoral\" src=\"https:\/\/www.informelitoral.com.ar\/nacion-realizo-aportes-para-la-escuela-tecnica-de-general-ramirez\/embed\/#?secret=vT3WcWhws5\" data-secret=\"vT3WcWhws5\" width=\"600\" height=\"338\" frameborder=\"0\" marginwidth=\"0\" marginheight=\"0\" scrolling=\"no\"><\/iframe><\/p>\n","protected":false},"excerpt":{"rendered":"<p>Esa ciudad del departamento Diamante tendr\u00e1 una nueva propuesta acad\u00e9mica de la UADER. Las preinscripciones se reciben del 1\u00b0 al 12 de noviembre en el Complejo Educativo. Para que se concrete, ser\u00e1 fundamental la demand<\/p>\n","protected":false},"author":2,"featured_media":66883,"comment_status":"open","ping_status":"open","sticky":false,"template":"","format":"standard","meta":{"fifu_image_url":"","fifu_image_alt":"","footnotes":""},"categories":[5],"tags":[1051,98,556,27,1299],"class_list":{"0":"post-66882","1":"post","2":"type-post","3":"status-publish","4":"format-standard","5":"has-post-thumbnail","7":"category-zonales","8":"tag-carrera","9":"tag-educacion","10":"tag-general-ramirez","11":"tag-ramirez","12":"tag-uader"},"yoast_head":"<title>Abri\u00f3 la preinscripci\u00f3n para la Tecnicatura en Higiene y Salud Animal en Ram\u00edrez - Informe Litoral<\/title>\n<meta name=\"robots\" content=\"index, follow, max-snippet:-1, max-image-preview:large, max-video-preview:-1\" \/>\n<link rel=\"canonical\" href=\"https:\/\/informelitoral.com.ar\/abrio-la-preinscripcion-para-la-tecnicatura-en-higiene-y-salud-animal-en-ramirez\/\" \/>\n<meta property=\"og:locale\" content=\"es_ES\" \/>\n<meta property=\"og:type\" content=\"article\" \/>\n<meta property=\"og:title\" content=\"Abri\u00f3 la preinscripci\u00f3n para la Tecnicatura en Higiene y Salud Animal en Ram\u00edrez - Informe Litoral\" \/>\n<meta property=\"og:description\" content=\"Esa ciudad del departamento Diamante tendr\u00e1 una nueva propuesta acad\u00e9mica de la UADER. Las preinscripciones se reciben del 1\u00b0 al 12 de noviembre en el Complejo Educativo. Para que se concrete, ser\u00e1 fundamental la demand\" \/>\n<meta property=\"og:url\" content=\"https:\/\/informelitoral.com.ar\/abrio-la-preinscripcion-para-la-tecnicatura-en-higiene-y-salud-animal-en-ramirez\/\" \/>\n<meta property=\"og:site_name\" content=\"Informe Litoral\" \/>\n<meta property=\"article:publisher\" content=\"https:\/\/www.facebook.com\/informelitoral\/\" \/>\n<meta property=\"article:published_time\" content=\"2021-11-01T21:20:23+00:00\" \/>\n<meta property=\"article:modified_time\" content=\"2021-11-02T09:54:01+00:00\" \/>\n<meta property=\"og:image\" content=\"https:\/\/informelitoral.com.ar\/%77%70%2d%63%6f%6e%74%65%6e%74\/uploads\/2021\/11\/web-pre-inscrpcion-Higiene-y-salud-animal-corregido-1024x576-1.jpeg\" \/>\n\t<meta property=\"og:image:width\" content=\"1024\" \/>\n\t<meta property=\"og:image:height\" content=\"576\" \/>\n\t<meta property=\"og:image:type\" content=\"image\/jpeg\" \/>\n<meta name=\"author\" content=\"Gonzalo Schmidt\" \/>\n<meta name=\"twitter:card\" content=\"summary_large_image\" \/>\n<meta name=\"twitter:creator\" content=\"@InformeLitoral\" \/>\n<meta name=\"twitter:site\" content=\"@InformeLitoral\" \/>\n<meta name=\"twitter:label1\" content=\"Escrito por\" \/>\n\t<meta name=\"twitter:data1\" content=\"Gonzalo Schmidt\" \/>\n\t<meta name=\"twitter:label2\" content=\"Tiempo de lectura\" \/>\n\t<meta name=\"twitter:data2\" content=\"4 minutos\" \/>\n<script type=\"application\/ld+json\" class=\"yoast-schema-graph\">{\"@context\":\"https:\\\/\\\/schema.org\",\"@graph\":[{\"@type\":\"Article\",\"@id\":\"https:\\\/\\\/informelitoral.com.ar\\\/abrio-la-preinscripcion-para-la-tecnicatura-en-higiene-y-salud-animal-en-ramirez\\\/#article\",\"isPartOf\":{\"@id\":\"https:\\\/\\\/informelitoral.com.ar\\\/abrio-la-preinscripcion-para-la-tecnicatura-en-higiene-y-salud-animal-en-ramirez\\\/\"},\"author\":{\"name\":\"Gonzalo Schmidt\",\"@id\":\"https:\\\/\\\/informelitoral.com.ar\\\/#\\\/schema\\\/person\\\/b9d00407c836482871ef1d57bf8e3180\"},\"headline\":\"Abri\u00f3 la preinscripci\u00f3n para la Tecnicatura en Higiene y Salud Animal en Ram\u00edrez\",\"datePublished\":\"2021-11-01T21:20:23+00:00\",\"dateModified\":\"2021-11-02T09:54:01+00:00\",\"mainEntityOfPage\":{\"@id\":\"https:\\\/\\\/informelitoral.com.ar\\\/abrio-la-preinscripcion-para-la-tecnicatura-en-higiene-y-salud-animal-en-ramirez\\\/\"},\"wordCount\":909,\"commentCount\":0,\"publisher\":{\"@id\":\"https:\\\/\\\/informelitoral.com.ar\\\/#organization\"},\"image\":{\"@id\":\"https:\\\/\\\/informelitoral.com.ar\\\/abrio-la-preinscripcion-para-la-tecnicatura-en-higiene-y-salud-animal-en-ramirez\\\/#primaryimage\"},\"thumbnailUrl\":\"https:\\\/\\\/informelitoral.com.ar\\\/%77%70%2d%63%6f%6e%74%65%6e%74\\\/uploads\\\/2021\\\/11\\\/web-pre-inscrpcion-Higiene-y-salud-animal-corregido-1024x576-1.jpeg\",\"keywords\":[\"Carrera\",\"Educaci\u00f3n\",\"General Ram\u00edrez\",\"Ram\u00edrez\",\"Uader\"],\"articleSection\":[\"Departamento Diamante\"],\"inLanguage\":\"es\",\"potentialAction\":[{\"@type\":\"CommentAction\",\"name\":\"Comment\",\"target\":[\"https:\\\/\\\/informelitoral.com.ar\\\/abrio-la-preinscripcion-para-la-tecnicatura-en-higiene-y-salud-animal-en-ramirez\\\/#respond\"]}]},{\"@type\":\"WebPage\",\"@id\":\"https:\\\/\\\/informelitoral.com.ar\\\/abrio-la-preinscripcion-para-la-tecnicatura-en-higiene-y-salud-animal-en-ramirez\\\/\",\"url\":\"https:\\\/\\\/informelitoral.com.ar\\\/abrio-la-preinscripcion-para-la-tecnicatura-en-higiene-y-salud-animal-en-ramirez\\\/\",\"name\":\"Abri\u00f3 la preinscripci\u00f3n para la Tecnicatura en Higiene y Salud Animal en Ram\u00edrez - Informe Litoral\",\"isPartOf\":{\"@id\":\"https:\\\/\\\/informelitoral.com.ar\\\/#website\"},\"primaryImageOfPage\":{\"@id\":\"https:\\\/\\\/informelitoral.com.ar\\\/abrio-la-preinscripcion-para-la-tecnicatura-en-higiene-y-salud-animal-en-ramirez\\\/#primaryimage\"},\"image\":{\"@id\":\"https:\\\/\\\/informelitoral.com.ar\\\/abrio-la-preinscripcion-para-la-tecnicatura-en-higiene-y-salud-animal-en-ramirez\\\/#primaryimage\"},\"thumbnailUrl\":\"https:\\\/\\\/informelitoral.com.ar\\\/%77%70%2d%63%6f%6e%74%65%6e%74\\\/uploads\\\/2021\\\/11\\\/web-pre-inscrpcion-Higiene-y-salud-animal-corregido-1024x576-1.jpeg\",\"datePublished\":\"2021-11-01T21:20:23+00:00\",\"dateModified\":\"2021-11-02T09:54:01+00:00\",\"breadcrumb\":{\"@id\":\"https:\\\/\\\/informelitoral.com.ar\\\/abrio-la-preinscripcion-para-la-tecnicatura-en-higiene-y-salud-animal-en-ramirez\\\/#breadcrumb\"},\"inLanguage\":\"es\",\"potentialAction\":[{\"@type\":\"ReadAction\",\"target\":[\"https:\\\/\\\/informelitoral.com.ar\\\/abrio-la-preinscripcion-para-la-tecnicatura-en-higiene-y-salud-animal-en-ramirez\\\/\"]}]},{\"@type\":\"ImageObject\",\"inLanguage\":\"es\",\"@id\":\"https:\\\/\\\/informelitoral.com.ar\\\/abrio-la-preinscripcion-para-la-tecnicatura-en-higiene-y-salud-animal-en-ramirez\\\/#primaryimage\",\"url\":\"https:\\\/\\\/informelitoral.com.ar\\\/%77%70%2d%63%6f%6e%74%65%6e%74\\\/uploads\\\/2021\\\/11\\\/web-pre-inscrpcion-Higiene-y-salud-animal-corregido-1024x576-1.jpeg\",\"contentUrl\":\"https:\\\/\\\/informelitoral.com.ar\\\/%77%70%2d%63%6f%6e%74%65%6e%74\\\/uploads\\\/2021\\\/11\\\/web-pre-inscrpcion-Higiene-y-salud-animal-corregido-1024x576-1.jpeg\",\"width\":1024,\"height\":576},{\"@type\":\"BreadcrumbList\",\"@id\":\"https:\\\/\\\/informelitoral.com.ar\\\/abrio-la-preinscripcion-para-la-tecnicatura-en-higiene-y-salud-animal-en-ramirez\\\/#breadcrumb\",\"itemListElement\":[{\"@type\":\"ListItem\",\"position\":1,\"name\":\"Portada\",\"item\":\"https:\\\/\\\/informelitoral.com.ar\\\/\"},{\"@type\":\"ListItem\",\"position\":2,\"name\":\"Abri\u00f3 la preinscripci\u00f3n para la Tecnicatura en Higiene y Salud Animal en Ram\u00edrez\"}]},{\"@type\":\"WebSite\",\"@id\":\"https:\\\/\\\/informelitoral.com.ar\\\/#website\",\"url\":\"https:\\\/\\\/informelitoral.com.ar\\\/\",\"name\":\"Informe Litoral\",\"description\":\"&quot;Nos informamos&quot; \",\"publisher\":{\"@id\":\"https:\\\/\\\/informelitoral.com.ar\\\/#organization\"},\"potentialAction\":[{\"@type\":\"SearchAction\",\"target\":{\"@type\":\"EntryPoint\",\"urlTemplate\":\"https:\\\/\\\/informelitoral.com.ar\\\/?s={search_term_string}\"},\"query-input\":{\"@type\":\"PropertyValueSpecification\",\"valueRequired\":true,\"valueName\":\"search_term_string\"}}],\"inLanguage\":\"es\"},{\"@type\":\"Organization\",\"@id\":\"https:\\\/\\\/informelitoral.com.ar\\\/#organization\",\"name\":\"Informe Litoral\",\"url\":\"https:\\\/\\\/informelitoral.com.ar\\\/\",\"logo\":{\"@type\":\"ImageObject\",\"inLanguage\":\"es\",\"@id\":\"https:\\\/\\\/informelitoral.com.ar\\\/#\\\/schema\\\/logo\\\/image\\\/\",\"url\":\"https:\\\/\\\/informelitoral.com.ar\\\/%77%70%2d%63%6f%6e%74%65%6e%74\\\/uploads\\\/2021\\\/01\\\/circulo.png\",\"contentUrl\":\"https:\\\/\\\/informelitoral.com.ar\\\/%77%70%2d%63%6f%6e%74%65%6e%74\\\/uploads\\\/2021\\\/01\\\/circulo.png\",\"width\":723,\"height\":731,\"caption\":\"Informe Litoral\"},\"image\":{\"@id\":\"https:\\\/\\\/informelitoral.com.ar\\\/#\\\/schema\\\/logo\\\/image\\\/\"},\"sameAs\":[\"https:\\\/\\\/www.facebook.com\\\/informelitoral\\\/\",\"https:\\\/\\\/x.com\\\/InformeLitoral\",\"https:\\\/\\\/www.instagram.com\\\/informelitoral\\\/\",\"https:\\\/\\\/www.youtube.com\\\/channel\\\/UCua4Qvz8Icb6MYqhoq9xLXw\"]},{\"@type\":\"Person\",\"@id\":\"https:\\\/\\\/informelitoral.com.ar\\\/#\\\/schema\\\/person\\\/b9d00407c836482871ef1d57bf8e3180\",\"name\":\"Gonzalo Schmidt\",\"image\":{\"@type\":\"ImageObject\",\"inLanguage\":\"es\",\"@id\":\"https:\\\/\\\/secure.gravatar.com\\\/avatar\\\/31a1a7b66ff2de83bd0e9fd79d026630d2d99e55e8bfe501287647b4fd9743de?s=96&d=mm&r=g\",\"url\":\"https:\\\/\\\/secure.gravatar.com\\\/avatar\\\/31a1a7b66ff2de83bd0e9fd79d026630d2d99e55e8bfe501287647b4fd9743de?s=96&d=mm&r=g\",\"contentUrl\":\"https:\\\/\\\/secure.gravatar.com\\\/avatar\\\/31a1a7b66ff2de83bd0e9fd79d026630d2d99e55e8bfe501287647b4fd9743de?s=96&d=mm&r=g\",\"caption\":\"Gonzalo Schmidt\"},\"description\":\"Sitio web de noticias de la provincia de Entre R\u00edos, Argentina. Informaci\u00f3n y entretenimiento. Informe Litoral, nos informamos.\",\"sameAs\":[\"http:\\\/\\\/www.isletasnoticias.com.ar\"],\"url\":\"https:\\\/\\\/informelitoral.com.ar\\\/author\\\/gonzalo\\\/\"}]}<\/script>","yoast_head_json":{"title":"Abri\u00f3 la preinscripci\u00f3n para la Tecnicatura en Higiene y Salud Animal en Ram\u00edrez - Informe Litoral","robots":{"index":"index","follow":"follow","max-snippet":"max-snippet:-1","max-image-preview":"max-image-preview:large","max-video-preview":"max-video-preview:-1"},"canonical":"https:\/\/informelitoral.com.ar\/abrio-la-preinscripcion-para-la-tecnicatura-en-higiene-y-salud-animal-en-ramirez\/","og_locale":"es_ES","og_type":"article","og_title":"Abri\u00f3 la preinscripci\u00f3n para la Tecnicatura en Higiene y Salud Animal en Ram\u00edrez - Informe Litoral","og_description":"Esa ciudad del departamento Diamante tendr\u00e1 una nueva propuesta acad\u00e9mica de la UADER. Las preinscripciones se reciben del 1\u00b0 al 12 de noviembre en el Complejo Educativo. Para que se concrete, ser\u00e1 fundamental la demand","og_url":"https:\/\/informelitoral.com.ar\/abrio-la-preinscripcion-para-la-tecnicatura-en-higiene-y-salud-animal-en-ramirez\/","og_site_name":"Informe Litoral","article_publisher":"https:\/\/www.facebook.com\/informelitoral\/","article_published_time":"2021-11-01T21:20:23+00:00","article_modified_time":"2021-11-02T09:54:01+00:00","og_image":[{"width":1024,"height":576,"url":"https:\/\/informelitoral.com.ar\/%77%70%2d%63%6f%6e%74%65%6e%74\/uploads\/2021\/11\/web-pre-inscrpcion-Higiene-y-salud-animal-corregido-1024x576-1.jpeg","type":"image\/jpeg"}],"author":"Gonzalo Schmidt","twitter_card":"summary_large_image","twitter_creator":"@InformeLitoral","twitter_site":"@InformeLitoral","twitter_misc":{"Escrito por":"Gonzalo Schmidt","Tiempo de lectura":"4 minutos"},"schema":{"@context":"https:\/\/schema.org","@graph":[{"@type":"Article","@id":"https:\/\/informelitoral.com.ar\/abrio-la-preinscripcion-para-la-tecnicatura-en-higiene-y-salud-animal-en-ramirez\/#article","isPartOf":{"@id":"https:\/\/informelitoral.com.ar\/abrio-la-preinscripcion-para-la-tecnicatura-en-higiene-y-salud-animal-en-ramirez\/"},"author":{"name":"Gonzalo Schmidt","@id":"https:\/\/informelitoral.com.ar\/#\/schema\/person\/b9d00407c836482871ef1d57bf8e3180"},"headline":"Abri\u00f3 la preinscripci\u00f3n para la Tecnicatura en Higiene y Salud Animal en Ram\u00edrez","datePublished":"2021-11-01T21:20:23+00:00","dateModified":"2021-11-02T09:54:01+00:00","mainEntityOfPage":{"@id":"https:\/\/informelitoral.com.ar\/abrio-la-preinscripcion-para-la-tecnicatura-en-higiene-y-salud-animal-en-ramirez\/"},"wordCount":909,"commentCount":0,"publisher":{"@id":"https:\/\/informelitoral.com.ar\/#organization"},"image":{"@id":"https:\/\/informelitoral.com.ar\/abrio-la-preinscripcion-para-la-tecnicatura-en-higiene-y-salud-animal-en-ramirez\/#primaryimage"},"thumbnailUrl":"https:\/\/informelitoral.com.ar\/%77%70%2d%63%6f%6e%74%65%6e%74\/uploads\/2021\/11\/web-pre-inscrpcion-Higiene-y-salud-animal-corregido-1024x576-1.jpeg","keywords":["Carrera","Educaci\u00f3n","General Ram\u00edrez","Ram\u00edrez","Uader"],"articleSection":["Departamento Diamante"],"inLanguage":"es","potentialAction":[{"@type":"CommentAction","name":"Comment","target":["https:\/\/informelitoral.com.ar\/abrio-la-preinscripcion-para-la-tecnicatura-en-higiene-y-salud-animal-en-ramirez\/#respond"]}]},{"@type":"WebPage","@id":"https:\/\/informelitoral.com.ar\/abrio-la-preinscripcion-para-la-tecnicatura-en-higiene-y-salud-animal-en-ramirez\/","url":"https:\/\/informelitoral.com.ar\/abrio-la-preinscripcion-para-la-tecnicatura-en-higiene-y-salud-animal-en-ramirez\/","name":"Abri\u00f3 la preinscripci\u00f3n para la Tecnicatura en Higiene y Salud Animal en Ram\u00edrez - Informe Litoral","isPartOf":{"@id":"https:\/\/informelitoral.com.ar\/#website"},"primaryImageOfPage":{"@id":"https:\/\/informelitoral.com.ar\/abrio-la-preinscripcion-para-la-tecnicatura-en-higiene-y-salud-animal-en-ramirez\/#primaryimage"},"image":{"@id":"https:\/\/informelitoral.com.ar\/abrio-la-preinscripcion-para-la-tecnicatura-en-higiene-y-salud-animal-en-ramirez\/#primaryimage"},"thumbnailUrl":"https:\/\/informelitoral.com.ar\/%77%70%2d%63%6f%6e%74%65%6e%74\/uploads\/2021\/11\/web-pre-inscrpcion-Higiene-y-salud-animal-corregido-1024x576-1.jpeg","datePublished":"2021-11-01T21:20:23+00:00","dateModified":"2021-11-02T09:54:01+00:00","breadcrumb":{"@id":"https:\/\/informelitoral.com.ar\/abrio-la-preinscripcion-para-la-tecnicatura-en-higiene-y-salud-animal-en-ramirez\/#breadcrumb"},"inLanguage":"es","potentialAction":[{"@type":"ReadAction","target":["https:\/\/informelitoral.com.ar\/abrio-la-preinscripcion-para-la-tecnicatura-en-higiene-y-salud-animal-en-ramirez\/"]}]},{"@type":"ImageObject","inLanguage":"es","@id":"https:\/\/informelitoral.com.ar\/abrio-la-preinscripcion-para-la-tecnicatura-en-higiene-y-salud-animal-en-ramirez\/#primaryimage","url":"https:\/\/informelitoral.com.ar\/%77%70%2d%63%6f%6e%74%65%6e%74\/uploads\/2021\/11\/web-pre-inscrpcion-Higiene-y-salud-animal-corregido-1024x576-1.jpeg","contentUrl":"https:\/\/informelitoral.com.ar\/%77%70%2d%63%6f%6e%74%65%6e%74\/uploads\/2021\/11\/web-pre-inscrpcion-Higiene-y-salud-animal-corregido-1024x576-1.jpeg","width":1024,"height":576},{"@type":"BreadcrumbList","@id":"https:\/\/informelitoral.com.ar\/abrio-la-preinscripcion-para-la-tecnicatura-en-higiene-y-salud-animal-en-ramirez\/#breadcrumb","itemListElement":[{"@type":"ListItem","position":1,"name":"Portada","item":"https:\/\/informelitoral.com.ar\/"},{"@type":"ListItem","position":2,"name":"Abri\u00f3 la preinscripci\u00f3n para la Tecnicatura en Higiene y Salud Animal en Ram\u00edrez"}]},{"@type":"WebSite","@id":"https:\/\/informelitoral.com.ar\/#website","url":"https:\/\/informelitoral.com.ar\/","name":"Informe Litoral","description":"&quot;Nos informamos&quot; ","publisher":{"@id":"https:\/\/informelitoral.com.ar\/#organization"},"potentialAction":[{"@type":"SearchAction","target":{"@type":"EntryPoint","urlTemplate":"https:\/\/informelitoral.com.ar\/?s={search_term_string}"},"query-input":{"@type":"PropertyValueSpecification","valueRequired":true,"valueName":"search_term_string"}}],"inLanguage":"es"},{"@type":"Organization","@id":"https:\/\/informelitoral.com.ar\/#organization","name":"Informe Litoral","url":"https:\/\/informelitoral.com.ar\/","logo":{"@type":"ImageObject","inLanguage":"es","@id":"https:\/\/informelitoral.com.ar\/#\/schema\/logo\/image\/","url":"https:\/\/informelitoral.com.ar\/%77%70%2d%63%6f%6e%74%65%6e%74\/uploads\/2021\/01\/circulo.png","contentUrl":"https:\/\/informelitoral.com.ar\/%77%70%2d%63%6f%6e%74%65%6e%74\/uploads\/2021\/01\/circulo.png","width":723,"height":731,"caption":"Informe Litoral"},"image":{"@id":"https:\/\/informelitoral.com.ar\/#\/schema\/logo\/image\/"},"sameAs":["https:\/\/www.facebook.com\/informelitoral\/","https:\/\/x.com\/InformeLitoral","https:\/\/www.instagram.com\/informelitoral\/","https:\/\/www.youtube.com\/channel\/UCua4Qvz8Icb6MYqhoq9xLXw"]},{"@type":"Person","@id":"https:\/\/informelitoral.com.ar\/#\/schema\/person\/b9d00407c836482871ef1d57bf8e3180","name":"Gonzalo Schmidt","image":{"@type":"ImageObject","inLanguage":"es","@id":"https:\/\/secure.gravatar.com\/avatar\/31a1a7b66ff2de83bd0e9fd79d026630d2d99e55e8bfe501287647b4fd9743de?s=96&d=mm&r=g","url":"https:\/\/secure.gravatar.com\/avatar\/31a1a7b66ff2de83bd0e9fd79d026630d2d99e55e8bfe501287647b4fd9743de?s=96&d=mm&r=g","contentUrl":"https:\/\/secure.gravatar.com\/avatar\/31a1a7b66ff2de83bd0e9fd79d026630d2d99e55e8bfe501287647b4fd9743de?s=96&d=mm&r=g","caption":"Gonzalo Schmidt"},"description":"Sitio web de noticias de la provincia de Entre R\u00edos, Argentina. Informaci\u00f3n y entretenimiento. Informe Litoral, nos informamos.","sameAs":["http:\/\/www.isletasnoticias.com.ar"],"url":"https:\/\/informelitoral.com.ar\/author\/gonzalo\/"}]}},"_links":{"self":[{"href":"https:\/\/informelitoral.com.ar\/%77%70%2d%6a%73%6f%6e\/wp\/v2\/posts\/66882","targetHints":{"allow":["GET"]}}],"collection":[{"href":"https:\/\/informelitoral.com.ar\/%77%70%2d%6a%73%6f%6e\/wp\/v2\/posts"}],"about":[{"href":"https:\/\/informelitoral.com.ar\/%77%70%2d%6a%73%6f%6e\/wp\/v2\/types\/post"}],"author":[{"embeddable":true,"href":"https:\/\/informelitoral.com.ar\/%77%70%2d%6a%73%6f%6e\/wp\/v2\/users\/2"}],"replies":[{"embeddable":true,"href":"https:\/\/informelitoral.com.ar\/%77%70%2d%6a%73%6f%6e\/wp\/v2\/comments?post=66882"}],"version-history":[{"count":0,"href":"https:\/\/informelitoral.com.ar\/%77%70%2d%6a%73%6f%6e\/wp\/v2\/posts\/66882\/revisions"}],"wp:featuredmedia":[{"embeddable":true,"href":"https:\/\/informelitoral.com.ar\/%77%70%2d%6a%73%6f%6e\/wp\/v2\/media\/66883"}],"wp:attachment":[{"href":"https:\/\/informelitoral.com.ar\/%77%70%2d%6a%73%6f%6e\/wp\/v2\/media?parent=66882"}],"wp:term":[{"taxonomy":"category","embeddable":true,"href":"https:\/\/informelitoral.com.ar\/%77%70%2d%6a%73%6f%6e\/wp\/v2\/categories?post=66882"},{"taxonomy":"post_tag","embeddable":true,"href":"https:\/\/informelitoral.com.ar\/%77%70%2d%6a%73%6f%6e\/wp\/v2\/tags?post=66882"}],"curies":[{"name":"wp","href":"https:\/\/api.w.org\/{rel}","templated":true}]}}