{"id":66862,"date":"2021-10-31T17:01:38","date_gmt":"2021-10-31T20:01:38","guid":{"rendered":"https:\/\/www.informelitoral.com.ar\/?p=66862"},"modified":"2021-10-31T17:01:38","modified_gmt":"2021-10-31T20:01:38","slug":"el-maltrato-animal-no-existe-en-las-jineteadas-aseguro-campeon-de-jesus-maria","status":"publish","type":"post","link":"https:\/\/informelitoral.com.ar\/el-maltrato-animal-no-existe-en-las-jineteadas-aseguro-campeon-de-jesus-maria\/","title":{"rendered":"\u00abEl maltrato animal no existe en las jineteadas\u00bb, asegur\u00f3 campe\u00f3n de Jes\u00fas Mar\u00eda"},"content":{"rendered":"<p>Carlos Arias, dos veces campe\u00f3n de Jes\u00fas Mar\u00eda y tres veces ganador de Diamante, respondi\u00f3 a los cuestionamientos que giran en torno a las jineteadas en Gualeguaych\u00fa.<\/p>\n<p>Para el jinete, se trata de una \u201clucha de no entender de qu\u00e9 se trata, por el que venimos bregando desde hace un buen tiempo con algunos proteccionistas que entiendo no est\u00e1n debidamente informados de qu\u00e9 se trata una jineteada\u201d. \u201cPuedo asegurar que no existe maltrato hacia los caballos\u201d, sentenci\u00f3 en di\u00e1logo con\u00a0<i>ElD\u00eda.<\/i><\/p>\n<p>\u00abEl animal que se destina a jineteadas es el que menos trabaja. Hay ejemplares que van una sola vez al mes a un campo de jineteada. En la categor\u00eda crina, que yo hago son 8 segundos; mientras que en la grupa 12 y en el basto son 14. Despu\u00e9s pasan sus d\u00edas en el campo comiendo, tranquilos, sin que nadie los moleste\u201d, agreg\u00f3.<\/p>\n<figure class=\"embed\"><img decoding=\"async\" title=\"\" src=\"https:\/\/elonce-media2.elonce.com.ar\/fotos-nuevo\/2020\/01\/15\/o_1579074565.jpg\" alt=\"\" width=\"640\" \/><\/figure>\n<p>Seg\u00fan Arias, el Festival de Jineteada y Folclore de Diamante es la \u201cfiesta mayor de los entrerrianos\u201d; pero remarc\u00f3 que \u201cel sue\u00f1o de todo jinete montar en el Festival Mayor de Jes\u00fas Mar\u00eda\u201d.<\/p>\n<p>\u201cSe gana un dinero, sobre todo en Jes\u00fas Mar\u00eda donde se puede obtener hasta 12 premios en una noche y andando m\u00e1s o menos siempre sumas un premio que ayuda en la econom\u00eda de cada jinete, pero m\u00e1s all\u00e1 del dinero est\u00e1 la gloria que te deja ganar un campeonato y el premio de la rastra que no te lo olvidas m\u00e1s y te marca de por vida\u201d, explic\u00f3 al se\u00f1alar que ganar la rastra de campe\u00f3n es \u201cmuy dif\u00edcil y no cualquiera la obtiene\u201d. Arias tiene dos rastras, la de los campeonatos del 2004 y 2005 respectivamente.<\/p>\n<h2><strong>Palabra de Tropillero<\/strong><\/h2>\n<figure class=\"embed\"><img decoding=\"async\" title=\"\" src=\"https:\/\/elonce-media2.elonce.com.ar\/fotos-nuevo\/2021\/03\/22\/o_1616406575.jpg\" alt=\"\" width=\"640\" \/><\/figure>\n<p>Ricardo Otero (56 a\u00f1os) lleva las jineteadas en la sangre. Hombre de a caballo se cri\u00f3 pr\u00e1cticamente en los corrales de la Sociedad Rural donde trabaja con las distintas firmas martilleras de la ciudad. Tiene una tropilla \u201cLos Estancieros\u201d, la mayor parte de la misma a campo y algunos animales en un potrero que se encuentra en el fondo de su casa. All\u00ed los alimenta con fardos y raci\u00f3n. De noche quedan bajo un galp\u00f3n con una condici\u00f3n corporal excelente.<\/p>\n<p>El tropillero diferenci\u00f3 \u201cla jineteada que es un deporte, una tradici\u00f3n y otra la doma que consiste en amansar un caballo, hacerlo de andar con mucho de conocimiento y de paciencia\u201d. \u201cAprend\u00ed de la gente campera y todo lo que se lo cultiv\u00e9 de paisanos baquianos en la doma\u201d, asegur\u00f3.<\/p>\n<p>Otero se\u00f1al\u00f3 que no est\u00e1 de acuerdo con aquellos que \u201cremarcan que en los campos de jineteada se maltrata a los animales. Y si bien estoy de acuerdo con la Protectora que cuide a los animales, pero tienen que entender que el caballo de la jineteada tiene una muy buena calidad de vida; pasa sus d\u00edas en el campo y comiendo raci\u00f3n como el resto de la tropilla\u201d. Y en se sentido, ejemplific\u00f3: \u201cHace un mes atr\u00e1s, uno de mis caballos estuvo tres segundos en la pista porque volte\u00f3 al jinete y reci\u00e9n en el mes de diciembre vuelve a escena y despu\u00e9s en Enero\u201d. De hecho, cont\u00f3 que hace unos d\u00edas \u201cmuri\u00f3 un ejemplar que ten\u00eda 36 a\u00f1os es decir un animal longevo y bien cuidado\u201d.<\/p>\n<figure class=\"embed\"><img decoding=\"async\" title=\"\" src=\"https:\/\/elonce-media2.elonce.com.ar\/fotos-nuevo\/2019\/01\/24\/o_1548342714.jpg\" alt=\"\" width=\"640\" \/><\/figure>\n<p>Con respecto a quienes critican las jineteadas, Otero los invit\u00f3 a que vayan a ver los caballos de tropilla. \u201cHay gente que tiene tropillas numerosas con 50 animales con sus respectivos comederos, con raci\u00f3n a la ma\u00f1ana y a la noche\u201d, indic\u00f3.<\/p>\n<p>Tambi\u00e9n, agreg\u00f3 que ser\u00eda bueno que \u201cfueran a las jineteadas y vean a los ejemplares en los corrales\u201d. All\u00ed se van a \u201cencontrar con animales bien comidos, fuertes, siendo el de las jineteadas, el caballo que mejor la pasa, si los comparamos con otras actividades deportivas en donde tambi\u00e9n se los trata muy bien\u201d, cerr\u00f3.\u00a0<i>(Fuente: ElD\u00eda)<\/i><\/p>\n","protected":false},"excerpt":{"rendered":"<p>Carlos Arias, dos veces campe\u00f3n de Jes\u00fas Mar\u00eda y tres veces ganador de Diamante, respondi\u00f3 a las cr\u00edticas que giran en torno a las jineteadas. Un tropillero, en tanto, invit\u00f3 a proteccionistas a interiorizarse sobre este tipo de eventos.<\/p>\n","protected":false},"author":2,"featured_media":66863,"comment_status":"open","ping_status":"open","sticky":false,"template":"","format":"standard","meta":{"fifu_image_url":"","fifu_image_alt":"","footnotes":""},"categories":[9],"tags":[2492],"class_list":{"0":"post-66862","1":"post","2":"type-post","3":"status-publish","4":"format-standard","5":"has-post-thumbnail","7":"category-sociedad","8":"tag-jineteadas"},"yoast_head":"<title>&quot;El maltrato animal no existe en las jineteadas&quot;, asegur\u00f3 campe\u00f3n de Jes\u00fas Mar\u00eda - Informe Litoral<\/title>\n<meta name=\"robots\" content=\"index, follow, max-snippet:-1, max-image-preview:large, max-video-preview:-1\" \/>\n<link rel=\"canonical\" href=\"https:\/\/informelitoral.com.ar\/el-maltrato-animal-no-existe-en-las-jineteadas-aseguro-campeon-de-jesus-maria\/\" \/>\n<meta property=\"og:locale\" content=\"es_ES\" \/>\n<meta property=\"og:type\" content=\"article\" \/>\n<meta property=\"og:title\" content=\"&quot;El maltrato animal no existe en las jineteadas&quot;, asegur\u00f3 campe\u00f3n de Jes\u00fas Mar\u00eda - Informe Litoral\" \/>\n<meta property=\"og:description\" content=\"Carlos Arias, dos veces campe\u00f3n de Jes\u00fas Mar\u00eda y tres veces ganador de Diamante, respondi\u00f3 a las cr\u00edticas que giran en torno a las jineteadas. Un tropillero, en tanto, invit\u00f3 a proteccionistas a interiorizarse sobre este tipo de eventos.\" \/>\n<meta property=\"og:url\" content=\"https:\/\/informelitoral.com.ar\/el-maltrato-animal-no-existe-en-las-jineteadas-aseguro-campeon-de-jesus-maria\/\" \/>\n<meta property=\"og:site_name\" content=\"Informe Litoral\" \/>\n<meta property=\"article:publisher\" content=\"https:\/\/www.facebook.com\/informelitoral\/\" \/>\n<meta property=\"article:published_time\" content=\"2021-10-31T20:01:38+00:00\" \/>\n<meta property=\"og:image\" content=\"https:\/\/informelitoral.com.ar\/%77%70%2d%63%6f%6e%74%65%6e%74\/uploads\/2021\/10\/o_1635684735.jpg\" \/>\n\t<meta property=\"og:image:width\" content=\"800\" \/>\n\t<meta property=\"og:image:height\" content=\"450\" \/>\n\t<meta property=\"og:image:type\" content=\"image\/jpeg\" \/>\n<meta name=\"author\" content=\"Gonzalo Schmidt\" \/>\n<meta name=\"twitter:card\" content=\"summary_large_image\" \/>\n<meta name=\"twitter:creator\" content=\"@InformeLitoral\" \/>\n<meta name=\"twitter:site\" content=\"@InformeLitoral\" \/>\n<meta name=\"twitter:label1\" content=\"Escrito por\" \/>\n\t<meta name=\"twitter:data1\" content=\"Gonzalo Schmidt\" \/>\n\t<meta name=\"twitter:label2\" content=\"Tiempo de lectura\" \/>\n\t<meta name=\"twitter:data2\" content=\"3 minutos\" \/>\n<script type=\"application\/ld+json\" class=\"yoast-schema-graph\">{\"@context\":\"https:\\\/\\\/schema.org\",\"@graph\":[{\"@type\":\"Article\",\"@id\":\"https:\\\/\\\/informelitoral.com.ar\\\/el-maltrato-animal-no-existe-en-las-jineteadas-aseguro-campeon-de-jesus-maria\\\/#article\",\"isPartOf\":{\"@id\":\"https:\\\/\\\/informelitoral.com.ar\\\/el-maltrato-animal-no-existe-en-las-jineteadas-aseguro-campeon-de-jesus-maria\\\/\"},\"author\":{\"name\":\"Gonzalo Schmidt\",\"@id\":\"https:\\\/\\\/informelitoral.com.ar\\\/#\\\/schema\\\/person\\\/b9d00407c836482871ef1d57bf8e3180\"},\"headline\":\"\u00abEl maltrato animal no existe en las jineteadas\u00bb, asegur\u00f3 campe\u00f3n de Jes\u00fas Mar\u00eda\",\"datePublished\":\"2021-10-31T20:01:38+00:00\",\"mainEntityOfPage\":{\"@id\":\"https:\\\/\\\/informelitoral.com.ar\\\/el-maltrato-animal-no-existe-en-las-jineteadas-aseguro-campeon-de-jesus-maria\\\/\"},\"wordCount\":684,\"commentCount\":0,\"publisher\":{\"@id\":\"https:\\\/\\\/informelitoral.com.ar\\\/#organization\"},\"image\":{\"@id\":\"https:\\\/\\\/informelitoral.com.ar\\\/el-maltrato-animal-no-existe-en-las-jineteadas-aseguro-campeon-de-jesus-maria\\\/#primaryimage\"},\"thumbnailUrl\":\"https:\\\/\\\/informelitoral.com.ar\\\/%77%70%2d%63%6f%6e%74%65%6e%74\\\/uploads\\\/2021\\\/10\\\/o_1635684735.jpg\",\"keywords\":[\"Jineteadas\"],\"articleSection\":[\"Sociedad\"],\"inLanguage\":\"es\",\"potentialAction\":[{\"@type\":\"CommentAction\",\"name\":\"Comment\",\"target\":[\"https:\\\/\\\/informelitoral.com.ar\\\/el-maltrato-animal-no-existe-en-las-jineteadas-aseguro-campeon-de-jesus-maria\\\/#respond\"]}]},{\"@type\":\"WebPage\",\"@id\":\"https:\\\/\\\/informelitoral.com.ar\\\/el-maltrato-animal-no-existe-en-las-jineteadas-aseguro-campeon-de-jesus-maria\\\/\",\"url\":\"https:\\\/\\\/informelitoral.com.ar\\\/el-maltrato-animal-no-existe-en-las-jineteadas-aseguro-campeon-de-jesus-maria\\\/\",\"name\":\"\\\"El maltrato animal no existe en las jineteadas\\\", asegur\u00f3 campe\u00f3n de Jes\u00fas Mar\u00eda - Informe Litoral\",\"isPartOf\":{\"@id\":\"https:\\\/\\\/informelitoral.com.ar\\\/#website\"},\"primaryImageOfPage\":{\"@id\":\"https:\\\/\\\/informelitoral.com.ar\\\/el-maltrato-animal-no-existe-en-las-jineteadas-aseguro-campeon-de-jesus-maria\\\/#primaryimage\"},\"image\":{\"@id\":\"https:\\\/\\\/informelitoral.com.ar\\\/el-maltrato-animal-no-existe-en-las-jineteadas-aseguro-campeon-de-jesus-maria\\\/#primaryimage\"},\"thumbnailUrl\":\"https:\\\/\\\/informelitoral.com.ar\\\/%77%70%2d%63%6f%6e%74%65%6e%74\\\/uploads\\\/2021\\\/10\\\/o_1635684735.jpg\",\"datePublished\":\"2021-10-31T20:01:38+00:00\",\"breadcrumb\":{\"@id\":\"https:\\\/\\\/informelitoral.com.ar\\\/el-maltrato-animal-no-existe-en-las-jineteadas-aseguro-campeon-de-jesus-maria\\\/#breadcrumb\"},\"inLanguage\":\"es\",\"potentialAction\":[{\"@type\":\"ReadAction\",\"target\":[\"https:\\\/\\\/informelitoral.com.ar\\\/el-maltrato-animal-no-existe-en-las-jineteadas-aseguro-campeon-de-jesus-maria\\\/\"]}]},{\"@type\":\"ImageObject\",\"inLanguage\":\"es\",\"@id\":\"https:\\\/\\\/informelitoral.com.ar\\\/el-maltrato-animal-no-existe-en-las-jineteadas-aseguro-campeon-de-jesus-maria\\\/#primaryimage\",\"url\":\"https:\\\/\\\/informelitoral.com.ar\\\/%77%70%2d%63%6f%6e%74%65%6e%74\\\/uploads\\\/2021\\\/10\\\/o_1635684735.jpg\",\"contentUrl\":\"https:\\\/\\\/informelitoral.com.ar\\\/%77%70%2d%63%6f%6e%74%65%6e%74\\\/uploads\\\/2021\\\/10\\\/o_1635684735.jpg\",\"width\":800,\"height\":450},{\"@type\":\"BreadcrumbList\",\"@id\":\"https:\\\/\\\/informelitoral.com.ar\\\/el-maltrato-animal-no-existe-en-las-jineteadas-aseguro-campeon-de-jesus-maria\\\/#breadcrumb\",\"itemListElement\":[{\"@type\":\"ListItem\",\"position\":1,\"name\":\"Portada\",\"item\":\"https:\\\/\\\/informelitoral.com.ar\\\/\"},{\"@type\":\"ListItem\",\"position\":2,\"name\":\"\u00abEl maltrato animal no existe en las jineteadas\u00bb, asegur\u00f3 campe\u00f3n de Jes\u00fas Mar\u00eda\"}]},{\"@type\":\"WebSite\",\"@id\":\"https:\\\/\\\/informelitoral.com.ar\\\/#website\",\"url\":\"https:\\\/\\\/informelitoral.com.ar\\\/\",\"name\":\"Informe Litoral\",\"description\":\"&quot;Nos informamos&quot; \",\"publisher\":{\"@id\":\"https:\\\/\\\/informelitoral.com.ar\\\/#organization\"},\"potentialAction\":[{\"@type\":\"SearchAction\",\"target\":{\"@type\":\"EntryPoint\",\"urlTemplate\":\"https:\\\/\\\/informelitoral.com.ar\\\/?s={search_term_string}\"},\"query-input\":{\"@type\":\"PropertyValueSpecification\",\"valueRequired\":true,\"valueName\":\"search_term_string\"}}],\"inLanguage\":\"es\"},{\"@type\":\"Organization\",\"@id\":\"https:\\\/\\\/informelitoral.com.ar\\\/#organization\",\"name\":\"Informe Litoral\",\"url\":\"https:\\\/\\\/informelitoral.com.ar\\\/\",\"logo\":{\"@type\":\"ImageObject\",\"inLanguage\":\"es\",\"@id\":\"https:\\\/\\\/informelitoral.com.ar\\\/#\\\/schema\\\/logo\\\/image\\\/\",\"url\":\"https:\\\/\\\/informelitoral.com.ar\\\/%77%70%2d%63%6f%6e%74%65%6e%74\\\/uploads\\\/2021\\\/01\\\/circulo.png\",\"contentUrl\":\"https:\\\/\\\/informelitoral.com.ar\\\/%77%70%2d%63%6f%6e%74%65%6e%74\\\/uploads\\\/2021\\\/01\\\/circulo.png\",\"width\":723,\"height\":731,\"caption\":\"Informe Litoral\"},\"image\":{\"@id\":\"https:\\\/\\\/informelitoral.com.ar\\\/#\\\/schema\\\/logo\\\/image\\\/\"},\"sameAs\":[\"https:\\\/\\\/www.facebook.com\\\/informelitoral\\\/\",\"https:\\\/\\\/x.com\\\/InformeLitoral\",\"https:\\\/\\\/www.instagram.com\\\/informelitoral\\\/\",\"https:\\\/\\\/www.youtube.com\\\/channel\\\/UCua4Qvz8Icb6MYqhoq9xLXw\"]},{\"@type\":\"Person\",\"@id\":\"https:\\\/\\\/informelitoral.com.ar\\\/#\\\/schema\\\/person\\\/b9d00407c836482871ef1d57bf8e3180\",\"name\":\"Gonzalo Schmidt\",\"image\":{\"@type\":\"ImageObject\",\"inLanguage\":\"es\",\"@id\":\"https:\\\/\\\/secure.gravatar.com\\\/avatar\\\/31a1a7b66ff2de83bd0e9fd79d026630d2d99e55e8bfe501287647b4fd9743de?s=96&d=mm&r=g\",\"url\":\"https:\\\/\\\/secure.gravatar.com\\\/avatar\\\/31a1a7b66ff2de83bd0e9fd79d026630d2d99e55e8bfe501287647b4fd9743de?s=96&d=mm&r=g\",\"contentUrl\":\"https:\\\/\\\/secure.gravatar.com\\\/avatar\\\/31a1a7b66ff2de83bd0e9fd79d026630d2d99e55e8bfe501287647b4fd9743de?s=96&d=mm&r=g\",\"caption\":\"Gonzalo Schmidt\"},\"description\":\"Sitio web de noticias de la provincia de Entre R\u00edos, Argentina. Informaci\u00f3n y entretenimiento. Informe Litoral, nos informamos.\",\"sameAs\":[\"http:\\\/\\\/www.isletasnoticias.com.ar\"],\"url\":\"https:\\\/\\\/informelitoral.com.ar\\\/author\\\/gonzalo\\\/\"}]}<\/script>","yoast_head_json":{"title":"\"El maltrato animal no existe en las jineteadas\", asegur\u00f3 campe\u00f3n de Jes\u00fas Mar\u00eda - Informe Litoral","robots":{"index":"index","follow":"follow","max-snippet":"max-snippet:-1","max-image-preview":"max-image-preview:large","max-video-preview":"max-video-preview:-1"},"canonical":"https:\/\/informelitoral.com.ar\/el-maltrato-animal-no-existe-en-las-jineteadas-aseguro-campeon-de-jesus-maria\/","og_locale":"es_ES","og_type":"article","og_title":"\"El maltrato animal no existe en las jineteadas\", asegur\u00f3 campe\u00f3n de Jes\u00fas Mar\u00eda - Informe Litoral","og_description":"Carlos Arias, dos veces campe\u00f3n de Jes\u00fas Mar\u00eda y tres veces ganador de Diamante, respondi\u00f3 a las cr\u00edticas que giran en torno a las jineteadas. Un tropillero, en tanto, invit\u00f3 a proteccionistas a interiorizarse sobre este tipo de eventos.","og_url":"https:\/\/informelitoral.com.ar\/el-maltrato-animal-no-existe-en-las-jineteadas-aseguro-campeon-de-jesus-maria\/","og_site_name":"Informe Litoral","article_publisher":"https:\/\/www.facebook.com\/informelitoral\/","article_published_time":"2021-10-31T20:01:38+00:00","og_image":[{"width":800,"height":450,"url":"https:\/\/informelitoral.com.ar\/%77%70%2d%63%6f%6e%74%65%6e%74\/uploads\/2021\/10\/o_1635684735.jpg","type":"image\/jpeg"}],"author":"Gonzalo Schmidt","twitter_card":"summary_large_image","twitter_creator":"@InformeLitoral","twitter_site":"@InformeLitoral","twitter_misc":{"Escrito por":"Gonzalo Schmidt","Tiempo de lectura":"3 minutos"},"schema":{"@context":"https:\/\/schema.org","@graph":[{"@type":"Article","@id":"https:\/\/informelitoral.com.ar\/el-maltrato-animal-no-existe-en-las-jineteadas-aseguro-campeon-de-jesus-maria\/#article","isPartOf":{"@id":"https:\/\/informelitoral.com.ar\/el-maltrato-animal-no-existe-en-las-jineteadas-aseguro-campeon-de-jesus-maria\/"},"author":{"name":"Gonzalo Schmidt","@id":"https:\/\/informelitoral.com.ar\/#\/schema\/person\/b9d00407c836482871ef1d57bf8e3180"},"headline":"\u00abEl maltrato animal no existe en las jineteadas\u00bb, asegur\u00f3 campe\u00f3n de Jes\u00fas Mar\u00eda","datePublished":"2021-10-31T20:01:38+00:00","mainEntityOfPage":{"@id":"https:\/\/informelitoral.com.ar\/el-maltrato-animal-no-existe-en-las-jineteadas-aseguro-campeon-de-jesus-maria\/"},"wordCount":684,"commentCount":0,"publisher":{"@id":"https:\/\/informelitoral.com.ar\/#organization"},"image":{"@id":"https:\/\/informelitoral.com.ar\/el-maltrato-animal-no-existe-en-las-jineteadas-aseguro-campeon-de-jesus-maria\/#primaryimage"},"thumbnailUrl":"https:\/\/informelitoral.com.ar\/%77%70%2d%63%6f%6e%74%65%6e%74\/uploads\/2021\/10\/o_1635684735.jpg","keywords":["Jineteadas"],"articleSection":["Sociedad"],"inLanguage":"es","potentialAction":[{"@type":"CommentAction","name":"Comment","target":["https:\/\/informelitoral.com.ar\/el-maltrato-animal-no-existe-en-las-jineteadas-aseguro-campeon-de-jesus-maria\/#respond"]}]},{"@type":"WebPage","@id":"https:\/\/informelitoral.com.ar\/el-maltrato-animal-no-existe-en-las-jineteadas-aseguro-campeon-de-jesus-maria\/","url":"https:\/\/informelitoral.com.ar\/el-maltrato-animal-no-existe-en-las-jineteadas-aseguro-campeon-de-jesus-maria\/","name":"\"El maltrato animal no existe en las jineteadas\", asegur\u00f3 campe\u00f3n de Jes\u00fas Mar\u00eda - Informe Litoral","isPartOf":{"@id":"https:\/\/informelitoral.com.ar\/#website"},"primaryImageOfPage":{"@id":"https:\/\/informelitoral.com.ar\/el-maltrato-animal-no-existe-en-las-jineteadas-aseguro-campeon-de-jesus-maria\/#primaryimage"},"image":{"@id":"https:\/\/informelitoral.com.ar\/el-maltrato-animal-no-existe-en-las-jineteadas-aseguro-campeon-de-jesus-maria\/#primaryimage"},"thumbnailUrl":"https:\/\/informelitoral.com.ar\/%77%70%2d%63%6f%6e%74%65%6e%74\/uploads\/2021\/10\/o_1635684735.jpg","datePublished":"2021-10-31T20:01:38+00:00","breadcrumb":{"@id":"https:\/\/informelitoral.com.ar\/el-maltrato-animal-no-existe-en-las-jineteadas-aseguro-campeon-de-jesus-maria\/#breadcrumb"},"inLanguage":"es","potentialAction":[{"@type":"ReadAction","target":["https:\/\/informelitoral.com.ar\/el-maltrato-animal-no-existe-en-las-jineteadas-aseguro-campeon-de-jesus-maria\/"]}]},{"@type":"ImageObject","inLanguage":"es","@id":"https:\/\/informelitoral.com.ar\/el-maltrato-animal-no-existe-en-las-jineteadas-aseguro-campeon-de-jesus-maria\/#primaryimage","url":"https:\/\/informelitoral.com.ar\/%77%70%2d%63%6f%6e%74%65%6e%74\/uploads\/2021\/10\/o_1635684735.jpg","contentUrl":"https:\/\/informelitoral.com.ar\/%77%70%2d%63%6f%6e%74%65%6e%74\/uploads\/2021\/10\/o_1635684735.jpg","width":800,"height":450},{"@type":"BreadcrumbList","@id":"https:\/\/informelitoral.com.ar\/el-maltrato-animal-no-existe-en-las-jineteadas-aseguro-campeon-de-jesus-maria\/#breadcrumb","itemListElement":[{"@type":"ListItem","position":1,"name":"Portada","item":"https:\/\/informelitoral.com.ar\/"},{"@type":"ListItem","position":2,"name":"\u00abEl maltrato animal no existe en las jineteadas\u00bb, asegur\u00f3 campe\u00f3n de Jes\u00fas Mar\u00eda"}]},{"@type":"WebSite","@id":"https:\/\/informelitoral.com.ar\/#website","url":"https:\/\/informelitoral.com.ar\/","name":"Informe Litoral","description":"&quot;Nos informamos&quot; ","publisher":{"@id":"https:\/\/informelitoral.com.ar\/#organization"},"potentialAction":[{"@type":"SearchAction","target":{"@type":"EntryPoint","urlTemplate":"https:\/\/informelitoral.com.ar\/?s={search_term_string}"},"query-input":{"@type":"PropertyValueSpecification","valueRequired":true,"valueName":"search_term_string"}}],"inLanguage":"es"},{"@type":"Organization","@id":"https:\/\/informelitoral.com.ar\/#organization","name":"Informe Litoral","url":"https:\/\/informelitoral.com.ar\/","logo":{"@type":"ImageObject","inLanguage":"es","@id":"https:\/\/informelitoral.com.ar\/#\/schema\/logo\/image\/","url":"https:\/\/informelitoral.com.ar\/%77%70%2d%63%6f%6e%74%65%6e%74\/uploads\/2021\/01\/circulo.png","contentUrl":"https:\/\/informelitoral.com.ar\/%77%70%2d%63%6f%6e%74%65%6e%74\/uploads\/2021\/01\/circulo.png","width":723,"height":731,"caption":"Informe Litoral"},"image":{"@id":"https:\/\/informelitoral.com.ar\/#\/schema\/logo\/image\/"},"sameAs":["https:\/\/www.facebook.com\/informelitoral\/","https:\/\/x.com\/InformeLitoral","https:\/\/www.instagram.com\/informelitoral\/","https:\/\/www.youtube.com\/channel\/UCua4Qvz8Icb6MYqhoq9xLXw"]},{"@type":"Person","@id":"https:\/\/informelitoral.com.ar\/#\/schema\/person\/b9d00407c836482871ef1d57bf8e3180","name":"Gonzalo Schmidt","image":{"@type":"ImageObject","inLanguage":"es","@id":"https:\/\/secure.gravatar.com\/avatar\/31a1a7b66ff2de83bd0e9fd79d026630d2d99e55e8bfe501287647b4fd9743de?s=96&d=mm&r=g","url":"https:\/\/secure.gravatar.com\/avatar\/31a1a7b66ff2de83bd0e9fd79d026630d2d99e55e8bfe501287647b4fd9743de?s=96&d=mm&r=g","contentUrl":"https:\/\/secure.gravatar.com\/avatar\/31a1a7b66ff2de83bd0e9fd79d026630d2d99e55e8bfe501287647b4fd9743de?s=96&d=mm&r=g","caption":"Gonzalo Schmidt"},"description":"Sitio web de noticias de la provincia de Entre R\u00edos, Argentina. Informaci\u00f3n y entretenimiento. Informe Litoral, nos informamos.","sameAs":["http:\/\/www.isletasnoticias.com.ar"],"url":"https:\/\/informelitoral.com.ar\/author\/gonzalo\/"}]}},"_links":{"self":[{"href":"https:\/\/informelitoral.com.ar\/%77%70%2d%6a%73%6f%6e\/wp\/v2\/posts\/66862","targetHints":{"allow":["GET"]}}],"collection":[{"href":"https:\/\/informelitoral.com.ar\/%77%70%2d%6a%73%6f%6e\/wp\/v2\/posts"}],"about":[{"href":"https:\/\/informelitoral.com.ar\/%77%70%2d%6a%73%6f%6e\/wp\/v2\/types\/post"}],"author":[{"embeddable":true,"href":"https:\/\/informelitoral.com.ar\/%77%70%2d%6a%73%6f%6e\/wp\/v2\/users\/2"}],"replies":[{"embeddable":true,"href":"https:\/\/informelitoral.com.ar\/%77%70%2d%6a%73%6f%6e\/wp\/v2\/comments?post=66862"}],"version-history":[{"count":0,"href":"https:\/\/informelitoral.com.ar\/%77%70%2d%6a%73%6f%6e\/wp\/v2\/posts\/66862\/revisions"}],"wp:featuredmedia":[{"embeddable":true,"href":"https:\/\/informelitoral.com.ar\/%77%70%2d%6a%73%6f%6e\/wp\/v2\/media\/66863"}],"wp:attachment":[{"href":"https:\/\/informelitoral.com.ar\/%77%70%2d%6a%73%6f%6e\/wp\/v2\/media?parent=66862"}],"wp:term":[{"taxonomy":"category","embeddable":true,"href":"https:\/\/informelitoral.com.ar\/%77%70%2d%6a%73%6f%6e\/wp\/v2\/categories?post=66862"},{"taxonomy":"post_tag","embeddable":true,"href":"https:\/\/informelitoral.com.ar\/%77%70%2d%6a%73%6f%6e\/wp\/v2\/tags?post=66862"}],"curies":[{"name":"wp","href":"https:\/\/api.w.org\/{rel}","templated":true}]}}