{"id":66620,"date":"2021-10-25T07:38:10","date_gmt":"2021-10-25T10:38:10","guid":{"rendered":"https:\/\/www.informelitoral.com.ar\/?p=66620"},"modified":"2021-10-25T07:39:51","modified_gmt":"2021-10-25T10:39:51","slug":"convocan-a-una-reunion-en-el-salon-comunal-de-isletas","status":"publish","type":"post","link":"https:\/\/informelitoral.com.ar\/convocan-a-una-reunion-en-el-salon-comunal-de-isletas\/","title":{"rendered":"Convocan a una reuni\u00f3n en el sal\u00f3n comunal de Isletas"},"content":{"rendered":"<p>Este <strong>lunes 25 de octubre<\/strong> se realizar\u00e1 una <a href=\"https:\/\/www.informelitoral.com.ar\/vuelven-las-reuniones-zonales-en-isletas-el-cronograma-de-los-encuentros\/\">nueva <strong>reuni\u00f3n zonal<\/strong><\/a><strong> en la localidad de Isletas.<\/strong> Ser\u00e1 <b>desde las 20.30 en el sal\u00f3n comunitario.<\/b><\/p>\n<p>Los encuentros funcionan como\u00a0<em><strong>\u201cun espacio de intercambio con nuestros vecinos, a quienes invitamos cordialmente a participar\u201d,<\/strong><\/em> expresaron desde la Junta de Gobierno.<\/p>\n<p>La de esta noche es la segunda reuni\u00f3n de este tipo, luego de la suspensi\u00f3n por la pandemia. La primera se realiz\u00f3 el viernes por la noche en la Escuela N\u00ba 32, Mariano Moreno y<strong> la tercera se llevar\u00e1 a cabo el jueves 28, en la Escuela N\u00ba 20, Hip\u00f3lito Vieytes.<\/strong> <em>(Informe Litoral)<\/em><\/p>\n","protected":false},"excerpt":{"rendered":"<p>Es el segundo encuentro, luego de que se retomaran las reuniones zonales suspendidas por la pandemia. Son un espacio donde los vecinos pueden plantear sus propuestas e inquietudes a la Junta de Gobierno. <\/p>\n","protected":false},"author":2,"featured_media":56224,"comment_status":"open","ping_status":"open","sticky":false,"template":"","format":"standard","meta":{"fifu_image_url":"","fifu_image_alt":"","footnotes":""},"categories":[4],"tags":[69,1526,642,2488],"class_list":{"0":"post-66620","1":"post","2":"type-post","3":"status-publish","4":"format-standard","5":"has-post-thumbnail","7":"category-locales","8":"tag-isletas","9":"tag-junta-de-gobierno-de-isletas","10":"tag-reunion","11":"tag-reuniones-zonales"},"yoast_head":"<title>Convocan a una reuni\u00f3n en el sal\u00f3n comunal de Isletas - Informe Litoral<\/title>\n<meta name=\"robots\" content=\"index, follow, max-snippet:-1, max-image-preview:large, max-video-preview:-1\" \/>\n<link rel=\"canonical\" href=\"https:\/\/informelitoral.com.ar\/convocan-a-una-reunion-en-el-salon-comunal-de-isletas\/\" \/>\n<meta property=\"og:locale\" content=\"es_ES\" \/>\n<meta property=\"og:type\" content=\"article\" \/>\n<meta property=\"og:title\" content=\"Convocan a una reuni\u00f3n en el sal\u00f3n comunal de Isletas - Informe Litoral\" \/>\n<meta property=\"og:description\" content=\"Es el segundo encuentro, luego de que se retomaran las reuniones zonales suspendidas por la pandemia. Son un espacio donde los vecinos pueden plantear sus propuestas e inquietudes a la Junta de Gobierno.\" \/>\n<meta property=\"og:url\" content=\"https:\/\/informelitoral.com.ar\/convocan-a-una-reunion-en-el-salon-comunal-de-isletas\/\" \/>\n<meta property=\"og:site_name\" content=\"Informe Litoral\" \/>\n<meta property=\"article:publisher\" content=\"https:\/\/www.facebook.com\/informelitoral\/\" \/>\n<meta property=\"article:published_time\" content=\"2021-10-25T10:38:10+00:00\" \/>\n<meta property=\"article:modified_time\" content=\"2021-10-25T10:39:51+00:00\" \/>\n<meta property=\"og:image\" content=\"https:\/\/informelitoral.com.ar\/%77%70%2d%63%6f%6e%74%65%6e%74\/uploads\/2021\/01\/salon-comunitario-isletas.jpg\" \/>\n\t<meta property=\"og:image:width\" content=\"1152\" \/>\n\t<meta property=\"og:image:height\" content=\"864\" \/>\n\t<meta property=\"og:image:type\" content=\"image\/jpeg\" \/>\n<meta name=\"author\" content=\"Gonzalo Schmidt\" \/>\n<meta name=\"twitter:card\" content=\"summary_large_image\" \/>\n<meta name=\"twitter:creator\" content=\"@InformeLitoral\" \/>\n<meta name=\"twitter:site\" content=\"@InformeLitoral\" \/>\n<meta name=\"twitter:label1\" content=\"Escrito por\" \/>\n\t<meta name=\"twitter:data1\" content=\"Gonzalo Schmidt\" \/>\n\t<meta name=\"twitter:label2\" content=\"Tiempo de lectura\" \/>\n\t<meta name=\"twitter:data2\" content=\"1 minuto\" \/>\n<script type=\"application\/ld+json\" class=\"yoast-schema-graph\">{\"@context\":\"https:\\\/\\\/schema.org\",\"@graph\":[{\"@type\":\"Article\",\"@id\":\"https:\\\/\\\/informelitoral.com.ar\\\/convocan-a-una-reunion-en-el-salon-comunal-de-isletas\\\/#article\",\"isPartOf\":{\"@id\":\"https:\\\/\\\/informelitoral.com.ar\\\/convocan-a-una-reunion-en-el-salon-comunal-de-isletas\\\/\"},\"author\":{\"name\":\"Gonzalo Schmidt\",\"@id\":\"https:\\\/\\\/informelitoral.com.ar\\\/#\\\/schema\\\/person\\\/b9d00407c836482871ef1d57bf8e3180\"},\"headline\":\"Convocan a una reuni\u00f3n en el sal\u00f3n comunal de Isletas\",\"datePublished\":\"2021-10-25T10:38:10+00:00\",\"dateModified\":\"2021-10-25T10:39:51+00:00\",\"mainEntityOfPage\":{\"@id\":\"https:\\\/\\\/informelitoral.com.ar\\\/convocan-a-una-reunion-en-el-salon-comunal-de-isletas\\\/\"},\"wordCount\":112,\"commentCount\":0,\"publisher\":{\"@id\":\"https:\\\/\\\/informelitoral.com.ar\\\/#organization\"},\"image\":{\"@id\":\"https:\\\/\\\/informelitoral.com.ar\\\/convocan-a-una-reunion-en-el-salon-comunal-de-isletas\\\/#primaryimage\"},\"thumbnailUrl\":\"https:\\\/\\\/informelitoral.com.ar\\\/%77%70%2d%63%6f%6e%74%65%6e%74\\\/uploads\\\/2021\\\/01\\\/salon-comunitario-isletas.jpg\",\"keywords\":[\"Isletas\",\"Junta de Gobierno de Isletas\",\"Reuni\u00f3n\",\"Reuniones zonales\"],\"articleSection\":[\"Isletas\"],\"inLanguage\":\"es\",\"potentialAction\":[{\"@type\":\"CommentAction\",\"name\":\"Comment\",\"target\":[\"https:\\\/\\\/informelitoral.com.ar\\\/convocan-a-una-reunion-en-el-salon-comunal-de-isletas\\\/#respond\"]}]},{\"@type\":\"WebPage\",\"@id\":\"https:\\\/\\\/informelitoral.com.ar\\\/convocan-a-una-reunion-en-el-salon-comunal-de-isletas\\\/\",\"url\":\"https:\\\/\\\/informelitoral.com.ar\\\/convocan-a-una-reunion-en-el-salon-comunal-de-isletas\\\/\",\"name\":\"Convocan a una reuni\u00f3n en el sal\u00f3n comunal de Isletas - Informe Litoral\",\"isPartOf\":{\"@id\":\"https:\\\/\\\/informelitoral.com.ar\\\/#website\"},\"primaryImageOfPage\":{\"@id\":\"https:\\\/\\\/informelitoral.com.ar\\\/convocan-a-una-reunion-en-el-salon-comunal-de-isletas\\\/#primaryimage\"},\"image\":{\"@id\":\"https:\\\/\\\/informelitoral.com.ar\\\/convocan-a-una-reunion-en-el-salon-comunal-de-isletas\\\/#primaryimage\"},\"thumbnailUrl\":\"https:\\\/\\\/informelitoral.com.ar\\\/%77%70%2d%63%6f%6e%74%65%6e%74\\\/uploads\\\/2021\\\/01\\\/salon-comunitario-isletas.jpg\",\"datePublished\":\"2021-10-25T10:38:10+00:00\",\"dateModified\":\"2021-10-25T10:39:51+00:00\",\"breadcrumb\":{\"@id\":\"https:\\\/\\\/informelitoral.com.ar\\\/convocan-a-una-reunion-en-el-salon-comunal-de-isletas\\\/#breadcrumb\"},\"inLanguage\":\"es\",\"potentialAction\":[{\"@type\":\"ReadAction\",\"target\":[\"https:\\\/\\\/informelitoral.com.ar\\\/convocan-a-una-reunion-en-el-salon-comunal-de-isletas\\\/\"]}]},{\"@type\":\"ImageObject\",\"inLanguage\":\"es\",\"@id\":\"https:\\\/\\\/informelitoral.com.ar\\\/convocan-a-una-reunion-en-el-salon-comunal-de-isletas\\\/#primaryimage\",\"url\":\"https:\\\/\\\/informelitoral.com.ar\\\/%77%70%2d%63%6f%6e%74%65%6e%74\\\/uploads\\\/2021\\\/01\\\/salon-comunitario-isletas.jpg\",\"contentUrl\":\"https:\\\/\\\/informelitoral.com.ar\\\/%77%70%2d%63%6f%6e%74%65%6e%74\\\/uploads\\\/2021\\\/01\\\/salon-comunitario-isletas.jpg\",\"width\":1152,\"height\":864},{\"@type\":\"BreadcrumbList\",\"@id\":\"https:\\\/\\\/informelitoral.com.ar\\\/convocan-a-una-reunion-en-el-salon-comunal-de-isletas\\\/#breadcrumb\",\"itemListElement\":[{\"@type\":\"ListItem\",\"position\":1,\"name\":\"Portada\",\"item\":\"https:\\\/\\\/informelitoral.com.ar\\\/\"},{\"@type\":\"ListItem\",\"position\":2,\"name\":\"Convocan a una reuni\u00f3n en el sal\u00f3n comunal de Isletas\"}]},{\"@type\":\"WebSite\",\"@id\":\"https:\\\/\\\/informelitoral.com.ar\\\/#website\",\"url\":\"https:\\\/\\\/informelitoral.com.ar\\\/\",\"name\":\"Informe Litoral\",\"description\":\"&quot;Nos informamos&quot; \",\"publisher\":{\"@id\":\"https:\\\/\\\/informelitoral.com.ar\\\/#organization\"},\"potentialAction\":[{\"@type\":\"SearchAction\",\"target\":{\"@type\":\"EntryPoint\",\"urlTemplate\":\"https:\\\/\\\/informelitoral.com.ar\\\/?s={search_term_string}\"},\"query-input\":{\"@type\":\"PropertyValueSpecification\",\"valueRequired\":true,\"valueName\":\"search_term_string\"}}],\"inLanguage\":\"es\"},{\"@type\":\"Organization\",\"@id\":\"https:\\\/\\\/informelitoral.com.ar\\\/#organization\",\"name\":\"Informe Litoral\",\"url\":\"https:\\\/\\\/informelitoral.com.ar\\\/\",\"logo\":{\"@type\":\"ImageObject\",\"inLanguage\":\"es\",\"@id\":\"https:\\\/\\\/informelitoral.com.ar\\\/#\\\/schema\\\/logo\\\/image\\\/\",\"url\":\"https:\\\/\\\/informelitoral.com.ar\\\/%77%70%2d%63%6f%6e%74%65%6e%74\\\/uploads\\\/2021\\\/01\\\/circulo.png\",\"contentUrl\":\"https:\\\/\\\/informelitoral.com.ar\\\/%77%70%2d%63%6f%6e%74%65%6e%74\\\/uploads\\\/2021\\\/01\\\/circulo.png\",\"width\":723,\"height\":731,\"caption\":\"Informe Litoral\"},\"image\":{\"@id\":\"https:\\\/\\\/informelitoral.com.ar\\\/#\\\/schema\\\/logo\\\/image\\\/\"},\"sameAs\":[\"https:\\\/\\\/www.facebook.com\\\/informelitoral\\\/\",\"https:\\\/\\\/x.com\\\/InformeLitoral\",\"https:\\\/\\\/www.instagram.com\\\/informelitoral\\\/\",\"https:\\\/\\\/www.youtube.com\\\/channel\\\/UCua4Qvz8Icb6MYqhoq9xLXw\"]},{\"@type\":\"Person\",\"@id\":\"https:\\\/\\\/informelitoral.com.ar\\\/#\\\/schema\\\/person\\\/b9d00407c836482871ef1d57bf8e3180\",\"name\":\"Gonzalo Schmidt\",\"image\":{\"@type\":\"ImageObject\",\"inLanguage\":\"es\",\"@id\":\"https:\\\/\\\/secure.gravatar.com\\\/avatar\\\/31a1a7b66ff2de83bd0e9fd79d026630d2d99e55e8bfe501287647b4fd9743de?s=96&d=mm&r=g\",\"url\":\"https:\\\/\\\/secure.gravatar.com\\\/avatar\\\/31a1a7b66ff2de83bd0e9fd79d026630d2d99e55e8bfe501287647b4fd9743de?s=96&d=mm&r=g\",\"contentUrl\":\"https:\\\/\\\/secure.gravatar.com\\\/avatar\\\/31a1a7b66ff2de83bd0e9fd79d026630d2d99e55e8bfe501287647b4fd9743de?s=96&d=mm&r=g\",\"caption\":\"Gonzalo Schmidt\"},\"description\":\"Sitio web de noticias de la provincia de Entre R\u00edos, Argentina. Informaci\u00f3n y entretenimiento. Informe Litoral, nos informamos.\",\"sameAs\":[\"http:\\\/\\\/www.isletasnoticias.com.ar\"],\"url\":\"https:\\\/\\\/informelitoral.com.ar\\\/author\\\/gonzalo\\\/\"}]}<\/script>","yoast_head_json":{"title":"Convocan a una reuni\u00f3n en el sal\u00f3n comunal de Isletas - Informe Litoral","robots":{"index":"index","follow":"follow","max-snippet":"max-snippet:-1","max-image-preview":"max-image-preview:large","max-video-preview":"max-video-preview:-1"},"canonical":"https:\/\/informelitoral.com.ar\/convocan-a-una-reunion-en-el-salon-comunal-de-isletas\/","og_locale":"es_ES","og_type":"article","og_title":"Convocan a una reuni\u00f3n en el sal\u00f3n comunal de Isletas - Informe Litoral","og_description":"Es el segundo encuentro, luego de que se retomaran las reuniones zonales suspendidas por la pandemia. Son un espacio donde los vecinos pueden plantear sus propuestas e inquietudes a la Junta de Gobierno.","og_url":"https:\/\/informelitoral.com.ar\/convocan-a-una-reunion-en-el-salon-comunal-de-isletas\/","og_site_name":"Informe Litoral","article_publisher":"https:\/\/www.facebook.com\/informelitoral\/","article_published_time":"2021-10-25T10:38:10+00:00","article_modified_time":"2021-10-25T10:39:51+00:00","og_image":[{"width":1152,"height":864,"url":"https:\/\/informelitoral.com.ar\/%77%70%2d%63%6f%6e%74%65%6e%74\/uploads\/2021\/01\/salon-comunitario-isletas.jpg","type":"image\/jpeg"}],"author":"Gonzalo Schmidt","twitter_card":"summary_large_image","twitter_creator":"@InformeLitoral","twitter_site":"@InformeLitoral","twitter_misc":{"Escrito por":"Gonzalo Schmidt","Tiempo de lectura":"1 minuto"},"schema":{"@context":"https:\/\/schema.org","@graph":[{"@type":"Article","@id":"https:\/\/informelitoral.com.ar\/convocan-a-una-reunion-en-el-salon-comunal-de-isletas\/#article","isPartOf":{"@id":"https:\/\/informelitoral.com.ar\/convocan-a-una-reunion-en-el-salon-comunal-de-isletas\/"},"author":{"name":"Gonzalo Schmidt","@id":"https:\/\/informelitoral.com.ar\/#\/schema\/person\/b9d00407c836482871ef1d57bf8e3180"},"headline":"Convocan a una reuni\u00f3n en el sal\u00f3n comunal de Isletas","datePublished":"2021-10-25T10:38:10+00:00","dateModified":"2021-10-25T10:39:51+00:00","mainEntityOfPage":{"@id":"https:\/\/informelitoral.com.ar\/convocan-a-una-reunion-en-el-salon-comunal-de-isletas\/"},"wordCount":112,"commentCount":0,"publisher":{"@id":"https:\/\/informelitoral.com.ar\/#organization"},"image":{"@id":"https:\/\/informelitoral.com.ar\/convocan-a-una-reunion-en-el-salon-comunal-de-isletas\/#primaryimage"},"thumbnailUrl":"https:\/\/informelitoral.com.ar\/%77%70%2d%63%6f%6e%74%65%6e%74\/uploads\/2021\/01\/salon-comunitario-isletas.jpg","keywords":["Isletas","Junta de Gobierno de Isletas","Reuni\u00f3n","Reuniones zonales"],"articleSection":["Isletas"],"inLanguage":"es","potentialAction":[{"@type":"CommentAction","name":"Comment","target":["https:\/\/informelitoral.com.ar\/convocan-a-una-reunion-en-el-salon-comunal-de-isletas\/#respond"]}]},{"@type":"WebPage","@id":"https:\/\/informelitoral.com.ar\/convocan-a-una-reunion-en-el-salon-comunal-de-isletas\/","url":"https:\/\/informelitoral.com.ar\/convocan-a-una-reunion-en-el-salon-comunal-de-isletas\/","name":"Convocan a una reuni\u00f3n en el sal\u00f3n comunal de Isletas - Informe Litoral","isPartOf":{"@id":"https:\/\/informelitoral.com.ar\/#website"},"primaryImageOfPage":{"@id":"https:\/\/informelitoral.com.ar\/convocan-a-una-reunion-en-el-salon-comunal-de-isletas\/#primaryimage"},"image":{"@id":"https:\/\/informelitoral.com.ar\/convocan-a-una-reunion-en-el-salon-comunal-de-isletas\/#primaryimage"},"thumbnailUrl":"https:\/\/informelitoral.com.ar\/%77%70%2d%63%6f%6e%74%65%6e%74\/uploads\/2021\/01\/salon-comunitario-isletas.jpg","datePublished":"2021-10-25T10:38:10+00:00","dateModified":"2021-10-25T10:39:51+00:00","breadcrumb":{"@id":"https:\/\/informelitoral.com.ar\/convocan-a-una-reunion-en-el-salon-comunal-de-isletas\/#breadcrumb"},"inLanguage":"es","potentialAction":[{"@type":"ReadAction","target":["https:\/\/informelitoral.com.ar\/convocan-a-una-reunion-en-el-salon-comunal-de-isletas\/"]}]},{"@type":"ImageObject","inLanguage":"es","@id":"https:\/\/informelitoral.com.ar\/convocan-a-una-reunion-en-el-salon-comunal-de-isletas\/#primaryimage","url":"https:\/\/informelitoral.com.ar\/%77%70%2d%63%6f%6e%74%65%6e%74\/uploads\/2021\/01\/salon-comunitario-isletas.jpg","contentUrl":"https:\/\/informelitoral.com.ar\/%77%70%2d%63%6f%6e%74%65%6e%74\/uploads\/2021\/01\/salon-comunitario-isletas.jpg","width":1152,"height":864},{"@type":"BreadcrumbList","@id":"https:\/\/informelitoral.com.ar\/convocan-a-una-reunion-en-el-salon-comunal-de-isletas\/#breadcrumb","itemListElement":[{"@type":"ListItem","position":1,"name":"Portada","item":"https:\/\/informelitoral.com.ar\/"},{"@type":"ListItem","position":2,"name":"Convocan a una reuni\u00f3n en el sal\u00f3n comunal de Isletas"}]},{"@type":"WebSite","@id":"https:\/\/informelitoral.com.ar\/#website","url":"https:\/\/informelitoral.com.ar\/","name":"Informe Litoral","description":"&quot;Nos informamos&quot; ","publisher":{"@id":"https:\/\/informelitoral.com.ar\/#organization"},"potentialAction":[{"@type":"SearchAction","target":{"@type":"EntryPoint","urlTemplate":"https:\/\/informelitoral.com.ar\/?s={search_term_string}"},"query-input":{"@type":"PropertyValueSpecification","valueRequired":true,"valueName":"search_term_string"}}],"inLanguage":"es"},{"@type":"Organization","@id":"https:\/\/informelitoral.com.ar\/#organization","name":"Informe Litoral","url":"https:\/\/informelitoral.com.ar\/","logo":{"@type":"ImageObject","inLanguage":"es","@id":"https:\/\/informelitoral.com.ar\/#\/schema\/logo\/image\/","url":"https:\/\/informelitoral.com.ar\/%77%70%2d%63%6f%6e%74%65%6e%74\/uploads\/2021\/01\/circulo.png","contentUrl":"https:\/\/informelitoral.com.ar\/%77%70%2d%63%6f%6e%74%65%6e%74\/uploads\/2021\/01\/circulo.png","width":723,"height":731,"caption":"Informe Litoral"},"image":{"@id":"https:\/\/informelitoral.com.ar\/#\/schema\/logo\/image\/"},"sameAs":["https:\/\/www.facebook.com\/informelitoral\/","https:\/\/x.com\/InformeLitoral","https:\/\/www.instagram.com\/informelitoral\/","https:\/\/www.youtube.com\/channel\/UCua4Qvz8Icb6MYqhoq9xLXw"]},{"@type":"Person","@id":"https:\/\/informelitoral.com.ar\/#\/schema\/person\/b9d00407c836482871ef1d57bf8e3180","name":"Gonzalo Schmidt","image":{"@type":"ImageObject","inLanguage":"es","@id":"https:\/\/secure.gravatar.com\/avatar\/31a1a7b66ff2de83bd0e9fd79d026630d2d99e55e8bfe501287647b4fd9743de?s=96&d=mm&r=g","url":"https:\/\/secure.gravatar.com\/avatar\/31a1a7b66ff2de83bd0e9fd79d026630d2d99e55e8bfe501287647b4fd9743de?s=96&d=mm&r=g","contentUrl":"https:\/\/secure.gravatar.com\/avatar\/31a1a7b66ff2de83bd0e9fd79d026630d2d99e55e8bfe501287647b4fd9743de?s=96&d=mm&r=g","caption":"Gonzalo Schmidt"},"description":"Sitio web de noticias de la provincia de Entre R\u00edos, Argentina. Informaci\u00f3n y entretenimiento. Informe Litoral, nos informamos.","sameAs":["http:\/\/www.isletasnoticias.com.ar"],"url":"https:\/\/informelitoral.com.ar\/author\/gonzalo\/"}]}},"_links":{"self":[{"href":"https:\/\/informelitoral.com.ar\/%77%70%2d%6a%73%6f%6e\/wp\/v2\/posts\/66620","targetHints":{"allow":["GET"]}}],"collection":[{"href":"https:\/\/informelitoral.com.ar\/%77%70%2d%6a%73%6f%6e\/wp\/v2\/posts"}],"about":[{"href":"https:\/\/informelitoral.com.ar\/%77%70%2d%6a%73%6f%6e\/wp\/v2\/types\/post"}],"author":[{"embeddable":true,"href":"https:\/\/informelitoral.com.ar\/%77%70%2d%6a%73%6f%6e\/wp\/v2\/users\/2"}],"replies":[{"embeddable":true,"href":"https:\/\/informelitoral.com.ar\/%77%70%2d%6a%73%6f%6e\/wp\/v2\/comments?post=66620"}],"version-history":[{"count":0,"href":"https:\/\/informelitoral.com.ar\/%77%70%2d%6a%73%6f%6e\/wp\/v2\/posts\/66620\/revisions"}],"wp:featuredmedia":[{"embeddable":true,"href":"https:\/\/informelitoral.com.ar\/%77%70%2d%6a%73%6f%6e\/wp\/v2\/media\/56224"}],"wp:attachment":[{"href":"https:\/\/informelitoral.com.ar\/%77%70%2d%6a%73%6f%6e\/wp\/v2\/media?parent=66620"}],"wp:term":[{"taxonomy":"category","embeddable":true,"href":"https:\/\/informelitoral.com.ar\/%77%70%2d%6a%73%6f%6e\/wp\/v2\/categories?post=66620"},{"taxonomy":"post_tag","embeddable":true,"href":"https:\/\/informelitoral.com.ar\/%77%70%2d%6a%73%6f%6e\/wp\/v2\/tags?post=66620"}],"curies":[{"name":"wp","href":"https:\/\/api.w.org\/{rel}","templated":true}]}}