{"id":66501,"date":"2021-10-21T13:52:30","date_gmt":"2021-10-21T16:52:30","guid":{"rendered":"https:\/\/www.informelitoral.com.ar\/?p=66501"},"modified":"2021-10-21T13:52:30","modified_gmt":"2021-10-21T16:52:30","slug":"monotributo-gratis-como-es-el-proyecto-y-a-quienes-esta-destinado","status":"publish","type":"post","link":"https:\/\/informelitoral.com.ar\/monotributo-gratis-como-es-el-proyecto-y-a-quienes-esta-destinado\/","title":{"rendered":"Monotributo gratis: c\u00f3mo es el proyecto y a qui\u00e9nes est\u00e1 destinado"},"content":{"rendered":"<p>El Gobierno present\u00f3 proyectos de ley que incluyen un paquete de medidas para formalizar a trabajadores de la econom\u00eda popular y extender\u00e1 un beneficio a los monotributistas de las categor\u00edas m\u00e1s bajas.<\/p>\n<p>Entre otros beneficios, la iniciativa contemplar\u00e1 la\u00a0quita del componente impositivo (\u00abimpuesto integrado\u00bb) a casi 2 millones de monotributistas de la categor\u00eda A, B y C.<\/p>\n<p>La medida forma parte del paquete de\u00a0alivio fiscal y formalizaci\u00f3n de los trabajadores de la econom\u00eda popular.\u00a0\u00a0El beneficio se extender\u00eda -de ser aprobado-\u00a0<b>a todos los monotributistas que facturan hasta $ 770.000 por a\u00f1o<\/b>\u00a0y no est\u00e1n en relaci\u00f3n de dependencia o en un r\u00e9gimen de jubilaci\u00f3n (art\u00edculo 22\u00b0).<\/p>\n<p>El proyecto de ley de \u00abPuente de inclusi\u00f3n al R\u00e9gimen Simplicado para peque\u00f1os contribuyentes\u00bb prev\u00e9 la\u00a0reforma del monotributo para facilitar la inclusi\u00f3n social, promover la formalizaci\u00f3n laboral para unos 4,5 millones de trabajadores en total, el acceso a jubilaci\u00f3n y cobertura de salud y la\u00a0<b>posibilidad de entrar en el circuito formal para ser sujetos de cr\u00e9dito.<\/b><\/p>\n<p>Durante los primeros 4 a\u00f1os desde la inscripci\u00f3n de los nuevos contribuyentes se contempla una\u00a0<b>reducci\u00f3n significativa de las obligaciones mensuales del monotributo<\/b>\u00a0(impositivo -que llega hasta el 100% en el caso de las tres categor\u00edas m\u00e1s bajas-, previsional y la obra social).<\/p>\n<p>El Estado se har\u00e1 cargo en forma permanente del pago del componente impositivo del monotributo a todas las personas registradas en las categor\u00edas A, B y C, que seg\u00fan las escalas vigentes a partir julio de 2021 pagaban\u00a0<b>desde $ 228,63 hasta $ 753,19 por mes<\/b>\u00a0en el caso de \u00ablocaciones o prestaciones de servicios\u00bb y hasta $ 696,01 por la \u00abventa de cosas muebles\u00bb.<\/p>\n<p>La iniciativa qued\u00f3 definida\u00a0tras una reuni\u00f3n que mantuvieron este mediod\u00eda en Casa Rosada el presidente\u00a0Alberto Fern\u00e1ndez; el jefe de Gabinete,\u00a0Juan Manzur; los ministros de Econom\u00eda,\u00a0Mart\u00edn Guzm\u00e1n; de Desarrollo Social,\u00a0Juan Zabaleta; de Salud,\u00a0Carla Vizzotti;\u00a0y de Trabajo,\u00a0Claudio Moroni, adem\u00e1s de la titular de la Administraci\u00f3n Federal de Ingresos P\u00fablicos (AFIP),\u00a0Mercedes Marc\u00f3 del Pont; y el titular del Instituto Nacional de Asociativismo y Econom\u00eda Social (INAES),\u00a0Alexander Roig.<\/p>\n","protected":false},"excerpt":{"rendered":"<p>La medida forma parte del paquete de alivio fiscal y formalizaci\u00f3n de los trabajadores de la econom\u00eda popular. En qu\u00e9 consiste.<\/p>\n","protected":false},"author":2,"featured_media":60285,"comment_status":"open","ping_status":"open","sticky":false,"template":"","format":"standard","meta":{"fifu_image_url":"","fifu_image_alt":"","footnotes":""},"categories":[7],"tags":[158,2462,605],"class_list":{"0":"post-66501","1":"post","2":"type-post","3":"status-publish","4":"format-standard","5":"has-post-thumbnail","7":"category-nacionales","8":"tag-afip","9":"tag-monotributistas","10":"tag-monotributo"},"yoast_head":"<title>Monotributo gratis: c\u00f3mo es el proyecto y a qui\u00e9nes est\u00e1 destinado - Informe Litoral<\/title>\n<meta name=\"robots\" content=\"index, follow, max-snippet:-1, max-image-preview:large, max-video-preview:-1\" \/>\n<link rel=\"canonical\" href=\"https:\/\/informelitoral.com.ar\/monotributo-gratis-como-es-el-proyecto-y-a-quienes-esta-destinado\/\" \/>\n<meta property=\"og:locale\" content=\"es_ES\" \/>\n<meta property=\"og:type\" content=\"article\" \/>\n<meta property=\"og:title\" content=\"Monotributo gratis: c\u00f3mo es el proyecto y a qui\u00e9nes est\u00e1 destinado - Informe Litoral\" \/>\n<meta property=\"og:description\" content=\"La medida forma parte del paquete de alivio fiscal y formalizaci\u00f3n de los trabajadores de la econom\u00eda popular. En qu\u00e9 consiste.\" \/>\n<meta property=\"og:url\" content=\"https:\/\/informelitoral.com.ar\/monotributo-gratis-como-es-el-proyecto-y-a-quienes-esta-destinado\/\" \/>\n<meta property=\"og:site_name\" content=\"Informe Litoral\" \/>\n<meta property=\"article:publisher\" content=\"https:\/\/www.facebook.com\/informelitoral\/\" \/>\n<meta property=\"article:published_time\" content=\"2021-10-21T16:52:30+00:00\" \/>\n<meta property=\"og:image\" content=\"https:\/\/informelitoral.com.ar\/%77%70%2d%63%6f%6e%74%65%6e%74\/uploads\/2021\/05\/monotributo.jpg\" \/>\n\t<meta property=\"og:image:width\" content=\"945\" \/>\n\t<meta property=\"og:image:height\" content=\"532\" \/>\n\t<meta property=\"og:image:type\" content=\"image\/jpeg\" \/>\n<meta name=\"author\" content=\"Gonzalo Schmidt\" \/>\n<meta name=\"twitter:card\" content=\"summary_large_image\" \/>\n<meta name=\"twitter:creator\" content=\"@InformeLitoral\" \/>\n<meta name=\"twitter:site\" content=\"@InformeLitoral\" \/>\n<meta name=\"twitter:label1\" content=\"Escrito por\" \/>\n\t<meta name=\"twitter:data1\" content=\"Gonzalo Schmidt\" \/>\n\t<meta name=\"twitter:label2\" content=\"Tiempo de lectura\" \/>\n\t<meta name=\"twitter:data2\" content=\"2 minutos\" \/>\n<script type=\"application\/ld+json\" class=\"yoast-schema-graph\">{\"@context\":\"https:\\\/\\\/schema.org\",\"@graph\":[{\"@type\":\"Article\",\"@id\":\"https:\\\/\\\/informelitoral.com.ar\\\/monotributo-gratis-como-es-el-proyecto-y-a-quienes-esta-destinado\\\/#article\",\"isPartOf\":{\"@id\":\"https:\\\/\\\/informelitoral.com.ar\\\/monotributo-gratis-como-es-el-proyecto-y-a-quienes-esta-destinado\\\/\"},\"author\":{\"name\":\"Gonzalo Schmidt\",\"@id\":\"https:\\\/\\\/informelitoral.com.ar\\\/#\\\/schema\\\/person\\\/b9d00407c836482871ef1d57bf8e3180\"},\"headline\":\"Monotributo gratis: c\u00f3mo es el proyecto y a qui\u00e9nes est\u00e1 destinado\",\"datePublished\":\"2021-10-21T16:52:30+00:00\",\"mainEntityOfPage\":{\"@id\":\"https:\\\/\\\/informelitoral.com.ar\\\/monotributo-gratis-como-es-el-proyecto-y-a-quienes-esta-destinado\\\/\"},\"wordCount\":385,\"commentCount\":0,\"publisher\":{\"@id\":\"https:\\\/\\\/informelitoral.com.ar\\\/#organization\"},\"image\":{\"@id\":\"https:\\\/\\\/informelitoral.com.ar\\\/monotributo-gratis-como-es-el-proyecto-y-a-quienes-esta-destinado\\\/#primaryimage\"},\"thumbnailUrl\":\"https:\\\/\\\/informelitoral.com.ar\\\/%77%70%2d%63%6f%6e%74%65%6e%74\\\/uploads\\\/2021\\\/05\\\/monotributo.jpg\",\"keywords\":[\"AFIP\",\"Monotributistas\",\"Monotributo\"],\"articleSection\":[\"Nacionales\"],\"inLanguage\":\"es\",\"potentialAction\":[{\"@type\":\"CommentAction\",\"name\":\"Comment\",\"target\":[\"https:\\\/\\\/informelitoral.com.ar\\\/monotributo-gratis-como-es-el-proyecto-y-a-quienes-esta-destinado\\\/#respond\"]}]},{\"@type\":\"WebPage\",\"@id\":\"https:\\\/\\\/informelitoral.com.ar\\\/monotributo-gratis-como-es-el-proyecto-y-a-quienes-esta-destinado\\\/\",\"url\":\"https:\\\/\\\/informelitoral.com.ar\\\/monotributo-gratis-como-es-el-proyecto-y-a-quienes-esta-destinado\\\/\",\"name\":\"Monotributo gratis: c\u00f3mo es el proyecto y a qui\u00e9nes est\u00e1 destinado - Informe Litoral\",\"isPartOf\":{\"@id\":\"https:\\\/\\\/informelitoral.com.ar\\\/#website\"},\"primaryImageOfPage\":{\"@id\":\"https:\\\/\\\/informelitoral.com.ar\\\/monotributo-gratis-como-es-el-proyecto-y-a-quienes-esta-destinado\\\/#primaryimage\"},\"image\":{\"@id\":\"https:\\\/\\\/informelitoral.com.ar\\\/monotributo-gratis-como-es-el-proyecto-y-a-quienes-esta-destinado\\\/#primaryimage\"},\"thumbnailUrl\":\"https:\\\/\\\/informelitoral.com.ar\\\/%77%70%2d%63%6f%6e%74%65%6e%74\\\/uploads\\\/2021\\\/05\\\/monotributo.jpg\",\"datePublished\":\"2021-10-21T16:52:30+00:00\",\"breadcrumb\":{\"@id\":\"https:\\\/\\\/informelitoral.com.ar\\\/monotributo-gratis-como-es-el-proyecto-y-a-quienes-esta-destinado\\\/#breadcrumb\"},\"inLanguage\":\"es\",\"potentialAction\":[{\"@type\":\"ReadAction\",\"target\":[\"https:\\\/\\\/informelitoral.com.ar\\\/monotributo-gratis-como-es-el-proyecto-y-a-quienes-esta-destinado\\\/\"]}]},{\"@type\":\"ImageObject\",\"inLanguage\":\"es\",\"@id\":\"https:\\\/\\\/informelitoral.com.ar\\\/monotributo-gratis-como-es-el-proyecto-y-a-quienes-esta-destinado\\\/#primaryimage\",\"url\":\"https:\\\/\\\/informelitoral.com.ar\\\/%77%70%2d%63%6f%6e%74%65%6e%74\\\/uploads\\\/2021\\\/05\\\/monotributo.jpg\",\"contentUrl\":\"https:\\\/\\\/informelitoral.com.ar\\\/%77%70%2d%63%6f%6e%74%65%6e%74\\\/uploads\\\/2021\\\/05\\\/monotributo.jpg\",\"width\":945,\"height\":532},{\"@type\":\"BreadcrumbList\",\"@id\":\"https:\\\/\\\/informelitoral.com.ar\\\/monotributo-gratis-como-es-el-proyecto-y-a-quienes-esta-destinado\\\/#breadcrumb\",\"itemListElement\":[{\"@type\":\"ListItem\",\"position\":1,\"name\":\"Portada\",\"item\":\"https:\\\/\\\/informelitoral.com.ar\\\/\"},{\"@type\":\"ListItem\",\"position\":2,\"name\":\"Monotributo gratis: c\u00f3mo es el proyecto y a qui\u00e9nes est\u00e1 destinado\"}]},{\"@type\":\"WebSite\",\"@id\":\"https:\\\/\\\/informelitoral.com.ar\\\/#website\",\"url\":\"https:\\\/\\\/informelitoral.com.ar\\\/\",\"name\":\"Informe Litoral\",\"description\":\"&quot;Nos informamos&quot; \",\"publisher\":{\"@id\":\"https:\\\/\\\/informelitoral.com.ar\\\/#organization\"},\"potentialAction\":[{\"@type\":\"SearchAction\",\"target\":{\"@type\":\"EntryPoint\",\"urlTemplate\":\"https:\\\/\\\/informelitoral.com.ar\\\/?s={search_term_string}\"},\"query-input\":{\"@type\":\"PropertyValueSpecification\",\"valueRequired\":true,\"valueName\":\"search_term_string\"}}],\"inLanguage\":\"es\"},{\"@type\":\"Organization\",\"@id\":\"https:\\\/\\\/informelitoral.com.ar\\\/#organization\",\"name\":\"Informe Litoral\",\"url\":\"https:\\\/\\\/informelitoral.com.ar\\\/\",\"logo\":{\"@type\":\"ImageObject\",\"inLanguage\":\"es\",\"@id\":\"https:\\\/\\\/informelitoral.com.ar\\\/#\\\/schema\\\/logo\\\/image\\\/\",\"url\":\"https:\\\/\\\/informelitoral.com.ar\\\/%77%70%2d%63%6f%6e%74%65%6e%74\\\/uploads\\\/2021\\\/01\\\/circulo.png\",\"contentUrl\":\"https:\\\/\\\/informelitoral.com.ar\\\/%77%70%2d%63%6f%6e%74%65%6e%74\\\/uploads\\\/2021\\\/01\\\/circulo.png\",\"width\":723,\"height\":731,\"caption\":\"Informe Litoral\"},\"image\":{\"@id\":\"https:\\\/\\\/informelitoral.com.ar\\\/#\\\/schema\\\/logo\\\/image\\\/\"},\"sameAs\":[\"https:\\\/\\\/www.facebook.com\\\/informelitoral\\\/\",\"https:\\\/\\\/x.com\\\/InformeLitoral\",\"https:\\\/\\\/www.instagram.com\\\/informelitoral\\\/\",\"https:\\\/\\\/www.youtube.com\\\/channel\\\/UCua4Qvz8Icb6MYqhoq9xLXw\"]},{\"@type\":\"Person\",\"@id\":\"https:\\\/\\\/informelitoral.com.ar\\\/#\\\/schema\\\/person\\\/b9d00407c836482871ef1d57bf8e3180\",\"name\":\"Gonzalo Schmidt\",\"image\":{\"@type\":\"ImageObject\",\"inLanguage\":\"es\",\"@id\":\"https:\\\/\\\/secure.gravatar.com\\\/avatar\\\/31a1a7b66ff2de83bd0e9fd79d026630d2d99e55e8bfe501287647b4fd9743de?s=96&d=mm&r=g\",\"url\":\"https:\\\/\\\/secure.gravatar.com\\\/avatar\\\/31a1a7b66ff2de83bd0e9fd79d026630d2d99e55e8bfe501287647b4fd9743de?s=96&d=mm&r=g\",\"contentUrl\":\"https:\\\/\\\/secure.gravatar.com\\\/avatar\\\/31a1a7b66ff2de83bd0e9fd79d026630d2d99e55e8bfe501287647b4fd9743de?s=96&d=mm&r=g\",\"caption\":\"Gonzalo Schmidt\"},\"description\":\"Sitio web de noticias de la provincia de Entre R\u00edos, Argentina. Informaci\u00f3n y entretenimiento. Informe Litoral, nos informamos.\",\"sameAs\":[\"http:\\\/\\\/www.isletasnoticias.com.ar\"],\"url\":\"https:\\\/\\\/informelitoral.com.ar\\\/author\\\/gonzalo\\\/\"}]}<\/script>","yoast_head_json":{"title":"Monotributo gratis: c\u00f3mo es el proyecto y a qui\u00e9nes est\u00e1 destinado - Informe Litoral","robots":{"index":"index","follow":"follow","max-snippet":"max-snippet:-1","max-image-preview":"max-image-preview:large","max-video-preview":"max-video-preview:-1"},"canonical":"https:\/\/informelitoral.com.ar\/monotributo-gratis-como-es-el-proyecto-y-a-quienes-esta-destinado\/","og_locale":"es_ES","og_type":"article","og_title":"Monotributo gratis: c\u00f3mo es el proyecto y a qui\u00e9nes est\u00e1 destinado - Informe Litoral","og_description":"La medida forma parte del paquete de alivio fiscal y formalizaci\u00f3n de los trabajadores de la econom\u00eda popular. En qu\u00e9 consiste.","og_url":"https:\/\/informelitoral.com.ar\/monotributo-gratis-como-es-el-proyecto-y-a-quienes-esta-destinado\/","og_site_name":"Informe Litoral","article_publisher":"https:\/\/www.facebook.com\/informelitoral\/","article_published_time":"2021-10-21T16:52:30+00:00","og_image":[{"width":945,"height":532,"url":"https:\/\/informelitoral.com.ar\/%77%70%2d%63%6f%6e%74%65%6e%74\/uploads\/2021\/05\/monotributo.jpg","type":"image\/jpeg"}],"author":"Gonzalo Schmidt","twitter_card":"summary_large_image","twitter_creator":"@InformeLitoral","twitter_site":"@InformeLitoral","twitter_misc":{"Escrito por":"Gonzalo Schmidt","Tiempo de lectura":"2 minutos"},"schema":{"@context":"https:\/\/schema.org","@graph":[{"@type":"Article","@id":"https:\/\/informelitoral.com.ar\/monotributo-gratis-como-es-el-proyecto-y-a-quienes-esta-destinado\/#article","isPartOf":{"@id":"https:\/\/informelitoral.com.ar\/monotributo-gratis-como-es-el-proyecto-y-a-quienes-esta-destinado\/"},"author":{"name":"Gonzalo Schmidt","@id":"https:\/\/informelitoral.com.ar\/#\/schema\/person\/b9d00407c836482871ef1d57bf8e3180"},"headline":"Monotributo gratis: c\u00f3mo es el proyecto y a qui\u00e9nes est\u00e1 destinado","datePublished":"2021-10-21T16:52:30+00:00","mainEntityOfPage":{"@id":"https:\/\/informelitoral.com.ar\/monotributo-gratis-como-es-el-proyecto-y-a-quienes-esta-destinado\/"},"wordCount":385,"commentCount":0,"publisher":{"@id":"https:\/\/informelitoral.com.ar\/#organization"},"image":{"@id":"https:\/\/informelitoral.com.ar\/monotributo-gratis-como-es-el-proyecto-y-a-quienes-esta-destinado\/#primaryimage"},"thumbnailUrl":"https:\/\/informelitoral.com.ar\/%77%70%2d%63%6f%6e%74%65%6e%74\/uploads\/2021\/05\/monotributo.jpg","keywords":["AFIP","Monotributistas","Monotributo"],"articleSection":["Nacionales"],"inLanguage":"es","potentialAction":[{"@type":"CommentAction","name":"Comment","target":["https:\/\/informelitoral.com.ar\/monotributo-gratis-como-es-el-proyecto-y-a-quienes-esta-destinado\/#respond"]}]},{"@type":"WebPage","@id":"https:\/\/informelitoral.com.ar\/monotributo-gratis-como-es-el-proyecto-y-a-quienes-esta-destinado\/","url":"https:\/\/informelitoral.com.ar\/monotributo-gratis-como-es-el-proyecto-y-a-quienes-esta-destinado\/","name":"Monotributo gratis: c\u00f3mo es el proyecto y a qui\u00e9nes est\u00e1 destinado - Informe Litoral","isPartOf":{"@id":"https:\/\/informelitoral.com.ar\/#website"},"primaryImageOfPage":{"@id":"https:\/\/informelitoral.com.ar\/monotributo-gratis-como-es-el-proyecto-y-a-quienes-esta-destinado\/#primaryimage"},"image":{"@id":"https:\/\/informelitoral.com.ar\/monotributo-gratis-como-es-el-proyecto-y-a-quienes-esta-destinado\/#primaryimage"},"thumbnailUrl":"https:\/\/informelitoral.com.ar\/%77%70%2d%63%6f%6e%74%65%6e%74\/uploads\/2021\/05\/monotributo.jpg","datePublished":"2021-10-21T16:52:30+00:00","breadcrumb":{"@id":"https:\/\/informelitoral.com.ar\/monotributo-gratis-como-es-el-proyecto-y-a-quienes-esta-destinado\/#breadcrumb"},"inLanguage":"es","potentialAction":[{"@type":"ReadAction","target":["https:\/\/informelitoral.com.ar\/monotributo-gratis-como-es-el-proyecto-y-a-quienes-esta-destinado\/"]}]},{"@type":"ImageObject","inLanguage":"es","@id":"https:\/\/informelitoral.com.ar\/monotributo-gratis-como-es-el-proyecto-y-a-quienes-esta-destinado\/#primaryimage","url":"https:\/\/informelitoral.com.ar\/%77%70%2d%63%6f%6e%74%65%6e%74\/uploads\/2021\/05\/monotributo.jpg","contentUrl":"https:\/\/informelitoral.com.ar\/%77%70%2d%63%6f%6e%74%65%6e%74\/uploads\/2021\/05\/monotributo.jpg","width":945,"height":532},{"@type":"BreadcrumbList","@id":"https:\/\/informelitoral.com.ar\/monotributo-gratis-como-es-el-proyecto-y-a-quienes-esta-destinado\/#breadcrumb","itemListElement":[{"@type":"ListItem","position":1,"name":"Portada","item":"https:\/\/informelitoral.com.ar\/"},{"@type":"ListItem","position":2,"name":"Monotributo gratis: c\u00f3mo es el proyecto y a qui\u00e9nes est\u00e1 destinado"}]},{"@type":"WebSite","@id":"https:\/\/informelitoral.com.ar\/#website","url":"https:\/\/informelitoral.com.ar\/","name":"Informe Litoral","description":"&quot;Nos informamos&quot; ","publisher":{"@id":"https:\/\/informelitoral.com.ar\/#organization"},"potentialAction":[{"@type":"SearchAction","target":{"@type":"EntryPoint","urlTemplate":"https:\/\/informelitoral.com.ar\/?s={search_term_string}"},"query-input":{"@type":"PropertyValueSpecification","valueRequired":true,"valueName":"search_term_string"}}],"inLanguage":"es"},{"@type":"Organization","@id":"https:\/\/informelitoral.com.ar\/#organization","name":"Informe Litoral","url":"https:\/\/informelitoral.com.ar\/","logo":{"@type":"ImageObject","inLanguage":"es","@id":"https:\/\/informelitoral.com.ar\/#\/schema\/logo\/image\/","url":"https:\/\/informelitoral.com.ar\/%77%70%2d%63%6f%6e%74%65%6e%74\/uploads\/2021\/01\/circulo.png","contentUrl":"https:\/\/informelitoral.com.ar\/%77%70%2d%63%6f%6e%74%65%6e%74\/uploads\/2021\/01\/circulo.png","width":723,"height":731,"caption":"Informe Litoral"},"image":{"@id":"https:\/\/informelitoral.com.ar\/#\/schema\/logo\/image\/"},"sameAs":["https:\/\/www.facebook.com\/informelitoral\/","https:\/\/x.com\/InformeLitoral","https:\/\/www.instagram.com\/informelitoral\/","https:\/\/www.youtube.com\/channel\/UCua4Qvz8Icb6MYqhoq9xLXw"]},{"@type":"Person","@id":"https:\/\/informelitoral.com.ar\/#\/schema\/person\/b9d00407c836482871ef1d57bf8e3180","name":"Gonzalo Schmidt","image":{"@type":"ImageObject","inLanguage":"es","@id":"https:\/\/secure.gravatar.com\/avatar\/31a1a7b66ff2de83bd0e9fd79d026630d2d99e55e8bfe501287647b4fd9743de?s=96&d=mm&r=g","url":"https:\/\/secure.gravatar.com\/avatar\/31a1a7b66ff2de83bd0e9fd79d026630d2d99e55e8bfe501287647b4fd9743de?s=96&d=mm&r=g","contentUrl":"https:\/\/secure.gravatar.com\/avatar\/31a1a7b66ff2de83bd0e9fd79d026630d2d99e55e8bfe501287647b4fd9743de?s=96&d=mm&r=g","caption":"Gonzalo Schmidt"},"description":"Sitio web de noticias de la provincia de Entre R\u00edos, Argentina. Informaci\u00f3n y entretenimiento. Informe Litoral, nos informamos.","sameAs":["http:\/\/www.isletasnoticias.com.ar"],"url":"https:\/\/informelitoral.com.ar\/author\/gonzalo\/"}]}},"_links":{"self":[{"href":"https:\/\/informelitoral.com.ar\/%77%70%2d%6a%73%6f%6e\/wp\/v2\/posts\/66501","targetHints":{"allow":["GET"]}}],"collection":[{"href":"https:\/\/informelitoral.com.ar\/%77%70%2d%6a%73%6f%6e\/wp\/v2\/posts"}],"about":[{"href":"https:\/\/informelitoral.com.ar\/%77%70%2d%6a%73%6f%6e\/wp\/v2\/types\/post"}],"author":[{"embeddable":true,"href":"https:\/\/informelitoral.com.ar\/%77%70%2d%6a%73%6f%6e\/wp\/v2\/users\/2"}],"replies":[{"embeddable":true,"href":"https:\/\/informelitoral.com.ar\/%77%70%2d%6a%73%6f%6e\/wp\/v2\/comments?post=66501"}],"version-history":[{"count":0,"href":"https:\/\/informelitoral.com.ar\/%77%70%2d%6a%73%6f%6e\/wp\/v2\/posts\/66501\/revisions"}],"wp:featuredmedia":[{"embeddable":true,"href":"https:\/\/informelitoral.com.ar\/%77%70%2d%6a%73%6f%6e\/wp\/v2\/media\/60285"}],"wp:attachment":[{"href":"https:\/\/informelitoral.com.ar\/%77%70%2d%6a%73%6f%6e\/wp\/v2\/media?parent=66501"}],"wp:term":[{"taxonomy":"category","embeddable":true,"href":"https:\/\/informelitoral.com.ar\/%77%70%2d%6a%73%6f%6e\/wp\/v2\/categories?post=66501"},{"taxonomy":"post_tag","embeddable":true,"href":"https:\/\/informelitoral.com.ar\/%77%70%2d%6a%73%6f%6e\/wp\/v2\/tags?post=66501"}],"curies":[{"name":"wp","href":"https:\/\/api.w.org\/{rel}","templated":true}]}}