{"id":6630,"date":"2014-04-21T13:25:15","date_gmt":"2014-04-21T16:25:15","guid":{"rendered":"http:\/\/www.isletasnoticias.com.ar\/?p=6630"},"modified":"2014-04-21T13:25:15","modified_gmt":"2014-04-21T16:25:15","slug":"por-primera-vez-condenaron-a-un-hombre-por-maltrato-animal-en-santa-fe","status":"publish","type":"post","link":"https:\/\/informelitoral.com.ar\/por-primera-vez-condenaron-a-un-hombre-por-maltrato-animal-en-santa-fe\/","title":{"rendered":"Por primera vez, condenaron a un hombre por maltrato animal en Santa Fe"},"content":{"rendered":"<p style=\"text-align: left;\"><strong>El hombre arrastr\u00f3 a un perro con su moto durante cuatro kil\u00f3metros. Ahora, deber\u00e1 pagar el tratamiento veterinario y realizar trabajos comunitarios en un canil durante un a\u00f1o.<a href=\"http:\/\/www.isletasnoticias.com.ar\/%77%70%2d%63%6f%6e%74%65%6e%74\/uploads\/2014\/04\/0003983561.jpg\"><img loading=\"lazy\" decoding=\"async\" class=\"aligncenter  wp-image-6631\" alt=\"0003983561\" src=\"http:\/\/www.isletasnoticias.com.ar\/%77%70%2d%63%6f%6e%74%65%6e%74\/uploads\/2014\/04\/0003983561-300x225.jpg\" width=\"500\" height=\"300\" \/><\/a><\/strong><\/p>\n<div>\n<p>La condena fue decidida en una audiencia p\u00fablica que se hizo en el Centro de Justicia Penal de Rufino, donde se aplic\u00f3 el \u201cCriterio de la Oportunidad\u201d a Roberto Bravo, responsable del hecho, reportaron medios de esa ciudad.<\/p>\n<p>La perra de raza labrador, propiedad de una vecina de Bravo, fue arrastrada por la moto desde el Barrio Jard\u00edn de Rufino hasta la Ruta 33, lo que le provoc\u00f3 lesiones que llegaron hasta el hueso y el raspado total de las almohadillas de las patas.<\/p>\n<p>El animal, de nombre Lila, fue asistido por profesionales de la Protectora de Animales de Rufino, lo que permiti\u00f3 su recuperaci\u00f3n.<\/p>\n<p>Bravo, en tanto, deber\u00e1 pagar el costo total del tratamiento veterinario recibido por la perra y durante un a\u00f1o est\u00e1 obligado a realizar trabajos comunitarios en el Canil Municipal, donde tendr\u00e1 que reparar caniles, alambrados y limpiar, entre otras tareas. Como parte de la condena, Bravo tambi\u00e9n deber\u00e1 entregar una bolsa de alimento a la propietaria del animal.<\/p>\n<p>El maltrato animal est\u00e1 penalizado en Argentina por la ley 14.346, sancionada el 27 de septiembre de 1954 y promulgada el 27 de octubre de ese a\u00f1o, y castiga con prisi\u00f3n de 15 d\u00edas a un a\u00f1o a quien \u201cinfligiere malos tratos o hiciere v\u00edctima de actos de crueldad a los animales\u201d.<\/p>\n<\/div>\n","protected":false},"excerpt":{"rendered":"<p>El hombre arrastr&oacute; a un perro con su moto durante cuatro kil&oacute;metros. Ahora, deber&aacute; pagar el tratamiento veterinario y realizar trabajos comunitarios en un canil durante un a&ntilde;o. La condena fue decidida en una audiencia p&uacute;blica que se hizo en el Centro de Justicia Penal de Rufino, donde se aplic&oacute; el &ldquo;Criterio de la Oportunidad&rdquo; [&hellip;]<\/p>\n","protected":false},"author":2,"featured_media":0,"comment_status":"open","ping_status":"open","sticky":false,"template":"","format":"standard","meta":{"fifu_image_url":"","fifu_image_alt":"","footnotes":""},"categories":[7],"tags":[],"class_list":{"0":"post-6630","1":"post","2":"type-post","3":"status-publish","4":"format-standard","6":"category-nacionales"},"yoast_head":"<title>Por primera vez, condenaron a un hombre por maltrato animal en Santa Fe - Informe Litoral<\/title>\n<meta name=\"robots\" content=\"index, follow, max-snippet:-1, max-image-preview:large, max-video-preview:-1\" \/>\n<link rel=\"canonical\" href=\"https:\/\/informelitoral.com.ar\/por-primera-vez-condenaron-a-un-hombre-por-maltrato-animal-en-santa-fe\/\" \/>\n<meta property=\"og:locale\" content=\"es_ES\" \/>\n<meta property=\"og:type\" content=\"article\" \/>\n<meta property=\"og:title\" content=\"Por primera vez, condenaron a un hombre por maltrato animal en Santa Fe - Informe Litoral\" \/>\n<meta property=\"og:description\" content=\"El hombre arrastr&oacute; a un perro con su moto durante cuatro kil&oacute;metros. Ahora, deber&aacute; pagar el tratamiento veterinario y realizar trabajos comunitarios en un canil durante un a&ntilde;o. La condena fue decidida en una audiencia p&uacute;blica que se hizo en el Centro de Justicia Penal de Rufino, donde se aplic&oacute; el &ldquo;Criterio de la Oportunidad&rdquo; [&hellip;]\" \/>\n<meta property=\"og:url\" content=\"https:\/\/informelitoral.com.ar\/por-primera-vez-condenaron-a-un-hombre-por-maltrato-animal-en-santa-fe\/\" \/>\n<meta property=\"og:site_name\" content=\"Informe Litoral\" \/>\n<meta property=\"article:publisher\" content=\"https:\/\/www.facebook.com\/informelitoral\/\" \/>\n<meta property=\"article:published_time\" content=\"2014-04-21T16:25:15+00:00\" \/>\n<meta property=\"og:image\" content=\"https:\/\/informelitoral.com.ar\/%77%70%2d%63%6f%6e%74%65%6e%74\/uploads\/2014\/04\/0003983561.jpg\" \/>\n\t<meta property=\"og:image:width\" content=\"744\" \/>\n\t<meta property=\"og:image:height\" content=\"558\" \/>\n\t<meta property=\"og:image:type\" content=\"image\/jpeg\" \/>\n<meta name=\"author\" content=\"Gonzalo Schmidt\" \/>\n<meta name=\"twitter:card\" content=\"summary_large_image\" \/>\n<meta name=\"twitter:creator\" content=\"@InformeLitoral\" \/>\n<meta name=\"twitter:site\" content=\"@InformeLitoral\" \/>\n<meta name=\"twitter:label1\" content=\"Escrito por\" \/>\n\t<meta name=\"twitter:data1\" content=\"Gonzalo Schmidt\" \/>\n\t<meta name=\"twitter:label2\" content=\"Tiempo de lectura\" \/>\n\t<meta name=\"twitter:data2\" content=\"1 minuto\" \/>\n<script type=\"application\/ld+json\" class=\"yoast-schema-graph\">{\"@context\":\"https:\\\/\\\/schema.org\",\"@graph\":[{\"@type\":\"Article\",\"@id\":\"https:\\\/\\\/informelitoral.com.ar\\\/por-primera-vez-condenaron-a-un-hombre-por-maltrato-animal-en-santa-fe\\\/#article\",\"isPartOf\":{\"@id\":\"https:\\\/\\\/informelitoral.com.ar\\\/por-primera-vez-condenaron-a-un-hombre-por-maltrato-animal-en-santa-fe\\\/\"},\"author\":{\"name\":\"Gonzalo Schmidt\",\"@id\":\"https:\\\/\\\/informelitoral.com.ar\\\/#\\\/schema\\\/person\\\/b9d00407c836482871ef1d57bf8e3180\"},\"headline\":\"Por primera vez, condenaron a un hombre por maltrato animal en Santa Fe\",\"datePublished\":\"2014-04-21T16:25:15+00:00\",\"mainEntityOfPage\":{\"@id\":\"https:\\\/\\\/informelitoral.com.ar\\\/por-primera-vez-condenaron-a-un-hombre-por-maltrato-animal-en-santa-fe\\\/\"},\"wordCount\":262,\"commentCount\":0,\"publisher\":{\"@id\":\"https:\\\/\\\/informelitoral.com.ar\\\/#organization\"},\"image\":{\"@id\":\"https:\\\/\\\/informelitoral.com.ar\\\/por-primera-vez-condenaron-a-un-hombre-por-maltrato-animal-en-santa-fe\\\/#primaryimage\"},\"thumbnailUrl\":\"http:\\\/\\\/www.isletasnoticias.com.ar\\\/%77%70%2d%63%6f%6e%74%65%6e%74\\\/uploads\\\/2014\\\/04\\\/0003983561-300x225.jpg\",\"articleSection\":[\"Nacionales\"],\"inLanguage\":\"es\",\"potentialAction\":[{\"@type\":\"CommentAction\",\"name\":\"Comment\",\"target\":[\"https:\\\/\\\/informelitoral.com.ar\\\/por-primera-vez-condenaron-a-un-hombre-por-maltrato-animal-en-santa-fe\\\/#respond\"]}]},{\"@type\":\"WebPage\",\"@id\":\"https:\\\/\\\/informelitoral.com.ar\\\/por-primera-vez-condenaron-a-un-hombre-por-maltrato-animal-en-santa-fe\\\/\",\"url\":\"https:\\\/\\\/informelitoral.com.ar\\\/por-primera-vez-condenaron-a-un-hombre-por-maltrato-animal-en-santa-fe\\\/\",\"name\":\"Por primera vez, condenaron a un hombre por maltrato animal en Santa Fe - Informe Litoral\",\"isPartOf\":{\"@id\":\"https:\\\/\\\/informelitoral.com.ar\\\/#website\"},\"primaryImageOfPage\":{\"@id\":\"https:\\\/\\\/informelitoral.com.ar\\\/por-primera-vez-condenaron-a-un-hombre-por-maltrato-animal-en-santa-fe\\\/#primaryimage\"},\"image\":{\"@id\":\"https:\\\/\\\/informelitoral.com.ar\\\/por-primera-vez-condenaron-a-un-hombre-por-maltrato-animal-en-santa-fe\\\/#primaryimage\"},\"thumbnailUrl\":\"http:\\\/\\\/www.isletasnoticias.com.ar\\\/%77%70%2d%63%6f%6e%74%65%6e%74\\\/uploads\\\/2014\\\/04\\\/0003983561-300x225.jpg\",\"datePublished\":\"2014-04-21T16:25:15+00:00\",\"breadcrumb\":{\"@id\":\"https:\\\/\\\/informelitoral.com.ar\\\/por-primera-vez-condenaron-a-un-hombre-por-maltrato-animal-en-santa-fe\\\/#breadcrumb\"},\"inLanguage\":\"es\",\"potentialAction\":[{\"@type\":\"ReadAction\",\"target\":[\"https:\\\/\\\/informelitoral.com.ar\\\/por-primera-vez-condenaron-a-un-hombre-por-maltrato-animal-en-santa-fe\\\/\"]}]},{\"@type\":\"ImageObject\",\"inLanguage\":\"es\",\"@id\":\"https:\\\/\\\/informelitoral.com.ar\\\/por-primera-vez-condenaron-a-un-hombre-por-maltrato-animal-en-santa-fe\\\/#primaryimage\",\"url\":\"http:\\\/\\\/www.isletasnoticias.com.ar\\\/%77%70%2d%63%6f%6e%74%65%6e%74\\\/uploads\\\/2014\\\/04\\\/0003983561-300x225.jpg\",\"contentUrl\":\"http:\\\/\\\/www.isletasnoticias.com.ar\\\/%77%70%2d%63%6f%6e%74%65%6e%74\\\/uploads\\\/2014\\\/04\\\/0003983561-300x225.jpg\"},{\"@type\":\"BreadcrumbList\",\"@id\":\"https:\\\/\\\/informelitoral.com.ar\\\/por-primera-vez-condenaron-a-un-hombre-por-maltrato-animal-en-santa-fe\\\/#breadcrumb\",\"itemListElement\":[{\"@type\":\"ListItem\",\"position\":1,\"name\":\"Portada\",\"item\":\"https:\\\/\\\/informelitoral.com.ar\\\/\"},{\"@type\":\"ListItem\",\"position\":2,\"name\":\"Por primera vez, condenaron a un hombre por maltrato animal en Santa Fe\"}]},{\"@type\":\"WebSite\",\"@id\":\"https:\\\/\\\/informelitoral.com.ar\\\/#website\",\"url\":\"https:\\\/\\\/informelitoral.com.ar\\\/\",\"name\":\"Informe Litoral\",\"description\":\"&quot;Nos informamos&quot; \",\"publisher\":{\"@id\":\"https:\\\/\\\/informelitoral.com.ar\\\/#organization\"},\"potentialAction\":[{\"@type\":\"SearchAction\",\"target\":{\"@type\":\"EntryPoint\",\"urlTemplate\":\"https:\\\/\\\/informelitoral.com.ar\\\/?s={search_term_string}\"},\"query-input\":{\"@type\":\"PropertyValueSpecification\",\"valueRequired\":true,\"valueName\":\"search_term_string\"}}],\"inLanguage\":\"es\"},{\"@type\":\"Organization\",\"@id\":\"https:\\\/\\\/informelitoral.com.ar\\\/#organization\",\"name\":\"Informe Litoral\",\"url\":\"https:\\\/\\\/informelitoral.com.ar\\\/\",\"logo\":{\"@type\":\"ImageObject\",\"inLanguage\":\"es\",\"@id\":\"https:\\\/\\\/informelitoral.com.ar\\\/#\\\/schema\\\/logo\\\/image\\\/\",\"url\":\"https:\\\/\\\/informelitoral.com.ar\\\/%77%70%2d%63%6f%6e%74%65%6e%74\\\/uploads\\\/2021\\\/01\\\/circulo.png\",\"contentUrl\":\"https:\\\/\\\/informelitoral.com.ar\\\/%77%70%2d%63%6f%6e%74%65%6e%74\\\/uploads\\\/2021\\\/01\\\/circulo.png\",\"width\":723,\"height\":731,\"caption\":\"Informe Litoral\"},\"image\":{\"@id\":\"https:\\\/\\\/informelitoral.com.ar\\\/#\\\/schema\\\/logo\\\/image\\\/\"},\"sameAs\":[\"https:\\\/\\\/www.facebook.com\\\/informelitoral\\\/\",\"https:\\\/\\\/x.com\\\/InformeLitoral\",\"https:\\\/\\\/www.instagram.com\\\/informelitoral\\\/\",\"https:\\\/\\\/www.youtube.com\\\/channel\\\/UCua4Qvz8Icb6MYqhoq9xLXw\"]},{\"@type\":\"Person\",\"@id\":\"https:\\\/\\\/informelitoral.com.ar\\\/#\\\/schema\\\/person\\\/b9d00407c836482871ef1d57bf8e3180\",\"name\":\"Gonzalo Schmidt\",\"image\":{\"@type\":\"ImageObject\",\"inLanguage\":\"es\",\"@id\":\"https:\\\/\\\/secure.gravatar.com\\\/avatar\\\/31a1a7b66ff2de83bd0e9fd79d026630d2d99e55e8bfe501287647b4fd9743de?s=96&d=mm&r=g\",\"url\":\"https:\\\/\\\/secure.gravatar.com\\\/avatar\\\/31a1a7b66ff2de83bd0e9fd79d026630d2d99e55e8bfe501287647b4fd9743de?s=96&d=mm&r=g\",\"contentUrl\":\"https:\\\/\\\/secure.gravatar.com\\\/avatar\\\/31a1a7b66ff2de83bd0e9fd79d026630d2d99e55e8bfe501287647b4fd9743de?s=96&d=mm&r=g\",\"caption\":\"Gonzalo Schmidt\"},\"description\":\"Sitio web de noticias de la provincia de Entre R\u00edos, Argentina. Informaci\u00f3n y entretenimiento. Informe Litoral, nos informamos.\",\"sameAs\":[\"http:\\\/\\\/www.isletasnoticias.com.ar\"],\"url\":\"https:\\\/\\\/informelitoral.com.ar\\\/author\\\/gonzalo\\\/\"}]}<\/script>","yoast_head_json":{"title":"Por primera vez, condenaron a un hombre por maltrato animal en Santa Fe - Informe Litoral","robots":{"index":"index","follow":"follow","max-snippet":"max-snippet:-1","max-image-preview":"max-image-preview:large","max-video-preview":"max-video-preview:-1"},"canonical":"https:\/\/informelitoral.com.ar\/por-primera-vez-condenaron-a-un-hombre-por-maltrato-animal-en-santa-fe\/","og_locale":"es_ES","og_type":"article","og_title":"Por primera vez, condenaron a un hombre por maltrato animal en Santa Fe - Informe Litoral","og_description":"El hombre arrastr&oacute; a un perro con su moto durante cuatro kil&oacute;metros. Ahora, deber&aacute; pagar el tratamiento veterinario y realizar trabajos comunitarios en un canil durante un a&ntilde;o. La condena fue decidida en una audiencia p&uacute;blica que se hizo en el Centro de Justicia Penal de Rufino, donde se aplic&oacute; el &ldquo;Criterio de la Oportunidad&rdquo; [&hellip;]","og_url":"https:\/\/informelitoral.com.ar\/por-primera-vez-condenaron-a-un-hombre-por-maltrato-animal-en-santa-fe\/","og_site_name":"Informe Litoral","article_publisher":"https:\/\/www.facebook.com\/informelitoral\/","article_published_time":"2014-04-21T16:25:15+00:00","og_image":[{"width":744,"height":558,"url":"https:\/\/informelitoral.com.ar\/%77%70%2d%63%6f%6e%74%65%6e%74\/uploads\/2014\/04\/0003983561.jpg","type":"image\/jpeg"}],"author":"Gonzalo Schmidt","twitter_card":"summary_large_image","twitter_creator":"@InformeLitoral","twitter_site":"@InformeLitoral","twitter_misc":{"Escrito por":"Gonzalo Schmidt","Tiempo de lectura":"1 minuto"},"schema":{"@context":"https:\/\/schema.org","@graph":[{"@type":"Article","@id":"https:\/\/informelitoral.com.ar\/por-primera-vez-condenaron-a-un-hombre-por-maltrato-animal-en-santa-fe\/#article","isPartOf":{"@id":"https:\/\/informelitoral.com.ar\/por-primera-vez-condenaron-a-un-hombre-por-maltrato-animal-en-santa-fe\/"},"author":{"name":"Gonzalo Schmidt","@id":"https:\/\/informelitoral.com.ar\/#\/schema\/person\/b9d00407c836482871ef1d57bf8e3180"},"headline":"Por primera vez, condenaron a un hombre por maltrato animal en Santa Fe","datePublished":"2014-04-21T16:25:15+00:00","mainEntityOfPage":{"@id":"https:\/\/informelitoral.com.ar\/por-primera-vez-condenaron-a-un-hombre-por-maltrato-animal-en-santa-fe\/"},"wordCount":262,"commentCount":0,"publisher":{"@id":"https:\/\/informelitoral.com.ar\/#organization"},"image":{"@id":"https:\/\/informelitoral.com.ar\/por-primera-vez-condenaron-a-un-hombre-por-maltrato-animal-en-santa-fe\/#primaryimage"},"thumbnailUrl":"http:\/\/www.isletasnoticias.com.ar\/%77%70%2d%63%6f%6e%74%65%6e%74\/uploads\/2014\/04\/0003983561-300x225.jpg","articleSection":["Nacionales"],"inLanguage":"es","potentialAction":[{"@type":"CommentAction","name":"Comment","target":["https:\/\/informelitoral.com.ar\/por-primera-vez-condenaron-a-un-hombre-por-maltrato-animal-en-santa-fe\/#respond"]}]},{"@type":"WebPage","@id":"https:\/\/informelitoral.com.ar\/por-primera-vez-condenaron-a-un-hombre-por-maltrato-animal-en-santa-fe\/","url":"https:\/\/informelitoral.com.ar\/por-primera-vez-condenaron-a-un-hombre-por-maltrato-animal-en-santa-fe\/","name":"Por primera vez, condenaron a un hombre por maltrato animal en Santa Fe - Informe Litoral","isPartOf":{"@id":"https:\/\/informelitoral.com.ar\/#website"},"primaryImageOfPage":{"@id":"https:\/\/informelitoral.com.ar\/por-primera-vez-condenaron-a-un-hombre-por-maltrato-animal-en-santa-fe\/#primaryimage"},"image":{"@id":"https:\/\/informelitoral.com.ar\/por-primera-vez-condenaron-a-un-hombre-por-maltrato-animal-en-santa-fe\/#primaryimage"},"thumbnailUrl":"http:\/\/www.isletasnoticias.com.ar\/%77%70%2d%63%6f%6e%74%65%6e%74\/uploads\/2014\/04\/0003983561-300x225.jpg","datePublished":"2014-04-21T16:25:15+00:00","breadcrumb":{"@id":"https:\/\/informelitoral.com.ar\/por-primera-vez-condenaron-a-un-hombre-por-maltrato-animal-en-santa-fe\/#breadcrumb"},"inLanguage":"es","potentialAction":[{"@type":"ReadAction","target":["https:\/\/informelitoral.com.ar\/por-primera-vez-condenaron-a-un-hombre-por-maltrato-animal-en-santa-fe\/"]}]},{"@type":"ImageObject","inLanguage":"es","@id":"https:\/\/informelitoral.com.ar\/por-primera-vez-condenaron-a-un-hombre-por-maltrato-animal-en-santa-fe\/#primaryimage","url":"http:\/\/www.isletasnoticias.com.ar\/%77%70%2d%63%6f%6e%74%65%6e%74\/uploads\/2014\/04\/0003983561-300x225.jpg","contentUrl":"http:\/\/www.isletasnoticias.com.ar\/%77%70%2d%63%6f%6e%74%65%6e%74\/uploads\/2014\/04\/0003983561-300x225.jpg"},{"@type":"BreadcrumbList","@id":"https:\/\/informelitoral.com.ar\/por-primera-vez-condenaron-a-un-hombre-por-maltrato-animal-en-santa-fe\/#breadcrumb","itemListElement":[{"@type":"ListItem","position":1,"name":"Portada","item":"https:\/\/informelitoral.com.ar\/"},{"@type":"ListItem","position":2,"name":"Por primera vez, condenaron a un hombre por maltrato animal en Santa Fe"}]},{"@type":"WebSite","@id":"https:\/\/informelitoral.com.ar\/#website","url":"https:\/\/informelitoral.com.ar\/","name":"Informe Litoral","description":"&quot;Nos informamos&quot; ","publisher":{"@id":"https:\/\/informelitoral.com.ar\/#organization"},"potentialAction":[{"@type":"SearchAction","target":{"@type":"EntryPoint","urlTemplate":"https:\/\/informelitoral.com.ar\/?s={search_term_string}"},"query-input":{"@type":"PropertyValueSpecification","valueRequired":true,"valueName":"search_term_string"}}],"inLanguage":"es"},{"@type":"Organization","@id":"https:\/\/informelitoral.com.ar\/#organization","name":"Informe Litoral","url":"https:\/\/informelitoral.com.ar\/","logo":{"@type":"ImageObject","inLanguage":"es","@id":"https:\/\/informelitoral.com.ar\/#\/schema\/logo\/image\/","url":"https:\/\/informelitoral.com.ar\/%77%70%2d%63%6f%6e%74%65%6e%74\/uploads\/2021\/01\/circulo.png","contentUrl":"https:\/\/informelitoral.com.ar\/%77%70%2d%63%6f%6e%74%65%6e%74\/uploads\/2021\/01\/circulo.png","width":723,"height":731,"caption":"Informe Litoral"},"image":{"@id":"https:\/\/informelitoral.com.ar\/#\/schema\/logo\/image\/"},"sameAs":["https:\/\/www.facebook.com\/informelitoral\/","https:\/\/x.com\/InformeLitoral","https:\/\/www.instagram.com\/informelitoral\/","https:\/\/www.youtube.com\/channel\/UCua4Qvz8Icb6MYqhoq9xLXw"]},{"@type":"Person","@id":"https:\/\/informelitoral.com.ar\/#\/schema\/person\/b9d00407c836482871ef1d57bf8e3180","name":"Gonzalo Schmidt","image":{"@type":"ImageObject","inLanguage":"es","@id":"https:\/\/secure.gravatar.com\/avatar\/31a1a7b66ff2de83bd0e9fd79d026630d2d99e55e8bfe501287647b4fd9743de?s=96&d=mm&r=g","url":"https:\/\/secure.gravatar.com\/avatar\/31a1a7b66ff2de83bd0e9fd79d026630d2d99e55e8bfe501287647b4fd9743de?s=96&d=mm&r=g","contentUrl":"https:\/\/secure.gravatar.com\/avatar\/31a1a7b66ff2de83bd0e9fd79d026630d2d99e55e8bfe501287647b4fd9743de?s=96&d=mm&r=g","caption":"Gonzalo Schmidt"},"description":"Sitio web de noticias de la provincia de Entre R\u00edos, Argentina. Informaci\u00f3n y entretenimiento. Informe Litoral, nos informamos.","sameAs":["http:\/\/www.isletasnoticias.com.ar"],"url":"https:\/\/informelitoral.com.ar\/author\/gonzalo\/"}]}},"_links":{"self":[{"href":"https:\/\/informelitoral.com.ar\/%77%70%2d%6a%73%6f%6e\/wp\/v2\/posts\/6630","targetHints":{"allow":["GET"]}}],"collection":[{"href":"https:\/\/informelitoral.com.ar\/%77%70%2d%6a%73%6f%6e\/wp\/v2\/posts"}],"about":[{"href":"https:\/\/informelitoral.com.ar\/%77%70%2d%6a%73%6f%6e\/wp\/v2\/types\/post"}],"author":[{"embeddable":true,"href":"https:\/\/informelitoral.com.ar\/%77%70%2d%6a%73%6f%6e\/wp\/v2\/users\/2"}],"replies":[{"embeddable":true,"href":"https:\/\/informelitoral.com.ar\/%77%70%2d%6a%73%6f%6e\/wp\/v2\/comments?post=6630"}],"version-history":[{"count":0,"href":"https:\/\/informelitoral.com.ar\/%77%70%2d%6a%73%6f%6e\/wp\/v2\/posts\/6630\/revisions"}],"wp:attachment":[{"href":"https:\/\/informelitoral.com.ar\/%77%70%2d%6a%73%6f%6e\/wp\/v2\/media?parent=6630"}],"wp:term":[{"taxonomy":"category","embeddable":true,"href":"https:\/\/informelitoral.com.ar\/%77%70%2d%6a%73%6f%6e\/wp\/v2\/categories?post=6630"},{"taxonomy":"post_tag","embeddable":true,"href":"https:\/\/informelitoral.com.ar\/%77%70%2d%6a%73%6f%6e\/wp\/v2\/tags?post=6630"}],"curies":[{"name":"wp","href":"https:\/\/api.w.org\/{rel}","templated":true}]}}