{"id":6605,"date":"2014-04-20T19:07:23","date_gmt":"2014-04-20T22:07:23","guid":{"rendered":"http:\/\/www.isletasnoticias.com.ar\/?p=6605"},"modified":"2014-04-20T19:21:41","modified_gmt":"2014-04-20T22:21:41","slug":"marcelo-tinelli-presento-a-su-hijo-lorenzo","status":"publish","type":"post","link":"https:\/\/informelitoral.com.ar\/marcelo-tinelli-presento-a-su-hijo-lorenzo\/","title":{"rendered":"Marcelo Tinelli present\u00f3 a su hijo Lorenzo"},"content":{"rendered":"<p style=\"text-align: left;\"><strong>El conductor<em>\u00a0Marcelo Tinelli<\/em>\u00a0y la modelo<em>\u00a0Guillermina Valdes<\/em>\u00a0se convirtieron\u00a0en padres de\u00a0Lorenzo\u00a0el pasado viernes en la Cl\u00ednica Suizo Argentina. El parto fue por ces\u00e1rea y el ni\u00f1o pes\u00f3 2, 650 kilos y midi\u00f3 46 cent\u00edmetros de altura.<a href=\"http:\/\/www.isletasnoticias.com.ar\/%77%70%2d%63%6f%6e%74%65%6e%74\/uploads\/2014\/04\/BlrK6PUIUAA1MV2.jpg\"><img loading=\"lazy\" decoding=\"async\" class=\"aligncenter  wp-image-6606\" alt=\"BlrK6PUIUAA1MV2\" src=\"http:\/\/www.isletasnoticias.com.ar\/%77%70%2d%63%6f%6e%74%65%6e%74\/uploads\/2014\/04\/BlrK6PUIUAA1MV2-225x300.jpg\" width=\"500\" height=\"300\" \/><\/a><\/strong><\/p>\n<div>\n<p>\u00abEstoy feliz, es divino. Es uno de los d\u00edas m\u00e1s hermosos y maravillosos de mi vida. Te amo much\u00edsimo @guillevaldes\u00bb, expres\u00f3 el n\u00famero uno de Ideas del Sur en su cuenta de Twitter, seg\u00fan reprodujo<em> Teleshow.<\/em><\/p>\n<p>M\u00e1s tarde, su hija Candelaria comparti\u00f3 la primera foto del peque\u00f1o, en la que se la ve a ella sosteni\u00e9ndolo y bes\u00e1ndole la cabeza. Para no ser menos, en las \u00faltimas horas, el pap\u00e1 muy orgulloso tambi\u00e9n subi\u00f3 a las redes sociales im\u00e1genes de Lorenzo desde el centro de salud.<\/p>\n<p>\u00abEn absoluta paz. As\u00ed descansamos con Lorenzo en este domingo de Pascuas\u00bb,public\u00f3 Tinelli debajo de una nueva foto del nuevo integrante de la familia en sus brazos. Sin dudas la postal m\u00e1s tierna del popular presentador.<\/p>\n<p>\u00abGracias por todos los mensajes!!!! Demasiado bellos!!! Gs x acompa\u00f1arnos estos d\u00edas&#8230; Yo feliz con mi arianitolindo,domingo para todos\u00bb, fueron las palabras que us\u00f3, en tanto, Guillermina en su Twitter para describir este momento tan especial.<\/p>\n<\/div>\n","protected":false},"excerpt":{"rendered":"<p>El conductor&nbsp;Marcelo Tinelli&nbsp;y la modelo&nbsp;Guillermina Valdes&nbsp;se convirtieron&nbsp;en padres de&nbsp;Lorenzo&nbsp;el pasado viernes en la Cl&iacute;nica Suizo Argentina. El parto fue por ces&aacute;rea y el ni&ntilde;o pes&oacute; 2, 650 kilos y midi&oacute; 46 cent&iacute;metros de altura. &laquo;Estoy feliz, es divino. Es uno de los d&iacute;as m&aacute;s hermosos y maravillosos de mi vida. Te amo much&iacute;simo @guillevaldes&raquo;, expres&oacute; [&hellip;]<\/p>\n","protected":false},"author":2,"featured_media":0,"comment_status":"open","ping_status":"open","sticky":false,"template":"","format":"standard","meta":{"fifu_image_url":"","fifu_image_alt":"","footnotes":""},"categories":[12],"tags":[],"class_list":{"0":"post-6605","1":"post","2":"type-post","3":"status-publish","4":"format-standard","6":"category-espectaculos"},"yoast_head":"<title>Marcelo Tinelli present\u00f3 a su hijo Lorenzo - Informe Litoral<\/title>\n<meta name=\"robots\" content=\"index, follow, max-snippet:-1, max-image-preview:large, max-video-preview:-1\" \/>\n<link rel=\"canonical\" href=\"https:\/\/informelitoral.com.ar\/marcelo-tinelli-presento-a-su-hijo-lorenzo\/\" \/>\n<meta property=\"og:locale\" content=\"es_ES\" \/>\n<meta property=\"og:type\" content=\"article\" \/>\n<meta property=\"og:title\" content=\"Marcelo Tinelli present\u00f3 a su hijo Lorenzo - Informe Litoral\" \/>\n<meta property=\"og:description\" content=\"El conductor&nbsp;Marcelo Tinelli&nbsp;y la modelo&nbsp;Guillermina Valdes&nbsp;se convirtieron&nbsp;en padres de&nbsp;Lorenzo&nbsp;el pasado viernes en la Cl&iacute;nica Suizo Argentina. El parto fue por ces&aacute;rea y el ni&ntilde;o pes&oacute; 2, 650 kilos y midi&oacute; 46 cent&iacute;metros de altura. &laquo;Estoy feliz, es divino. Es uno de los d&iacute;as m&aacute;s hermosos y maravillosos de mi vida. Te amo much&iacute;simo @guillevaldes&raquo;, expres&oacute; [&hellip;]\" \/>\n<meta property=\"og:url\" content=\"https:\/\/informelitoral.com.ar\/marcelo-tinelli-presento-a-su-hijo-lorenzo\/\" \/>\n<meta property=\"og:site_name\" content=\"Informe Litoral\" \/>\n<meta property=\"article:publisher\" content=\"https:\/\/www.facebook.com\/informelitoral\/\" \/>\n<meta property=\"article:published_time\" content=\"2014-04-20T22:07:23+00:00\" \/>\n<meta property=\"article:modified_time\" content=\"2014-04-20T22:21:41+00:00\" \/>\n<meta property=\"og:image\" content=\"https:\/\/informelitoral.com.ar\/%77%70%2d%63%6f%6e%74%65%6e%74\/uploads\/2014\/04\/BlrK6PUIUAA1MV2.jpg\" \/>\n\t<meta property=\"og:image:width\" content=\"600\" \/>\n\t<meta property=\"og:image:height\" content=\"800\" \/>\n\t<meta property=\"og:image:type\" content=\"image\/jpeg\" \/>\n<meta name=\"author\" content=\"Gonzalo Schmidt\" \/>\n<meta name=\"twitter:card\" content=\"summary_large_image\" \/>\n<meta name=\"twitter:creator\" content=\"@InformeLitoral\" \/>\n<meta name=\"twitter:site\" content=\"@InformeLitoral\" \/>\n<meta name=\"twitter:label1\" content=\"Escrito por\" \/>\n\t<meta name=\"twitter:data1\" content=\"Gonzalo Schmidt\" \/>\n\t<meta name=\"twitter:label2\" content=\"Tiempo de lectura\" \/>\n\t<meta name=\"twitter:data2\" content=\"1 minuto\" \/>\n<script type=\"application\/ld+json\" class=\"yoast-schema-graph\">{\"@context\":\"https:\\\/\\\/schema.org\",\"@graph\":[{\"@type\":\"Article\",\"@id\":\"https:\\\/\\\/informelitoral.com.ar\\\/marcelo-tinelli-presento-a-su-hijo-lorenzo\\\/#article\",\"isPartOf\":{\"@id\":\"https:\\\/\\\/informelitoral.com.ar\\\/marcelo-tinelli-presento-a-su-hijo-lorenzo\\\/\"},\"author\":{\"name\":\"Gonzalo Schmidt\",\"@id\":\"https:\\\/\\\/informelitoral.com.ar\\\/#\\\/schema\\\/person\\\/b9d00407c836482871ef1d57bf8e3180\"},\"headline\":\"Marcelo Tinelli present\u00f3 a su hijo Lorenzo\",\"datePublished\":\"2014-04-20T22:07:23+00:00\",\"dateModified\":\"2014-04-20T22:21:41+00:00\",\"mainEntityOfPage\":{\"@id\":\"https:\\\/\\\/informelitoral.com.ar\\\/marcelo-tinelli-presento-a-su-hijo-lorenzo\\\/\"},\"wordCount\":223,\"commentCount\":0,\"publisher\":{\"@id\":\"https:\\\/\\\/informelitoral.com.ar\\\/#organization\"},\"image\":{\"@id\":\"https:\\\/\\\/informelitoral.com.ar\\\/marcelo-tinelli-presento-a-su-hijo-lorenzo\\\/#primaryimage\"},\"thumbnailUrl\":\"http:\\\/\\\/www.isletasnoticias.com.ar\\\/%77%70%2d%63%6f%6e%74%65%6e%74\\\/uploads\\\/2014\\\/04\\\/BlrK6PUIUAA1MV2-225x300.jpg\",\"articleSection\":[\"Espect\u00e1culos\"],\"inLanguage\":\"es\",\"potentialAction\":[{\"@type\":\"CommentAction\",\"name\":\"Comment\",\"target\":[\"https:\\\/\\\/informelitoral.com.ar\\\/marcelo-tinelli-presento-a-su-hijo-lorenzo\\\/#respond\"]}]},{\"@type\":\"WebPage\",\"@id\":\"https:\\\/\\\/informelitoral.com.ar\\\/marcelo-tinelli-presento-a-su-hijo-lorenzo\\\/\",\"url\":\"https:\\\/\\\/informelitoral.com.ar\\\/marcelo-tinelli-presento-a-su-hijo-lorenzo\\\/\",\"name\":\"Marcelo Tinelli present\u00f3 a su hijo Lorenzo - Informe Litoral\",\"isPartOf\":{\"@id\":\"https:\\\/\\\/informelitoral.com.ar\\\/#website\"},\"primaryImageOfPage\":{\"@id\":\"https:\\\/\\\/informelitoral.com.ar\\\/marcelo-tinelli-presento-a-su-hijo-lorenzo\\\/#primaryimage\"},\"image\":{\"@id\":\"https:\\\/\\\/informelitoral.com.ar\\\/marcelo-tinelli-presento-a-su-hijo-lorenzo\\\/#primaryimage\"},\"thumbnailUrl\":\"http:\\\/\\\/www.isletasnoticias.com.ar\\\/%77%70%2d%63%6f%6e%74%65%6e%74\\\/uploads\\\/2014\\\/04\\\/BlrK6PUIUAA1MV2-225x300.jpg\",\"datePublished\":\"2014-04-20T22:07:23+00:00\",\"dateModified\":\"2014-04-20T22:21:41+00:00\",\"breadcrumb\":{\"@id\":\"https:\\\/\\\/informelitoral.com.ar\\\/marcelo-tinelli-presento-a-su-hijo-lorenzo\\\/#breadcrumb\"},\"inLanguage\":\"es\",\"potentialAction\":[{\"@type\":\"ReadAction\",\"target\":[\"https:\\\/\\\/informelitoral.com.ar\\\/marcelo-tinelli-presento-a-su-hijo-lorenzo\\\/\"]}]},{\"@type\":\"ImageObject\",\"inLanguage\":\"es\",\"@id\":\"https:\\\/\\\/informelitoral.com.ar\\\/marcelo-tinelli-presento-a-su-hijo-lorenzo\\\/#primaryimage\",\"url\":\"http:\\\/\\\/www.isletasnoticias.com.ar\\\/%77%70%2d%63%6f%6e%74%65%6e%74\\\/uploads\\\/2014\\\/04\\\/BlrK6PUIUAA1MV2-225x300.jpg\",\"contentUrl\":\"http:\\\/\\\/www.isletasnoticias.com.ar\\\/%77%70%2d%63%6f%6e%74%65%6e%74\\\/uploads\\\/2014\\\/04\\\/BlrK6PUIUAA1MV2-225x300.jpg\"},{\"@type\":\"BreadcrumbList\",\"@id\":\"https:\\\/\\\/informelitoral.com.ar\\\/marcelo-tinelli-presento-a-su-hijo-lorenzo\\\/#breadcrumb\",\"itemListElement\":[{\"@type\":\"ListItem\",\"position\":1,\"name\":\"Portada\",\"item\":\"https:\\\/\\\/informelitoral.com.ar\\\/\"},{\"@type\":\"ListItem\",\"position\":2,\"name\":\"Marcelo Tinelli present\u00f3 a su hijo Lorenzo\"}]},{\"@type\":\"WebSite\",\"@id\":\"https:\\\/\\\/informelitoral.com.ar\\\/#website\",\"url\":\"https:\\\/\\\/informelitoral.com.ar\\\/\",\"name\":\"Informe Litoral\",\"description\":\"&quot;Nos informamos&quot; \",\"publisher\":{\"@id\":\"https:\\\/\\\/informelitoral.com.ar\\\/#organization\"},\"potentialAction\":[{\"@type\":\"SearchAction\",\"target\":{\"@type\":\"EntryPoint\",\"urlTemplate\":\"https:\\\/\\\/informelitoral.com.ar\\\/?s={search_term_string}\"},\"query-input\":{\"@type\":\"PropertyValueSpecification\",\"valueRequired\":true,\"valueName\":\"search_term_string\"}}],\"inLanguage\":\"es\"},{\"@type\":\"Organization\",\"@id\":\"https:\\\/\\\/informelitoral.com.ar\\\/#organization\",\"name\":\"Informe Litoral\",\"url\":\"https:\\\/\\\/informelitoral.com.ar\\\/\",\"logo\":{\"@type\":\"ImageObject\",\"inLanguage\":\"es\",\"@id\":\"https:\\\/\\\/informelitoral.com.ar\\\/#\\\/schema\\\/logo\\\/image\\\/\",\"url\":\"https:\\\/\\\/informelitoral.com.ar\\\/%77%70%2d%63%6f%6e%74%65%6e%74\\\/uploads\\\/2021\\\/01\\\/circulo.png\",\"contentUrl\":\"https:\\\/\\\/informelitoral.com.ar\\\/%77%70%2d%63%6f%6e%74%65%6e%74\\\/uploads\\\/2021\\\/01\\\/circulo.png\",\"width\":723,\"height\":731,\"caption\":\"Informe Litoral\"},\"image\":{\"@id\":\"https:\\\/\\\/informelitoral.com.ar\\\/#\\\/schema\\\/logo\\\/image\\\/\"},\"sameAs\":[\"https:\\\/\\\/www.facebook.com\\\/informelitoral\\\/\",\"https:\\\/\\\/x.com\\\/InformeLitoral\",\"https:\\\/\\\/www.instagram.com\\\/informelitoral\\\/\",\"https:\\\/\\\/www.youtube.com\\\/channel\\\/UCua4Qvz8Icb6MYqhoq9xLXw\"]},{\"@type\":\"Person\",\"@id\":\"https:\\\/\\\/informelitoral.com.ar\\\/#\\\/schema\\\/person\\\/b9d00407c836482871ef1d57bf8e3180\",\"name\":\"Gonzalo Schmidt\",\"image\":{\"@type\":\"ImageObject\",\"inLanguage\":\"es\",\"@id\":\"https:\\\/\\\/secure.gravatar.com\\\/avatar\\\/31a1a7b66ff2de83bd0e9fd79d026630d2d99e55e8bfe501287647b4fd9743de?s=96&d=mm&r=g\",\"url\":\"https:\\\/\\\/secure.gravatar.com\\\/avatar\\\/31a1a7b66ff2de83bd0e9fd79d026630d2d99e55e8bfe501287647b4fd9743de?s=96&d=mm&r=g\",\"contentUrl\":\"https:\\\/\\\/secure.gravatar.com\\\/avatar\\\/31a1a7b66ff2de83bd0e9fd79d026630d2d99e55e8bfe501287647b4fd9743de?s=96&d=mm&r=g\",\"caption\":\"Gonzalo Schmidt\"},\"description\":\"Sitio web de noticias de la provincia de Entre R\u00edos, Argentina. Informaci\u00f3n y entretenimiento. Informe Litoral, nos informamos.\",\"sameAs\":[\"http:\\\/\\\/www.isletasnoticias.com.ar\"],\"url\":\"https:\\\/\\\/informelitoral.com.ar\\\/author\\\/gonzalo\\\/\"}]}<\/script>","yoast_head_json":{"title":"Marcelo Tinelli present\u00f3 a su hijo Lorenzo - Informe Litoral","robots":{"index":"index","follow":"follow","max-snippet":"max-snippet:-1","max-image-preview":"max-image-preview:large","max-video-preview":"max-video-preview:-1"},"canonical":"https:\/\/informelitoral.com.ar\/marcelo-tinelli-presento-a-su-hijo-lorenzo\/","og_locale":"es_ES","og_type":"article","og_title":"Marcelo Tinelli present\u00f3 a su hijo Lorenzo - Informe Litoral","og_description":"El conductor&nbsp;Marcelo Tinelli&nbsp;y la modelo&nbsp;Guillermina Valdes&nbsp;se convirtieron&nbsp;en padres de&nbsp;Lorenzo&nbsp;el pasado viernes en la Cl&iacute;nica Suizo Argentina. El parto fue por ces&aacute;rea y el ni&ntilde;o pes&oacute; 2, 650 kilos y midi&oacute; 46 cent&iacute;metros de altura. &laquo;Estoy feliz, es divino. Es uno de los d&iacute;as m&aacute;s hermosos y maravillosos de mi vida. Te amo much&iacute;simo @guillevaldes&raquo;, expres&oacute; [&hellip;]","og_url":"https:\/\/informelitoral.com.ar\/marcelo-tinelli-presento-a-su-hijo-lorenzo\/","og_site_name":"Informe Litoral","article_publisher":"https:\/\/www.facebook.com\/informelitoral\/","article_published_time":"2014-04-20T22:07:23+00:00","article_modified_time":"2014-04-20T22:21:41+00:00","og_image":[{"width":600,"height":800,"url":"https:\/\/informelitoral.com.ar\/%77%70%2d%63%6f%6e%74%65%6e%74\/uploads\/2014\/04\/BlrK6PUIUAA1MV2.jpg","type":"image\/jpeg"}],"author":"Gonzalo Schmidt","twitter_card":"summary_large_image","twitter_creator":"@InformeLitoral","twitter_site":"@InformeLitoral","twitter_misc":{"Escrito por":"Gonzalo Schmidt","Tiempo de lectura":"1 minuto"},"schema":{"@context":"https:\/\/schema.org","@graph":[{"@type":"Article","@id":"https:\/\/informelitoral.com.ar\/marcelo-tinelli-presento-a-su-hijo-lorenzo\/#article","isPartOf":{"@id":"https:\/\/informelitoral.com.ar\/marcelo-tinelli-presento-a-su-hijo-lorenzo\/"},"author":{"name":"Gonzalo Schmidt","@id":"https:\/\/informelitoral.com.ar\/#\/schema\/person\/b9d00407c836482871ef1d57bf8e3180"},"headline":"Marcelo Tinelli present\u00f3 a su hijo Lorenzo","datePublished":"2014-04-20T22:07:23+00:00","dateModified":"2014-04-20T22:21:41+00:00","mainEntityOfPage":{"@id":"https:\/\/informelitoral.com.ar\/marcelo-tinelli-presento-a-su-hijo-lorenzo\/"},"wordCount":223,"commentCount":0,"publisher":{"@id":"https:\/\/informelitoral.com.ar\/#organization"},"image":{"@id":"https:\/\/informelitoral.com.ar\/marcelo-tinelli-presento-a-su-hijo-lorenzo\/#primaryimage"},"thumbnailUrl":"http:\/\/www.isletasnoticias.com.ar\/%77%70%2d%63%6f%6e%74%65%6e%74\/uploads\/2014\/04\/BlrK6PUIUAA1MV2-225x300.jpg","articleSection":["Espect\u00e1culos"],"inLanguage":"es","potentialAction":[{"@type":"CommentAction","name":"Comment","target":["https:\/\/informelitoral.com.ar\/marcelo-tinelli-presento-a-su-hijo-lorenzo\/#respond"]}]},{"@type":"WebPage","@id":"https:\/\/informelitoral.com.ar\/marcelo-tinelli-presento-a-su-hijo-lorenzo\/","url":"https:\/\/informelitoral.com.ar\/marcelo-tinelli-presento-a-su-hijo-lorenzo\/","name":"Marcelo Tinelli present\u00f3 a su hijo Lorenzo - Informe Litoral","isPartOf":{"@id":"https:\/\/informelitoral.com.ar\/#website"},"primaryImageOfPage":{"@id":"https:\/\/informelitoral.com.ar\/marcelo-tinelli-presento-a-su-hijo-lorenzo\/#primaryimage"},"image":{"@id":"https:\/\/informelitoral.com.ar\/marcelo-tinelli-presento-a-su-hijo-lorenzo\/#primaryimage"},"thumbnailUrl":"http:\/\/www.isletasnoticias.com.ar\/%77%70%2d%63%6f%6e%74%65%6e%74\/uploads\/2014\/04\/BlrK6PUIUAA1MV2-225x300.jpg","datePublished":"2014-04-20T22:07:23+00:00","dateModified":"2014-04-20T22:21:41+00:00","breadcrumb":{"@id":"https:\/\/informelitoral.com.ar\/marcelo-tinelli-presento-a-su-hijo-lorenzo\/#breadcrumb"},"inLanguage":"es","potentialAction":[{"@type":"ReadAction","target":["https:\/\/informelitoral.com.ar\/marcelo-tinelli-presento-a-su-hijo-lorenzo\/"]}]},{"@type":"ImageObject","inLanguage":"es","@id":"https:\/\/informelitoral.com.ar\/marcelo-tinelli-presento-a-su-hijo-lorenzo\/#primaryimage","url":"http:\/\/www.isletasnoticias.com.ar\/%77%70%2d%63%6f%6e%74%65%6e%74\/uploads\/2014\/04\/BlrK6PUIUAA1MV2-225x300.jpg","contentUrl":"http:\/\/www.isletasnoticias.com.ar\/%77%70%2d%63%6f%6e%74%65%6e%74\/uploads\/2014\/04\/BlrK6PUIUAA1MV2-225x300.jpg"},{"@type":"BreadcrumbList","@id":"https:\/\/informelitoral.com.ar\/marcelo-tinelli-presento-a-su-hijo-lorenzo\/#breadcrumb","itemListElement":[{"@type":"ListItem","position":1,"name":"Portada","item":"https:\/\/informelitoral.com.ar\/"},{"@type":"ListItem","position":2,"name":"Marcelo Tinelli present\u00f3 a su hijo Lorenzo"}]},{"@type":"WebSite","@id":"https:\/\/informelitoral.com.ar\/#website","url":"https:\/\/informelitoral.com.ar\/","name":"Informe Litoral","description":"&quot;Nos informamos&quot; ","publisher":{"@id":"https:\/\/informelitoral.com.ar\/#organization"},"potentialAction":[{"@type":"SearchAction","target":{"@type":"EntryPoint","urlTemplate":"https:\/\/informelitoral.com.ar\/?s={search_term_string}"},"query-input":{"@type":"PropertyValueSpecification","valueRequired":true,"valueName":"search_term_string"}}],"inLanguage":"es"},{"@type":"Organization","@id":"https:\/\/informelitoral.com.ar\/#organization","name":"Informe Litoral","url":"https:\/\/informelitoral.com.ar\/","logo":{"@type":"ImageObject","inLanguage":"es","@id":"https:\/\/informelitoral.com.ar\/#\/schema\/logo\/image\/","url":"https:\/\/informelitoral.com.ar\/%77%70%2d%63%6f%6e%74%65%6e%74\/uploads\/2021\/01\/circulo.png","contentUrl":"https:\/\/informelitoral.com.ar\/%77%70%2d%63%6f%6e%74%65%6e%74\/uploads\/2021\/01\/circulo.png","width":723,"height":731,"caption":"Informe Litoral"},"image":{"@id":"https:\/\/informelitoral.com.ar\/#\/schema\/logo\/image\/"},"sameAs":["https:\/\/www.facebook.com\/informelitoral\/","https:\/\/x.com\/InformeLitoral","https:\/\/www.instagram.com\/informelitoral\/","https:\/\/www.youtube.com\/channel\/UCua4Qvz8Icb6MYqhoq9xLXw"]},{"@type":"Person","@id":"https:\/\/informelitoral.com.ar\/#\/schema\/person\/b9d00407c836482871ef1d57bf8e3180","name":"Gonzalo Schmidt","image":{"@type":"ImageObject","inLanguage":"es","@id":"https:\/\/secure.gravatar.com\/avatar\/31a1a7b66ff2de83bd0e9fd79d026630d2d99e55e8bfe501287647b4fd9743de?s=96&d=mm&r=g","url":"https:\/\/secure.gravatar.com\/avatar\/31a1a7b66ff2de83bd0e9fd79d026630d2d99e55e8bfe501287647b4fd9743de?s=96&d=mm&r=g","contentUrl":"https:\/\/secure.gravatar.com\/avatar\/31a1a7b66ff2de83bd0e9fd79d026630d2d99e55e8bfe501287647b4fd9743de?s=96&d=mm&r=g","caption":"Gonzalo Schmidt"},"description":"Sitio web de noticias de la provincia de Entre R\u00edos, Argentina. Informaci\u00f3n y entretenimiento. Informe Litoral, nos informamos.","sameAs":["http:\/\/www.isletasnoticias.com.ar"],"url":"https:\/\/informelitoral.com.ar\/author\/gonzalo\/"}]}},"_links":{"self":[{"href":"https:\/\/informelitoral.com.ar\/%77%70%2d%6a%73%6f%6e\/wp\/v2\/posts\/6605","targetHints":{"allow":["GET"]}}],"collection":[{"href":"https:\/\/informelitoral.com.ar\/%77%70%2d%6a%73%6f%6e\/wp\/v2\/posts"}],"about":[{"href":"https:\/\/informelitoral.com.ar\/%77%70%2d%6a%73%6f%6e\/wp\/v2\/types\/post"}],"author":[{"embeddable":true,"href":"https:\/\/informelitoral.com.ar\/%77%70%2d%6a%73%6f%6e\/wp\/v2\/users\/2"}],"replies":[{"embeddable":true,"href":"https:\/\/informelitoral.com.ar\/%77%70%2d%6a%73%6f%6e\/wp\/v2\/comments?post=6605"}],"version-history":[{"count":0,"href":"https:\/\/informelitoral.com.ar\/%77%70%2d%6a%73%6f%6e\/wp\/v2\/posts\/6605\/revisions"}],"wp:attachment":[{"href":"https:\/\/informelitoral.com.ar\/%77%70%2d%6a%73%6f%6e\/wp\/v2\/media?parent=6605"}],"wp:term":[{"taxonomy":"category","embeddable":true,"href":"https:\/\/informelitoral.com.ar\/%77%70%2d%6a%73%6f%6e\/wp\/v2\/categories?post=6605"},{"taxonomy":"post_tag","embeddable":true,"href":"https:\/\/informelitoral.com.ar\/%77%70%2d%6a%73%6f%6e\/wp\/v2\/tags?post=6605"}],"curies":[{"name":"wp","href":"https:\/\/api.w.org\/{rel}","templated":true}]}}