{"id":66048,"date":"2021-10-10T11:08:24","date_gmt":"2021-10-10T14:08:24","guid":{"rendered":"https:\/\/www.informelitoral.com.ar\/?p=66048"},"modified":"2021-10-10T11:08:38","modified_gmt":"2021-10-10T14:08:38","slug":"aranguren-presente-en-una-jornada-cultural-para-adultos-mayores","status":"publish","type":"post","link":"https:\/\/informelitoral.com.ar\/aranguren-presente-en-una-jornada-cultural-para-adultos-mayores\/","title":{"rendered":"Aranguren presente en una jornada cultural para adultos mayores"},"content":{"rendered":"<p>Las personas mayores celebraron su d\u00eda con una jornada cultural con m\u00e1s de 200 participantes de distintas ciudades de la provincia. La actividad fue organizada por la Direcci\u00f3n de Adultos Mayores del Ministerio de Desarrollo Social.<\/p>\n<p><a href=\"https:\/\/www.informelitoral.com.ar\/%77%70%2d%63%6f%6e%74%65%6e%74\/uploads\/2021\/10\/244977404_1148764105648831_8766911100954966815_n.jpg\"><img loading=\"lazy\" decoding=\"async\" class=\"aligncenter wp-image-66053 size-full\" src=\"https:\/\/www.informelitoral.com.ar\/%77%70%2d%63%6f%6e%74%65%6e%74\/uploads\/2021\/10\/244977404_1148764105648831_8766911100954966815_n.jpg\" alt=\"\" width=\"600\" height=\"270\" srcset=\"https:\/\/informelitoral.com.ar\/%77%70%2d%63%6f%6e%74%65%6e%74\/uploads\/2021\/10\/244977404_1148764105648831_8766911100954966815_n.jpg 600w, https:\/\/informelitoral.com.ar\/%77%70%2d%63%6f%6e%74%65%6e%74\/uploads\/2021\/10\/244977404_1148764105648831_8766911100954966815_n-300x135.jpg 300w\" sizes=\"auto, (max-width: 600px) 100vw, 600px\" \/><\/a><\/p>\n<p>La iniciativa fue llevada a cabo en la capital provincial, y la misma cont\u00f3 con muestras de danzas de centros de jubilados y finaliz\u00f3 con un espect\u00e1culo de la Banda de M\u00fasica de la Polic\u00eda de Entre R\u00edos.<\/p>\n<p><a href=\"https:\/\/www.informelitoral.com.ar\/%77%70%2d%63%6f%6e%74%65%6e%74\/uploads\/2021\/10\/244964829_1148764345648807_4956462345092326717_n.jpg\"><img loading=\"lazy\" decoding=\"async\" class=\"aligncenter wp-image-66051 size-large\" src=\"https:\/\/www.informelitoral.com.ar\/%77%70%2d%63%6f%6e%74%65%6e%74\/uploads\/2021\/10\/244964829_1148764345648807_4956462345092326717_n-1024x461.jpg\" alt=\"\" width=\"696\" height=\"313\" srcset=\"https:\/\/informelitoral.com.ar\/%77%70%2d%63%6f%6e%74%65%6e%74\/uploads\/2021\/10\/244964829_1148764345648807_4956462345092326717_n-1024x461.jpg 1024w, https:\/\/informelitoral.com.ar\/%77%70%2d%63%6f%6e%74%65%6e%74\/uploads\/2021\/10\/244964829_1148764345648807_4956462345092326717_n-300x135.jpg 300w, https:\/\/informelitoral.com.ar\/%77%70%2d%63%6f%6e%74%65%6e%74\/uploads\/2021\/10\/244964829_1148764345648807_4956462345092326717_n-768x346.jpg 768w, https:\/\/informelitoral.com.ar\/%77%70%2d%63%6f%6e%74%65%6e%74\/uploads\/2021\/10\/244964829_1148764345648807_4956462345092326717_n-696x313.jpg 696w, https:\/\/informelitoral.com.ar\/%77%70%2d%63%6f%6e%74%65%6e%74\/uploads\/2021\/10\/244964829_1148764345648807_4956462345092326717_n-1068x481.jpg 1068w, https:\/\/informelitoral.com.ar\/%77%70%2d%63%6f%6e%74%65%6e%74\/uploads\/2021\/10\/244964829_1148764345648807_4956462345092326717_n-933x420.jpg 933w, https:\/\/informelitoral.com.ar\/%77%70%2d%63%6f%6e%74%65%6e%74\/uploads\/2021\/10\/244964829_1148764345648807_4956462345092326717_n.jpg 1422w\" sizes=\"auto, (max-width: 696px) 100vw, 696px\" \/><\/a><\/p>\n<p>Fueron parte del evento los adultos mayores y sus pares de las ciudades de: Paran\u00e1, Federal, Hern\u00e1ndez, Crespo, Concordia, Santa Anita, La Paz, Colonia Avellaneda, Mar\u00eda Grande, San Benito, Diamante, Valle Mar\u00eda, Aldea San Antonio, Pueblo Belgrano, General Campos, San Jos\u00e9 y Gobernador Mansilla.<\/p>\n<p><a href=\"https:\/\/www.informelitoral.com.ar\/%77%70%2d%63%6f%6e%74%65%6e%74\/uploads\/2021\/10\/244976862_1148764235648818_5103690420266252166_n.jpg\"><img loading=\"lazy\" decoding=\"async\" class=\"aligncenter wp-image-66052 size-large\" src=\"https:\/\/www.informelitoral.com.ar\/%77%70%2d%63%6f%6e%74%65%6e%74\/uploads\/2021\/10\/244976862_1148764235648818_5103690420266252166_n-1024x683.jpg\" alt=\"\" width=\"696\" height=\"464\" srcset=\"https:\/\/informelitoral.com.ar\/%77%70%2d%63%6f%6e%74%65%6e%74\/uploads\/2021\/10\/244976862_1148764235648818_5103690420266252166_n-1024x683.jpg 1024w, https:\/\/informelitoral.com.ar\/%77%70%2d%63%6f%6e%74%65%6e%74\/uploads\/2021\/10\/244976862_1148764235648818_5103690420266252166_n-300x200.jpg 300w, https:\/\/informelitoral.com.ar\/%77%70%2d%63%6f%6e%74%65%6e%74\/uploads\/2021\/10\/244976862_1148764235648818_5103690420266252166_n-768x512.jpg 768w, https:\/\/informelitoral.com.ar\/%77%70%2d%63%6f%6e%74%65%6e%74\/uploads\/2021\/10\/244976862_1148764235648818_5103690420266252166_n-696x464.jpg 696w, https:\/\/informelitoral.com.ar\/%77%70%2d%63%6f%6e%74%65%6e%74\/uploads\/2021\/10\/244976862_1148764235648818_5103690420266252166_n-1068x712.jpg 1068w, https:\/\/informelitoral.com.ar\/%77%70%2d%63%6f%6e%74%65%6e%74\/uploads\/2021\/10\/244976862_1148764235648818_5103690420266252166_n-630x420.jpg 630w, https:\/\/informelitoral.com.ar\/%77%70%2d%63%6f%6e%74%65%6e%74\/uploads\/2021\/10\/244976862_1148764235648818_5103690420266252166_n.jpg 1080w\" sizes=\"auto, (max-width: 696px) 100vw, 696px\" \/><\/a><\/p>\n<p>La coordinaci\u00f3n del viaje de la comitiva de Aranguren estuvo a cargo Mar\u00eda Jos\u00e9 Fogel, encargada del \u00e1rea de personas adultas mayores de la Municipalidad.<\/p>\n<p><a href=\"https:\/\/www.informelitoral.com.ar\/%77%70%2d%63%6f%6e%74%65%6e%74\/uploads\/2021\/10\/244926226_1148764295648812_6331968683311412053_n.jpg\"><img loading=\"lazy\" decoding=\"async\" class=\"aligncenter wp-image-66049 size-large\" src=\"https:\/\/www.informelitoral.com.ar\/%77%70%2d%63%6f%6e%74%65%6e%74\/uploads\/2021\/10\/244926226_1148764295648812_6331968683311412053_n-1024x683.jpg\" alt=\"\" width=\"696\" height=\"464\" srcset=\"https:\/\/informelitoral.com.ar\/%77%70%2d%63%6f%6e%74%65%6e%74\/uploads\/2021\/10\/244926226_1148764295648812_6331968683311412053_n-1024x683.jpg 1024w, https:\/\/informelitoral.com.ar\/%77%70%2d%63%6f%6e%74%65%6e%74\/uploads\/2021\/10\/244926226_1148764295648812_6331968683311412053_n-300x200.jpg 300w, https:\/\/informelitoral.com.ar\/%77%70%2d%63%6f%6e%74%65%6e%74\/uploads\/2021\/10\/244926226_1148764295648812_6331968683311412053_n-768x512.jpg 768w, https:\/\/informelitoral.com.ar\/%77%70%2d%63%6f%6e%74%65%6e%74\/uploads\/2021\/10\/244926226_1148764295648812_6331968683311412053_n-1536x1024.jpg 1536w, https:\/\/informelitoral.com.ar\/%77%70%2d%63%6f%6e%74%65%6e%74\/uploads\/2021\/10\/244926226_1148764295648812_6331968683311412053_n-696x464.jpg 696w, https:\/\/informelitoral.com.ar\/%77%70%2d%63%6f%6e%74%65%6e%74\/uploads\/2021\/10\/244926226_1148764295648812_6331968683311412053_n-1068x712.jpg 1068w, https:\/\/informelitoral.com.ar\/%77%70%2d%63%6f%6e%74%65%6e%74\/uploads\/2021\/10\/244926226_1148764295648812_6331968683311412053_n-630x420.jpg 630w, https:\/\/informelitoral.com.ar\/%77%70%2d%63%6f%6e%74%65%6e%74\/uploads\/2021\/10\/244926226_1148764295648812_6331968683311412053_n.jpg 1920w\" sizes=\"auto, (max-width: 696px) 100vw, 696px\" \/><\/a><\/p>\n","protected":false},"excerpt":{"rendered":"<p>Se celebr\u00f3 en Paran\u00e1 y participaron representantes de varias ciudades entrerrianas. La comitiva local estuvo a cargo encargada del \u00e1rea de personas adultas mayores de la Municipalidad.<\/p>\n","protected":false},"author":2,"featured_media":66052,"comment_status":"open","ping_status":"open","sticky":false,"template":"","format":"standard","meta":{"fifu_image_url":"","fifu_image_alt":"","footnotes":""},"categories":[9],"tags":[914,143,111,1580,201],"class_list":{"0":"post-66048","1":"post","2":"type-post","3":"status-publish","4":"format-standard","5":"has-post-thumbnail","7":"category-sociedad","8":"tag-adultos-mayores","9":"tag-aranguren","10":"tag-municipales","11":"tag-municipalidad-de-aranguren","12":"tag-municipios"},"yoast_head":"<title>Aranguren presente en una jornada cultural para adultos mayores - Informe Litoral<\/title>\n<meta name=\"robots\" content=\"index, follow, max-snippet:-1, max-image-preview:large, max-video-preview:-1\" \/>\n<link rel=\"canonical\" href=\"https:\/\/informelitoral.com.ar\/aranguren-presente-en-una-jornada-cultural-para-adultos-mayores\/\" \/>\n<meta property=\"og:locale\" content=\"es_ES\" \/>\n<meta property=\"og:type\" content=\"article\" \/>\n<meta property=\"og:title\" content=\"Aranguren presente en una jornada cultural para adultos mayores - Informe Litoral\" \/>\n<meta property=\"og:description\" content=\"Se celebr\u00f3 en Paran\u00e1 y participaron representantes de varias ciudades entrerrianas. La comitiva local estuvo a cargo encargada del \u00e1rea de personas adultas mayores de la Municipalidad.\" \/>\n<meta property=\"og:url\" content=\"https:\/\/informelitoral.com.ar\/aranguren-presente-en-una-jornada-cultural-para-adultos-mayores\/\" \/>\n<meta property=\"og:site_name\" content=\"Informe Litoral\" \/>\n<meta property=\"article:publisher\" content=\"https:\/\/www.facebook.com\/informelitoral\/\" \/>\n<meta property=\"article:published_time\" content=\"2021-10-10T14:08:24+00:00\" \/>\n<meta property=\"article:modified_time\" content=\"2021-10-10T14:08:38+00:00\" \/>\n<meta property=\"og:image\" content=\"https:\/\/informelitoral.com.ar\/%77%70%2d%63%6f%6e%74%65%6e%74\/uploads\/2021\/10\/244976862_1148764235648818_5103690420266252166_n.jpg\" \/>\n\t<meta property=\"og:image:width\" content=\"1080\" \/>\n\t<meta property=\"og:image:height\" content=\"720\" \/>\n\t<meta property=\"og:image:type\" content=\"image\/jpeg\" \/>\n<meta name=\"author\" content=\"Gonzalo Schmidt\" \/>\n<meta name=\"twitter:card\" content=\"summary_large_image\" \/>\n<meta name=\"twitter:creator\" content=\"@InformeLitoral\" \/>\n<meta name=\"twitter:site\" content=\"@InformeLitoral\" \/>\n<meta name=\"twitter:label1\" content=\"Escrito por\" \/>\n\t<meta name=\"twitter:data1\" content=\"Gonzalo Schmidt\" \/>\n\t<meta name=\"twitter:label2\" content=\"Tiempo de lectura\" \/>\n\t<meta name=\"twitter:data2\" content=\"1 minuto\" \/>\n<script type=\"application\/ld+json\" class=\"yoast-schema-graph\">{\"@context\":\"https:\\\/\\\/schema.org\",\"@graph\":[{\"@type\":\"Article\",\"@id\":\"https:\\\/\\\/informelitoral.com.ar\\\/aranguren-presente-en-una-jornada-cultural-para-adultos-mayores\\\/#article\",\"isPartOf\":{\"@id\":\"https:\\\/\\\/informelitoral.com.ar\\\/aranguren-presente-en-una-jornada-cultural-para-adultos-mayores\\\/\"},\"author\":{\"name\":\"Gonzalo Schmidt\",\"@id\":\"https:\\\/\\\/informelitoral.com.ar\\\/#\\\/schema\\\/person\\\/b9d00407c836482871ef1d57bf8e3180\"},\"headline\":\"Aranguren presente en una jornada cultural para adultos mayores\",\"datePublished\":\"2021-10-10T14:08:24+00:00\",\"dateModified\":\"2021-10-10T14:08:38+00:00\",\"mainEntityOfPage\":{\"@id\":\"https:\\\/\\\/informelitoral.com.ar\\\/aranguren-presente-en-una-jornada-cultural-para-adultos-mayores\\\/\"},\"wordCount\":163,\"commentCount\":0,\"publisher\":{\"@id\":\"https:\\\/\\\/informelitoral.com.ar\\\/#organization\"},\"image\":{\"@id\":\"https:\\\/\\\/informelitoral.com.ar\\\/aranguren-presente-en-una-jornada-cultural-para-adultos-mayores\\\/#primaryimage\"},\"thumbnailUrl\":\"https:\\\/\\\/informelitoral.com.ar\\\/%77%70%2d%63%6f%6e%74%65%6e%74\\\/uploads\\\/2021\\\/10\\\/244976862_1148764235648818_5103690420266252166_n.jpg\",\"keywords\":[\"Adultos mayores\",\"Aranguren\",\"Municipales\",\"Municipalidad de Aranguren\",\"Municipios\"],\"articleSection\":[\"Sociedad\"],\"inLanguage\":\"es\",\"potentialAction\":[{\"@type\":\"CommentAction\",\"name\":\"Comment\",\"target\":[\"https:\\\/\\\/informelitoral.com.ar\\\/aranguren-presente-en-una-jornada-cultural-para-adultos-mayores\\\/#respond\"]}]},{\"@type\":\"WebPage\",\"@id\":\"https:\\\/\\\/informelitoral.com.ar\\\/aranguren-presente-en-una-jornada-cultural-para-adultos-mayores\\\/\",\"url\":\"https:\\\/\\\/informelitoral.com.ar\\\/aranguren-presente-en-una-jornada-cultural-para-adultos-mayores\\\/\",\"name\":\"Aranguren presente en una jornada cultural para adultos mayores - Informe Litoral\",\"isPartOf\":{\"@id\":\"https:\\\/\\\/informelitoral.com.ar\\\/#website\"},\"primaryImageOfPage\":{\"@id\":\"https:\\\/\\\/informelitoral.com.ar\\\/aranguren-presente-en-una-jornada-cultural-para-adultos-mayores\\\/#primaryimage\"},\"image\":{\"@id\":\"https:\\\/\\\/informelitoral.com.ar\\\/aranguren-presente-en-una-jornada-cultural-para-adultos-mayores\\\/#primaryimage\"},\"thumbnailUrl\":\"https:\\\/\\\/informelitoral.com.ar\\\/%77%70%2d%63%6f%6e%74%65%6e%74\\\/uploads\\\/2021\\\/10\\\/244976862_1148764235648818_5103690420266252166_n.jpg\",\"datePublished\":\"2021-10-10T14:08:24+00:00\",\"dateModified\":\"2021-10-10T14:08:38+00:00\",\"breadcrumb\":{\"@id\":\"https:\\\/\\\/informelitoral.com.ar\\\/aranguren-presente-en-una-jornada-cultural-para-adultos-mayores\\\/#breadcrumb\"},\"inLanguage\":\"es\",\"potentialAction\":[{\"@type\":\"ReadAction\",\"target\":[\"https:\\\/\\\/informelitoral.com.ar\\\/aranguren-presente-en-una-jornada-cultural-para-adultos-mayores\\\/\"]}]},{\"@type\":\"ImageObject\",\"inLanguage\":\"es\",\"@id\":\"https:\\\/\\\/informelitoral.com.ar\\\/aranguren-presente-en-una-jornada-cultural-para-adultos-mayores\\\/#primaryimage\",\"url\":\"https:\\\/\\\/informelitoral.com.ar\\\/%77%70%2d%63%6f%6e%74%65%6e%74\\\/uploads\\\/2021\\\/10\\\/244976862_1148764235648818_5103690420266252166_n.jpg\",\"contentUrl\":\"https:\\\/\\\/informelitoral.com.ar\\\/%77%70%2d%63%6f%6e%74%65%6e%74\\\/uploads\\\/2021\\\/10\\\/244976862_1148764235648818_5103690420266252166_n.jpg\",\"width\":1080,\"height\":720},{\"@type\":\"BreadcrumbList\",\"@id\":\"https:\\\/\\\/informelitoral.com.ar\\\/aranguren-presente-en-una-jornada-cultural-para-adultos-mayores\\\/#breadcrumb\",\"itemListElement\":[{\"@type\":\"ListItem\",\"position\":1,\"name\":\"Portada\",\"item\":\"https:\\\/\\\/informelitoral.com.ar\\\/\"},{\"@type\":\"ListItem\",\"position\":2,\"name\":\"Aranguren presente en una jornada cultural para adultos mayores\"}]},{\"@type\":\"WebSite\",\"@id\":\"https:\\\/\\\/informelitoral.com.ar\\\/#website\",\"url\":\"https:\\\/\\\/informelitoral.com.ar\\\/\",\"name\":\"Informe Litoral\",\"description\":\"&quot;Nos informamos&quot; \",\"publisher\":{\"@id\":\"https:\\\/\\\/informelitoral.com.ar\\\/#organization\"},\"potentialAction\":[{\"@type\":\"SearchAction\",\"target\":{\"@type\":\"EntryPoint\",\"urlTemplate\":\"https:\\\/\\\/informelitoral.com.ar\\\/?s={search_term_string}\"},\"query-input\":{\"@type\":\"PropertyValueSpecification\",\"valueRequired\":true,\"valueName\":\"search_term_string\"}}],\"inLanguage\":\"es\"},{\"@type\":\"Organization\",\"@id\":\"https:\\\/\\\/informelitoral.com.ar\\\/#organization\",\"name\":\"Informe Litoral\",\"url\":\"https:\\\/\\\/informelitoral.com.ar\\\/\",\"logo\":{\"@type\":\"ImageObject\",\"inLanguage\":\"es\",\"@id\":\"https:\\\/\\\/informelitoral.com.ar\\\/#\\\/schema\\\/logo\\\/image\\\/\",\"url\":\"https:\\\/\\\/informelitoral.com.ar\\\/%77%70%2d%63%6f%6e%74%65%6e%74\\\/uploads\\\/2021\\\/01\\\/circulo.png\",\"contentUrl\":\"https:\\\/\\\/informelitoral.com.ar\\\/%77%70%2d%63%6f%6e%74%65%6e%74\\\/uploads\\\/2021\\\/01\\\/circulo.png\",\"width\":723,\"height\":731,\"caption\":\"Informe Litoral\"},\"image\":{\"@id\":\"https:\\\/\\\/informelitoral.com.ar\\\/#\\\/schema\\\/logo\\\/image\\\/\"},\"sameAs\":[\"https:\\\/\\\/www.facebook.com\\\/informelitoral\\\/\",\"https:\\\/\\\/x.com\\\/InformeLitoral\",\"https:\\\/\\\/www.instagram.com\\\/informelitoral\\\/\",\"https:\\\/\\\/www.youtube.com\\\/channel\\\/UCua4Qvz8Icb6MYqhoq9xLXw\"]},{\"@type\":\"Person\",\"@id\":\"https:\\\/\\\/informelitoral.com.ar\\\/#\\\/schema\\\/person\\\/b9d00407c836482871ef1d57bf8e3180\",\"name\":\"Gonzalo Schmidt\",\"image\":{\"@type\":\"ImageObject\",\"inLanguage\":\"es\",\"@id\":\"https:\\\/\\\/secure.gravatar.com\\\/avatar\\\/31a1a7b66ff2de83bd0e9fd79d026630d2d99e55e8bfe501287647b4fd9743de?s=96&d=mm&r=g\",\"url\":\"https:\\\/\\\/secure.gravatar.com\\\/avatar\\\/31a1a7b66ff2de83bd0e9fd79d026630d2d99e55e8bfe501287647b4fd9743de?s=96&d=mm&r=g\",\"contentUrl\":\"https:\\\/\\\/secure.gravatar.com\\\/avatar\\\/31a1a7b66ff2de83bd0e9fd79d026630d2d99e55e8bfe501287647b4fd9743de?s=96&d=mm&r=g\",\"caption\":\"Gonzalo Schmidt\"},\"description\":\"Sitio web de noticias de la provincia de Entre R\u00edos, Argentina. Informaci\u00f3n y entretenimiento. Informe Litoral, nos informamos.\",\"sameAs\":[\"http:\\\/\\\/www.isletasnoticias.com.ar\"],\"url\":\"https:\\\/\\\/informelitoral.com.ar\\\/author\\\/gonzalo\\\/\"}]}<\/script>","yoast_head_json":{"title":"Aranguren presente en una jornada cultural para adultos mayores - Informe Litoral","robots":{"index":"index","follow":"follow","max-snippet":"max-snippet:-1","max-image-preview":"max-image-preview:large","max-video-preview":"max-video-preview:-1"},"canonical":"https:\/\/informelitoral.com.ar\/aranguren-presente-en-una-jornada-cultural-para-adultos-mayores\/","og_locale":"es_ES","og_type":"article","og_title":"Aranguren presente en una jornada cultural para adultos mayores - Informe Litoral","og_description":"Se celebr\u00f3 en Paran\u00e1 y participaron representantes de varias ciudades entrerrianas. La comitiva local estuvo a cargo encargada del \u00e1rea de personas adultas mayores de la Municipalidad.","og_url":"https:\/\/informelitoral.com.ar\/aranguren-presente-en-una-jornada-cultural-para-adultos-mayores\/","og_site_name":"Informe Litoral","article_publisher":"https:\/\/www.facebook.com\/informelitoral\/","article_published_time":"2021-10-10T14:08:24+00:00","article_modified_time":"2021-10-10T14:08:38+00:00","og_image":[{"width":1080,"height":720,"url":"https:\/\/informelitoral.com.ar\/%77%70%2d%63%6f%6e%74%65%6e%74\/uploads\/2021\/10\/244976862_1148764235648818_5103690420266252166_n.jpg","type":"image\/jpeg"}],"author":"Gonzalo Schmidt","twitter_card":"summary_large_image","twitter_creator":"@InformeLitoral","twitter_site":"@InformeLitoral","twitter_misc":{"Escrito por":"Gonzalo Schmidt","Tiempo de lectura":"1 minuto"},"schema":{"@context":"https:\/\/schema.org","@graph":[{"@type":"Article","@id":"https:\/\/informelitoral.com.ar\/aranguren-presente-en-una-jornada-cultural-para-adultos-mayores\/#article","isPartOf":{"@id":"https:\/\/informelitoral.com.ar\/aranguren-presente-en-una-jornada-cultural-para-adultos-mayores\/"},"author":{"name":"Gonzalo Schmidt","@id":"https:\/\/informelitoral.com.ar\/#\/schema\/person\/b9d00407c836482871ef1d57bf8e3180"},"headline":"Aranguren presente en una jornada cultural para adultos mayores","datePublished":"2021-10-10T14:08:24+00:00","dateModified":"2021-10-10T14:08:38+00:00","mainEntityOfPage":{"@id":"https:\/\/informelitoral.com.ar\/aranguren-presente-en-una-jornada-cultural-para-adultos-mayores\/"},"wordCount":163,"commentCount":0,"publisher":{"@id":"https:\/\/informelitoral.com.ar\/#organization"},"image":{"@id":"https:\/\/informelitoral.com.ar\/aranguren-presente-en-una-jornada-cultural-para-adultos-mayores\/#primaryimage"},"thumbnailUrl":"https:\/\/informelitoral.com.ar\/%77%70%2d%63%6f%6e%74%65%6e%74\/uploads\/2021\/10\/244976862_1148764235648818_5103690420266252166_n.jpg","keywords":["Adultos mayores","Aranguren","Municipales","Municipalidad de Aranguren","Municipios"],"articleSection":["Sociedad"],"inLanguage":"es","potentialAction":[{"@type":"CommentAction","name":"Comment","target":["https:\/\/informelitoral.com.ar\/aranguren-presente-en-una-jornada-cultural-para-adultos-mayores\/#respond"]}]},{"@type":"WebPage","@id":"https:\/\/informelitoral.com.ar\/aranguren-presente-en-una-jornada-cultural-para-adultos-mayores\/","url":"https:\/\/informelitoral.com.ar\/aranguren-presente-en-una-jornada-cultural-para-adultos-mayores\/","name":"Aranguren presente en una jornada cultural para adultos mayores - Informe Litoral","isPartOf":{"@id":"https:\/\/informelitoral.com.ar\/#website"},"primaryImageOfPage":{"@id":"https:\/\/informelitoral.com.ar\/aranguren-presente-en-una-jornada-cultural-para-adultos-mayores\/#primaryimage"},"image":{"@id":"https:\/\/informelitoral.com.ar\/aranguren-presente-en-una-jornada-cultural-para-adultos-mayores\/#primaryimage"},"thumbnailUrl":"https:\/\/informelitoral.com.ar\/%77%70%2d%63%6f%6e%74%65%6e%74\/uploads\/2021\/10\/244976862_1148764235648818_5103690420266252166_n.jpg","datePublished":"2021-10-10T14:08:24+00:00","dateModified":"2021-10-10T14:08:38+00:00","breadcrumb":{"@id":"https:\/\/informelitoral.com.ar\/aranguren-presente-en-una-jornada-cultural-para-adultos-mayores\/#breadcrumb"},"inLanguage":"es","potentialAction":[{"@type":"ReadAction","target":["https:\/\/informelitoral.com.ar\/aranguren-presente-en-una-jornada-cultural-para-adultos-mayores\/"]}]},{"@type":"ImageObject","inLanguage":"es","@id":"https:\/\/informelitoral.com.ar\/aranguren-presente-en-una-jornada-cultural-para-adultos-mayores\/#primaryimage","url":"https:\/\/informelitoral.com.ar\/%77%70%2d%63%6f%6e%74%65%6e%74\/uploads\/2021\/10\/244976862_1148764235648818_5103690420266252166_n.jpg","contentUrl":"https:\/\/informelitoral.com.ar\/%77%70%2d%63%6f%6e%74%65%6e%74\/uploads\/2021\/10\/244976862_1148764235648818_5103690420266252166_n.jpg","width":1080,"height":720},{"@type":"BreadcrumbList","@id":"https:\/\/informelitoral.com.ar\/aranguren-presente-en-una-jornada-cultural-para-adultos-mayores\/#breadcrumb","itemListElement":[{"@type":"ListItem","position":1,"name":"Portada","item":"https:\/\/informelitoral.com.ar\/"},{"@type":"ListItem","position":2,"name":"Aranguren presente en una jornada cultural para adultos mayores"}]},{"@type":"WebSite","@id":"https:\/\/informelitoral.com.ar\/#website","url":"https:\/\/informelitoral.com.ar\/","name":"Informe Litoral","description":"&quot;Nos informamos&quot; ","publisher":{"@id":"https:\/\/informelitoral.com.ar\/#organization"},"potentialAction":[{"@type":"SearchAction","target":{"@type":"EntryPoint","urlTemplate":"https:\/\/informelitoral.com.ar\/?s={search_term_string}"},"query-input":{"@type":"PropertyValueSpecification","valueRequired":true,"valueName":"search_term_string"}}],"inLanguage":"es"},{"@type":"Organization","@id":"https:\/\/informelitoral.com.ar\/#organization","name":"Informe Litoral","url":"https:\/\/informelitoral.com.ar\/","logo":{"@type":"ImageObject","inLanguage":"es","@id":"https:\/\/informelitoral.com.ar\/#\/schema\/logo\/image\/","url":"https:\/\/informelitoral.com.ar\/%77%70%2d%63%6f%6e%74%65%6e%74\/uploads\/2021\/01\/circulo.png","contentUrl":"https:\/\/informelitoral.com.ar\/%77%70%2d%63%6f%6e%74%65%6e%74\/uploads\/2021\/01\/circulo.png","width":723,"height":731,"caption":"Informe Litoral"},"image":{"@id":"https:\/\/informelitoral.com.ar\/#\/schema\/logo\/image\/"},"sameAs":["https:\/\/www.facebook.com\/informelitoral\/","https:\/\/x.com\/InformeLitoral","https:\/\/www.instagram.com\/informelitoral\/","https:\/\/www.youtube.com\/channel\/UCua4Qvz8Icb6MYqhoq9xLXw"]},{"@type":"Person","@id":"https:\/\/informelitoral.com.ar\/#\/schema\/person\/b9d00407c836482871ef1d57bf8e3180","name":"Gonzalo Schmidt","image":{"@type":"ImageObject","inLanguage":"es","@id":"https:\/\/secure.gravatar.com\/avatar\/31a1a7b66ff2de83bd0e9fd79d026630d2d99e55e8bfe501287647b4fd9743de?s=96&d=mm&r=g","url":"https:\/\/secure.gravatar.com\/avatar\/31a1a7b66ff2de83bd0e9fd79d026630d2d99e55e8bfe501287647b4fd9743de?s=96&d=mm&r=g","contentUrl":"https:\/\/secure.gravatar.com\/avatar\/31a1a7b66ff2de83bd0e9fd79d026630d2d99e55e8bfe501287647b4fd9743de?s=96&d=mm&r=g","caption":"Gonzalo Schmidt"},"description":"Sitio web de noticias de la provincia de Entre R\u00edos, Argentina. Informaci\u00f3n y entretenimiento. Informe Litoral, nos informamos.","sameAs":["http:\/\/www.isletasnoticias.com.ar"],"url":"https:\/\/informelitoral.com.ar\/author\/gonzalo\/"}]}},"_links":{"self":[{"href":"https:\/\/informelitoral.com.ar\/%77%70%2d%6a%73%6f%6e\/wp\/v2\/posts\/66048","targetHints":{"allow":["GET"]}}],"collection":[{"href":"https:\/\/informelitoral.com.ar\/%77%70%2d%6a%73%6f%6e\/wp\/v2\/posts"}],"about":[{"href":"https:\/\/informelitoral.com.ar\/%77%70%2d%6a%73%6f%6e\/wp\/v2\/types\/post"}],"author":[{"embeddable":true,"href":"https:\/\/informelitoral.com.ar\/%77%70%2d%6a%73%6f%6e\/wp\/v2\/users\/2"}],"replies":[{"embeddable":true,"href":"https:\/\/informelitoral.com.ar\/%77%70%2d%6a%73%6f%6e\/wp\/v2\/comments?post=66048"}],"version-history":[{"count":0,"href":"https:\/\/informelitoral.com.ar\/%77%70%2d%6a%73%6f%6e\/wp\/v2\/posts\/66048\/revisions"}],"wp:featuredmedia":[{"embeddable":true,"href":"https:\/\/informelitoral.com.ar\/%77%70%2d%6a%73%6f%6e\/wp\/v2\/media\/66052"}],"wp:attachment":[{"href":"https:\/\/informelitoral.com.ar\/%77%70%2d%6a%73%6f%6e\/wp\/v2\/media?parent=66048"}],"wp:term":[{"taxonomy":"category","embeddable":true,"href":"https:\/\/informelitoral.com.ar\/%77%70%2d%6a%73%6f%6e\/wp\/v2\/categories?post=66048"},{"taxonomy":"post_tag","embeddable":true,"href":"https:\/\/informelitoral.com.ar\/%77%70%2d%6a%73%6f%6e\/wp\/v2\/tags?post=66048"}],"curies":[{"name":"wp","href":"https:\/\/api.w.org\/{rel}","templated":true}]}}