{"id":66012,"date":"2021-10-10T00:22:06","date_gmt":"2021-10-10T03:22:06","guid":{"rendered":"https:\/\/www.informelitoral.com.ar\/?p=66012"},"modified":"2021-10-10T00:22:06","modified_gmt":"2021-10-10T03:22:06","slug":"los-cortes-de-carne-a-precios-accesibles-se-mantienen-hasta-fin-de-ano","status":"publish","type":"post","link":"https:\/\/informelitoral.com.ar\/los-cortes-de-carne-a-precios-accesibles-se-mantienen-hasta-fin-de-ano\/","title":{"rendered":"Los cortes de carne a precios accesibles se mantienen hasta fin de a\u00f1o"},"content":{"rendered":"<p>El Gobierno nacional renov\u00f3 hasta el 31 de diciembre el acuerdo con representantes de la cadena de producci\u00f3n y comercializaci\u00f3n de la carne bovina que garantiza la oferta de, al menos, 6.000 toneladas mensuales de cortes a precios accesibles en m\u00e1s de 1.000 bocas de expendio.<\/p>\n<p>El acuerdo -rubricado por los Ministerios de Desarrollo Productivo y de Agricultura, Ganader\u00eda y Pesca- mantiene los precios vigentes hasta el momento:<strong>\u00a0asado de tira a $359 el kilo; vac\u00edo a $499<\/strong>; matambre a $549; falda a $229; tapa de asado a $429;\u00a0<strong>cuadrada\/bola de lomo a $515<\/strong>; roast beef\/aguja a $409; carnaza\/cogote a $379; y paleta a $485 el kilo.<\/p>\n<p><strong>Los cortes estar\u00e1n disponibles a esos precios todos los d\u00edas de la semana, en las m\u00e1s de 1.000 bocas de expendio de los supermercados y las cadenas de carnicer\u00edas de los frigor\u00edficos<\/strong>, precis\u00f3 la cartera productiva en un comunicado.<\/p>\n<p>\u00abAl igual que en el acuerdo previo, en la regi\u00f3n de la Patagonia los precios de venta al p\u00fablico tendr\u00e1n un adicional de 6% por costos log\u00edsticos, y no se comercializar\u00e1n los cortes con hueso al sur del r\u00edo Colorado dadas las restricciones establecidas por la Barrera Zoofitosanitaria Patag\u00f3nica\u00bb, precis\u00f3 la cartera de Desarrollo Productivo.<\/p>\n<p>En representaci\u00f3n del Gobierno firmaron el acuerdo el ministro de Desarrollo Productivo, Mat\u00edas Kulfas, y el secretario de Agricultura, Ganader\u00eda y Pesca, Jorge Solmi. Tambi\u00e9n estuvieron presentes la secretaria de Comercio Interior, Paula Espa\u00f1ol; y el jefe de Gabinete del Ministerio de Desarrollo Productivo, Alejandro Sehtman.<\/p>\n<p>Por parte del sector privado participaron el presidente del Consorcio de Exportadores de Carnes Argentinas (ABC), Mario Ravettino; el director de la Asociaci\u00f3n de Supermercados Unidos (ASU), Juan Vasco Mart\u00ednez; el presidente de Federaci\u00f3n de Industrias Frigor\u00edficas Regionales Argentinas (Fifra), Daniel Urc\u00eda -que particip\u00f3 de la reuni\u00f3n de manera virtual-; y el presidente de la Uni\u00f3n de la Industria C\u00e1rnica Argentina (Unica), Gustavo Valsangi\u00e1como.<\/p>\n<p>Adem\u00e1s, formaron parte del encuentro el Consorcio de Exportadores de Carnes de Argentina (CECA); y los frigor\u00edficos exportadores nucleados en la C\u00e1mara Argentina de la Industria Frigor\u00edfica (Cadif).<\/p>\n<p>La renovaci\u00f3n del acuerdo se produce luego de que el ministro de Agricultura, Ganader\u00eda y Pesca, Juli\u00e1n Dom\u00ednguez, y el jefe de Gabinete, Juan Manzur, anunciaran a fines de septiembre pasado la decisi\u00f3n de liberar las exportaciones de vaca conserva y manufactura a China.<img loading=\"lazy\" decoding=\"async\" class=\" lazyloaded\" src=\"https:\/\/i1.wp.com\/www.telam.com.ar\/advf\/imagenes\/2021\/09\/61365723c8a40_1004x564.jpg?w=696&amp;ssl=1\" alt=\"El Consorcio de Exportadores de Carnes Argentinas  y la Asociaci\u00f3n de Supermercados Unidos son algunas de las entidades que rubricaron el acuerdo.\" width=\"1\" height=\"1\" data-src=\"https:\/\/i1.wp.com\/www.telam.com.ar\/advf\/imagenes\/2021\/09\/61365723c8a40_1004x564.jpg?w=696&amp;ssl=1\" \/>El Consorcio de Exportadores de Carnes Argentinas y la Asociaci\u00f3n de Supermercados Unidos son algunas de las entidades que rubricaron el acuerdo.<\/p>\n<p>Las limitaciones impuestas por el Gobierno a las exportaciones de carne, en un principio de gran magnitud y luego reducida a un volumen equivalente al 50% de los env\u00edos concretados en igual per\u00edodo del a\u00f1o pasado, era uno de los principales reclamos de las entidades del campo, las c\u00e1maras exportadoras y la cadena c\u00e1rnica en general.<\/p>\n<p>El levantamiento de las restricciones a los env\u00edos de carne de conserva y manufactura a China permiti\u00f3 frenar los reclamos del sector, sin repercutir adem\u00e1s en los precios internos debido a que ese tipo de corte \u2013en general de animales de gran edad y con alto contenido de grasa- no tiene alta demanda en el pa\u00eds mientras que en la naci\u00f3n asi\u00e1tica su consumo es alto.<\/p>\n<p>Las limitaciones fijadas a las exportaciones de carne vacuna comenzaron a aplicarse en junio pasado, con el objetivo primordial de frenar la fuerte suba de precios registrada a lo largo del \u00faltimo a\u00f1o,<strong>\u00a0de entre 70% y 80%,<\/strong>\u00a0sensiblemente por encima de la inflaci\u00f3n del mismo per\u00edodo.<\/p>\n<p>A partir de las instrumentaci\u00f3n de estas restricciones, el precio de la carne marc\u00f3 en promedio tres meses consecutivos con leves bajas, logrando de esta forma valores estables para el consumo interno.<\/p>\n<p>El jueves, el Instituto de Promoci\u00f3n de la Carne Vacuna (Ipcva) inform\u00f3 que en septiembre los precios de la carne vacuna registraron un leve retroceso de 0,1% respecto a agosto.<\/p>\n<p><strong>El cotejo interanual, por su parte, marc\u00f3 un incremento promedio de 72,7% respecto al noveno mes de 2020.<\/strong><\/p>\n<p>De esta manera, la carne encaden\u00f3 su tercer mes consecutivo a la baja tras implementarse medidas de restricci\u00f3n a las exportaciones por parte del Gobierno nacional en junio pasado.<\/p>\n<p>Los cortes que en septiembre mostraron una mayor retracci\u00f3n respecto al mes previo fueron la falda, con una merma de 5%; la tapa de nalga, -2,6%; y el roast beef, -1,3%.<\/p>\n<p>En tanto, los mayores aumentos se dieron en las hamburguesas congeladas, con una suba de 7,1%; picada com\u00fan, 2,9%; y colita de cuadril, 1,6%.<\/p>\n","protected":false},"excerpt":{"rendered":"<p>El asado de tira se mantiene a 359 pesos y el vac\u00edo a 499. Los cortes se encuentran en m\u00e1s de 1.000 bocas de expendio, seg\u00fan el Gobierno. <\/p>\n","protected":false},"author":2,"featured_media":55539,"comment_status":"open","ping_status":"open","sticky":false,"template":"","format":"standard","meta":{"fifu_image_url":"","fifu_image_alt":"","footnotes":""},"categories":[7],"tags":[389,32],"class_list":{"0":"post-66012","1":"post","2":"type-post","3":"status-publish","4":"format-standard","5":"has-post-thumbnail","7":"category-nacionales","8":"tag-carne","9":"tag-precios"},"yoast_head":"<title>Los cortes de carne a precios accesibles se mantienen hasta fin de a\u00f1o - Informe Litoral<\/title>\n<meta name=\"robots\" content=\"index, follow, max-snippet:-1, max-image-preview:large, max-video-preview:-1\" \/>\n<link rel=\"canonical\" href=\"https:\/\/informelitoral.com.ar\/los-cortes-de-carne-a-precios-accesibles-se-mantienen-hasta-fin-de-ano\/\" \/>\n<meta property=\"og:locale\" content=\"es_ES\" \/>\n<meta property=\"og:type\" content=\"article\" \/>\n<meta property=\"og:title\" content=\"Los cortes de carne a precios accesibles se mantienen hasta fin de a\u00f1o - Informe Litoral\" \/>\n<meta property=\"og:description\" content=\"El asado de tira se mantiene a 359 pesos y el vac\u00edo a 499. Los cortes se encuentran en m\u00e1s de 1.000 bocas de expendio, seg\u00fan el Gobierno.\" \/>\n<meta property=\"og:url\" content=\"https:\/\/informelitoral.com.ar\/los-cortes-de-carne-a-precios-accesibles-se-mantienen-hasta-fin-de-ano\/\" \/>\n<meta property=\"og:site_name\" content=\"Informe Litoral\" \/>\n<meta property=\"article:publisher\" content=\"https:\/\/www.facebook.com\/informelitoral\/\" \/>\n<meta property=\"article:published_time\" content=\"2021-10-10T03:22:06+00:00\" \/>\n<meta property=\"og:image\" content=\"https:\/\/informelitoral.com.ar\/%77%70%2d%63%6f%6e%74%65%6e%74\/uploads\/2021\/01\/Asado.jpg\" \/>\n\t<meta property=\"og:image:width\" content=\"1000\" \/>\n\t<meta property=\"og:image:height\" content=\"570\" \/>\n\t<meta property=\"og:image:type\" content=\"image\/jpeg\" \/>\n<meta name=\"author\" content=\"Gonzalo Schmidt\" \/>\n<meta name=\"twitter:card\" content=\"summary_large_image\" \/>\n<meta name=\"twitter:creator\" content=\"@InformeLitoral\" \/>\n<meta name=\"twitter:site\" content=\"@InformeLitoral\" \/>\n<meta name=\"twitter:label1\" content=\"Escrito por\" \/>\n\t<meta name=\"twitter:data1\" content=\"Gonzalo Schmidt\" \/>\n\t<meta name=\"twitter:label2\" content=\"Tiempo de lectura\" \/>\n\t<meta name=\"twitter:data2\" content=\"4 minutos\" \/>\n<script type=\"application\/ld+json\" class=\"yoast-schema-graph\">{\"@context\":\"https:\\\/\\\/schema.org\",\"@graph\":[{\"@type\":\"Article\",\"@id\":\"https:\\\/\\\/informelitoral.com.ar\\\/los-cortes-de-carne-a-precios-accesibles-se-mantienen-hasta-fin-de-ano\\\/#article\",\"isPartOf\":{\"@id\":\"https:\\\/\\\/informelitoral.com.ar\\\/los-cortes-de-carne-a-precios-accesibles-se-mantienen-hasta-fin-de-ano\\\/\"},\"author\":{\"name\":\"Gonzalo Schmidt\",\"@id\":\"https:\\\/\\\/informelitoral.com.ar\\\/#\\\/schema\\\/person\\\/b9d00407c836482871ef1d57bf8e3180\"},\"headline\":\"Los cortes de carne a precios accesibles se mantienen hasta fin de a\u00f1o\",\"datePublished\":\"2021-10-10T03:22:06+00:00\",\"mainEntityOfPage\":{\"@id\":\"https:\\\/\\\/informelitoral.com.ar\\\/los-cortes-de-carne-a-precios-accesibles-se-mantienen-hasta-fin-de-ano\\\/\"},\"wordCount\":790,\"commentCount\":0,\"publisher\":{\"@id\":\"https:\\\/\\\/informelitoral.com.ar\\\/#organization\"},\"image\":{\"@id\":\"https:\\\/\\\/informelitoral.com.ar\\\/los-cortes-de-carne-a-precios-accesibles-se-mantienen-hasta-fin-de-ano\\\/#primaryimage\"},\"thumbnailUrl\":\"https:\\\/\\\/informelitoral.com.ar\\\/%77%70%2d%63%6f%6e%74%65%6e%74\\\/uploads\\\/2021\\\/01\\\/Asado.jpg\",\"keywords\":[\"Carne\",\"precios\"],\"articleSection\":[\"Nacionales\"],\"inLanguage\":\"es\",\"potentialAction\":[{\"@type\":\"CommentAction\",\"name\":\"Comment\",\"target\":[\"https:\\\/\\\/informelitoral.com.ar\\\/los-cortes-de-carne-a-precios-accesibles-se-mantienen-hasta-fin-de-ano\\\/#respond\"]}]},{\"@type\":\"WebPage\",\"@id\":\"https:\\\/\\\/informelitoral.com.ar\\\/los-cortes-de-carne-a-precios-accesibles-se-mantienen-hasta-fin-de-ano\\\/\",\"url\":\"https:\\\/\\\/informelitoral.com.ar\\\/los-cortes-de-carne-a-precios-accesibles-se-mantienen-hasta-fin-de-ano\\\/\",\"name\":\"Los cortes de carne a precios accesibles se mantienen hasta fin de a\u00f1o - Informe Litoral\",\"isPartOf\":{\"@id\":\"https:\\\/\\\/informelitoral.com.ar\\\/#website\"},\"primaryImageOfPage\":{\"@id\":\"https:\\\/\\\/informelitoral.com.ar\\\/los-cortes-de-carne-a-precios-accesibles-se-mantienen-hasta-fin-de-ano\\\/#primaryimage\"},\"image\":{\"@id\":\"https:\\\/\\\/informelitoral.com.ar\\\/los-cortes-de-carne-a-precios-accesibles-se-mantienen-hasta-fin-de-ano\\\/#primaryimage\"},\"thumbnailUrl\":\"https:\\\/\\\/informelitoral.com.ar\\\/%77%70%2d%63%6f%6e%74%65%6e%74\\\/uploads\\\/2021\\\/01\\\/Asado.jpg\",\"datePublished\":\"2021-10-10T03:22:06+00:00\",\"breadcrumb\":{\"@id\":\"https:\\\/\\\/informelitoral.com.ar\\\/los-cortes-de-carne-a-precios-accesibles-se-mantienen-hasta-fin-de-ano\\\/#breadcrumb\"},\"inLanguage\":\"es\",\"potentialAction\":[{\"@type\":\"ReadAction\",\"target\":[\"https:\\\/\\\/informelitoral.com.ar\\\/los-cortes-de-carne-a-precios-accesibles-se-mantienen-hasta-fin-de-ano\\\/\"]}]},{\"@type\":\"ImageObject\",\"inLanguage\":\"es\",\"@id\":\"https:\\\/\\\/informelitoral.com.ar\\\/los-cortes-de-carne-a-precios-accesibles-se-mantienen-hasta-fin-de-ano\\\/#primaryimage\",\"url\":\"https:\\\/\\\/informelitoral.com.ar\\\/%77%70%2d%63%6f%6e%74%65%6e%74\\\/uploads\\\/2021\\\/01\\\/Asado.jpg\",\"contentUrl\":\"https:\\\/\\\/informelitoral.com.ar\\\/%77%70%2d%63%6f%6e%74%65%6e%74\\\/uploads\\\/2021\\\/01\\\/Asado.jpg\",\"width\":1000,\"height\":570},{\"@type\":\"BreadcrumbList\",\"@id\":\"https:\\\/\\\/informelitoral.com.ar\\\/los-cortes-de-carne-a-precios-accesibles-se-mantienen-hasta-fin-de-ano\\\/#breadcrumb\",\"itemListElement\":[{\"@type\":\"ListItem\",\"position\":1,\"name\":\"Portada\",\"item\":\"https:\\\/\\\/informelitoral.com.ar\\\/\"},{\"@type\":\"ListItem\",\"position\":2,\"name\":\"Los cortes de carne a precios accesibles se mantienen hasta fin de a\u00f1o\"}]},{\"@type\":\"WebSite\",\"@id\":\"https:\\\/\\\/informelitoral.com.ar\\\/#website\",\"url\":\"https:\\\/\\\/informelitoral.com.ar\\\/\",\"name\":\"Informe Litoral\",\"description\":\"&quot;Nos informamos&quot; \",\"publisher\":{\"@id\":\"https:\\\/\\\/informelitoral.com.ar\\\/#organization\"},\"potentialAction\":[{\"@type\":\"SearchAction\",\"target\":{\"@type\":\"EntryPoint\",\"urlTemplate\":\"https:\\\/\\\/informelitoral.com.ar\\\/?s={search_term_string}\"},\"query-input\":{\"@type\":\"PropertyValueSpecification\",\"valueRequired\":true,\"valueName\":\"search_term_string\"}}],\"inLanguage\":\"es\"},{\"@type\":\"Organization\",\"@id\":\"https:\\\/\\\/informelitoral.com.ar\\\/#organization\",\"name\":\"Informe Litoral\",\"url\":\"https:\\\/\\\/informelitoral.com.ar\\\/\",\"logo\":{\"@type\":\"ImageObject\",\"inLanguage\":\"es\",\"@id\":\"https:\\\/\\\/informelitoral.com.ar\\\/#\\\/schema\\\/logo\\\/image\\\/\",\"url\":\"https:\\\/\\\/informelitoral.com.ar\\\/%77%70%2d%63%6f%6e%74%65%6e%74\\\/uploads\\\/2021\\\/01\\\/circulo.png\",\"contentUrl\":\"https:\\\/\\\/informelitoral.com.ar\\\/%77%70%2d%63%6f%6e%74%65%6e%74\\\/uploads\\\/2021\\\/01\\\/circulo.png\",\"width\":723,\"height\":731,\"caption\":\"Informe Litoral\"},\"image\":{\"@id\":\"https:\\\/\\\/informelitoral.com.ar\\\/#\\\/schema\\\/logo\\\/image\\\/\"},\"sameAs\":[\"https:\\\/\\\/www.facebook.com\\\/informelitoral\\\/\",\"https:\\\/\\\/x.com\\\/InformeLitoral\",\"https:\\\/\\\/www.instagram.com\\\/informelitoral\\\/\",\"https:\\\/\\\/www.youtube.com\\\/channel\\\/UCua4Qvz8Icb6MYqhoq9xLXw\"]},{\"@type\":\"Person\",\"@id\":\"https:\\\/\\\/informelitoral.com.ar\\\/#\\\/schema\\\/person\\\/b9d00407c836482871ef1d57bf8e3180\",\"name\":\"Gonzalo Schmidt\",\"image\":{\"@type\":\"ImageObject\",\"inLanguage\":\"es\",\"@id\":\"https:\\\/\\\/secure.gravatar.com\\\/avatar\\\/31a1a7b66ff2de83bd0e9fd79d026630d2d99e55e8bfe501287647b4fd9743de?s=96&d=mm&r=g\",\"url\":\"https:\\\/\\\/secure.gravatar.com\\\/avatar\\\/31a1a7b66ff2de83bd0e9fd79d026630d2d99e55e8bfe501287647b4fd9743de?s=96&d=mm&r=g\",\"contentUrl\":\"https:\\\/\\\/secure.gravatar.com\\\/avatar\\\/31a1a7b66ff2de83bd0e9fd79d026630d2d99e55e8bfe501287647b4fd9743de?s=96&d=mm&r=g\",\"caption\":\"Gonzalo Schmidt\"},\"description\":\"Sitio web de noticias de la provincia de Entre R\u00edos, Argentina. Informaci\u00f3n y entretenimiento. Informe Litoral, nos informamos.\",\"sameAs\":[\"http:\\\/\\\/www.isletasnoticias.com.ar\"],\"url\":\"https:\\\/\\\/informelitoral.com.ar\\\/author\\\/gonzalo\\\/\"}]}<\/script>","yoast_head_json":{"title":"Los cortes de carne a precios accesibles se mantienen hasta fin de a\u00f1o - Informe Litoral","robots":{"index":"index","follow":"follow","max-snippet":"max-snippet:-1","max-image-preview":"max-image-preview:large","max-video-preview":"max-video-preview:-1"},"canonical":"https:\/\/informelitoral.com.ar\/los-cortes-de-carne-a-precios-accesibles-se-mantienen-hasta-fin-de-ano\/","og_locale":"es_ES","og_type":"article","og_title":"Los cortes de carne a precios accesibles se mantienen hasta fin de a\u00f1o - Informe Litoral","og_description":"El asado de tira se mantiene a 359 pesos y el vac\u00edo a 499. Los cortes se encuentran en m\u00e1s de 1.000 bocas de expendio, seg\u00fan el Gobierno.","og_url":"https:\/\/informelitoral.com.ar\/los-cortes-de-carne-a-precios-accesibles-se-mantienen-hasta-fin-de-ano\/","og_site_name":"Informe Litoral","article_publisher":"https:\/\/www.facebook.com\/informelitoral\/","article_published_time":"2021-10-10T03:22:06+00:00","og_image":[{"width":1000,"height":570,"url":"https:\/\/informelitoral.com.ar\/%77%70%2d%63%6f%6e%74%65%6e%74\/uploads\/2021\/01\/Asado.jpg","type":"image\/jpeg"}],"author":"Gonzalo Schmidt","twitter_card":"summary_large_image","twitter_creator":"@InformeLitoral","twitter_site":"@InformeLitoral","twitter_misc":{"Escrito por":"Gonzalo Schmidt","Tiempo de lectura":"4 minutos"},"schema":{"@context":"https:\/\/schema.org","@graph":[{"@type":"Article","@id":"https:\/\/informelitoral.com.ar\/los-cortes-de-carne-a-precios-accesibles-se-mantienen-hasta-fin-de-ano\/#article","isPartOf":{"@id":"https:\/\/informelitoral.com.ar\/los-cortes-de-carne-a-precios-accesibles-se-mantienen-hasta-fin-de-ano\/"},"author":{"name":"Gonzalo Schmidt","@id":"https:\/\/informelitoral.com.ar\/#\/schema\/person\/b9d00407c836482871ef1d57bf8e3180"},"headline":"Los cortes de carne a precios accesibles se mantienen hasta fin de a\u00f1o","datePublished":"2021-10-10T03:22:06+00:00","mainEntityOfPage":{"@id":"https:\/\/informelitoral.com.ar\/los-cortes-de-carne-a-precios-accesibles-se-mantienen-hasta-fin-de-ano\/"},"wordCount":790,"commentCount":0,"publisher":{"@id":"https:\/\/informelitoral.com.ar\/#organization"},"image":{"@id":"https:\/\/informelitoral.com.ar\/los-cortes-de-carne-a-precios-accesibles-se-mantienen-hasta-fin-de-ano\/#primaryimage"},"thumbnailUrl":"https:\/\/informelitoral.com.ar\/%77%70%2d%63%6f%6e%74%65%6e%74\/uploads\/2021\/01\/Asado.jpg","keywords":["Carne","precios"],"articleSection":["Nacionales"],"inLanguage":"es","potentialAction":[{"@type":"CommentAction","name":"Comment","target":["https:\/\/informelitoral.com.ar\/los-cortes-de-carne-a-precios-accesibles-se-mantienen-hasta-fin-de-ano\/#respond"]}]},{"@type":"WebPage","@id":"https:\/\/informelitoral.com.ar\/los-cortes-de-carne-a-precios-accesibles-se-mantienen-hasta-fin-de-ano\/","url":"https:\/\/informelitoral.com.ar\/los-cortes-de-carne-a-precios-accesibles-se-mantienen-hasta-fin-de-ano\/","name":"Los cortes de carne a precios accesibles se mantienen hasta fin de a\u00f1o - Informe Litoral","isPartOf":{"@id":"https:\/\/informelitoral.com.ar\/#website"},"primaryImageOfPage":{"@id":"https:\/\/informelitoral.com.ar\/los-cortes-de-carne-a-precios-accesibles-se-mantienen-hasta-fin-de-ano\/#primaryimage"},"image":{"@id":"https:\/\/informelitoral.com.ar\/los-cortes-de-carne-a-precios-accesibles-se-mantienen-hasta-fin-de-ano\/#primaryimage"},"thumbnailUrl":"https:\/\/informelitoral.com.ar\/%77%70%2d%63%6f%6e%74%65%6e%74\/uploads\/2021\/01\/Asado.jpg","datePublished":"2021-10-10T03:22:06+00:00","breadcrumb":{"@id":"https:\/\/informelitoral.com.ar\/los-cortes-de-carne-a-precios-accesibles-se-mantienen-hasta-fin-de-ano\/#breadcrumb"},"inLanguage":"es","potentialAction":[{"@type":"ReadAction","target":["https:\/\/informelitoral.com.ar\/los-cortes-de-carne-a-precios-accesibles-se-mantienen-hasta-fin-de-ano\/"]}]},{"@type":"ImageObject","inLanguage":"es","@id":"https:\/\/informelitoral.com.ar\/los-cortes-de-carne-a-precios-accesibles-se-mantienen-hasta-fin-de-ano\/#primaryimage","url":"https:\/\/informelitoral.com.ar\/%77%70%2d%63%6f%6e%74%65%6e%74\/uploads\/2021\/01\/Asado.jpg","contentUrl":"https:\/\/informelitoral.com.ar\/%77%70%2d%63%6f%6e%74%65%6e%74\/uploads\/2021\/01\/Asado.jpg","width":1000,"height":570},{"@type":"BreadcrumbList","@id":"https:\/\/informelitoral.com.ar\/los-cortes-de-carne-a-precios-accesibles-se-mantienen-hasta-fin-de-ano\/#breadcrumb","itemListElement":[{"@type":"ListItem","position":1,"name":"Portada","item":"https:\/\/informelitoral.com.ar\/"},{"@type":"ListItem","position":2,"name":"Los cortes de carne a precios accesibles se mantienen hasta fin de a\u00f1o"}]},{"@type":"WebSite","@id":"https:\/\/informelitoral.com.ar\/#website","url":"https:\/\/informelitoral.com.ar\/","name":"Informe Litoral","description":"&quot;Nos informamos&quot; ","publisher":{"@id":"https:\/\/informelitoral.com.ar\/#organization"},"potentialAction":[{"@type":"SearchAction","target":{"@type":"EntryPoint","urlTemplate":"https:\/\/informelitoral.com.ar\/?s={search_term_string}"},"query-input":{"@type":"PropertyValueSpecification","valueRequired":true,"valueName":"search_term_string"}}],"inLanguage":"es"},{"@type":"Organization","@id":"https:\/\/informelitoral.com.ar\/#organization","name":"Informe Litoral","url":"https:\/\/informelitoral.com.ar\/","logo":{"@type":"ImageObject","inLanguage":"es","@id":"https:\/\/informelitoral.com.ar\/#\/schema\/logo\/image\/","url":"https:\/\/informelitoral.com.ar\/%77%70%2d%63%6f%6e%74%65%6e%74\/uploads\/2021\/01\/circulo.png","contentUrl":"https:\/\/informelitoral.com.ar\/%77%70%2d%63%6f%6e%74%65%6e%74\/uploads\/2021\/01\/circulo.png","width":723,"height":731,"caption":"Informe Litoral"},"image":{"@id":"https:\/\/informelitoral.com.ar\/#\/schema\/logo\/image\/"},"sameAs":["https:\/\/www.facebook.com\/informelitoral\/","https:\/\/x.com\/InformeLitoral","https:\/\/www.instagram.com\/informelitoral\/","https:\/\/www.youtube.com\/channel\/UCua4Qvz8Icb6MYqhoq9xLXw"]},{"@type":"Person","@id":"https:\/\/informelitoral.com.ar\/#\/schema\/person\/b9d00407c836482871ef1d57bf8e3180","name":"Gonzalo Schmidt","image":{"@type":"ImageObject","inLanguage":"es","@id":"https:\/\/secure.gravatar.com\/avatar\/31a1a7b66ff2de83bd0e9fd79d026630d2d99e55e8bfe501287647b4fd9743de?s=96&d=mm&r=g","url":"https:\/\/secure.gravatar.com\/avatar\/31a1a7b66ff2de83bd0e9fd79d026630d2d99e55e8bfe501287647b4fd9743de?s=96&d=mm&r=g","contentUrl":"https:\/\/secure.gravatar.com\/avatar\/31a1a7b66ff2de83bd0e9fd79d026630d2d99e55e8bfe501287647b4fd9743de?s=96&d=mm&r=g","caption":"Gonzalo Schmidt"},"description":"Sitio web de noticias de la provincia de Entre R\u00edos, Argentina. Informaci\u00f3n y entretenimiento. Informe Litoral, nos informamos.","sameAs":["http:\/\/www.isletasnoticias.com.ar"],"url":"https:\/\/informelitoral.com.ar\/author\/gonzalo\/"}]}},"_links":{"self":[{"href":"https:\/\/informelitoral.com.ar\/%77%70%2d%6a%73%6f%6e\/wp\/v2\/posts\/66012","targetHints":{"allow":["GET"]}}],"collection":[{"href":"https:\/\/informelitoral.com.ar\/%77%70%2d%6a%73%6f%6e\/wp\/v2\/posts"}],"about":[{"href":"https:\/\/informelitoral.com.ar\/%77%70%2d%6a%73%6f%6e\/wp\/v2\/types\/post"}],"author":[{"embeddable":true,"href":"https:\/\/informelitoral.com.ar\/%77%70%2d%6a%73%6f%6e\/wp\/v2\/users\/2"}],"replies":[{"embeddable":true,"href":"https:\/\/informelitoral.com.ar\/%77%70%2d%6a%73%6f%6e\/wp\/v2\/comments?post=66012"}],"version-history":[{"count":0,"href":"https:\/\/informelitoral.com.ar\/%77%70%2d%6a%73%6f%6e\/wp\/v2\/posts\/66012\/revisions"}],"wp:featuredmedia":[{"embeddable":true,"href":"https:\/\/informelitoral.com.ar\/%77%70%2d%6a%73%6f%6e\/wp\/v2\/media\/55539"}],"wp:attachment":[{"href":"https:\/\/informelitoral.com.ar\/%77%70%2d%6a%73%6f%6e\/wp\/v2\/media?parent=66012"}],"wp:term":[{"taxonomy":"category","embeddable":true,"href":"https:\/\/informelitoral.com.ar\/%77%70%2d%6a%73%6f%6e\/wp\/v2\/categories?post=66012"},{"taxonomy":"post_tag","embeddable":true,"href":"https:\/\/informelitoral.com.ar\/%77%70%2d%6a%73%6f%6e\/wp\/v2\/tags?post=66012"}],"curies":[{"name":"wp","href":"https:\/\/api.w.org\/{rel}","templated":true}]}}