{"id":6599,"date":"2014-04-16T19:56:35","date_gmt":"2014-04-16T22:56:35","guid":{"rendered":"http:\/\/www.isletasnoticias.com.ar\/?p=6599"},"modified":"2014-04-16T20:39:15","modified_gmt":"2014-04-16T23:39:15","slug":"el-primer-emprendimiento-turistico-isletense-da-sus-primeros-pasos","status":"publish","type":"post","link":"https:\/\/informelitoral.com.ar\/el-primer-emprendimiento-turistico-isletense-da-sus-primeros-pasos\/","title":{"rendered":"El primer emprendimiento tur\u00edstico isletense da sus primeros pasos"},"content":{"rendered":"<div title=\"14:51\" data-jsid=\"message\"><strong>Tierra Adentro Turismo Rural comenzar\u00e1 con su primer actividad el pr\u00f3ximo s\u00e1bado 19, siendo parte de un\u00a0trekking que partir\u00e1 desde Paran\u00e1 y finalizar\u00e1 en Molino Doll. El ambicioso proyecto comenz\u00f3 a planificarse desde hace varios a\u00f1os y su punto central es la Ex Pista Ch\u00e9mez, ahora con nuevo nombre y su antigua casa totalmente renovada. La iniciativa significa el mayor avance en materia tur\u00edstica para la localidad. M\u00e1s fotos en nuestra<em><a href=\"https:\/\/www.facebook.com\/profile.php?id=387747244685524&amp;ref=ts&amp;fref=ts\"> P\u00e1gina en Facebook.\u00a0<\/a><\/em><\/strong><\/div>\n<div title=\"14:51\" data-jsid=\"message\"><a href=\"http:\/\/www.isletasnoticias.com.ar\/%77%70%2d%63%6f%6e%74%65%6e%74\/uploads\/2014\/04\/Tierra-Adentro.jpg\"><img loading=\"lazy\" decoding=\"async\" class=\"aligncenter  wp-image-6600\" alt=\"Tierra Adentro\" src=\"http:\/\/www.isletasnoticias.com.ar\/%77%70%2d%63%6f%6e%74%65%6e%74\/uploads\/2014\/04\/Tierra-Adentro-300x200.jpg\" width=\"500\" height=\"300\" \/><\/a><\/div>\n<div title=\"14:51\" data-jsid=\"message\">El pasado 13 de abril, Tierra Adentro Turismo Rural, lanz\u00f3 su<strong> <a href=\"https:\/\/www.facebook.com\/pages\/Tierra-Adentro-Turismo-rural\/466498670117592\">P\u00e1gina en Facebook<\/a><\/strong> y ya cuenta con m\u00e1s de 260 seguidores, quienes dan un \u00abMe Gusta\u00bb a las im\u00e1genes, comentan, recuerdan, conocen y las comparten en sus propios muros de la red social.<\/div>\n<div title=\"14:51\" data-jsid=\"message\"><\/div>\n<div title=\"14:51\" data-jsid=\"message\">Tierra Adentro es el primer emprendimiento tur\u00edstico de la localidad de Isletas, en el departamento Diamante, por lo que genera expectativas entre los vecinos.<\/div>\n<div title=\"14:51\" data-jsid=\"message\"><\/div>\n<div title=\"14:51\" data-jsid=\"message\">Su sitio central es la Ex Pista y Almac\u00e9n Ch\u00e9mez, que tras varios a\u00f1os de trabajo por parte de su nueva due\u00f1a e impulsora, Nancy Eichmann, qued\u00f3 totalmente renovado para recibir a los visitantes, pero sin perder su estilo antiguo.<\/div>\n<div title=\"14:51\" data-jsid=\"message\"><\/div>\n<div title=\"14:51\" data-jsid=\"message\">Se trata de una \u00abpropuesta tur\u00edstica de una familia de descendiente de alemanes del Volga que vive y trabaja en el espacio rural e invita a compartir esa experiencia de vida\u00bb, es as\u00ed como se presenta el flamante lugar en sociedad.<\/div>\n<div title=\"14:51\" data-jsid=\"message\"><\/div>\n<div title=\"14:51\" data-jsid=\"message\">Este s\u00e1bado 19, se recibir\u00e1n oficialmente los primeros visitantes, inform\u00f3 <strong>Nancy Eichmann<\/strong> a<em><strong> ISLETAS NOTICIAS<\/strong><\/em>, quien se mostr\u00f3 sorprendida por las consultas que ya fueron recibiendo, aunque aclar\u00f3 que la idea es comenzar a paso a paso para brindar la mejor atenci\u00f3n posible a los turistas.<\/div>\n<div title=\"14:51\" data-jsid=\"message\"><\/div>\n<div title=\"14:51\" data-jsid=\"message\">La primer actividad es un trekking impulsado por <a href=\"https:\/\/www.facebook.com\/LitoralEcoturismo\">Litoral Ecoturismo<\/a>, que partir\u00e1 el s\u00e1bado desde Paran\u00e1 a las 9.00, luego llegar\u00e1n a Isletas para conocer el flamante lugar y \u00abdegustar algo rico\u00bb, para partir rumbo al Arrollo Doll en un trekking de 10 km. que finalizar\u00e1 en Molino Doll.<\/div>\n<div title=\"14:51\" data-jsid=\"message\"><\/div>\n<div title=\"14:51\" data-jsid=\"message\">Tierra Adentro, ofrecer\u00e1 comidas t\u00edpicas alemanas, caminatas, paseos a caballo, conocimiento de las actividades productivas que se desarrollan en la zona, el Arroyo Doll, entre otras iniciativas que se ir\u00e1n sumando, por lo que ser\u00e1 importante el grado de involucramiento de la comunidad en general.<\/div>\n<div title=\"14:51\" data-jsid=\"message\"><\/div>\n<div title=\"14:51\" data-jsid=\"message\">La localidad tiene una nueva oportunidad para darse a conocer en diferentes \u00e1mbitos y aprovechar las bellezas del lugar, que hasta el momento pasaban desapercibidas. No quedan dudas que desde el campo tambi\u00e9n se puede ofrecer innovaci\u00f3n y propuestas tur\u00edsticas.<\/div>\n<div title=\"14:51\" data-jsid=\"message\"><\/div>\n<div title=\"14:51\" data-jsid=\"message\">A medida que avance el emprendimiento, en <strong><em>IN<\/em><\/strong>, daremos m\u00e1s detalles.<\/div>\n","protected":false},"excerpt":{"rendered":"<p>Tierra Adentro Turismo Rural comenzar&aacute; con su primer actividad el pr&oacute;ximo s&aacute;bado 19, siendo parte de un&nbsp;trekking que partir&aacute; desde Paran&aacute; y finalizar&aacute; en Molino Doll. El ambicioso proyecto comenz&oacute; a planificarse desde hace varios a&ntilde;os y su punto central es la Ex Pista Ch&eacute;mez, ahora con nuevo nombre y su antigua casa totalmente renovada. [&hellip;]<\/p>\n","protected":false},"author":2,"featured_media":0,"comment_status":"open","ping_status":"open","sticky":false,"template":"","format":"standard","meta":{"fifu_image_url":"","fifu_image_alt":"","footnotes":""},"categories":[4],"tags":[],"class_list":{"0":"post-6599","1":"post","2":"type-post","3":"status-publish","4":"format-standard","6":"category-locales"},"yoast_head":"<title>El primer emprendimiento tur\u00edstico isletense da sus primeros pasos - Informe Litoral<\/title>\n<meta name=\"robots\" content=\"index, follow, max-snippet:-1, max-image-preview:large, max-video-preview:-1\" \/>\n<link rel=\"canonical\" href=\"https:\/\/informelitoral.com.ar\/el-primer-emprendimiento-turistico-isletense-da-sus-primeros-pasos\/\" \/>\n<meta property=\"og:locale\" content=\"es_ES\" \/>\n<meta property=\"og:type\" content=\"article\" \/>\n<meta property=\"og:title\" content=\"El primer emprendimiento tur\u00edstico isletense da sus primeros pasos - Informe Litoral\" \/>\n<meta property=\"og:description\" content=\"Tierra Adentro Turismo Rural comenzar&aacute; con su primer actividad el pr&oacute;ximo s&aacute;bado 19, siendo parte de un&nbsp;trekking que partir&aacute; desde Paran&aacute; y finalizar&aacute; en Molino Doll. El ambicioso proyecto comenz&oacute; a planificarse desde hace varios a&ntilde;os y su punto central es la Ex Pista Ch&eacute;mez, ahora con nuevo nombre y su antigua casa totalmente renovada. [&hellip;]\" \/>\n<meta property=\"og:url\" content=\"https:\/\/informelitoral.com.ar\/el-primer-emprendimiento-turistico-isletense-da-sus-primeros-pasos\/\" \/>\n<meta property=\"og:site_name\" content=\"Informe Litoral\" \/>\n<meta property=\"article:publisher\" content=\"https:\/\/www.facebook.com\/informelitoral\/\" \/>\n<meta property=\"article:published_time\" content=\"2014-04-16T22:56:35+00:00\" \/>\n<meta property=\"article:modified_time\" content=\"2014-04-16T23:39:15+00:00\" \/>\n<meta property=\"og:image\" content=\"https:\/\/informelitoral.com.ar\/%77%70%2d%63%6f%6e%74%65%6e%74\/uploads\/2014\/04\/Tierra-Adentro.jpg\" \/>\n\t<meta property=\"og:image:width\" content=\"960\" \/>\n\t<meta property=\"og:image:height\" content=\"640\" \/>\n\t<meta property=\"og:image:type\" content=\"image\/jpeg\" \/>\n<meta name=\"author\" content=\"Gonzalo Schmidt\" \/>\n<meta name=\"twitter:card\" content=\"summary_large_image\" \/>\n<meta name=\"twitter:creator\" content=\"@InformeLitoral\" \/>\n<meta name=\"twitter:site\" content=\"@InformeLitoral\" \/>\n<meta name=\"twitter:label1\" content=\"Escrito por\" \/>\n\t<meta name=\"twitter:data1\" content=\"Gonzalo Schmidt\" \/>\n\t<meta name=\"twitter:label2\" content=\"Tiempo de lectura\" \/>\n\t<meta name=\"twitter:data2\" content=\"2 minutos\" \/>\n<script type=\"application\/ld+json\" class=\"yoast-schema-graph\">{\"@context\":\"https:\\\/\\\/schema.org\",\"@graph\":[{\"@type\":\"Article\",\"@id\":\"https:\\\/\\\/informelitoral.com.ar\\\/el-primer-emprendimiento-turistico-isletense-da-sus-primeros-pasos\\\/#article\",\"isPartOf\":{\"@id\":\"https:\\\/\\\/informelitoral.com.ar\\\/el-primer-emprendimiento-turistico-isletense-da-sus-primeros-pasos\\\/\"},\"author\":{\"name\":\"Gonzalo Schmidt\",\"@id\":\"https:\\\/\\\/informelitoral.com.ar\\\/#\\\/schema\\\/person\\\/b9d00407c836482871ef1d57bf8e3180\"},\"headline\":\"El primer emprendimiento tur\u00edstico isletense da sus primeros pasos\",\"datePublished\":\"2014-04-16T22:56:35+00:00\",\"dateModified\":\"2014-04-16T23:39:15+00:00\",\"mainEntityOfPage\":{\"@id\":\"https:\\\/\\\/informelitoral.com.ar\\\/el-primer-emprendimiento-turistico-isletense-da-sus-primeros-pasos\\\/\"},\"wordCount\":446,\"commentCount\":0,\"publisher\":{\"@id\":\"https:\\\/\\\/informelitoral.com.ar\\\/#organization\"},\"image\":{\"@id\":\"https:\\\/\\\/informelitoral.com.ar\\\/el-primer-emprendimiento-turistico-isletense-da-sus-primeros-pasos\\\/#primaryimage\"},\"thumbnailUrl\":\"http:\\\/\\\/www.isletasnoticias.com.ar\\\/%77%70%2d%63%6f%6e%74%65%6e%74\\\/uploads\\\/2014\\\/04\\\/Tierra-Adentro-300x200.jpg\",\"articleSection\":[\"Isletas\"],\"inLanguage\":\"es\",\"potentialAction\":[{\"@type\":\"CommentAction\",\"name\":\"Comment\",\"target\":[\"https:\\\/\\\/informelitoral.com.ar\\\/el-primer-emprendimiento-turistico-isletense-da-sus-primeros-pasos\\\/#respond\"]}]},{\"@type\":\"WebPage\",\"@id\":\"https:\\\/\\\/informelitoral.com.ar\\\/el-primer-emprendimiento-turistico-isletense-da-sus-primeros-pasos\\\/\",\"url\":\"https:\\\/\\\/informelitoral.com.ar\\\/el-primer-emprendimiento-turistico-isletense-da-sus-primeros-pasos\\\/\",\"name\":\"El primer emprendimiento tur\u00edstico isletense da sus primeros pasos - Informe Litoral\",\"isPartOf\":{\"@id\":\"https:\\\/\\\/informelitoral.com.ar\\\/#website\"},\"primaryImageOfPage\":{\"@id\":\"https:\\\/\\\/informelitoral.com.ar\\\/el-primer-emprendimiento-turistico-isletense-da-sus-primeros-pasos\\\/#primaryimage\"},\"image\":{\"@id\":\"https:\\\/\\\/informelitoral.com.ar\\\/el-primer-emprendimiento-turistico-isletense-da-sus-primeros-pasos\\\/#primaryimage\"},\"thumbnailUrl\":\"http:\\\/\\\/www.isletasnoticias.com.ar\\\/%77%70%2d%63%6f%6e%74%65%6e%74\\\/uploads\\\/2014\\\/04\\\/Tierra-Adentro-300x200.jpg\",\"datePublished\":\"2014-04-16T22:56:35+00:00\",\"dateModified\":\"2014-04-16T23:39:15+00:00\",\"breadcrumb\":{\"@id\":\"https:\\\/\\\/informelitoral.com.ar\\\/el-primer-emprendimiento-turistico-isletense-da-sus-primeros-pasos\\\/#breadcrumb\"},\"inLanguage\":\"es\",\"potentialAction\":[{\"@type\":\"ReadAction\",\"target\":[\"https:\\\/\\\/informelitoral.com.ar\\\/el-primer-emprendimiento-turistico-isletense-da-sus-primeros-pasos\\\/\"]}]},{\"@type\":\"ImageObject\",\"inLanguage\":\"es\",\"@id\":\"https:\\\/\\\/informelitoral.com.ar\\\/el-primer-emprendimiento-turistico-isletense-da-sus-primeros-pasos\\\/#primaryimage\",\"url\":\"http:\\\/\\\/www.isletasnoticias.com.ar\\\/%77%70%2d%63%6f%6e%74%65%6e%74\\\/uploads\\\/2014\\\/04\\\/Tierra-Adentro-300x200.jpg\",\"contentUrl\":\"http:\\\/\\\/www.isletasnoticias.com.ar\\\/%77%70%2d%63%6f%6e%74%65%6e%74\\\/uploads\\\/2014\\\/04\\\/Tierra-Adentro-300x200.jpg\"},{\"@type\":\"BreadcrumbList\",\"@id\":\"https:\\\/\\\/informelitoral.com.ar\\\/el-primer-emprendimiento-turistico-isletense-da-sus-primeros-pasos\\\/#breadcrumb\",\"itemListElement\":[{\"@type\":\"ListItem\",\"position\":1,\"name\":\"Portada\",\"item\":\"https:\\\/\\\/informelitoral.com.ar\\\/\"},{\"@type\":\"ListItem\",\"position\":2,\"name\":\"El primer emprendimiento tur\u00edstico isletense da sus primeros pasos\"}]},{\"@type\":\"WebSite\",\"@id\":\"https:\\\/\\\/informelitoral.com.ar\\\/#website\",\"url\":\"https:\\\/\\\/informelitoral.com.ar\\\/\",\"name\":\"Informe Litoral\",\"description\":\"&quot;Nos informamos&quot; \",\"publisher\":{\"@id\":\"https:\\\/\\\/informelitoral.com.ar\\\/#organization\"},\"potentialAction\":[{\"@type\":\"SearchAction\",\"target\":{\"@type\":\"EntryPoint\",\"urlTemplate\":\"https:\\\/\\\/informelitoral.com.ar\\\/?s={search_term_string}\"},\"query-input\":{\"@type\":\"PropertyValueSpecification\",\"valueRequired\":true,\"valueName\":\"search_term_string\"}}],\"inLanguage\":\"es\"},{\"@type\":\"Organization\",\"@id\":\"https:\\\/\\\/informelitoral.com.ar\\\/#organization\",\"name\":\"Informe Litoral\",\"url\":\"https:\\\/\\\/informelitoral.com.ar\\\/\",\"logo\":{\"@type\":\"ImageObject\",\"inLanguage\":\"es\",\"@id\":\"https:\\\/\\\/informelitoral.com.ar\\\/#\\\/schema\\\/logo\\\/image\\\/\",\"url\":\"https:\\\/\\\/informelitoral.com.ar\\\/%77%70%2d%63%6f%6e%74%65%6e%74\\\/uploads\\\/2021\\\/01\\\/circulo.png\",\"contentUrl\":\"https:\\\/\\\/informelitoral.com.ar\\\/%77%70%2d%63%6f%6e%74%65%6e%74\\\/uploads\\\/2021\\\/01\\\/circulo.png\",\"width\":723,\"height\":731,\"caption\":\"Informe Litoral\"},\"image\":{\"@id\":\"https:\\\/\\\/informelitoral.com.ar\\\/#\\\/schema\\\/logo\\\/image\\\/\"},\"sameAs\":[\"https:\\\/\\\/www.facebook.com\\\/informelitoral\\\/\",\"https:\\\/\\\/x.com\\\/InformeLitoral\",\"https:\\\/\\\/www.instagram.com\\\/informelitoral\\\/\",\"https:\\\/\\\/www.youtube.com\\\/channel\\\/UCua4Qvz8Icb6MYqhoq9xLXw\"]},{\"@type\":\"Person\",\"@id\":\"https:\\\/\\\/informelitoral.com.ar\\\/#\\\/schema\\\/person\\\/b9d00407c836482871ef1d57bf8e3180\",\"name\":\"Gonzalo Schmidt\",\"image\":{\"@type\":\"ImageObject\",\"inLanguage\":\"es\",\"@id\":\"https:\\\/\\\/secure.gravatar.com\\\/avatar\\\/31a1a7b66ff2de83bd0e9fd79d026630d2d99e55e8bfe501287647b4fd9743de?s=96&d=mm&r=g\",\"url\":\"https:\\\/\\\/secure.gravatar.com\\\/avatar\\\/31a1a7b66ff2de83bd0e9fd79d026630d2d99e55e8bfe501287647b4fd9743de?s=96&d=mm&r=g\",\"contentUrl\":\"https:\\\/\\\/secure.gravatar.com\\\/avatar\\\/31a1a7b66ff2de83bd0e9fd79d026630d2d99e55e8bfe501287647b4fd9743de?s=96&d=mm&r=g\",\"caption\":\"Gonzalo Schmidt\"},\"description\":\"Sitio web de noticias de la provincia de Entre R\u00edos, Argentina. Informaci\u00f3n y entretenimiento. Informe Litoral, nos informamos.\",\"sameAs\":[\"http:\\\/\\\/www.isletasnoticias.com.ar\"],\"url\":\"https:\\\/\\\/informelitoral.com.ar\\\/author\\\/gonzalo\\\/\"}]}<\/script>","yoast_head_json":{"title":"El primer emprendimiento tur\u00edstico isletense da sus primeros pasos - Informe Litoral","robots":{"index":"index","follow":"follow","max-snippet":"max-snippet:-1","max-image-preview":"max-image-preview:large","max-video-preview":"max-video-preview:-1"},"canonical":"https:\/\/informelitoral.com.ar\/el-primer-emprendimiento-turistico-isletense-da-sus-primeros-pasos\/","og_locale":"es_ES","og_type":"article","og_title":"El primer emprendimiento tur\u00edstico isletense da sus primeros pasos - Informe Litoral","og_description":"Tierra Adentro Turismo Rural comenzar&aacute; con su primer actividad el pr&oacute;ximo s&aacute;bado 19, siendo parte de un&nbsp;trekking que partir&aacute; desde Paran&aacute; y finalizar&aacute; en Molino Doll. El ambicioso proyecto comenz&oacute; a planificarse desde hace varios a&ntilde;os y su punto central es la Ex Pista Ch&eacute;mez, ahora con nuevo nombre y su antigua casa totalmente renovada. [&hellip;]","og_url":"https:\/\/informelitoral.com.ar\/el-primer-emprendimiento-turistico-isletense-da-sus-primeros-pasos\/","og_site_name":"Informe Litoral","article_publisher":"https:\/\/www.facebook.com\/informelitoral\/","article_published_time":"2014-04-16T22:56:35+00:00","article_modified_time":"2014-04-16T23:39:15+00:00","og_image":[{"width":960,"height":640,"url":"https:\/\/informelitoral.com.ar\/%77%70%2d%63%6f%6e%74%65%6e%74\/uploads\/2014\/04\/Tierra-Adentro.jpg","type":"image\/jpeg"}],"author":"Gonzalo Schmidt","twitter_card":"summary_large_image","twitter_creator":"@InformeLitoral","twitter_site":"@InformeLitoral","twitter_misc":{"Escrito por":"Gonzalo Schmidt","Tiempo de lectura":"2 minutos"},"schema":{"@context":"https:\/\/schema.org","@graph":[{"@type":"Article","@id":"https:\/\/informelitoral.com.ar\/el-primer-emprendimiento-turistico-isletense-da-sus-primeros-pasos\/#article","isPartOf":{"@id":"https:\/\/informelitoral.com.ar\/el-primer-emprendimiento-turistico-isletense-da-sus-primeros-pasos\/"},"author":{"name":"Gonzalo Schmidt","@id":"https:\/\/informelitoral.com.ar\/#\/schema\/person\/b9d00407c836482871ef1d57bf8e3180"},"headline":"El primer emprendimiento tur\u00edstico isletense da sus primeros pasos","datePublished":"2014-04-16T22:56:35+00:00","dateModified":"2014-04-16T23:39:15+00:00","mainEntityOfPage":{"@id":"https:\/\/informelitoral.com.ar\/el-primer-emprendimiento-turistico-isletense-da-sus-primeros-pasos\/"},"wordCount":446,"commentCount":0,"publisher":{"@id":"https:\/\/informelitoral.com.ar\/#organization"},"image":{"@id":"https:\/\/informelitoral.com.ar\/el-primer-emprendimiento-turistico-isletense-da-sus-primeros-pasos\/#primaryimage"},"thumbnailUrl":"http:\/\/www.isletasnoticias.com.ar\/%77%70%2d%63%6f%6e%74%65%6e%74\/uploads\/2014\/04\/Tierra-Adentro-300x200.jpg","articleSection":["Isletas"],"inLanguage":"es","potentialAction":[{"@type":"CommentAction","name":"Comment","target":["https:\/\/informelitoral.com.ar\/el-primer-emprendimiento-turistico-isletense-da-sus-primeros-pasos\/#respond"]}]},{"@type":"WebPage","@id":"https:\/\/informelitoral.com.ar\/el-primer-emprendimiento-turistico-isletense-da-sus-primeros-pasos\/","url":"https:\/\/informelitoral.com.ar\/el-primer-emprendimiento-turistico-isletense-da-sus-primeros-pasos\/","name":"El primer emprendimiento tur\u00edstico isletense da sus primeros pasos - Informe Litoral","isPartOf":{"@id":"https:\/\/informelitoral.com.ar\/#website"},"primaryImageOfPage":{"@id":"https:\/\/informelitoral.com.ar\/el-primer-emprendimiento-turistico-isletense-da-sus-primeros-pasos\/#primaryimage"},"image":{"@id":"https:\/\/informelitoral.com.ar\/el-primer-emprendimiento-turistico-isletense-da-sus-primeros-pasos\/#primaryimage"},"thumbnailUrl":"http:\/\/www.isletasnoticias.com.ar\/%77%70%2d%63%6f%6e%74%65%6e%74\/uploads\/2014\/04\/Tierra-Adentro-300x200.jpg","datePublished":"2014-04-16T22:56:35+00:00","dateModified":"2014-04-16T23:39:15+00:00","breadcrumb":{"@id":"https:\/\/informelitoral.com.ar\/el-primer-emprendimiento-turistico-isletense-da-sus-primeros-pasos\/#breadcrumb"},"inLanguage":"es","potentialAction":[{"@type":"ReadAction","target":["https:\/\/informelitoral.com.ar\/el-primer-emprendimiento-turistico-isletense-da-sus-primeros-pasos\/"]}]},{"@type":"ImageObject","inLanguage":"es","@id":"https:\/\/informelitoral.com.ar\/el-primer-emprendimiento-turistico-isletense-da-sus-primeros-pasos\/#primaryimage","url":"http:\/\/www.isletasnoticias.com.ar\/%77%70%2d%63%6f%6e%74%65%6e%74\/uploads\/2014\/04\/Tierra-Adentro-300x200.jpg","contentUrl":"http:\/\/www.isletasnoticias.com.ar\/%77%70%2d%63%6f%6e%74%65%6e%74\/uploads\/2014\/04\/Tierra-Adentro-300x200.jpg"},{"@type":"BreadcrumbList","@id":"https:\/\/informelitoral.com.ar\/el-primer-emprendimiento-turistico-isletense-da-sus-primeros-pasos\/#breadcrumb","itemListElement":[{"@type":"ListItem","position":1,"name":"Portada","item":"https:\/\/informelitoral.com.ar\/"},{"@type":"ListItem","position":2,"name":"El primer emprendimiento tur\u00edstico isletense da sus primeros pasos"}]},{"@type":"WebSite","@id":"https:\/\/informelitoral.com.ar\/#website","url":"https:\/\/informelitoral.com.ar\/","name":"Informe Litoral","description":"&quot;Nos informamos&quot; ","publisher":{"@id":"https:\/\/informelitoral.com.ar\/#organization"},"potentialAction":[{"@type":"SearchAction","target":{"@type":"EntryPoint","urlTemplate":"https:\/\/informelitoral.com.ar\/?s={search_term_string}"},"query-input":{"@type":"PropertyValueSpecification","valueRequired":true,"valueName":"search_term_string"}}],"inLanguage":"es"},{"@type":"Organization","@id":"https:\/\/informelitoral.com.ar\/#organization","name":"Informe Litoral","url":"https:\/\/informelitoral.com.ar\/","logo":{"@type":"ImageObject","inLanguage":"es","@id":"https:\/\/informelitoral.com.ar\/#\/schema\/logo\/image\/","url":"https:\/\/informelitoral.com.ar\/%77%70%2d%63%6f%6e%74%65%6e%74\/uploads\/2021\/01\/circulo.png","contentUrl":"https:\/\/informelitoral.com.ar\/%77%70%2d%63%6f%6e%74%65%6e%74\/uploads\/2021\/01\/circulo.png","width":723,"height":731,"caption":"Informe Litoral"},"image":{"@id":"https:\/\/informelitoral.com.ar\/#\/schema\/logo\/image\/"},"sameAs":["https:\/\/www.facebook.com\/informelitoral\/","https:\/\/x.com\/InformeLitoral","https:\/\/www.instagram.com\/informelitoral\/","https:\/\/www.youtube.com\/channel\/UCua4Qvz8Icb6MYqhoq9xLXw"]},{"@type":"Person","@id":"https:\/\/informelitoral.com.ar\/#\/schema\/person\/b9d00407c836482871ef1d57bf8e3180","name":"Gonzalo Schmidt","image":{"@type":"ImageObject","inLanguage":"es","@id":"https:\/\/secure.gravatar.com\/avatar\/31a1a7b66ff2de83bd0e9fd79d026630d2d99e55e8bfe501287647b4fd9743de?s=96&d=mm&r=g","url":"https:\/\/secure.gravatar.com\/avatar\/31a1a7b66ff2de83bd0e9fd79d026630d2d99e55e8bfe501287647b4fd9743de?s=96&d=mm&r=g","contentUrl":"https:\/\/secure.gravatar.com\/avatar\/31a1a7b66ff2de83bd0e9fd79d026630d2d99e55e8bfe501287647b4fd9743de?s=96&d=mm&r=g","caption":"Gonzalo Schmidt"},"description":"Sitio web de noticias de la provincia de Entre R\u00edos, Argentina. Informaci\u00f3n y entretenimiento. Informe Litoral, nos informamos.","sameAs":["http:\/\/www.isletasnoticias.com.ar"],"url":"https:\/\/informelitoral.com.ar\/author\/gonzalo\/"}]}},"_links":{"self":[{"href":"https:\/\/informelitoral.com.ar\/%77%70%2d%6a%73%6f%6e\/wp\/v2\/posts\/6599","targetHints":{"allow":["GET"]}}],"collection":[{"href":"https:\/\/informelitoral.com.ar\/%77%70%2d%6a%73%6f%6e\/wp\/v2\/posts"}],"about":[{"href":"https:\/\/informelitoral.com.ar\/%77%70%2d%6a%73%6f%6e\/wp\/v2\/types\/post"}],"author":[{"embeddable":true,"href":"https:\/\/informelitoral.com.ar\/%77%70%2d%6a%73%6f%6e\/wp\/v2\/users\/2"}],"replies":[{"embeddable":true,"href":"https:\/\/informelitoral.com.ar\/%77%70%2d%6a%73%6f%6e\/wp\/v2\/comments?post=6599"}],"version-history":[{"count":0,"href":"https:\/\/informelitoral.com.ar\/%77%70%2d%6a%73%6f%6e\/wp\/v2\/posts\/6599\/revisions"}],"wp:attachment":[{"href":"https:\/\/informelitoral.com.ar\/%77%70%2d%6a%73%6f%6e\/wp\/v2\/media?parent=6599"}],"wp:term":[{"taxonomy":"category","embeddable":true,"href":"https:\/\/informelitoral.com.ar\/%77%70%2d%6a%73%6f%6e\/wp\/v2\/categories?post=6599"},{"taxonomy":"post_tag","embeddable":true,"href":"https:\/\/informelitoral.com.ar\/%77%70%2d%6a%73%6f%6e\/wp\/v2\/tags?post=6599"}],"curies":[{"name":"wp","href":"https:\/\/api.w.org\/{rel}","templated":true}]}}