{"id":6591,"date":"2014-04-17T09:00:16","date_gmt":"2014-04-17T12:00:16","guid":{"rendered":"http:\/\/www.isletasnoticias.com.ar\/?p=6591"},"modified":"2014-04-16T18:45:15","modified_gmt":"2014-04-16T21:45:15","slug":"proponen-que-el-26-de-noviembre-sea-el-dia-del-humorista-en-homenaje-a-fontanarrosa","status":"publish","type":"post","link":"https:\/\/informelitoral.com.ar\/proponen-que-el-26-de-noviembre-sea-el-dia-del-humorista-en-homenaje-a-fontanarrosa\/","title":{"rendered":"Proponen que el 26 de noviembre sea el \u00abD\u00eda del humorista\u00bb en homenaje a Fontanarrosa"},"content":{"rendered":"<p style=\"text-align: left;\"><strong>En los fundamentos del proyecto, los diputados recordaron que \u00abel negro\u00bb Fontanarrosa naci\u00f3 el 26 de noviembre de 1944 en la ciudad de Rosario y fue \u00abuno de los humoristas m\u00e1s destacados de la historia argentina, que incursion\u00f3 en el humor gr\u00e1fico, los medios audiovisuales, la ficci\u00f3n literaria y la dramaturgia\u00bb.<a href=\"http:\/\/www.isletasnoticias.com.ar\/%77%70%2d%63%6f%6e%74%65%6e%74\/uploads\/2014\/04\/fontanarrosa.jpg\"><img loading=\"lazy\" decoding=\"async\" class=\"aligncenter  wp-image-6592\" alt=\"061201 ARTE Y GENTE FIL 2006 ANDALUCIA FONTANARROSA FOTO PAULA ISLAS\" src=\"http:\/\/www.isletasnoticias.com.ar\/%77%70%2d%63%6f%6e%74%65%6e%74\/uploads\/2014\/04\/fontanarrosa-300x199.jpg\" width=\"500\" height=\"300\" \/><\/a><\/strong><\/p>\n<p>Diputados nacionales del Frente para la Victoria presentaron un proyecto para establecer el 26 de noviembre como el \u00abD\u00eda del Humorista\u00bb, en homenaje al nacimiento de <strong>Roberto \u00abel Negro\u00bb Fontanarrosa.<\/strong><\/p>\n<p>El proyecto es impulsado por la diputada nacional y referente de La C\u00e1mpora, Mayra Mendoza, y lleva las firmas de Andr\u00e9s \u00abCuervo\u00bb Larroque, Eduardo \u00abWado\u00bb De Pedro, Marcos Cleri, Mauricio G\u00f3mez Bull, Mar\u00eda Luz Alonso, Horacio Pietragalla, Mart\u00edn P\u00e9rez, Walter Santill\u00e1n, Anabel Fern\u00e1ndez Sagasti y Josefina Gonz\u00e1lez.<\/p>\n<p>En los fundamentos del proyecto, los diputados recordaron que \u00abel negro\u00bb Fontanarrosa naci\u00f3 el 26 de noviembre de 1944 en la ciudad de Rosario y fue \u00abuno de los humoristas m\u00e1s destacados de la historia argentina, que incursion\u00f3 en el humor gr\u00e1fico, los medios audiovisuales, la ficci\u00f3n literaria y la dramaturgia\u00bb.<\/p>\n<p>\u00abEl Negro no s\u00f3lo utiliz\u00f3 el humor para hacer re\u00edr, sino que adem\u00e1s lo emple\u00f3 como canal para establecer sus opiniones. Por ejemplo, durante la \u00faltima dictadura, logr\u00f3 una empat\u00eda con los lectores que pod\u00edan advertir, entre l\u00edneas, su mirada cr\u00edtica sobre los tiempos oscuros que se viv\u00edan en el pa\u00eds y al mismo tiempo, dibujarnos una sonrisa\u00bb, afirmaron en el proyecto que reprodujo<em> UNO.<\/em><\/p>\n<p>Asimismo, destacaron a Fontanarrosa como \u00abuno de los artistas que practicaron la resistencia cultural en momentos en que la censura era impuesta con mano de hierro por aquel Golpe de Estado\u00bb.<\/p>\n<p>Para los diputados, la obra del humorista \u00abtrascendi\u00f3 las fronteras argentinas y a\u00fan hoy es publicada en diarios y revistas de pa\u00edses como M\u00e9xico, Uruguay, Colombia, Brasil, Espa\u00f1a e Italia. La universalidad de su humor, le permiti\u00f3 superar los localismos convirti\u00e9ndose en un humorista reconocido a nivel internacional\u00bb.<\/p>\n<p>\u00abTodo esto deja a las claras que \u00abel negro\u00bb Fontanarrosa es un inmenso referente del humor\u00bb, sostuvieron.<\/p>\n","protected":false},"excerpt":{"rendered":"<p>En los fundamentos del proyecto, los diputados recordaron que &laquo;el negro&raquo; Fontanarrosa naci&oacute; el 26 de noviembre de 1944 en la ciudad de Rosario y fue &laquo;uno de los humoristas m&aacute;s destacados de la historia argentina, que incursion&oacute; en el humor gr&aacute;fico, los medios audiovisuales, la ficci&oacute;n literaria y la dramaturgia&raquo;. Diputados nacionales del Frente [&hellip;]<\/p>\n","protected":false},"author":2,"featured_media":0,"comment_status":"open","ping_status":"open","sticky":false,"template":"","format":"standard","meta":{"fifu_image_url":"","fifu_image_alt":"","footnotes":""},"categories":[7],"tags":[],"class_list":{"0":"post-6591","1":"post","2":"type-post","3":"status-publish","4":"format-standard","6":"category-nacionales"},"yoast_head":"<title>Proponen que el 26 de noviembre sea el &quot;D\u00eda del humorista&quot; en homenaje a Fontanarrosa - Informe Litoral<\/title>\n<meta name=\"robots\" content=\"index, follow, max-snippet:-1, max-image-preview:large, max-video-preview:-1\" \/>\n<link rel=\"canonical\" href=\"https:\/\/informelitoral.com.ar\/proponen-que-el-26-de-noviembre-sea-el-dia-del-humorista-en-homenaje-a-fontanarrosa\/\" \/>\n<meta property=\"og:locale\" content=\"es_ES\" \/>\n<meta property=\"og:type\" content=\"article\" \/>\n<meta property=\"og:title\" content=\"Proponen que el 26 de noviembre sea el &quot;D\u00eda del humorista&quot; en homenaje a Fontanarrosa - Informe Litoral\" \/>\n<meta property=\"og:description\" content=\"En los fundamentos del proyecto, los diputados recordaron que &laquo;el negro&raquo; Fontanarrosa naci&oacute; el 26 de noviembre de 1944 en la ciudad de Rosario y fue &laquo;uno de los humoristas m&aacute;s destacados de la historia argentina, que incursion&oacute; en el humor gr&aacute;fico, los medios audiovisuales, la ficci&oacute;n literaria y la dramaturgia&raquo;. Diputados nacionales del Frente [&hellip;]\" \/>\n<meta property=\"og:url\" content=\"https:\/\/informelitoral.com.ar\/proponen-que-el-26-de-noviembre-sea-el-dia-del-humorista-en-homenaje-a-fontanarrosa\/\" \/>\n<meta property=\"og:site_name\" content=\"Informe Litoral\" \/>\n<meta property=\"article:publisher\" content=\"https:\/\/www.facebook.com\/informelitoral\/\" \/>\n<meta property=\"article:published_time\" content=\"2014-04-17T12:00:16+00:00\" \/>\n<meta property=\"og:image\" content=\"https:\/\/informelitoral.com.ar\/%77%70%2d%63%6f%6e%74%65%6e%74\/uploads\/2014\/04\/fontanarrosa.jpg\" \/>\n\t<meta property=\"og:image:width\" content=\"1504\" \/>\n\t<meta property=\"og:image:height\" content=\"1000\" \/>\n\t<meta property=\"og:image:type\" content=\"image\/jpeg\" \/>\n<meta name=\"author\" content=\"Gonzalo Schmidt\" \/>\n<meta name=\"twitter:card\" content=\"summary_large_image\" \/>\n<meta name=\"twitter:creator\" content=\"@InformeLitoral\" \/>\n<meta name=\"twitter:site\" content=\"@InformeLitoral\" \/>\n<meta name=\"twitter:label1\" content=\"Escrito por\" \/>\n\t<meta name=\"twitter:data1\" content=\"Gonzalo Schmidt\" \/>\n\t<meta name=\"twitter:label2\" content=\"Tiempo de lectura\" \/>\n\t<meta name=\"twitter:data2\" content=\"2 minutos\" \/>\n<script type=\"application\/ld+json\" class=\"yoast-schema-graph\">{\"@context\":\"https:\\\/\\\/schema.org\",\"@graph\":[{\"@type\":\"Article\",\"@id\":\"https:\\\/\\\/informelitoral.com.ar\\\/proponen-que-el-26-de-noviembre-sea-el-dia-del-humorista-en-homenaje-a-fontanarrosa\\\/#article\",\"isPartOf\":{\"@id\":\"https:\\\/\\\/informelitoral.com.ar\\\/proponen-que-el-26-de-noviembre-sea-el-dia-del-humorista-en-homenaje-a-fontanarrosa\\\/\"},\"author\":{\"name\":\"Gonzalo Schmidt\",\"@id\":\"https:\\\/\\\/informelitoral.com.ar\\\/#\\\/schema\\\/person\\\/b9d00407c836482871ef1d57bf8e3180\"},\"headline\":\"Proponen que el 26 de noviembre sea el \u00abD\u00eda del humorista\u00bb en homenaje a Fontanarrosa\",\"datePublished\":\"2014-04-17T12:00:16+00:00\",\"mainEntityOfPage\":{\"@id\":\"https:\\\/\\\/informelitoral.com.ar\\\/proponen-que-el-26-de-noviembre-sea-el-dia-del-humorista-en-homenaje-a-fontanarrosa\\\/\"},\"wordCount\":380,\"commentCount\":0,\"publisher\":{\"@id\":\"https:\\\/\\\/informelitoral.com.ar\\\/#organization\"},\"image\":{\"@id\":\"https:\\\/\\\/informelitoral.com.ar\\\/proponen-que-el-26-de-noviembre-sea-el-dia-del-humorista-en-homenaje-a-fontanarrosa\\\/#primaryimage\"},\"thumbnailUrl\":\"http:\\\/\\\/www.isletasnoticias.com.ar\\\/%77%70%2d%63%6f%6e%74%65%6e%74\\\/uploads\\\/2014\\\/04\\\/fontanarrosa-300x199.jpg\",\"articleSection\":[\"Nacionales\"],\"inLanguage\":\"es\",\"potentialAction\":[{\"@type\":\"CommentAction\",\"name\":\"Comment\",\"target\":[\"https:\\\/\\\/informelitoral.com.ar\\\/proponen-que-el-26-de-noviembre-sea-el-dia-del-humorista-en-homenaje-a-fontanarrosa\\\/#respond\"]}]},{\"@type\":\"WebPage\",\"@id\":\"https:\\\/\\\/informelitoral.com.ar\\\/proponen-que-el-26-de-noviembre-sea-el-dia-del-humorista-en-homenaje-a-fontanarrosa\\\/\",\"url\":\"https:\\\/\\\/informelitoral.com.ar\\\/proponen-que-el-26-de-noviembre-sea-el-dia-del-humorista-en-homenaje-a-fontanarrosa\\\/\",\"name\":\"Proponen que el 26 de noviembre sea el \\\"D\u00eda del humorista\\\" en homenaje a Fontanarrosa - Informe Litoral\",\"isPartOf\":{\"@id\":\"https:\\\/\\\/informelitoral.com.ar\\\/#website\"},\"primaryImageOfPage\":{\"@id\":\"https:\\\/\\\/informelitoral.com.ar\\\/proponen-que-el-26-de-noviembre-sea-el-dia-del-humorista-en-homenaje-a-fontanarrosa\\\/#primaryimage\"},\"image\":{\"@id\":\"https:\\\/\\\/informelitoral.com.ar\\\/proponen-que-el-26-de-noviembre-sea-el-dia-del-humorista-en-homenaje-a-fontanarrosa\\\/#primaryimage\"},\"thumbnailUrl\":\"http:\\\/\\\/www.isletasnoticias.com.ar\\\/%77%70%2d%63%6f%6e%74%65%6e%74\\\/uploads\\\/2014\\\/04\\\/fontanarrosa-300x199.jpg\",\"datePublished\":\"2014-04-17T12:00:16+00:00\",\"breadcrumb\":{\"@id\":\"https:\\\/\\\/informelitoral.com.ar\\\/proponen-que-el-26-de-noviembre-sea-el-dia-del-humorista-en-homenaje-a-fontanarrosa\\\/#breadcrumb\"},\"inLanguage\":\"es\",\"potentialAction\":[{\"@type\":\"ReadAction\",\"target\":[\"https:\\\/\\\/informelitoral.com.ar\\\/proponen-que-el-26-de-noviembre-sea-el-dia-del-humorista-en-homenaje-a-fontanarrosa\\\/\"]}]},{\"@type\":\"ImageObject\",\"inLanguage\":\"es\",\"@id\":\"https:\\\/\\\/informelitoral.com.ar\\\/proponen-que-el-26-de-noviembre-sea-el-dia-del-humorista-en-homenaje-a-fontanarrosa\\\/#primaryimage\",\"url\":\"http:\\\/\\\/www.isletasnoticias.com.ar\\\/%77%70%2d%63%6f%6e%74%65%6e%74\\\/uploads\\\/2014\\\/04\\\/fontanarrosa-300x199.jpg\",\"contentUrl\":\"http:\\\/\\\/www.isletasnoticias.com.ar\\\/%77%70%2d%63%6f%6e%74%65%6e%74\\\/uploads\\\/2014\\\/04\\\/fontanarrosa-300x199.jpg\"},{\"@type\":\"BreadcrumbList\",\"@id\":\"https:\\\/\\\/informelitoral.com.ar\\\/proponen-que-el-26-de-noviembre-sea-el-dia-del-humorista-en-homenaje-a-fontanarrosa\\\/#breadcrumb\",\"itemListElement\":[{\"@type\":\"ListItem\",\"position\":1,\"name\":\"Portada\",\"item\":\"https:\\\/\\\/informelitoral.com.ar\\\/\"},{\"@type\":\"ListItem\",\"position\":2,\"name\":\"Proponen que el 26 de noviembre sea el \u00abD\u00eda del humorista\u00bb en homenaje a Fontanarrosa\"}]},{\"@type\":\"WebSite\",\"@id\":\"https:\\\/\\\/informelitoral.com.ar\\\/#website\",\"url\":\"https:\\\/\\\/informelitoral.com.ar\\\/\",\"name\":\"Informe Litoral\",\"description\":\"&quot;Nos informamos&quot; \",\"publisher\":{\"@id\":\"https:\\\/\\\/informelitoral.com.ar\\\/#organization\"},\"potentialAction\":[{\"@type\":\"SearchAction\",\"target\":{\"@type\":\"EntryPoint\",\"urlTemplate\":\"https:\\\/\\\/informelitoral.com.ar\\\/?s={search_term_string}\"},\"query-input\":{\"@type\":\"PropertyValueSpecification\",\"valueRequired\":true,\"valueName\":\"search_term_string\"}}],\"inLanguage\":\"es\"},{\"@type\":\"Organization\",\"@id\":\"https:\\\/\\\/informelitoral.com.ar\\\/#organization\",\"name\":\"Informe Litoral\",\"url\":\"https:\\\/\\\/informelitoral.com.ar\\\/\",\"logo\":{\"@type\":\"ImageObject\",\"inLanguage\":\"es\",\"@id\":\"https:\\\/\\\/informelitoral.com.ar\\\/#\\\/schema\\\/logo\\\/image\\\/\",\"url\":\"https:\\\/\\\/informelitoral.com.ar\\\/%77%70%2d%63%6f%6e%74%65%6e%74\\\/uploads\\\/2021\\\/01\\\/circulo.png\",\"contentUrl\":\"https:\\\/\\\/informelitoral.com.ar\\\/%77%70%2d%63%6f%6e%74%65%6e%74\\\/uploads\\\/2021\\\/01\\\/circulo.png\",\"width\":723,\"height\":731,\"caption\":\"Informe Litoral\"},\"image\":{\"@id\":\"https:\\\/\\\/informelitoral.com.ar\\\/#\\\/schema\\\/logo\\\/image\\\/\"},\"sameAs\":[\"https:\\\/\\\/www.facebook.com\\\/informelitoral\\\/\",\"https:\\\/\\\/x.com\\\/InformeLitoral\",\"https:\\\/\\\/www.instagram.com\\\/informelitoral\\\/\",\"https:\\\/\\\/www.youtube.com\\\/channel\\\/UCua4Qvz8Icb6MYqhoq9xLXw\"]},{\"@type\":\"Person\",\"@id\":\"https:\\\/\\\/informelitoral.com.ar\\\/#\\\/schema\\\/person\\\/b9d00407c836482871ef1d57bf8e3180\",\"name\":\"Gonzalo Schmidt\",\"image\":{\"@type\":\"ImageObject\",\"inLanguage\":\"es\",\"@id\":\"https:\\\/\\\/secure.gravatar.com\\\/avatar\\\/31a1a7b66ff2de83bd0e9fd79d026630d2d99e55e8bfe501287647b4fd9743de?s=96&d=mm&r=g\",\"url\":\"https:\\\/\\\/secure.gravatar.com\\\/avatar\\\/31a1a7b66ff2de83bd0e9fd79d026630d2d99e55e8bfe501287647b4fd9743de?s=96&d=mm&r=g\",\"contentUrl\":\"https:\\\/\\\/secure.gravatar.com\\\/avatar\\\/31a1a7b66ff2de83bd0e9fd79d026630d2d99e55e8bfe501287647b4fd9743de?s=96&d=mm&r=g\",\"caption\":\"Gonzalo Schmidt\"},\"description\":\"Sitio web de noticias de la provincia de Entre R\u00edos, Argentina. Informaci\u00f3n y entretenimiento. Informe Litoral, nos informamos.\",\"sameAs\":[\"http:\\\/\\\/www.isletasnoticias.com.ar\"],\"url\":\"https:\\\/\\\/informelitoral.com.ar\\\/author\\\/gonzalo\\\/\"}]}<\/script>","yoast_head_json":{"title":"Proponen que el 26 de noviembre sea el \"D\u00eda del humorista\" en homenaje a Fontanarrosa - Informe Litoral","robots":{"index":"index","follow":"follow","max-snippet":"max-snippet:-1","max-image-preview":"max-image-preview:large","max-video-preview":"max-video-preview:-1"},"canonical":"https:\/\/informelitoral.com.ar\/proponen-que-el-26-de-noviembre-sea-el-dia-del-humorista-en-homenaje-a-fontanarrosa\/","og_locale":"es_ES","og_type":"article","og_title":"Proponen que el 26 de noviembre sea el \"D\u00eda del humorista\" en homenaje a Fontanarrosa - Informe Litoral","og_description":"En los fundamentos del proyecto, los diputados recordaron que &laquo;el negro&raquo; Fontanarrosa naci&oacute; el 26 de noviembre de 1944 en la ciudad de Rosario y fue &laquo;uno de los humoristas m&aacute;s destacados de la historia argentina, que incursion&oacute; en el humor gr&aacute;fico, los medios audiovisuales, la ficci&oacute;n literaria y la dramaturgia&raquo;. Diputados nacionales del Frente [&hellip;]","og_url":"https:\/\/informelitoral.com.ar\/proponen-que-el-26-de-noviembre-sea-el-dia-del-humorista-en-homenaje-a-fontanarrosa\/","og_site_name":"Informe Litoral","article_publisher":"https:\/\/www.facebook.com\/informelitoral\/","article_published_time":"2014-04-17T12:00:16+00:00","og_image":[{"width":1504,"height":1000,"url":"https:\/\/informelitoral.com.ar\/%77%70%2d%63%6f%6e%74%65%6e%74\/uploads\/2014\/04\/fontanarrosa.jpg","type":"image\/jpeg"}],"author":"Gonzalo Schmidt","twitter_card":"summary_large_image","twitter_creator":"@InformeLitoral","twitter_site":"@InformeLitoral","twitter_misc":{"Escrito por":"Gonzalo Schmidt","Tiempo de lectura":"2 minutos"},"schema":{"@context":"https:\/\/schema.org","@graph":[{"@type":"Article","@id":"https:\/\/informelitoral.com.ar\/proponen-que-el-26-de-noviembre-sea-el-dia-del-humorista-en-homenaje-a-fontanarrosa\/#article","isPartOf":{"@id":"https:\/\/informelitoral.com.ar\/proponen-que-el-26-de-noviembre-sea-el-dia-del-humorista-en-homenaje-a-fontanarrosa\/"},"author":{"name":"Gonzalo Schmidt","@id":"https:\/\/informelitoral.com.ar\/#\/schema\/person\/b9d00407c836482871ef1d57bf8e3180"},"headline":"Proponen que el 26 de noviembre sea el \u00abD\u00eda del humorista\u00bb en homenaje a Fontanarrosa","datePublished":"2014-04-17T12:00:16+00:00","mainEntityOfPage":{"@id":"https:\/\/informelitoral.com.ar\/proponen-que-el-26-de-noviembre-sea-el-dia-del-humorista-en-homenaje-a-fontanarrosa\/"},"wordCount":380,"commentCount":0,"publisher":{"@id":"https:\/\/informelitoral.com.ar\/#organization"},"image":{"@id":"https:\/\/informelitoral.com.ar\/proponen-que-el-26-de-noviembre-sea-el-dia-del-humorista-en-homenaje-a-fontanarrosa\/#primaryimage"},"thumbnailUrl":"http:\/\/www.isletasnoticias.com.ar\/%77%70%2d%63%6f%6e%74%65%6e%74\/uploads\/2014\/04\/fontanarrosa-300x199.jpg","articleSection":["Nacionales"],"inLanguage":"es","potentialAction":[{"@type":"CommentAction","name":"Comment","target":["https:\/\/informelitoral.com.ar\/proponen-que-el-26-de-noviembre-sea-el-dia-del-humorista-en-homenaje-a-fontanarrosa\/#respond"]}]},{"@type":"WebPage","@id":"https:\/\/informelitoral.com.ar\/proponen-que-el-26-de-noviembre-sea-el-dia-del-humorista-en-homenaje-a-fontanarrosa\/","url":"https:\/\/informelitoral.com.ar\/proponen-que-el-26-de-noviembre-sea-el-dia-del-humorista-en-homenaje-a-fontanarrosa\/","name":"Proponen que el 26 de noviembre sea el \"D\u00eda del humorista\" en homenaje a Fontanarrosa - Informe Litoral","isPartOf":{"@id":"https:\/\/informelitoral.com.ar\/#website"},"primaryImageOfPage":{"@id":"https:\/\/informelitoral.com.ar\/proponen-que-el-26-de-noviembre-sea-el-dia-del-humorista-en-homenaje-a-fontanarrosa\/#primaryimage"},"image":{"@id":"https:\/\/informelitoral.com.ar\/proponen-que-el-26-de-noviembre-sea-el-dia-del-humorista-en-homenaje-a-fontanarrosa\/#primaryimage"},"thumbnailUrl":"http:\/\/www.isletasnoticias.com.ar\/%77%70%2d%63%6f%6e%74%65%6e%74\/uploads\/2014\/04\/fontanarrosa-300x199.jpg","datePublished":"2014-04-17T12:00:16+00:00","breadcrumb":{"@id":"https:\/\/informelitoral.com.ar\/proponen-que-el-26-de-noviembre-sea-el-dia-del-humorista-en-homenaje-a-fontanarrosa\/#breadcrumb"},"inLanguage":"es","potentialAction":[{"@type":"ReadAction","target":["https:\/\/informelitoral.com.ar\/proponen-que-el-26-de-noviembre-sea-el-dia-del-humorista-en-homenaje-a-fontanarrosa\/"]}]},{"@type":"ImageObject","inLanguage":"es","@id":"https:\/\/informelitoral.com.ar\/proponen-que-el-26-de-noviembre-sea-el-dia-del-humorista-en-homenaje-a-fontanarrosa\/#primaryimage","url":"http:\/\/www.isletasnoticias.com.ar\/%77%70%2d%63%6f%6e%74%65%6e%74\/uploads\/2014\/04\/fontanarrosa-300x199.jpg","contentUrl":"http:\/\/www.isletasnoticias.com.ar\/%77%70%2d%63%6f%6e%74%65%6e%74\/uploads\/2014\/04\/fontanarrosa-300x199.jpg"},{"@type":"BreadcrumbList","@id":"https:\/\/informelitoral.com.ar\/proponen-que-el-26-de-noviembre-sea-el-dia-del-humorista-en-homenaje-a-fontanarrosa\/#breadcrumb","itemListElement":[{"@type":"ListItem","position":1,"name":"Portada","item":"https:\/\/informelitoral.com.ar\/"},{"@type":"ListItem","position":2,"name":"Proponen que el 26 de noviembre sea el \u00abD\u00eda del humorista\u00bb en homenaje a Fontanarrosa"}]},{"@type":"WebSite","@id":"https:\/\/informelitoral.com.ar\/#website","url":"https:\/\/informelitoral.com.ar\/","name":"Informe Litoral","description":"&quot;Nos informamos&quot; ","publisher":{"@id":"https:\/\/informelitoral.com.ar\/#organization"},"potentialAction":[{"@type":"SearchAction","target":{"@type":"EntryPoint","urlTemplate":"https:\/\/informelitoral.com.ar\/?s={search_term_string}"},"query-input":{"@type":"PropertyValueSpecification","valueRequired":true,"valueName":"search_term_string"}}],"inLanguage":"es"},{"@type":"Organization","@id":"https:\/\/informelitoral.com.ar\/#organization","name":"Informe Litoral","url":"https:\/\/informelitoral.com.ar\/","logo":{"@type":"ImageObject","inLanguage":"es","@id":"https:\/\/informelitoral.com.ar\/#\/schema\/logo\/image\/","url":"https:\/\/informelitoral.com.ar\/%77%70%2d%63%6f%6e%74%65%6e%74\/uploads\/2021\/01\/circulo.png","contentUrl":"https:\/\/informelitoral.com.ar\/%77%70%2d%63%6f%6e%74%65%6e%74\/uploads\/2021\/01\/circulo.png","width":723,"height":731,"caption":"Informe Litoral"},"image":{"@id":"https:\/\/informelitoral.com.ar\/#\/schema\/logo\/image\/"},"sameAs":["https:\/\/www.facebook.com\/informelitoral\/","https:\/\/x.com\/InformeLitoral","https:\/\/www.instagram.com\/informelitoral\/","https:\/\/www.youtube.com\/channel\/UCua4Qvz8Icb6MYqhoq9xLXw"]},{"@type":"Person","@id":"https:\/\/informelitoral.com.ar\/#\/schema\/person\/b9d00407c836482871ef1d57bf8e3180","name":"Gonzalo Schmidt","image":{"@type":"ImageObject","inLanguage":"es","@id":"https:\/\/secure.gravatar.com\/avatar\/31a1a7b66ff2de83bd0e9fd79d026630d2d99e55e8bfe501287647b4fd9743de?s=96&d=mm&r=g","url":"https:\/\/secure.gravatar.com\/avatar\/31a1a7b66ff2de83bd0e9fd79d026630d2d99e55e8bfe501287647b4fd9743de?s=96&d=mm&r=g","contentUrl":"https:\/\/secure.gravatar.com\/avatar\/31a1a7b66ff2de83bd0e9fd79d026630d2d99e55e8bfe501287647b4fd9743de?s=96&d=mm&r=g","caption":"Gonzalo Schmidt"},"description":"Sitio web de noticias de la provincia de Entre R\u00edos, Argentina. Informaci\u00f3n y entretenimiento. Informe Litoral, nos informamos.","sameAs":["http:\/\/www.isletasnoticias.com.ar"],"url":"https:\/\/informelitoral.com.ar\/author\/gonzalo\/"}]}},"_links":{"self":[{"href":"https:\/\/informelitoral.com.ar\/%77%70%2d%6a%73%6f%6e\/wp\/v2\/posts\/6591","targetHints":{"allow":["GET"]}}],"collection":[{"href":"https:\/\/informelitoral.com.ar\/%77%70%2d%6a%73%6f%6e\/wp\/v2\/posts"}],"about":[{"href":"https:\/\/informelitoral.com.ar\/%77%70%2d%6a%73%6f%6e\/wp\/v2\/types\/post"}],"author":[{"embeddable":true,"href":"https:\/\/informelitoral.com.ar\/%77%70%2d%6a%73%6f%6e\/wp\/v2\/users\/2"}],"replies":[{"embeddable":true,"href":"https:\/\/informelitoral.com.ar\/%77%70%2d%6a%73%6f%6e\/wp\/v2\/comments?post=6591"}],"version-history":[{"count":0,"href":"https:\/\/informelitoral.com.ar\/%77%70%2d%6a%73%6f%6e\/wp\/v2\/posts\/6591\/revisions"}],"wp:attachment":[{"href":"https:\/\/informelitoral.com.ar\/%77%70%2d%6a%73%6f%6e\/wp\/v2\/media?parent=6591"}],"wp:term":[{"taxonomy":"category","embeddable":true,"href":"https:\/\/informelitoral.com.ar\/%77%70%2d%6a%73%6f%6e\/wp\/v2\/categories?post=6591"},{"taxonomy":"post_tag","embeddable":true,"href":"https:\/\/informelitoral.com.ar\/%77%70%2d%6a%73%6f%6e\/wp\/v2\/tags?post=6591"}],"curies":[{"name":"wp","href":"https:\/\/api.w.org\/{rel}","templated":true}]}}