{"id":6569,"date":"2014-04-16T11:39:35","date_gmt":"2014-04-16T14:39:35","guid":{"rendered":"http:\/\/www.isletasnoticias.com.ar\/?p=6569"},"modified":"2014-04-16T11:43:10","modified_gmt":"2014-04-16T14:43:10","slug":"ramirez-kramer-realizo-gestiones-en-parana-para-ampliar-el-parque-industrial","status":"publish","type":"post","link":"https:\/\/informelitoral.com.ar\/ramirez-kramer-realizo-gestiones-en-parana-para-ampliar-el-parque-industrial\/","title":{"rendered":"Ram\u00edrez: Kramer realiz\u00f3 gestiones en Paran\u00e1 para ampliar el Parque Industrial"},"content":{"rendered":"<p style=\"text-align: left;\"><strong>Analizar la posibilidad de ampliar el \u00c1rea Industrial de General Ram\u00edrez fue el tema de la reuni\u00f3n mantenida entre el ministro de Gobierno, <em>Ad\u00e1n Bahl y<\/em>\u00a0el intendente de esa ciudad, <em>Edelmiro Kramer.<\/em> El objetivo del proyecto es la radicaci\u00f3n de nuevas empresas en el predio industrial.<a href=\"http:\/\/www.isletasnoticias.com.ar\/%77%70%2d%63%6f%6e%74%65%6e%74\/uploads\/2014\/04\/kramer-bahal.jpg\"><img loading=\"lazy\" decoding=\"async\" class=\" wp-image-6570 aligncenter\" alt=\"kramer-bahal\" src=\"http:\/\/www.isletasnoticias.com.ar\/%77%70%2d%63%6f%6e%74%65%6e%74\/uploads\/2014\/04\/kramer-bahal-300x200.jpg\" width=\"500\" height=\"300\" \/><\/a><\/strong><\/p>\n<p>Tras el encuentro, el intendente de Ram\u00edrez,<strong> Edelmiro Kramer<\/strong>, inform\u00f3 que \u201cel principal tema abordado con el ministro Bahl fue la falta de espacios que hoy presenta nuestro parque industrial para sumar nuevas empresas. En este sentido estuvimos analizando las posibilidades de sumar nuevas hect\u00e1reas\u201d.<\/p>\n<p>Respecto al proyecto presentado, el intendente inform\u00f3 que \u201cel municipio cuenta con 23 hect\u00e1reas de campo que est\u00e1n afectadas al \u00e1rea industrial y que est\u00e1n en manos del Banco de Entre R\u00edos. Nuestra intenci\u00f3n es hacer un fideicomiso con la entidad bancaria y los empresarios a fin de poder sumar todo ese campo al parque industrial\u201d.<\/p>\n<p>Y agreg\u00f3: \u201cpor ordenanza, el Banco de Entre R\u00edos no puede llevar adelante ning\u00fan otro emprendimiento que no sea de \u00edndole industrial. Para nosotros es de suma urgencia resolver este tema lo antes posible ya que tenemos alrededor de 13 empresas m\u00e1s que tienen intenciones de instalarse en nuestra localidad\u201d.<\/p>\n<p>\u201cActualmente contamos con m\u00e1s de 24 empresas de distintos rubros comerciales: frigor\u00edficos, empresas de jugos, molinos harineros y otras. Y de concretarse este proyecto, tendr\u00edamos alrededor de 20 firmas industriales funcionando en Ram\u00edrez\u201d, detall\u00f3 el intendente.<\/p>\n<p>Y reflexion\u00f3: \u201cObviamente que esto ser\u00eda m\u00e1s que beneficioso ya que redundar\u00eda en una mayor mano de obra para toda nuestra comunidad y zonas aleda\u00f1as\u201d.<\/p>\n<p>En cuanto a los pasos a seguir, Kramer sostuvo: \u201cEn los pr\u00f3ximos d\u00edas tenemos previsto una reuni\u00f3n en Ram\u00edrez a la que asistir\u00e1 el gerente del Banco de Entre R\u00edos y en la que participar\u00e1n adem\u00e1s, empresarios interesados. El objetivo es llegar a un acuerdo ya que el inter\u00e9s es muy grande por parte de estos empresarios\u201d.<\/p>\n<p>\u201cAgradezco la predisposici\u00f3n que siempre nos manifiesta el ministro Bahl, no solo en escuchar nuestras inquietudes, sino adem\u00e1s, de tratar de resolverlas. Para los intendentes esto es muy importante, porque es un incentivo a seguir gestionando y trabajando por nuestras comunidades\u201d, expres\u00f3 finalmente el intendente de Ram\u00edrez.<\/p>\n","protected":false},"excerpt":{"rendered":"<p>Analizar la posibilidad de ampliar el &Aacute;rea Industrial de General Ram&iacute;rez fue el tema de la reuni&oacute;n mantenida entre el ministro de Gobierno, Ad&aacute;n Bahl y&nbsp;el intendente de esa ciudad, Edelmiro Kramer. El objetivo del proyecto es la radicaci&oacute;n de nuevas empresas en el predio industrial. Tras el encuentro, el intendente de Ram&iacute;rez, Edelmiro Kramer, [&hellip;]<\/p>\n","protected":false},"author":2,"featured_media":0,"comment_status":"open","ping_status":"open","sticky":false,"template":"","format":"standard","meta":{"fifu_image_url":"","fifu_image_alt":"","footnotes":""},"categories":[5,16],"tags":[],"class_list":{"0":"post-6569","1":"post","2":"type-post","3":"status-publish","4":"format-standard","6":"category-zonales","7":"category-politi"},"yoast_head":"<title>Ram\u00edrez: Kramer realiz\u00f3 gestiones en Paran\u00e1 para ampliar el Parque Industrial  - Informe Litoral<\/title>\n<meta name=\"robots\" content=\"index, follow, max-snippet:-1, max-image-preview:large, max-video-preview:-1\" \/>\n<link rel=\"canonical\" href=\"https:\/\/informelitoral.com.ar\/ramirez-kramer-realizo-gestiones-en-parana-para-ampliar-el-parque-industrial\/\" \/>\n<meta property=\"og:locale\" content=\"es_ES\" \/>\n<meta property=\"og:type\" content=\"article\" \/>\n<meta property=\"og:title\" content=\"Ram\u00edrez: Kramer realiz\u00f3 gestiones en Paran\u00e1 para ampliar el Parque Industrial  - Informe Litoral\" \/>\n<meta property=\"og:description\" content=\"Analizar la posibilidad de ampliar el &Aacute;rea Industrial de General Ram&iacute;rez fue el tema de la reuni&oacute;n mantenida entre el ministro de Gobierno, Ad&aacute;n Bahl y&nbsp;el intendente de esa ciudad, Edelmiro Kramer. El objetivo del proyecto es la radicaci&oacute;n de nuevas empresas en el predio industrial. Tras el encuentro, el intendente de Ram&iacute;rez, Edelmiro Kramer, [&hellip;]\" \/>\n<meta property=\"og:url\" content=\"https:\/\/informelitoral.com.ar\/ramirez-kramer-realizo-gestiones-en-parana-para-ampliar-el-parque-industrial\/\" \/>\n<meta property=\"og:site_name\" content=\"Informe Litoral\" \/>\n<meta property=\"article:publisher\" content=\"https:\/\/www.facebook.com\/informelitoral\/\" \/>\n<meta property=\"article:published_time\" content=\"2014-04-16T14:39:35+00:00\" \/>\n<meta property=\"article:modified_time\" content=\"2014-04-16T14:43:10+00:00\" \/>\n<meta property=\"og:image\" content=\"https:\/\/informelitoral.com.ar\/%77%70%2d%63%6f%6e%74%65%6e%74\/uploads\/2014\/04\/kramer-bahal.jpg\" \/>\n\t<meta property=\"og:image:width\" content=\"492\" \/>\n\t<meta property=\"og:image:height\" content=\"329\" \/>\n\t<meta property=\"og:image:type\" content=\"image\/jpeg\" \/>\n<meta name=\"author\" content=\"Gonzalo Schmidt\" \/>\n<meta name=\"twitter:card\" content=\"summary_large_image\" \/>\n<meta name=\"twitter:creator\" content=\"@InformeLitoral\" \/>\n<meta name=\"twitter:site\" content=\"@InformeLitoral\" \/>\n<meta name=\"twitter:label1\" content=\"Escrito por\" \/>\n\t<meta name=\"twitter:data1\" content=\"Gonzalo Schmidt\" \/>\n\t<meta name=\"twitter:label2\" content=\"Tiempo de lectura\" \/>\n\t<meta name=\"twitter:data2\" content=\"2 minutos\" \/>\n<script type=\"application\/ld+json\" class=\"yoast-schema-graph\">{\"@context\":\"https:\\\/\\\/schema.org\",\"@graph\":[{\"@type\":\"Article\",\"@id\":\"https:\\\/\\\/informelitoral.com.ar\\\/ramirez-kramer-realizo-gestiones-en-parana-para-ampliar-el-parque-industrial\\\/#article\",\"isPartOf\":{\"@id\":\"https:\\\/\\\/informelitoral.com.ar\\\/ramirez-kramer-realizo-gestiones-en-parana-para-ampliar-el-parque-industrial\\\/\"},\"author\":{\"name\":\"Gonzalo Schmidt\",\"@id\":\"https:\\\/\\\/informelitoral.com.ar\\\/#\\\/schema\\\/person\\\/b9d00407c836482871ef1d57bf8e3180\"},\"headline\":\"Ram\u00edrez: Kramer realiz\u00f3 gestiones en Paran\u00e1 para ampliar el Parque Industrial\",\"datePublished\":\"2014-04-16T14:39:35+00:00\",\"dateModified\":\"2014-04-16T14:43:10+00:00\",\"mainEntityOfPage\":{\"@id\":\"https:\\\/\\\/informelitoral.com.ar\\\/ramirez-kramer-realizo-gestiones-en-parana-para-ampliar-el-parque-industrial\\\/\"},\"wordCount\":404,\"commentCount\":0,\"publisher\":{\"@id\":\"https:\\\/\\\/informelitoral.com.ar\\\/#organization\"},\"image\":{\"@id\":\"https:\\\/\\\/informelitoral.com.ar\\\/ramirez-kramer-realizo-gestiones-en-parana-para-ampliar-el-parque-industrial\\\/#primaryimage\"},\"thumbnailUrl\":\"http:\\\/\\\/www.isletasnoticias.com.ar\\\/%77%70%2d%63%6f%6e%74%65%6e%74\\\/uploads\\\/2014\\\/04\\\/kramer-bahal-300x200.jpg\",\"articleSection\":[\"Departamento Diamante\",\"Politica\"],\"inLanguage\":\"es\",\"potentialAction\":[{\"@type\":\"CommentAction\",\"name\":\"Comment\",\"target\":[\"https:\\\/\\\/informelitoral.com.ar\\\/ramirez-kramer-realizo-gestiones-en-parana-para-ampliar-el-parque-industrial\\\/#respond\"]}]},{\"@type\":\"WebPage\",\"@id\":\"https:\\\/\\\/informelitoral.com.ar\\\/ramirez-kramer-realizo-gestiones-en-parana-para-ampliar-el-parque-industrial\\\/\",\"url\":\"https:\\\/\\\/informelitoral.com.ar\\\/ramirez-kramer-realizo-gestiones-en-parana-para-ampliar-el-parque-industrial\\\/\",\"name\":\"Ram\u00edrez: Kramer realiz\u00f3 gestiones en Paran\u00e1 para ampliar el Parque Industrial - Informe Litoral\",\"isPartOf\":{\"@id\":\"https:\\\/\\\/informelitoral.com.ar\\\/#website\"},\"primaryImageOfPage\":{\"@id\":\"https:\\\/\\\/informelitoral.com.ar\\\/ramirez-kramer-realizo-gestiones-en-parana-para-ampliar-el-parque-industrial\\\/#primaryimage\"},\"image\":{\"@id\":\"https:\\\/\\\/informelitoral.com.ar\\\/ramirez-kramer-realizo-gestiones-en-parana-para-ampliar-el-parque-industrial\\\/#primaryimage\"},\"thumbnailUrl\":\"http:\\\/\\\/www.isletasnoticias.com.ar\\\/%77%70%2d%63%6f%6e%74%65%6e%74\\\/uploads\\\/2014\\\/04\\\/kramer-bahal-300x200.jpg\",\"datePublished\":\"2014-04-16T14:39:35+00:00\",\"dateModified\":\"2014-04-16T14:43:10+00:00\",\"breadcrumb\":{\"@id\":\"https:\\\/\\\/informelitoral.com.ar\\\/ramirez-kramer-realizo-gestiones-en-parana-para-ampliar-el-parque-industrial\\\/#breadcrumb\"},\"inLanguage\":\"es\",\"potentialAction\":[{\"@type\":\"ReadAction\",\"target\":[\"https:\\\/\\\/informelitoral.com.ar\\\/ramirez-kramer-realizo-gestiones-en-parana-para-ampliar-el-parque-industrial\\\/\"]}]},{\"@type\":\"ImageObject\",\"inLanguage\":\"es\",\"@id\":\"https:\\\/\\\/informelitoral.com.ar\\\/ramirez-kramer-realizo-gestiones-en-parana-para-ampliar-el-parque-industrial\\\/#primaryimage\",\"url\":\"http:\\\/\\\/www.isletasnoticias.com.ar\\\/%77%70%2d%63%6f%6e%74%65%6e%74\\\/uploads\\\/2014\\\/04\\\/kramer-bahal-300x200.jpg\",\"contentUrl\":\"http:\\\/\\\/www.isletasnoticias.com.ar\\\/%77%70%2d%63%6f%6e%74%65%6e%74\\\/uploads\\\/2014\\\/04\\\/kramer-bahal-300x200.jpg\"},{\"@type\":\"BreadcrumbList\",\"@id\":\"https:\\\/\\\/informelitoral.com.ar\\\/ramirez-kramer-realizo-gestiones-en-parana-para-ampliar-el-parque-industrial\\\/#breadcrumb\",\"itemListElement\":[{\"@type\":\"ListItem\",\"position\":1,\"name\":\"Portada\",\"item\":\"https:\\\/\\\/informelitoral.com.ar\\\/\"},{\"@type\":\"ListItem\",\"position\":2,\"name\":\"Ram\u00edrez: Kramer realiz\u00f3 gestiones en Paran\u00e1 para ampliar el Parque Industrial\"}]},{\"@type\":\"WebSite\",\"@id\":\"https:\\\/\\\/informelitoral.com.ar\\\/#website\",\"url\":\"https:\\\/\\\/informelitoral.com.ar\\\/\",\"name\":\"Informe Litoral\",\"description\":\"&quot;Nos informamos&quot; \",\"publisher\":{\"@id\":\"https:\\\/\\\/informelitoral.com.ar\\\/#organization\"},\"potentialAction\":[{\"@type\":\"SearchAction\",\"target\":{\"@type\":\"EntryPoint\",\"urlTemplate\":\"https:\\\/\\\/informelitoral.com.ar\\\/?s={search_term_string}\"},\"query-input\":{\"@type\":\"PropertyValueSpecification\",\"valueRequired\":true,\"valueName\":\"search_term_string\"}}],\"inLanguage\":\"es\"},{\"@type\":\"Organization\",\"@id\":\"https:\\\/\\\/informelitoral.com.ar\\\/#organization\",\"name\":\"Informe Litoral\",\"url\":\"https:\\\/\\\/informelitoral.com.ar\\\/\",\"logo\":{\"@type\":\"ImageObject\",\"inLanguage\":\"es\",\"@id\":\"https:\\\/\\\/informelitoral.com.ar\\\/#\\\/schema\\\/logo\\\/image\\\/\",\"url\":\"https:\\\/\\\/informelitoral.com.ar\\\/%77%70%2d%63%6f%6e%74%65%6e%74\\\/uploads\\\/2021\\\/01\\\/circulo.png\",\"contentUrl\":\"https:\\\/\\\/informelitoral.com.ar\\\/%77%70%2d%63%6f%6e%74%65%6e%74\\\/uploads\\\/2021\\\/01\\\/circulo.png\",\"width\":723,\"height\":731,\"caption\":\"Informe Litoral\"},\"image\":{\"@id\":\"https:\\\/\\\/informelitoral.com.ar\\\/#\\\/schema\\\/logo\\\/image\\\/\"},\"sameAs\":[\"https:\\\/\\\/www.facebook.com\\\/informelitoral\\\/\",\"https:\\\/\\\/x.com\\\/InformeLitoral\",\"https:\\\/\\\/www.instagram.com\\\/informelitoral\\\/\",\"https:\\\/\\\/www.youtube.com\\\/channel\\\/UCua4Qvz8Icb6MYqhoq9xLXw\"]},{\"@type\":\"Person\",\"@id\":\"https:\\\/\\\/informelitoral.com.ar\\\/#\\\/schema\\\/person\\\/b9d00407c836482871ef1d57bf8e3180\",\"name\":\"Gonzalo Schmidt\",\"image\":{\"@type\":\"ImageObject\",\"inLanguage\":\"es\",\"@id\":\"https:\\\/\\\/secure.gravatar.com\\\/avatar\\\/31a1a7b66ff2de83bd0e9fd79d026630d2d99e55e8bfe501287647b4fd9743de?s=96&d=mm&r=g\",\"url\":\"https:\\\/\\\/secure.gravatar.com\\\/avatar\\\/31a1a7b66ff2de83bd0e9fd79d026630d2d99e55e8bfe501287647b4fd9743de?s=96&d=mm&r=g\",\"contentUrl\":\"https:\\\/\\\/secure.gravatar.com\\\/avatar\\\/31a1a7b66ff2de83bd0e9fd79d026630d2d99e55e8bfe501287647b4fd9743de?s=96&d=mm&r=g\",\"caption\":\"Gonzalo Schmidt\"},\"description\":\"Sitio web de noticias de la provincia de Entre R\u00edos, Argentina. Informaci\u00f3n y entretenimiento. Informe Litoral, nos informamos.\",\"sameAs\":[\"http:\\\/\\\/www.isletasnoticias.com.ar\"],\"url\":\"https:\\\/\\\/informelitoral.com.ar\\\/author\\\/gonzalo\\\/\"}]}<\/script>","yoast_head_json":{"title":"Ram\u00edrez: Kramer realiz\u00f3 gestiones en Paran\u00e1 para ampliar el Parque Industrial  - Informe Litoral","robots":{"index":"index","follow":"follow","max-snippet":"max-snippet:-1","max-image-preview":"max-image-preview:large","max-video-preview":"max-video-preview:-1"},"canonical":"https:\/\/informelitoral.com.ar\/ramirez-kramer-realizo-gestiones-en-parana-para-ampliar-el-parque-industrial\/","og_locale":"es_ES","og_type":"article","og_title":"Ram\u00edrez: Kramer realiz\u00f3 gestiones en Paran\u00e1 para ampliar el Parque Industrial  - Informe Litoral","og_description":"Analizar la posibilidad de ampliar el &Aacute;rea Industrial de General Ram&iacute;rez fue el tema de la reuni&oacute;n mantenida entre el ministro de Gobierno, Ad&aacute;n Bahl y&nbsp;el intendente de esa ciudad, Edelmiro Kramer. El objetivo del proyecto es la radicaci&oacute;n de nuevas empresas en el predio industrial. Tras el encuentro, el intendente de Ram&iacute;rez, Edelmiro Kramer, [&hellip;]","og_url":"https:\/\/informelitoral.com.ar\/ramirez-kramer-realizo-gestiones-en-parana-para-ampliar-el-parque-industrial\/","og_site_name":"Informe Litoral","article_publisher":"https:\/\/www.facebook.com\/informelitoral\/","article_published_time":"2014-04-16T14:39:35+00:00","article_modified_time":"2014-04-16T14:43:10+00:00","og_image":[{"width":492,"height":329,"url":"https:\/\/informelitoral.com.ar\/%77%70%2d%63%6f%6e%74%65%6e%74\/uploads\/2014\/04\/kramer-bahal.jpg","type":"image\/jpeg"}],"author":"Gonzalo Schmidt","twitter_card":"summary_large_image","twitter_creator":"@InformeLitoral","twitter_site":"@InformeLitoral","twitter_misc":{"Escrito por":"Gonzalo Schmidt","Tiempo de lectura":"2 minutos"},"schema":{"@context":"https:\/\/schema.org","@graph":[{"@type":"Article","@id":"https:\/\/informelitoral.com.ar\/ramirez-kramer-realizo-gestiones-en-parana-para-ampliar-el-parque-industrial\/#article","isPartOf":{"@id":"https:\/\/informelitoral.com.ar\/ramirez-kramer-realizo-gestiones-en-parana-para-ampliar-el-parque-industrial\/"},"author":{"name":"Gonzalo Schmidt","@id":"https:\/\/informelitoral.com.ar\/#\/schema\/person\/b9d00407c836482871ef1d57bf8e3180"},"headline":"Ram\u00edrez: Kramer realiz\u00f3 gestiones en Paran\u00e1 para ampliar el Parque Industrial","datePublished":"2014-04-16T14:39:35+00:00","dateModified":"2014-04-16T14:43:10+00:00","mainEntityOfPage":{"@id":"https:\/\/informelitoral.com.ar\/ramirez-kramer-realizo-gestiones-en-parana-para-ampliar-el-parque-industrial\/"},"wordCount":404,"commentCount":0,"publisher":{"@id":"https:\/\/informelitoral.com.ar\/#organization"},"image":{"@id":"https:\/\/informelitoral.com.ar\/ramirez-kramer-realizo-gestiones-en-parana-para-ampliar-el-parque-industrial\/#primaryimage"},"thumbnailUrl":"http:\/\/www.isletasnoticias.com.ar\/%77%70%2d%63%6f%6e%74%65%6e%74\/uploads\/2014\/04\/kramer-bahal-300x200.jpg","articleSection":["Departamento Diamante","Politica"],"inLanguage":"es","potentialAction":[{"@type":"CommentAction","name":"Comment","target":["https:\/\/informelitoral.com.ar\/ramirez-kramer-realizo-gestiones-en-parana-para-ampliar-el-parque-industrial\/#respond"]}]},{"@type":"WebPage","@id":"https:\/\/informelitoral.com.ar\/ramirez-kramer-realizo-gestiones-en-parana-para-ampliar-el-parque-industrial\/","url":"https:\/\/informelitoral.com.ar\/ramirez-kramer-realizo-gestiones-en-parana-para-ampliar-el-parque-industrial\/","name":"Ram\u00edrez: Kramer realiz\u00f3 gestiones en Paran\u00e1 para ampliar el Parque Industrial - Informe Litoral","isPartOf":{"@id":"https:\/\/informelitoral.com.ar\/#website"},"primaryImageOfPage":{"@id":"https:\/\/informelitoral.com.ar\/ramirez-kramer-realizo-gestiones-en-parana-para-ampliar-el-parque-industrial\/#primaryimage"},"image":{"@id":"https:\/\/informelitoral.com.ar\/ramirez-kramer-realizo-gestiones-en-parana-para-ampliar-el-parque-industrial\/#primaryimage"},"thumbnailUrl":"http:\/\/www.isletasnoticias.com.ar\/%77%70%2d%63%6f%6e%74%65%6e%74\/uploads\/2014\/04\/kramer-bahal-300x200.jpg","datePublished":"2014-04-16T14:39:35+00:00","dateModified":"2014-04-16T14:43:10+00:00","breadcrumb":{"@id":"https:\/\/informelitoral.com.ar\/ramirez-kramer-realizo-gestiones-en-parana-para-ampliar-el-parque-industrial\/#breadcrumb"},"inLanguage":"es","potentialAction":[{"@type":"ReadAction","target":["https:\/\/informelitoral.com.ar\/ramirez-kramer-realizo-gestiones-en-parana-para-ampliar-el-parque-industrial\/"]}]},{"@type":"ImageObject","inLanguage":"es","@id":"https:\/\/informelitoral.com.ar\/ramirez-kramer-realizo-gestiones-en-parana-para-ampliar-el-parque-industrial\/#primaryimage","url":"http:\/\/www.isletasnoticias.com.ar\/%77%70%2d%63%6f%6e%74%65%6e%74\/uploads\/2014\/04\/kramer-bahal-300x200.jpg","contentUrl":"http:\/\/www.isletasnoticias.com.ar\/%77%70%2d%63%6f%6e%74%65%6e%74\/uploads\/2014\/04\/kramer-bahal-300x200.jpg"},{"@type":"BreadcrumbList","@id":"https:\/\/informelitoral.com.ar\/ramirez-kramer-realizo-gestiones-en-parana-para-ampliar-el-parque-industrial\/#breadcrumb","itemListElement":[{"@type":"ListItem","position":1,"name":"Portada","item":"https:\/\/informelitoral.com.ar\/"},{"@type":"ListItem","position":2,"name":"Ram\u00edrez: Kramer realiz\u00f3 gestiones en Paran\u00e1 para ampliar el Parque Industrial"}]},{"@type":"WebSite","@id":"https:\/\/informelitoral.com.ar\/#website","url":"https:\/\/informelitoral.com.ar\/","name":"Informe Litoral","description":"&quot;Nos informamos&quot; ","publisher":{"@id":"https:\/\/informelitoral.com.ar\/#organization"},"potentialAction":[{"@type":"SearchAction","target":{"@type":"EntryPoint","urlTemplate":"https:\/\/informelitoral.com.ar\/?s={search_term_string}"},"query-input":{"@type":"PropertyValueSpecification","valueRequired":true,"valueName":"search_term_string"}}],"inLanguage":"es"},{"@type":"Organization","@id":"https:\/\/informelitoral.com.ar\/#organization","name":"Informe Litoral","url":"https:\/\/informelitoral.com.ar\/","logo":{"@type":"ImageObject","inLanguage":"es","@id":"https:\/\/informelitoral.com.ar\/#\/schema\/logo\/image\/","url":"https:\/\/informelitoral.com.ar\/%77%70%2d%63%6f%6e%74%65%6e%74\/uploads\/2021\/01\/circulo.png","contentUrl":"https:\/\/informelitoral.com.ar\/%77%70%2d%63%6f%6e%74%65%6e%74\/uploads\/2021\/01\/circulo.png","width":723,"height":731,"caption":"Informe Litoral"},"image":{"@id":"https:\/\/informelitoral.com.ar\/#\/schema\/logo\/image\/"},"sameAs":["https:\/\/www.facebook.com\/informelitoral\/","https:\/\/x.com\/InformeLitoral","https:\/\/www.instagram.com\/informelitoral\/","https:\/\/www.youtube.com\/channel\/UCua4Qvz8Icb6MYqhoq9xLXw"]},{"@type":"Person","@id":"https:\/\/informelitoral.com.ar\/#\/schema\/person\/b9d00407c836482871ef1d57bf8e3180","name":"Gonzalo Schmidt","image":{"@type":"ImageObject","inLanguage":"es","@id":"https:\/\/secure.gravatar.com\/avatar\/31a1a7b66ff2de83bd0e9fd79d026630d2d99e55e8bfe501287647b4fd9743de?s=96&d=mm&r=g","url":"https:\/\/secure.gravatar.com\/avatar\/31a1a7b66ff2de83bd0e9fd79d026630d2d99e55e8bfe501287647b4fd9743de?s=96&d=mm&r=g","contentUrl":"https:\/\/secure.gravatar.com\/avatar\/31a1a7b66ff2de83bd0e9fd79d026630d2d99e55e8bfe501287647b4fd9743de?s=96&d=mm&r=g","caption":"Gonzalo Schmidt"},"description":"Sitio web de noticias de la provincia de Entre R\u00edos, Argentina. Informaci\u00f3n y entretenimiento. Informe Litoral, nos informamos.","sameAs":["http:\/\/www.isletasnoticias.com.ar"],"url":"https:\/\/informelitoral.com.ar\/author\/gonzalo\/"}]}},"_links":{"self":[{"href":"https:\/\/informelitoral.com.ar\/%77%70%2d%6a%73%6f%6e\/wp\/v2\/posts\/6569","targetHints":{"allow":["GET"]}}],"collection":[{"href":"https:\/\/informelitoral.com.ar\/%77%70%2d%6a%73%6f%6e\/wp\/v2\/posts"}],"about":[{"href":"https:\/\/informelitoral.com.ar\/%77%70%2d%6a%73%6f%6e\/wp\/v2\/types\/post"}],"author":[{"embeddable":true,"href":"https:\/\/informelitoral.com.ar\/%77%70%2d%6a%73%6f%6e\/wp\/v2\/users\/2"}],"replies":[{"embeddable":true,"href":"https:\/\/informelitoral.com.ar\/%77%70%2d%6a%73%6f%6e\/wp\/v2\/comments?post=6569"}],"version-history":[{"count":0,"href":"https:\/\/informelitoral.com.ar\/%77%70%2d%6a%73%6f%6e\/wp\/v2\/posts\/6569\/revisions"}],"wp:attachment":[{"href":"https:\/\/informelitoral.com.ar\/%77%70%2d%6a%73%6f%6e\/wp\/v2\/media?parent=6569"}],"wp:term":[{"taxonomy":"category","embeddable":true,"href":"https:\/\/informelitoral.com.ar\/%77%70%2d%6a%73%6f%6e\/wp\/v2\/categories?post=6569"},{"taxonomy":"post_tag","embeddable":true,"href":"https:\/\/informelitoral.com.ar\/%77%70%2d%6a%73%6f%6e\/wp\/v2\/tags?post=6569"}],"curies":[{"name":"wp","href":"https:\/\/api.w.org\/{rel}","templated":true}]}}