{"id":65684,"date":"2021-09-28T11:51:49","date_gmt":"2021-09-28T14:51:49","guid":{"rendered":"https:\/\/www.informelitoral.com.ar\/?p=65684"},"modified":"2021-09-28T11:53:02","modified_gmt":"2021-09-28T14:53:02","slug":"dia-de-san-miguel-arcangel-solo-atenderan-emergencias-en-la-municipalidad-de-ramirez","status":"publish","type":"post","link":"https:\/\/informelitoral.com.ar\/dia-de-san-miguel-arcangel-solo-atenderan-emergencias-en-la-municipalidad-de-ramirez\/","title":{"rendered":"D\u00eda de San Miguel Arc\u00e1ngel: solo atender\u00e1n emergencias en la Municipalidad de Ram\u00edrez"},"content":{"rendered":"<p>Cada 29 de septiembre -mediante el Decreto 4359\/93 MGJE- es feriado en la provincia, por conmemorarse la festividad del Patrono San Miguel Arc\u00e1ngel.<\/p>\n<h4><strong>C\u00f3mo repercutir\u00e1 en el \u00e1mbito municipal:<\/strong><\/h4>\n<ul>\n<li><span style=\"background-color: #ffff00;\">La administraci\u00f3n municipal no atender\u00e1 al p\u00fablico<\/span><\/li>\n<li><span style=\"background-color: #ffff00;\">No funcionar\u00e1 el servicio de recolecci\u00f3n.<\/span><\/li>\n<\/ul>\n<p><span style=\"background-color: #ffff00;\"><strong>Por emergencias, comunicarse al 3435 170649.<\/strong><\/span><a href=\"https:\/\/www.informelitoral.com.ar\/%77%70%2d%63%6f%6e%74%65%6e%74\/uploads\/2021\/09\/243002611_2035355203282058_4138871298438740705_n.png\"><img loading=\"lazy\" decoding=\"async\" class=\"aligncenter wp-image-65685 size-full\" src=\"https:\/\/www.informelitoral.com.ar\/%77%70%2d%63%6f%6e%74%65%6e%74\/uploads\/2021\/09\/243002611_2035355203282058_4138871298438740705_n.png\" alt=\"\" width=\"526\" height=\"526\" srcset=\"https:\/\/informelitoral.com.ar\/%77%70%2d%63%6f%6e%74%65%6e%74\/uploads\/2021\/09\/243002611_2035355203282058_4138871298438740705_n.png 526w, https:\/\/informelitoral.com.ar\/%77%70%2d%63%6f%6e%74%65%6e%74\/uploads\/2021\/09\/243002611_2035355203282058_4138871298438740705_n-300x300.png 300w, https:\/\/informelitoral.com.ar\/%77%70%2d%63%6f%6e%74%65%6e%74\/uploads\/2021\/09\/243002611_2035355203282058_4138871298438740705_n-150x150.png 150w, https:\/\/informelitoral.com.ar\/%77%70%2d%63%6f%6e%74%65%6e%74\/uploads\/2021\/09\/243002611_2035355203282058_4138871298438740705_n-420x420.png 420w\" sizes=\"auto, (max-width: 526px) 100vw, 526px\" \/><\/a><\/p>\n<blockquote class=\"wp-embedded-content\" data-secret=\"EFoyknfh05\"><p><a href=\"https:\/\/www.informelitoral.com.ar\/por-que-es-feriado-el-viernes-en-entre-rios\/\">\u00bfPor qu\u00e9 es feriado el viernes en Entre R\u00edos?<\/a><\/p><\/blockquote>\n<p><iframe loading=\"lazy\" class=\"wp-embedded-content\" sandbox=\"allow-scripts\" security=\"restricted\" style=\"position: absolute; clip: rect(1px, 1px, 1px, 1px);\" title=\"\u00ab\u00bfPor qu\u00e9 es feriado el viernes en Entre R\u00edos?\u00bb \u2014 Informe Litoral\" src=\"https:\/\/www.informelitoral.com.ar\/por-que-es-feriado-el-viernes-en-entre-rios\/embed\/#?secret=EFoyknfh05\" data-secret=\"EFoyknfh05\" width=\"600\" height=\"338\" frameborder=\"0\" marginwidth=\"0\" marginheight=\"0\" scrolling=\"no\"><\/iframe><\/p>\n","protected":false},"excerpt":{"rendered":"<p>Como en la mayor parte de la administraci\u00f3n p\u00fablica, las oficinas permanecer\u00e1n cerradas y no habr\u00e1 recolecci\u00f3n de residuos. Por emergencias, comunicarse al: 3435 170649.<\/p>\n","protected":false},"author":2,"featured_media":65686,"comment_status":"open","ping_status":"open","sticky":false,"template":"","format":"standard","meta":{"fifu_image_url":"","fifu_image_alt":"","footnotes":""},"categories":[9],"tags":[458,81,491,556,27,2457],"class_list":{"0":"post-65684","1":"post","2":"type-post","3":"status-publish","4":"format-standard","5":"has-post-thumbnail","7":"category-sociedad","8":"tag-administracion-publica","9":"tag-entre-rios","10":"tag-feriado","11":"tag-general-ramirez","12":"tag-ramirez","13":"tag-santo-patrono"},"yoast_head":"<title>D\u00eda de San Miguel Arc\u00e1ngel: solo atender\u00e1n emergencias en la Municipalidad de Ram\u00edrez - Informe Litoral<\/title>\n<meta name=\"robots\" content=\"index, follow, max-snippet:-1, max-image-preview:large, max-video-preview:-1\" \/>\n<link rel=\"canonical\" href=\"https:\/\/informelitoral.com.ar\/dia-de-san-miguel-arcangel-solo-atenderan-emergencias-en-la-municipalidad-de-ramirez\/\" \/>\n<meta property=\"og:locale\" content=\"es_ES\" \/>\n<meta property=\"og:type\" content=\"article\" \/>\n<meta property=\"og:title\" content=\"D\u00eda de San Miguel Arc\u00e1ngel: solo atender\u00e1n emergencias en la Municipalidad de Ram\u00edrez - Informe Litoral\" \/>\n<meta property=\"og:description\" content=\"Como en la mayor parte de la administraci\u00f3n p\u00fablica, las oficinas permanecer\u00e1n cerradas y no habr\u00e1 recolecci\u00f3n de residuos. Por emergencias, comunicarse al: 3435 170649.\" \/>\n<meta property=\"og:url\" content=\"https:\/\/informelitoral.com.ar\/dia-de-san-miguel-arcangel-solo-atenderan-emergencias-en-la-municipalidad-de-ramirez\/\" \/>\n<meta property=\"og:site_name\" content=\"Informe Litoral\" \/>\n<meta property=\"article:publisher\" content=\"https:\/\/www.facebook.com\/informelitoral\/\" \/>\n<meta property=\"article:published_time\" content=\"2021-09-28T14:51:49+00:00\" \/>\n<meta property=\"article:modified_time\" content=\"2021-09-28T14:53:02+00:00\" \/>\n<meta property=\"og:image\" content=\"https:\/\/informelitoral.com.ar\/%77%70%2d%63%6f%6e%74%65%6e%74\/uploads\/2021\/09\/SAN-MIGUEL-PATRONO-ENTRE-RIOS.jpg\" \/>\n\t<meta property=\"og:image:width\" content=\"792\" \/>\n\t<meta property=\"og:image:height\" content=\"492\" \/>\n\t<meta property=\"og:image:type\" content=\"image\/jpeg\" \/>\n<meta name=\"author\" content=\"Gonzalo Schmidt\" \/>\n<meta name=\"twitter:card\" content=\"summary_large_image\" \/>\n<meta name=\"twitter:creator\" content=\"@InformeLitoral\" \/>\n<meta name=\"twitter:site\" content=\"@InformeLitoral\" \/>\n<meta name=\"twitter:label1\" content=\"Escrito por\" \/>\n\t<meta name=\"twitter:data1\" content=\"Gonzalo Schmidt\" \/>\n<script type=\"application\/ld+json\" class=\"yoast-schema-graph\">{\"@context\":\"https:\\\/\\\/schema.org\",\"@graph\":[{\"@type\":\"Article\",\"@id\":\"https:\\\/\\\/informelitoral.com.ar\\\/dia-de-san-miguel-arcangel-solo-atenderan-emergencias-en-la-municipalidad-de-ramirez\\\/#article\",\"isPartOf\":{\"@id\":\"https:\\\/\\\/informelitoral.com.ar\\\/dia-de-san-miguel-arcangel-solo-atenderan-emergencias-en-la-municipalidad-de-ramirez\\\/\"},\"author\":{\"name\":\"Gonzalo Schmidt\",\"@id\":\"https:\\\/\\\/informelitoral.com.ar\\\/#\\\/schema\\\/person\\\/b9d00407c836482871ef1d57bf8e3180\"},\"headline\":\"D\u00eda de San Miguel Arc\u00e1ngel: solo atender\u00e1n emergencias en la Municipalidad de Ram\u00edrez\",\"datePublished\":\"2021-09-28T14:51:49+00:00\",\"dateModified\":\"2021-09-28T14:53:02+00:00\",\"mainEntityOfPage\":{\"@id\":\"https:\\\/\\\/informelitoral.com.ar\\\/dia-de-san-miguel-arcangel-solo-atenderan-emergencias-en-la-municipalidad-de-ramirez\\\/\"},\"wordCount\":72,\"commentCount\":0,\"publisher\":{\"@id\":\"https:\\\/\\\/informelitoral.com.ar\\\/#organization\"},\"image\":{\"@id\":\"https:\\\/\\\/informelitoral.com.ar\\\/dia-de-san-miguel-arcangel-solo-atenderan-emergencias-en-la-municipalidad-de-ramirez\\\/#primaryimage\"},\"thumbnailUrl\":\"https:\\\/\\\/informelitoral.com.ar\\\/%77%70%2d%63%6f%6e%74%65%6e%74\\\/uploads\\\/2021\\\/09\\\/SAN-MIGUEL-PATRONO-ENTRE-RIOS.jpg\",\"keywords\":[\"Administraci\u00f3n p\u00fablica\",\"Entre R\u00edos\",\"Feriado\",\"General Ram\u00edrez\",\"Ram\u00edrez\",\"Santo Patrono\"],\"articleSection\":[\"Sociedad\"],\"inLanguage\":\"es\",\"potentialAction\":[{\"@type\":\"CommentAction\",\"name\":\"Comment\",\"target\":[\"https:\\\/\\\/informelitoral.com.ar\\\/dia-de-san-miguel-arcangel-solo-atenderan-emergencias-en-la-municipalidad-de-ramirez\\\/#respond\"]}]},{\"@type\":\"WebPage\",\"@id\":\"https:\\\/\\\/informelitoral.com.ar\\\/dia-de-san-miguel-arcangel-solo-atenderan-emergencias-en-la-municipalidad-de-ramirez\\\/\",\"url\":\"https:\\\/\\\/informelitoral.com.ar\\\/dia-de-san-miguel-arcangel-solo-atenderan-emergencias-en-la-municipalidad-de-ramirez\\\/\",\"name\":\"D\u00eda de San Miguel Arc\u00e1ngel: solo atender\u00e1n emergencias en la Municipalidad de Ram\u00edrez - Informe Litoral\",\"isPartOf\":{\"@id\":\"https:\\\/\\\/informelitoral.com.ar\\\/#website\"},\"primaryImageOfPage\":{\"@id\":\"https:\\\/\\\/informelitoral.com.ar\\\/dia-de-san-miguel-arcangel-solo-atenderan-emergencias-en-la-municipalidad-de-ramirez\\\/#primaryimage\"},\"image\":{\"@id\":\"https:\\\/\\\/informelitoral.com.ar\\\/dia-de-san-miguel-arcangel-solo-atenderan-emergencias-en-la-municipalidad-de-ramirez\\\/#primaryimage\"},\"thumbnailUrl\":\"https:\\\/\\\/informelitoral.com.ar\\\/%77%70%2d%63%6f%6e%74%65%6e%74\\\/uploads\\\/2021\\\/09\\\/SAN-MIGUEL-PATRONO-ENTRE-RIOS.jpg\",\"datePublished\":\"2021-09-28T14:51:49+00:00\",\"dateModified\":\"2021-09-28T14:53:02+00:00\",\"breadcrumb\":{\"@id\":\"https:\\\/\\\/informelitoral.com.ar\\\/dia-de-san-miguel-arcangel-solo-atenderan-emergencias-en-la-municipalidad-de-ramirez\\\/#breadcrumb\"},\"inLanguage\":\"es\",\"potentialAction\":[{\"@type\":\"ReadAction\",\"target\":[\"https:\\\/\\\/informelitoral.com.ar\\\/dia-de-san-miguel-arcangel-solo-atenderan-emergencias-en-la-municipalidad-de-ramirez\\\/\"]}]},{\"@type\":\"ImageObject\",\"inLanguage\":\"es\",\"@id\":\"https:\\\/\\\/informelitoral.com.ar\\\/dia-de-san-miguel-arcangel-solo-atenderan-emergencias-en-la-municipalidad-de-ramirez\\\/#primaryimage\",\"url\":\"https:\\\/\\\/informelitoral.com.ar\\\/%77%70%2d%63%6f%6e%74%65%6e%74\\\/uploads\\\/2021\\\/09\\\/SAN-MIGUEL-PATRONO-ENTRE-RIOS.jpg\",\"contentUrl\":\"https:\\\/\\\/informelitoral.com.ar\\\/%77%70%2d%63%6f%6e%74%65%6e%74\\\/uploads\\\/2021\\\/09\\\/SAN-MIGUEL-PATRONO-ENTRE-RIOS.jpg\",\"width\":792,\"height\":492},{\"@type\":\"BreadcrumbList\",\"@id\":\"https:\\\/\\\/informelitoral.com.ar\\\/dia-de-san-miguel-arcangel-solo-atenderan-emergencias-en-la-municipalidad-de-ramirez\\\/#breadcrumb\",\"itemListElement\":[{\"@type\":\"ListItem\",\"position\":1,\"name\":\"Portada\",\"item\":\"https:\\\/\\\/informelitoral.com.ar\\\/\"},{\"@type\":\"ListItem\",\"position\":2,\"name\":\"D\u00eda de San Miguel Arc\u00e1ngel: solo atender\u00e1n emergencias en la Municipalidad de Ram\u00edrez\"}]},{\"@type\":\"WebSite\",\"@id\":\"https:\\\/\\\/informelitoral.com.ar\\\/#website\",\"url\":\"https:\\\/\\\/informelitoral.com.ar\\\/\",\"name\":\"Informe Litoral\",\"description\":\"&quot;Nos informamos&quot; \",\"publisher\":{\"@id\":\"https:\\\/\\\/informelitoral.com.ar\\\/#organization\"},\"potentialAction\":[{\"@type\":\"SearchAction\",\"target\":{\"@type\":\"EntryPoint\",\"urlTemplate\":\"https:\\\/\\\/informelitoral.com.ar\\\/?s={search_term_string}\"},\"query-input\":{\"@type\":\"PropertyValueSpecification\",\"valueRequired\":true,\"valueName\":\"search_term_string\"}}],\"inLanguage\":\"es\"},{\"@type\":\"Organization\",\"@id\":\"https:\\\/\\\/informelitoral.com.ar\\\/#organization\",\"name\":\"Informe Litoral\",\"url\":\"https:\\\/\\\/informelitoral.com.ar\\\/\",\"logo\":{\"@type\":\"ImageObject\",\"inLanguage\":\"es\",\"@id\":\"https:\\\/\\\/informelitoral.com.ar\\\/#\\\/schema\\\/logo\\\/image\\\/\",\"url\":\"https:\\\/\\\/informelitoral.com.ar\\\/%77%70%2d%63%6f%6e%74%65%6e%74\\\/uploads\\\/2021\\\/01\\\/circulo.png\",\"contentUrl\":\"https:\\\/\\\/informelitoral.com.ar\\\/%77%70%2d%63%6f%6e%74%65%6e%74\\\/uploads\\\/2021\\\/01\\\/circulo.png\",\"width\":723,\"height\":731,\"caption\":\"Informe Litoral\"},\"image\":{\"@id\":\"https:\\\/\\\/informelitoral.com.ar\\\/#\\\/schema\\\/logo\\\/image\\\/\"},\"sameAs\":[\"https:\\\/\\\/www.facebook.com\\\/informelitoral\\\/\",\"https:\\\/\\\/x.com\\\/InformeLitoral\",\"https:\\\/\\\/www.instagram.com\\\/informelitoral\\\/\",\"https:\\\/\\\/www.youtube.com\\\/channel\\\/UCua4Qvz8Icb6MYqhoq9xLXw\"]},{\"@type\":\"Person\",\"@id\":\"https:\\\/\\\/informelitoral.com.ar\\\/#\\\/schema\\\/person\\\/b9d00407c836482871ef1d57bf8e3180\",\"name\":\"Gonzalo Schmidt\",\"image\":{\"@type\":\"ImageObject\",\"inLanguage\":\"es\",\"@id\":\"https:\\\/\\\/secure.gravatar.com\\\/avatar\\\/31a1a7b66ff2de83bd0e9fd79d026630d2d99e55e8bfe501287647b4fd9743de?s=96&d=mm&r=g\",\"url\":\"https:\\\/\\\/secure.gravatar.com\\\/avatar\\\/31a1a7b66ff2de83bd0e9fd79d026630d2d99e55e8bfe501287647b4fd9743de?s=96&d=mm&r=g\",\"contentUrl\":\"https:\\\/\\\/secure.gravatar.com\\\/avatar\\\/31a1a7b66ff2de83bd0e9fd79d026630d2d99e55e8bfe501287647b4fd9743de?s=96&d=mm&r=g\",\"caption\":\"Gonzalo Schmidt\"},\"description\":\"Sitio web de noticias de la provincia de Entre R\u00edos, Argentina. Informaci\u00f3n y entretenimiento. Informe Litoral, nos informamos.\",\"sameAs\":[\"http:\\\/\\\/www.isletasnoticias.com.ar\"],\"url\":\"https:\\\/\\\/informelitoral.com.ar\\\/author\\\/gonzalo\\\/\"}]}<\/script>","yoast_head_json":{"title":"D\u00eda de San Miguel Arc\u00e1ngel: solo atender\u00e1n emergencias en la Municipalidad de Ram\u00edrez - Informe Litoral","robots":{"index":"index","follow":"follow","max-snippet":"max-snippet:-1","max-image-preview":"max-image-preview:large","max-video-preview":"max-video-preview:-1"},"canonical":"https:\/\/informelitoral.com.ar\/dia-de-san-miguel-arcangel-solo-atenderan-emergencias-en-la-municipalidad-de-ramirez\/","og_locale":"es_ES","og_type":"article","og_title":"D\u00eda de San Miguel Arc\u00e1ngel: solo atender\u00e1n emergencias en la Municipalidad de Ram\u00edrez - Informe Litoral","og_description":"Como en la mayor parte de la administraci\u00f3n p\u00fablica, las oficinas permanecer\u00e1n cerradas y no habr\u00e1 recolecci\u00f3n de residuos. Por emergencias, comunicarse al: 3435 170649.","og_url":"https:\/\/informelitoral.com.ar\/dia-de-san-miguel-arcangel-solo-atenderan-emergencias-en-la-municipalidad-de-ramirez\/","og_site_name":"Informe Litoral","article_publisher":"https:\/\/www.facebook.com\/informelitoral\/","article_published_time":"2021-09-28T14:51:49+00:00","article_modified_time":"2021-09-28T14:53:02+00:00","og_image":[{"width":792,"height":492,"url":"https:\/\/informelitoral.com.ar\/%77%70%2d%63%6f%6e%74%65%6e%74\/uploads\/2021\/09\/SAN-MIGUEL-PATRONO-ENTRE-RIOS.jpg","type":"image\/jpeg"}],"author":"Gonzalo Schmidt","twitter_card":"summary_large_image","twitter_creator":"@InformeLitoral","twitter_site":"@InformeLitoral","twitter_misc":{"Escrito por":"Gonzalo Schmidt"},"schema":{"@context":"https:\/\/schema.org","@graph":[{"@type":"Article","@id":"https:\/\/informelitoral.com.ar\/dia-de-san-miguel-arcangel-solo-atenderan-emergencias-en-la-municipalidad-de-ramirez\/#article","isPartOf":{"@id":"https:\/\/informelitoral.com.ar\/dia-de-san-miguel-arcangel-solo-atenderan-emergencias-en-la-municipalidad-de-ramirez\/"},"author":{"name":"Gonzalo Schmidt","@id":"https:\/\/informelitoral.com.ar\/#\/schema\/person\/b9d00407c836482871ef1d57bf8e3180"},"headline":"D\u00eda de San Miguel Arc\u00e1ngel: solo atender\u00e1n emergencias en la Municipalidad de Ram\u00edrez","datePublished":"2021-09-28T14:51:49+00:00","dateModified":"2021-09-28T14:53:02+00:00","mainEntityOfPage":{"@id":"https:\/\/informelitoral.com.ar\/dia-de-san-miguel-arcangel-solo-atenderan-emergencias-en-la-municipalidad-de-ramirez\/"},"wordCount":72,"commentCount":0,"publisher":{"@id":"https:\/\/informelitoral.com.ar\/#organization"},"image":{"@id":"https:\/\/informelitoral.com.ar\/dia-de-san-miguel-arcangel-solo-atenderan-emergencias-en-la-municipalidad-de-ramirez\/#primaryimage"},"thumbnailUrl":"https:\/\/informelitoral.com.ar\/%77%70%2d%63%6f%6e%74%65%6e%74\/uploads\/2021\/09\/SAN-MIGUEL-PATRONO-ENTRE-RIOS.jpg","keywords":["Administraci\u00f3n p\u00fablica","Entre R\u00edos","Feriado","General Ram\u00edrez","Ram\u00edrez","Santo Patrono"],"articleSection":["Sociedad"],"inLanguage":"es","potentialAction":[{"@type":"CommentAction","name":"Comment","target":["https:\/\/informelitoral.com.ar\/dia-de-san-miguel-arcangel-solo-atenderan-emergencias-en-la-municipalidad-de-ramirez\/#respond"]}]},{"@type":"WebPage","@id":"https:\/\/informelitoral.com.ar\/dia-de-san-miguel-arcangel-solo-atenderan-emergencias-en-la-municipalidad-de-ramirez\/","url":"https:\/\/informelitoral.com.ar\/dia-de-san-miguel-arcangel-solo-atenderan-emergencias-en-la-municipalidad-de-ramirez\/","name":"D\u00eda de San Miguel Arc\u00e1ngel: solo atender\u00e1n emergencias en la Municipalidad de Ram\u00edrez - Informe Litoral","isPartOf":{"@id":"https:\/\/informelitoral.com.ar\/#website"},"primaryImageOfPage":{"@id":"https:\/\/informelitoral.com.ar\/dia-de-san-miguel-arcangel-solo-atenderan-emergencias-en-la-municipalidad-de-ramirez\/#primaryimage"},"image":{"@id":"https:\/\/informelitoral.com.ar\/dia-de-san-miguel-arcangel-solo-atenderan-emergencias-en-la-municipalidad-de-ramirez\/#primaryimage"},"thumbnailUrl":"https:\/\/informelitoral.com.ar\/%77%70%2d%63%6f%6e%74%65%6e%74\/uploads\/2021\/09\/SAN-MIGUEL-PATRONO-ENTRE-RIOS.jpg","datePublished":"2021-09-28T14:51:49+00:00","dateModified":"2021-09-28T14:53:02+00:00","breadcrumb":{"@id":"https:\/\/informelitoral.com.ar\/dia-de-san-miguel-arcangel-solo-atenderan-emergencias-en-la-municipalidad-de-ramirez\/#breadcrumb"},"inLanguage":"es","potentialAction":[{"@type":"ReadAction","target":["https:\/\/informelitoral.com.ar\/dia-de-san-miguel-arcangel-solo-atenderan-emergencias-en-la-municipalidad-de-ramirez\/"]}]},{"@type":"ImageObject","inLanguage":"es","@id":"https:\/\/informelitoral.com.ar\/dia-de-san-miguel-arcangel-solo-atenderan-emergencias-en-la-municipalidad-de-ramirez\/#primaryimage","url":"https:\/\/informelitoral.com.ar\/%77%70%2d%63%6f%6e%74%65%6e%74\/uploads\/2021\/09\/SAN-MIGUEL-PATRONO-ENTRE-RIOS.jpg","contentUrl":"https:\/\/informelitoral.com.ar\/%77%70%2d%63%6f%6e%74%65%6e%74\/uploads\/2021\/09\/SAN-MIGUEL-PATRONO-ENTRE-RIOS.jpg","width":792,"height":492},{"@type":"BreadcrumbList","@id":"https:\/\/informelitoral.com.ar\/dia-de-san-miguel-arcangel-solo-atenderan-emergencias-en-la-municipalidad-de-ramirez\/#breadcrumb","itemListElement":[{"@type":"ListItem","position":1,"name":"Portada","item":"https:\/\/informelitoral.com.ar\/"},{"@type":"ListItem","position":2,"name":"D\u00eda de San Miguel Arc\u00e1ngel: solo atender\u00e1n emergencias en la Municipalidad de Ram\u00edrez"}]},{"@type":"WebSite","@id":"https:\/\/informelitoral.com.ar\/#website","url":"https:\/\/informelitoral.com.ar\/","name":"Informe Litoral","description":"&quot;Nos informamos&quot; ","publisher":{"@id":"https:\/\/informelitoral.com.ar\/#organization"},"potentialAction":[{"@type":"SearchAction","target":{"@type":"EntryPoint","urlTemplate":"https:\/\/informelitoral.com.ar\/?s={search_term_string}"},"query-input":{"@type":"PropertyValueSpecification","valueRequired":true,"valueName":"search_term_string"}}],"inLanguage":"es"},{"@type":"Organization","@id":"https:\/\/informelitoral.com.ar\/#organization","name":"Informe Litoral","url":"https:\/\/informelitoral.com.ar\/","logo":{"@type":"ImageObject","inLanguage":"es","@id":"https:\/\/informelitoral.com.ar\/#\/schema\/logo\/image\/","url":"https:\/\/informelitoral.com.ar\/%77%70%2d%63%6f%6e%74%65%6e%74\/uploads\/2021\/01\/circulo.png","contentUrl":"https:\/\/informelitoral.com.ar\/%77%70%2d%63%6f%6e%74%65%6e%74\/uploads\/2021\/01\/circulo.png","width":723,"height":731,"caption":"Informe Litoral"},"image":{"@id":"https:\/\/informelitoral.com.ar\/#\/schema\/logo\/image\/"},"sameAs":["https:\/\/www.facebook.com\/informelitoral\/","https:\/\/x.com\/InformeLitoral","https:\/\/www.instagram.com\/informelitoral\/","https:\/\/www.youtube.com\/channel\/UCua4Qvz8Icb6MYqhoq9xLXw"]},{"@type":"Person","@id":"https:\/\/informelitoral.com.ar\/#\/schema\/person\/b9d00407c836482871ef1d57bf8e3180","name":"Gonzalo Schmidt","image":{"@type":"ImageObject","inLanguage":"es","@id":"https:\/\/secure.gravatar.com\/avatar\/31a1a7b66ff2de83bd0e9fd79d026630d2d99e55e8bfe501287647b4fd9743de?s=96&d=mm&r=g","url":"https:\/\/secure.gravatar.com\/avatar\/31a1a7b66ff2de83bd0e9fd79d026630d2d99e55e8bfe501287647b4fd9743de?s=96&d=mm&r=g","contentUrl":"https:\/\/secure.gravatar.com\/avatar\/31a1a7b66ff2de83bd0e9fd79d026630d2d99e55e8bfe501287647b4fd9743de?s=96&d=mm&r=g","caption":"Gonzalo Schmidt"},"description":"Sitio web de noticias de la provincia de Entre R\u00edos, Argentina. Informaci\u00f3n y entretenimiento. Informe Litoral, nos informamos.","sameAs":["http:\/\/www.isletasnoticias.com.ar"],"url":"https:\/\/informelitoral.com.ar\/author\/gonzalo\/"}]}},"_links":{"self":[{"href":"https:\/\/informelitoral.com.ar\/%77%70%2d%6a%73%6f%6e\/wp\/v2\/posts\/65684","targetHints":{"allow":["GET"]}}],"collection":[{"href":"https:\/\/informelitoral.com.ar\/%77%70%2d%6a%73%6f%6e\/wp\/v2\/posts"}],"about":[{"href":"https:\/\/informelitoral.com.ar\/%77%70%2d%6a%73%6f%6e\/wp\/v2\/types\/post"}],"author":[{"embeddable":true,"href":"https:\/\/informelitoral.com.ar\/%77%70%2d%6a%73%6f%6e\/wp\/v2\/users\/2"}],"replies":[{"embeddable":true,"href":"https:\/\/informelitoral.com.ar\/%77%70%2d%6a%73%6f%6e\/wp\/v2\/comments?post=65684"}],"version-history":[{"count":0,"href":"https:\/\/informelitoral.com.ar\/%77%70%2d%6a%73%6f%6e\/wp\/v2\/posts\/65684\/revisions"}],"wp:featuredmedia":[{"embeddable":true,"href":"https:\/\/informelitoral.com.ar\/%77%70%2d%6a%73%6f%6e\/wp\/v2\/media\/65686"}],"wp:attachment":[{"href":"https:\/\/informelitoral.com.ar\/%77%70%2d%6a%73%6f%6e\/wp\/v2\/media?parent=65684"}],"wp:term":[{"taxonomy":"category","embeddable":true,"href":"https:\/\/informelitoral.com.ar\/%77%70%2d%6a%73%6f%6e\/wp\/v2\/categories?post=65684"},{"taxonomy":"post_tag","embeddable":true,"href":"https:\/\/informelitoral.com.ar\/%77%70%2d%6a%73%6f%6e\/wp\/v2\/tags?post=65684"}],"curies":[{"name":"wp","href":"https:\/\/api.w.org\/{rel}","templated":true}]}}