{"id":65663,"date":"2021-09-28T07:56:40","date_gmt":"2021-09-28T10:56:40","guid":{"rendered":"https:\/\/www.informelitoral.com.ar\/?p=65663"},"modified":"2021-09-28T07:56:40","modified_gmt":"2021-09-28T10:56:40","slug":"aumentaron-mas-de-63-las-exportaciones-argentinas-en-agosto","status":"publish","type":"post","link":"https:\/\/informelitoral.com.ar\/aumentaron-mas-de-63-las-exportaciones-argentinas-en-agosto\/","title":{"rendered":"Aumentaron m\u00e1s de 63% las exportaciones argentinas en agosto"},"content":{"rendered":"<p>Las\u00a0exportaciones\u00a0argentinas registran por s\u00e9ptimo mes consecutivo un crecimiento sostenido y en el mes de agosto de este a\u00f1o, con un\u00a0<strong>aumento del 63,3% de las ventas al exterior<\/strong>\u00a0respecto del mismo mes de 2020,\u00a0<strong>ingresaron al pa\u00eds m\u00e1s de 8.043 millones de d\u00f3lares<\/strong>.<\/p>\n<p>Seg\u00fan el Intercambio Comercial Argentino (<strong>ICA<\/strong>) que elabora el Instituto Nacional de Estad\u00edstica y Censos (<strong>INDEC<\/strong>), el mes de agosto fue\u00a0<strong>el tercer mejor mes de exportaciones argentinas de la \u00faltima d\u00e9cada<\/strong>, s\u00f3lo quedando por detr\u00e1s de\u00a0<strong>mayo de 2013<\/strong>\u00a0donde las ventas al exterior generaron un ingreso de\u00a0<strong>8.429 millones de d\u00f3lares<\/strong>\u00a0a nuestro pa\u00eds, y\u00a0<strong>agosto de 2011<\/strong>\u00a0cuando el volumen de exportaciones alcanz\u00f3 un valor de\u00a0<strong>8.255 millones de d\u00f3lares<\/strong>.<\/p>\n<p>Estos datos positivos de las ventas argentinas en agosto fueron acompa\u00f1ados por un aumento del 64% de las\u00a0importaciones\u00a0que alcanzaron un valor de 5.754 millones de d\u00f3lares, con lo cual el intercambio comercial argentino alcanz\u00f3 los 13.847 millones de d\u00f3lares y\u00a0<strong>el saldo comercial de nuestro pa\u00eds en el octavo mes de este a\u00f1o fue de 2.339 millones de d\u00f3lares.<\/strong><\/p>\n<h2><strong>AGRO<\/strong><\/h2>\n<p>En relaci\u00f3n al aporte de la agroindustria nacional, en el mes de agosto jug\u00f3 un papel clave, dado que las exportaciones de\u00a0<strong>Productos Primarios aumentaron 69,2% en relaci\u00f3n a igual per\u00edodo de 2020, generando un ingreso al pa\u00eds de 2.778 millones de d\u00f3lares<\/strong>\u00a0y acaparando el 34,3% del total de las ventas argentinas.<\/p>\n<p>Para el caso de las<strong>\u00a0Manufacturas de Origen Agropecuario, las exportaciones aumentaron 46,8% versus agosto de 2020, alcanzado un valor de 2.734 millones de d\u00f3lares,\u00a0<\/strong>cubriendo el 33,8% del total vendido en el mes.<\/p>\n<p>El dato negativo que se puede deducir de estas dos categor\u00edas es que las ventas al exterior de los productos manufacturados quedaron por debajo de la de productos primarios,\u00a0<strong>con lo cual el agregado de valor no marc\u00f3 la diferencia y de esta manera se primarizan las exportaciones<\/strong>.<\/p>\n<p><a href=\"https:\/\/www.informelitoral.com.ar\/%77%70%2d%63%6f%6e%74%65%6e%74\/uploads\/2021\/09\/indec-categorias-ica-ago21.png\"><img loading=\"lazy\" decoding=\"async\" class=\"aligncenter wp-image-65664 size-full\" src=\"https:\/\/www.informelitoral.com.ar\/%77%70%2d%63%6f%6e%74%65%6e%74\/uploads\/2021\/09\/indec-categorias-ica-ago21.png\" alt=\"\" width=\"761\" height=\"699\" srcset=\"https:\/\/informelitoral.com.ar\/%77%70%2d%63%6f%6e%74%65%6e%74\/uploads\/2021\/09\/indec-categorias-ica-ago21.png 761w, https:\/\/informelitoral.com.ar\/%77%70%2d%63%6f%6e%74%65%6e%74\/uploads\/2021\/09\/indec-categorias-ica-ago21-300x276.png 300w, https:\/\/informelitoral.com.ar\/%77%70%2d%63%6f%6e%74%65%6e%74\/uploads\/2021\/09\/indec-categorias-ica-ago21-696x639.png 696w, https:\/\/informelitoral.com.ar\/%77%70%2d%63%6f%6e%74%65%6e%74\/uploads\/2021\/09\/indec-categorias-ica-ago21-457x420.png 457w\" sizes=\"auto, (max-width: 761px) 100vw, 761px\" \/><\/a><\/p>\n","protected":false},"excerpt":{"rendered":"<p>Seg\u00fan datos del INDEC, las ventas al exterior alcanzaron un valor de 8.093 millones de d\u00f3lares el mes pasado.<\/p>\n","protected":false},"author":2,"featured_media":58201,"comment_status":"open","ping_status":"open","sticky":false,"template":"","format":"standard","meta":{"fifu_image_url":"","fifu_image_alt":"","footnotes":""},"categories":[1594,7],"tags":[83,120],"class_list":{"0":"post-65663","1":"post","2":"type-post","3":"status-publish","4":"format-standard","5":"has-post-thumbnail","7":"category-economia","8":"category-nacionales","9":"tag-exportaciones","10":"tag-produccion"},"yoast_head":"<title>Aumentaron m\u00e1s de 63% las exportaciones argentinas en agosto - Informe Litoral<\/title>\n<meta name=\"robots\" content=\"index, follow, max-snippet:-1, max-image-preview:large, max-video-preview:-1\" \/>\n<link rel=\"canonical\" href=\"https:\/\/informelitoral.com.ar\/aumentaron-mas-de-63-las-exportaciones-argentinas-en-agosto\/\" \/>\n<meta property=\"og:locale\" content=\"es_ES\" \/>\n<meta property=\"og:type\" content=\"article\" \/>\n<meta property=\"og:title\" content=\"Aumentaron m\u00e1s de 63% las exportaciones argentinas en agosto - Informe Litoral\" \/>\n<meta property=\"og:description\" content=\"Seg\u00fan datos del INDEC, las ventas al exterior alcanzaron un valor de 8.093 millones de d\u00f3lares el mes pasado.\" \/>\n<meta property=\"og:url\" content=\"https:\/\/informelitoral.com.ar\/aumentaron-mas-de-63-las-exportaciones-argentinas-en-agosto\/\" \/>\n<meta property=\"og:site_name\" content=\"Informe Litoral\" \/>\n<meta property=\"article:publisher\" content=\"https:\/\/www.facebook.com\/informelitoral\/\" \/>\n<meta property=\"article:published_time\" content=\"2021-09-28T10:56:40+00:00\" \/>\n<meta property=\"og:image\" content=\"https:\/\/informelitoral.com.ar\/%77%70%2d%63%6f%6e%74%65%6e%74\/uploads\/2021\/03\/Puerto-de-Rosario-Timbues-Exportaciones.jpg\" \/>\n\t<meta property=\"og:image:width\" content=\"1000\" \/>\n\t<meta property=\"og:image:height\" content=\"570\" \/>\n\t<meta property=\"og:image:type\" content=\"image\/jpeg\" \/>\n<meta name=\"author\" content=\"Gonzalo Schmidt\" \/>\n<meta name=\"twitter:card\" content=\"summary_large_image\" \/>\n<meta name=\"twitter:creator\" content=\"@InformeLitoral\" \/>\n<meta name=\"twitter:site\" content=\"@InformeLitoral\" \/>\n<meta name=\"twitter:label1\" content=\"Escrito por\" \/>\n\t<meta name=\"twitter:data1\" content=\"Gonzalo Schmidt\" \/>\n\t<meta name=\"twitter:label2\" content=\"Tiempo de lectura\" \/>\n\t<meta name=\"twitter:data2\" content=\"2 minutos\" \/>\n<script type=\"application\/ld+json\" class=\"yoast-schema-graph\">{\"@context\":\"https:\\\/\\\/schema.org\",\"@graph\":[{\"@type\":\"Article\",\"@id\":\"https:\\\/\\\/informelitoral.com.ar\\\/aumentaron-mas-de-63-las-exportaciones-argentinas-en-agosto\\\/#article\",\"isPartOf\":{\"@id\":\"https:\\\/\\\/informelitoral.com.ar\\\/aumentaron-mas-de-63-las-exportaciones-argentinas-en-agosto\\\/\"},\"author\":{\"name\":\"Gonzalo Schmidt\",\"@id\":\"https:\\\/\\\/informelitoral.com.ar\\\/#\\\/schema\\\/person\\\/b9d00407c836482871ef1d57bf8e3180\"},\"headline\":\"Aumentaron m\u00e1s de 63% las exportaciones argentinas en agosto\",\"datePublished\":\"2021-09-28T10:56:40+00:00\",\"mainEntityOfPage\":{\"@id\":\"https:\\\/\\\/informelitoral.com.ar\\\/aumentaron-mas-de-63-las-exportaciones-argentinas-en-agosto\\\/\"},\"wordCount\":331,\"commentCount\":0,\"publisher\":{\"@id\":\"https:\\\/\\\/informelitoral.com.ar\\\/#organization\"},\"image\":{\"@id\":\"https:\\\/\\\/informelitoral.com.ar\\\/aumentaron-mas-de-63-las-exportaciones-argentinas-en-agosto\\\/#primaryimage\"},\"thumbnailUrl\":\"https:\\\/\\\/informelitoral.com.ar\\\/%77%70%2d%63%6f%6e%74%65%6e%74\\\/uploads\\\/2021\\\/03\\\/Puerto-de-Rosario-Timbues-Exportaciones.jpg\",\"keywords\":[\"Exportaciones\",\"Producci\u00f3n\"],\"articleSection\":[\"Econom\u00eda\",\"Nacionales\"],\"inLanguage\":\"es\",\"potentialAction\":[{\"@type\":\"CommentAction\",\"name\":\"Comment\",\"target\":[\"https:\\\/\\\/informelitoral.com.ar\\\/aumentaron-mas-de-63-las-exportaciones-argentinas-en-agosto\\\/#respond\"]}]},{\"@type\":\"WebPage\",\"@id\":\"https:\\\/\\\/informelitoral.com.ar\\\/aumentaron-mas-de-63-las-exportaciones-argentinas-en-agosto\\\/\",\"url\":\"https:\\\/\\\/informelitoral.com.ar\\\/aumentaron-mas-de-63-las-exportaciones-argentinas-en-agosto\\\/\",\"name\":\"Aumentaron m\u00e1s de 63% las exportaciones argentinas en agosto - Informe Litoral\",\"isPartOf\":{\"@id\":\"https:\\\/\\\/informelitoral.com.ar\\\/#website\"},\"primaryImageOfPage\":{\"@id\":\"https:\\\/\\\/informelitoral.com.ar\\\/aumentaron-mas-de-63-las-exportaciones-argentinas-en-agosto\\\/#primaryimage\"},\"image\":{\"@id\":\"https:\\\/\\\/informelitoral.com.ar\\\/aumentaron-mas-de-63-las-exportaciones-argentinas-en-agosto\\\/#primaryimage\"},\"thumbnailUrl\":\"https:\\\/\\\/informelitoral.com.ar\\\/%77%70%2d%63%6f%6e%74%65%6e%74\\\/uploads\\\/2021\\\/03\\\/Puerto-de-Rosario-Timbues-Exportaciones.jpg\",\"datePublished\":\"2021-09-28T10:56:40+00:00\",\"breadcrumb\":{\"@id\":\"https:\\\/\\\/informelitoral.com.ar\\\/aumentaron-mas-de-63-las-exportaciones-argentinas-en-agosto\\\/#breadcrumb\"},\"inLanguage\":\"es\",\"potentialAction\":[{\"@type\":\"ReadAction\",\"target\":[\"https:\\\/\\\/informelitoral.com.ar\\\/aumentaron-mas-de-63-las-exportaciones-argentinas-en-agosto\\\/\"]}]},{\"@type\":\"ImageObject\",\"inLanguage\":\"es\",\"@id\":\"https:\\\/\\\/informelitoral.com.ar\\\/aumentaron-mas-de-63-las-exportaciones-argentinas-en-agosto\\\/#primaryimage\",\"url\":\"https:\\\/\\\/informelitoral.com.ar\\\/%77%70%2d%63%6f%6e%74%65%6e%74\\\/uploads\\\/2021\\\/03\\\/Puerto-de-Rosario-Timbues-Exportaciones.jpg\",\"contentUrl\":\"https:\\\/\\\/informelitoral.com.ar\\\/%77%70%2d%63%6f%6e%74%65%6e%74\\\/uploads\\\/2021\\\/03\\\/Puerto-de-Rosario-Timbues-Exportaciones.jpg\",\"width\":1000,\"height\":570},{\"@type\":\"BreadcrumbList\",\"@id\":\"https:\\\/\\\/informelitoral.com.ar\\\/aumentaron-mas-de-63-las-exportaciones-argentinas-en-agosto\\\/#breadcrumb\",\"itemListElement\":[{\"@type\":\"ListItem\",\"position\":1,\"name\":\"Portada\",\"item\":\"https:\\\/\\\/informelitoral.com.ar\\\/\"},{\"@type\":\"ListItem\",\"position\":2,\"name\":\"Aumentaron m\u00e1s de 63% las exportaciones argentinas en agosto\"}]},{\"@type\":\"WebSite\",\"@id\":\"https:\\\/\\\/informelitoral.com.ar\\\/#website\",\"url\":\"https:\\\/\\\/informelitoral.com.ar\\\/\",\"name\":\"Informe Litoral\",\"description\":\"&quot;Nos informamos&quot; \",\"publisher\":{\"@id\":\"https:\\\/\\\/informelitoral.com.ar\\\/#organization\"},\"potentialAction\":[{\"@type\":\"SearchAction\",\"target\":{\"@type\":\"EntryPoint\",\"urlTemplate\":\"https:\\\/\\\/informelitoral.com.ar\\\/?s={search_term_string}\"},\"query-input\":{\"@type\":\"PropertyValueSpecification\",\"valueRequired\":true,\"valueName\":\"search_term_string\"}}],\"inLanguage\":\"es\"},{\"@type\":\"Organization\",\"@id\":\"https:\\\/\\\/informelitoral.com.ar\\\/#organization\",\"name\":\"Informe Litoral\",\"url\":\"https:\\\/\\\/informelitoral.com.ar\\\/\",\"logo\":{\"@type\":\"ImageObject\",\"inLanguage\":\"es\",\"@id\":\"https:\\\/\\\/informelitoral.com.ar\\\/#\\\/schema\\\/logo\\\/image\\\/\",\"url\":\"https:\\\/\\\/informelitoral.com.ar\\\/%77%70%2d%63%6f%6e%74%65%6e%74\\\/uploads\\\/2021\\\/01\\\/circulo.png\",\"contentUrl\":\"https:\\\/\\\/informelitoral.com.ar\\\/%77%70%2d%63%6f%6e%74%65%6e%74\\\/uploads\\\/2021\\\/01\\\/circulo.png\",\"width\":723,\"height\":731,\"caption\":\"Informe Litoral\"},\"image\":{\"@id\":\"https:\\\/\\\/informelitoral.com.ar\\\/#\\\/schema\\\/logo\\\/image\\\/\"},\"sameAs\":[\"https:\\\/\\\/www.facebook.com\\\/informelitoral\\\/\",\"https:\\\/\\\/x.com\\\/InformeLitoral\",\"https:\\\/\\\/www.instagram.com\\\/informelitoral\\\/\",\"https:\\\/\\\/www.youtube.com\\\/channel\\\/UCua4Qvz8Icb6MYqhoq9xLXw\"]},{\"@type\":\"Person\",\"@id\":\"https:\\\/\\\/informelitoral.com.ar\\\/#\\\/schema\\\/person\\\/b9d00407c836482871ef1d57bf8e3180\",\"name\":\"Gonzalo Schmidt\",\"image\":{\"@type\":\"ImageObject\",\"inLanguage\":\"es\",\"@id\":\"https:\\\/\\\/secure.gravatar.com\\\/avatar\\\/31a1a7b66ff2de83bd0e9fd79d026630d2d99e55e8bfe501287647b4fd9743de?s=96&d=mm&r=g\",\"url\":\"https:\\\/\\\/secure.gravatar.com\\\/avatar\\\/31a1a7b66ff2de83bd0e9fd79d026630d2d99e55e8bfe501287647b4fd9743de?s=96&d=mm&r=g\",\"contentUrl\":\"https:\\\/\\\/secure.gravatar.com\\\/avatar\\\/31a1a7b66ff2de83bd0e9fd79d026630d2d99e55e8bfe501287647b4fd9743de?s=96&d=mm&r=g\",\"caption\":\"Gonzalo Schmidt\"},\"description\":\"Sitio web de noticias de la provincia de Entre R\u00edos, Argentina. Informaci\u00f3n y entretenimiento. Informe Litoral, nos informamos.\",\"sameAs\":[\"http:\\\/\\\/www.isletasnoticias.com.ar\"],\"url\":\"https:\\\/\\\/informelitoral.com.ar\\\/author\\\/gonzalo\\\/\"}]}<\/script>","yoast_head_json":{"title":"Aumentaron m\u00e1s de 63% las exportaciones argentinas en agosto - Informe Litoral","robots":{"index":"index","follow":"follow","max-snippet":"max-snippet:-1","max-image-preview":"max-image-preview:large","max-video-preview":"max-video-preview:-1"},"canonical":"https:\/\/informelitoral.com.ar\/aumentaron-mas-de-63-las-exportaciones-argentinas-en-agosto\/","og_locale":"es_ES","og_type":"article","og_title":"Aumentaron m\u00e1s de 63% las exportaciones argentinas en agosto - Informe Litoral","og_description":"Seg\u00fan datos del INDEC, las ventas al exterior alcanzaron un valor de 8.093 millones de d\u00f3lares el mes pasado.","og_url":"https:\/\/informelitoral.com.ar\/aumentaron-mas-de-63-las-exportaciones-argentinas-en-agosto\/","og_site_name":"Informe Litoral","article_publisher":"https:\/\/www.facebook.com\/informelitoral\/","article_published_time":"2021-09-28T10:56:40+00:00","og_image":[{"width":1000,"height":570,"url":"https:\/\/informelitoral.com.ar\/%77%70%2d%63%6f%6e%74%65%6e%74\/uploads\/2021\/03\/Puerto-de-Rosario-Timbues-Exportaciones.jpg","type":"image\/jpeg"}],"author":"Gonzalo Schmidt","twitter_card":"summary_large_image","twitter_creator":"@InformeLitoral","twitter_site":"@InformeLitoral","twitter_misc":{"Escrito por":"Gonzalo Schmidt","Tiempo de lectura":"2 minutos"},"schema":{"@context":"https:\/\/schema.org","@graph":[{"@type":"Article","@id":"https:\/\/informelitoral.com.ar\/aumentaron-mas-de-63-las-exportaciones-argentinas-en-agosto\/#article","isPartOf":{"@id":"https:\/\/informelitoral.com.ar\/aumentaron-mas-de-63-las-exportaciones-argentinas-en-agosto\/"},"author":{"name":"Gonzalo Schmidt","@id":"https:\/\/informelitoral.com.ar\/#\/schema\/person\/b9d00407c836482871ef1d57bf8e3180"},"headline":"Aumentaron m\u00e1s de 63% las exportaciones argentinas en agosto","datePublished":"2021-09-28T10:56:40+00:00","mainEntityOfPage":{"@id":"https:\/\/informelitoral.com.ar\/aumentaron-mas-de-63-las-exportaciones-argentinas-en-agosto\/"},"wordCount":331,"commentCount":0,"publisher":{"@id":"https:\/\/informelitoral.com.ar\/#organization"},"image":{"@id":"https:\/\/informelitoral.com.ar\/aumentaron-mas-de-63-las-exportaciones-argentinas-en-agosto\/#primaryimage"},"thumbnailUrl":"https:\/\/informelitoral.com.ar\/%77%70%2d%63%6f%6e%74%65%6e%74\/uploads\/2021\/03\/Puerto-de-Rosario-Timbues-Exportaciones.jpg","keywords":["Exportaciones","Producci\u00f3n"],"articleSection":["Econom\u00eda","Nacionales"],"inLanguage":"es","potentialAction":[{"@type":"CommentAction","name":"Comment","target":["https:\/\/informelitoral.com.ar\/aumentaron-mas-de-63-las-exportaciones-argentinas-en-agosto\/#respond"]}]},{"@type":"WebPage","@id":"https:\/\/informelitoral.com.ar\/aumentaron-mas-de-63-las-exportaciones-argentinas-en-agosto\/","url":"https:\/\/informelitoral.com.ar\/aumentaron-mas-de-63-las-exportaciones-argentinas-en-agosto\/","name":"Aumentaron m\u00e1s de 63% las exportaciones argentinas en agosto - Informe Litoral","isPartOf":{"@id":"https:\/\/informelitoral.com.ar\/#website"},"primaryImageOfPage":{"@id":"https:\/\/informelitoral.com.ar\/aumentaron-mas-de-63-las-exportaciones-argentinas-en-agosto\/#primaryimage"},"image":{"@id":"https:\/\/informelitoral.com.ar\/aumentaron-mas-de-63-las-exportaciones-argentinas-en-agosto\/#primaryimage"},"thumbnailUrl":"https:\/\/informelitoral.com.ar\/%77%70%2d%63%6f%6e%74%65%6e%74\/uploads\/2021\/03\/Puerto-de-Rosario-Timbues-Exportaciones.jpg","datePublished":"2021-09-28T10:56:40+00:00","breadcrumb":{"@id":"https:\/\/informelitoral.com.ar\/aumentaron-mas-de-63-las-exportaciones-argentinas-en-agosto\/#breadcrumb"},"inLanguage":"es","potentialAction":[{"@type":"ReadAction","target":["https:\/\/informelitoral.com.ar\/aumentaron-mas-de-63-las-exportaciones-argentinas-en-agosto\/"]}]},{"@type":"ImageObject","inLanguage":"es","@id":"https:\/\/informelitoral.com.ar\/aumentaron-mas-de-63-las-exportaciones-argentinas-en-agosto\/#primaryimage","url":"https:\/\/informelitoral.com.ar\/%77%70%2d%63%6f%6e%74%65%6e%74\/uploads\/2021\/03\/Puerto-de-Rosario-Timbues-Exportaciones.jpg","contentUrl":"https:\/\/informelitoral.com.ar\/%77%70%2d%63%6f%6e%74%65%6e%74\/uploads\/2021\/03\/Puerto-de-Rosario-Timbues-Exportaciones.jpg","width":1000,"height":570},{"@type":"BreadcrumbList","@id":"https:\/\/informelitoral.com.ar\/aumentaron-mas-de-63-las-exportaciones-argentinas-en-agosto\/#breadcrumb","itemListElement":[{"@type":"ListItem","position":1,"name":"Portada","item":"https:\/\/informelitoral.com.ar\/"},{"@type":"ListItem","position":2,"name":"Aumentaron m\u00e1s de 63% las exportaciones argentinas en agosto"}]},{"@type":"WebSite","@id":"https:\/\/informelitoral.com.ar\/#website","url":"https:\/\/informelitoral.com.ar\/","name":"Informe Litoral","description":"&quot;Nos informamos&quot; ","publisher":{"@id":"https:\/\/informelitoral.com.ar\/#organization"},"potentialAction":[{"@type":"SearchAction","target":{"@type":"EntryPoint","urlTemplate":"https:\/\/informelitoral.com.ar\/?s={search_term_string}"},"query-input":{"@type":"PropertyValueSpecification","valueRequired":true,"valueName":"search_term_string"}}],"inLanguage":"es"},{"@type":"Organization","@id":"https:\/\/informelitoral.com.ar\/#organization","name":"Informe Litoral","url":"https:\/\/informelitoral.com.ar\/","logo":{"@type":"ImageObject","inLanguage":"es","@id":"https:\/\/informelitoral.com.ar\/#\/schema\/logo\/image\/","url":"https:\/\/informelitoral.com.ar\/%77%70%2d%63%6f%6e%74%65%6e%74\/uploads\/2021\/01\/circulo.png","contentUrl":"https:\/\/informelitoral.com.ar\/%77%70%2d%63%6f%6e%74%65%6e%74\/uploads\/2021\/01\/circulo.png","width":723,"height":731,"caption":"Informe Litoral"},"image":{"@id":"https:\/\/informelitoral.com.ar\/#\/schema\/logo\/image\/"},"sameAs":["https:\/\/www.facebook.com\/informelitoral\/","https:\/\/x.com\/InformeLitoral","https:\/\/www.instagram.com\/informelitoral\/","https:\/\/www.youtube.com\/channel\/UCua4Qvz8Icb6MYqhoq9xLXw"]},{"@type":"Person","@id":"https:\/\/informelitoral.com.ar\/#\/schema\/person\/b9d00407c836482871ef1d57bf8e3180","name":"Gonzalo Schmidt","image":{"@type":"ImageObject","inLanguage":"es","@id":"https:\/\/secure.gravatar.com\/avatar\/31a1a7b66ff2de83bd0e9fd79d026630d2d99e55e8bfe501287647b4fd9743de?s=96&d=mm&r=g","url":"https:\/\/secure.gravatar.com\/avatar\/31a1a7b66ff2de83bd0e9fd79d026630d2d99e55e8bfe501287647b4fd9743de?s=96&d=mm&r=g","contentUrl":"https:\/\/secure.gravatar.com\/avatar\/31a1a7b66ff2de83bd0e9fd79d026630d2d99e55e8bfe501287647b4fd9743de?s=96&d=mm&r=g","caption":"Gonzalo Schmidt"},"description":"Sitio web de noticias de la provincia de Entre R\u00edos, Argentina. Informaci\u00f3n y entretenimiento. Informe Litoral, nos informamos.","sameAs":["http:\/\/www.isletasnoticias.com.ar"],"url":"https:\/\/informelitoral.com.ar\/author\/gonzalo\/"}]}},"_links":{"self":[{"href":"https:\/\/informelitoral.com.ar\/%77%70%2d%6a%73%6f%6e\/wp\/v2\/posts\/65663","targetHints":{"allow":["GET"]}}],"collection":[{"href":"https:\/\/informelitoral.com.ar\/%77%70%2d%6a%73%6f%6e\/wp\/v2\/posts"}],"about":[{"href":"https:\/\/informelitoral.com.ar\/%77%70%2d%6a%73%6f%6e\/wp\/v2\/types\/post"}],"author":[{"embeddable":true,"href":"https:\/\/informelitoral.com.ar\/%77%70%2d%6a%73%6f%6e\/wp\/v2\/users\/2"}],"replies":[{"embeddable":true,"href":"https:\/\/informelitoral.com.ar\/%77%70%2d%6a%73%6f%6e\/wp\/v2\/comments?post=65663"}],"version-history":[{"count":0,"href":"https:\/\/informelitoral.com.ar\/%77%70%2d%6a%73%6f%6e\/wp\/v2\/posts\/65663\/revisions"}],"wp:featuredmedia":[{"embeddable":true,"href":"https:\/\/informelitoral.com.ar\/%77%70%2d%6a%73%6f%6e\/wp\/v2\/media\/58201"}],"wp:attachment":[{"href":"https:\/\/informelitoral.com.ar\/%77%70%2d%6a%73%6f%6e\/wp\/v2\/media?parent=65663"}],"wp:term":[{"taxonomy":"category","embeddable":true,"href":"https:\/\/informelitoral.com.ar\/%77%70%2d%6a%73%6f%6e\/wp\/v2\/categories?post=65663"},{"taxonomy":"post_tag","embeddable":true,"href":"https:\/\/informelitoral.com.ar\/%77%70%2d%6a%73%6f%6e\/wp\/v2\/tags?post=65663"}],"curies":[{"name":"wp","href":"https:\/\/api.w.org\/{rel}","templated":true}]}}