{"id":6562,"date":"2014-04-16T11:17:43","date_gmt":"2014-04-16T14:17:43","guid":{"rendered":"http:\/\/www.isletasnoticias.com.ar\/?p=6562"},"modified":"2014-04-16T11:19:18","modified_gmt":"2014-04-16T14:19:18","slug":"educacion-e-indumentaria-fueron-los-rubros-que-mas-subieron-en-marzo","status":"publish","type":"post","link":"https:\/\/informelitoral.com.ar\/educacion-e-indumentaria-fueron-los-rubros-que-mas-subieron-en-marzo\/","title":{"rendered":"Educaci\u00f3n e indumentaria fueron los rubros que m\u00e1s subieron en marzo"},"content":{"rendered":"<p style=\"text-align: left;\"><strong>Los precios de los materiales educativos subieron un 6,2%; alimentos 2,4% e indumentaria 5,3%. Seg\u00fan el ministro Kicillof, \u201cahora la desaceleraci\u00f3n se empieza a sentir por el plan Precios Cuidados\u201d.\u00a0<em>Los detalles.<a href=\"http:\/\/www.isletasnoticias.com.ar\/%77%70%2d%63%6f%6e%74%65%6e%74\/uploads\/2014\/04\/economia.jpg\"><img loading=\"lazy\" decoding=\"async\" class=\"aligncenter  wp-image-6563\" alt=\"economia\" src=\"http:\/\/www.isletasnoticias.com.ar\/%77%70%2d%63%6f%6e%74%65%6e%74\/uploads\/2014\/04\/economia-300x168.jpg\" width=\"500\" height=\"300\" \/><\/a><\/em><\/strong><\/p>\n<p>El \u00cdndice de Precios al Consumidor Nacional Urbano (IPCNu) registr\u00f3 en marzo un avance de 2,6%, dentro de un proceso de desaceleraci\u00f3n en los valores del sector minorista tras las alzas superiores al 3% de enero y febrero pasado, anunci\u00f3 el ministro de Econom\u00eda, <strong>Axel Kicillof.\u00a0<\/strong><\/p>\n<p>El rubro Alimentaci\u00f3n -el que m\u00e1s incidencia tiene en sectores bajos- creci\u00f3 2,4%, mientras que los que registraron mayores incrementos fueron Educaci\u00f3n -por el inicio de clases- con 6,2%, e Indumentaria -por el cambio de temporada- con 5,3%.<\/p>\n<p>Sobre el aumento en alimentos, Kicillof sostuvo que \u00abel movimiento cambiario de enero provoc\u00f3 un incremento que en algunos casos no fue justificado, pero ahora la desaceleraci\u00f3n se empieza a sentir por el plan Precios Cuidados\u00bb, aunque sectores privados lo adjudican a la ca\u00edda del nivel de actividad y de la demanda.<\/p>\n<p>Los precios de alimentos y bebidas aumentaron 2,4% y los del rubro Viviendas y Servicios B\u00e1sicos 1,2%.<\/p>\n<p>En Equipamiento y Mantenimiento del Hogar, el alza lleg\u00f3 al 3,5%, y en el rubro Atenci\u00f3n M\u00e9dica y Gastos para la Salud, el incremento fue del 1,3%.<\/p>\n<p>Transporte y Comunicaciones mostr\u00f3 una suba del 3%, que el ministro adjudic\u00f3 a aumentos de boletos en el interior del pa\u00eds.<\/p>\n<p>En el rubro Esparcimiento, la suba alcanz\u00f3 al 0,4% mientras que en el rubro Otros Bienes y Servicios el aumento lleg\u00f3 al 2,6%, seg\u00fan datos del \u00cdndice de Precios al Consumidor Nacional Urbano.<\/p>\n<p>Desagregando la informaci\u00f3n en productos y servicios que integran esos rubros, \u00abeducaci\u00f3n formal\u00bb fue el \u00edtem que mostr\u00f3 el mayor incremento con un aumento del 8,1%, debido a los ajustes en las cuotas de los colegios privados.<\/p>\n<p>Luego le siguen \u00absopas y caldos concentrados\u00bb y \u00abropa exterior\u00bb con un alza del 8%.<\/p>\n<p>El podio lo completan \u00abfrutas secas, deshidratadas y en conserva\u00bb, cuyo valor creci\u00f3 7,9%, pero que sumado a las subas que mostr\u00f3 en enero y febrero alcanza un aumento de m\u00e1s del 31% en lo que va del a\u00f1o.<\/p>\n<p>Luego le sigue el \u00abte\u00bb con un alza del 6,3%. Vale destacar que esta infusi\u00f3n acumula as\u00ed un incremento de casi 26% en los tres primeros meses del a\u00f1o.<\/p>\n<p>Detr\u00e1s se ubican en el quinto puesto \u00abtextiles para el hogar\u00bb y \u00abcorreo\u00bb con un 6,2% de encarecimiento, seg\u00fan reprodujo <em>Informe Digital.<\/em><\/p>\n<p>M\u00e1s atr\u00e1s vienen \u00abcaramelos, golosinas y cacao\u00bb con el 5,3% de incremento y \u00abtelas, hilados y art\u00edculos de mercer\u00eda\u00bb con el 5,1%,<\/p>\n<p>En la octava posici\u00f3n aparecen \u00abconfecci\u00f3n y reparaci\u00f3n de indumentaria\u00bb y \u00absistema de salud y servicios auxiliares\u00bb con el 5%. En este \u00faltimo \u00edtem se evidenci\u00f3 la suba en las cuotas de las prepagas que el Gobierno autoriz\u00f3 a las empresas a partir del 1 de marzo.<\/p>\n<p>Cierran el ranking de los m\u00e1s encarecidos del mes pasado, \u00abcerveza\u00bb con un 4,9% de aumento y \u00abmargarinas y grasas\u00bb con el 4,6%.<\/p>\n<p>Seg\u00fan consign\u00f3 \u00c1mbito Financiero, en el otro extremo de los productos y servicios que menos subas registraron o que incluso bajaron respecto a febrero, se encuentra al tope de la lista \u00abtransporte por turismo\u00bb, cuyo valor promedio mostr\u00f3 un retroceso del 7%.<\/p>\n<p>Otro \u00edtem de turismo, \u00abalojamiento y excursiones\u00bb, tambi\u00e9n evidenci\u00f3 una baja respecto al segundo mes del a\u00f1o: -6,2%. El podio lo completan \u00abproductos medicinales\u00bb, que tras el acuerdo del Gobierno con laboratorios, sus precios descendieron 2,4%.<\/p>\n<p>El cuarto lugar del ranking de lo que menos subi\u00f3 seg\u00fan el IPCNu lo integran \u00abbebidas gaseosas\u00bb con un leve incremento del 0,4%.<\/p>\n<p>Aparecen detr\u00e1s \u00abalquiler de la vivienda\u00bb (+0,6%) y \u00abcigarrillos\u00bb (+0,8%), cuyo valor hab\u00eda ascendido con fuerza en febrero (+8,3%). Luego vienen las \u00abminutas\u00bb, que mostraron un crecimiento del 0,9% en su precio promedio.<\/p>\n<p>En el octavo puesto y con una suba del 1% se encuentran \u00abcalzado deportivo y otros\u00bb y \u00abagua y servicios sanitarios\u00bb. Por \u00faltimo, aparecen \u00abcombustibles para la vivienda\u00bb (+1,3%) y \u00abotros productos l\u00e1cteos\u00bb (+1,4%).<\/p>\n","protected":false},"excerpt":{"rendered":"<p>Los precios de los materiales educativos subieron un 6,2%; alimentos 2,4% e indumentaria 5,3%. Seg&uacute;n el ministro Kicillof, &ldquo;ahora la desaceleraci&oacute;n se empieza a sentir por el plan Precios Cuidados&rdquo;.&nbsp;Los detalles. El &Iacute;ndice de Precios al Consumidor Nacional Urbano (IPCNu) registr&oacute; en marzo un avance de 2,6%, dentro de un proceso de desaceleraci&oacute;n en los [&hellip;]<\/p>\n","protected":false},"author":2,"featured_media":0,"comment_status":"open","ping_status":"open","sticky":false,"template":"","format":"standard","meta":{"fifu_image_url":"","fifu_image_alt":"","footnotes":""},"categories":[7],"tags":[],"class_list":{"0":"post-6562","1":"post","2":"type-post","3":"status-publish","4":"format-standard","6":"category-nacionales"},"yoast_head":"<title>Educaci\u00f3n e indumentaria fueron los rubros que m\u00e1s subieron en marzo  - Informe Litoral<\/title>\n<meta name=\"robots\" content=\"index, follow, max-snippet:-1, max-image-preview:large, max-video-preview:-1\" \/>\n<link rel=\"canonical\" href=\"https:\/\/informelitoral.com.ar\/educacion-e-indumentaria-fueron-los-rubros-que-mas-subieron-en-marzo\/\" \/>\n<meta property=\"og:locale\" content=\"es_ES\" \/>\n<meta property=\"og:type\" content=\"article\" \/>\n<meta property=\"og:title\" content=\"Educaci\u00f3n e indumentaria fueron los rubros que m\u00e1s subieron en marzo  - Informe Litoral\" \/>\n<meta property=\"og:description\" content=\"Los precios de los materiales educativos subieron un 6,2%; alimentos 2,4% e indumentaria 5,3%. Seg&uacute;n el ministro Kicillof, &ldquo;ahora la desaceleraci&oacute;n se empieza a sentir por el plan Precios Cuidados&rdquo;.&nbsp;Los detalles. El &Iacute;ndice de Precios al Consumidor Nacional Urbano (IPCNu) registr&oacute; en marzo un avance de 2,6%, dentro de un proceso de desaceleraci&oacute;n en los [&hellip;]\" \/>\n<meta property=\"og:url\" content=\"https:\/\/informelitoral.com.ar\/educacion-e-indumentaria-fueron-los-rubros-que-mas-subieron-en-marzo\/\" \/>\n<meta property=\"og:site_name\" content=\"Informe Litoral\" \/>\n<meta property=\"article:publisher\" content=\"https:\/\/www.facebook.com\/informelitoral\/\" \/>\n<meta property=\"article:published_time\" content=\"2014-04-16T14:17:43+00:00\" \/>\n<meta property=\"article:modified_time\" content=\"2014-04-16T14:19:18+00:00\" \/>\n<meta property=\"og:image\" content=\"https:\/\/informelitoral.com.ar\/%77%70%2d%63%6f%6e%74%65%6e%74\/uploads\/2014\/04\/economia.jpg\" \/>\n\t<meta property=\"og:image:width\" content=\"640\" \/>\n\t<meta property=\"og:image:height\" content=\"360\" \/>\n\t<meta property=\"og:image:type\" content=\"image\/jpeg\" \/>\n<meta name=\"author\" content=\"Gonzalo Schmidt\" \/>\n<meta name=\"twitter:card\" content=\"summary_large_image\" \/>\n<meta name=\"twitter:creator\" content=\"@InformeLitoral\" \/>\n<meta name=\"twitter:site\" content=\"@InformeLitoral\" \/>\n<meta name=\"twitter:label1\" content=\"Escrito por\" \/>\n\t<meta name=\"twitter:data1\" content=\"Gonzalo Schmidt\" \/>\n\t<meta name=\"twitter:label2\" content=\"Tiempo de lectura\" \/>\n\t<meta name=\"twitter:data2\" content=\"3 minutos\" \/>\n<script type=\"application\/ld+json\" class=\"yoast-schema-graph\">{\"@context\":\"https:\\\/\\\/schema.org\",\"@graph\":[{\"@type\":\"Article\",\"@id\":\"https:\\\/\\\/informelitoral.com.ar\\\/educacion-e-indumentaria-fueron-los-rubros-que-mas-subieron-en-marzo\\\/#article\",\"isPartOf\":{\"@id\":\"https:\\\/\\\/informelitoral.com.ar\\\/educacion-e-indumentaria-fueron-los-rubros-que-mas-subieron-en-marzo\\\/\"},\"author\":{\"name\":\"Gonzalo Schmidt\",\"@id\":\"https:\\\/\\\/informelitoral.com.ar\\\/#\\\/schema\\\/person\\\/b9d00407c836482871ef1d57bf8e3180\"},\"headline\":\"Educaci\u00f3n e indumentaria fueron los rubros que m\u00e1s subieron en marzo\",\"datePublished\":\"2014-04-16T14:17:43+00:00\",\"dateModified\":\"2014-04-16T14:19:18+00:00\",\"mainEntityOfPage\":{\"@id\":\"https:\\\/\\\/informelitoral.com.ar\\\/educacion-e-indumentaria-fueron-los-rubros-que-mas-subieron-en-marzo\\\/\"},\"wordCount\":680,\"commentCount\":0,\"publisher\":{\"@id\":\"https:\\\/\\\/informelitoral.com.ar\\\/#organization\"},\"image\":{\"@id\":\"https:\\\/\\\/informelitoral.com.ar\\\/educacion-e-indumentaria-fueron-los-rubros-que-mas-subieron-en-marzo\\\/#primaryimage\"},\"thumbnailUrl\":\"http:\\\/\\\/www.isletasnoticias.com.ar\\\/%77%70%2d%63%6f%6e%74%65%6e%74\\\/uploads\\\/2014\\\/04\\\/economia-300x168.jpg\",\"articleSection\":[\"Nacionales\"],\"inLanguage\":\"es\",\"potentialAction\":[{\"@type\":\"CommentAction\",\"name\":\"Comment\",\"target\":[\"https:\\\/\\\/informelitoral.com.ar\\\/educacion-e-indumentaria-fueron-los-rubros-que-mas-subieron-en-marzo\\\/#respond\"]}]},{\"@type\":\"WebPage\",\"@id\":\"https:\\\/\\\/informelitoral.com.ar\\\/educacion-e-indumentaria-fueron-los-rubros-que-mas-subieron-en-marzo\\\/\",\"url\":\"https:\\\/\\\/informelitoral.com.ar\\\/educacion-e-indumentaria-fueron-los-rubros-que-mas-subieron-en-marzo\\\/\",\"name\":\"Educaci\u00f3n e indumentaria fueron los rubros que m\u00e1s subieron en marzo - Informe Litoral\",\"isPartOf\":{\"@id\":\"https:\\\/\\\/informelitoral.com.ar\\\/#website\"},\"primaryImageOfPage\":{\"@id\":\"https:\\\/\\\/informelitoral.com.ar\\\/educacion-e-indumentaria-fueron-los-rubros-que-mas-subieron-en-marzo\\\/#primaryimage\"},\"image\":{\"@id\":\"https:\\\/\\\/informelitoral.com.ar\\\/educacion-e-indumentaria-fueron-los-rubros-que-mas-subieron-en-marzo\\\/#primaryimage\"},\"thumbnailUrl\":\"http:\\\/\\\/www.isletasnoticias.com.ar\\\/%77%70%2d%63%6f%6e%74%65%6e%74\\\/uploads\\\/2014\\\/04\\\/economia-300x168.jpg\",\"datePublished\":\"2014-04-16T14:17:43+00:00\",\"dateModified\":\"2014-04-16T14:19:18+00:00\",\"breadcrumb\":{\"@id\":\"https:\\\/\\\/informelitoral.com.ar\\\/educacion-e-indumentaria-fueron-los-rubros-que-mas-subieron-en-marzo\\\/#breadcrumb\"},\"inLanguage\":\"es\",\"potentialAction\":[{\"@type\":\"ReadAction\",\"target\":[\"https:\\\/\\\/informelitoral.com.ar\\\/educacion-e-indumentaria-fueron-los-rubros-que-mas-subieron-en-marzo\\\/\"]}]},{\"@type\":\"ImageObject\",\"inLanguage\":\"es\",\"@id\":\"https:\\\/\\\/informelitoral.com.ar\\\/educacion-e-indumentaria-fueron-los-rubros-que-mas-subieron-en-marzo\\\/#primaryimage\",\"url\":\"http:\\\/\\\/www.isletasnoticias.com.ar\\\/%77%70%2d%63%6f%6e%74%65%6e%74\\\/uploads\\\/2014\\\/04\\\/economia-300x168.jpg\",\"contentUrl\":\"http:\\\/\\\/www.isletasnoticias.com.ar\\\/%77%70%2d%63%6f%6e%74%65%6e%74\\\/uploads\\\/2014\\\/04\\\/economia-300x168.jpg\"},{\"@type\":\"BreadcrumbList\",\"@id\":\"https:\\\/\\\/informelitoral.com.ar\\\/educacion-e-indumentaria-fueron-los-rubros-que-mas-subieron-en-marzo\\\/#breadcrumb\",\"itemListElement\":[{\"@type\":\"ListItem\",\"position\":1,\"name\":\"Portada\",\"item\":\"https:\\\/\\\/informelitoral.com.ar\\\/\"},{\"@type\":\"ListItem\",\"position\":2,\"name\":\"Educaci\u00f3n e indumentaria fueron los rubros que m\u00e1s subieron en marzo\"}]},{\"@type\":\"WebSite\",\"@id\":\"https:\\\/\\\/informelitoral.com.ar\\\/#website\",\"url\":\"https:\\\/\\\/informelitoral.com.ar\\\/\",\"name\":\"Informe Litoral\",\"description\":\"&quot;Nos informamos&quot; \",\"publisher\":{\"@id\":\"https:\\\/\\\/informelitoral.com.ar\\\/#organization\"},\"potentialAction\":[{\"@type\":\"SearchAction\",\"target\":{\"@type\":\"EntryPoint\",\"urlTemplate\":\"https:\\\/\\\/informelitoral.com.ar\\\/?s={search_term_string}\"},\"query-input\":{\"@type\":\"PropertyValueSpecification\",\"valueRequired\":true,\"valueName\":\"search_term_string\"}}],\"inLanguage\":\"es\"},{\"@type\":\"Organization\",\"@id\":\"https:\\\/\\\/informelitoral.com.ar\\\/#organization\",\"name\":\"Informe Litoral\",\"url\":\"https:\\\/\\\/informelitoral.com.ar\\\/\",\"logo\":{\"@type\":\"ImageObject\",\"inLanguage\":\"es\",\"@id\":\"https:\\\/\\\/informelitoral.com.ar\\\/#\\\/schema\\\/logo\\\/image\\\/\",\"url\":\"https:\\\/\\\/informelitoral.com.ar\\\/%77%70%2d%63%6f%6e%74%65%6e%74\\\/uploads\\\/2021\\\/01\\\/circulo.png\",\"contentUrl\":\"https:\\\/\\\/informelitoral.com.ar\\\/%77%70%2d%63%6f%6e%74%65%6e%74\\\/uploads\\\/2021\\\/01\\\/circulo.png\",\"width\":723,\"height\":731,\"caption\":\"Informe Litoral\"},\"image\":{\"@id\":\"https:\\\/\\\/informelitoral.com.ar\\\/#\\\/schema\\\/logo\\\/image\\\/\"},\"sameAs\":[\"https:\\\/\\\/www.facebook.com\\\/informelitoral\\\/\",\"https:\\\/\\\/x.com\\\/InformeLitoral\",\"https:\\\/\\\/www.instagram.com\\\/informelitoral\\\/\",\"https:\\\/\\\/www.youtube.com\\\/channel\\\/UCua4Qvz8Icb6MYqhoq9xLXw\"]},{\"@type\":\"Person\",\"@id\":\"https:\\\/\\\/informelitoral.com.ar\\\/#\\\/schema\\\/person\\\/b9d00407c836482871ef1d57bf8e3180\",\"name\":\"Gonzalo Schmidt\",\"image\":{\"@type\":\"ImageObject\",\"inLanguage\":\"es\",\"@id\":\"https:\\\/\\\/secure.gravatar.com\\\/avatar\\\/31a1a7b66ff2de83bd0e9fd79d026630d2d99e55e8bfe501287647b4fd9743de?s=96&d=mm&r=g\",\"url\":\"https:\\\/\\\/secure.gravatar.com\\\/avatar\\\/31a1a7b66ff2de83bd0e9fd79d026630d2d99e55e8bfe501287647b4fd9743de?s=96&d=mm&r=g\",\"contentUrl\":\"https:\\\/\\\/secure.gravatar.com\\\/avatar\\\/31a1a7b66ff2de83bd0e9fd79d026630d2d99e55e8bfe501287647b4fd9743de?s=96&d=mm&r=g\",\"caption\":\"Gonzalo Schmidt\"},\"description\":\"Sitio web de noticias de la provincia de Entre R\u00edos, Argentina. Informaci\u00f3n y entretenimiento. Informe Litoral, nos informamos.\",\"sameAs\":[\"http:\\\/\\\/www.isletasnoticias.com.ar\"],\"url\":\"https:\\\/\\\/informelitoral.com.ar\\\/author\\\/gonzalo\\\/\"}]}<\/script>","yoast_head_json":{"title":"Educaci\u00f3n e indumentaria fueron los rubros que m\u00e1s subieron en marzo  - Informe Litoral","robots":{"index":"index","follow":"follow","max-snippet":"max-snippet:-1","max-image-preview":"max-image-preview:large","max-video-preview":"max-video-preview:-1"},"canonical":"https:\/\/informelitoral.com.ar\/educacion-e-indumentaria-fueron-los-rubros-que-mas-subieron-en-marzo\/","og_locale":"es_ES","og_type":"article","og_title":"Educaci\u00f3n e indumentaria fueron los rubros que m\u00e1s subieron en marzo  - Informe Litoral","og_description":"Los precios de los materiales educativos subieron un 6,2%; alimentos 2,4% e indumentaria 5,3%. Seg&uacute;n el ministro Kicillof, &ldquo;ahora la desaceleraci&oacute;n se empieza a sentir por el plan Precios Cuidados&rdquo;.&nbsp;Los detalles. El &Iacute;ndice de Precios al Consumidor Nacional Urbano (IPCNu) registr&oacute; en marzo un avance de 2,6%, dentro de un proceso de desaceleraci&oacute;n en los [&hellip;]","og_url":"https:\/\/informelitoral.com.ar\/educacion-e-indumentaria-fueron-los-rubros-que-mas-subieron-en-marzo\/","og_site_name":"Informe Litoral","article_publisher":"https:\/\/www.facebook.com\/informelitoral\/","article_published_time":"2014-04-16T14:17:43+00:00","article_modified_time":"2014-04-16T14:19:18+00:00","og_image":[{"width":640,"height":360,"url":"https:\/\/informelitoral.com.ar\/%77%70%2d%63%6f%6e%74%65%6e%74\/uploads\/2014\/04\/economia.jpg","type":"image\/jpeg"}],"author":"Gonzalo Schmidt","twitter_card":"summary_large_image","twitter_creator":"@InformeLitoral","twitter_site":"@InformeLitoral","twitter_misc":{"Escrito por":"Gonzalo Schmidt","Tiempo de lectura":"3 minutos"},"schema":{"@context":"https:\/\/schema.org","@graph":[{"@type":"Article","@id":"https:\/\/informelitoral.com.ar\/educacion-e-indumentaria-fueron-los-rubros-que-mas-subieron-en-marzo\/#article","isPartOf":{"@id":"https:\/\/informelitoral.com.ar\/educacion-e-indumentaria-fueron-los-rubros-que-mas-subieron-en-marzo\/"},"author":{"name":"Gonzalo Schmidt","@id":"https:\/\/informelitoral.com.ar\/#\/schema\/person\/b9d00407c836482871ef1d57bf8e3180"},"headline":"Educaci\u00f3n e indumentaria fueron los rubros que m\u00e1s subieron en marzo","datePublished":"2014-04-16T14:17:43+00:00","dateModified":"2014-04-16T14:19:18+00:00","mainEntityOfPage":{"@id":"https:\/\/informelitoral.com.ar\/educacion-e-indumentaria-fueron-los-rubros-que-mas-subieron-en-marzo\/"},"wordCount":680,"commentCount":0,"publisher":{"@id":"https:\/\/informelitoral.com.ar\/#organization"},"image":{"@id":"https:\/\/informelitoral.com.ar\/educacion-e-indumentaria-fueron-los-rubros-que-mas-subieron-en-marzo\/#primaryimage"},"thumbnailUrl":"http:\/\/www.isletasnoticias.com.ar\/%77%70%2d%63%6f%6e%74%65%6e%74\/uploads\/2014\/04\/economia-300x168.jpg","articleSection":["Nacionales"],"inLanguage":"es","potentialAction":[{"@type":"CommentAction","name":"Comment","target":["https:\/\/informelitoral.com.ar\/educacion-e-indumentaria-fueron-los-rubros-que-mas-subieron-en-marzo\/#respond"]}]},{"@type":"WebPage","@id":"https:\/\/informelitoral.com.ar\/educacion-e-indumentaria-fueron-los-rubros-que-mas-subieron-en-marzo\/","url":"https:\/\/informelitoral.com.ar\/educacion-e-indumentaria-fueron-los-rubros-que-mas-subieron-en-marzo\/","name":"Educaci\u00f3n e indumentaria fueron los rubros que m\u00e1s subieron en marzo - Informe Litoral","isPartOf":{"@id":"https:\/\/informelitoral.com.ar\/#website"},"primaryImageOfPage":{"@id":"https:\/\/informelitoral.com.ar\/educacion-e-indumentaria-fueron-los-rubros-que-mas-subieron-en-marzo\/#primaryimage"},"image":{"@id":"https:\/\/informelitoral.com.ar\/educacion-e-indumentaria-fueron-los-rubros-que-mas-subieron-en-marzo\/#primaryimage"},"thumbnailUrl":"http:\/\/www.isletasnoticias.com.ar\/%77%70%2d%63%6f%6e%74%65%6e%74\/uploads\/2014\/04\/economia-300x168.jpg","datePublished":"2014-04-16T14:17:43+00:00","dateModified":"2014-04-16T14:19:18+00:00","breadcrumb":{"@id":"https:\/\/informelitoral.com.ar\/educacion-e-indumentaria-fueron-los-rubros-que-mas-subieron-en-marzo\/#breadcrumb"},"inLanguage":"es","potentialAction":[{"@type":"ReadAction","target":["https:\/\/informelitoral.com.ar\/educacion-e-indumentaria-fueron-los-rubros-que-mas-subieron-en-marzo\/"]}]},{"@type":"ImageObject","inLanguage":"es","@id":"https:\/\/informelitoral.com.ar\/educacion-e-indumentaria-fueron-los-rubros-que-mas-subieron-en-marzo\/#primaryimage","url":"http:\/\/www.isletasnoticias.com.ar\/%77%70%2d%63%6f%6e%74%65%6e%74\/uploads\/2014\/04\/economia-300x168.jpg","contentUrl":"http:\/\/www.isletasnoticias.com.ar\/%77%70%2d%63%6f%6e%74%65%6e%74\/uploads\/2014\/04\/economia-300x168.jpg"},{"@type":"BreadcrumbList","@id":"https:\/\/informelitoral.com.ar\/educacion-e-indumentaria-fueron-los-rubros-que-mas-subieron-en-marzo\/#breadcrumb","itemListElement":[{"@type":"ListItem","position":1,"name":"Portada","item":"https:\/\/informelitoral.com.ar\/"},{"@type":"ListItem","position":2,"name":"Educaci\u00f3n e indumentaria fueron los rubros que m\u00e1s subieron en marzo"}]},{"@type":"WebSite","@id":"https:\/\/informelitoral.com.ar\/#website","url":"https:\/\/informelitoral.com.ar\/","name":"Informe Litoral","description":"&quot;Nos informamos&quot; ","publisher":{"@id":"https:\/\/informelitoral.com.ar\/#organization"},"potentialAction":[{"@type":"SearchAction","target":{"@type":"EntryPoint","urlTemplate":"https:\/\/informelitoral.com.ar\/?s={search_term_string}"},"query-input":{"@type":"PropertyValueSpecification","valueRequired":true,"valueName":"search_term_string"}}],"inLanguage":"es"},{"@type":"Organization","@id":"https:\/\/informelitoral.com.ar\/#organization","name":"Informe Litoral","url":"https:\/\/informelitoral.com.ar\/","logo":{"@type":"ImageObject","inLanguage":"es","@id":"https:\/\/informelitoral.com.ar\/#\/schema\/logo\/image\/","url":"https:\/\/informelitoral.com.ar\/%77%70%2d%63%6f%6e%74%65%6e%74\/uploads\/2021\/01\/circulo.png","contentUrl":"https:\/\/informelitoral.com.ar\/%77%70%2d%63%6f%6e%74%65%6e%74\/uploads\/2021\/01\/circulo.png","width":723,"height":731,"caption":"Informe Litoral"},"image":{"@id":"https:\/\/informelitoral.com.ar\/#\/schema\/logo\/image\/"},"sameAs":["https:\/\/www.facebook.com\/informelitoral\/","https:\/\/x.com\/InformeLitoral","https:\/\/www.instagram.com\/informelitoral\/","https:\/\/www.youtube.com\/channel\/UCua4Qvz8Icb6MYqhoq9xLXw"]},{"@type":"Person","@id":"https:\/\/informelitoral.com.ar\/#\/schema\/person\/b9d00407c836482871ef1d57bf8e3180","name":"Gonzalo Schmidt","image":{"@type":"ImageObject","inLanguage":"es","@id":"https:\/\/secure.gravatar.com\/avatar\/31a1a7b66ff2de83bd0e9fd79d026630d2d99e55e8bfe501287647b4fd9743de?s=96&d=mm&r=g","url":"https:\/\/secure.gravatar.com\/avatar\/31a1a7b66ff2de83bd0e9fd79d026630d2d99e55e8bfe501287647b4fd9743de?s=96&d=mm&r=g","contentUrl":"https:\/\/secure.gravatar.com\/avatar\/31a1a7b66ff2de83bd0e9fd79d026630d2d99e55e8bfe501287647b4fd9743de?s=96&d=mm&r=g","caption":"Gonzalo Schmidt"},"description":"Sitio web de noticias de la provincia de Entre R\u00edos, Argentina. Informaci\u00f3n y entretenimiento. Informe Litoral, nos informamos.","sameAs":["http:\/\/www.isletasnoticias.com.ar"],"url":"https:\/\/informelitoral.com.ar\/author\/gonzalo\/"}]}},"_links":{"self":[{"href":"https:\/\/informelitoral.com.ar\/%77%70%2d%6a%73%6f%6e\/wp\/v2\/posts\/6562","targetHints":{"allow":["GET"]}}],"collection":[{"href":"https:\/\/informelitoral.com.ar\/%77%70%2d%6a%73%6f%6e\/wp\/v2\/posts"}],"about":[{"href":"https:\/\/informelitoral.com.ar\/%77%70%2d%6a%73%6f%6e\/wp\/v2\/types\/post"}],"author":[{"embeddable":true,"href":"https:\/\/informelitoral.com.ar\/%77%70%2d%6a%73%6f%6e\/wp\/v2\/users\/2"}],"replies":[{"embeddable":true,"href":"https:\/\/informelitoral.com.ar\/%77%70%2d%6a%73%6f%6e\/wp\/v2\/comments?post=6562"}],"version-history":[{"count":0,"href":"https:\/\/informelitoral.com.ar\/%77%70%2d%6a%73%6f%6e\/wp\/v2\/posts\/6562\/revisions"}],"wp:attachment":[{"href":"https:\/\/informelitoral.com.ar\/%77%70%2d%6a%73%6f%6e\/wp\/v2\/media?parent=6562"}],"wp:term":[{"taxonomy":"category","embeddable":true,"href":"https:\/\/informelitoral.com.ar\/%77%70%2d%6a%73%6f%6e\/wp\/v2\/categories?post=6562"},{"taxonomy":"post_tag","embeddable":true,"href":"https:\/\/informelitoral.com.ar\/%77%70%2d%6a%73%6f%6e\/wp\/v2\/tags?post=6562"}],"curies":[{"name":"wp","href":"https:\/\/api.w.org\/{rel}","templated":true}]}}