{"id":65511,"date":"2021-09-23T05:49:37","date_gmt":"2021-09-23T08:49:37","guid":{"rendered":"https:\/\/www.informelitoral.com.ar\/?p=65511"},"modified":"2021-09-23T10:49:51","modified_gmt":"2021-09-23T13:49:51","slug":"advierten-sobre-faltante-de-agroquimicos-por-restricciones-a-la-importacion","status":"publish","type":"post","link":"https:\/\/informelitoral.com.ar\/advierten-sobre-faltante-de-agroquimicos-por-restricciones-a-la-importacion\/","title":{"rendered":"Advierten sobre faltante de agroqu\u00edmicos por restricciones a la importaci\u00f3n"},"content":{"rendered":"<p>La falta de agroqu\u00edmicos por restricciones a la importaci\u00f3n es una preocupaci\u00f3n de la industria, desde donde advierten que las dificultades para acceder a d\u00f3lares y las demoras en las aprobaciones ya est\u00e1n generando problemas de abastecimiento en medio de la campa\u00f1a agr\u00edcola 2021- 2022.<\/p>\n<p>En todo el pa\u00eds ya empez\u00f3 la siembra de ma\u00edz la semana pasada y el mes pr\u00f3ximo comienza la de soja.<\/p>\n<p>En la puerta de entrada de la generalizaci\u00f3n de la campa\u00f1a de granos gruesos en la industria de agroqu\u00edmicos hay preocupaci\u00f3n por los inconvenientes que vienen agrav\u00e1ndose desde hace un a\u00f1o y medio por que afectan las importaciones por el lado del acceso a los d\u00f3lares por parte de las empresas, y ya hay escasez de algunos productos, publica la agencia NA.<\/p>\n<p>Si bien las importaciones no est\u00e1n prohibidas, el Gobierno se ampara en las licencias no autom\u00e1ticas para demorar la liberaci\u00f3n de embarques que se encuentran en el puerto.<\/p>\n<p>Trascendi\u00f3 de la industria que la decisi\u00f3n del Banco Central (BCRA) de hacer m\u00e1s complejo el acceso a d\u00f3lares oficiales para importaci\u00f3n a empresas que tienen cuentas declaradas en el exterior llev\u00f3 a que varias compa\u00f1\u00edas de agroqu\u00edmicos frenaran sus ventas.<\/p>\n<p>Consultadas sobre la inquietud de las empresas, fuentes del BCRA respondieron: \u00abNo hay registrado ning\u00fan inconveniente\u00bb.<\/p>\n<p>En la actualidad, varios de los principales jugadores del mercado tienen problemas de abastecimiento.<\/p>\n<p>Algunos ya no tienen stock de productos necesarios y estrat\u00e9gicos, como herbicidas pre emergentes de soja.<\/p>\n<p>Ciertos herbicidas necesariamente deben ser aplicados en tiempo y forma, en per\u00edodos muy cortos desde la fecha de siembra.<\/p>\n<p>Luego de esto, no es recomendable aplicarlo, con lo que conllevar\u00eda a perder el a\u00f1o productivo.<\/p>\n<p>\u00abLos tiempos del campo no son los de la pol\u00edtica\u00bb, indican en la industria agroqu\u00edmica.<\/p>\n<p>Sobre los problemas para importar, una fuente describi\u00f3: \u00abEn un principio eran 30 d\u00edas de atraso, luego fueron 60 d\u00edas y ahora vamos 90 d\u00edas sin tener respuesta positiva. El Gobierno debe entender que hay planes comerciales y productivos en curso\u00bb.<\/p>\n<p>En este sentido, hay quejas porque no existen reglas de juego claras, ni patrones de trabajo, ni un com\u00fan denominador para saber como manejarse hacia adelante.<\/p>\n<p>En la \u00e9poca del ex secretario de Comercio Interior, Guillermo Moreno, les dec\u00edan que compensen la importaci\u00f3n de agroqu\u00edmicos con exportaciones de granos u otros productos y eso era algo de alivio.<\/p>\n<p>\u00abPero ahora no hay ni eso, no hay una l\u00f3gica de liberaci\u00f3n para que uno pueda manejarse\u00bb, detallaron.<\/p>\n<p>Tanto los productos en bidones, como subproductos que llegan a granel para fraccionarse tienen problemas, s\u00f3lo estar\u00eda disponible la materia prima que se formula en el pa\u00eds.<\/p>\n<p>Algunas empresas contaron que tuvieron \u00abmeses de sequ\u00eda de aprobaci\u00f3n de importaciones en junio y julio\u00bb, pero en agosto se liber\u00f3 muy poco. A otras, en cambio, el mes pasado no les liberaron \u00abni siquiera un litro de producto\u00bb.<\/p>\n<p>\u00abReci\u00e9n el 31 de agosto nos liberaron algo, pero sin un orden de prioridad. Es decir, liberan embarques, desconociendo las necesidades del mercado. Por ejemplo, el tratamiento de semillas se debe hacer ahora. Si bien los inoculantes se producen ac\u00e1, subproductos como ser fungicidas ya faltan\u00bb, explic\u00f3 una fuente.<\/p>\n<p>En la industria agroqu\u00edmica analizan que el productor est\u00e1 con las tranqueras abiertas esperando su producto para por ejemplo inocular, y no saben si lo van a tener.<\/p>\n<p>Tambi\u00e9n sostienen que van a tener p\u00e9rdida de confianza de los clientes porque los productos van a llegar desfasados y ser\u00e1n con un vencimiento m\u00e1s acotado.<\/p>\n<p>Seg\u00fan fuentes del mercado, algunos de los productos que ya faltan son metsulfuron, paraquat, glifosato, clearsol, fluorocloridona, sulfentrazone, bromoxinil, heat, 2,4 D, entre otros tantos.<\/p>\n<p>\u00abEst\u00e1n en la aduana pero no se liberan. Tambi\u00e9n hay problemas en especialidades, caso productos para la papa o el arroz\u00bb, describieron.<\/p>\n<p>Otra fuente consultada detall\u00f3 que la situaci\u00f3n con los proveedores del exterior se hace insostenible.<\/p>\n<p>\u00abEstos proveedores son los que financian las operaciones, las empresas necesitamos mostrar un gesto de que podemos comenzar a pagar estas deudas para no poner en peligro las l\u00edneas de cr\u00e9dito que tenemos actualmente y poder mantener activa la f\u00e1brica y consecuentemente la posibilidad de abastecer al mercado local\u00bb, dijo una fuente empresaria.<\/p>\n","protected":false},"excerpt":{"rendered":"<p>Afirman que hay preocupaci\u00f3n por los inconvenientes que vienen agrav\u00e1ndose desde hace un a\u00f1o y medio. Afectan las importaciones por el acceso a los d\u00f3lares por parte de las empresas, y ya hay escasez de algunos productos.<\/p>\n","protected":false},"author":2,"featured_media":34871,"comment_status":"open","ping_status":"open","sticky":false,"template":"","format":"standard","meta":{"fifu_image_url":"","fifu_image_alt":"","footnotes":""},"categories":[10],"tags":[139,120],"class_list":{"0":"post-65511","1":"post","2":"type-post","3":"status-publish","4":"format-standard","5":"has-post-thumbnail","7":"category-campo","8":"tag-agroquimicos","9":"tag-produccion"},"yoast_head":"<title>Advierten sobre faltante de agroqu\u00edmicos por restricciones a la importaci\u00f3n - Informe Litoral<\/title>\n<meta name=\"robots\" content=\"index, follow, max-snippet:-1, max-image-preview:large, max-video-preview:-1\" \/>\n<link rel=\"canonical\" href=\"https:\/\/informelitoral.com.ar\/advierten-sobre-faltante-de-agroquimicos-por-restricciones-a-la-importacion\/\" \/>\n<meta property=\"og:locale\" content=\"es_ES\" \/>\n<meta property=\"og:type\" content=\"article\" \/>\n<meta property=\"og:title\" content=\"Advierten sobre faltante de agroqu\u00edmicos por restricciones a la importaci\u00f3n - Informe Litoral\" \/>\n<meta property=\"og:description\" content=\"Afirman que hay preocupaci\u00f3n por los inconvenientes que vienen agrav\u00e1ndose desde hace un a\u00f1o y medio. Afectan las importaciones por el acceso a los d\u00f3lares por parte de las empresas, y ya hay escasez de algunos productos.\" \/>\n<meta property=\"og:url\" content=\"https:\/\/informelitoral.com.ar\/advierten-sobre-faltante-de-agroquimicos-por-restricciones-a-la-importacion\/\" \/>\n<meta property=\"og:site_name\" content=\"Informe Litoral\" \/>\n<meta property=\"article:publisher\" content=\"https:\/\/www.facebook.com\/informelitoral\/\" \/>\n<meta property=\"article:published_time\" content=\"2021-09-23T08:49:37+00:00\" \/>\n<meta property=\"article:modified_time\" content=\"2021-09-23T13:49:51+00:00\" \/>\n<meta property=\"og:image\" content=\"https:\/\/informelitoral.com.ar\/%77%70%2d%63%6f%6e%74%65%6e%74\/uploads\/2019\/07\/fumigaciones.jpg\" \/>\n\t<meta property=\"og:image:width\" content=\"770\" \/>\n\t<meta property=\"og:image:height\" content=\"536\" \/>\n\t<meta property=\"og:image:type\" content=\"image\/jpeg\" \/>\n<meta name=\"author\" content=\"Gonzalo Schmidt\" \/>\n<meta name=\"twitter:card\" content=\"summary_large_image\" \/>\n<meta name=\"twitter:creator\" content=\"@InformeLitoral\" \/>\n<meta name=\"twitter:site\" content=\"@InformeLitoral\" \/>\n<meta name=\"twitter:label1\" content=\"Escrito por\" \/>\n\t<meta name=\"twitter:data1\" content=\"Gonzalo Schmidt\" \/>\n\t<meta name=\"twitter:label2\" content=\"Tiempo de lectura\" \/>\n\t<meta name=\"twitter:data2\" content=\"4 minutos\" \/>\n<script type=\"application\/ld+json\" class=\"yoast-schema-graph\">{\"@context\":\"https:\\\/\\\/schema.org\",\"@graph\":[{\"@type\":\"Article\",\"@id\":\"https:\\\/\\\/informelitoral.com.ar\\\/advierten-sobre-faltante-de-agroquimicos-por-restricciones-a-la-importacion\\\/#article\",\"isPartOf\":{\"@id\":\"https:\\\/\\\/informelitoral.com.ar\\\/advierten-sobre-faltante-de-agroquimicos-por-restricciones-a-la-importacion\\\/\"},\"author\":{\"name\":\"Gonzalo Schmidt\",\"@id\":\"https:\\\/\\\/informelitoral.com.ar\\\/#\\\/schema\\\/person\\\/b9d00407c836482871ef1d57bf8e3180\"},\"headline\":\"Advierten sobre faltante de agroqu\u00edmicos por restricciones a la importaci\u00f3n\",\"datePublished\":\"2021-09-23T08:49:37+00:00\",\"dateModified\":\"2021-09-23T13:49:51+00:00\",\"mainEntityOfPage\":{\"@id\":\"https:\\\/\\\/informelitoral.com.ar\\\/advierten-sobre-faltante-de-agroquimicos-por-restricciones-a-la-importacion\\\/\"},\"wordCount\":760,\"commentCount\":0,\"publisher\":{\"@id\":\"https:\\\/\\\/informelitoral.com.ar\\\/#organization\"},\"image\":{\"@id\":\"https:\\\/\\\/informelitoral.com.ar\\\/advierten-sobre-faltante-de-agroquimicos-por-restricciones-a-la-importacion\\\/#primaryimage\"},\"thumbnailUrl\":\"https:\\\/\\\/informelitoral.com.ar\\\/%77%70%2d%63%6f%6e%74%65%6e%74\\\/uploads\\\/2019\\\/07\\\/fumigaciones.jpg\",\"keywords\":[\"Agroqu\u00edmicos\",\"Producci\u00f3n\"],\"articleSection\":[\"Campo\"],\"inLanguage\":\"es\",\"potentialAction\":[{\"@type\":\"CommentAction\",\"name\":\"Comment\",\"target\":[\"https:\\\/\\\/informelitoral.com.ar\\\/advierten-sobre-faltante-de-agroquimicos-por-restricciones-a-la-importacion\\\/#respond\"]}]},{\"@type\":\"WebPage\",\"@id\":\"https:\\\/\\\/informelitoral.com.ar\\\/advierten-sobre-faltante-de-agroquimicos-por-restricciones-a-la-importacion\\\/\",\"url\":\"https:\\\/\\\/informelitoral.com.ar\\\/advierten-sobre-faltante-de-agroquimicos-por-restricciones-a-la-importacion\\\/\",\"name\":\"Advierten sobre faltante de agroqu\u00edmicos por restricciones a la importaci\u00f3n - Informe Litoral\",\"isPartOf\":{\"@id\":\"https:\\\/\\\/informelitoral.com.ar\\\/#website\"},\"primaryImageOfPage\":{\"@id\":\"https:\\\/\\\/informelitoral.com.ar\\\/advierten-sobre-faltante-de-agroquimicos-por-restricciones-a-la-importacion\\\/#primaryimage\"},\"image\":{\"@id\":\"https:\\\/\\\/informelitoral.com.ar\\\/advierten-sobre-faltante-de-agroquimicos-por-restricciones-a-la-importacion\\\/#primaryimage\"},\"thumbnailUrl\":\"https:\\\/\\\/informelitoral.com.ar\\\/%77%70%2d%63%6f%6e%74%65%6e%74\\\/uploads\\\/2019\\\/07\\\/fumigaciones.jpg\",\"datePublished\":\"2021-09-23T08:49:37+00:00\",\"dateModified\":\"2021-09-23T13:49:51+00:00\",\"breadcrumb\":{\"@id\":\"https:\\\/\\\/informelitoral.com.ar\\\/advierten-sobre-faltante-de-agroquimicos-por-restricciones-a-la-importacion\\\/#breadcrumb\"},\"inLanguage\":\"es\",\"potentialAction\":[{\"@type\":\"ReadAction\",\"target\":[\"https:\\\/\\\/informelitoral.com.ar\\\/advierten-sobre-faltante-de-agroquimicos-por-restricciones-a-la-importacion\\\/\"]}]},{\"@type\":\"ImageObject\",\"inLanguage\":\"es\",\"@id\":\"https:\\\/\\\/informelitoral.com.ar\\\/advierten-sobre-faltante-de-agroquimicos-por-restricciones-a-la-importacion\\\/#primaryimage\",\"url\":\"https:\\\/\\\/informelitoral.com.ar\\\/%77%70%2d%63%6f%6e%74%65%6e%74\\\/uploads\\\/2019\\\/07\\\/fumigaciones.jpg\",\"contentUrl\":\"https:\\\/\\\/informelitoral.com.ar\\\/%77%70%2d%63%6f%6e%74%65%6e%74\\\/uploads\\\/2019\\\/07\\\/fumigaciones.jpg\",\"width\":770,\"height\":536},{\"@type\":\"BreadcrumbList\",\"@id\":\"https:\\\/\\\/informelitoral.com.ar\\\/advierten-sobre-faltante-de-agroquimicos-por-restricciones-a-la-importacion\\\/#breadcrumb\",\"itemListElement\":[{\"@type\":\"ListItem\",\"position\":1,\"name\":\"Portada\",\"item\":\"https:\\\/\\\/informelitoral.com.ar\\\/\"},{\"@type\":\"ListItem\",\"position\":2,\"name\":\"Advierten sobre faltante de agroqu\u00edmicos por restricciones a la importaci\u00f3n\"}]},{\"@type\":\"WebSite\",\"@id\":\"https:\\\/\\\/informelitoral.com.ar\\\/#website\",\"url\":\"https:\\\/\\\/informelitoral.com.ar\\\/\",\"name\":\"Informe Litoral\",\"description\":\"&quot;Nos informamos&quot; \",\"publisher\":{\"@id\":\"https:\\\/\\\/informelitoral.com.ar\\\/#organization\"},\"potentialAction\":[{\"@type\":\"SearchAction\",\"target\":{\"@type\":\"EntryPoint\",\"urlTemplate\":\"https:\\\/\\\/informelitoral.com.ar\\\/?s={search_term_string}\"},\"query-input\":{\"@type\":\"PropertyValueSpecification\",\"valueRequired\":true,\"valueName\":\"search_term_string\"}}],\"inLanguage\":\"es\"},{\"@type\":\"Organization\",\"@id\":\"https:\\\/\\\/informelitoral.com.ar\\\/#organization\",\"name\":\"Informe Litoral\",\"url\":\"https:\\\/\\\/informelitoral.com.ar\\\/\",\"logo\":{\"@type\":\"ImageObject\",\"inLanguage\":\"es\",\"@id\":\"https:\\\/\\\/informelitoral.com.ar\\\/#\\\/schema\\\/logo\\\/image\\\/\",\"url\":\"https:\\\/\\\/informelitoral.com.ar\\\/%77%70%2d%63%6f%6e%74%65%6e%74\\\/uploads\\\/2021\\\/01\\\/circulo.png\",\"contentUrl\":\"https:\\\/\\\/informelitoral.com.ar\\\/%77%70%2d%63%6f%6e%74%65%6e%74\\\/uploads\\\/2021\\\/01\\\/circulo.png\",\"width\":723,\"height\":731,\"caption\":\"Informe Litoral\"},\"image\":{\"@id\":\"https:\\\/\\\/informelitoral.com.ar\\\/#\\\/schema\\\/logo\\\/image\\\/\"},\"sameAs\":[\"https:\\\/\\\/www.facebook.com\\\/informelitoral\\\/\",\"https:\\\/\\\/x.com\\\/InformeLitoral\",\"https:\\\/\\\/www.instagram.com\\\/informelitoral\\\/\",\"https:\\\/\\\/www.youtube.com\\\/channel\\\/UCua4Qvz8Icb6MYqhoq9xLXw\"]},{\"@type\":\"Person\",\"@id\":\"https:\\\/\\\/informelitoral.com.ar\\\/#\\\/schema\\\/person\\\/b9d00407c836482871ef1d57bf8e3180\",\"name\":\"Gonzalo Schmidt\",\"image\":{\"@type\":\"ImageObject\",\"inLanguage\":\"es\",\"@id\":\"https:\\\/\\\/secure.gravatar.com\\\/avatar\\\/31a1a7b66ff2de83bd0e9fd79d026630d2d99e55e8bfe501287647b4fd9743de?s=96&d=mm&r=g\",\"url\":\"https:\\\/\\\/secure.gravatar.com\\\/avatar\\\/31a1a7b66ff2de83bd0e9fd79d026630d2d99e55e8bfe501287647b4fd9743de?s=96&d=mm&r=g\",\"contentUrl\":\"https:\\\/\\\/secure.gravatar.com\\\/avatar\\\/31a1a7b66ff2de83bd0e9fd79d026630d2d99e55e8bfe501287647b4fd9743de?s=96&d=mm&r=g\",\"caption\":\"Gonzalo Schmidt\"},\"description\":\"Sitio web de noticias de la provincia de Entre R\u00edos, Argentina. Informaci\u00f3n y entretenimiento. Informe Litoral, nos informamos.\",\"sameAs\":[\"http:\\\/\\\/www.isletasnoticias.com.ar\"],\"url\":\"https:\\\/\\\/informelitoral.com.ar\\\/author\\\/gonzalo\\\/\"}]}<\/script>","yoast_head_json":{"title":"Advierten sobre faltante de agroqu\u00edmicos por restricciones a la importaci\u00f3n - Informe Litoral","robots":{"index":"index","follow":"follow","max-snippet":"max-snippet:-1","max-image-preview":"max-image-preview:large","max-video-preview":"max-video-preview:-1"},"canonical":"https:\/\/informelitoral.com.ar\/advierten-sobre-faltante-de-agroquimicos-por-restricciones-a-la-importacion\/","og_locale":"es_ES","og_type":"article","og_title":"Advierten sobre faltante de agroqu\u00edmicos por restricciones a la importaci\u00f3n - Informe Litoral","og_description":"Afirman que hay preocupaci\u00f3n por los inconvenientes que vienen agrav\u00e1ndose desde hace un a\u00f1o y medio. Afectan las importaciones por el acceso a los d\u00f3lares por parte de las empresas, y ya hay escasez de algunos productos.","og_url":"https:\/\/informelitoral.com.ar\/advierten-sobre-faltante-de-agroquimicos-por-restricciones-a-la-importacion\/","og_site_name":"Informe Litoral","article_publisher":"https:\/\/www.facebook.com\/informelitoral\/","article_published_time":"2021-09-23T08:49:37+00:00","article_modified_time":"2021-09-23T13:49:51+00:00","og_image":[{"width":770,"height":536,"url":"https:\/\/informelitoral.com.ar\/%77%70%2d%63%6f%6e%74%65%6e%74\/uploads\/2019\/07\/fumigaciones.jpg","type":"image\/jpeg"}],"author":"Gonzalo Schmidt","twitter_card":"summary_large_image","twitter_creator":"@InformeLitoral","twitter_site":"@InformeLitoral","twitter_misc":{"Escrito por":"Gonzalo Schmidt","Tiempo de lectura":"4 minutos"},"schema":{"@context":"https:\/\/schema.org","@graph":[{"@type":"Article","@id":"https:\/\/informelitoral.com.ar\/advierten-sobre-faltante-de-agroquimicos-por-restricciones-a-la-importacion\/#article","isPartOf":{"@id":"https:\/\/informelitoral.com.ar\/advierten-sobre-faltante-de-agroquimicos-por-restricciones-a-la-importacion\/"},"author":{"name":"Gonzalo Schmidt","@id":"https:\/\/informelitoral.com.ar\/#\/schema\/person\/b9d00407c836482871ef1d57bf8e3180"},"headline":"Advierten sobre faltante de agroqu\u00edmicos por restricciones a la importaci\u00f3n","datePublished":"2021-09-23T08:49:37+00:00","dateModified":"2021-09-23T13:49:51+00:00","mainEntityOfPage":{"@id":"https:\/\/informelitoral.com.ar\/advierten-sobre-faltante-de-agroquimicos-por-restricciones-a-la-importacion\/"},"wordCount":760,"commentCount":0,"publisher":{"@id":"https:\/\/informelitoral.com.ar\/#organization"},"image":{"@id":"https:\/\/informelitoral.com.ar\/advierten-sobre-faltante-de-agroquimicos-por-restricciones-a-la-importacion\/#primaryimage"},"thumbnailUrl":"https:\/\/informelitoral.com.ar\/%77%70%2d%63%6f%6e%74%65%6e%74\/uploads\/2019\/07\/fumigaciones.jpg","keywords":["Agroqu\u00edmicos","Producci\u00f3n"],"articleSection":["Campo"],"inLanguage":"es","potentialAction":[{"@type":"CommentAction","name":"Comment","target":["https:\/\/informelitoral.com.ar\/advierten-sobre-faltante-de-agroquimicos-por-restricciones-a-la-importacion\/#respond"]}]},{"@type":"WebPage","@id":"https:\/\/informelitoral.com.ar\/advierten-sobre-faltante-de-agroquimicos-por-restricciones-a-la-importacion\/","url":"https:\/\/informelitoral.com.ar\/advierten-sobre-faltante-de-agroquimicos-por-restricciones-a-la-importacion\/","name":"Advierten sobre faltante de agroqu\u00edmicos por restricciones a la importaci\u00f3n - Informe Litoral","isPartOf":{"@id":"https:\/\/informelitoral.com.ar\/#website"},"primaryImageOfPage":{"@id":"https:\/\/informelitoral.com.ar\/advierten-sobre-faltante-de-agroquimicos-por-restricciones-a-la-importacion\/#primaryimage"},"image":{"@id":"https:\/\/informelitoral.com.ar\/advierten-sobre-faltante-de-agroquimicos-por-restricciones-a-la-importacion\/#primaryimage"},"thumbnailUrl":"https:\/\/informelitoral.com.ar\/%77%70%2d%63%6f%6e%74%65%6e%74\/uploads\/2019\/07\/fumigaciones.jpg","datePublished":"2021-09-23T08:49:37+00:00","dateModified":"2021-09-23T13:49:51+00:00","breadcrumb":{"@id":"https:\/\/informelitoral.com.ar\/advierten-sobre-faltante-de-agroquimicos-por-restricciones-a-la-importacion\/#breadcrumb"},"inLanguage":"es","potentialAction":[{"@type":"ReadAction","target":["https:\/\/informelitoral.com.ar\/advierten-sobre-faltante-de-agroquimicos-por-restricciones-a-la-importacion\/"]}]},{"@type":"ImageObject","inLanguage":"es","@id":"https:\/\/informelitoral.com.ar\/advierten-sobre-faltante-de-agroquimicos-por-restricciones-a-la-importacion\/#primaryimage","url":"https:\/\/informelitoral.com.ar\/%77%70%2d%63%6f%6e%74%65%6e%74\/uploads\/2019\/07\/fumigaciones.jpg","contentUrl":"https:\/\/informelitoral.com.ar\/%77%70%2d%63%6f%6e%74%65%6e%74\/uploads\/2019\/07\/fumigaciones.jpg","width":770,"height":536},{"@type":"BreadcrumbList","@id":"https:\/\/informelitoral.com.ar\/advierten-sobre-faltante-de-agroquimicos-por-restricciones-a-la-importacion\/#breadcrumb","itemListElement":[{"@type":"ListItem","position":1,"name":"Portada","item":"https:\/\/informelitoral.com.ar\/"},{"@type":"ListItem","position":2,"name":"Advierten sobre faltante de agroqu\u00edmicos por restricciones a la importaci\u00f3n"}]},{"@type":"WebSite","@id":"https:\/\/informelitoral.com.ar\/#website","url":"https:\/\/informelitoral.com.ar\/","name":"Informe Litoral","description":"&quot;Nos informamos&quot; ","publisher":{"@id":"https:\/\/informelitoral.com.ar\/#organization"},"potentialAction":[{"@type":"SearchAction","target":{"@type":"EntryPoint","urlTemplate":"https:\/\/informelitoral.com.ar\/?s={search_term_string}"},"query-input":{"@type":"PropertyValueSpecification","valueRequired":true,"valueName":"search_term_string"}}],"inLanguage":"es"},{"@type":"Organization","@id":"https:\/\/informelitoral.com.ar\/#organization","name":"Informe Litoral","url":"https:\/\/informelitoral.com.ar\/","logo":{"@type":"ImageObject","inLanguage":"es","@id":"https:\/\/informelitoral.com.ar\/#\/schema\/logo\/image\/","url":"https:\/\/informelitoral.com.ar\/%77%70%2d%63%6f%6e%74%65%6e%74\/uploads\/2021\/01\/circulo.png","contentUrl":"https:\/\/informelitoral.com.ar\/%77%70%2d%63%6f%6e%74%65%6e%74\/uploads\/2021\/01\/circulo.png","width":723,"height":731,"caption":"Informe Litoral"},"image":{"@id":"https:\/\/informelitoral.com.ar\/#\/schema\/logo\/image\/"},"sameAs":["https:\/\/www.facebook.com\/informelitoral\/","https:\/\/x.com\/InformeLitoral","https:\/\/www.instagram.com\/informelitoral\/","https:\/\/www.youtube.com\/channel\/UCua4Qvz8Icb6MYqhoq9xLXw"]},{"@type":"Person","@id":"https:\/\/informelitoral.com.ar\/#\/schema\/person\/b9d00407c836482871ef1d57bf8e3180","name":"Gonzalo Schmidt","image":{"@type":"ImageObject","inLanguage":"es","@id":"https:\/\/secure.gravatar.com\/avatar\/31a1a7b66ff2de83bd0e9fd79d026630d2d99e55e8bfe501287647b4fd9743de?s=96&d=mm&r=g","url":"https:\/\/secure.gravatar.com\/avatar\/31a1a7b66ff2de83bd0e9fd79d026630d2d99e55e8bfe501287647b4fd9743de?s=96&d=mm&r=g","contentUrl":"https:\/\/secure.gravatar.com\/avatar\/31a1a7b66ff2de83bd0e9fd79d026630d2d99e55e8bfe501287647b4fd9743de?s=96&d=mm&r=g","caption":"Gonzalo Schmidt"},"description":"Sitio web de noticias de la provincia de Entre R\u00edos, Argentina. Informaci\u00f3n y entretenimiento. Informe Litoral, nos informamos.","sameAs":["http:\/\/www.isletasnoticias.com.ar"],"url":"https:\/\/informelitoral.com.ar\/author\/gonzalo\/"}]}},"_links":{"self":[{"href":"https:\/\/informelitoral.com.ar\/%77%70%2d%6a%73%6f%6e\/wp\/v2\/posts\/65511","targetHints":{"allow":["GET"]}}],"collection":[{"href":"https:\/\/informelitoral.com.ar\/%77%70%2d%6a%73%6f%6e\/wp\/v2\/posts"}],"about":[{"href":"https:\/\/informelitoral.com.ar\/%77%70%2d%6a%73%6f%6e\/wp\/v2\/types\/post"}],"author":[{"embeddable":true,"href":"https:\/\/informelitoral.com.ar\/%77%70%2d%6a%73%6f%6e\/wp\/v2\/users\/2"}],"replies":[{"embeddable":true,"href":"https:\/\/informelitoral.com.ar\/%77%70%2d%6a%73%6f%6e\/wp\/v2\/comments?post=65511"}],"version-history":[{"count":0,"href":"https:\/\/informelitoral.com.ar\/%77%70%2d%6a%73%6f%6e\/wp\/v2\/posts\/65511\/revisions"}],"wp:featuredmedia":[{"embeddable":true,"href":"https:\/\/informelitoral.com.ar\/%77%70%2d%6a%73%6f%6e\/wp\/v2\/media\/34871"}],"wp:attachment":[{"href":"https:\/\/informelitoral.com.ar\/%77%70%2d%6a%73%6f%6e\/wp\/v2\/media?parent=65511"}],"wp:term":[{"taxonomy":"category","embeddable":true,"href":"https:\/\/informelitoral.com.ar\/%77%70%2d%6a%73%6f%6e\/wp\/v2\/categories?post=65511"},{"taxonomy":"post_tag","embeddable":true,"href":"https:\/\/informelitoral.com.ar\/%77%70%2d%6a%73%6f%6e\/wp\/v2\/tags?post=65511"}],"curies":[{"name":"wp","href":"https:\/\/api.w.org\/{rel}","templated":true}]}}