{"id":65386,"date":"2021-09-20T17:26:04","date_gmt":"2021-09-20T20:26:04","guid":{"rendered":"https:\/\/www.informelitoral.com.ar\/?p=65386"},"modified":"2021-09-20T17:26:04","modified_gmt":"2021-09-20T20:26:04","slug":"alberto-fernandez-les-tomo-juramento-a-los-nuevos-ministros-no-me-van-a-ver-atrapado-en-disputas-internas-e-innecesarias","status":"publish","type":"post","link":"https:\/\/informelitoral.com.ar\/alberto-fernandez-les-tomo-juramento-a-los-nuevos-ministros-no-me-van-a-ver-atrapado-en-disputas-internas-e-innecesarias\/","title":{"rendered":"Alberto Fern\u00e1ndez les tom\u00f3 juramento a los nuevos ministros: \u201cNo me van a ver atrapado en disputas internas e innecesarias\u201d"},"content":{"rendered":"<p class=\"paragraph\">Pasadas las 16, comenz\u00f3 la ceremonia de jura de los nuevos ministros del gabinete nacional que encabez\u00f3 Alberto Fern\u00e1ndez en el Museo del Bicentenario de Casa Rosada. All\u00ed, el Presidente le tom\u00f3 juramento a\u00a0<b>Juan Manzur en la Jefatura de Gabinete de Ministros; Santiago Cafiero en Relaciones Exteriores, Comercio Internacional y Culto; An\u00edbal Fern\u00e1ndez en Seguridad; Juli\u00e1n Dom\u00ednguez en Agricultura, Ganader\u00eda, y Pesca; Jaime Perzyck en Educaci\u00f3n, y Daniel Filmus en Ciencia, Tecnolog\u00eda e Innovaci\u00f3n.<\/b>\u00a0Adem\u00e1s,<strong> Juan Ross<\/strong> se har\u00e1 cargo de la Secretar\u00eda de Comunicaci\u00f3n y Prensa.<\/p>\n<p class=\"paragraph\">Alberto Fern\u00e1ndez dio un mensaje con alta carga electoral e intent\u00f3 arengar al Frente de Todos de cara a los comicios de noviembre. En ese tren, hizo referencia a la crisis pol\u00edtica que vivi\u00f3 el Gobierno la semana pasada y casi fractura al oficialismo:\u00a0<mark class=\"hl_yellow\"><b>\u201cNo me van a ver atrapado en disputas innecesarias, en disputas internas, mi \u00fanica preocupaci\u00f3n es que los argentinos vuelvan a hacer felices despu\u00e9s de tantas desdichas vividas en los cuatros a\u00f1os que me antecedieron y los dos de pandemia\u201d.<\/b><\/mark><\/p>\n<p class=\"paragraph\">El Presidente comenz\u00f3 su discurso en la misma l\u00ednea que se viene expresando desde la\u00a0 derrota en las PASO: \u201cEl domingo pasado el pueblo de la Naci\u00f3n dio un veredicto y expliqu\u00e9 que yo, como todos nosotros, somos parte de un movimiento que sabe escuchar las demandas populares, la voz del pueblo y <b>va tomar cuenta de los reclamos, de qu\u00e9 cosa habremos hecho mal, de en qu\u00e9 nos hab\u00edamos equivocado, qu\u00e9 cosas no llegamos a hacer y debemos acelerar.<\/b>\u00a0En realidad a lo largo de la semana escuch\u00e9 a muchos y muchas. Porque quiero cumplir con mi palabra de entender el porqu\u00e9 la gente vot\u00f3 como vot\u00f3\u201d.<\/p>\n<div class=\"visual__image \"><img loading=\"lazy\" decoding=\"async\" src=\"https:\/\/www.infobae.com\/new-resizer\/I1gu24ryFv_pdyBJtYb-3L-ohkg=\/420x236\/filters:format(jpg):quality(85)\/cloudfront-us-east-1.images.arcpublishing.com\/infobae\/73PAQDZ6TVEVRPOQ5EZ4K2AJLU.jpg%20420w\" sizes=\"auto, (min-width: 800px) 50vw, 90vw\" srcset=\"https:\/\/www.infobae.com\/new-resizer\/I1gu24ryFv_pdyBJtYb-3L-ohkg=\/420x236\/filters:format(jpg):quality(85)\/cloudfront-us-east-1.images.arcpublishing.com\/infobae\/73PAQDZ6TVEVRPOQ5EZ4K2AJLU.jpg 420w,https:\/\/www.infobae.com\/new-resizer\/fdV4hZ5Ni4ee9WTke4nWmSzUV04=\/768x432\/filters:format(jpg):quality(85)\/cloudfront-us-east-1.images.arcpublishing.com\/infobae\/73PAQDZ6TVEVRPOQ5EZ4K2AJLU.jpg 768w,https:\/\/www.infobae.com\/new-resizer\/lcOMQrzrzt8BG-rhHYuNf_G5wqg=\/992x558\/filters:format(jpg):quality(85)\/cloudfront-us-east-1.images.arcpublishing.com\/infobae\/73PAQDZ6TVEVRPOQ5EZ4K2AJLU.jpg 992w,https:\/\/www.infobae.com\/new-resizer\/GKZPM0fjsElt9fX1V0JE68s5JsE=\/1200x675\/filters:format(jpg):quality(85)\/cloudfront-us-east-1.images.arcpublishing.com\/infobae\/73PAQDZ6TVEVRPOQ5EZ4K2AJLU.jpg 1200w,https:\/\/www.infobae.com\/new-resizer\/OxXsxUL69ovhU9jOsu_CBeNAwlc=\/1440x810\/filters:format(jpg):quality(85)\/cloudfront-us-east-1.images.arcpublishing.com\/infobae\/73PAQDZ6TVEVRPOQ5EZ4K2AJLU.jpg 1440w\" alt=\"Juan Manzur fue el primero en jurar\" width=\"1920\" height=\"1080\" \/><\/div>\n<p class=\"paragraph\">Tambi\u00e9n volvi\u00f3 a polarizar con Mauricio Macri, aunque, como siempre, sin nombrarlo:\u00a0<mark class=\"hl_yellow\"><b>\u201cEn realidad hay veces que los dirigentes cuando la gente vota y no los elige se enojan con la gente. Nosotros cuando la gente no nos vota, nos enojamos con nosotros porque algo habremos hecho mal y nos preguntamos qu\u00e9 habr\u00e1 sido.<\/b><\/mark>\u00a0Debatimos de cara a la gente, nuestras diferencias siempre tienen un sentido \u00fanico que es superar la instancia y encaminarnos a un momento mejor. Nunca los debates me han afectado o preocupado, soy presidente el PJ, me preocupa m\u00e1s un movimiento pol\u00edtico silenciado, que no discute, que uno que reflexiona\u201d.<\/p>\n<p class=\"paragraph\">Asimismo, ratific\u00f3 que el Gobierno est\u00e1 preparando anuncios para recuperar al electorado: \u201cSon decisiones que vamos a empezar a tomar a partir de ahora, muchas de las cuales ten\u00edamos previstas tomar de antemano.\u00a0<mark class=\"hl_yellow\"><b>Tienen por objeto dar respuesta a una parte del electorado que evidentemente la pandemia lo ha afectado, lo ha dejado mal y todo el crecimiento econ\u00f3mico no ha llegado a ellos con la velocidad que nosotros hubi\u00e9semos querido.<\/b><\/mark>\u00a0En eso ya estamos trabajando\u201d.<\/p>\n<p class=\"paragraph\">Luego, el jefe de Estado retom\u00f3 el discurso de campa\u00f1a: \u201cSigo insistiendo que hay dos pa\u00edses en pugna y tenemos que resolver eso. A la ma\u00f1ana estuve con Carla (Vizzotti). Me trajo una vacuna contra la fiebre hemorr\u00e1gica argentina. Es una enfermedad propiamente argentina. Esta vacuna se hizo en Argentina hasta que en 2017 dej\u00f3 de hacerse y hoy volvimos a hacerla. Esa vacuna sirve para ejemplificar de qu\u00e9 pa\u00edses en pugna estamos hablando.\u00a0<b>De uno que despreocupa de la salud p\u00fablica y abandona a los argentinos a su suerte no d\u00e1ndole las vacunas que necesita y un pa\u00eds que dice que nuestros cient\u00edficos sigan trabajando para poner en valor la salud que los argentinos se merecen\u201d.<\/b><\/p>\n<p class=\"paragraph\">\u201cNo somos parte del pa\u00eds que quieren que los que trabajan pierdan sus empleos sin que nadie los indemnice, que quiere flexibilizar los derechos de los que trabajan. Queremos todos ser parte de un pa\u00eds que se integre, que funcione unido, que trabaje con mucha fuerza para sacar de la postergaci\u00f3n a quienes quedaron postergados\u201d, continu\u00f3.<\/p>\n<p class=\"paragraph\">Y agreg\u00f3: \u201cNo es casual que haya preferido que un gobernador norte\u00f1o se haga cargo de la Jefatura de Gabinete.\u00a0<b>Lo hice por la convicci\u00f3n de que en ese Norte tenemos que trabajar much\u00edsimo para lograr esa igualdad tan deseada y postergada.<\/b>\u00a0El compromiso con ese Norte es invariable desde siempre. La Argentina federal es algo que me gusta que ocurra. Vamos a profundizar lo que hemos hecho para que esa realidad ocurra\u201d.<\/p>\n<p class=\"paragraph\">Sobre el final, dedic\u00f3 unos minutos hacia los ministros salientes: \u201cQuiero darles las gracias honestamente.<b>\u00a0Han sido funcionarios ejemplares que han dejado todo de s\u00ed en el tiempo que les toc\u00f3 ser ministros, un tiempo que todos sabemos lo dif\u00edcil que fue. Seguro lo recordaremos como los dos peores a\u00f1os de nuestra vida.<\/b>\u00a0Un virus nos atac\u00f3 y la muerte camin\u00f3 entre nosotros\u201d.<\/p>\n<p class=\"paragraph\">Estuvieron presentes los gobernadores de Misiones,\u00a0<b>Oscar Herrera Ahuad<\/b>; de Catamarca,\u00a0<b>Ra\u00fal Jalil<\/b>; de Buenos Aires,\u00a0<b>Axel Kicillof<\/b>; de Santa Fe,\u00a0<b>Omar Perotti<\/b>; de La Rioja,\u00a0<b>Ricardo Quintela<\/b>; de Salta, Gustavo S\u00e1enz, y de Santiago del Estero,\u00a0<b>Gerardo Zamora<\/b>, adem\u00e1s participar\u00e1n por videoconferencia los mandatarios de Entre R\u00edos,\u00a0<b>Gustavo Bordet<\/b>; de Formosa,\u00a0<b>Gildo Insfr\u00e1n<\/b>; de Santa Cruz,\u00a0<b>Alicia Kirchner<\/b>; de Tierra del Fuego,\u00a0<b>Gustavo Melella<\/b>, y el vicegobernador de San Juan,\u00a0<b>Roberto Gattoni.<\/b><\/p>\n<p class=\"paragraph\">Tambi\u00e9n asistieron el presidente de la C\u00e1mara de Diputados de la Naci\u00f3n,\u00a0<b>Sergio Massa<\/b>; el diputado y presidente del bloque del Frente de Todos,\u00a0<b>M\u00e1ximo Kirchner<\/b>, senadores y diputados nacionales, dirigentes gremiales y empresariales y miembros del Gabinete. <em>(Infobae)<\/em><\/p>\n","protected":false},"excerpt":{"rendered":"<p>Luego de la crisis pol\u00edtica que sacudi\u00f3 al Gobierno la semana pasada, el Presidente busca relanzar la gesti\u00f3n de cara a las elecciones de noviembre.<\/p>\n","protected":false},"author":2,"featured_media":65387,"comment_status":"open","ping_status":"open","sticky":false,"template":"","format":"standard","meta":{"fifu_image_url":"","fifu_image_alt":"","footnotes":""},"categories":[16],"tags":[1311],"class_list":{"0":"post-65386","1":"post","2":"type-post","3":"status-publish","4":"format-standard","5":"has-post-thumbnail","7":"category-politi","8":"tag-alberto-fernandez"},"yoast_head":"<title>Alberto Fern\u00e1ndez les tom\u00f3 juramento a los nuevos ministros: \u201cNo me van a ver atrapado en disputas internas e innecesarias\u201d - Informe Litoral<\/title>\n<meta name=\"robots\" content=\"index, follow, max-snippet:-1, max-image-preview:large, max-video-preview:-1\" \/>\n<link rel=\"canonical\" href=\"https:\/\/informelitoral.com.ar\/alberto-fernandez-les-tomo-juramento-a-los-nuevos-ministros-no-me-van-a-ver-atrapado-en-disputas-internas-e-innecesarias\/\" \/>\n<meta property=\"og:locale\" content=\"es_ES\" \/>\n<meta property=\"og:type\" content=\"article\" \/>\n<meta property=\"og:title\" content=\"Alberto Fern\u00e1ndez les tom\u00f3 juramento a los nuevos ministros: \u201cNo me van a ver atrapado en disputas internas e innecesarias\u201d - Informe Litoral\" \/>\n<meta property=\"og:description\" content=\"Luego de la crisis pol\u00edtica que sacudi\u00f3 al Gobierno la semana pasada, el Presidente busca relanzar la gesti\u00f3n de cara a las elecciones de noviembre.\" \/>\n<meta property=\"og:url\" content=\"https:\/\/informelitoral.com.ar\/alberto-fernandez-les-tomo-juramento-a-los-nuevos-ministros-no-me-van-a-ver-atrapado-en-disputas-internas-e-innecesarias\/\" \/>\n<meta property=\"og:site_name\" content=\"Informe Litoral\" \/>\n<meta property=\"article:publisher\" content=\"https:\/\/www.facebook.com\/informelitoral\/\" \/>\n<meta property=\"article:published_time\" content=\"2021-09-20T20:26:04+00:00\" \/>\n<meta property=\"og:image\" content=\"https:\/\/informelitoral.com.ar\/%77%70%2d%63%6f%6e%74%65%6e%74\/uploads\/2021\/09\/alberto-fernandez.jpg\" \/>\n\t<meta property=\"og:image:width\" content=\"730\" \/>\n\t<meta property=\"og:image:height\" content=\"425\" \/>\n\t<meta property=\"og:image:type\" content=\"image\/jpeg\" \/>\n<meta name=\"author\" content=\"Gonzalo Schmidt\" \/>\n<meta name=\"twitter:card\" content=\"summary_large_image\" \/>\n<meta name=\"twitter:creator\" content=\"@InformeLitoral\" \/>\n<meta name=\"twitter:site\" content=\"@InformeLitoral\" \/>\n<meta name=\"twitter:label1\" content=\"Escrito por\" \/>\n\t<meta name=\"twitter:data1\" content=\"Gonzalo Schmidt\" \/>\n\t<meta name=\"twitter:label2\" content=\"Tiempo de lectura\" \/>\n\t<meta name=\"twitter:data2\" content=\"5 minutos\" \/>\n<script type=\"application\/ld+json\" class=\"yoast-schema-graph\">{\"@context\":\"https:\\\/\\\/schema.org\",\"@graph\":[{\"@type\":\"Article\",\"@id\":\"https:\\\/\\\/informelitoral.com.ar\\\/alberto-fernandez-les-tomo-juramento-a-los-nuevos-ministros-no-me-van-a-ver-atrapado-en-disputas-internas-e-innecesarias\\\/#article\",\"isPartOf\":{\"@id\":\"https:\\\/\\\/informelitoral.com.ar\\\/alberto-fernandez-les-tomo-juramento-a-los-nuevos-ministros-no-me-van-a-ver-atrapado-en-disputas-internas-e-innecesarias\\\/\"},\"author\":{\"name\":\"Gonzalo Schmidt\",\"@id\":\"https:\\\/\\\/informelitoral.com.ar\\\/#\\\/schema\\\/person\\\/b9d00407c836482871ef1d57bf8e3180\"},\"headline\":\"Alberto Fern\u00e1ndez les tom\u00f3 juramento a los nuevos ministros: \u201cNo me van a ver atrapado en disputas internas e innecesarias\u201d\",\"datePublished\":\"2021-09-20T20:26:04+00:00\",\"mainEntityOfPage\":{\"@id\":\"https:\\\/\\\/informelitoral.com.ar\\\/alberto-fernandez-les-tomo-juramento-a-los-nuevos-ministros-no-me-van-a-ver-atrapado-en-disputas-internas-e-innecesarias\\\/\"},\"wordCount\":953,\"commentCount\":0,\"publisher\":{\"@id\":\"https:\\\/\\\/informelitoral.com.ar\\\/#organization\"},\"image\":{\"@id\":\"https:\\\/\\\/informelitoral.com.ar\\\/alberto-fernandez-les-tomo-juramento-a-los-nuevos-ministros-no-me-van-a-ver-atrapado-en-disputas-internas-e-innecesarias\\\/#primaryimage\"},\"thumbnailUrl\":\"https:\\\/\\\/informelitoral.com.ar\\\/%77%70%2d%63%6f%6e%74%65%6e%74\\\/uploads\\\/2021\\\/09\\\/alberto-fernandez.jpg\",\"keywords\":[\"Alberto Fern\u00e1ndez\"],\"articleSection\":[\"Politica\"],\"inLanguage\":\"es\",\"potentialAction\":[{\"@type\":\"CommentAction\",\"name\":\"Comment\",\"target\":[\"https:\\\/\\\/informelitoral.com.ar\\\/alberto-fernandez-les-tomo-juramento-a-los-nuevos-ministros-no-me-van-a-ver-atrapado-en-disputas-internas-e-innecesarias\\\/#respond\"]}]},{\"@type\":\"WebPage\",\"@id\":\"https:\\\/\\\/informelitoral.com.ar\\\/alberto-fernandez-les-tomo-juramento-a-los-nuevos-ministros-no-me-van-a-ver-atrapado-en-disputas-internas-e-innecesarias\\\/\",\"url\":\"https:\\\/\\\/informelitoral.com.ar\\\/alberto-fernandez-les-tomo-juramento-a-los-nuevos-ministros-no-me-van-a-ver-atrapado-en-disputas-internas-e-innecesarias\\\/\",\"name\":\"Alberto Fern\u00e1ndez les tom\u00f3 juramento a los nuevos ministros: \u201cNo me van a ver atrapado en disputas internas e innecesarias\u201d - Informe Litoral\",\"isPartOf\":{\"@id\":\"https:\\\/\\\/informelitoral.com.ar\\\/#website\"},\"primaryImageOfPage\":{\"@id\":\"https:\\\/\\\/informelitoral.com.ar\\\/alberto-fernandez-les-tomo-juramento-a-los-nuevos-ministros-no-me-van-a-ver-atrapado-en-disputas-internas-e-innecesarias\\\/#primaryimage\"},\"image\":{\"@id\":\"https:\\\/\\\/informelitoral.com.ar\\\/alberto-fernandez-les-tomo-juramento-a-los-nuevos-ministros-no-me-van-a-ver-atrapado-en-disputas-internas-e-innecesarias\\\/#primaryimage\"},\"thumbnailUrl\":\"https:\\\/\\\/informelitoral.com.ar\\\/%77%70%2d%63%6f%6e%74%65%6e%74\\\/uploads\\\/2021\\\/09\\\/alberto-fernandez.jpg\",\"datePublished\":\"2021-09-20T20:26:04+00:00\",\"breadcrumb\":{\"@id\":\"https:\\\/\\\/informelitoral.com.ar\\\/alberto-fernandez-les-tomo-juramento-a-los-nuevos-ministros-no-me-van-a-ver-atrapado-en-disputas-internas-e-innecesarias\\\/#breadcrumb\"},\"inLanguage\":\"es\",\"potentialAction\":[{\"@type\":\"ReadAction\",\"target\":[\"https:\\\/\\\/informelitoral.com.ar\\\/alberto-fernandez-les-tomo-juramento-a-los-nuevos-ministros-no-me-van-a-ver-atrapado-en-disputas-internas-e-innecesarias\\\/\"]}]},{\"@type\":\"ImageObject\",\"inLanguage\":\"es\",\"@id\":\"https:\\\/\\\/informelitoral.com.ar\\\/alberto-fernandez-les-tomo-juramento-a-los-nuevos-ministros-no-me-van-a-ver-atrapado-en-disputas-internas-e-innecesarias\\\/#primaryimage\",\"url\":\"https:\\\/\\\/informelitoral.com.ar\\\/%77%70%2d%63%6f%6e%74%65%6e%74\\\/uploads\\\/2021\\\/09\\\/alberto-fernandez.jpg\",\"contentUrl\":\"https:\\\/\\\/informelitoral.com.ar\\\/%77%70%2d%63%6f%6e%74%65%6e%74\\\/uploads\\\/2021\\\/09\\\/alberto-fernandez.jpg\",\"width\":730,\"height\":425},{\"@type\":\"BreadcrumbList\",\"@id\":\"https:\\\/\\\/informelitoral.com.ar\\\/alberto-fernandez-les-tomo-juramento-a-los-nuevos-ministros-no-me-van-a-ver-atrapado-en-disputas-internas-e-innecesarias\\\/#breadcrumb\",\"itemListElement\":[{\"@type\":\"ListItem\",\"position\":1,\"name\":\"Portada\",\"item\":\"https:\\\/\\\/informelitoral.com.ar\\\/\"},{\"@type\":\"ListItem\",\"position\":2,\"name\":\"Alberto Fern\u00e1ndez les tom\u00f3 juramento a los nuevos ministros: \u201cNo me van a ver atrapado en disputas internas e innecesarias\u201d\"}]},{\"@type\":\"WebSite\",\"@id\":\"https:\\\/\\\/informelitoral.com.ar\\\/#website\",\"url\":\"https:\\\/\\\/informelitoral.com.ar\\\/\",\"name\":\"Informe Litoral\",\"description\":\"&quot;Nos informamos&quot; \",\"publisher\":{\"@id\":\"https:\\\/\\\/informelitoral.com.ar\\\/#organization\"},\"potentialAction\":[{\"@type\":\"SearchAction\",\"target\":{\"@type\":\"EntryPoint\",\"urlTemplate\":\"https:\\\/\\\/informelitoral.com.ar\\\/?s={search_term_string}\"},\"query-input\":{\"@type\":\"PropertyValueSpecification\",\"valueRequired\":true,\"valueName\":\"search_term_string\"}}],\"inLanguage\":\"es\"},{\"@type\":\"Organization\",\"@id\":\"https:\\\/\\\/informelitoral.com.ar\\\/#organization\",\"name\":\"Informe Litoral\",\"url\":\"https:\\\/\\\/informelitoral.com.ar\\\/\",\"logo\":{\"@type\":\"ImageObject\",\"inLanguage\":\"es\",\"@id\":\"https:\\\/\\\/informelitoral.com.ar\\\/#\\\/schema\\\/logo\\\/image\\\/\",\"url\":\"https:\\\/\\\/informelitoral.com.ar\\\/%77%70%2d%63%6f%6e%74%65%6e%74\\\/uploads\\\/2021\\\/01\\\/circulo.png\",\"contentUrl\":\"https:\\\/\\\/informelitoral.com.ar\\\/%77%70%2d%63%6f%6e%74%65%6e%74\\\/uploads\\\/2021\\\/01\\\/circulo.png\",\"width\":723,\"height\":731,\"caption\":\"Informe Litoral\"},\"image\":{\"@id\":\"https:\\\/\\\/informelitoral.com.ar\\\/#\\\/schema\\\/logo\\\/image\\\/\"},\"sameAs\":[\"https:\\\/\\\/www.facebook.com\\\/informelitoral\\\/\",\"https:\\\/\\\/x.com\\\/InformeLitoral\",\"https:\\\/\\\/www.instagram.com\\\/informelitoral\\\/\",\"https:\\\/\\\/www.youtube.com\\\/channel\\\/UCua4Qvz8Icb6MYqhoq9xLXw\"]},{\"@type\":\"Person\",\"@id\":\"https:\\\/\\\/informelitoral.com.ar\\\/#\\\/schema\\\/person\\\/b9d00407c836482871ef1d57bf8e3180\",\"name\":\"Gonzalo Schmidt\",\"image\":{\"@type\":\"ImageObject\",\"inLanguage\":\"es\",\"@id\":\"https:\\\/\\\/secure.gravatar.com\\\/avatar\\\/31a1a7b66ff2de83bd0e9fd79d026630d2d99e55e8bfe501287647b4fd9743de?s=96&d=mm&r=g\",\"url\":\"https:\\\/\\\/secure.gravatar.com\\\/avatar\\\/31a1a7b66ff2de83bd0e9fd79d026630d2d99e55e8bfe501287647b4fd9743de?s=96&d=mm&r=g\",\"contentUrl\":\"https:\\\/\\\/secure.gravatar.com\\\/avatar\\\/31a1a7b66ff2de83bd0e9fd79d026630d2d99e55e8bfe501287647b4fd9743de?s=96&d=mm&r=g\",\"caption\":\"Gonzalo Schmidt\"},\"description\":\"Sitio web de noticias de la provincia de Entre R\u00edos, Argentina. Informaci\u00f3n y entretenimiento. Informe Litoral, nos informamos.\",\"sameAs\":[\"http:\\\/\\\/www.isletasnoticias.com.ar\"],\"url\":\"https:\\\/\\\/informelitoral.com.ar\\\/author\\\/gonzalo\\\/\"}]}<\/script>","yoast_head_json":{"title":"Alberto Fern\u00e1ndez les tom\u00f3 juramento a los nuevos ministros: \u201cNo me van a ver atrapado en disputas internas e innecesarias\u201d - Informe Litoral","robots":{"index":"index","follow":"follow","max-snippet":"max-snippet:-1","max-image-preview":"max-image-preview:large","max-video-preview":"max-video-preview:-1"},"canonical":"https:\/\/informelitoral.com.ar\/alberto-fernandez-les-tomo-juramento-a-los-nuevos-ministros-no-me-van-a-ver-atrapado-en-disputas-internas-e-innecesarias\/","og_locale":"es_ES","og_type":"article","og_title":"Alberto Fern\u00e1ndez les tom\u00f3 juramento a los nuevos ministros: \u201cNo me van a ver atrapado en disputas internas e innecesarias\u201d - Informe Litoral","og_description":"Luego de la crisis pol\u00edtica que sacudi\u00f3 al Gobierno la semana pasada, el Presidente busca relanzar la gesti\u00f3n de cara a las elecciones de noviembre.","og_url":"https:\/\/informelitoral.com.ar\/alberto-fernandez-les-tomo-juramento-a-los-nuevos-ministros-no-me-van-a-ver-atrapado-en-disputas-internas-e-innecesarias\/","og_site_name":"Informe Litoral","article_publisher":"https:\/\/www.facebook.com\/informelitoral\/","article_published_time":"2021-09-20T20:26:04+00:00","og_image":[{"width":730,"height":425,"url":"https:\/\/informelitoral.com.ar\/%77%70%2d%63%6f%6e%74%65%6e%74\/uploads\/2021\/09\/alberto-fernandez.jpg","type":"image\/jpeg"}],"author":"Gonzalo Schmidt","twitter_card":"summary_large_image","twitter_creator":"@InformeLitoral","twitter_site":"@InformeLitoral","twitter_misc":{"Escrito por":"Gonzalo Schmidt","Tiempo de lectura":"5 minutos"},"schema":{"@context":"https:\/\/schema.org","@graph":[{"@type":"Article","@id":"https:\/\/informelitoral.com.ar\/alberto-fernandez-les-tomo-juramento-a-los-nuevos-ministros-no-me-van-a-ver-atrapado-en-disputas-internas-e-innecesarias\/#article","isPartOf":{"@id":"https:\/\/informelitoral.com.ar\/alberto-fernandez-les-tomo-juramento-a-los-nuevos-ministros-no-me-van-a-ver-atrapado-en-disputas-internas-e-innecesarias\/"},"author":{"name":"Gonzalo Schmidt","@id":"https:\/\/informelitoral.com.ar\/#\/schema\/person\/b9d00407c836482871ef1d57bf8e3180"},"headline":"Alberto Fern\u00e1ndez les tom\u00f3 juramento a los nuevos ministros: \u201cNo me van a ver atrapado en disputas internas e innecesarias\u201d","datePublished":"2021-09-20T20:26:04+00:00","mainEntityOfPage":{"@id":"https:\/\/informelitoral.com.ar\/alberto-fernandez-les-tomo-juramento-a-los-nuevos-ministros-no-me-van-a-ver-atrapado-en-disputas-internas-e-innecesarias\/"},"wordCount":953,"commentCount":0,"publisher":{"@id":"https:\/\/informelitoral.com.ar\/#organization"},"image":{"@id":"https:\/\/informelitoral.com.ar\/alberto-fernandez-les-tomo-juramento-a-los-nuevos-ministros-no-me-van-a-ver-atrapado-en-disputas-internas-e-innecesarias\/#primaryimage"},"thumbnailUrl":"https:\/\/informelitoral.com.ar\/%77%70%2d%63%6f%6e%74%65%6e%74\/uploads\/2021\/09\/alberto-fernandez.jpg","keywords":["Alberto Fern\u00e1ndez"],"articleSection":["Politica"],"inLanguage":"es","potentialAction":[{"@type":"CommentAction","name":"Comment","target":["https:\/\/informelitoral.com.ar\/alberto-fernandez-les-tomo-juramento-a-los-nuevos-ministros-no-me-van-a-ver-atrapado-en-disputas-internas-e-innecesarias\/#respond"]}]},{"@type":"WebPage","@id":"https:\/\/informelitoral.com.ar\/alberto-fernandez-les-tomo-juramento-a-los-nuevos-ministros-no-me-van-a-ver-atrapado-en-disputas-internas-e-innecesarias\/","url":"https:\/\/informelitoral.com.ar\/alberto-fernandez-les-tomo-juramento-a-los-nuevos-ministros-no-me-van-a-ver-atrapado-en-disputas-internas-e-innecesarias\/","name":"Alberto Fern\u00e1ndez les tom\u00f3 juramento a los nuevos ministros: \u201cNo me van a ver atrapado en disputas internas e innecesarias\u201d - Informe Litoral","isPartOf":{"@id":"https:\/\/informelitoral.com.ar\/#website"},"primaryImageOfPage":{"@id":"https:\/\/informelitoral.com.ar\/alberto-fernandez-les-tomo-juramento-a-los-nuevos-ministros-no-me-van-a-ver-atrapado-en-disputas-internas-e-innecesarias\/#primaryimage"},"image":{"@id":"https:\/\/informelitoral.com.ar\/alberto-fernandez-les-tomo-juramento-a-los-nuevos-ministros-no-me-van-a-ver-atrapado-en-disputas-internas-e-innecesarias\/#primaryimage"},"thumbnailUrl":"https:\/\/informelitoral.com.ar\/%77%70%2d%63%6f%6e%74%65%6e%74\/uploads\/2021\/09\/alberto-fernandez.jpg","datePublished":"2021-09-20T20:26:04+00:00","breadcrumb":{"@id":"https:\/\/informelitoral.com.ar\/alberto-fernandez-les-tomo-juramento-a-los-nuevos-ministros-no-me-van-a-ver-atrapado-en-disputas-internas-e-innecesarias\/#breadcrumb"},"inLanguage":"es","potentialAction":[{"@type":"ReadAction","target":["https:\/\/informelitoral.com.ar\/alberto-fernandez-les-tomo-juramento-a-los-nuevos-ministros-no-me-van-a-ver-atrapado-en-disputas-internas-e-innecesarias\/"]}]},{"@type":"ImageObject","inLanguage":"es","@id":"https:\/\/informelitoral.com.ar\/alberto-fernandez-les-tomo-juramento-a-los-nuevos-ministros-no-me-van-a-ver-atrapado-en-disputas-internas-e-innecesarias\/#primaryimage","url":"https:\/\/informelitoral.com.ar\/%77%70%2d%63%6f%6e%74%65%6e%74\/uploads\/2021\/09\/alberto-fernandez.jpg","contentUrl":"https:\/\/informelitoral.com.ar\/%77%70%2d%63%6f%6e%74%65%6e%74\/uploads\/2021\/09\/alberto-fernandez.jpg","width":730,"height":425},{"@type":"BreadcrumbList","@id":"https:\/\/informelitoral.com.ar\/alberto-fernandez-les-tomo-juramento-a-los-nuevos-ministros-no-me-van-a-ver-atrapado-en-disputas-internas-e-innecesarias\/#breadcrumb","itemListElement":[{"@type":"ListItem","position":1,"name":"Portada","item":"https:\/\/informelitoral.com.ar\/"},{"@type":"ListItem","position":2,"name":"Alberto Fern\u00e1ndez les tom\u00f3 juramento a los nuevos ministros: \u201cNo me van a ver atrapado en disputas internas e innecesarias\u201d"}]},{"@type":"WebSite","@id":"https:\/\/informelitoral.com.ar\/#website","url":"https:\/\/informelitoral.com.ar\/","name":"Informe Litoral","description":"&quot;Nos informamos&quot; ","publisher":{"@id":"https:\/\/informelitoral.com.ar\/#organization"},"potentialAction":[{"@type":"SearchAction","target":{"@type":"EntryPoint","urlTemplate":"https:\/\/informelitoral.com.ar\/?s={search_term_string}"},"query-input":{"@type":"PropertyValueSpecification","valueRequired":true,"valueName":"search_term_string"}}],"inLanguage":"es"},{"@type":"Organization","@id":"https:\/\/informelitoral.com.ar\/#organization","name":"Informe Litoral","url":"https:\/\/informelitoral.com.ar\/","logo":{"@type":"ImageObject","inLanguage":"es","@id":"https:\/\/informelitoral.com.ar\/#\/schema\/logo\/image\/","url":"https:\/\/informelitoral.com.ar\/%77%70%2d%63%6f%6e%74%65%6e%74\/uploads\/2021\/01\/circulo.png","contentUrl":"https:\/\/informelitoral.com.ar\/%77%70%2d%63%6f%6e%74%65%6e%74\/uploads\/2021\/01\/circulo.png","width":723,"height":731,"caption":"Informe Litoral"},"image":{"@id":"https:\/\/informelitoral.com.ar\/#\/schema\/logo\/image\/"},"sameAs":["https:\/\/www.facebook.com\/informelitoral\/","https:\/\/x.com\/InformeLitoral","https:\/\/www.instagram.com\/informelitoral\/","https:\/\/www.youtube.com\/channel\/UCua4Qvz8Icb6MYqhoq9xLXw"]},{"@type":"Person","@id":"https:\/\/informelitoral.com.ar\/#\/schema\/person\/b9d00407c836482871ef1d57bf8e3180","name":"Gonzalo Schmidt","image":{"@type":"ImageObject","inLanguage":"es","@id":"https:\/\/secure.gravatar.com\/avatar\/31a1a7b66ff2de83bd0e9fd79d026630d2d99e55e8bfe501287647b4fd9743de?s=96&d=mm&r=g","url":"https:\/\/secure.gravatar.com\/avatar\/31a1a7b66ff2de83bd0e9fd79d026630d2d99e55e8bfe501287647b4fd9743de?s=96&d=mm&r=g","contentUrl":"https:\/\/secure.gravatar.com\/avatar\/31a1a7b66ff2de83bd0e9fd79d026630d2d99e55e8bfe501287647b4fd9743de?s=96&d=mm&r=g","caption":"Gonzalo Schmidt"},"description":"Sitio web de noticias de la provincia de Entre R\u00edos, Argentina. Informaci\u00f3n y entretenimiento. Informe Litoral, nos informamos.","sameAs":["http:\/\/www.isletasnoticias.com.ar"],"url":"https:\/\/informelitoral.com.ar\/author\/gonzalo\/"}]}},"_links":{"self":[{"href":"https:\/\/informelitoral.com.ar\/%77%70%2d%6a%73%6f%6e\/wp\/v2\/posts\/65386","targetHints":{"allow":["GET"]}}],"collection":[{"href":"https:\/\/informelitoral.com.ar\/%77%70%2d%6a%73%6f%6e\/wp\/v2\/posts"}],"about":[{"href":"https:\/\/informelitoral.com.ar\/%77%70%2d%6a%73%6f%6e\/wp\/v2\/types\/post"}],"author":[{"embeddable":true,"href":"https:\/\/informelitoral.com.ar\/%77%70%2d%6a%73%6f%6e\/wp\/v2\/users\/2"}],"replies":[{"embeddable":true,"href":"https:\/\/informelitoral.com.ar\/%77%70%2d%6a%73%6f%6e\/wp\/v2\/comments?post=65386"}],"version-history":[{"count":0,"href":"https:\/\/informelitoral.com.ar\/%77%70%2d%6a%73%6f%6e\/wp\/v2\/posts\/65386\/revisions"}],"wp:featuredmedia":[{"embeddable":true,"href":"https:\/\/informelitoral.com.ar\/%77%70%2d%6a%73%6f%6e\/wp\/v2\/media\/65387"}],"wp:attachment":[{"href":"https:\/\/informelitoral.com.ar\/%77%70%2d%6a%73%6f%6e\/wp\/v2\/media?parent=65386"}],"wp:term":[{"taxonomy":"category","embeddable":true,"href":"https:\/\/informelitoral.com.ar\/%77%70%2d%6a%73%6f%6e\/wp\/v2\/categories?post=65386"},{"taxonomy":"post_tag","embeddable":true,"href":"https:\/\/informelitoral.com.ar\/%77%70%2d%6a%73%6f%6e\/wp\/v2\/tags?post=65386"}],"curies":[{"name":"wp","href":"https:\/\/api.w.org\/{rel}","templated":true}]}}