{"id":65260,"date":"2021-09-16T18:43:05","date_gmt":"2021-09-16T21:43:05","guid":{"rendered":"https:\/\/www.informelitoral.com.ar\/?p=65260"},"modified":"2021-09-16T18:43:05","modified_gmt":"2021-09-16T21:43:05","slug":"este-viernes-es-la-licitacion-por-la-obra-de-gas-para-strobel","status":"publish","type":"post","link":"https:\/\/informelitoral.com.ar\/este-viernes-es-la-licitacion-por-la-obra-de-gas-para-strobel\/","title":{"rendered":"Este viernes es la licitaci\u00f3n por la obra de gas para Strobel"},"content":{"rendered":"<p><strong>El acto de recepci\u00f3n y apertura de sobres est\u00e1 previsto para el viernes 17 de septiembre a las 11:00 en Diamante.<\/strong><\/p>\n<p>La senadora <strong>Claudia Gieco<\/strong> destac\u00f3 que desde que fue intendenta asumi\u00f3 el compromiso de gestionar para que esto sea una realidad. \u201c<strong>Desafortunadamente, cuando fui intendenta no se dieron los plazos para poder concretar esta obra tan importante para nuestros vecinos y vecinas, pero estamos cada vez m\u00e1s cerca<\/strong>\u201d, dijo.<\/p>\n<p>La senadora por Diamante cont\u00f3 que la ampliaci\u00f3n de la red de distribuci\u00f3n de gas natural en Strobel requiere tendido de 9.415 metros de ca\u00f1er\u00eda. \u201cSe trata de ca\u00f1er\u00edas de polietileno de distintos di\u00e1metros para una inversi\u00f3n de 44.653.707,62 pesos que ser\u00e1n absorbidos en su totalidad con fondos del tesoro provincial.<\/p>\n<p>AMPLIACI\u00d3N DE RED DE DISTRIBUCI\u00d3N DE GAS NATURAL \u2013 STROBEL (DIAMANTE)<\/p>\n<p>OBRA: \u201cAmpliaci\u00f3n de Red de Distribuci\u00f3n de Gas Natural\u201d.<br \/>\nLOCALIDAD: DIAMANTE \u2013 B\u00b0 STROBEL<br \/>\nLicitaci\u00f3n P\u00fablica Nro 03\/21 SME -GAS<br \/>\nPresupuesto oficial: $44.653.707,62 (A marzo 2021)<br \/>\nLugar y Fecha de apertura de los sobres: 17 DE SEPTIEMBRE \u2013 11 HORAS, en la Municipalidad de Diamante, sita en calle Eva Per\u00f3n y Echag\u00fce.<br \/>\nLa obra consiste en: 9.415 mts. lineales de ca\u00f1er\u00eda de polietileno de diferente di\u00e1metro:<br \/>\n7.345 mts. de 50 mm de di\u00e1metro<br \/>\n520 mts. de 63 mm. De di\u00e1metro<br \/>\n300 mts. de 90 mm. De di\u00e1metro<br \/>\n1250 mts. de 125 mm. De di\u00e1metro<br \/>\nE instalaci\u00f3n de 5 v\u00e1lvulas de bloqueo en polietileno<br \/>\nLa presente obra forma parte del Plan de Ampliaciones de redes de gas natural que lleva adelante el gobierno provincial a trav\u00e9s de la Secretar\u00eda de Energ\u00eda y ser\u00e1 financiada \u00edntegramente con fondos de la provincia.<br \/>\nUna vez habilitada la obra permitir\u00e1 la conexi\u00f3n al servicio de 627 potenciales usuarios, entre familias y emprendimientos.<br \/>\nPlazo de Ejecuci\u00f3n de Obra: 150 d\u00edas corridos, contados a partir de la fecha de firma del acta de iniciaci\u00f3n de los trabajos.<\/p>\n","protected":false},"excerpt":{"rendered":"<p>La obra beneficiar\u00e1 a alrededor de 350 familias, es encarada en su totalidad con fondos provinciales y se invertir\u00e1n m\u00e1s de 44 millones de pesos.<\/p>\n","protected":false},"author":2,"featured_media":65261,"comment_status":"open","ping_status":"open","sticky":false,"template":"","format":"standard","meta":{"fifu_image_url":"","fifu_image_alt":"","footnotes":""},"categories":[5],"tags":[132,283,316,1437],"class_list":{"0":"post-65260","1":"post","2":"type-post","3":"status-publish","4":"format-standard","5":"has-post-thumbnail","7":"category-zonales","8":"tag-gas","9":"tag-obras","10":"tag-obras-publicas","11":"tag-strobel"},"yoast_head":"<title>Este viernes es la licitaci\u00f3n por la obra de gas para Strobel - Informe Litoral<\/title>\n<meta name=\"robots\" content=\"index, follow, max-snippet:-1, max-image-preview:large, max-video-preview:-1\" \/>\n<link rel=\"canonical\" href=\"https:\/\/informelitoral.com.ar\/este-viernes-es-la-licitacion-por-la-obra-de-gas-para-strobel\/\" \/>\n<meta property=\"og:locale\" content=\"es_ES\" \/>\n<meta property=\"og:type\" content=\"article\" \/>\n<meta property=\"og:title\" content=\"Este viernes es la licitaci\u00f3n por la obra de gas para Strobel - Informe Litoral\" \/>\n<meta property=\"og:description\" content=\"La obra beneficiar\u00e1 a alrededor de 350 familias, es encarada en su totalidad con fondos provinciales y se invertir\u00e1n m\u00e1s de 44 millones de pesos.\" \/>\n<meta property=\"og:url\" content=\"https:\/\/informelitoral.com.ar\/este-viernes-es-la-licitacion-por-la-obra-de-gas-para-strobel\/\" \/>\n<meta property=\"og:site_name\" content=\"Informe Litoral\" \/>\n<meta property=\"article:publisher\" content=\"https:\/\/www.facebook.com\/informelitoral\/\" \/>\n<meta property=\"article:published_time\" content=\"2021-09-16T21:43:05+00:00\" \/>\n<meta property=\"og:image\" content=\"https:\/\/informelitoral.com.ar\/%77%70%2d%63%6f%6e%74%65%6e%74\/uploads\/2021\/09\/12b4a0ebdb2ebd7c2749eeab3df12810_XL.jpg\" \/>\n\t<meta property=\"og:image:width\" content=\"1000\" \/>\n\t<meta property=\"og:image:height\" content=\"460\" \/>\n\t<meta property=\"og:image:type\" content=\"image\/jpeg\" \/>\n<meta name=\"author\" content=\"Gonzalo Schmidt\" \/>\n<meta name=\"twitter:card\" content=\"summary_large_image\" \/>\n<meta name=\"twitter:creator\" content=\"@InformeLitoral\" \/>\n<meta name=\"twitter:site\" content=\"@InformeLitoral\" \/>\n<meta name=\"twitter:label1\" content=\"Escrito por\" \/>\n\t<meta name=\"twitter:data1\" content=\"Gonzalo Schmidt\" \/>\n\t<meta name=\"twitter:label2\" content=\"Tiempo de lectura\" \/>\n\t<meta name=\"twitter:data2\" content=\"2 minutos\" \/>\n<script type=\"application\/ld+json\" class=\"yoast-schema-graph\">{\"@context\":\"https:\\\/\\\/schema.org\",\"@graph\":[{\"@type\":\"Article\",\"@id\":\"https:\\\/\\\/informelitoral.com.ar\\\/este-viernes-es-la-licitacion-por-la-obra-de-gas-para-strobel\\\/#article\",\"isPartOf\":{\"@id\":\"https:\\\/\\\/informelitoral.com.ar\\\/este-viernes-es-la-licitacion-por-la-obra-de-gas-para-strobel\\\/\"},\"author\":{\"name\":\"Gonzalo Schmidt\",\"@id\":\"https:\\\/\\\/informelitoral.com.ar\\\/#\\\/schema\\\/person\\\/b9d00407c836482871ef1d57bf8e3180\"},\"headline\":\"Este viernes es la licitaci\u00f3n por la obra de gas para Strobel\",\"datePublished\":\"2021-09-16T21:43:05+00:00\",\"mainEntityOfPage\":{\"@id\":\"https:\\\/\\\/informelitoral.com.ar\\\/este-viernes-es-la-licitacion-por-la-obra-de-gas-para-strobel\\\/\"},\"wordCount\":336,\"commentCount\":0,\"publisher\":{\"@id\":\"https:\\\/\\\/informelitoral.com.ar\\\/#organization\"},\"image\":{\"@id\":\"https:\\\/\\\/informelitoral.com.ar\\\/este-viernes-es-la-licitacion-por-la-obra-de-gas-para-strobel\\\/#primaryimage\"},\"thumbnailUrl\":\"https:\\\/\\\/informelitoral.com.ar\\\/%77%70%2d%63%6f%6e%74%65%6e%74\\\/uploads\\\/2021\\\/09\\\/12b4a0ebdb2ebd7c2749eeab3df12810_XL.jpg\",\"keywords\":[\"Gas\",\"Obras\",\"Obras p\u00fablicas\",\"Strobel\"],\"articleSection\":[\"Departamento Diamante\"],\"inLanguage\":\"es\",\"potentialAction\":[{\"@type\":\"CommentAction\",\"name\":\"Comment\",\"target\":[\"https:\\\/\\\/informelitoral.com.ar\\\/este-viernes-es-la-licitacion-por-la-obra-de-gas-para-strobel\\\/#respond\"]}]},{\"@type\":\"WebPage\",\"@id\":\"https:\\\/\\\/informelitoral.com.ar\\\/este-viernes-es-la-licitacion-por-la-obra-de-gas-para-strobel\\\/\",\"url\":\"https:\\\/\\\/informelitoral.com.ar\\\/este-viernes-es-la-licitacion-por-la-obra-de-gas-para-strobel\\\/\",\"name\":\"Este viernes es la licitaci\u00f3n por la obra de gas para Strobel - Informe Litoral\",\"isPartOf\":{\"@id\":\"https:\\\/\\\/informelitoral.com.ar\\\/#website\"},\"primaryImageOfPage\":{\"@id\":\"https:\\\/\\\/informelitoral.com.ar\\\/este-viernes-es-la-licitacion-por-la-obra-de-gas-para-strobel\\\/#primaryimage\"},\"image\":{\"@id\":\"https:\\\/\\\/informelitoral.com.ar\\\/este-viernes-es-la-licitacion-por-la-obra-de-gas-para-strobel\\\/#primaryimage\"},\"thumbnailUrl\":\"https:\\\/\\\/informelitoral.com.ar\\\/%77%70%2d%63%6f%6e%74%65%6e%74\\\/uploads\\\/2021\\\/09\\\/12b4a0ebdb2ebd7c2749eeab3df12810_XL.jpg\",\"datePublished\":\"2021-09-16T21:43:05+00:00\",\"breadcrumb\":{\"@id\":\"https:\\\/\\\/informelitoral.com.ar\\\/este-viernes-es-la-licitacion-por-la-obra-de-gas-para-strobel\\\/#breadcrumb\"},\"inLanguage\":\"es\",\"potentialAction\":[{\"@type\":\"ReadAction\",\"target\":[\"https:\\\/\\\/informelitoral.com.ar\\\/este-viernes-es-la-licitacion-por-la-obra-de-gas-para-strobel\\\/\"]}]},{\"@type\":\"ImageObject\",\"inLanguage\":\"es\",\"@id\":\"https:\\\/\\\/informelitoral.com.ar\\\/este-viernes-es-la-licitacion-por-la-obra-de-gas-para-strobel\\\/#primaryimage\",\"url\":\"https:\\\/\\\/informelitoral.com.ar\\\/%77%70%2d%63%6f%6e%74%65%6e%74\\\/uploads\\\/2021\\\/09\\\/12b4a0ebdb2ebd7c2749eeab3df12810_XL.jpg\",\"contentUrl\":\"https:\\\/\\\/informelitoral.com.ar\\\/%77%70%2d%63%6f%6e%74%65%6e%74\\\/uploads\\\/2021\\\/09\\\/12b4a0ebdb2ebd7c2749eeab3df12810_XL.jpg\",\"width\":1000,\"height\":460},{\"@type\":\"BreadcrumbList\",\"@id\":\"https:\\\/\\\/informelitoral.com.ar\\\/este-viernes-es-la-licitacion-por-la-obra-de-gas-para-strobel\\\/#breadcrumb\",\"itemListElement\":[{\"@type\":\"ListItem\",\"position\":1,\"name\":\"Portada\",\"item\":\"https:\\\/\\\/informelitoral.com.ar\\\/\"},{\"@type\":\"ListItem\",\"position\":2,\"name\":\"Este viernes es la licitaci\u00f3n por la obra de gas para Strobel\"}]},{\"@type\":\"WebSite\",\"@id\":\"https:\\\/\\\/informelitoral.com.ar\\\/#website\",\"url\":\"https:\\\/\\\/informelitoral.com.ar\\\/\",\"name\":\"Informe Litoral\",\"description\":\"&quot;Nos informamos&quot; \",\"publisher\":{\"@id\":\"https:\\\/\\\/informelitoral.com.ar\\\/#organization\"},\"potentialAction\":[{\"@type\":\"SearchAction\",\"target\":{\"@type\":\"EntryPoint\",\"urlTemplate\":\"https:\\\/\\\/informelitoral.com.ar\\\/?s={search_term_string}\"},\"query-input\":{\"@type\":\"PropertyValueSpecification\",\"valueRequired\":true,\"valueName\":\"search_term_string\"}}],\"inLanguage\":\"es\"},{\"@type\":\"Organization\",\"@id\":\"https:\\\/\\\/informelitoral.com.ar\\\/#organization\",\"name\":\"Informe Litoral\",\"url\":\"https:\\\/\\\/informelitoral.com.ar\\\/\",\"logo\":{\"@type\":\"ImageObject\",\"inLanguage\":\"es\",\"@id\":\"https:\\\/\\\/informelitoral.com.ar\\\/#\\\/schema\\\/logo\\\/image\\\/\",\"url\":\"https:\\\/\\\/informelitoral.com.ar\\\/%77%70%2d%63%6f%6e%74%65%6e%74\\\/uploads\\\/2021\\\/01\\\/circulo.png\",\"contentUrl\":\"https:\\\/\\\/informelitoral.com.ar\\\/%77%70%2d%63%6f%6e%74%65%6e%74\\\/uploads\\\/2021\\\/01\\\/circulo.png\",\"width\":723,\"height\":731,\"caption\":\"Informe Litoral\"},\"image\":{\"@id\":\"https:\\\/\\\/informelitoral.com.ar\\\/#\\\/schema\\\/logo\\\/image\\\/\"},\"sameAs\":[\"https:\\\/\\\/www.facebook.com\\\/informelitoral\\\/\",\"https:\\\/\\\/x.com\\\/InformeLitoral\",\"https:\\\/\\\/www.instagram.com\\\/informelitoral\\\/\",\"https:\\\/\\\/www.youtube.com\\\/channel\\\/UCua4Qvz8Icb6MYqhoq9xLXw\"]},{\"@type\":\"Person\",\"@id\":\"https:\\\/\\\/informelitoral.com.ar\\\/#\\\/schema\\\/person\\\/b9d00407c836482871ef1d57bf8e3180\",\"name\":\"Gonzalo Schmidt\",\"image\":{\"@type\":\"ImageObject\",\"inLanguage\":\"es\",\"@id\":\"https:\\\/\\\/secure.gravatar.com\\\/avatar\\\/31a1a7b66ff2de83bd0e9fd79d026630d2d99e55e8bfe501287647b4fd9743de?s=96&d=mm&r=g\",\"url\":\"https:\\\/\\\/secure.gravatar.com\\\/avatar\\\/31a1a7b66ff2de83bd0e9fd79d026630d2d99e55e8bfe501287647b4fd9743de?s=96&d=mm&r=g\",\"contentUrl\":\"https:\\\/\\\/secure.gravatar.com\\\/avatar\\\/31a1a7b66ff2de83bd0e9fd79d026630d2d99e55e8bfe501287647b4fd9743de?s=96&d=mm&r=g\",\"caption\":\"Gonzalo Schmidt\"},\"description\":\"Sitio web de noticias de la provincia de Entre R\u00edos, Argentina. Informaci\u00f3n y entretenimiento. Informe Litoral, nos informamos.\",\"sameAs\":[\"http:\\\/\\\/www.isletasnoticias.com.ar\"],\"url\":\"https:\\\/\\\/informelitoral.com.ar\\\/author\\\/gonzalo\\\/\"}]}<\/script>","yoast_head_json":{"title":"Este viernes es la licitaci\u00f3n por la obra de gas para Strobel - Informe Litoral","robots":{"index":"index","follow":"follow","max-snippet":"max-snippet:-1","max-image-preview":"max-image-preview:large","max-video-preview":"max-video-preview:-1"},"canonical":"https:\/\/informelitoral.com.ar\/este-viernes-es-la-licitacion-por-la-obra-de-gas-para-strobel\/","og_locale":"es_ES","og_type":"article","og_title":"Este viernes es la licitaci\u00f3n por la obra de gas para Strobel - Informe Litoral","og_description":"La obra beneficiar\u00e1 a alrededor de 350 familias, es encarada en su totalidad con fondos provinciales y se invertir\u00e1n m\u00e1s de 44 millones de pesos.","og_url":"https:\/\/informelitoral.com.ar\/este-viernes-es-la-licitacion-por-la-obra-de-gas-para-strobel\/","og_site_name":"Informe Litoral","article_publisher":"https:\/\/www.facebook.com\/informelitoral\/","article_published_time":"2021-09-16T21:43:05+00:00","og_image":[{"width":1000,"height":460,"url":"https:\/\/informelitoral.com.ar\/%77%70%2d%63%6f%6e%74%65%6e%74\/uploads\/2021\/09\/12b4a0ebdb2ebd7c2749eeab3df12810_XL.jpg","type":"image\/jpeg"}],"author":"Gonzalo Schmidt","twitter_card":"summary_large_image","twitter_creator":"@InformeLitoral","twitter_site":"@InformeLitoral","twitter_misc":{"Escrito por":"Gonzalo Schmidt","Tiempo de lectura":"2 minutos"},"schema":{"@context":"https:\/\/schema.org","@graph":[{"@type":"Article","@id":"https:\/\/informelitoral.com.ar\/este-viernes-es-la-licitacion-por-la-obra-de-gas-para-strobel\/#article","isPartOf":{"@id":"https:\/\/informelitoral.com.ar\/este-viernes-es-la-licitacion-por-la-obra-de-gas-para-strobel\/"},"author":{"name":"Gonzalo Schmidt","@id":"https:\/\/informelitoral.com.ar\/#\/schema\/person\/b9d00407c836482871ef1d57bf8e3180"},"headline":"Este viernes es la licitaci\u00f3n por la obra de gas para Strobel","datePublished":"2021-09-16T21:43:05+00:00","mainEntityOfPage":{"@id":"https:\/\/informelitoral.com.ar\/este-viernes-es-la-licitacion-por-la-obra-de-gas-para-strobel\/"},"wordCount":336,"commentCount":0,"publisher":{"@id":"https:\/\/informelitoral.com.ar\/#organization"},"image":{"@id":"https:\/\/informelitoral.com.ar\/este-viernes-es-la-licitacion-por-la-obra-de-gas-para-strobel\/#primaryimage"},"thumbnailUrl":"https:\/\/informelitoral.com.ar\/%77%70%2d%63%6f%6e%74%65%6e%74\/uploads\/2021\/09\/12b4a0ebdb2ebd7c2749eeab3df12810_XL.jpg","keywords":["Gas","Obras","Obras p\u00fablicas","Strobel"],"articleSection":["Departamento Diamante"],"inLanguage":"es","potentialAction":[{"@type":"CommentAction","name":"Comment","target":["https:\/\/informelitoral.com.ar\/este-viernes-es-la-licitacion-por-la-obra-de-gas-para-strobel\/#respond"]}]},{"@type":"WebPage","@id":"https:\/\/informelitoral.com.ar\/este-viernes-es-la-licitacion-por-la-obra-de-gas-para-strobel\/","url":"https:\/\/informelitoral.com.ar\/este-viernes-es-la-licitacion-por-la-obra-de-gas-para-strobel\/","name":"Este viernes es la licitaci\u00f3n por la obra de gas para Strobel - Informe Litoral","isPartOf":{"@id":"https:\/\/informelitoral.com.ar\/#website"},"primaryImageOfPage":{"@id":"https:\/\/informelitoral.com.ar\/este-viernes-es-la-licitacion-por-la-obra-de-gas-para-strobel\/#primaryimage"},"image":{"@id":"https:\/\/informelitoral.com.ar\/este-viernes-es-la-licitacion-por-la-obra-de-gas-para-strobel\/#primaryimage"},"thumbnailUrl":"https:\/\/informelitoral.com.ar\/%77%70%2d%63%6f%6e%74%65%6e%74\/uploads\/2021\/09\/12b4a0ebdb2ebd7c2749eeab3df12810_XL.jpg","datePublished":"2021-09-16T21:43:05+00:00","breadcrumb":{"@id":"https:\/\/informelitoral.com.ar\/este-viernes-es-la-licitacion-por-la-obra-de-gas-para-strobel\/#breadcrumb"},"inLanguage":"es","potentialAction":[{"@type":"ReadAction","target":["https:\/\/informelitoral.com.ar\/este-viernes-es-la-licitacion-por-la-obra-de-gas-para-strobel\/"]}]},{"@type":"ImageObject","inLanguage":"es","@id":"https:\/\/informelitoral.com.ar\/este-viernes-es-la-licitacion-por-la-obra-de-gas-para-strobel\/#primaryimage","url":"https:\/\/informelitoral.com.ar\/%77%70%2d%63%6f%6e%74%65%6e%74\/uploads\/2021\/09\/12b4a0ebdb2ebd7c2749eeab3df12810_XL.jpg","contentUrl":"https:\/\/informelitoral.com.ar\/%77%70%2d%63%6f%6e%74%65%6e%74\/uploads\/2021\/09\/12b4a0ebdb2ebd7c2749eeab3df12810_XL.jpg","width":1000,"height":460},{"@type":"BreadcrumbList","@id":"https:\/\/informelitoral.com.ar\/este-viernes-es-la-licitacion-por-la-obra-de-gas-para-strobel\/#breadcrumb","itemListElement":[{"@type":"ListItem","position":1,"name":"Portada","item":"https:\/\/informelitoral.com.ar\/"},{"@type":"ListItem","position":2,"name":"Este viernes es la licitaci\u00f3n por la obra de gas para Strobel"}]},{"@type":"WebSite","@id":"https:\/\/informelitoral.com.ar\/#website","url":"https:\/\/informelitoral.com.ar\/","name":"Informe Litoral","description":"&quot;Nos informamos&quot; ","publisher":{"@id":"https:\/\/informelitoral.com.ar\/#organization"},"potentialAction":[{"@type":"SearchAction","target":{"@type":"EntryPoint","urlTemplate":"https:\/\/informelitoral.com.ar\/?s={search_term_string}"},"query-input":{"@type":"PropertyValueSpecification","valueRequired":true,"valueName":"search_term_string"}}],"inLanguage":"es"},{"@type":"Organization","@id":"https:\/\/informelitoral.com.ar\/#organization","name":"Informe Litoral","url":"https:\/\/informelitoral.com.ar\/","logo":{"@type":"ImageObject","inLanguage":"es","@id":"https:\/\/informelitoral.com.ar\/#\/schema\/logo\/image\/","url":"https:\/\/informelitoral.com.ar\/%77%70%2d%63%6f%6e%74%65%6e%74\/uploads\/2021\/01\/circulo.png","contentUrl":"https:\/\/informelitoral.com.ar\/%77%70%2d%63%6f%6e%74%65%6e%74\/uploads\/2021\/01\/circulo.png","width":723,"height":731,"caption":"Informe Litoral"},"image":{"@id":"https:\/\/informelitoral.com.ar\/#\/schema\/logo\/image\/"},"sameAs":["https:\/\/www.facebook.com\/informelitoral\/","https:\/\/x.com\/InformeLitoral","https:\/\/www.instagram.com\/informelitoral\/","https:\/\/www.youtube.com\/channel\/UCua4Qvz8Icb6MYqhoq9xLXw"]},{"@type":"Person","@id":"https:\/\/informelitoral.com.ar\/#\/schema\/person\/b9d00407c836482871ef1d57bf8e3180","name":"Gonzalo Schmidt","image":{"@type":"ImageObject","inLanguage":"es","@id":"https:\/\/secure.gravatar.com\/avatar\/31a1a7b66ff2de83bd0e9fd79d026630d2d99e55e8bfe501287647b4fd9743de?s=96&d=mm&r=g","url":"https:\/\/secure.gravatar.com\/avatar\/31a1a7b66ff2de83bd0e9fd79d026630d2d99e55e8bfe501287647b4fd9743de?s=96&d=mm&r=g","contentUrl":"https:\/\/secure.gravatar.com\/avatar\/31a1a7b66ff2de83bd0e9fd79d026630d2d99e55e8bfe501287647b4fd9743de?s=96&d=mm&r=g","caption":"Gonzalo Schmidt"},"description":"Sitio web de noticias de la provincia de Entre R\u00edos, Argentina. Informaci\u00f3n y entretenimiento. Informe Litoral, nos informamos.","sameAs":["http:\/\/www.isletasnoticias.com.ar"],"url":"https:\/\/informelitoral.com.ar\/author\/gonzalo\/"}]}},"_links":{"self":[{"href":"https:\/\/informelitoral.com.ar\/%77%70%2d%6a%73%6f%6e\/wp\/v2\/posts\/65260","targetHints":{"allow":["GET"]}}],"collection":[{"href":"https:\/\/informelitoral.com.ar\/%77%70%2d%6a%73%6f%6e\/wp\/v2\/posts"}],"about":[{"href":"https:\/\/informelitoral.com.ar\/%77%70%2d%6a%73%6f%6e\/wp\/v2\/types\/post"}],"author":[{"embeddable":true,"href":"https:\/\/informelitoral.com.ar\/%77%70%2d%6a%73%6f%6e\/wp\/v2\/users\/2"}],"replies":[{"embeddable":true,"href":"https:\/\/informelitoral.com.ar\/%77%70%2d%6a%73%6f%6e\/wp\/v2\/comments?post=65260"}],"version-history":[{"count":0,"href":"https:\/\/informelitoral.com.ar\/%77%70%2d%6a%73%6f%6e\/wp\/v2\/posts\/65260\/revisions"}],"wp:featuredmedia":[{"embeddable":true,"href":"https:\/\/informelitoral.com.ar\/%77%70%2d%6a%73%6f%6e\/wp\/v2\/media\/65261"}],"wp:attachment":[{"href":"https:\/\/informelitoral.com.ar\/%77%70%2d%6a%73%6f%6e\/wp\/v2\/media?parent=65260"}],"wp:term":[{"taxonomy":"category","embeddable":true,"href":"https:\/\/informelitoral.com.ar\/%77%70%2d%6a%73%6f%6e\/wp\/v2\/categories?post=65260"},{"taxonomy":"post_tag","embeddable":true,"href":"https:\/\/informelitoral.com.ar\/%77%70%2d%6a%73%6f%6e\/wp\/v2\/tags?post=65260"}],"curies":[{"name":"wp","href":"https:\/\/api.w.org\/{rel}","templated":true}]}}