{"id":64761,"date":"2021-09-06T10:25:54","date_gmt":"2021-09-06T13:25:54","guid":{"rendered":"https:\/\/www.informelitoral.com.ar\/?p=64761"},"modified":"2021-09-06T10:25:54","modified_gmt":"2021-09-06T13:25:54","slug":"actualizaron-el-precio-de-los-biocombustibles","status":"publish","type":"post","link":"https:\/\/informelitoral.com.ar\/actualizaron-el-precio-de-los-biocombustibles\/","title":{"rendered":"Actualizaron el precio de los biocombustibles"},"content":{"rendered":"<p>Por medio de\u00a0<strong>dos Resoluciones (852\/2021 y 853\/2021)<\/strong>\u00a0del Ministerio de Econom\u00eda, a trav\u00e9s de la Secretar\u00eda de Energ\u00eda, que se publicaron este lunes en el Bolet\u00edn Oficial, el Gobierno public\u00f3 los\u00a0precios\u00a0actualizados del\u00a0<b>bioetanol\u00a0de\u00a0ma\u00edz\u00a0y de ca\u00f1a de az\u00facar, y el biodiesel\u00a0a base de aceite de\u00a0soja<\/b>.<\/p>\n<p>De esta forma, con la firma del secretario de Energ\u00eda, Dar\u00edo Mart\u00ednez, en la Resoluci\u00f3n 852 y en ejercicio de la\u00a0<strong>Ley N\u00b027.640<\/strong>\u00a0se fij\u00f3 un valor \u201c<strong>59,350 pesos por litro el precio de adquisici\u00f3n del bioetanol elaborado a base de ca\u00f1a de az\u00facar y de ma\u00edz<\/strong>\u00a0destinado a su mezcla obligatoria con\u00a0nafta, el cual regir\u00e1 para las operaciones correspondientes al mes de septiembre de 2021\u2033.<\/p>\n<p>En este sentido, la Resoluci\u00f3n establece tambi\u00e9n que los precios del bioetanol elaborado a base de ca\u00f1a de az\u00facar y ma\u00edz ser\u00e1n\u00a0<strong>actualizados mensualmente<\/strong>\u00a0por esta Secretar\u00eda y publicados en su p\u00e1gina web con la misma temporalidad.<\/p>\n<p>Esta actualizaci\u00f3n se dar\u00e1 de acuerdo a la variaci\u00f3n porcentual del precio en el surtidor de las naftas comercializadas a trav\u00e9s de las estaciones propiedad de la empresa YPF, dice la norma.<\/p>\n<p>Por su parte,\u00a0<strong>el art\u00edculo 1 de la Resoluci\u00f3n 853<\/strong>, determina los precios para los pr\u00f3ximos tres meses del biodiesel.<\/p>\n<p>De esta forma, qued\u00f3 fijado para las operaciones del mes de\u00a0<strong>septiembre un precio de 122.453 pesos<\/strong>, de\u00a0<strong>124.900 pesos por tonelada para las operaciones de octubre de 2021<\/strong>\u00a0y 1<strong>27.400 pesos por tonelada para las operaciones a llevarse a cabo en noviembre de 2021<\/strong>.<\/p>\n<p>El plazo de pago del bioetanol, elaborado a base de ca\u00f1a de az\u00facar y ma\u00edz, y biodi\u00e9sel no podr\u00e1 exceder, en ning\u00fan caso, los 30 d\u00edas corridos a contar desde la fecha de la factura correspondiente.<\/p>\n","protected":false},"excerpt":{"rendered":"<p>A trav\u00e9s de las Resoluciones 852\/2021 y 853\/2021, el Ministerio de Econom\u00eda public\u00f3 los valores del biodiesel y bioetanol de ca\u00f1a de az\u00facar y de ma\u00edz, que rigen desde septiembre.<\/p>\n","protected":false},"author":2,"featured_media":27025,"comment_status":"open","ping_status":"open","sticky":false,"template":"","format":"standard","meta":{"fifu_image_url":"","fifu_image_alt":"","footnotes":""},"categories":[1594,7],"tags":[455],"class_list":{"0":"post-64761","1":"post","2":"type-post","3":"status-publish","4":"format-standard","5":"has-post-thumbnail","7":"category-economia","8":"category-nacionales","9":"tag-biocombustibles"},"yoast_head":"<title>Actualizaron el precio de los biocombustibles - Informe Litoral<\/title>\n<meta name=\"robots\" content=\"index, follow, max-snippet:-1, max-image-preview:large, max-video-preview:-1\" \/>\n<link rel=\"canonical\" href=\"https:\/\/informelitoral.com.ar\/actualizaron-el-precio-de-los-biocombustibles\/\" \/>\n<meta property=\"og:locale\" content=\"es_ES\" \/>\n<meta property=\"og:type\" content=\"article\" \/>\n<meta property=\"og:title\" content=\"Actualizaron el precio de los biocombustibles - Informe Litoral\" \/>\n<meta property=\"og:description\" content=\"A trav\u00e9s de las Resoluciones 852\/2021 y 853\/2021, el Ministerio de Econom\u00eda public\u00f3 los valores del biodiesel y bioetanol de ca\u00f1a de az\u00facar y de ma\u00edz, que rigen desde septiembre.\" \/>\n<meta property=\"og:url\" content=\"https:\/\/informelitoral.com.ar\/actualizaron-el-precio-de-los-biocombustibles\/\" \/>\n<meta property=\"og:site_name\" content=\"Informe Litoral\" \/>\n<meta property=\"article:publisher\" content=\"https:\/\/www.facebook.com\/informelitoral\/\" \/>\n<meta property=\"article:published_time\" content=\"2021-09-06T13:25:54+00:00\" \/>\n<meta property=\"og:image\" content=\"https:\/\/informelitoral.com.ar\/%77%70%2d%63%6f%6e%74%65%6e%74\/uploads\/2018\/05\/biocombustible-planta.jpg\" \/>\n\t<meta property=\"og:image:width\" content=\"660\" \/>\n\t<meta property=\"og:image:height\" content=\"330\" \/>\n\t<meta property=\"og:image:type\" content=\"image\/jpeg\" \/>\n<meta name=\"author\" content=\"Gonzalo Schmidt\" \/>\n<meta name=\"twitter:card\" content=\"summary_large_image\" \/>\n<meta name=\"twitter:creator\" content=\"@InformeLitoral\" \/>\n<meta name=\"twitter:site\" content=\"@InformeLitoral\" \/>\n<meta name=\"twitter:label1\" content=\"Escrito por\" \/>\n\t<meta name=\"twitter:data1\" content=\"Gonzalo Schmidt\" \/>\n\t<meta name=\"twitter:label2\" content=\"Tiempo de lectura\" \/>\n\t<meta name=\"twitter:data2\" content=\"2 minutos\" \/>\n<script type=\"application\/ld+json\" class=\"yoast-schema-graph\">{\"@context\":\"https:\\\/\\\/schema.org\",\"@graph\":[{\"@type\":\"Article\",\"@id\":\"https:\\\/\\\/informelitoral.com.ar\\\/actualizaron-el-precio-de-los-biocombustibles\\\/#article\",\"isPartOf\":{\"@id\":\"https:\\\/\\\/informelitoral.com.ar\\\/actualizaron-el-precio-de-los-biocombustibles\\\/\"},\"author\":{\"name\":\"Gonzalo Schmidt\",\"@id\":\"https:\\\/\\\/informelitoral.com.ar\\\/#\\\/schema\\\/person\\\/b9d00407c836482871ef1d57bf8e3180\"},\"headline\":\"Actualizaron el precio de los biocombustibles\",\"datePublished\":\"2021-09-06T13:25:54+00:00\",\"mainEntityOfPage\":{\"@id\":\"https:\\\/\\\/informelitoral.com.ar\\\/actualizaron-el-precio-de-los-biocombustibles\\\/\"},\"wordCount\":318,\"commentCount\":0,\"publisher\":{\"@id\":\"https:\\\/\\\/informelitoral.com.ar\\\/#organization\"},\"image\":{\"@id\":\"https:\\\/\\\/informelitoral.com.ar\\\/actualizaron-el-precio-de-los-biocombustibles\\\/#primaryimage\"},\"thumbnailUrl\":\"https:\\\/\\\/informelitoral.com.ar\\\/%77%70%2d%63%6f%6e%74%65%6e%74\\\/uploads\\\/2018\\\/05\\\/biocombustible-planta.jpg\",\"keywords\":[\"Biocombustibles\"],\"articleSection\":[\"Econom\u00eda\",\"Nacionales\"],\"inLanguage\":\"es\",\"potentialAction\":[{\"@type\":\"CommentAction\",\"name\":\"Comment\",\"target\":[\"https:\\\/\\\/informelitoral.com.ar\\\/actualizaron-el-precio-de-los-biocombustibles\\\/#respond\"]}]},{\"@type\":\"WebPage\",\"@id\":\"https:\\\/\\\/informelitoral.com.ar\\\/actualizaron-el-precio-de-los-biocombustibles\\\/\",\"url\":\"https:\\\/\\\/informelitoral.com.ar\\\/actualizaron-el-precio-de-los-biocombustibles\\\/\",\"name\":\"Actualizaron el precio de los biocombustibles - Informe Litoral\",\"isPartOf\":{\"@id\":\"https:\\\/\\\/informelitoral.com.ar\\\/#website\"},\"primaryImageOfPage\":{\"@id\":\"https:\\\/\\\/informelitoral.com.ar\\\/actualizaron-el-precio-de-los-biocombustibles\\\/#primaryimage\"},\"image\":{\"@id\":\"https:\\\/\\\/informelitoral.com.ar\\\/actualizaron-el-precio-de-los-biocombustibles\\\/#primaryimage\"},\"thumbnailUrl\":\"https:\\\/\\\/informelitoral.com.ar\\\/%77%70%2d%63%6f%6e%74%65%6e%74\\\/uploads\\\/2018\\\/05\\\/biocombustible-planta.jpg\",\"datePublished\":\"2021-09-06T13:25:54+00:00\",\"breadcrumb\":{\"@id\":\"https:\\\/\\\/informelitoral.com.ar\\\/actualizaron-el-precio-de-los-biocombustibles\\\/#breadcrumb\"},\"inLanguage\":\"es\",\"potentialAction\":[{\"@type\":\"ReadAction\",\"target\":[\"https:\\\/\\\/informelitoral.com.ar\\\/actualizaron-el-precio-de-los-biocombustibles\\\/\"]}]},{\"@type\":\"ImageObject\",\"inLanguage\":\"es\",\"@id\":\"https:\\\/\\\/informelitoral.com.ar\\\/actualizaron-el-precio-de-los-biocombustibles\\\/#primaryimage\",\"url\":\"https:\\\/\\\/informelitoral.com.ar\\\/%77%70%2d%63%6f%6e%74%65%6e%74\\\/uploads\\\/2018\\\/05\\\/biocombustible-planta.jpg\",\"contentUrl\":\"https:\\\/\\\/informelitoral.com.ar\\\/%77%70%2d%63%6f%6e%74%65%6e%74\\\/uploads\\\/2018\\\/05\\\/biocombustible-planta.jpg\",\"width\":660,\"height\":330},{\"@type\":\"BreadcrumbList\",\"@id\":\"https:\\\/\\\/informelitoral.com.ar\\\/actualizaron-el-precio-de-los-biocombustibles\\\/#breadcrumb\",\"itemListElement\":[{\"@type\":\"ListItem\",\"position\":1,\"name\":\"Portada\",\"item\":\"https:\\\/\\\/informelitoral.com.ar\\\/\"},{\"@type\":\"ListItem\",\"position\":2,\"name\":\"Actualizaron el precio de los biocombustibles\"}]},{\"@type\":\"WebSite\",\"@id\":\"https:\\\/\\\/informelitoral.com.ar\\\/#website\",\"url\":\"https:\\\/\\\/informelitoral.com.ar\\\/\",\"name\":\"Informe Litoral\",\"description\":\"&quot;Nos informamos&quot; \",\"publisher\":{\"@id\":\"https:\\\/\\\/informelitoral.com.ar\\\/#organization\"},\"potentialAction\":[{\"@type\":\"SearchAction\",\"target\":{\"@type\":\"EntryPoint\",\"urlTemplate\":\"https:\\\/\\\/informelitoral.com.ar\\\/?s={search_term_string}\"},\"query-input\":{\"@type\":\"PropertyValueSpecification\",\"valueRequired\":true,\"valueName\":\"search_term_string\"}}],\"inLanguage\":\"es\"},{\"@type\":\"Organization\",\"@id\":\"https:\\\/\\\/informelitoral.com.ar\\\/#organization\",\"name\":\"Informe Litoral\",\"url\":\"https:\\\/\\\/informelitoral.com.ar\\\/\",\"logo\":{\"@type\":\"ImageObject\",\"inLanguage\":\"es\",\"@id\":\"https:\\\/\\\/informelitoral.com.ar\\\/#\\\/schema\\\/logo\\\/image\\\/\",\"url\":\"https:\\\/\\\/informelitoral.com.ar\\\/%77%70%2d%63%6f%6e%74%65%6e%74\\\/uploads\\\/2021\\\/01\\\/circulo.png\",\"contentUrl\":\"https:\\\/\\\/informelitoral.com.ar\\\/%77%70%2d%63%6f%6e%74%65%6e%74\\\/uploads\\\/2021\\\/01\\\/circulo.png\",\"width\":723,\"height\":731,\"caption\":\"Informe Litoral\"},\"image\":{\"@id\":\"https:\\\/\\\/informelitoral.com.ar\\\/#\\\/schema\\\/logo\\\/image\\\/\"},\"sameAs\":[\"https:\\\/\\\/www.facebook.com\\\/informelitoral\\\/\",\"https:\\\/\\\/x.com\\\/InformeLitoral\",\"https:\\\/\\\/www.instagram.com\\\/informelitoral\\\/\",\"https:\\\/\\\/www.youtube.com\\\/channel\\\/UCua4Qvz8Icb6MYqhoq9xLXw\"]},{\"@type\":\"Person\",\"@id\":\"https:\\\/\\\/informelitoral.com.ar\\\/#\\\/schema\\\/person\\\/b9d00407c836482871ef1d57bf8e3180\",\"name\":\"Gonzalo Schmidt\",\"image\":{\"@type\":\"ImageObject\",\"inLanguage\":\"es\",\"@id\":\"https:\\\/\\\/secure.gravatar.com\\\/avatar\\\/31a1a7b66ff2de83bd0e9fd79d026630d2d99e55e8bfe501287647b4fd9743de?s=96&d=mm&r=g\",\"url\":\"https:\\\/\\\/secure.gravatar.com\\\/avatar\\\/31a1a7b66ff2de83bd0e9fd79d026630d2d99e55e8bfe501287647b4fd9743de?s=96&d=mm&r=g\",\"contentUrl\":\"https:\\\/\\\/secure.gravatar.com\\\/avatar\\\/31a1a7b66ff2de83bd0e9fd79d026630d2d99e55e8bfe501287647b4fd9743de?s=96&d=mm&r=g\",\"caption\":\"Gonzalo Schmidt\"},\"description\":\"Sitio web de noticias de la provincia de Entre R\u00edos, Argentina. Informaci\u00f3n y entretenimiento. Informe Litoral, nos informamos.\",\"sameAs\":[\"http:\\\/\\\/www.isletasnoticias.com.ar\"],\"url\":\"https:\\\/\\\/informelitoral.com.ar\\\/author\\\/gonzalo\\\/\"}]}<\/script>","yoast_head_json":{"title":"Actualizaron el precio de los biocombustibles - Informe Litoral","robots":{"index":"index","follow":"follow","max-snippet":"max-snippet:-1","max-image-preview":"max-image-preview:large","max-video-preview":"max-video-preview:-1"},"canonical":"https:\/\/informelitoral.com.ar\/actualizaron-el-precio-de-los-biocombustibles\/","og_locale":"es_ES","og_type":"article","og_title":"Actualizaron el precio de los biocombustibles - Informe Litoral","og_description":"A trav\u00e9s de las Resoluciones 852\/2021 y 853\/2021, el Ministerio de Econom\u00eda public\u00f3 los valores del biodiesel y bioetanol de ca\u00f1a de az\u00facar y de ma\u00edz, que rigen desde septiembre.","og_url":"https:\/\/informelitoral.com.ar\/actualizaron-el-precio-de-los-biocombustibles\/","og_site_name":"Informe Litoral","article_publisher":"https:\/\/www.facebook.com\/informelitoral\/","article_published_time":"2021-09-06T13:25:54+00:00","og_image":[{"width":660,"height":330,"url":"https:\/\/informelitoral.com.ar\/%77%70%2d%63%6f%6e%74%65%6e%74\/uploads\/2018\/05\/biocombustible-planta.jpg","type":"image\/jpeg"}],"author":"Gonzalo Schmidt","twitter_card":"summary_large_image","twitter_creator":"@InformeLitoral","twitter_site":"@InformeLitoral","twitter_misc":{"Escrito por":"Gonzalo Schmidt","Tiempo de lectura":"2 minutos"},"schema":{"@context":"https:\/\/schema.org","@graph":[{"@type":"Article","@id":"https:\/\/informelitoral.com.ar\/actualizaron-el-precio-de-los-biocombustibles\/#article","isPartOf":{"@id":"https:\/\/informelitoral.com.ar\/actualizaron-el-precio-de-los-biocombustibles\/"},"author":{"name":"Gonzalo Schmidt","@id":"https:\/\/informelitoral.com.ar\/#\/schema\/person\/b9d00407c836482871ef1d57bf8e3180"},"headline":"Actualizaron el precio de los biocombustibles","datePublished":"2021-09-06T13:25:54+00:00","mainEntityOfPage":{"@id":"https:\/\/informelitoral.com.ar\/actualizaron-el-precio-de-los-biocombustibles\/"},"wordCount":318,"commentCount":0,"publisher":{"@id":"https:\/\/informelitoral.com.ar\/#organization"},"image":{"@id":"https:\/\/informelitoral.com.ar\/actualizaron-el-precio-de-los-biocombustibles\/#primaryimage"},"thumbnailUrl":"https:\/\/informelitoral.com.ar\/%77%70%2d%63%6f%6e%74%65%6e%74\/uploads\/2018\/05\/biocombustible-planta.jpg","keywords":["Biocombustibles"],"articleSection":["Econom\u00eda","Nacionales"],"inLanguage":"es","potentialAction":[{"@type":"CommentAction","name":"Comment","target":["https:\/\/informelitoral.com.ar\/actualizaron-el-precio-de-los-biocombustibles\/#respond"]}]},{"@type":"WebPage","@id":"https:\/\/informelitoral.com.ar\/actualizaron-el-precio-de-los-biocombustibles\/","url":"https:\/\/informelitoral.com.ar\/actualizaron-el-precio-de-los-biocombustibles\/","name":"Actualizaron el precio de los biocombustibles - Informe Litoral","isPartOf":{"@id":"https:\/\/informelitoral.com.ar\/#website"},"primaryImageOfPage":{"@id":"https:\/\/informelitoral.com.ar\/actualizaron-el-precio-de-los-biocombustibles\/#primaryimage"},"image":{"@id":"https:\/\/informelitoral.com.ar\/actualizaron-el-precio-de-los-biocombustibles\/#primaryimage"},"thumbnailUrl":"https:\/\/informelitoral.com.ar\/%77%70%2d%63%6f%6e%74%65%6e%74\/uploads\/2018\/05\/biocombustible-planta.jpg","datePublished":"2021-09-06T13:25:54+00:00","breadcrumb":{"@id":"https:\/\/informelitoral.com.ar\/actualizaron-el-precio-de-los-biocombustibles\/#breadcrumb"},"inLanguage":"es","potentialAction":[{"@type":"ReadAction","target":["https:\/\/informelitoral.com.ar\/actualizaron-el-precio-de-los-biocombustibles\/"]}]},{"@type":"ImageObject","inLanguage":"es","@id":"https:\/\/informelitoral.com.ar\/actualizaron-el-precio-de-los-biocombustibles\/#primaryimage","url":"https:\/\/informelitoral.com.ar\/%77%70%2d%63%6f%6e%74%65%6e%74\/uploads\/2018\/05\/biocombustible-planta.jpg","contentUrl":"https:\/\/informelitoral.com.ar\/%77%70%2d%63%6f%6e%74%65%6e%74\/uploads\/2018\/05\/biocombustible-planta.jpg","width":660,"height":330},{"@type":"BreadcrumbList","@id":"https:\/\/informelitoral.com.ar\/actualizaron-el-precio-de-los-biocombustibles\/#breadcrumb","itemListElement":[{"@type":"ListItem","position":1,"name":"Portada","item":"https:\/\/informelitoral.com.ar\/"},{"@type":"ListItem","position":2,"name":"Actualizaron el precio de los biocombustibles"}]},{"@type":"WebSite","@id":"https:\/\/informelitoral.com.ar\/#website","url":"https:\/\/informelitoral.com.ar\/","name":"Informe Litoral","description":"&quot;Nos informamos&quot; ","publisher":{"@id":"https:\/\/informelitoral.com.ar\/#organization"},"potentialAction":[{"@type":"SearchAction","target":{"@type":"EntryPoint","urlTemplate":"https:\/\/informelitoral.com.ar\/?s={search_term_string}"},"query-input":{"@type":"PropertyValueSpecification","valueRequired":true,"valueName":"search_term_string"}}],"inLanguage":"es"},{"@type":"Organization","@id":"https:\/\/informelitoral.com.ar\/#organization","name":"Informe Litoral","url":"https:\/\/informelitoral.com.ar\/","logo":{"@type":"ImageObject","inLanguage":"es","@id":"https:\/\/informelitoral.com.ar\/#\/schema\/logo\/image\/","url":"https:\/\/informelitoral.com.ar\/%77%70%2d%63%6f%6e%74%65%6e%74\/uploads\/2021\/01\/circulo.png","contentUrl":"https:\/\/informelitoral.com.ar\/%77%70%2d%63%6f%6e%74%65%6e%74\/uploads\/2021\/01\/circulo.png","width":723,"height":731,"caption":"Informe Litoral"},"image":{"@id":"https:\/\/informelitoral.com.ar\/#\/schema\/logo\/image\/"},"sameAs":["https:\/\/www.facebook.com\/informelitoral\/","https:\/\/x.com\/InformeLitoral","https:\/\/www.instagram.com\/informelitoral\/","https:\/\/www.youtube.com\/channel\/UCua4Qvz8Icb6MYqhoq9xLXw"]},{"@type":"Person","@id":"https:\/\/informelitoral.com.ar\/#\/schema\/person\/b9d00407c836482871ef1d57bf8e3180","name":"Gonzalo Schmidt","image":{"@type":"ImageObject","inLanguage":"es","@id":"https:\/\/secure.gravatar.com\/avatar\/31a1a7b66ff2de83bd0e9fd79d026630d2d99e55e8bfe501287647b4fd9743de?s=96&d=mm&r=g","url":"https:\/\/secure.gravatar.com\/avatar\/31a1a7b66ff2de83bd0e9fd79d026630d2d99e55e8bfe501287647b4fd9743de?s=96&d=mm&r=g","contentUrl":"https:\/\/secure.gravatar.com\/avatar\/31a1a7b66ff2de83bd0e9fd79d026630d2d99e55e8bfe501287647b4fd9743de?s=96&d=mm&r=g","caption":"Gonzalo Schmidt"},"description":"Sitio web de noticias de la provincia de Entre R\u00edos, Argentina. Informaci\u00f3n y entretenimiento. Informe Litoral, nos informamos.","sameAs":["http:\/\/www.isletasnoticias.com.ar"],"url":"https:\/\/informelitoral.com.ar\/author\/gonzalo\/"}]}},"_links":{"self":[{"href":"https:\/\/informelitoral.com.ar\/%77%70%2d%6a%73%6f%6e\/wp\/v2\/posts\/64761","targetHints":{"allow":["GET"]}}],"collection":[{"href":"https:\/\/informelitoral.com.ar\/%77%70%2d%6a%73%6f%6e\/wp\/v2\/posts"}],"about":[{"href":"https:\/\/informelitoral.com.ar\/%77%70%2d%6a%73%6f%6e\/wp\/v2\/types\/post"}],"author":[{"embeddable":true,"href":"https:\/\/informelitoral.com.ar\/%77%70%2d%6a%73%6f%6e\/wp\/v2\/users\/2"}],"replies":[{"embeddable":true,"href":"https:\/\/informelitoral.com.ar\/%77%70%2d%6a%73%6f%6e\/wp\/v2\/comments?post=64761"}],"version-history":[{"count":0,"href":"https:\/\/informelitoral.com.ar\/%77%70%2d%6a%73%6f%6e\/wp\/v2\/posts\/64761\/revisions"}],"wp:featuredmedia":[{"embeddable":true,"href":"https:\/\/informelitoral.com.ar\/%77%70%2d%6a%73%6f%6e\/wp\/v2\/media\/27025"}],"wp:attachment":[{"href":"https:\/\/informelitoral.com.ar\/%77%70%2d%6a%73%6f%6e\/wp\/v2\/media?parent=64761"}],"wp:term":[{"taxonomy":"category","embeddable":true,"href":"https:\/\/informelitoral.com.ar\/%77%70%2d%6a%73%6f%6e\/wp\/v2\/categories?post=64761"},{"taxonomy":"post_tag","embeddable":true,"href":"https:\/\/informelitoral.com.ar\/%77%70%2d%6a%73%6f%6e\/wp\/v2\/tags?post=64761"}],"curies":[{"name":"wp","href":"https:\/\/api.w.org\/{rel}","templated":true}]}}