{"id":64756,"date":"2021-09-06T10:13:44","date_gmt":"2021-09-06T13:13:44","guid":{"rendered":"https:\/\/www.informelitoral.com.ar\/?p=64756"},"modified":"2021-09-06T10:14:59","modified_gmt":"2021-09-06T13:14:59","slug":"el-banco-nacion-lanza-creditos-para-reforma-y-ampliacion-de-viviendas","status":"publish","type":"post","link":"https:\/\/informelitoral.com.ar\/el-banco-nacion-lanza-creditos-para-reforma-y-ampliacion-de-viviendas\/","title":{"rendered":"El Banco Naci\u00f3n lanza cr\u00e9ditos para reforma y ampliaci\u00f3n de viviendas"},"content":{"rendered":"<p>El Banco de la Naci\u00f3n Argentina (BNA) pondr\u00e1 a disposici\u00f3n a partir de este lunes una nueva l\u00ednea de cr\u00e9dito de hasta $ 2 millones, destinada a la refacci\u00f3n, ampliaci\u00f3n y finalizaci\u00f3n de vivienda \u00fanica y de ocupaci\u00f3n permanente en todo el pa\u00eds, con una tasa fija del 19% durante el primer a\u00f1o, sin garant\u00eda hipotecaria, que se podr\u00e1 pagar en un m\u00e1ximo de 10 a\u00f1os.<\/p>\n<p>El cr\u00e9dito podr\u00e1 aplicarse a la edificaci\u00f3n de ambientes adicionales a los ya existentes en el hogar, realizar arreglos que permitan mejorar la vivienda o destinar los fondos para la interconexi\u00f3n de servicios b\u00e1sicos a la red cloacal o de gas, as\u00ed como para efectuar mejoras en instalaciones el\u00e9ctricas.<\/p>\n<p>La nueva l\u00ednea<strong>\u00a0\u201cen pesos, a tasas de inter\u00e9s accesibles y plazos muy beneficiosos, implica mejorar la calidad de vida de la poblaci\u00f3n de todo el pa\u00eds\u201d,<\/strong>\u00a0remarc\u00f3 el presidente del BNA, Eduardo Hecker, seg\u00fan consign\u00f3 un comunicado.<\/p>\n<p>Los cr\u00e9ditos se otorgar\u00e1n a sola firma (sin garant\u00eda hipotecaria) y la tasa de los cr\u00e9ditos se ajustar\u00e1 luego del primer a\u00f1o mediante el Coeficiente de Variaci\u00f3n Salarial (CVS), lo que \u201cpermitir\u00e1 garantizar una relaci\u00f3n razonable de valor de cuota respecto del ingreso\u201d.<\/p>\n<p>Podr\u00e1n acceder al financiamiento todas las personas que cobran haberes a trav\u00e9s del BNA; tambi\u00e9n jubilados y pensionados, y aut\u00f3nomos o monotributistas, y en todos los casos, deber\u00e1n contratar un paquete de servicios del banco.<\/p>\n<p>Se podr\u00e1n sumar, con id\u00e9nticas condiciones, otras personas que abran un paquete de servicios con la entidad financiera y comiencen a acreditar sus haberes en el banco.<\/p>\n<p><strong>El valor de la cuota ser\u00e1 de hasta 30% de los ingresos demostrables y se pueden sumar los ingresos de dos titulares y dos cotitulares.<\/strong><\/p>\n<p>Por cr\u00e9ditos de un mill\u00f3n de pesos a un plazo de 120 meses, la cuota inicial ser\u00e1 de $ 18.667 y los ingresos necesarios (titulares m\u00e1s codeudores) deben ser de $ 62.2224, mientras para un financiamiento de $ 2 millones al mismo plazo, la cuota ascender\u00e1 a $ 37.334 y los ingresos necesarios, $ 124.448.<\/p>\n<p>Otra ventaja de la propuesta, concluy\u00f3 el comunicado, es que\u00a0<strong>los solicitantes podr\u00e1n acceder a los beneficios establecidos en la Resoluci\u00f3n General 680\/1999 de la AFIP, que establece que los beneficiarios no abonar\u00e1n IVA sobre los intereses de cada cuota<\/strong>.<\/p>\n","protected":false},"excerpt":{"rendered":"<p>Tienen una tasa fija del 19% durante el primer a\u00f1o y sin garant\u00eda hipotecaria, que se podr\u00e1 pagar en un m\u00e1ximo de 10 a\u00f1os.<\/p>\n","protected":false},"author":2,"featured_media":54749,"comment_status":"open","ping_status":"open","sticky":false,"template":"","format":"standard","meta":{"fifu_image_url":"","fifu_image_alt":"","footnotes":""},"categories":[7],"tags":[1636,553],"class_list":{"0":"post-64756","1":"post","2":"type-post","3":"status-publish","4":"format-standard","5":"has-post-thumbnail","7":"category-nacionales","8":"tag-banco-nacion","9":"tag-creditos"},"yoast_head":"<title>El Banco Naci\u00f3n lanza cr\u00e9ditos para reforma y ampliaci\u00f3n de viviendas - Informe Litoral<\/title>\n<meta name=\"robots\" content=\"index, follow, max-snippet:-1, max-image-preview:large, max-video-preview:-1\" \/>\n<link rel=\"canonical\" href=\"https:\/\/informelitoral.com.ar\/el-banco-nacion-lanza-creditos-para-reforma-y-ampliacion-de-viviendas\/\" \/>\n<meta property=\"og:locale\" content=\"es_ES\" \/>\n<meta property=\"og:type\" content=\"article\" \/>\n<meta property=\"og:title\" content=\"El Banco Naci\u00f3n lanza cr\u00e9ditos para reforma y ampliaci\u00f3n de viviendas - Informe Litoral\" \/>\n<meta property=\"og:description\" content=\"Tienen una tasa fija del 19% durante el primer a\u00f1o y sin garant\u00eda hipotecaria, que se podr\u00e1 pagar en un m\u00e1ximo de 10 a\u00f1os.\" \/>\n<meta property=\"og:url\" content=\"https:\/\/informelitoral.com.ar\/el-banco-nacion-lanza-creditos-para-reforma-y-ampliacion-de-viviendas\/\" \/>\n<meta property=\"og:site_name\" content=\"Informe Litoral\" \/>\n<meta property=\"article:publisher\" content=\"https:\/\/www.facebook.com\/informelitoral\/\" \/>\n<meta property=\"article:published_time\" content=\"2021-09-06T13:13:44+00:00\" \/>\n<meta property=\"article:modified_time\" content=\"2021-09-06T13:14:59+00:00\" \/>\n<meta property=\"og:image\" content=\"https:\/\/informelitoral.com.ar\/%77%70%2d%63%6f%6e%74%65%6e%74\/uploads\/2020\/12\/banco-nacion-ramirez.jpg\" \/>\n\t<meta property=\"og:image:width\" content=\"2048\" \/>\n\t<meta property=\"og:image:height\" content=\"1391\" \/>\n\t<meta property=\"og:image:type\" content=\"image\/jpeg\" \/>\n<meta name=\"author\" content=\"Gonzalo Schmidt\" \/>\n<meta name=\"twitter:card\" content=\"summary_large_image\" \/>\n<meta name=\"twitter:creator\" content=\"@InformeLitoral\" \/>\n<meta name=\"twitter:site\" content=\"@InformeLitoral\" \/>\n<meta name=\"twitter:label1\" content=\"Escrito por\" \/>\n\t<meta name=\"twitter:data1\" content=\"Gonzalo Schmidt\" \/>\n\t<meta name=\"twitter:label2\" content=\"Tiempo de lectura\" \/>\n\t<meta name=\"twitter:data2\" content=\"2 minutos\" \/>\n<script type=\"application\/ld+json\" class=\"yoast-schema-graph\">{\"@context\":\"https:\\\/\\\/schema.org\",\"@graph\":[{\"@type\":\"Article\",\"@id\":\"https:\\\/\\\/informelitoral.com.ar\\\/el-banco-nacion-lanza-creditos-para-reforma-y-ampliacion-de-viviendas\\\/#article\",\"isPartOf\":{\"@id\":\"https:\\\/\\\/informelitoral.com.ar\\\/el-banco-nacion-lanza-creditos-para-reforma-y-ampliacion-de-viviendas\\\/\"},\"author\":{\"name\":\"Gonzalo Schmidt\",\"@id\":\"https:\\\/\\\/informelitoral.com.ar\\\/#\\\/schema\\\/person\\\/b9d00407c836482871ef1d57bf8e3180\"},\"headline\":\"El Banco Naci\u00f3n lanza cr\u00e9ditos para reforma y ampliaci\u00f3n de viviendas\",\"datePublished\":\"2021-09-06T13:13:44+00:00\",\"dateModified\":\"2021-09-06T13:14:59+00:00\",\"mainEntityOfPage\":{\"@id\":\"https:\\\/\\\/informelitoral.com.ar\\\/el-banco-nacion-lanza-creditos-para-reforma-y-ampliacion-de-viviendas\\\/\"},\"wordCount\":418,\"commentCount\":0,\"publisher\":{\"@id\":\"https:\\\/\\\/informelitoral.com.ar\\\/#organization\"},\"image\":{\"@id\":\"https:\\\/\\\/informelitoral.com.ar\\\/el-banco-nacion-lanza-creditos-para-reforma-y-ampliacion-de-viviendas\\\/#primaryimage\"},\"thumbnailUrl\":\"https:\\\/\\\/informelitoral.com.ar\\\/%77%70%2d%63%6f%6e%74%65%6e%74\\\/uploads\\\/2020\\\/12\\\/banco-nacion-ramirez.jpg\",\"keywords\":[\"Banco Naci\u00f3n\",\"Cr\u00e9ditos\"],\"articleSection\":[\"Nacionales\"],\"inLanguage\":\"es\",\"potentialAction\":[{\"@type\":\"CommentAction\",\"name\":\"Comment\",\"target\":[\"https:\\\/\\\/informelitoral.com.ar\\\/el-banco-nacion-lanza-creditos-para-reforma-y-ampliacion-de-viviendas\\\/#respond\"]}]},{\"@type\":\"WebPage\",\"@id\":\"https:\\\/\\\/informelitoral.com.ar\\\/el-banco-nacion-lanza-creditos-para-reforma-y-ampliacion-de-viviendas\\\/\",\"url\":\"https:\\\/\\\/informelitoral.com.ar\\\/el-banco-nacion-lanza-creditos-para-reforma-y-ampliacion-de-viviendas\\\/\",\"name\":\"El Banco Naci\u00f3n lanza cr\u00e9ditos para reforma y ampliaci\u00f3n de viviendas - Informe Litoral\",\"isPartOf\":{\"@id\":\"https:\\\/\\\/informelitoral.com.ar\\\/#website\"},\"primaryImageOfPage\":{\"@id\":\"https:\\\/\\\/informelitoral.com.ar\\\/el-banco-nacion-lanza-creditos-para-reforma-y-ampliacion-de-viviendas\\\/#primaryimage\"},\"image\":{\"@id\":\"https:\\\/\\\/informelitoral.com.ar\\\/el-banco-nacion-lanza-creditos-para-reforma-y-ampliacion-de-viviendas\\\/#primaryimage\"},\"thumbnailUrl\":\"https:\\\/\\\/informelitoral.com.ar\\\/%77%70%2d%63%6f%6e%74%65%6e%74\\\/uploads\\\/2020\\\/12\\\/banco-nacion-ramirez.jpg\",\"datePublished\":\"2021-09-06T13:13:44+00:00\",\"dateModified\":\"2021-09-06T13:14:59+00:00\",\"breadcrumb\":{\"@id\":\"https:\\\/\\\/informelitoral.com.ar\\\/el-banco-nacion-lanza-creditos-para-reforma-y-ampliacion-de-viviendas\\\/#breadcrumb\"},\"inLanguage\":\"es\",\"potentialAction\":[{\"@type\":\"ReadAction\",\"target\":[\"https:\\\/\\\/informelitoral.com.ar\\\/el-banco-nacion-lanza-creditos-para-reforma-y-ampliacion-de-viviendas\\\/\"]}]},{\"@type\":\"ImageObject\",\"inLanguage\":\"es\",\"@id\":\"https:\\\/\\\/informelitoral.com.ar\\\/el-banco-nacion-lanza-creditos-para-reforma-y-ampliacion-de-viviendas\\\/#primaryimage\",\"url\":\"https:\\\/\\\/informelitoral.com.ar\\\/%77%70%2d%63%6f%6e%74%65%6e%74\\\/uploads\\\/2020\\\/12\\\/banco-nacion-ramirez.jpg\",\"contentUrl\":\"https:\\\/\\\/informelitoral.com.ar\\\/%77%70%2d%63%6f%6e%74%65%6e%74\\\/uploads\\\/2020\\\/12\\\/banco-nacion-ramirez.jpg\",\"width\":2048,\"height\":1391},{\"@type\":\"BreadcrumbList\",\"@id\":\"https:\\\/\\\/informelitoral.com.ar\\\/el-banco-nacion-lanza-creditos-para-reforma-y-ampliacion-de-viviendas\\\/#breadcrumb\",\"itemListElement\":[{\"@type\":\"ListItem\",\"position\":1,\"name\":\"Portada\",\"item\":\"https:\\\/\\\/informelitoral.com.ar\\\/\"},{\"@type\":\"ListItem\",\"position\":2,\"name\":\"El Banco Naci\u00f3n lanza cr\u00e9ditos para reforma y ampliaci\u00f3n de viviendas\"}]},{\"@type\":\"WebSite\",\"@id\":\"https:\\\/\\\/informelitoral.com.ar\\\/#website\",\"url\":\"https:\\\/\\\/informelitoral.com.ar\\\/\",\"name\":\"Informe Litoral\",\"description\":\"&quot;Nos informamos&quot; \",\"publisher\":{\"@id\":\"https:\\\/\\\/informelitoral.com.ar\\\/#organization\"},\"potentialAction\":[{\"@type\":\"SearchAction\",\"target\":{\"@type\":\"EntryPoint\",\"urlTemplate\":\"https:\\\/\\\/informelitoral.com.ar\\\/?s={search_term_string}\"},\"query-input\":{\"@type\":\"PropertyValueSpecification\",\"valueRequired\":true,\"valueName\":\"search_term_string\"}}],\"inLanguage\":\"es\"},{\"@type\":\"Organization\",\"@id\":\"https:\\\/\\\/informelitoral.com.ar\\\/#organization\",\"name\":\"Informe Litoral\",\"url\":\"https:\\\/\\\/informelitoral.com.ar\\\/\",\"logo\":{\"@type\":\"ImageObject\",\"inLanguage\":\"es\",\"@id\":\"https:\\\/\\\/informelitoral.com.ar\\\/#\\\/schema\\\/logo\\\/image\\\/\",\"url\":\"https:\\\/\\\/informelitoral.com.ar\\\/%77%70%2d%63%6f%6e%74%65%6e%74\\\/uploads\\\/2021\\\/01\\\/circulo.png\",\"contentUrl\":\"https:\\\/\\\/informelitoral.com.ar\\\/%77%70%2d%63%6f%6e%74%65%6e%74\\\/uploads\\\/2021\\\/01\\\/circulo.png\",\"width\":723,\"height\":731,\"caption\":\"Informe Litoral\"},\"image\":{\"@id\":\"https:\\\/\\\/informelitoral.com.ar\\\/#\\\/schema\\\/logo\\\/image\\\/\"},\"sameAs\":[\"https:\\\/\\\/www.facebook.com\\\/informelitoral\\\/\",\"https:\\\/\\\/x.com\\\/InformeLitoral\",\"https:\\\/\\\/www.instagram.com\\\/informelitoral\\\/\",\"https:\\\/\\\/www.youtube.com\\\/channel\\\/UCua4Qvz8Icb6MYqhoq9xLXw\"]},{\"@type\":\"Person\",\"@id\":\"https:\\\/\\\/informelitoral.com.ar\\\/#\\\/schema\\\/person\\\/b9d00407c836482871ef1d57bf8e3180\",\"name\":\"Gonzalo Schmidt\",\"image\":{\"@type\":\"ImageObject\",\"inLanguage\":\"es\",\"@id\":\"https:\\\/\\\/secure.gravatar.com\\\/avatar\\\/31a1a7b66ff2de83bd0e9fd79d026630d2d99e55e8bfe501287647b4fd9743de?s=96&d=mm&r=g\",\"url\":\"https:\\\/\\\/secure.gravatar.com\\\/avatar\\\/31a1a7b66ff2de83bd0e9fd79d026630d2d99e55e8bfe501287647b4fd9743de?s=96&d=mm&r=g\",\"contentUrl\":\"https:\\\/\\\/secure.gravatar.com\\\/avatar\\\/31a1a7b66ff2de83bd0e9fd79d026630d2d99e55e8bfe501287647b4fd9743de?s=96&d=mm&r=g\",\"caption\":\"Gonzalo Schmidt\"},\"description\":\"Sitio web de noticias de la provincia de Entre R\u00edos, Argentina. Informaci\u00f3n y entretenimiento. Informe Litoral, nos informamos.\",\"sameAs\":[\"http:\\\/\\\/www.isletasnoticias.com.ar\"],\"url\":\"https:\\\/\\\/informelitoral.com.ar\\\/author\\\/gonzalo\\\/\"}]}<\/script>","yoast_head_json":{"title":"El Banco Naci\u00f3n lanza cr\u00e9ditos para reforma y ampliaci\u00f3n de viviendas - Informe Litoral","robots":{"index":"index","follow":"follow","max-snippet":"max-snippet:-1","max-image-preview":"max-image-preview:large","max-video-preview":"max-video-preview:-1"},"canonical":"https:\/\/informelitoral.com.ar\/el-banco-nacion-lanza-creditos-para-reforma-y-ampliacion-de-viviendas\/","og_locale":"es_ES","og_type":"article","og_title":"El Banco Naci\u00f3n lanza cr\u00e9ditos para reforma y ampliaci\u00f3n de viviendas - Informe Litoral","og_description":"Tienen una tasa fija del 19% durante el primer a\u00f1o y sin garant\u00eda hipotecaria, que se podr\u00e1 pagar en un m\u00e1ximo de 10 a\u00f1os.","og_url":"https:\/\/informelitoral.com.ar\/el-banco-nacion-lanza-creditos-para-reforma-y-ampliacion-de-viviendas\/","og_site_name":"Informe Litoral","article_publisher":"https:\/\/www.facebook.com\/informelitoral\/","article_published_time":"2021-09-06T13:13:44+00:00","article_modified_time":"2021-09-06T13:14:59+00:00","og_image":[{"width":2048,"height":1391,"url":"https:\/\/informelitoral.com.ar\/%77%70%2d%63%6f%6e%74%65%6e%74\/uploads\/2020\/12\/banco-nacion-ramirez.jpg","type":"image\/jpeg"}],"author":"Gonzalo Schmidt","twitter_card":"summary_large_image","twitter_creator":"@InformeLitoral","twitter_site":"@InformeLitoral","twitter_misc":{"Escrito por":"Gonzalo Schmidt","Tiempo de lectura":"2 minutos"},"schema":{"@context":"https:\/\/schema.org","@graph":[{"@type":"Article","@id":"https:\/\/informelitoral.com.ar\/el-banco-nacion-lanza-creditos-para-reforma-y-ampliacion-de-viviendas\/#article","isPartOf":{"@id":"https:\/\/informelitoral.com.ar\/el-banco-nacion-lanza-creditos-para-reforma-y-ampliacion-de-viviendas\/"},"author":{"name":"Gonzalo Schmidt","@id":"https:\/\/informelitoral.com.ar\/#\/schema\/person\/b9d00407c836482871ef1d57bf8e3180"},"headline":"El Banco Naci\u00f3n lanza cr\u00e9ditos para reforma y ampliaci\u00f3n de viviendas","datePublished":"2021-09-06T13:13:44+00:00","dateModified":"2021-09-06T13:14:59+00:00","mainEntityOfPage":{"@id":"https:\/\/informelitoral.com.ar\/el-banco-nacion-lanza-creditos-para-reforma-y-ampliacion-de-viviendas\/"},"wordCount":418,"commentCount":0,"publisher":{"@id":"https:\/\/informelitoral.com.ar\/#organization"},"image":{"@id":"https:\/\/informelitoral.com.ar\/el-banco-nacion-lanza-creditos-para-reforma-y-ampliacion-de-viviendas\/#primaryimage"},"thumbnailUrl":"https:\/\/informelitoral.com.ar\/%77%70%2d%63%6f%6e%74%65%6e%74\/uploads\/2020\/12\/banco-nacion-ramirez.jpg","keywords":["Banco Naci\u00f3n","Cr\u00e9ditos"],"articleSection":["Nacionales"],"inLanguage":"es","potentialAction":[{"@type":"CommentAction","name":"Comment","target":["https:\/\/informelitoral.com.ar\/el-banco-nacion-lanza-creditos-para-reforma-y-ampliacion-de-viviendas\/#respond"]}]},{"@type":"WebPage","@id":"https:\/\/informelitoral.com.ar\/el-banco-nacion-lanza-creditos-para-reforma-y-ampliacion-de-viviendas\/","url":"https:\/\/informelitoral.com.ar\/el-banco-nacion-lanza-creditos-para-reforma-y-ampliacion-de-viviendas\/","name":"El Banco Naci\u00f3n lanza cr\u00e9ditos para reforma y ampliaci\u00f3n de viviendas - Informe Litoral","isPartOf":{"@id":"https:\/\/informelitoral.com.ar\/#website"},"primaryImageOfPage":{"@id":"https:\/\/informelitoral.com.ar\/el-banco-nacion-lanza-creditos-para-reforma-y-ampliacion-de-viviendas\/#primaryimage"},"image":{"@id":"https:\/\/informelitoral.com.ar\/el-banco-nacion-lanza-creditos-para-reforma-y-ampliacion-de-viviendas\/#primaryimage"},"thumbnailUrl":"https:\/\/informelitoral.com.ar\/%77%70%2d%63%6f%6e%74%65%6e%74\/uploads\/2020\/12\/banco-nacion-ramirez.jpg","datePublished":"2021-09-06T13:13:44+00:00","dateModified":"2021-09-06T13:14:59+00:00","breadcrumb":{"@id":"https:\/\/informelitoral.com.ar\/el-banco-nacion-lanza-creditos-para-reforma-y-ampliacion-de-viviendas\/#breadcrumb"},"inLanguage":"es","potentialAction":[{"@type":"ReadAction","target":["https:\/\/informelitoral.com.ar\/el-banco-nacion-lanza-creditos-para-reforma-y-ampliacion-de-viviendas\/"]}]},{"@type":"ImageObject","inLanguage":"es","@id":"https:\/\/informelitoral.com.ar\/el-banco-nacion-lanza-creditos-para-reforma-y-ampliacion-de-viviendas\/#primaryimage","url":"https:\/\/informelitoral.com.ar\/%77%70%2d%63%6f%6e%74%65%6e%74\/uploads\/2020\/12\/banco-nacion-ramirez.jpg","contentUrl":"https:\/\/informelitoral.com.ar\/%77%70%2d%63%6f%6e%74%65%6e%74\/uploads\/2020\/12\/banco-nacion-ramirez.jpg","width":2048,"height":1391},{"@type":"BreadcrumbList","@id":"https:\/\/informelitoral.com.ar\/el-banco-nacion-lanza-creditos-para-reforma-y-ampliacion-de-viviendas\/#breadcrumb","itemListElement":[{"@type":"ListItem","position":1,"name":"Portada","item":"https:\/\/informelitoral.com.ar\/"},{"@type":"ListItem","position":2,"name":"El Banco Naci\u00f3n lanza cr\u00e9ditos para reforma y ampliaci\u00f3n de viviendas"}]},{"@type":"WebSite","@id":"https:\/\/informelitoral.com.ar\/#website","url":"https:\/\/informelitoral.com.ar\/","name":"Informe Litoral","description":"&quot;Nos informamos&quot; ","publisher":{"@id":"https:\/\/informelitoral.com.ar\/#organization"},"potentialAction":[{"@type":"SearchAction","target":{"@type":"EntryPoint","urlTemplate":"https:\/\/informelitoral.com.ar\/?s={search_term_string}"},"query-input":{"@type":"PropertyValueSpecification","valueRequired":true,"valueName":"search_term_string"}}],"inLanguage":"es"},{"@type":"Organization","@id":"https:\/\/informelitoral.com.ar\/#organization","name":"Informe Litoral","url":"https:\/\/informelitoral.com.ar\/","logo":{"@type":"ImageObject","inLanguage":"es","@id":"https:\/\/informelitoral.com.ar\/#\/schema\/logo\/image\/","url":"https:\/\/informelitoral.com.ar\/%77%70%2d%63%6f%6e%74%65%6e%74\/uploads\/2021\/01\/circulo.png","contentUrl":"https:\/\/informelitoral.com.ar\/%77%70%2d%63%6f%6e%74%65%6e%74\/uploads\/2021\/01\/circulo.png","width":723,"height":731,"caption":"Informe Litoral"},"image":{"@id":"https:\/\/informelitoral.com.ar\/#\/schema\/logo\/image\/"},"sameAs":["https:\/\/www.facebook.com\/informelitoral\/","https:\/\/x.com\/InformeLitoral","https:\/\/www.instagram.com\/informelitoral\/","https:\/\/www.youtube.com\/channel\/UCua4Qvz8Icb6MYqhoq9xLXw"]},{"@type":"Person","@id":"https:\/\/informelitoral.com.ar\/#\/schema\/person\/b9d00407c836482871ef1d57bf8e3180","name":"Gonzalo Schmidt","image":{"@type":"ImageObject","inLanguage":"es","@id":"https:\/\/secure.gravatar.com\/avatar\/31a1a7b66ff2de83bd0e9fd79d026630d2d99e55e8bfe501287647b4fd9743de?s=96&d=mm&r=g","url":"https:\/\/secure.gravatar.com\/avatar\/31a1a7b66ff2de83bd0e9fd79d026630d2d99e55e8bfe501287647b4fd9743de?s=96&d=mm&r=g","contentUrl":"https:\/\/secure.gravatar.com\/avatar\/31a1a7b66ff2de83bd0e9fd79d026630d2d99e55e8bfe501287647b4fd9743de?s=96&d=mm&r=g","caption":"Gonzalo Schmidt"},"description":"Sitio web de noticias de la provincia de Entre R\u00edos, Argentina. Informaci\u00f3n y entretenimiento. Informe Litoral, nos informamos.","sameAs":["http:\/\/www.isletasnoticias.com.ar"],"url":"https:\/\/informelitoral.com.ar\/author\/gonzalo\/"}]}},"_links":{"self":[{"href":"https:\/\/informelitoral.com.ar\/%77%70%2d%6a%73%6f%6e\/wp\/v2\/posts\/64756","targetHints":{"allow":["GET"]}}],"collection":[{"href":"https:\/\/informelitoral.com.ar\/%77%70%2d%6a%73%6f%6e\/wp\/v2\/posts"}],"about":[{"href":"https:\/\/informelitoral.com.ar\/%77%70%2d%6a%73%6f%6e\/wp\/v2\/types\/post"}],"author":[{"embeddable":true,"href":"https:\/\/informelitoral.com.ar\/%77%70%2d%6a%73%6f%6e\/wp\/v2\/users\/2"}],"replies":[{"embeddable":true,"href":"https:\/\/informelitoral.com.ar\/%77%70%2d%6a%73%6f%6e\/wp\/v2\/comments?post=64756"}],"version-history":[{"count":0,"href":"https:\/\/informelitoral.com.ar\/%77%70%2d%6a%73%6f%6e\/wp\/v2\/posts\/64756\/revisions"}],"wp:featuredmedia":[{"embeddable":true,"href":"https:\/\/informelitoral.com.ar\/%77%70%2d%6a%73%6f%6e\/wp\/v2\/media\/54749"}],"wp:attachment":[{"href":"https:\/\/informelitoral.com.ar\/%77%70%2d%6a%73%6f%6e\/wp\/v2\/media?parent=64756"}],"wp:term":[{"taxonomy":"category","embeddable":true,"href":"https:\/\/informelitoral.com.ar\/%77%70%2d%6a%73%6f%6e\/wp\/v2\/categories?post=64756"},{"taxonomy":"post_tag","embeddable":true,"href":"https:\/\/informelitoral.com.ar\/%77%70%2d%6a%73%6f%6e\/wp\/v2\/tags?post=64756"}],"curies":[{"name":"wp","href":"https:\/\/api.w.org\/{rel}","templated":true}]}}