{"id":6473,"date":"2014-04-08T08:19:32","date_gmt":"2014-04-08T11:19:32","guid":{"rendered":"http:\/\/www.isletasnoticias.com.ar\/?p=6473"},"modified":"2014-04-08T08:22:01","modified_gmt":"2014-04-08T11:22:01","slug":"ya-se-vacuno-al-60-del-ganado-contra-la-aftosa","status":"publish","type":"post","link":"https:\/\/informelitoral.com.ar\/ya-se-vacuno-al-60-del-ganado-contra-la-aftosa\/","title":{"rendered":"Ya se vacun\u00f3 al 60% del ganado contra la aftosa"},"content":{"rendered":"<p><b>A poco m\u00e1s de un mes del inicio de la campa\u00f1a de vacunaci\u00f3n contra la fiebre aftosa, ya se vacun\u00f3 \u201calrededor del 60 por ciento\u201d del rodeo correspondiente. Lo inform\u00f3 el presidente del Comit\u00e9 Ejecutivo de la Fundaci\u00f3n Contra la Fiebre Aftosa (Fucofa), <em>Alfredo Bel<\/em>, quien record\u00f3 que la meta es \u201cinmunizar\u201d 2,6 millones de cabezas de ganado bovino. Adem\u00e1s se est\u00e1 aplicando vacunas contra la brucelosis.<\/b><\/p>\n<p style=\"text-align: center;\"><a href=\"http:\/\/www.isletasnoticias.com.ar\/%77%70%2d%63%6f%6e%74%65%6e%74\/uploads\/2013\/10\/vacunacion-66-624x363.jpg\"><img loading=\"lazy\" decoding=\"async\" class=\"aligncenter  wp-image-3700\" alt=\"vacunacion-66-624x363\" src=\"http:\/\/www.isletasnoticias.com.ar\/%77%70%2d%63%6f%6e%74%65%6e%74\/uploads\/2013\/10\/vacunacion-66-624x363-300x174.jpg\" width=\"500\" height=\"300\" \/><\/a><\/p>\n<p>\u201cLa vacunaci\u00f3n comenz\u00f3 el 5 de marzo y, a pesar de las malas condiciones clim\u00e1ticas, es bueno el nivel de vacunaci\u00f3n\u00b4\u201d, destac\u00f3 <strong>Alfredo Bel<\/strong>, quien indic\u00f3 que \u201chasta el viernes pasado ya se hab\u00eda vacunado al 60 por ciento del ganado correspondiente\u201d.<\/p>\n<p>Enseguida record\u00f3 que en esta oportunidad quedan fuera de la vacunaci\u00f3n las vacas y los toros y que la meta es vacunar 2,6 millones de cabezas, consign\u00f3 <em>Apf.<\/em><\/p>\n<p>\u201cEl nivel de vacunaci\u00f3n es aceptable por el momento\u201d, sostuvo, y dio cuenta de los distritos en los que hay \u201calgunas dificultades\u201d con las vacunaciones: \u201cEn las islas de Victoria, en Feliciano y en Islas del Ibicuy el nivel de vacunaci\u00f3n es un poco inferior, pero de todos modos est\u00e1 dentro de lo estipulado\u201d.<\/p>\n<p>Luego hizo referencia al costo de la dosis por cabeza y record\u00f3 que qued\u00f3 fijado para este per\u00edodo en 12 pesos por cabeza, y en seis pesos contra la brucelosis. \u201cContra la brucelosis se estar\u00e1 vacunando a 450 mil terneras\u201d, dijo, e inform\u00f3 que se aplica una vez en la vida.<\/p>\n<p>Alfredo Bel estim\u00f3 que \u201cse va a terminar de vacunar en tiempo y forma\u201d y precis\u00f3 que la campa\u00f1a finaliza a fines de abril.<\/p>\n","protected":false},"excerpt":{"rendered":"<p>A poco m&aacute;s de un mes del inicio de la campa&ntilde;a de vacunaci&oacute;n contra la fiebre aftosa, ya se vacun&oacute; &ldquo;alrededor del 60 por ciento&rdquo; del rodeo correspondiente. Lo inform&oacute; el presidente del Comit&eacute; Ejecutivo de la Fundaci&oacute;n Contra la Fiebre Aftosa (Fucofa), Alfredo Bel, quien record&oacute; que la meta es &ldquo;inmunizar&rdquo; 2,6 millones de [&hellip;]<\/p>\n","protected":false},"author":2,"featured_media":0,"comment_status":"open","ping_status":"open","sticky":false,"template":"","format":"standard","meta":{"fifu_image_url":"","fifu_image_alt":"","footnotes":""},"categories":[10],"tags":[],"class_list":{"0":"post-6473","1":"post","2":"type-post","3":"status-publish","4":"format-standard","6":"category-campo"},"yoast_head":"<title>Ya se vacun\u00f3 al 60% del ganado contra la aftosa - Informe Litoral<\/title>\n<meta name=\"robots\" content=\"index, follow, max-snippet:-1, max-image-preview:large, max-video-preview:-1\" \/>\n<link rel=\"canonical\" href=\"https:\/\/informelitoral.com.ar\/ya-se-vacuno-al-60-del-ganado-contra-la-aftosa\/\" \/>\n<meta property=\"og:locale\" content=\"es_ES\" \/>\n<meta property=\"og:type\" content=\"article\" \/>\n<meta property=\"og:title\" content=\"Ya se vacun\u00f3 al 60% del ganado contra la aftosa - Informe Litoral\" \/>\n<meta property=\"og:description\" content=\"A poco m&aacute;s de un mes del inicio de la campa&ntilde;a de vacunaci&oacute;n contra la fiebre aftosa, ya se vacun&oacute; &ldquo;alrededor del 60 por ciento&rdquo; del rodeo correspondiente. Lo inform&oacute; el presidente del Comit&eacute; Ejecutivo de la Fundaci&oacute;n Contra la Fiebre Aftosa (Fucofa), Alfredo Bel, quien record&oacute; que la meta es &ldquo;inmunizar&rdquo; 2,6 millones de [&hellip;]\" \/>\n<meta property=\"og:url\" content=\"https:\/\/informelitoral.com.ar\/ya-se-vacuno-al-60-del-ganado-contra-la-aftosa\/\" \/>\n<meta property=\"og:site_name\" content=\"Informe Litoral\" \/>\n<meta property=\"article:publisher\" content=\"https:\/\/www.facebook.com\/informelitoral\/\" \/>\n<meta property=\"article:published_time\" content=\"2014-04-08T11:19:32+00:00\" \/>\n<meta property=\"article:modified_time\" content=\"2014-04-08T11:22:01+00:00\" \/>\n<meta property=\"og:image\" content=\"https:\/\/informelitoral.com.ar\/%77%70%2d%63%6f%6e%74%65%6e%74\/uploads\/2013\/10\/vacunacion-66-624x363.jpg\" \/>\n\t<meta property=\"og:image:width\" content=\"624\" \/>\n\t<meta property=\"og:image:height\" content=\"363\" \/>\n\t<meta property=\"og:image:type\" content=\"image\/jpeg\" \/>\n<meta name=\"author\" content=\"Gonzalo Schmidt\" \/>\n<meta name=\"twitter:card\" content=\"summary_large_image\" \/>\n<meta name=\"twitter:creator\" content=\"@InformeLitoral\" \/>\n<meta name=\"twitter:site\" content=\"@InformeLitoral\" \/>\n<meta name=\"twitter:label1\" content=\"Escrito por\" \/>\n\t<meta name=\"twitter:data1\" content=\"Gonzalo Schmidt\" \/>\n\t<meta name=\"twitter:label2\" content=\"Tiempo de lectura\" \/>\n\t<meta name=\"twitter:data2\" content=\"1 minuto\" \/>\n<script type=\"application\/ld+json\" class=\"yoast-schema-graph\">{\"@context\":\"https:\\\/\\\/schema.org\",\"@graph\":[{\"@type\":\"Article\",\"@id\":\"https:\\\/\\\/informelitoral.com.ar\\\/ya-se-vacuno-al-60-del-ganado-contra-la-aftosa\\\/#article\",\"isPartOf\":{\"@id\":\"https:\\\/\\\/informelitoral.com.ar\\\/ya-se-vacuno-al-60-del-ganado-contra-la-aftosa\\\/\"},\"author\":{\"name\":\"Gonzalo Schmidt\",\"@id\":\"https:\\\/\\\/informelitoral.com.ar\\\/#\\\/schema\\\/person\\\/b9d00407c836482871ef1d57bf8e3180\"},\"headline\":\"Ya se vacun\u00f3 al 60% del ganado contra la aftosa\",\"datePublished\":\"2014-04-08T11:19:32+00:00\",\"dateModified\":\"2014-04-08T11:22:01+00:00\",\"mainEntityOfPage\":{\"@id\":\"https:\\\/\\\/informelitoral.com.ar\\\/ya-se-vacuno-al-60-del-ganado-contra-la-aftosa\\\/\"},\"wordCount\":282,\"commentCount\":0,\"publisher\":{\"@id\":\"https:\\\/\\\/informelitoral.com.ar\\\/#organization\"},\"image\":{\"@id\":\"https:\\\/\\\/informelitoral.com.ar\\\/ya-se-vacuno-al-60-del-ganado-contra-la-aftosa\\\/#primaryimage\"},\"thumbnailUrl\":\"http:\\\/\\\/www.isletasnoticias.com.ar\\\/%77%70%2d%63%6f%6e%74%65%6e%74\\\/uploads\\\/2013\\\/10\\\/vacunacion-66-624x363-300x174.jpg\",\"articleSection\":[\"Campo\"],\"inLanguage\":\"es\",\"potentialAction\":[{\"@type\":\"CommentAction\",\"name\":\"Comment\",\"target\":[\"https:\\\/\\\/informelitoral.com.ar\\\/ya-se-vacuno-al-60-del-ganado-contra-la-aftosa\\\/#respond\"]}]},{\"@type\":\"WebPage\",\"@id\":\"https:\\\/\\\/informelitoral.com.ar\\\/ya-se-vacuno-al-60-del-ganado-contra-la-aftosa\\\/\",\"url\":\"https:\\\/\\\/informelitoral.com.ar\\\/ya-se-vacuno-al-60-del-ganado-contra-la-aftosa\\\/\",\"name\":\"Ya se vacun\u00f3 al 60% del ganado contra la aftosa - Informe Litoral\",\"isPartOf\":{\"@id\":\"https:\\\/\\\/informelitoral.com.ar\\\/#website\"},\"primaryImageOfPage\":{\"@id\":\"https:\\\/\\\/informelitoral.com.ar\\\/ya-se-vacuno-al-60-del-ganado-contra-la-aftosa\\\/#primaryimage\"},\"image\":{\"@id\":\"https:\\\/\\\/informelitoral.com.ar\\\/ya-se-vacuno-al-60-del-ganado-contra-la-aftosa\\\/#primaryimage\"},\"thumbnailUrl\":\"http:\\\/\\\/www.isletasnoticias.com.ar\\\/%77%70%2d%63%6f%6e%74%65%6e%74\\\/uploads\\\/2013\\\/10\\\/vacunacion-66-624x363-300x174.jpg\",\"datePublished\":\"2014-04-08T11:19:32+00:00\",\"dateModified\":\"2014-04-08T11:22:01+00:00\",\"breadcrumb\":{\"@id\":\"https:\\\/\\\/informelitoral.com.ar\\\/ya-se-vacuno-al-60-del-ganado-contra-la-aftosa\\\/#breadcrumb\"},\"inLanguage\":\"es\",\"potentialAction\":[{\"@type\":\"ReadAction\",\"target\":[\"https:\\\/\\\/informelitoral.com.ar\\\/ya-se-vacuno-al-60-del-ganado-contra-la-aftosa\\\/\"]}]},{\"@type\":\"ImageObject\",\"inLanguage\":\"es\",\"@id\":\"https:\\\/\\\/informelitoral.com.ar\\\/ya-se-vacuno-al-60-del-ganado-contra-la-aftosa\\\/#primaryimage\",\"url\":\"http:\\\/\\\/www.isletasnoticias.com.ar\\\/%77%70%2d%63%6f%6e%74%65%6e%74\\\/uploads\\\/2013\\\/10\\\/vacunacion-66-624x363-300x174.jpg\",\"contentUrl\":\"http:\\\/\\\/www.isletasnoticias.com.ar\\\/%77%70%2d%63%6f%6e%74%65%6e%74\\\/uploads\\\/2013\\\/10\\\/vacunacion-66-624x363-300x174.jpg\"},{\"@type\":\"BreadcrumbList\",\"@id\":\"https:\\\/\\\/informelitoral.com.ar\\\/ya-se-vacuno-al-60-del-ganado-contra-la-aftosa\\\/#breadcrumb\",\"itemListElement\":[{\"@type\":\"ListItem\",\"position\":1,\"name\":\"Portada\",\"item\":\"https:\\\/\\\/informelitoral.com.ar\\\/\"},{\"@type\":\"ListItem\",\"position\":2,\"name\":\"Ya se vacun\u00f3 al 60% del ganado contra la aftosa\"}]},{\"@type\":\"WebSite\",\"@id\":\"https:\\\/\\\/informelitoral.com.ar\\\/#website\",\"url\":\"https:\\\/\\\/informelitoral.com.ar\\\/\",\"name\":\"Informe Litoral\",\"description\":\"&quot;Nos informamos&quot; \",\"publisher\":{\"@id\":\"https:\\\/\\\/informelitoral.com.ar\\\/#organization\"},\"potentialAction\":[{\"@type\":\"SearchAction\",\"target\":{\"@type\":\"EntryPoint\",\"urlTemplate\":\"https:\\\/\\\/informelitoral.com.ar\\\/?s={search_term_string}\"},\"query-input\":{\"@type\":\"PropertyValueSpecification\",\"valueRequired\":true,\"valueName\":\"search_term_string\"}}],\"inLanguage\":\"es\"},{\"@type\":\"Organization\",\"@id\":\"https:\\\/\\\/informelitoral.com.ar\\\/#organization\",\"name\":\"Informe Litoral\",\"url\":\"https:\\\/\\\/informelitoral.com.ar\\\/\",\"logo\":{\"@type\":\"ImageObject\",\"inLanguage\":\"es\",\"@id\":\"https:\\\/\\\/informelitoral.com.ar\\\/#\\\/schema\\\/logo\\\/image\\\/\",\"url\":\"https:\\\/\\\/informelitoral.com.ar\\\/%77%70%2d%63%6f%6e%74%65%6e%74\\\/uploads\\\/2021\\\/01\\\/circulo.png\",\"contentUrl\":\"https:\\\/\\\/informelitoral.com.ar\\\/%77%70%2d%63%6f%6e%74%65%6e%74\\\/uploads\\\/2021\\\/01\\\/circulo.png\",\"width\":723,\"height\":731,\"caption\":\"Informe Litoral\"},\"image\":{\"@id\":\"https:\\\/\\\/informelitoral.com.ar\\\/#\\\/schema\\\/logo\\\/image\\\/\"},\"sameAs\":[\"https:\\\/\\\/www.facebook.com\\\/informelitoral\\\/\",\"https:\\\/\\\/x.com\\\/InformeLitoral\",\"https:\\\/\\\/www.instagram.com\\\/informelitoral\\\/\",\"https:\\\/\\\/www.youtube.com\\\/channel\\\/UCua4Qvz8Icb6MYqhoq9xLXw\"]},{\"@type\":\"Person\",\"@id\":\"https:\\\/\\\/informelitoral.com.ar\\\/#\\\/schema\\\/person\\\/b9d00407c836482871ef1d57bf8e3180\",\"name\":\"Gonzalo Schmidt\",\"image\":{\"@type\":\"ImageObject\",\"inLanguage\":\"es\",\"@id\":\"https:\\\/\\\/secure.gravatar.com\\\/avatar\\\/31a1a7b66ff2de83bd0e9fd79d026630d2d99e55e8bfe501287647b4fd9743de?s=96&d=mm&r=g\",\"url\":\"https:\\\/\\\/secure.gravatar.com\\\/avatar\\\/31a1a7b66ff2de83bd0e9fd79d026630d2d99e55e8bfe501287647b4fd9743de?s=96&d=mm&r=g\",\"contentUrl\":\"https:\\\/\\\/secure.gravatar.com\\\/avatar\\\/31a1a7b66ff2de83bd0e9fd79d026630d2d99e55e8bfe501287647b4fd9743de?s=96&d=mm&r=g\",\"caption\":\"Gonzalo Schmidt\"},\"description\":\"Sitio web de noticias de la provincia de Entre R\u00edos, Argentina. Informaci\u00f3n y entretenimiento. Informe Litoral, nos informamos.\",\"sameAs\":[\"http:\\\/\\\/www.isletasnoticias.com.ar\"],\"url\":\"https:\\\/\\\/informelitoral.com.ar\\\/author\\\/gonzalo\\\/\"}]}<\/script>","yoast_head_json":{"title":"Ya se vacun\u00f3 al 60% del ganado contra la aftosa - Informe Litoral","robots":{"index":"index","follow":"follow","max-snippet":"max-snippet:-1","max-image-preview":"max-image-preview:large","max-video-preview":"max-video-preview:-1"},"canonical":"https:\/\/informelitoral.com.ar\/ya-se-vacuno-al-60-del-ganado-contra-la-aftosa\/","og_locale":"es_ES","og_type":"article","og_title":"Ya se vacun\u00f3 al 60% del ganado contra la aftosa - Informe Litoral","og_description":"A poco m&aacute;s de un mes del inicio de la campa&ntilde;a de vacunaci&oacute;n contra la fiebre aftosa, ya se vacun&oacute; &ldquo;alrededor del 60 por ciento&rdquo; del rodeo correspondiente. Lo inform&oacute; el presidente del Comit&eacute; Ejecutivo de la Fundaci&oacute;n Contra la Fiebre Aftosa (Fucofa), Alfredo Bel, quien record&oacute; que la meta es &ldquo;inmunizar&rdquo; 2,6 millones de [&hellip;]","og_url":"https:\/\/informelitoral.com.ar\/ya-se-vacuno-al-60-del-ganado-contra-la-aftosa\/","og_site_name":"Informe Litoral","article_publisher":"https:\/\/www.facebook.com\/informelitoral\/","article_published_time":"2014-04-08T11:19:32+00:00","article_modified_time":"2014-04-08T11:22:01+00:00","og_image":[{"width":624,"height":363,"url":"https:\/\/informelitoral.com.ar\/%77%70%2d%63%6f%6e%74%65%6e%74\/uploads\/2013\/10\/vacunacion-66-624x363.jpg","type":"image\/jpeg"}],"author":"Gonzalo Schmidt","twitter_card":"summary_large_image","twitter_creator":"@InformeLitoral","twitter_site":"@InformeLitoral","twitter_misc":{"Escrito por":"Gonzalo Schmidt","Tiempo de lectura":"1 minuto"},"schema":{"@context":"https:\/\/schema.org","@graph":[{"@type":"Article","@id":"https:\/\/informelitoral.com.ar\/ya-se-vacuno-al-60-del-ganado-contra-la-aftosa\/#article","isPartOf":{"@id":"https:\/\/informelitoral.com.ar\/ya-se-vacuno-al-60-del-ganado-contra-la-aftosa\/"},"author":{"name":"Gonzalo Schmidt","@id":"https:\/\/informelitoral.com.ar\/#\/schema\/person\/b9d00407c836482871ef1d57bf8e3180"},"headline":"Ya se vacun\u00f3 al 60% del ganado contra la aftosa","datePublished":"2014-04-08T11:19:32+00:00","dateModified":"2014-04-08T11:22:01+00:00","mainEntityOfPage":{"@id":"https:\/\/informelitoral.com.ar\/ya-se-vacuno-al-60-del-ganado-contra-la-aftosa\/"},"wordCount":282,"commentCount":0,"publisher":{"@id":"https:\/\/informelitoral.com.ar\/#organization"},"image":{"@id":"https:\/\/informelitoral.com.ar\/ya-se-vacuno-al-60-del-ganado-contra-la-aftosa\/#primaryimage"},"thumbnailUrl":"http:\/\/www.isletasnoticias.com.ar\/%77%70%2d%63%6f%6e%74%65%6e%74\/uploads\/2013\/10\/vacunacion-66-624x363-300x174.jpg","articleSection":["Campo"],"inLanguage":"es","potentialAction":[{"@type":"CommentAction","name":"Comment","target":["https:\/\/informelitoral.com.ar\/ya-se-vacuno-al-60-del-ganado-contra-la-aftosa\/#respond"]}]},{"@type":"WebPage","@id":"https:\/\/informelitoral.com.ar\/ya-se-vacuno-al-60-del-ganado-contra-la-aftosa\/","url":"https:\/\/informelitoral.com.ar\/ya-se-vacuno-al-60-del-ganado-contra-la-aftosa\/","name":"Ya se vacun\u00f3 al 60% del ganado contra la aftosa - Informe Litoral","isPartOf":{"@id":"https:\/\/informelitoral.com.ar\/#website"},"primaryImageOfPage":{"@id":"https:\/\/informelitoral.com.ar\/ya-se-vacuno-al-60-del-ganado-contra-la-aftosa\/#primaryimage"},"image":{"@id":"https:\/\/informelitoral.com.ar\/ya-se-vacuno-al-60-del-ganado-contra-la-aftosa\/#primaryimage"},"thumbnailUrl":"http:\/\/www.isletasnoticias.com.ar\/%77%70%2d%63%6f%6e%74%65%6e%74\/uploads\/2013\/10\/vacunacion-66-624x363-300x174.jpg","datePublished":"2014-04-08T11:19:32+00:00","dateModified":"2014-04-08T11:22:01+00:00","breadcrumb":{"@id":"https:\/\/informelitoral.com.ar\/ya-se-vacuno-al-60-del-ganado-contra-la-aftosa\/#breadcrumb"},"inLanguage":"es","potentialAction":[{"@type":"ReadAction","target":["https:\/\/informelitoral.com.ar\/ya-se-vacuno-al-60-del-ganado-contra-la-aftosa\/"]}]},{"@type":"ImageObject","inLanguage":"es","@id":"https:\/\/informelitoral.com.ar\/ya-se-vacuno-al-60-del-ganado-contra-la-aftosa\/#primaryimage","url":"http:\/\/www.isletasnoticias.com.ar\/%77%70%2d%63%6f%6e%74%65%6e%74\/uploads\/2013\/10\/vacunacion-66-624x363-300x174.jpg","contentUrl":"http:\/\/www.isletasnoticias.com.ar\/%77%70%2d%63%6f%6e%74%65%6e%74\/uploads\/2013\/10\/vacunacion-66-624x363-300x174.jpg"},{"@type":"BreadcrumbList","@id":"https:\/\/informelitoral.com.ar\/ya-se-vacuno-al-60-del-ganado-contra-la-aftosa\/#breadcrumb","itemListElement":[{"@type":"ListItem","position":1,"name":"Portada","item":"https:\/\/informelitoral.com.ar\/"},{"@type":"ListItem","position":2,"name":"Ya se vacun\u00f3 al 60% del ganado contra la aftosa"}]},{"@type":"WebSite","@id":"https:\/\/informelitoral.com.ar\/#website","url":"https:\/\/informelitoral.com.ar\/","name":"Informe Litoral","description":"&quot;Nos informamos&quot; ","publisher":{"@id":"https:\/\/informelitoral.com.ar\/#organization"},"potentialAction":[{"@type":"SearchAction","target":{"@type":"EntryPoint","urlTemplate":"https:\/\/informelitoral.com.ar\/?s={search_term_string}"},"query-input":{"@type":"PropertyValueSpecification","valueRequired":true,"valueName":"search_term_string"}}],"inLanguage":"es"},{"@type":"Organization","@id":"https:\/\/informelitoral.com.ar\/#organization","name":"Informe Litoral","url":"https:\/\/informelitoral.com.ar\/","logo":{"@type":"ImageObject","inLanguage":"es","@id":"https:\/\/informelitoral.com.ar\/#\/schema\/logo\/image\/","url":"https:\/\/informelitoral.com.ar\/%77%70%2d%63%6f%6e%74%65%6e%74\/uploads\/2021\/01\/circulo.png","contentUrl":"https:\/\/informelitoral.com.ar\/%77%70%2d%63%6f%6e%74%65%6e%74\/uploads\/2021\/01\/circulo.png","width":723,"height":731,"caption":"Informe Litoral"},"image":{"@id":"https:\/\/informelitoral.com.ar\/#\/schema\/logo\/image\/"},"sameAs":["https:\/\/www.facebook.com\/informelitoral\/","https:\/\/x.com\/InformeLitoral","https:\/\/www.instagram.com\/informelitoral\/","https:\/\/www.youtube.com\/channel\/UCua4Qvz8Icb6MYqhoq9xLXw"]},{"@type":"Person","@id":"https:\/\/informelitoral.com.ar\/#\/schema\/person\/b9d00407c836482871ef1d57bf8e3180","name":"Gonzalo Schmidt","image":{"@type":"ImageObject","inLanguage":"es","@id":"https:\/\/secure.gravatar.com\/avatar\/31a1a7b66ff2de83bd0e9fd79d026630d2d99e55e8bfe501287647b4fd9743de?s=96&d=mm&r=g","url":"https:\/\/secure.gravatar.com\/avatar\/31a1a7b66ff2de83bd0e9fd79d026630d2d99e55e8bfe501287647b4fd9743de?s=96&d=mm&r=g","contentUrl":"https:\/\/secure.gravatar.com\/avatar\/31a1a7b66ff2de83bd0e9fd79d026630d2d99e55e8bfe501287647b4fd9743de?s=96&d=mm&r=g","caption":"Gonzalo Schmidt"},"description":"Sitio web de noticias de la provincia de Entre R\u00edos, Argentina. Informaci\u00f3n y entretenimiento. Informe Litoral, nos informamos.","sameAs":["http:\/\/www.isletasnoticias.com.ar"],"url":"https:\/\/informelitoral.com.ar\/author\/gonzalo\/"}]}},"_links":{"self":[{"href":"https:\/\/informelitoral.com.ar\/%77%70%2d%6a%73%6f%6e\/wp\/v2\/posts\/6473","targetHints":{"allow":["GET"]}}],"collection":[{"href":"https:\/\/informelitoral.com.ar\/%77%70%2d%6a%73%6f%6e\/wp\/v2\/posts"}],"about":[{"href":"https:\/\/informelitoral.com.ar\/%77%70%2d%6a%73%6f%6e\/wp\/v2\/types\/post"}],"author":[{"embeddable":true,"href":"https:\/\/informelitoral.com.ar\/%77%70%2d%6a%73%6f%6e\/wp\/v2\/users\/2"}],"replies":[{"embeddable":true,"href":"https:\/\/informelitoral.com.ar\/%77%70%2d%6a%73%6f%6e\/wp\/v2\/comments?post=6473"}],"version-history":[{"count":0,"href":"https:\/\/informelitoral.com.ar\/%77%70%2d%6a%73%6f%6e\/wp\/v2\/posts\/6473\/revisions"}],"wp:attachment":[{"href":"https:\/\/informelitoral.com.ar\/%77%70%2d%6a%73%6f%6e\/wp\/v2\/media?parent=6473"}],"wp:term":[{"taxonomy":"category","embeddable":true,"href":"https:\/\/informelitoral.com.ar\/%77%70%2d%6a%73%6f%6e\/wp\/v2\/categories?post=6473"},{"taxonomy":"post_tag","embeddable":true,"href":"https:\/\/informelitoral.com.ar\/%77%70%2d%6a%73%6f%6e\/wp\/v2\/tags?post=6473"}],"curies":[{"name":"wp","href":"https:\/\/api.w.org\/{rel}","templated":true}]}}