{"id":64709,"date":"2021-09-05T14:19:07","date_gmt":"2021-09-05T17:19:07","guid":{"rendered":"https:\/\/www.informelitoral.com.ar\/?p=64709"},"modified":"2021-09-05T19:19:26","modified_gmt":"2021-09-05T22:19:26","slug":"trabajador-rural-entrerriano-fallecio-tragicamente-cuando-conducia-un-tractor","status":"publish","type":"post","link":"https:\/\/informelitoral.com.ar\/trabajador-rural-entrerriano-fallecio-tragicamente-cuando-conducia-un-tractor\/","title":{"rendered":"Trabajador rural entrerriano falleci\u00f3 tr\u00e1gicamente cuando conduc\u00eda un tractor"},"content":{"rendered":"<p>Un tr\u00e1gico suceso conmociona a la localidad San Marcial, en el departamento Uruguay. Un trabajador rural, Ariel Leiva, de 35 a\u00f1os, falleci\u00f3 este s\u00e1bado en los primeros minutos de la noche; el hombre sufri\u00f3 un problema de salud (paro cardiorrespiratorio) cuando conduc\u00eda su tractor.<\/p>\n<p>Seg\u00fan indicaron fuentes policiales, al descompensarse, el trabajador perdi\u00f3 el control del tractor que conduc\u00eda, cayendo para atr\u00e1s del asiento. El pesado veh\u00edculo sigui\u00f3 su marcha, por unos 40 metros.<\/p>\n<p>Seg\u00fan pudo saber\u00a0<i>Fm Riel<\/i>\u00a0el penoso suceso ocurri\u00f3 en un camino de tierra, de la Colonia La Mimosa, que est\u00e1 a unos 7 kil\u00f3metros al Oeste de San Marcial. Al parecer a Leiva se dirig\u00eda a asistir a un compa\u00f1ero de trabajo que se hab\u00eda quedado con su camioneta Ford F100, a unos tres mil metros del puesto del trabajo.<\/p>\n<figure class=\"embed\"><img decoding=\"async\" title=\"\" src=\"https:\/\/elonce-media2.elonce.com.ar\/fotos-nuevo\/2021\/09\/05\/o_1630851813.jpg\" alt=\"\" width=\"640\" \/><\/figure>\n<p>Tras el llamado, aproximadamente a las 17:45, Leiva sali\u00f3 del puesto en un Massey Ferguson y poco despu\u00e9s de transitar unos 500 metros sufre el problema cardiovascular que termina con su vida.<\/p>\n<p>La situaci\u00f3n reci\u00e9n es advertida un par de horas despu\u00e9s, cuando el compa\u00f1ero que no ve\u00eda que llegara su auxilio y que lograba contactarse por tel\u00e9fono, se dirigi\u00f3 caminando en sentido al puesto y tras m\u00e1s de 2 kil\u00f3metros entre el barro se encuentra con el terrible cuadro.<\/p>\n<p>Motivo por el cual se informa v\u00eda telef\u00f3nica a familiares del joven, quienes al llegar al lugar constatan que el ciudadano Leiva, presentaba signos vitales, siendo traslado de inmediato al centro de salud m\u00e1s cercano, donde se constata que el ciudadano habr\u00eda fallecido.<br \/>\nPersonal m\u00e9dico en turno examina el fallecido, estableciendo que el deceso se produjo por un paro cardiorrespiratorio.<\/p>\n<p>Luego de tomar varias medidas, que les permitieron determinar que un infarto hab\u00eda sido la causal de la muerte, y con el conocimiento de la Fiscal\u00eda en turno, dispusieron entregar los restos a la familia para que pudiese realizar su velatorio y posteriormente, en la ma\u00f1ana de este domingo, el sepelio.<\/p>\n","protected":false},"excerpt":{"rendered":"<p>El tr\u00e1gico hecho ocurri\u00f3 en un camino de tierra en cercan\u00edas de Villa San Marcial. El trabajador de 35 a\u00f1os, se desplazaba en su tractor para auxiliar a un amigo que hab\u00eda tenido un problema con su veh\u00edculo, pero se descompens\u00f3 al volante.<\/p>\n","protected":false},"author":2,"featured_media":64710,"comment_status":"open","ping_status":"open","sticky":false,"template":"","format":"standard","meta":{"fifu_image_url":"","fifu_image_alt":"","footnotes":""},"categories":[14],"tags":[],"class_list":{"0":"post-64709","1":"post","2":"type-post","3":"status-publish","4":"format-standard","5":"has-post-thumbnail","7":"category-policiales"},"yoast_head":"<title>Trabajador rural entrerriano falleci\u00f3 tr\u00e1gicamente cuando conduc\u00eda un tractor - Informe Litoral<\/title>\n<meta name=\"robots\" content=\"index, follow, max-snippet:-1, max-image-preview:large, max-video-preview:-1\" \/>\n<link rel=\"canonical\" href=\"https:\/\/informelitoral.com.ar\/trabajador-rural-entrerriano-fallecio-tragicamente-cuando-conducia-un-tractor\/\" \/>\n<meta property=\"og:locale\" content=\"es_ES\" \/>\n<meta property=\"og:type\" content=\"article\" \/>\n<meta property=\"og:title\" content=\"Trabajador rural entrerriano falleci\u00f3 tr\u00e1gicamente cuando conduc\u00eda un tractor - Informe Litoral\" \/>\n<meta property=\"og:description\" content=\"El tr\u00e1gico hecho ocurri\u00f3 en un camino de tierra en cercan\u00edas de Villa San Marcial. El trabajador de 35 a\u00f1os, se desplazaba en su tractor para auxiliar a un amigo que hab\u00eda tenido un problema con su veh\u00edculo, pero se descompens\u00f3 al volante.\" \/>\n<meta property=\"og:url\" content=\"https:\/\/informelitoral.com.ar\/trabajador-rural-entrerriano-fallecio-tragicamente-cuando-conducia-un-tractor\/\" \/>\n<meta property=\"og:site_name\" content=\"Informe Litoral\" \/>\n<meta property=\"article:publisher\" content=\"https:\/\/www.facebook.com\/informelitoral\/\" \/>\n<meta property=\"article:published_time\" content=\"2021-09-05T17:19:07+00:00\" \/>\n<meta property=\"article:modified_time\" content=\"2021-09-05T22:19:26+00:00\" \/>\n<meta property=\"og:image\" content=\"https:\/\/informelitoral.com.ar\/%77%70%2d%63%6f%6e%74%65%6e%74\/uploads\/2021\/09\/o_1630851814.jpg\" \/>\n\t<meta property=\"og:image:width\" content=\"800\" \/>\n\t<meta property=\"og:image:height\" content=\"450\" \/>\n\t<meta property=\"og:image:type\" content=\"image\/jpeg\" \/>\n<meta name=\"author\" content=\"Gonzalo Schmidt\" \/>\n<meta name=\"twitter:card\" content=\"summary_large_image\" \/>\n<meta name=\"twitter:creator\" content=\"@InformeLitoral\" \/>\n<meta name=\"twitter:site\" content=\"@InformeLitoral\" \/>\n<meta name=\"twitter:label1\" content=\"Escrito por\" \/>\n\t<meta name=\"twitter:data1\" content=\"Gonzalo Schmidt\" \/>\n\t<meta name=\"twitter:label2\" content=\"Tiempo de lectura\" \/>\n\t<meta name=\"twitter:data2\" content=\"2 minutos\" \/>\n<script type=\"application\/ld+json\" class=\"yoast-schema-graph\">{\"@context\":\"https:\\\/\\\/schema.org\",\"@graph\":[{\"@type\":\"Article\",\"@id\":\"https:\\\/\\\/informelitoral.com.ar\\\/trabajador-rural-entrerriano-fallecio-tragicamente-cuando-conducia-un-tractor\\\/#article\",\"isPartOf\":{\"@id\":\"https:\\\/\\\/informelitoral.com.ar\\\/trabajador-rural-entrerriano-fallecio-tragicamente-cuando-conducia-un-tractor\\\/\"},\"author\":{\"name\":\"Gonzalo Schmidt\",\"@id\":\"https:\\\/\\\/informelitoral.com.ar\\\/#\\\/schema\\\/person\\\/b9d00407c836482871ef1d57bf8e3180\"},\"headline\":\"Trabajador rural entrerriano falleci\u00f3 tr\u00e1gicamente cuando conduc\u00eda un tractor\",\"datePublished\":\"2021-09-05T17:19:07+00:00\",\"dateModified\":\"2021-09-05T22:19:26+00:00\",\"mainEntityOfPage\":{\"@id\":\"https:\\\/\\\/informelitoral.com.ar\\\/trabajador-rural-entrerriano-fallecio-tragicamente-cuando-conducia-un-tractor\\\/\"},\"wordCount\":361,\"commentCount\":0,\"publisher\":{\"@id\":\"https:\\\/\\\/informelitoral.com.ar\\\/#organization\"},\"image\":{\"@id\":\"https:\\\/\\\/informelitoral.com.ar\\\/trabajador-rural-entrerriano-fallecio-tragicamente-cuando-conducia-un-tractor\\\/#primaryimage\"},\"thumbnailUrl\":\"https:\\\/\\\/informelitoral.com.ar\\\/%77%70%2d%63%6f%6e%74%65%6e%74\\\/uploads\\\/2021\\\/09\\\/o_1630851814.jpg\",\"articleSection\":[\"Policiales\"],\"inLanguage\":\"es\",\"potentialAction\":[{\"@type\":\"CommentAction\",\"name\":\"Comment\",\"target\":[\"https:\\\/\\\/informelitoral.com.ar\\\/trabajador-rural-entrerriano-fallecio-tragicamente-cuando-conducia-un-tractor\\\/#respond\"]}]},{\"@type\":\"WebPage\",\"@id\":\"https:\\\/\\\/informelitoral.com.ar\\\/trabajador-rural-entrerriano-fallecio-tragicamente-cuando-conducia-un-tractor\\\/\",\"url\":\"https:\\\/\\\/informelitoral.com.ar\\\/trabajador-rural-entrerriano-fallecio-tragicamente-cuando-conducia-un-tractor\\\/\",\"name\":\"Trabajador rural entrerriano falleci\u00f3 tr\u00e1gicamente cuando conduc\u00eda un tractor - Informe Litoral\",\"isPartOf\":{\"@id\":\"https:\\\/\\\/informelitoral.com.ar\\\/#website\"},\"primaryImageOfPage\":{\"@id\":\"https:\\\/\\\/informelitoral.com.ar\\\/trabajador-rural-entrerriano-fallecio-tragicamente-cuando-conducia-un-tractor\\\/#primaryimage\"},\"image\":{\"@id\":\"https:\\\/\\\/informelitoral.com.ar\\\/trabajador-rural-entrerriano-fallecio-tragicamente-cuando-conducia-un-tractor\\\/#primaryimage\"},\"thumbnailUrl\":\"https:\\\/\\\/informelitoral.com.ar\\\/%77%70%2d%63%6f%6e%74%65%6e%74\\\/uploads\\\/2021\\\/09\\\/o_1630851814.jpg\",\"datePublished\":\"2021-09-05T17:19:07+00:00\",\"dateModified\":\"2021-09-05T22:19:26+00:00\",\"breadcrumb\":{\"@id\":\"https:\\\/\\\/informelitoral.com.ar\\\/trabajador-rural-entrerriano-fallecio-tragicamente-cuando-conducia-un-tractor\\\/#breadcrumb\"},\"inLanguage\":\"es\",\"potentialAction\":[{\"@type\":\"ReadAction\",\"target\":[\"https:\\\/\\\/informelitoral.com.ar\\\/trabajador-rural-entrerriano-fallecio-tragicamente-cuando-conducia-un-tractor\\\/\"]}]},{\"@type\":\"ImageObject\",\"inLanguage\":\"es\",\"@id\":\"https:\\\/\\\/informelitoral.com.ar\\\/trabajador-rural-entrerriano-fallecio-tragicamente-cuando-conducia-un-tractor\\\/#primaryimage\",\"url\":\"https:\\\/\\\/informelitoral.com.ar\\\/%77%70%2d%63%6f%6e%74%65%6e%74\\\/uploads\\\/2021\\\/09\\\/o_1630851814.jpg\",\"contentUrl\":\"https:\\\/\\\/informelitoral.com.ar\\\/%77%70%2d%63%6f%6e%74%65%6e%74\\\/uploads\\\/2021\\\/09\\\/o_1630851814.jpg\",\"width\":800,\"height\":450},{\"@type\":\"BreadcrumbList\",\"@id\":\"https:\\\/\\\/informelitoral.com.ar\\\/trabajador-rural-entrerriano-fallecio-tragicamente-cuando-conducia-un-tractor\\\/#breadcrumb\",\"itemListElement\":[{\"@type\":\"ListItem\",\"position\":1,\"name\":\"Portada\",\"item\":\"https:\\\/\\\/informelitoral.com.ar\\\/\"},{\"@type\":\"ListItem\",\"position\":2,\"name\":\"Trabajador rural entrerriano falleci\u00f3 tr\u00e1gicamente cuando conduc\u00eda un tractor\"}]},{\"@type\":\"WebSite\",\"@id\":\"https:\\\/\\\/informelitoral.com.ar\\\/#website\",\"url\":\"https:\\\/\\\/informelitoral.com.ar\\\/\",\"name\":\"Informe Litoral\",\"description\":\"&quot;Nos informamos&quot; \",\"publisher\":{\"@id\":\"https:\\\/\\\/informelitoral.com.ar\\\/#organization\"},\"potentialAction\":[{\"@type\":\"SearchAction\",\"target\":{\"@type\":\"EntryPoint\",\"urlTemplate\":\"https:\\\/\\\/informelitoral.com.ar\\\/?s={search_term_string}\"},\"query-input\":{\"@type\":\"PropertyValueSpecification\",\"valueRequired\":true,\"valueName\":\"search_term_string\"}}],\"inLanguage\":\"es\"},{\"@type\":\"Organization\",\"@id\":\"https:\\\/\\\/informelitoral.com.ar\\\/#organization\",\"name\":\"Informe Litoral\",\"url\":\"https:\\\/\\\/informelitoral.com.ar\\\/\",\"logo\":{\"@type\":\"ImageObject\",\"inLanguage\":\"es\",\"@id\":\"https:\\\/\\\/informelitoral.com.ar\\\/#\\\/schema\\\/logo\\\/image\\\/\",\"url\":\"https:\\\/\\\/informelitoral.com.ar\\\/%77%70%2d%63%6f%6e%74%65%6e%74\\\/uploads\\\/2021\\\/01\\\/circulo.png\",\"contentUrl\":\"https:\\\/\\\/informelitoral.com.ar\\\/%77%70%2d%63%6f%6e%74%65%6e%74\\\/uploads\\\/2021\\\/01\\\/circulo.png\",\"width\":723,\"height\":731,\"caption\":\"Informe Litoral\"},\"image\":{\"@id\":\"https:\\\/\\\/informelitoral.com.ar\\\/#\\\/schema\\\/logo\\\/image\\\/\"},\"sameAs\":[\"https:\\\/\\\/www.facebook.com\\\/informelitoral\\\/\",\"https:\\\/\\\/x.com\\\/InformeLitoral\",\"https:\\\/\\\/www.instagram.com\\\/informelitoral\\\/\",\"https:\\\/\\\/www.youtube.com\\\/channel\\\/UCua4Qvz8Icb6MYqhoq9xLXw\"]},{\"@type\":\"Person\",\"@id\":\"https:\\\/\\\/informelitoral.com.ar\\\/#\\\/schema\\\/person\\\/b9d00407c836482871ef1d57bf8e3180\",\"name\":\"Gonzalo Schmidt\",\"image\":{\"@type\":\"ImageObject\",\"inLanguage\":\"es\",\"@id\":\"https:\\\/\\\/secure.gravatar.com\\\/avatar\\\/31a1a7b66ff2de83bd0e9fd79d026630d2d99e55e8bfe501287647b4fd9743de?s=96&d=mm&r=g\",\"url\":\"https:\\\/\\\/secure.gravatar.com\\\/avatar\\\/31a1a7b66ff2de83bd0e9fd79d026630d2d99e55e8bfe501287647b4fd9743de?s=96&d=mm&r=g\",\"contentUrl\":\"https:\\\/\\\/secure.gravatar.com\\\/avatar\\\/31a1a7b66ff2de83bd0e9fd79d026630d2d99e55e8bfe501287647b4fd9743de?s=96&d=mm&r=g\",\"caption\":\"Gonzalo Schmidt\"},\"description\":\"Sitio web de noticias de la provincia de Entre R\u00edos, Argentina. Informaci\u00f3n y entretenimiento. Informe Litoral, nos informamos.\",\"sameAs\":[\"http:\\\/\\\/www.isletasnoticias.com.ar\"],\"url\":\"https:\\\/\\\/informelitoral.com.ar\\\/author\\\/gonzalo\\\/\"}]}<\/script>","yoast_head_json":{"title":"Trabajador rural entrerriano falleci\u00f3 tr\u00e1gicamente cuando conduc\u00eda un tractor - Informe Litoral","robots":{"index":"index","follow":"follow","max-snippet":"max-snippet:-1","max-image-preview":"max-image-preview:large","max-video-preview":"max-video-preview:-1"},"canonical":"https:\/\/informelitoral.com.ar\/trabajador-rural-entrerriano-fallecio-tragicamente-cuando-conducia-un-tractor\/","og_locale":"es_ES","og_type":"article","og_title":"Trabajador rural entrerriano falleci\u00f3 tr\u00e1gicamente cuando conduc\u00eda un tractor - Informe Litoral","og_description":"El tr\u00e1gico hecho ocurri\u00f3 en un camino de tierra en cercan\u00edas de Villa San Marcial. El trabajador de 35 a\u00f1os, se desplazaba en su tractor para auxiliar a un amigo que hab\u00eda tenido un problema con su veh\u00edculo, pero se descompens\u00f3 al volante.","og_url":"https:\/\/informelitoral.com.ar\/trabajador-rural-entrerriano-fallecio-tragicamente-cuando-conducia-un-tractor\/","og_site_name":"Informe Litoral","article_publisher":"https:\/\/www.facebook.com\/informelitoral\/","article_published_time":"2021-09-05T17:19:07+00:00","article_modified_time":"2021-09-05T22:19:26+00:00","og_image":[{"width":800,"height":450,"url":"https:\/\/informelitoral.com.ar\/%77%70%2d%63%6f%6e%74%65%6e%74\/uploads\/2021\/09\/o_1630851814.jpg","type":"image\/jpeg"}],"author":"Gonzalo Schmidt","twitter_card":"summary_large_image","twitter_creator":"@InformeLitoral","twitter_site":"@InformeLitoral","twitter_misc":{"Escrito por":"Gonzalo Schmidt","Tiempo de lectura":"2 minutos"},"schema":{"@context":"https:\/\/schema.org","@graph":[{"@type":"Article","@id":"https:\/\/informelitoral.com.ar\/trabajador-rural-entrerriano-fallecio-tragicamente-cuando-conducia-un-tractor\/#article","isPartOf":{"@id":"https:\/\/informelitoral.com.ar\/trabajador-rural-entrerriano-fallecio-tragicamente-cuando-conducia-un-tractor\/"},"author":{"name":"Gonzalo Schmidt","@id":"https:\/\/informelitoral.com.ar\/#\/schema\/person\/b9d00407c836482871ef1d57bf8e3180"},"headline":"Trabajador rural entrerriano falleci\u00f3 tr\u00e1gicamente cuando conduc\u00eda un tractor","datePublished":"2021-09-05T17:19:07+00:00","dateModified":"2021-09-05T22:19:26+00:00","mainEntityOfPage":{"@id":"https:\/\/informelitoral.com.ar\/trabajador-rural-entrerriano-fallecio-tragicamente-cuando-conducia-un-tractor\/"},"wordCount":361,"commentCount":0,"publisher":{"@id":"https:\/\/informelitoral.com.ar\/#organization"},"image":{"@id":"https:\/\/informelitoral.com.ar\/trabajador-rural-entrerriano-fallecio-tragicamente-cuando-conducia-un-tractor\/#primaryimage"},"thumbnailUrl":"https:\/\/informelitoral.com.ar\/%77%70%2d%63%6f%6e%74%65%6e%74\/uploads\/2021\/09\/o_1630851814.jpg","articleSection":["Policiales"],"inLanguage":"es","potentialAction":[{"@type":"CommentAction","name":"Comment","target":["https:\/\/informelitoral.com.ar\/trabajador-rural-entrerriano-fallecio-tragicamente-cuando-conducia-un-tractor\/#respond"]}]},{"@type":"WebPage","@id":"https:\/\/informelitoral.com.ar\/trabajador-rural-entrerriano-fallecio-tragicamente-cuando-conducia-un-tractor\/","url":"https:\/\/informelitoral.com.ar\/trabajador-rural-entrerriano-fallecio-tragicamente-cuando-conducia-un-tractor\/","name":"Trabajador rural entrerriano falleci\u00f3 tr\u00e1gicamente cuando conduc\u00eda un tractor - Informe Litoral","isPartOf":{"@id":"https:\/\/informelitoral.com.ar\/#website"},"primaryImageOfPage":{"@id":"https:\/\/informelitoral.com.ar\/trabajador-rural-entrerriano-fallecio-tragicamente-cuando-conducia-un-tractor\/#primaryimage"},"image":{"@id":"https:\/\/informelitoral.com.ar\/trabajador-rural-entrerriano-fallecio-tragicamente-cuando-conducia-un-tractor\/#primaryimage"},"thumbnailUrl":"https:\/\/informelitoral.com.ar\/%77%70%2d%63%6f%6e%74%65%6e%74\/uploads\/2021\/09\/o_1630851814.jpg","datePublished":"2021-09-05T17:19:07+00:00","dateModified":"2021-09-05T22:19:26+00:00","breadcrumb":{"@id":"https:\/\/informelitoral.com.ar\/trabajador-rural-entrerriano-fallecio-tragicamente-cuando-conducia-un-tractor\/#breadcrumb"},"inLanguage":"es","potentialAction":[{"@type":"ReadAction","target":["https:\/\/informelitoral.com.ar\/trabajador-rural-entrerriano-fallecio-tragicamente-cuando-conducia-un-tractor\/"]}]},{"@type":"ImageObject","inLanguage":"es","@id":"https:\/\/informelitoral.com.ar\/trabajador-rural-entrerriano-fallecio-tragicamente-cuando-conducia-un-tractor\/#primaryimage","url":"https:\/\/informelitoral.com.ar\/%77%70%2d%63%6f%6e%74%65%6e%74\/uploads\/2021\/09\/o_1630851814.jpg","contentUrl":"https:\/\/informelitoral.com.ar\/%77%70%2d%63%6f%6e%74%65%6e%74\/uploads\/2021\/09\/o_1630851814.jpg","width":800,"height":450},{"@type":"BreadcrumbList","@id":"https:\/\/informelitoral.com.ar\/trabajador-rural-entrerriano-fallecio-tragicamente-cuando-conducia-un-tractor\/#breadcrumb","itemListElement":[{"@type":"ListItem","position":1,"name":"Portada","item":"https:\/\/informelitoral.com.ar\/"},{"@type":"ListItem","position":2,"name":"Trabajador rural entrerriano falleci\u00f3 tr\u00e1gicamente cuando conduc\u00eda un tractor"}]},{"@type":"WebSite","@id":"https:\/\/informelitoral.com.ar\/#website","url":"https:\/\/informelitoral.com.ar\/","name":"Informe Litoral","description":"&quot;Nos informamos&quot; ","publisher":{"@id":"https:\/\/informelitoral.com.ar\/#organization"},"potentialAction":[{"@type":"SearchAction","target":{"@type":"EntryPoint","urlTemplate":"https:\/\/informelitoral.com.ar\/?s={search_term_string}"},"query-input":{"@type":"PropertyValueSpecification","valueRequired":true,"valueName":"search_term_string"}}],"inLanguage":"es"},{"@type":"Organization","@id":"https:\/\/informelitoral.com.ar\/#organization","name":"Informe Litoral","url":"https:\/\/informelitoral.com.ar\/","logo":{"@type":"ImageObject","inLanguage":"es","@id":"https:\/\/informelitoral.com.ar\/#\/schema\/logo\/image\/","url":"https:\/\/informelitoral.com.ar\/%77%70%2d%63%6f%6e%74%65%6e%74\/uploads\/2021\/01\/circulo.png","contentUrl":"https:\/\/informelitoral.com.ar\/%77%70%2d%63%6f%6e%74%65%6e%74\/uploads\/2021\/01\/circulo.png","width":723,"height":731,"caption":"Informe Litoral"},"image":{"@id":"https:\/\/informelitoral.com.ar\/#\/schema\/logo\/image\/"},"sameAs":["https:\/\/www.facebook.com\/informelitoral\/","https:\/\/x.com\/InformeLitoral","https:\/\/www.instagram.com\/informelitoral\/","https:\/\/www.youtube.com\/channel\/UCua4Qvz8Icb6MYqhoq9xLXw"]},{"@type":"Person","@id":"https:\/\/informelitoral.com.ar\/#\/schema\/person\/b9d00407c836482871ef1d57bf8e3180","name":"Gonzalo Schmidt","image":{"@type":"ImageObject","inLanguage":"es","@id":"https:\/\/secure.gravatar.com\/avatar\/31a1a7b66ff2de83bd0e9fd79d026630d2d99e55e8bfe501287647b4fd9743de?s=96&d=mm&r=g","url":"https:\/\/secure.gravatar.com\/avatar\/31a1a7b66ff2de83bd0e9fd79d026630d2d99e55e8bfe501287647b4fd9743de?s=96&d=mm&r=g","contentUrl":"https:\/\/secure.gravatar.com\/avatar\/31a1a7b66ff2de83bd0e9fd79d026630d2d99e55e8bfe501287647b4fd9743de?s=96&d=mm&r=g","caption":"Gonzalo Schmidt"},"description":"Sitio web de noticias de la provincia de Entre R\u00edos, Argentina. Informaci\u00f3n y entretenimiento. Informe Litoral, nos informamos.","sameAs":["http:\/\/www.isletasnoticias.com.ar"],"url":"https:\/\/informelitoral.com.ar\/author\/gonzalo\/"}]}},"_links":{"self":[{"href":"https:\/\/informelitoral.com.ar\/%77%70%2d%6a%73%6f%6e\/wp\/v2\/posts\/64709","targetHints":{"allow":["GET"]}}],"collection":[{"href":"https:\/\/informelitoral.com.ar\/%77%70%2d%6a%73%6f%6e\/wp\/v2\/posts"}],"about":[{"href":"https:\/\/informelitoral.com.ar\/%77%70%2d%6a%73%6f%6e\/wp\/v2\/types\/post"}],"author":[{"embeddable":true,"href":"https:\/\/informelitoral.com.ar\/%77%70%2d%6a%73%6f%6e\/wp\/v2\/users\/2"}],"replies":[{"embeddable":true,"href":"https:\/\/informelitoral.com.ar\/%77%70%2d%6a%73%6f%6e\/wp\/v2\/comments?post=64709"}],"version-history":[{"count":0,"href":"https:\/\/informelitoral.com.ar\/%77%70%2d%6a%73%6f%6e\/wp\/v2\/posts\/64709\/revisions"}],"wp:featuredmedia":[{"embeddable":true,"href":"https:\/\/informelitoral.com.ar\/%77%70%2d%6a%73%6f%6e\/wp\/v2\/media\/64710"}],"wp:attachment":[{"href":"https:\/\/informelitoral.com.ar\/%77%70%2d%6a%73%6f%6e\/wp\/v2\/media?parent=64709"}],"wp:term":[{"taxonomy":"category","embeddable":true,"href":"https:\/\/informelitoral.com.ar\/%77%70%2d%6a%73%6f%6e\/wp\/v2\/categories?post=64709"},{"taxonomy":"post_tag","embeddable":true,"href":"https:\/\/informelitoral.com.ar\/%77%70%2d%6a%73%6f%6e\/wp\/v2\/tags?post=64709"}],"curies":[{"name":"wp","href":"https:\/\/api.w.org\/{rel}","templated":true}]}}