{"id":64703,"date":"2021-09-05T18:35:04","date_gmt":"2021-09-05T21:35:04","guid":{"rendered":"https:\/\/www.informelitoral.com.ar\/?p=64703"},"modified":"2021-09-05T18:36:29","modified_gmt":"2021-09-05T21:36:29","slug":"las-lluvias-de-inicios-de-septiembre-salvan-al-trigo-de-la-region-centro","status":"publish","type":"post","link":"https:\/\/informelitoral.com.ar\/las-lluvias-de-inicios-de-septiembre-salvan-al-trigo-de-la-region-centro\/","title":{"rendered":"Las lluvias de inicios de septiembre \u201csalvan\u201d al trigo de la regi\u00f3n centro"},"content":{"rendered":"<p>La falta de\u00a0lluvias\u00a0y la desecaci\u00f3n del suelo por las altas temperaturas con las que finaliz\u00f3 agosto afect\u00f3 a 300.000 hect\u00e1reas de\u00a0trigo, a las cuales dej\u00f3 en condici\u00f3n regular. Lo que estaba en juego, pasadas estas circunstancias era la sobrevida del n\u00famero de macollos, que luego aseguren m\u00e1s espigas.<\/p>\n<p>Con un 25% del cultivo empezando a enca\u00f1ar, estas precipitaciones pod\u00edan frenar la p\u00e9rdida de macollos y mantener las expectativas de altos rindes en la regi\u00f3n n\u00facleo. Por eso,\u00a0<strong>los primeros d\u00edas de septiembre marcar\u00e1n \u201cel hito\u201d de este ciclo productivo<\/strong>.<\/p>\n<p>\u201cCon una semana m\u00e1s sin agua, los efectos de la falta de agua en el rinde ser\u00edan irreversibles\u201d, repet\u00edan los productores y t\u00e9cnicos en la\u00a0zona n\u00facleo, de acuerdo a lo que destaca el informe semanal de la\u00a0Bolsa de Comercio de Rosario.<\/p>\n<p>Otras de las caracter\u00edsticas del cultivo este a\u00f1o es que se encuentra muy bien fertilizado en toda el \u00e1rea, con lo cual se espera una excelente reacci\u00f3n tras estos d\u00edas de tormentas.<\/p>\n<h3><strong>Por zonas<\/strong><\/h3>\n<p>De acuerdo a los datos de la entidad rosarina,\u00a0<strong>agosto termin\u00f3 sin lluvias<\/strong>, siendo el tercer mes del invierno con un comportamiento pluvial deficitario. Estas lluvias, adem\u00e1s, fueron un evento muy oportuno para compensar el aumento de la demanda de humedad atmosf\u00e9rica, que ya era muy significativa en la franja mediterr\u00e1nea.<\/p>\n<p>Sin embargo, no llegaron a todos por igual: el evento que comenz\u00f3 el 1\u00b0 de setiembre y se extendi\u00f3 hasta este jueves dej\u00f3 zonas con\u00a0<strong>montos muy importantes y otras en las que no sucedi\u00f3 lo mismo<\/strong>, aclaran desde el \u00e1rea de agrometeorolog\u00eda de la Bolsa.<\/p>\n<p>El centro sur de Santa Fe junto al noreste de los departamentos de cordobeses de\u00a0<strong>Marcos Ju\u00e1rez y Uni\u00f3n recibi\u00f3 entre 20 a 60 mil\u00edmetros<\/strong>. Le sigue los alrededores de Rosario y las localidades cercanas a la costa del Paran\u00e1, el corredor que va de Rosario hasta\u00a0<strong>Ramallo y Baradero, con 20 a 40 mil\u00edmetros<\/strong>.<\/p>\n<p>El ranking sigue hacia el\u00a0<strong>oeste de Buenos Aires<\/strong>\u00a0los mil\u00edmetros bajan con montos de\u00a0alrededor de los 10 mil\u00edmetros. Guatimoz\u00edn, en C\u00f3rdoba, y Maggiolo y Rufino, en Santa Fe, han quedado con el\u00a0marcador en cero.<\/p>\n<p>En la regi\u00f3n pampeana se destaca el excelente comportamiento de las lluvias en el centro <strong>sur de Entre R\u00edos y en gran parte del centro<\/strong> y <strong>noreste de Buenos Aires,<\/strong> d\u00f3nde han superado los 30 mil\u00edmetros.<\/p>\n","protected":false},"excerpt":{"rendered":"<p>Los dos primeros d\u00edas de este mes marcaron el \u00abhito\u00bb productivo de la campa\u00f1a, revirtiendo la condici\u00f3n de muchos trigales, que ya ve\u00edan afectado su rendimiento.<\/p>\n","protected":false},"author":2,"featured_media":23302,"comment_status":"open","ping_status":"open","sticky":false,"template":"","format":"standard","meta":{"fifu_image_url":"","fifu_image_alt":"","footnotes":""},"categories":[10],"tags":[191,444,339],"class_list":{"0":"post-64703","1":"post","2":"type-post","3":"status-publish","4":"format-standard","5":"has-post-thumbnail","7":"category-campo","8":"tag-agricultura","9":"tag-region-centro","10":"tag-trigo"},"yoast_head":"<title>Las lluvias de inicios de septiembre \u201csalvan\u201d al trigo de la regi\u00f3n centro - Informe Litoral<\/title>\n<meta name=\"robots\" content=\"index, follow, max-snippet:-1, max-image-preview:large, max-video-preview:-1\" \/>\n<link rel=\"canonical\" href=\"https:\/\/informelitoral.com.ar\/las-lluvias-de-inicios-de-septiembre-salvan-al-trigo-de-la-region-centro\/\" \/>\n<meta property=\"og:locale\" content=\"es_ES\" \/>\n<meta property=\"og:type\" content=\"article\" \/>\n<meta property=\"og:title\" content=\"Las lluvias de inicios de septiembre \u201csalvan\u201d al trigo de la regi\u00f3n centro - Informe Litoral\" \/>\n<meta property=\"og:description\" content=\"Los dos primeros d\u00edas de este mes marcaron el &quot;hito&quot; productivo de la campa\u00f1a, revirtiendo la condici\u00f3n de muchos trigales, que ya ve\u00edan afectado su rendimiento.\" \/>\n<meta property=\"og:url\" content=\"https:\/\/informelitoral.com.ar\/las-lluvias-de-inicios-de-septiembre-salvan-al-trigo-de-la-region-centro\/\" \/>\n<meta property=\"og:site_name\" content=\"Informe Litoral\" \/>\n<meta property=\"article:publisher\" content=\"https:\/\/www.facebook.com\/informelitoral\/\" \/>\n<meta property=\"article:published_time\" content=\"2021-09-05T21:35:04+00:00\" \/>\n<meta property=\"article:modified_time\" content=\"2021-09-05T21:36:29+00:00\" \/>\n<meta property=\"og:image\" content=\"https:\/\/informelitoral.com.ar\/%77%70%2d%63%6f%6e%74%65%6e%74\/uploads\/2017\/10\/trigo-vegetativo.jpg\" \/>\n\t<meta property=\"og:image:width\" content=\"960\" \/>\n\t<meta property=\"og:image:height\" content=\"426\" \/>\n\t<meta property=\"og:image:type\" content=\"image\/jpeg\" \/>\n<meta name=\"author\" content=\"Gonzalo Schmidt\" \/>\n<meta name=\"twitter:card\" content=\"summary_large_image\" \/>\n<meta name=\"twitter:creator\" content=\"@InformeLitoral\" \/>\n<meta name=\"twitter:site\" content=\"@InformeLitoral\" \/>\n<meta name=\"twitter:label1\" content=\"Escrito por\" \/>\n\t<meta name=\"twitter:data1\" content=\"Gonzalo Schmidt\" \/>\n\t<meta name=\"twitter:label2\" content=\"Tiempo de lectura\" \/>\n\t<meta name=\"twitter:data2\" content=\"2 minutos\" \/>\n<script type=\"application\/ld+json\" class=\"yoast-schema-graph\">{\"@context\":\"https:\\\/\\\/schema.org\",\"@graph\":[{\"@type\":\"Article\",\"@id\":\"https:\\\/\\\/informelitoral.com.ar\\\/las-lluvias-de-inicios-de-septiembre-salvan-al-trigo-de-la-region-centro\\\/#article\",\"isPartOf\":{\"@id\":\"https:\\\/\\\/informelitoral.com.ar\\\/las-lluvias-de-inicios-de-septiembre-salvan-al-trigo-de-la-region-centro\\\/\"},\"author\":{\"name\":\"Gonzalo Schmidt\",\"@id\":\"https:\\\/\\\/informelitoral.com.ar\\\/#\\\/schema\\\/person\\\/b9d00407c836482871ef1d57bf8e3180\"},\"headline\":\"Las lluvias de inicios de septiembre \u201csalvan\u201d al trigo de la regi\u00f3n centro\",\"datePublished\":\"2021-09-05T21:35:04+00:00\",\"dateModified\":\"2021-09-05T21:36:29+00:00\",\"mainEntityOfPage\":{\"@id\":\"https:\\\/\\\/informelitoral.com.ar\\\/las-lluvias-de-inicios-de-septiembre-salvan-al-trigo-de-la-region-centro\\\/\"},\"wordCount\":436,\"commentCount\":0,\"publisher\":{\"@id\":\"https:\\\/\\\/informelitoral.com.ar\\\/#organization\"},\"image\":{\"@id\":\"https:\\\/\\\/informelitoral.com.ar\\\/las-lluvias-de-inicios-de-septiembre-salvan-al-trigo-de-la-region-centro\\\/#primaryimage\"},\"thumbnailUrl\":\"https:\\\/\\\/informelitoral.com.ar\\\/%77%70%2d%63%6f%6e%74%65%6e%74\\\/uploads\\\/2017\\\/10\\\/trigo-vegetativo.jpg\",\"keywords\":[\"Agricultura\",\"Regi\u00f3n Centro\",\"Trigo\"],\"articleSection\":[\"Campo\"],\"inLanguage\":\"es\",\"potentialAction\":[{\"@type\":\"CommentAction\",\"name\":\"Comment\",\"target\":[\"https:\\\/\\\/informelitoral.com.ar\\\/las-lluvias-de-inicios-de-septiembre-salvan-al-trigo-de-la-region-centro\\\/#respond\"]}]},{\"@type\":\"WebPage\",\"@id\":\"https:\\\/\\\/informelitoral.com.ar\\\/las-lluvias-de-inicios-de-septiembre-salvan-al-trigo-de-la-region-centro\\\/\",\"url\":\"https:\\\/\\\/informelitoral.com.ar\\\/las-lluvias-de-inicios-de-septiembre-salvan-al-trigo-de-la-region-centro\\\/\",\"name\":\"Las lluvias de inicios de septiembre \u201csalvan\u201d al trigo de la regi\u00f3n centro - Informe Litoral\",\"isPartOf\":{\"@id\":\"https:\\\/\\\/informelitoral.com.ar\\\/#website\"},\"primaryImageOfPage\":{\"@id\":\"https:\\\/\\\/informelitoral.com.ar\\\/las-lluvias-de-inicios-de-septiembre-salvan-al-trigo-de-la-region-centro\\\/#primaryimage\"},\"image\":{\"@id\":\"https:\\\/\\\/informelitoral.com.ar\\\/las-lluvias-de-inicios-de-septiembre-salvan-al-trigo-de-la-region-centro\\\/#primaryimage\"},\"thumbnailUrl\":\"https:\\\/\\\/informelitoral.com.ar\\\/%77%70%2d%63%6f%6e%74%65%6e%74\\\/uploads\\\/2017\\\/10\\\/trigo-vegetativo.jpg\",\"datePublished\":\"2021-09-05T21:35:04+00:00\",\"dateModified\":\"2021-09-05T21:36:29+00:00\",\"breadcrumb\":{\"@id\":\"https:\\\/\\\/informelitoral.com.ar\\\/las-lluvias-de-inicios-de-septiembre-salvan-al-trigo-de-la-region-centro\\\/#breadcrumb\"},\"inLanguage\":\"es\",\"potentialAction\":[{\"@type\":\"ReadAction\",\"target\":[\"https:\\\/\\\/informelitoral.com.ar\\\/las-lluvias-de-inicios-de-septiembre-salvan-al-trigo-de-la-region-centro\\\/\"]}]},{\"@type\":\"ImageObject\",\"inLanguage\":\"es\",\"@id\":\"https:\\\/\\\/informelitoral.com.ar\\\/las-lluvias-de-inicios-de-septiembre-salvan-al-trigo-de-la-region-centro\\\/#primaryimage\",\"url\":\"https:\\\/\\\/informelitoral.com.ar\\\/%77%70%2d%63%6f%6e%74%65%6e%74\\\/uploads\\\/2017\\\/10\\\/trigo-vegetativo.jpg\",\"contentUrl\":\"https:\\\/\\\/informelitoral.com.ar\\\/%77%70%2d%63%6f%6e%74%65%6e%74\\\/uploads\\\/2017\\\/10\\\/trigo-vegetativo.jpg\",\"width\":960,\"height\":426},{\"@type\":\"BreadcrumbList\",\"@id\":\"https:\\\/\\\/informelitoral.com.ar\\\/las-lluvias-de-inicios-de-septiembre-salvan-al-trigo-de-la-region-centro\\\/#breadcrumb\",\"itemListElement\":[{\"@type\":\"ListItem\",\"position\":1,\"name\":\"Portada\",\"item\":\"https:\\\/\\\/informelitoral.com.ar\\\/\"},{\"@type\":\"ListItem\",\"position\":2,\"name\":\"Las lluvias de inicios de septiembre \u201csalvan\u201d al trigo de la regi\u00f3n centro\"}]},{\"@type\":\"WebSite\",\"@id\":\"https:\\\/\\\/informelitoral.com.ar\\\/#website\",\"url\":\"https:\\\/\\\/informelitoral.com.ar\\\/\",\"name\":\"Informe Litoral\",\"description\":\"&quot;Nos informamos&quot; \",\"publisher\":{\"@id\":\"https:\\\/\\\/informelitoral.com.ar\\\/#organization\"},\"potentialAction\":[{\"@type\":\"SearchAction\",\"target\":{\"@type\":\"EntryPoint\",\"urlTemplate\":\"https:\\\/\\\/informelitoral.com.ar\\\/?s={search_term_string}\"},\"query-input\":{\"@type\":\"PropertyValueSpecification\",\"valueRequired\":true,\"valueName\":\"search_term_string\"}}],\"inLanguage\":\"es\"},{\"@type\":\"Organization\",\"@id\":\"https:\\\/\\\/informelitoral.com.ar\\\/#organization\",\"name\":\"Informe Litoral\",\"url\":\"https:\\\/\\\/informelitoral.com.ar\\\/\",\"logo\":{\"@type\":\"ImageObject\",\"inLanguage\":\"es\",\"@id\":\"https:\\\/\\\/informelitoral.com.ar\\\/#\\\/schema\\\/logo\\\/image\\\/\",\"url\":\"https:\\\/\\\/informelitoral.com.ar\\\/%77%70%2d%63%6f%6e%74%65%6e%74\\\/uploads\\\/2021\\\/01\\\/circulo.png\",\"contentUrl\":\"https:\\\/\\\/informelitoral.com.ar\\\/%77%70%2d%63%6f%6e%74%65%6e%74\\\/uploads\\\/2021\\\/01\\\/circulo.png\",\"width\":723,\"height\":731,\"caption\":\"Informe Litoral\"},\"image\":{\"@id\":\"https:\\\/\\\/informelitoral.com.ar\\\/#\\\/schema\\\/logo\\\/image\\\/\"},\"sameAs\":[\"https:\\\/\\\/www.facebook.com\\\/informelitoral\\\/\",\"https:\\\/\\\/x.com\\\/InformeLitoral\",\"https:\\\/\\\/www.instagram.com\\\/informelitoral\\\/\",\"https:\\\/\\\/www.youtube.com\\\/channel\\\/UCua4Qvz8Icb6MYqhoq9xLXw\"]},{\"@type\":\"Person\",\"@id\":\"https:\\\/\\\/informelitoral.com.ar\\\/#\\\/schema\\\/person\\\/b9d00407c836482871ef1d57bf8e3180\",\"name\":\"Gonzalo Schmidt\",\"image\":{\"@type\":\"ImageObject\",\"inLanguage\":\"es\",\"@id\":\"https:\\\/\\\/secure.gravatar.com\\\/avatar\\\/31a1a7b66ff2de83bd0e9fd79d026630d2d99e55e8bfe501287647b4fd9743de?s=96&d=mm&r=g\",\"url\":\"https:\\\/\\\/secure.gravatar.com\\\/avatar\\\/31a1a7b66ff2de83bd0e9fd79d026630d2d99e55e8bfe501287647b4fd9743de?s=96&d=mm&r=g\",\"contentUrl\":\"https:\\\/\\\/secure.gravatar.com\\\/avatar\\\/31a1a7b66ff2de83bd0e9fd79d026630d2d99e55e8bfe501287647b4fd9743de?s=96&d=mm&r=g\",\"caption\":\"Gonzalo Schmidt\"},\"description\":\"Sitio web de noticias de la provincia de Entre R\u00edos, Argentina. Informaci\u00f3n y entretenimiento. Informe Litoral, nos informamos.\",\"sameAs\":[\"http:\\\/\\\/www.isletasnoticias.com.ar\"],\"url\":\"https:\\\/\\\/informelitoral.com.ar\\\/author\\\/gonzalo\\\/\"}]}<\/script>","yoast_head_json":{"title":"Las lluvias de inicios de septiembre \u201csalvan\u201d al trigo de la regi\u00f3n centro - Informe Litoral","robots":{"index":"index","follow":"follow","max-snippet":"max-snippet:-1","max-image-preview":"max-image-preview:large","max-video-preview":"max-video-preview:-1"},"canonical":"https:\/\/informelitoral.com.ar\/las-lluvias-de-inicios-de-septiembre-salvan-al-trigo-de-la-region-centro\/","og_locale":"es_ES","og_type":"article","og_title":"Las lluvias de inicios de septiembre \u201csalvan\u201d al trigo de la regi\u00f3n centro - Informe Litoral","og_description":"Los dos primeros d\u00edas de este mes marcaron el \"hito\" productivo de la campa\u00f1a, revirtiendo la condici\u00f3n de muchos trigales, que ya ve\u00edan afectado su rendimiento.","og_url":"https:\/\/informelitoral.com.ar\/las-lluvias-de-inicios-de-septiembre-salvan-al-trigo-de-la-region-centro\/","og_site_name":"Informe Litoral","article_publisher":"https:\/\/www.facebook.com\/informelitoral\/","article_published_time":"2021-09-05T21:35:04+00:00","article_modified_time":"2021-09-05T21:36:29+00:00","og_image":[{"width":960,"height":426,"url":"https:\/\/informelitoral.com.ar\/%77%70%2d%63%6f%6e%74%65%6e%74\/uploads\/2017\/10\/trigo-vegetativo.jpg","type":"image\/jpeg"}],"author":"Gonzalo Schmidt","twitter_card":"summary_large_image","twitter_creator":"@InformeLitoral","twitter_site":"@InformeLitoral","twitter_misc":{"Escrito por":"Gonzalo Schmidt","Tiempo de lectura":"2 minutos"},"schema":{"@context":"https:\/\/schema.org","@graph":[{"@type":"Article","@id":"https:\/\/informelitoral.com.ar\/las-lluvias-de-inicios-de-septiembre-salvan-al-trigo-de-la-region-centro\/#article","isPartOf":{"@id":"https:\/\/informelitoral.com.ar\/las-lluvias-de-inicios-de-septiembre-salvan-al-trigo-de-la-region-centro\/"},"author":{"name":"Gonzalo Schmidt","@id":"https:\/\/informelitoral.com.ar\/#\/schema\/person\/b9d00407c836482871ef1d57bf8e3180"},"headline":"Las lluvias de inicios de septiembre \u201csalvan\u201d al trigo de la regi\u00f3n centro","datePublished":"2021-09-05T21:35:04+00:00","dateModified":"2021-09-05T21:36:29+00:00","mainEntityOfPage":{"@id":"https:\/\/informelitoral.com.ar\/las-lluvias-de-inicios-de-septiembre-salvan-al-trigo-de-la-region-centro\/"},"wordCount":436,"commentCount":0,"publisher":{"@id":"https:\/\/informelitoral.com.ar\/#organization"},"image":{"@id":"https:\/\/informelitoral.com.ar\/las-lluvias-de-inicios-de-septiembre-salvan-al-trigo-de-la-region-centro\/#primaryimage"},"thumbnailUrl":"https:\/\/informelitoral.com.ar\/%77%70%2d%63%6f%6e%74%65%6e%74\/uploads\/2017\/10\/trigo-vegetativo.jpg","keywords":["Agricultura","Regi\u00f3n Centro","Trigo"],"articleSection":["Campo"],"inLanguage":"es","potentialAction":[{"@type":"CommentAction","name":"Comment","target":["https:\/\/informelitoral.com.ar\/las-lluvias-de-inicios-de-septiembre-salvan-al-trigo-de-la-region-centro\/#respond"]}]},{"@type":"WebPage","@id":"https:\/\/informelitoral.com.ar\/las-lluvias-de-inicios-de-septiembre-salvan-al-trigo-de-la-region-centro\/","url":"https:\/\/informelitoral.com.ar\/las-lluvias-de-inicios-de-septiembre-salvan-al-trigo-de-la-region-centro\/","name":"Las lluvias de inicios de septiembre \u201csalvan\u201d al trigo de la regi\u00f3n centro - Informe Litoral","isPartOf":{"@id":"https:\/\/informelitoral.com.ar\/#website"},"primaryImageOfPage":{"@id":"https:\/\/informelitoral.com.ar\/las-lluvias-de-inicios-de-septiembre-salvan-al-trigo-de-la-region-centro\/#primaryimage"},"image":{"@id":"https:\/\/informelitoral.com.ar\/las-lluvias-de-inicios-de-septiembre-salvan-al-trigo-de-la-region-centro\/#primaryimage"},"thumbnailUrl":"https:\/\/informelitoral.com.ar\/%77%70%2d%63%6f%6e%74%65%6e%74\/uploads\/2017\/10\/trigo-vegetativo.jpg","datePublished":"2021-09-05T21:35:04+00:00","dateModified":"2021-09-05T21:36:29+00:00","breadcrumb":{"@id":"https:\/\/informelitoral.com.ar\/las-lluvias-de-inicios-de-septiembre-salvan-al-trigo-de-la-region-centro\/#breadcrumb"},"inLanguage":"es","potentialAction":[{"@type":"ReadAction","target":["https:\/\/informelitoral.com.ar\/las-lluvias-de-inicios-de-septiembre-salvan-al-trigo-de-la-region-centro\/"]}]},{"@type":"ImageObject","inLanguage":"es","@id":"https:\/\/informelitoral.com.ar\/las-lluvias-de-inicios-de-septiembre-salvan-al-trigo-de-la-region-centro\/#primaryimage","url":"https:\/\/informelitoral.com.ar\/%77%70%2d%63%6f%6e%74%65%6e%74\/uploads\/2017\/10\/trigo-vegetativo.jpg","contentUrl":"https:\/\/informelitoral.com.ar\/%77%70%2d%63%6f%6e%74%65%6e%74\/uploads\/2017\/10\/trigo-vegetativo.jpg","width":960,"height":426},{"@type":"BreadcrumbList","@id":"https:\/\/informelitoral.com.ar\/las-lluvias-de-inicios-de-septiembre-salvan-al-trigo-de-la-region-centro\/#breadcrumb","itemListElement":[{"@type":"ListItem","position":1,"name":"Portada","item":"https:\/\/informelitoral.com.ar\/"},{"@type":"ListItem","position":2,"name":"Las lluvias de inicios de septiembre \u201csalvan\u201d al trigo de la regi\u00f3n centro"}]},{"@type":"WebSite","@id":"https:\/\/informelitoral.com.ar\/#website","url":"https:\/\/informelitoral.com.ar\/","name":"Informe Litoral","description":"&quot;Nos informamos&quot; ","publisher":{"@id":"https:\/\/informelitoral.com.ar\/#organization"},"potentialAction":[{"@type":"SearchAction","target":{"@type":"EntryPoint","urlTemplate":"https:\/\/informelitoral.com.ar\/?s={search_term_string}"},"query-input":{"@type":"PropertyValueSpecification","valueRequired":true,"valueName":"search_term_string"}}],"inLanguage":"es"},{"@type":"Organization","@id":"https:\/\/informelitoral.com.ar\/#organization","name":"Informe Litoral","url":"https:\/\/informelitoral.com.ar\/","logo":{"@type":"ImageObject","inLanguage":"es","@id":"https:\/\/informelitoral.com.ar\/#\/schema\/logo\/image\/","url":"https:\/\/informelitoral.com.ar\/%77%70%2d%63%6f%6e%74%65%6e%74\/uploads\/2021\/01\/circulo.png","contentUrl":"https:\/\/informelitoral.com.ar\/%77%70%2d%63%6f%6e%74%65%6e%74\/uploads\/2021\/01\/circulo.png","width":723,"height":731,"caption":"Informe Litoral"},"image":{"@id":"https:\/\/informelitoral.com.ar\/#\/schema\/logo\/image\/"},"sameAs":["https:\/\/www.facebook.com\/informelitoral\/","https:\/\/x.com\/InformeLitoral","https:\/\/www.instagram.com\/informelitoral\/","https:\/\/www.youtube.com\/channel\/UCua4Qvz8Icb6MYqhoq9xLXw"]},{"@type":"Person","@id":"https:\/\/informelitoral.com.ar\/#\/schema\/person\/b9d00407c836482871ef1d57bf8e3180","name":"Gonzalo Schmidt","image":{"@type":"ImageObject","inLanguage":"es","@id":"https:\/\/secure.gravatar.com\/avatar\/31a1a7b66ff2de83bd0e9fd79d026630d2d99e55e8bfe501287647b4fd9743de?s=96&d=mm&r=g","url":"https:\/\/secure.gravatar.com\/avatar\/31a1a7b66ff2de83bd0e9fd79d026630d2d99e55e8bfe501287647b4fd9743de?s=96&d=mm&r=g","contentUrl":"https:\/\/secure.gravatar.com\/avatar\/31a1a7b66ff2de83bd0e9fd79d026630d2d99e55e8bfe501287647b4fd9743de?s=96&d=mm&r=g","caption":"Gonzalo Schmidt"},"description":"Sitio web de noticias de la provincia de Entre R\u00edos, Argentina. Informaci\u00f3n y entretenimiento. Informe Litoral, nos informamos.","sameAs":["http:\/\/www.isletasnoticias.com.ar"],"url":"https:\/\/informelitoral.com.ar\/author\/gonzalo\/"}]}},"_links":{"self":[{"href":"https:\/\/informelitoral.com.ar\/%77%70%2d%6a%73%6f%6e\/wp\/v2\/posts\/64703","targetHints":{"allow":["GET"]}}],"collection":[{"href":"https:\/\/informelitoral.com.ar\/%77%70%2d%6a%73%6f%6e\/wp\/v2\/posts"}],"about":[{"href":"https:\/\/informelitoral.com.ar\/%77%70%2d%6a%73%6f%6e\/wp\/v2\/types\/post"}],"author":[{"embeddable":true,"href":"https:\/\/informelitoral.com.ar\/%77%70%2d%6a%73%6f%6e\/wp\/v2\/users\/2"}],"replies":[{"embeddable":true,"href":"https:\/\/informelitoral.com.ar\/%77%70%2d%6a%73%6f%6e\/wp\/v2\/comments?post=64703"}],"version-history":[{"count":0,"href":"https:\/\/informelitoral.com.ar\/%77%70%2d%6a%73%6f%6e\/wp\/v2\/posts\/64703\/revisions"}],"wp:featuredmedia":[{"embeddable":true,"href":"https:\/\/informelitoral.com.ar\/%77%70%2d%6a%73%6f%6e\/wp\/v2\/media\/23302"}],"wp:attachment":[{"href":"https:\/\/informelitoral.com.ar\/%77%70%2d%6a%73%6f%6e\/wp\/v2\/media?parent=64703"}],"wp:term":[{"taxonomy":"category","embeddable":true,"href":"https:\/\/informelitoral.com.ar\/%77%70%2d%6a%73%6f%6e\/wp\/v2\/categories?post=64703"},{"taxonomy":"post_tag","embeddable":true,"href":"https:\/\/informelitoral.com.ar\/%77%70%2d%6a%73%6f%6e\/wp\/v2\/tags?post=64703"}],"curies":[{"name":"wp","href":"https:\/\/api.w.org\/{rel}","templated":true}]}}