{"id":64691,"date":"2021-09-05T12:21:27","date_gmt":"2021-09-05T15:21:27","guid":{"rendered":"https:\/\/www.informelitoral.com.ar\/?p=64691"},"modified":"2021-09-05T12:21:27","modified_gmt":"2021-09-05T15:21:27","slug":"entre-rios-cambia-cierra-la-campana-en-cuatro-localidades-de-la-provincia","status":"publish","type":"post","link":"https:\/\/informelitoral.com.ar\/entre-rios-cambia-cierra-la-campana-en-cuatro-localidades-de-la-provincia\/","title":{"rendered":"Entre R\u00edos Cambia cierra la campa\u00f1a en cuatro localidades de la provincia"},"content":{"rendered":"<p class=\"x_MsoNormal\"><span lang=\"ES\"><em><strong>Entre R\u00edos Cambia<\/strong> <\/em>cerrar\u00e1 la campa\u00f1a, antes de las elecciones PASO del 12 de septiembre, en cuatro localidades de la provincia. La lista 502 B que encabezan <strong>Pedro Galimberti, Dar\u00edo Schneider<\/strong> y <strong>Mariana Salinas<\/strong> estar\u00e1n en<strong> Concepci\u00f3n del Uruguay, Concordia, Chajar\u00ed y Paran\u00e1,<\/strong> con lugares y horarios ya definidos.<\/span><\/p>\n<p class=\"x_MsoNormal\"><span lang=\"ES\">La lista tiene su primer cierre este domingo, a las 20.00, en el Club San Mart\u00edn de Concepci\u00f3n del Uruguay. El martes ser\u00e1 en Concordia, a las 20.00, en la Plaza de la Sociedad Rural, frente al Sal\u00f3n de las Am\u00e9ricas. El mi\u00e9rcoles el turno es para Chajar\u00ed, a las 20.00. en el Club V\u00e9lez Sarsfield. El jueves, finalmente, ser\u00e1 el cierre en Paran\u00e1, a las 20.00, en el Club Echague.<\/span><\/p>\n<p class=\"x_MsoNormal\"><span lang=\"ES\">En todos los casos, se respetar\u00e1n los aforos vigentes para la ocupaci\u00f3n de espacios cerrados, junto con las dem\u00e1s medidas de prevenci\u00f3n del covid, como distanciamiento y uso de barbijos.<\/span><\/p>\n<p class=\"x_MsoNormal\"><b><span lang=\"ES\">\u201cHaremos una muy buena elecci\u00f3n\u201d<\/span><\/b><\/p>\n<p class=\"x_MsoNormal\"><span lang=\"ES\">\u00abTendremos el respaldo de los entrerrianos por ser la principal propuesta de la oposici\u00f3n, en un contexto de mucha disconformidad en la gente, tanto con la situaci\u00f3n sanitaria como econ\u00f3mica y social\u00bb, opin\u00f3 Pedro Galimberti. Se mostr\u00f3 optimista e invit\u00f3 a quienes a\u00fan no tienen definido su voto a \u201cacompa\u00f1ar a esta propuesta que cuenta con el aval de cada vez m\u00e1s gente en todos los puntos cardinales de la provincia. Vamos a hacer una muy buena elecci\u00f3n y no es casual el resultado que obtendremos, trabajamos mucho para eso. Estamos satisfechos con la campa\u00f1a, la desarrollamos a pulm\u00f3n, con el convencimiento como principal argumento, porque estamos seguros del camino que estamos haciendo\u00bb.<\/span><\/p>\n<p class=\"x_MsoNormal\"><b><span lang=\"ES\">\u201cPlantarnos como oposici\u00f3n\u201d<\/span><\/b><\/p>\n<p class=\"x_MsoNormal\"><span lang=\"ES\">\u00abNuestra principal tarea es plantarnos como oposici\u00f3n. Tenemos una idea clara, un norte, y sabemos que parte de la soluci\u00f3n a nuestros problemas vienen de la mano de la generaci\u00f3n del trabajo y la producci\u00f3n, que es a lo que apostamos no en los discursos, sino en la pr\u00e1ctica, porque nuestras gestiones locales dan cuenta de eso. Es la principal carta de confianza que tenemos para mostrar a los entrerrianos. No tenemos nada que ocultar y, por el contrario, tenemos gestiones exitosas para mostrar que se puede, que estamos en condiciones y que es el momento para dar el salto hacia un proyecto que incluya a toda la provincia\u00bb a\u00f1adi\u00f3 Schneider.<\/span><\/p>\n<p class=\"x_MsoNormal\"><b><span lang=\"ES\">\u201cEl momento para cambiar\u201d<\/span><\/b><\/p>\n<p class=\"x_MsoNormal\"><span lang=\"ES\">\u00abHay que ir a una sociedad que genere trabajo. Tenemos que cambiar el camino por el que venimos. No hay soluciones m\u00e1gicas, pero es el momento para torcer el rumbo, tomando la decisi\u00f3n de ir por un trayecto donde el trabajo y la producci\u00f3n sean las premisas, con esfuerzo, tiempo y sacrificio. Tenemos un gobierno que toma decisiones ligadas a la ideolog\u00eda y no a lo que necesita la producci\u00f3n en Argentina. Esto provoca p\u00e9rdidas de puestos de trabajo y es algo que tenemos que cambiar. Es el momento para hacerlo, el voto es la herramienta principal para ir por el pa\u00eds que queremos y merecemos. La gran oportunidad la tenemos el pr\u00f3ximo domingo, es el momento para mostrar lo que estamos en condiciones de hacer\u201d, plante\u00f3 Mariana Salinas.<\/span><\/p>\n","protected":false},"excerpt":{"rendered":"<p>Galimberti, Schneider y Salinas estar\u00e1n en Concepci\u00f3n del Uruguay, Concordia, Chajar\u00ed y Paran\u00e1. El cronograma completo en esta nota.<\/p>\n","protected":false},"author":2,"featured_media":64692,"comment_status":"open","ping_status":"open","sticky":false,"template":"","format":"standard","meta":{"fifu_image_url":"","fifu_image_alt":"","footnotes":""},"categories":[16],"tags":[1521,2254,2313],"class_list":{"0":"post-64691","1":"post","2":"type-post","3":"status-publish","4":"format-standard","5":"has-post-thumbnail","7":"category-politi","8":"tag-dario-schneider","9":"tag-elecciones-2021","10":"tag-pedro-galimberti"},"yoast_head":"<title>Entre R\u00edos Cambia cierra la campa\u00f1a en cuatro localidades de la provincia - Informe Litoral<\/title>\n<meta name=\"robots\" content=\"index, follow, max-snippet:-1, max-image-preview:large, max-video-preview:-1\" \/>\n<link rel=\"canonical\" href=\"https:\/\/informelitoral.com.ar\/entre-rios-cambia-cierra-la-campana-en-cuatro-localidades-de-la-provincia\/\" \/>\n<meta property=\"og:locale\" content=\"es_ES\" \/>\n<meta property=\"og:type\" content=\"article\" \/>\n<meta property=\"og:title\" content=\"Entre R\u00edos Cambia cierra la campa\u00f1a en cuatro localidades de la provincia - Informe Litoral\" \/>\n<meta property=\"og:description\" content=\"Galimberti, Schneider y Salinas estar\u00e1n en Concepci\u00f3n del Uruguay, Concordia, Chajar\u00ed y Paran\u00e1. El cronograma completo en esta nota.\" \/>\n<meta property=\"og:url\" content=\"https:\/\/informelitoral.com.ar\/entre-rios-cambia-cierra-la-campana-en-cuatro-localidades-de-la-provincia\/\" \/>\n<meta property=\"og:site_name\" content=\"Informe Litoral\" \/>\n<meta property=\"article:publisher\" content=\"https:\/\/www.facebook.com\/informelitoral\/\" \/>\n<meta property=\"article:published_time\" content=\"2021-09-05T15:21:27+00:00\" \/>\n<meta property=\"og:image\" content=\"https:\/\/informelitoral.com.ar\/%77%70%2d%63%6f%6e%74%65%6e%74\/uploads\/2021\/09\/Schneider-Galimberti-Salinas.jpg\" \/>\n\t<meta property=\"og:image:width\" content=\"1440\" \/>\n\t<meta property=\"og:image:height\" content=\"1004\" \/>\n\t<meta property=\"og:image:type\" content=\"image\/jpeg\" \/>\n<meta name=\"author\" content=\"Gonzalo Schmidt\" \/>\n<meta name=\"twitter:card\" content=\"summary_large_image\" \/>\n<meta name=\"twitter:creator\" content=\"@InformeLitoral\" \/>\n<meta name=\"twitter:site\" content=\"@InformeLitoral\" \/>\n<meta name=\"twitter:label1\" content=\"Escrito por\" \/>\n\t<meta name=\"twitter:data1\" content=\"Gonzalo Schmidt\" \/>\n\t<meta name=\"twitter:label2\" content=\"Tiempo de lectura\" \/>\n\t<meta name=\"twitter:data2\" content=\"3 minutos\" \/>\n<script type=\"application\/ld+json\" class=\"yoast-schema-graph\">{\"@context\":\"https:\\\/\\\/schema.org\",\"@graph\":[{\"@type\":\"Article\",\"@id\":\"https:\\\/\\\/informelitoral.com.ar\\\/entre-rios-cambia-cierra-la-campana-en-cuatro-localidades-de-la-provincia\\\/#article\",\"isPartOf\":{\"@id\":\"https:\\\/\\\/informelitoral.com.ar\\\/entre-rios-cambia-cierra-la-campana-en-cuatro-localidades-de-la-provincia\\\/\"},\"author\":{\"name\":\"Gonzalo Schmidt\",\"@id\":\"https:\\\/\\\/informelitoral.com.ar\\\/#\\\/schema\\\/person\\\/b9d00407c836482871ef1d57bf8e3180\"},\"headline\":\"Entre R\u00edos Cambia cierra la campa\u00f1a en cuatro localidades de la provincia\",\"datePublished\":\"2021-09-05T15:21:27+00:00\",\"mainEntityOfPage\":{\"@id\":\"https:\\\/\\\/informelitoral.com.ar\\\/entre-rios-cambia-cierra-la-campana-en-cuatro-localidades-de-la-provincia\\\/\"},\"wordCount\":563,\"commentCount\":0,\"publisher\":{\"@id\":\"https:\\\/\\\/informelitoral.com.ar\\\/#organization\"},\"image\":{\"@id\":\"https:\\\/\\\/informelitoral.com.ar\\\/entre-rios-cambia-cierra-la-campana-en-cuatro-localidades-de-la-provincia\\\/#primaryimage\"},\"thumbnailUrl\":\"https:\\\/\\\/informelitoral.com.ar\\\/%77%70%2d%63%6f%6e%74%65%6e%74\\\/uploads\\\/2021\\\/09\\\/Schneider-Galimberti-Salinas.jpg\",\"keywords\":[\"Dar\u00edo Schneider\",\"Elecciones 2021\",\"Pedro Galimberti\"],\"articleSection\":[\"Politica\"],\"inLanguage\":\"es\",\"potentialAction\":[{\"@type\":\"CommentAction\",\"name\":\"Comment\",\"target\":[\"https:\\\/\\\/informelitoral.com.ar\\\/entre-rios-cambia-cierra-la-campana-en-cuatro-localidades-de-la-provincia\\\/#respond\"]}]},{\"@type\":\"WebPage\",\"@id\":\"https:\\\/\\\/informelitoral.com.ar\\\/entre-rios-cambia-cierra-la-campana-en-cuatro-localidades-de-la-provincia\\\/\",\"url\":\"https:\\\/\\\/informelitoral.com.ar\\\/entre-rios-cambia-cierra-la-campana-en-cuatro-localidades-de-la-provincia\\\/\",\"name\":\"Entre R\u00edos Cambia cierra la campa\u00f1a en cuatro localidades de la provincia - Informe Litoral\",\"isPartOf\":{\"@id\":\"https:\\\/\\\/informelitoral.com.ar\\\/#website\"},\"primaryImageOfPage\":{\"@id\":\"https:\\\/\\\/informelitoral.com.ar\\\/entre-rios-cambia-cierra-la-campana-en-cuatro-localidades-de-la-provincia\\\/#primaryimage\"},\"image\":{\"@id\":\"https:\\\/\\\/informelitoral.com.ar\\\/entre-rios-cambia-cierra-la-campana-en-cuatro-localidades-de-la-provincia\\\/#primaryimage\"},\"thumbnailUrl\":\"https:\\\/\\\/informelitoral.com.ar\\\/%77%70%2d%63%6f%6e%74%65%6e%74\\\/uploads\\\/2021\\\/09\\\/Schneider-Galimberti-Salinas.jpg\",\"datePublished\":\"2021-09-05T15:21:27+00:00\",\"breadcrumb\":{\"@id\":\"https:\\\/\\\/informelitoral.com.ar\\\/entre-rios-cambia-cierra-la-campana-en-cuatro-localidades-de-la-provincia\\\/#breadcrumb\"},\"inLanguage\":\"es\",\"potentialAction\":[{\"@type\":\"ReadAction\",\"target\":[\"https:\\\/\\\/informelitoral.com.ar\\\/entre-rios-cambia-cierra-la-campana-en-cuatro-localidades-de-la-provincia\\\/\"]}]},{\"@type\":\"ImageObject\",\"inLanguage\":\"es\",\"@id\":\"https:\\\/\\\/informelitoral.com.ar\\\/entre-rios-cambia-cierra-la-campana-en-cuatro-localidades-de-la-provincia\\\/#primaryimage\",\"url\":\"https:\\\/\\\/informelitoral.com.ar\\\/%77%70%2d%63%6f%6e%74%65%6e%74\\\/uploads\\\/2021\\\/09\\\/Schneider-Galimberti-Salinas.jpg\",\"contentUrl\":\"https:\\\/\\\/informelitoral.com.ar\\\/%77%70%2d%63%6f%6e%74%65%6e%74\\\/uploads\\\/2021\\\/09\\\/Schneider-Galimberti-Salinas.jpg\",\"width\":1440,\"height\":1004},{\"@type\":\"BreadcrumbList\",\"@id\":\"https:\\\/\\\/informelitoral.com.ar\\\/entre-rios-cambia-cierra-la-campana-en-cuatro-localidades-de-la-provincia\\\/#breadcrumb\",\"itemListElement\":[{\"@type\":\"ListItem\",\"position\":1,\"name\":\"Portada\",\"item\":\"https:\\\/\\\/informelitoral.com.ar\\\/\"},{\"@type\":\"ListItem\",\"position\":2,\"name\":\"Entre R\u00edos Cambia cierra la campa\u00f1a en cuatro localidades de la provincia\"}]},{\"@type\":\"WebSite\",\"@id\":\"https:\\\/\\\/informelitoral.com.ar\\\/#website\",\"url\":\"https:\\\/\\\/informelitoral.com.ar\\\/\",\"name\":\"Informe Litoral\",\"description\":\"&quot;Nos informamos&quot; \",\"publisher\":{\"@id\":\"https:\\\/\\\/informelitoral.com.ar\\\/#organization\"},\"potentialAction\":[{\"@type\":\"SearchAction\",\"target\":{\"@type\":\"EntryPoint\",\"urlTemplate\":\"https:\\\/\\\/informelitoral.com.ar\\\/?s={search_term_string}\"},\"query-input\":{\"@type\":\"PropertyValueSpecification\",\"valueRequired\":true,\"valueName\":\"search_term_string\"}}],\"inLanguage\":\"es\"},{\"@type\":\"Organization\",\"@id\":\"https:\\\/\\\/informelitoral.com.ar\\\/#organization\",\"name\":\"Informe Litoral\",\"url\":\"https:\\\/\\\/informelitoral.com.ar\\\/\",\"logo\":{\"@type\":\"ImageObject\",\"inLanguage\":\"es\",\"@id\":\"https:\\\/\\\/informelitoral.com.ar\\\/#\\\/schema\\\/logo\\\/image\\\/\",\"url\":\"https:\\\/\\\/informelitoral.com.ar\\\/%77%70%2d%63%6f%6e%74%65%6e%74\\\/uploads\\\/2021\\\/01\\\/circulo.png\",\"contentUrl\":\"https:\\\/\\\/informelitoral.com.ar\\\/%77%70%2d%63%6f%6e%74%65%6e%74\\\/uploads\\\/2021\\\/01\\\/circulo.png\",\"width\":723,\"height\":731,\"caption\":\"Informe Litoral\"},\"image\":{\"@id\":\"https:\\\/\\\/informelitoral.com.ar\\\/#\\\/schema\\\/logo\\\/image\\\/\"},\"sameAs\":[\"https:\\\/\\\/www.facebook.com\\\/informelitoral\\\/\",\"https:\\\/\\\/x.com\\\/InformeLitoral\",\"https:\\\/\\\/www.instagram.com\\\/informelitoral\\\/\",\"https:\\\/\\\/www.youtube.com\\\/channel\\\/UCua4Qvz8Icb6MYqhoq9xLXw\"]},{\"@type\":\"Person\",\"@id\":\"https:\\\/\\\/informelitoral.com.ar\\\/#\\\/schema\\\/person\\\/b9d00407c836482871ef1d57bf8e3180\",\"name\":\"Gonzalo Schmidt\",\"image\":{\"@type\":\"ImageObject\",\"inLanguage\":\"es\",\"@id\":\"https:\\\/\\\/secure.gravatar.com\\\/avatar\\\/31a1a7b66ff2de83bd0e9fd79d026630d2d99e55e8bfe501287647b4fd9743de?s=96&d=mm&r=g\",\"url\":\"https:\\\/\\\/secure.gravatar.com\\\/avatar\\\/31a1a7b66ff2de83bd0e9fd79d026630d2d99e55e8bfe501287647b4fd9743de?s=96&d=mm&r=g\",\"contentUrl\":\"https:\\\/\\\/secure.gravatar.com\\\/avatar\\\/31a1a7b66ff2de83bd0e9fd79d026630d2d99e55e8bfe501287647b4fd9743de?s=96&d=mm&r=g\",\"caption\":\"Gonzalo Schmidt\"},\"description\":\"Sitio web de noticias de la provincia de Entre R\u00edos, Argentina. Informaci\u00f3n y entretenimiento. Informe Litoral, nos informamos.\",\"sameAs\":[\"http:\\\/\\\/www.isletasnoticias.com.ar\"],\"url\":\"https:\\\/\\\/informelitoral.com.ar\\\/author\\\/gonzalo\\\/\"}]}<\/script>","yoast_head_json":{"title":"Entre R\u00edos Cambia cierra la campa\u00f1a en cuatro localidades de la provincia - Informe Litoral","robots":{"index":"index","follow":"follow","max-snippet":"max-snippet:-1","max-image-preview":"max-image-preview:large","max-video-preview":"max-video-preview:-1"},"canonical":"https:\/\/informelitoral.com.ar\/entre-rios-cambia-cierra-la-campana-en-cuatro-localidades-de-la-provincia\/","og_locale":"es_ES","og_type":"article","og_title":"Entre R\u00edos Cambia cierra la campa\u00f1a en cuatro localidades de la provincia - Informe Litoral","og_description":"Galimberti, Schneider y Salinas estar\u00e1n en Concepci\u00f3n del Uruguay, Concordia, Chajar\u00ed y Paran\u00e1. El cronograma completo en esta nota.","og_url":"https:\/\/informelitoral.com.ar\/entre-rios-cambia-cierra-la-campana-en-cuatro-localidades-de-la-provincia\/","og_site_name":"Informe Litoral","article_publisher":"https:\/\/www.facebook.com\/informelitoral\/","article_published_time":"2021-09-05T15:21:27+00:00","og_image":[{"width":1440,"height":1004,"url":"https:\/\/informelitoral.com.ar\/%77%70%2d%63%6f%6e%74%65%6e%74\/uploads\/2021\/09\/Schneider-Galimberti-Salinas.jpg","type":"image\/jpeg"}],"author":"Gonzalo Schmidt","twitter_card":"summary_large_image","twitter_creator":"@InformeLitoral","twitter_site":"@InformeLitoral","twitter_misc":{"Escrito por":"Gonzalo Schmidt","Tiempo de lectura":"3 minutos"},"schema":{"@context":"https:\/\/schema.org","@graph":[{"@type":"Article","@id":"https:\/\/informelitoral.com.ar\/entre-rios-cambia-cierra-la-campana-en-cuatro-localidades-de-la-provincia\/#article","isPartOf":{"@id":"https:\/\/informelitoral.com.ar\/entre-rios-cambia-cierra-la-campana-en-cuatro-localidades-de-la-provincia\/"},"author":{"name":"Gonzalo Schmidt","@id":"https:\/\/informelitoral.com.ar\/#\/schema\/person\/b9d00407c836482871ef1d57bf8e3180"},"headline":"Entre R\u00edos Cambia cierra la campa\u00f1a en cuatro localidades de la provincia","datePublished":"2021-09-05T15:21:27+00:00","mainEntityOfPage":{"@id":"https:\/\/informelitoral.com.ar\/entre-rios-cambia-cierra-la-campana-en-cuatro-localidades-de-la-provincia\/"},"wordCount":563,"commentCount":0,"publisher":{"@id":"https:\/\/informelitoral.com.ar\/#organization"},"image":{"@id":"https:\/\/informelitoral.com.ar\/entre-rios-cambia-cierra-la-campana-en-cuatro-localidades-de-la-provincia\/#primaryimage"},"thumbnailUrl":"https:\/\/informelitoral.com.ar\/%77%70%2d%63%6f%6e%74%65%6e%74\/uploads\/2021\/09\/Schneider-Galimberti-Salinas.jpg","keywords":["Dar\u00edo Schneider","Elecciones 2021","Pedro Galimberti"],"articleSection":["Politica"],"inLanguage":"es","potentialAction":[{"@type":"CommentAction","name":"Comment","target":["https:\/\/informelitoral.com.ar\/entre-rios-cambia-cierra-la-campana-en-cuatro-localidades-de-la-provincia\/#respond"]}]},{"@type":"WebPage","@id":"https:\/\/informelitoral.com.ar\/entre-rios-cambia-cierra-la-campana-en-cuatro-localidades-de-la-provincia\/","url":"https:\/\/informelitoral.com.ar\/entre-rios-cambia-cierra-la-campana-en-cuatro-localidades-de-la-provincia\/","name":"Entre R\u00edos Cambia cierra la campa\u00f1a en cuatro localidades de la provincia - Informe Litoral","isPartOf":{"@id":"https:\/\/informelitoral.com.ar\/#website"},"primaryImageOfPage":{"@id":"https:\/\/informelitoral.com.ar\/entre-rios-cambia-cierra-la-campana-en-cuatro-localidades-de-la-provincia\/#primaryimage"},"image":{"@id":"https:\/\/informelitoral.com.ar\/entre-rios-cambia-cierra-la-campana-en-cuatro-localidades-de-la-provincia\/#primaryimage"},"thumbnailUrl":"https:\/\/informelitoral.com.ar\/%77%70%2d%63%6f%6e%74%65%6e%74\/uploads\/2021\/09\/Schneider-Galimberti-Salinas.jpg","datePublished":"2021-09-05T15:21:27+00:00","breadcrumb":{"@id":"https:\/\/informelitoral.com.ar\/entre-rios-cambia-cierra-la-campana-en-cuatro-localidades-de-la-provincia\/#breadcrumb"},"inLanguage":"es","potentialAction":[{"@type":"ReadAction","target":["https:\/\/informelitoral.com.ar\/entre-rios-cambia-cierra-la-campana-en-cuatro-localidades-de-la-provincia\/"]}]},{"@type":"ImageObject","inLanguage":"es","@id":"https:\/\/informelitoral.com.ar\/entre-rios-cambia-cierra-la-campana-en-cuatro-localidades-de-la-provincia\/#primaryimage","url":"https:\/\/informelitoral.com.ar\/%77%70%2d%63%6f%6e%74%65%6e%74\/uploads\/2021\/09\/Schneider-Galimberti-Salinas.jpg","contentUrl":"https:\/\/informelitoral.com.ar\/%77%70%2d%63%6f%6e%74%65%6e%74\/uploads\/2021\/09\/Schneider-Galimberti-Salinas.jpg","width":1440,"height":1004},{"@type":"BreadcrumbList","@id":"https:\/\/informelitoral.com.ar\/entre-rios-cambia-cierra-la-campana-en-cuatro-localidades-de-la-provincia\/#breadcrumb","itemListElement":[{"@type":"ListItem","position":1,"name":"Portada","item":"https:\/\/informelitoral.com.ar\/"},{"@type":"ListItem","position":2,"name":"Entre R\u00edos Cambia cierra la campa\u00f1a en cuatro localidades de la provincia"}]},{"@type":"WebSite","@id":"https:\/\/informelitoral.com.ar\/#website","url":"https:\/\/informelitoral.com.ar\/","name":"Informe Litoral","description":"&quot;Nos informamos&quot; ","publisher":{"@id":"https:\/\/informelitoral.com.ar\/#organization"},"potentialAction":[{"@type":"SearchAction","target":{"@type":"EntryPoint","urlTemplate":"https:\/\/informelitoral.com.ar\/?s={search_term_string}"},"query-input":{"@type":"PropertyValueSpecification","valueRequired":true,"valueName":"search_term_string"}}],"inLanguage":"es"},{"@type":"Organization","@id":"https:\/\/informelitoral.com.ar\/#organization","name":"Informe Litoral","url":"https:\/\/informelitoral.com.ar\/","logo":{"@type":"ImageObject","inLanguage":"es","@id":"https:\/\/informelitoral.com.ar\/#\/schema\/logo\/image\/","url":"https:\/\/informelitoral.com.ar\/%77%70%2d%63%6f%6e%74%65%6e%74\/uploads\/2021\/01\/circulo.png","contentUrl":"https:\/\/informelitoral.com.ar\/%77%70%2d%63%6f%6e%74%65%6e%74\/uploads\/2021\/01\/circulo.png","width":723,"height":731,"caption":"Informe Litoral"},"image":{"@id":"https:\/\/informelitoral.com.ar\/#\/schema\/logo\/image\/"},"sameAs":["https:\/\/www.facebook.com\/informelitoral\/","https:\/\/x.com\/InformeLitoral","https:\/\/www.instagram.com\/informelitoral\/","https:\/\/www.youtube.com\/channel\/UCua4Qvz8Icb6MYqhoq9xLXw"]},{"@type":"Person","@id":"https:\/\/informelitoral.com.ar\/#\/schema\/person\/b9d00407c836482871ef1d57bf8e3180","name":"Gonzalo Schmidt","image":{"@type":"ImageObject","inLanguage":"es","@id":"https:\/\/secure.gravatar.com\/avatar\/31a1a7b66ff2de83bd0e9fd79d026630d2d99e55e8bfe501287647b4fd9743de?s=96&d=mm&r=g","url":"https:\/\/secure.gravatar.com\/avatar\/31a1a7b66ff2de83bd0e9fd79d026630d2d99e55e8bfe501287647b4fd9743de?s=96&d=mm&r=g","contentUrl":"https:\/\/secure.gravatar.com\/avatar\/31a1a7b66ff2de83bd0e9fd79d026630d2d99e55e8bfe501287647b4fd9743de?s=96&d=mm&r=g","caption":"Gonzalo Schmidt"},"description":"Sitio web de noticias de la provincia de Entre R\u00edos, Argentina. Informaci\u00f3n y entretenimiento. Informe Litoral, nos informamos.","sameAs":["http:\/\/www.isletasnoticias.com.ar"],"url":"https:\/\/informelitoral.com.ar\/author\/gonzalo\/"}]}},"_links":{"self":[{"href":"https:\/\/informelitoral.com.ar\/%77%70%2d%6a%73%6f%6e\/wp\/v2\/posts\/64691","targetHints":{"allow":["GET"]}}],"collection":[{"href":"https:\/\/informelitoral.com.ar\/%77%70%2d%6a%73%6f%6e\/wp\/v2\/posts"}],"about":[{"href":"https:\/\/informelitoral.com.ar\/%77%70%2d%6a%73%6f%6e\/wp\/v2\/types\/post"}],"author":[{"embeddable":true,"href":"https:\/\/informelitoral.com.ar\/%77%70%2d%6a%73%6f%6e\/wp\/v2\/users\/2"}],"replies":[{"embeddable":true,"href":"https:\/\/informelitoral.com.ar\/%77%70%2d%6a%73%6f%6e\/wp\/v2\/comments?post=64691"}],"version-history":[{"count":0,"href":"https:\/\/informelitoral.com.ar\/%77%70%2d%6a%73%6f%6e\/wp\/v2\/posts\/64691\/revisions"}],"wp:featuredmedia":[{"embeddable":true,"href":"https:\/\/informelitoral.com.ar\/%77%70%2d%6a%73%6f%6e\/wp\/v2\/media\/64692"}],"wp:attachment":[{"href":"https:\/\/informelitoral.com.ar\/%77%70%2d%6a%73%6f%6e\/wp\/v2\/media?parent=64691"}],"wp:term":[{"taxonomy":"category","embeddable":true,"href":"https:\/\/informelitoral.com.ar\/%77%70%2d%6a%73%6f%6e\/wp\/v2\/categories?post=64691"},{"taxonomy":"post_tag","embeddable":true,"href":"https:\/\/informelitoral.com.ar\/%77%70%2d%6a%73%6f%6e\/wp\/v2\/tags?post=64691"}],"curies":[{"name":"wp","href":"https:\/\/api.w.org\/{rel}","templated":true}]}}