{"id":6467,"date":"2014-04-08T07:57:11","date_gmt":"2014-04-08T10:57:11","guid":{"rendered":"http:\/\/www.isletasnoticias.com.ar\/?p=6467"},"modified":"2014-04-08T07:57:11","modified_gmt":"2014-04-08T10:57:11","slug":"se-vendio-el-frigorifico-san-jose","status":"publish","type":"post","link":"https:\/\/informelitoral.com.ar\/se-vendio-el-frigorifico-san-jose\/","title":{"rendered":"Se vendi\u00f3 el frigor\u00edfico San Jos\u00e9"},"content":{"rendered":"<p><strong>La Procesadora Ganadera Entrerriana S.A. (tal la denominaci\u00f3n de la sociedad mixta de mayor\u00eda estatal que ten\u00eda a su cargo el frigor\u00edfico de la ciudad de San Jos\u00e9) se vendi\u00f3 a una empresa porte\u00f1a cuyo nombre todav\u00eda es una inc\u00f3gnita.<\/strong><\/p>\n<p style=\"text-align: center;\"><a href=\"http:\/\/www.isletasnoticias.com.ar\/%77%70%2d%63%6f%6e%74%65%6e%74\/uploads\/2014\/04\/ARCHI_121101.jpg\"><img loading=\"lazy\" decoding=\"async\" class=\"aligncenter  wp-image-6468\" alt=\"ARCHI_121101\" src=\"http:\/\/www.isletasnoticias.com.ar\/%77%70%2d%63%6f%6e%74%65%6e%74\/uploads\/2014\/04\/ARCHI_121101-300x159.jpg\" width=\"500\" height=\"300\" \/><\/a><\/p>\n<div>\n<p>La firma ya est\u00e1 puesta. O sea, la operaci\u00f3n est\u00e1 cerrada. As\u00ed lo pudo saber El Entre R\u00edos en forma extraoficial.\u00a0 Se especula con que asumir\u00e1n funciones esta semana y que se reunir\u00edan con los empleados para ponerlos al tanto de c\u00f3mo reanudar\u00e1n su trabajo.<\/p>\n<p>El jueves, autoridades del Sindicato de la Carne, encabezadas por Carlos Molinares, hab\u00edan llevado a cabo una conferencia de prensa en San Jos\u00e9 para hablar de la conflictiva situaci\u00f3n del frigor\u00edfico y su supuesta venta, cuya postergada operaci\u00f3n iba a concretarse ese d\u00eda.<\/p>\n<p>\u201cEn asamblea hab\u00edamos decidido iniciar acciones en defensa de los derechos de los trabajadores, en caso de no tener en estos d\u00edas respuesta sobre una soluci\u00f3n a la venta del frigor\u00edfico. Hasta ayer (por el mi\u00e9rcoles) hab\u00eda ciertos nubarrones, pero hoy gracias a Dios por la informaci\u00f3n que tenemos desde la Provincia, es uno de los d\u00edas importantes en la negociaci\u00f3n, as\u00ed que suspendimos las medidas programadas para esta jornada. Esperamos que en el transcurso del d\u00eda se resuelva la venta y los trabajadores puedan recuperar lo que dignifica, que es su trabajo\u201d, dijo el sindicalista.<\/p>\n<p>\u201cQueremos aprovechar que est\u00e1n los medios para solicitar al gobierno provincial, las autoridades de PGE y al sector privado que, de cerrarse la operaci\u00f3n, la semana que viene se hagan presentes para informar a los trabajadores sobre la deuda que tienen con ellos, porque hay quienes est\u00e1n en garant\u00eda horaria, no est\u00e1n trabajando ni cobrando sus salarios. Pero tambi\u00e9n hay compa\u00f1eros que est\u00e1n trabajando activamente etiquetando conservas y que tampoco est\u00e1n cobrando\u201d, asegur\u00f3.<\/p>\n<p>Respecto a los compradores, Molinares dijo que los empresarios fueron presentados al gobierno provincial por la Federaci\u00f3n de la Carne. \u201cA partir de ah\u00ed se iniciaron las negociaciones. L\u00f3gicamente no conocemos a todos; no podemos poner las manos en el fuego. Pedimos a la Provincia que haga los tr\u00e1mites administrativos para saber qui\u00e9nes son; dicen que tanto ellos como Naci\u00f3n los evaluaron y est\u00e1n en condiciones de hacerse cargo de la planta. Nosotros como sindicato no tenemos todas las herramientas administrativas para hacer una radiograf\u00eda del sector empresario\u201d.<\/p>\n<p>Al ser consultado sobre el margen de espera con el que cuentan para resolver el conflicto, el dirigente mostr\u00f3 contundencia: \u201cSi nosotros analizamos la situaci\u00f3n de la gente, el margen de espera ya est\u00e1 agotado. Porque a la incertidumbre se suma que no est\u00e1n cobrando al d\u00eda. Hace dos meses que venimos solicitando a las autoridades de PGE y al gobierno provincial que se hagan presentes, pero no para decirnos que se firma hoy, sino para dar la cara\u201d.<\/p>\n<p>En el reparto de responsabilidades, no dej\u00f3 afuera al gobierno nacional. \u201cSi no se dieron cuestiones para que PGE funcione, nosotros no decimos que es culpa de la provincia o del sector privado, no se dieron porque no hay un contexto dentro de la actividad o pol\u00edticas del gobierno nacional para que esto funcione\u201d.<\/p>\n<p>Pero no dej\u00f3 afuera al gobierno de Entre R\u00edos: \u201cy tambi\u00e9n no nos podemos olvidar que hay una transacci\u00f3n entre un privado y la provincia; queremos que el gobierno garantice si va a ser netamente exportador como informaron, y que se le den las herramientas para que puedan funcionar. Hace dos o tres meses no se estaban entregando los rollos de exportaci\u00f3n para el sector\u201d.<\/p>\n<p>\u201cNo estamos dispuestos a seguir tolerando m\u00e1s compa\u00f1eros en la calle, con garant\u00eda horaria, o suspendidos\u201d, aclar\u00f3.<\/p>\n<p>\u201cHasta hoy llegamos\u201d, dijo Carlos Molinares. \u201cSi esta semana no se resuelve nos volveremos a reunir en asamblea; ya est\u00e1 decidida la acci\u00f3n que haremos pero tenemos que juntarnos para ver c\u00f3mo lo vamos a manejar y lo comunicaremos a los medios de prensa\u201d.<\/p>\n<p>\u201cSi no se firma deber\u00e1n bajar a dar la cara\u201d, dijo en referencia al gobierno y a las autoridades. \u201cFaltan pol\u00edticas claras para el sector, si esto no cambia vamos a tener problemas nuevamente. Nosotros lo estamos advirtiendo\u201d, sentenci\u00f3.<\/p>\n<\/div>\n<p style=\"text-align: left;\">Fuente: <em>El Entre R\u00edos\u00a0<\/em><\/p>\n","protected":false},"excerpt":{"rendered":"<p>La Procesadora Ganadera Entrerriana S.A. (tal la denominaci&oacute;n de la sociedad mixta de mayor&iacute;a estatal que ten&iacute;a a su cargo el frigor&iacute;fico de la ciudad de San Jos&eacute;) se vendi&oacute; a una empresa porte&ntilde;a cuyo nombre todav&iacute;a es una inc&oacute;gnita. La firma ya est&aacute; puesta. O sea, la operaci&oacute;n est&aacute; cerrada. As&iacute; lo pudo saber [&hellip;]<\/p>\n","protected":false},"author":2,"featured_media":0,"comment_status":"open","ping_status":"open","sticky":false,"template":"","format":"standard","meta":{"fifu_image_url":"","fifu_image_alt":"","footnotes":""},"categories":[6],"tags":[],"class_list":{"0":"post-6467","1":"post","2":"type-post","3":"status-publish","4":"format-standard","6":"category-entre-rios"},"yoast_head":"<title>Se vendi\u00f3 el frigor\u00edfico San Jos\u00e9  - Informe Litoral<\/title>\n<meta name=\"robots\" content=\"index, follow, max-snippet:-1, max-image-preview:large, max-video-preview:-1\" \/>\n<link rel=\"canonical\" href=\"https:\/\/informelitoral.com.ar\/se-vendio-el-frigorifico-san-jose\/\" \/>\n<meta property=\"og:locale\" content=\"es_ES\" \/>\n<meta property=\"og:type\" content=\"article\" \/>\n<meta property=\"og:title\" content=\"Se vendi\u00f3 el frigor\u00edfico San Jos\u00e9  - Informe Litoral\" \/>\n<meta property=\"og:description\" content=\"La Procesadora Ganadera Entrerriana S.A. (tal la denominaci&oacute;n de la sociedad mixta de mayor&iacute;a estatal que ten&iacute;a a su cargo el frigor&iacute;fico de la ciudad de San Jos&eacute;) se vendi&oacute; a una empresa porte&ntilde;a cuyo nombre todav&iacute;a es una inc&oacute;gnita. La firma ya est&aacute; puesta. O sea, la operaci&oacute;n est&aacute; cerrada. As&iacute; lo pudo saber [&hellip;]\" \/>\n<meta property=\"og:url\" content=\"https:\/\/informelitoral.com.ar\/se-vendio-el-frigorifico-san-jose\/\" \/>\n<meta property=\"og:site_name\" content=\"Informe Litoral\" \/>\n<meta property=\"article:publisher\" content=\"https:\/\/www.facebook.com\/informelitoral\/\" \/>\n<meta property=\"article:published_time\" content=\"2014-04-08T10:57:11+00:00\" \/>\n<meta property=\"og:image\" content=\"https:\/\/informelitoral.com.ar\/%77%70%2d%63%6f%6e%74%65%6e%74\/uploads\/2014\/04\/ARCHI_121101.jpg\" \/>\n\t<meta property=\"og:image:width\" content=\"640\" \/>\n\t<meta property=\"og:image:height\" content=\"340\" \/>\n\t<meta property=\"og:image:type\" content=\"image\/jpeg\" \/>\n<meta name=\"author\" content=\"Gonzalo Schmidt\" \/>\n<meta name=\"twitter:card\" content=\"summary_large_image\" \/>\n<meta name=\"twitter:creator\" content=\"@InformeLitoral\" \/>\n<meta name=\"twitter:site\" content=\"@InformeLitoral\" \/>\n<meta name=\"twitter:label1\" content=\"Escrito por\" \/>\n\t<meta name=\"twitter:data1\" content=\"Gonzalo Schmidt\" \/>\n\t<meta name=\"twitter:label2\" content=\"Tiempo de lectura\" \/>\n\t<meta name=\"twitter:data2\" content=\"4 minutos\" \/>\n<script type=\"application\/ld+json\" class=\"yoast-schema-graph\">{\"@context\":\"https:\\\/\\\/schema.org\",\"@graph\":[{\"@type\":\"Article\",\"@id\":\"https:\\\/\\\/informelitoral.com.ar\\\/se-vendio-el-frigorifico-san-jose\\\/#article\",\"isPartOf\":{\"@id\":\"https:\\\/\\\/informelitoral.com.ar\\\/se-vendio-el-frigorifico-san-jose\\\/\"},\"author\":{\"name\":\"Gonzalo Schmidt\",\"@id\":\"https:\\\/\\\/informelitoral.com.ar\\\/#\\\/schema\\\/person\\\/b9d00407c836482871ef1d57bf8e3180\"},\"headline\":\"Se vendi\u00f3 el frigor\u00edfico San Jos\u00e9\",\"datePublished\":\"2014-04-08T10:57:11+00:00\",\"mainEntityOfPage\":{\"@id\":\"https:\\\/\\\/informelitoral.com.ar\\\/se-vendio-el-frigorifico-san-jose\\\/\"},\"wordCount\":755,\"commentCount\":0,\"publisher\":{\"@id\":\"https:\\\/\\\/informelitoral.com.ar\\\/#organization\"},\"image\":{\"@id\":\"https:\\\/\\\/informelitoral.com.ar\\\/se-vendio-el-frigorifico-san-jose\\\/#primaryimage\"},\"thumbnailUrl\":\"http:\\\/\\\/www.isletasnoticias.com.ar\\\/%77%70%2d%63%6f%6e%74%65%6e%74\\\/uploads\\\/2014\\\/04\\\/ARCHI_121101-300x159.jpg\",\"articleSection\":[\"Entre R\u00edos\"],\"inLanguage\":\"es\",\"potentialAction\":[{\"@type\":\"CommentAction\",\"name\":\"Comment\",\"target\":[\"https:\\\/\\\/informelitoral.com.ar\\\/se-vendio-el-frigorifico-san-jose\\\/#respond\"]}]},{\"@type\":\"WebPage\",\"@id\":\"https:\\\/\\\/informelitoral.com.ar\\\/se-vendio-el-frigorifico-san-jose\\\/\",\"url\":\"https:\\\/\\\/informelitoral.com.ar\\\/se-vendio-el-frigorifico-san-jose\\\/\",\"name\":\"Se vendi\u00f3 el frigor\u00edfico San Jos\u00e9 - Informe Litoral\",\"isPartOf\":{\"@id\":\"https:\\\/\\\/informelitoral.com.ar\\\/#website\"},\"primaryImageOfPage\":{\"@id\":\"https:\\\/\\\/informelitoral.com.ar\\\/se-vendio-el-frigorifico-san-jose\\\/#primaryimage\"},\"image\":{\"@id\":\"https:\\\/\\\/informelitoral.com.ar\\\/se-vendio-el-frigorifico-san-jose\\\/#primaryimage\"},\"thumbnailUrl\":\"http:\\\/\\\/www.isletasnoticias.com.ar\\\/%77%70%2d%63%6f%6e%74%65%6e%74\\\/uploads\\\/2014\\\/04\\\/ARCHI_121101-300x159.jpg\",\"datePublished\":\"2014-04-08T10:57:11+00:00\",\"breadcrumb\":{\"@id\":\"https:\\\/\\\/informelitoral.com.ar\\\/se-vendio-el-frigorifico-san-jose\\\/#breadcrumb\"},\"inLanguage\":\"es\",\"potentialAction\":[{\"@type\":\"ReadAction\",\"target\":[\"https:\\\/\\\/informelitoral.com.ar\\\/se-vendio-el-frigorifico-san-jose\\\/\"]}]},{\"@type\":\"ImageObject\",\"inLanguage\":\"es\",\"@id\":\"https:\\\/\\\/informelitoral.com.ar\\\/se-vendio-el-frigorifico-san-jose\\\/#primaryimage\",\"url\":\"http:\\\/\\\/www.isletasnoticias.com.ar\\\/%77%70%2d%63%6f%6e%74%65%6e%74\\\/uploads\\\/2014\\\/04\\\/ARCHI_121101-300x159.jpg\",\"contentUrl\":\"http:\\\/\\\/www.isletasnoticias.com.ar\\\/%77%70%2d%63%6f%6e%74%65%6e%74\\\/uploads\\\/2014\\\/04\\\/ARCHI_121101-300x159.jpg\"},{\"@type\":\"BreadcrumbList\",\"@id\":\"https:\\\/\\\/informelitoral.com.ar\\\/se-vendio-el-frigorifico-san-jose\\\/#breadcrumb\",\"itemListElement\":[{\"@type\":\"ListItem\",\"position\":1,\"name\":\"Portada\",\"item\":\"https:\\\/\\\/informelitoral.com.ar\\\/\"},{\"@type\":\"ListItem\",\"position\":2,\"name\":\"Se vendi\u00f3 el frigor\u00edfico San Jos\u00e9\"}]},{\"@type\":\"WebSite\",\"@id\":\"https:\\\/\\\/informelitoral.com.ar\\\/#website\",\"url\":\"https:\\\/\\\/informelitoral.com.ar\\\/\",\"name\":\"Informe Litoral\",\"description\":\"&quot;Nos informamos&quot; \",\"publisher\":{\"@id\":\"https:\\\/\\\/informelitoral.com.ar\\\/#organization\"},\"potentialAction\":[{\"@type\":\"SearchAction\",\"target\":{\"@type\":\"EntryPoint\",\"urlTemplate\":\"https:\\\/\\\/informelitoral.com.ar\\\/?s={search_term_string}\"},\"query-input\":{\"@type\":\"PropertyValueSpecification\",\"valueRequired\":true,\"valueName\":\"search_term_string\"}}],\"inLanguage\":\"es\"},{\"@type\":\"Organization\",\"@id\":\"https:\\\/\\\/informelitoral.com.ar\\\/#organization\",\"name\":\"Informe Litoral\",\"url\":\"https:\\\/\\\/informelitoral.com.ar\\\/\",\"logo\":{\"@type\":\"ImageObject\",\"inLanguage\":\"es\",\"@id\":\"https:\\\/\\\/informelitoral.com.ar\\\/#\\\/schema\\\/logo\\\/image\\\/\",\"url\":\"https:\\\/\\\/informelitoral.com.ar\\\/%77%70%2d%63%6f%6e%74%65%6e%74\\\/uploads\\\/2021\\\/01\\\/circulo.png\",\"contentUrl\":\"https:\\\/\\\/informelitoral.com.ar\\\/%77%70%2d%63%6f%6e%74%65%6e%74\\\/uploads\\\/2021\\\/01\\\/circulo.png\",\"width\":723,\"height\":731,\"caption\":\"Informe Litoral\"},\"image\":{\"@id\":\"https:\\\/\\\/informelitoral.com.ar\\\/#\\\/schema\\\/logo\\\/image\\\/\"},\"sameAs\":[\"https:\\\/\\\/www.facebook.com\\\/informelitoral\\\/\",\"https:\\\/\\\/x.com\\\/InformeLitoral\",\"https:\\\/\\\/www.instagram.com\\\/informelitoral\\\/\",\"https:\\\/\\\/www.youtube.com\\\/channel\\\/UCua4Qvz8Icb6MYqhoq9xLXw\"]},{\"@type\":\"Person\",\"@id\":\"https:\\\/\\\/informelitoral.com.ar\\\/#\\\/schema\\\/person\\\/b9d00407c836482871ef1d57bf8e3180\",\"name\":\"Gonzalo Schmidt\",\"image\":{\"@type\":\"ImageObject\",\"inLanguage\":\"es\",\"@id\":\"https:\\\/\\\/secure.gravatar.com\\\/avatar\\\/31a1a7b66ff2de83bd0e9fd79d026630d2d99e55e8bfe501287647b4fd9743de?s=96&d=mm&r=g\",\"url\":\"https:\\\/\\\/secure.gravatar.com\\\/avatar\\\/31a1a7b66ff2de83bd0e9fd79d026630d2d99e55e8bfe501287647b4fd9743de?s=96&d=mm&r=g\",\"contentUrl\":\"https:\\\/\\\/secure.gravatar.com\\\/avatar\\\/31a1a7b66ff2de83bd0e9fd79d026630d2d99e55e8bfe501287647b4fd9743de?s=96&d=mm&r=g\",\"caption\":\"Gonzalo Schmidt\"},\"description\":\"Sitio web de noticias de la provincia de Entre R\u00edos, Argentina. Informaci\u00f3n y entretenimiento. Informe Litoral, nos informamos.\",\"sameAs\":[\"http:\\\/\\\/www.isletasnoticias.com.ar\"],\"url\":\"https:\\\/\\\/informelitoral.com.ar\\\/author\\\/gonzalo\\\/\"}]}<\/script>","yoast_head_json":{"title":"Se vendi\u00f3 el frigor\u00edfico San Jos\u00e9  - Informe Litoral","robots":{"index":"index","follow":"follow","max-snippet":"max-snippet:-1","max-image-preview":"max-image-preview:large","max-video-preview":"max-video-preview:-1"},"canonical":"https:\/\/informelitoral.com.ar\/se-vendio-el-frigorifico-san-jose\/","og_locale":"es_ES","og_type":"article","og_title":"Se vendi\u00f3 el frigor\u00edfico San Jos\u00e9  - Informe Litoral","og_description":"La Procesadora Ganadera Entrerriana S.A. (tal la denominaci&oacute;n de la sociedad mixta de mayor&iacute;a estatal que ten&iacute;a a su cargo el frigor&iacute;fico de la ciudad de San Jos&eacute;) se vendi&oacute; a una empresa porte&ntilde;a cuyo nombre todav&iacute;a es una inc&oacute;gnita. La firma ya est&aacute; puesta. O sea, la operaci&oacute;n est&aacute; cerrada. As&iacute; lo pudo saber [&hellip;]","og_url":"https:\/\/informelitoral.com.ar\/se-vendio-el-frigorifico-san-jose\/","og_site_name":"Informe Litoral","article_publisher":"https:\/\/www.facebook.com\/informelitoral\/","article_published_time":"2014-04-08T10:57:11+00:00","og_image":[{"width":640,"height":340,"url":"https:\/\/informelitoral.com.ar\/%77%70%2d%63%6f%6e%74%65%6e%74\/uploads\/2014\/04\/ARCHI_121101.jpg","type":"image\/jpeg"}],"author":"Gonzalo Schmidt","twitter_card":"summary_large_image","twitter_creator":"@InformeLitoral","twitter_site":"@InformeLitoral","twitter_misc":{"Escrito por":"Gonzalo Schmidt","Tiempo de lectura":"4 minutos"},"schema":{"@context":"https:\/\/schema.org","@graph":[{"@type":"Article","@id":"https:\/\/informelitoral.com.ar\/se-vendio-el-frigorifico-san-jose\/#article","isPartOf":{"@id":"https:\/\/informelitoral.com.ar\/se-vendio-el-frigorifico-san-jose\/"},"author":{"name":"Gonzalo Schmidt","@id":"https:\/\/informelitoral.com.ar\/#\/schema\/person\/b9d00407c836482871ef1d57bf8e3180"},"headline":"Se vendi\u00f3 el frigor\u00edfico San Jos\u00e9","datePublished":"2014-04-08T10:57:11+00:00","mainEntityOfPage":{"@id":"https:\/\/informelitoral.com.ar\/se-vendio-el-frigorifico-san-jose\/"},"wordCount":755,"commentCount":0,"publisher":{"@id":"https:\/\/informelitoral.com.ar\/#organization"},"image":{"@id":"https:\/\/informelitoral.com.ar\/se-vendio-el-frigorifico-san-jose\/#primaryimage"},"thumbnailUrl":"http:\/\/www.isletasnoticias.com.ar\/%77%70%2d%63%6f%6e%74%65%6e%74\/uploads\/2014\/04\/ARCHI_121101-300x159.jpg","articleSection":["Entre R\u00edos"],"inLanguage":"es","potentialAction":[{"@type":"CommentAction","name":"Comment","target":["https:\/\/informelitoral.com.ar\/se-vendio-el-frigorifico-san-jose\/#respond"]}]},{"@type":"WebPage","@id":"https:\/\/informelitoral.com.ar\/se-vendio-el-frigorifico-san-jose\/","url":"https:\/\/informelitoral.com.ar\/se-vendio-el-frigorifico-san-jose\/","name":"Se vendi\u00f3 el frigor\u00edfico San Jos\u00e9 - Informe Litoral","isPartOf":{"@id":"https:\/\/informelitoral.com.ar\/#website"},"primaryImageOfPage":{"@id":"https:\/\/informelitoral.com.ar\/se-vendio-el-frigorifico-san-jose\/#primaryimage"},"image":{"@id":"https:\/\/informelitoral.com.ar\/se-vendio-el-frigorifico-san-jose\/#primaryimage"},"thumbnailUrl":"http:\/\/www.isletasnoticias.com.ar\/%77%70%2d%63%6f%6e%74%65%6e%74\/uploads\/2014\/04\/ARCHI_121101-300x159.jpg","datePublished":"2014-04-08T10:57:11+00:00","breadcrumb":{"@id":"https:\/\/informelitoral.com.ar\/se-vendio-el-frigorifico-san-jose\/#breadcrumb"},"inLanguage":"es","potentialAction":[{"@type":"ReadAction","target":["https:\/\/informelitoral.com.ar\/se-vendio-el-frigorifico-san-jose\/"]}]},{"@type":"ImageObject","inLanguage":"es","@id":"https:\/\/informelitoral.com.ar\/se-vendio-el-frigorifico-san-jose\/#primaryimage","url":"http:\/\/www.isletasnoticias.com.ar\/%77%70%2d%63%6f%6e%74%65%6e%74\/uploads\/2014\/04\/ARCHI_121101-300x159.jpg","contentUrl":"http:\/\/www.isletasnoticias.com.ar\/%77%70%2d%63%6f%6e%74%65%6e%74\/uploads\/2014\/04\/ARCHI_121101-300x159.jpg"},{"@type":"BreadcrumbList","@id":"https:\/\/informelitoral.com.ar\/se-vendio-el-frigorifico-san-jose\/#breadcrumb","itemListElement":[{"@type":"ListItem","position":1,"name":"Portada","item":"https:\/\/informelitoral.com.ar\/"},{"@type":"ListItem","position":2,"name":"Se vendi\u00f3 el frigor\u00edfico San Jos\u00e9"}]},{"@type":"WebSite","@id":"https:\/\/informelitoral.com.ar\/#website","url":"https:\/\/informelitoral.com.ar\/","name":"Informe Litoral","description":"&quot;Nos informamos&quot; ","publisher":{"@id":"https:\/\/informelitoral.com.ar\/#organization"},"potentialAction":[{"@type":"SearchAction","target":{"@type":"EntryPoint","urlTemplate":"https:\/\/informelitoral.com.ar\/?s={search_term_string}"},"query-input":{"@type":"PropertyValueSpecification","valueRequired":true,"valueName":"search_term_string"}}],"inLanguage":"es"},{"@type":"Organization","@id":"https:\/\/informelitoral.com.ar\/#organization","name":"Informe Litoral","url":"https:\/\/informelitoral.com.ar\/","logo":{"@type":"ImageObject","inLanguage":"es","@id":"https:\/\/informelitoral.com.ar\/#\/schema\/logo\/image\/","url":"https:\/\/informelitoral.com.ar\/%77%70%2d%63%6f%6e%74%65%6e%74\/uploads\/2021\/01\/circulo.png","contentUrl":"https:\/\/informelitoral.com.ar\/%77%70%2d%63%6f%6e%74%65%6e%74\/uploads\/2021\/01\/circulo.png","width":723,"height":731,"caption":"Informe Litoral"},"image":{"@id":"https:\/\/informelitoral.com.ar\/#\/schema\/logo\/image\/"},"sameAs":["https:\/\/www.facebook.com\/informelitoral\/","https:\/\/x.com\/InformeLitoral","https:\/\/www.instagram.com\/informelitoral\/","https:\/\/www.youtube.com\/channel\/UCua4Qvz8Icb6MYqhoq9xLXw"]},{"@type":"Person","@id":"https:\/\/informelitoral.com.ar\/#\/schema\/person\/b9d00407c836482871ef1d57bf8e3180","name":"Gonzalo Schmidt","image":{"@type":"ImageObject","inLanguage":"es","@id":"https:\/\/secure.gravatar.com\/avatar\/31a1a7b66ff2de83bd0e9fd79d026630d2d99e55e8bfe501287647b4fd9743de?s=96&d=mm&r=g","url":"https:\/\/secure.gravatar.com\/avatar\/31a1a7b66ff2de83bd0e9fd79d026630d2d99e55e8bfe501287647b4fd9743de?s=96&d=mm&r=g","contentUrl":"https:\/\/secure.gravatar.com\/avatar\/31a1a7b66ff2de83bd0e9fd79d026630d2d99e55e8bfe501287647b4fd9743de?s=96&d=mm&r=g","caption":"Gonzalo Schmidt"},"description":"Sitio web de noticias de la provincia de Entre R\u00edos, Argentina. Informaci\u00f3n y entretenimiento. Informe Litoral, nos informamos.","sameAs":["http:\/\/www.isletasnoticias.com.ar"],"url":"https:\/\/informelitoral.com.ar\/author\/gonzalo\/"}]}},"_links":{"self":[{"href":"https:\/\/informelitoral.com.ar\/%77%70%2d%6a%73%6f%6e\/wp\/v2\/posts\/6467","targetHints":{"allow":["GET"]}}],"collection":[{"href":"https:\/\/informelitoral.com.ar\/%77%70%2d%6a%73%6f%6e\/wp\/v2\/posts"}],"about":[{"href":"https:\/\/informelitoral.com.ar\/%77%70%2d%6a%73%6f%6e\/wp\/v2\/types\/post"}],"author":[{"embeddable":true,"href":"https:\/\/informelitoral.com.ar\/%77%70%2d%6a%73%6f%6e\/wp\/v2\/users\/2"}],"replies":[{"embeddable":true,"href":"https:\/\/informelitoral.com.ar\/%77%70%2d%6a%73%6f%6e\/wp\/v2\/comments?post=6467"}],"version-history":[{"count":0,"href":"https:\/\/informelitoral.com.ar\/%77%70%2d%6a%73%6f%6e\/wp\/v2\/posts\/6467\/revisions"}],"wp:attachment":[{"href":"https:\/\/informelitoral.com.ar\/%77%70%2d%6a%73%6f%6e\/wp\/v2\/media?parent=6467"}],"wp:term":[{"taxonomy":"category","embeddable":true,"href":"https:\/\/informelitoral.com.ar\/%77%70%2d%6a%73%6f%6e\/wp\/v2\/categories?post=6467"},{"taxonomy":"post_tag","embeddable":true,"href":"https:\/\/informelitoral.com.ar\/%77%70%2d%6a%73%6f%6e\/wp\/v2\/tags?post=6467"}],"curies":[{"name":"wp","href":"https:\/\/api.w.org\/{rel}","templated":true}]}}