{"id":6464,"date":"2014-04-08T07:49:43","date_gmt":"2014-04-08T10:49:43","guid":{"rendered":"http:\/\/www.isletasnoticias.com.ar\/?p=6464"},"modified":"2014-04-08T07:49:43","modified_gmt":"2014-04-08T10:49:43","slug":"strobel-el-11-de-abril-se-realizara-una-pena-musical-solidaria","status":"publish","type":"post","link":"https:\/\/informelitoral.com.ar\/strobel-el-11-de-abril-se-realizara-una-pena-musical-solidaria\/","title":{"rendered":"Strobel: el 11 de abril se realizar\u00e1 una Pe\u00f1a Musical solidaria"},"content":{"rendered":"<p style=\"text-align: left;\"><strong>Es a beneficio de una beba que se encuentra internada en Buenos Aires. Comenzar\u00e1 a las 21:00 en el Club Deportivo Strobel y las anticipadas salen $20.<\/strong><br \/>\n<a href=\"http:\/\/www.isletasnoticias.com.ar\/%77%70%2d%63%6f%6e%74%65%6e%74\/uploads\/2014\/04\/10156973_728075373904310_368467451_n.jpg\"><img loading=\"lazy\" decoding=\"async\" class=\"aligncenter  wp-image-6465\" alt=\"10156973_728075373904310_368467451_n\" src=\"http:\/\/www.isletasnoticias.com.ar\/%77%70%2d%63%6f%6e%74%65%6e%74\/uploads\/2014\/04\/10156973_728075373904310_368467451_n-300x212.jpg\" width=\"500\" height=\"300\" \/><\/a><\/p>\n<p>El pr\u00f3ximo viernes 11 de abril, realizar\u00e1n una Pe\u00f1a Musical a beneficio de una beba de 8 meses, que se encuentra internada en el Hospital Guti\u00e9rrez de Bs. As.<\/p>\n<p>En la oportunidad actuar\u00e1n, entre otros, la Academia de Danza Pasi\u00f3n y R\u00edtmo, Hugo Cuello, Grupo Esperanza, Academia Shazadi, Potenciados y Tato y la Diferencia. Adem\u00e1s habr\u00e1 sorteos con la entrada, servicio de cantina, bebidas, choripanes, hamburguesas y tortas fritas, indica el programa enviado a<em><strong> ISLETAS NOTICIAS.<\/strong><\/em><\/p>\n<p>\u201cLa peque\u00f1a es una de las hijas de una familia radicada en Strobel y estoy en contacto con la hermana de la mam\u00e1, para llevar adelante esta jornada solidaria que concretaremos en el Club Deportivo Strobel. Por esta raz\u00f3n convocamos a aquellos grupos o m\u00fasicos que quieran colaborar en el espect\u00e1culo, que se contacten con los miembros de nuestra asociaci\u00f3n, al igual que cualquier persona que quiera ayudarnos en la organizaci\u00f3n\u201d indic\u00f3 una de las organizadores, destacando la permanente ayuda que reciben de los vecinos de la zona y la regi\u00f3n en estos eventos solidarios.<\/p>\n<p>Cabe se\u00f1alar que el grupo contin\u00faa con las campa\u00f1as en la ciudad y las \u00faltimas donaciones fueron entregadas al Centro Infantil San Cayetano de Diamante y aquellos interesados en colaborar pueden consultar al tel.: (0343) 154687766.<\/p>\n","protected":false},"excerpt":{"rendered":"<p>Es a beneficio de una beba que se encuentra internada en Buenos Aires. Comenzar&aacute; a las 21:00 en el Club Deportivo Strobel y las anticipadas salen $20. El pr&oacute;ximo viernes 11 de abril, realizar&aacute;n una Pe&ntilde;a Musical a beneficio de una beba de 8 meses, que se encuentra internada en el Hospital Guti&eacute;rrez de Bs. [&hellip;]<\/p>\n","protected":false},"author":2,"featured_media":0,"comment_status":"open","ping_status":"open","sticky":false,"template":"","format":"standard","meta":{"fifu_image_url":"","fifu_image_alt":"","footnotes":""},"categories":[5,9],"tags":[],"class_list":{"0":"post-6464","1":"post","2":"type-post","3":"status-publish","4":"format-standard","6":"category-zonales","7":"category-sociedad"},"yoast_head":"<title>Strobel: el 11 de abril se realizar\u00e1 una Pe\u00f1a Musical solidaria - Informe Litoral<\/title>\n<meta name=\"robots\" content=\"index, follow, max-snippet:-1, max-image-preview:large, max-video-preview:-1\" \/>\n<link rel=\"canonical\" href=\"https:\/\/informelitoral.com.ar\/strobel-el-11-de-abril-se-realizara-una-pena-musical-solidaria\/\" \/>\n<meta property=\"og:locale\" content=\"es_ES\" \/>\n<meta property=\"og:type\" content=\"article\" \/>\n<meta property=\"og:title\" content=\"Strobel: el 11 de abril se realizar\u00e1 una Pe\u00f1a Musical solidaria - Informe Litoral\" \/>\n<meta property=\"og:description\" content=\"Es a beneficio de una beba que se encuentra internada en Buenos Aires. Comenzar&aacute; a las 21:00 en el Club Deportivo Strobel y las anticipadas salen $20. El pr&oacute;ximo viernes 11 de abril, realizar&aacute;n una Pe&ntilde;a Musical a beneficio de una beba de 8 meses, que se encuentra internada en el Hospital Guti&eacute;rrez de Bs. [&hellip;]\" \/>\n<meta property=\"og:url\" content=\"https:\/\/informelitoral.com.ar\/strobel-el-11-de-abril-se-realizara-una-pena-musical-solidaria\/\" \/>\n<meta property=\"og:site_name\" content=\"Informe Litoral\" \/>\n<meta property=\"article:publisher\" content=\"https:\/\/www.facebook.com\/informelitoral\/\" \/>\n<meta property=\"article:published_time\" content=\"2014-04-08T10:49:43+00:00\" \/>\n<meta property=\"og:image\" content=\"https:\/\/informelitoral.com.ar\/%77%70%2d%63%6f%6e%74%65%6e%74\/uploads\/2014\/04\/10156973_728075373904310_368467451_n.jpg\" \/>\n\t<meta property=\"og:image:width\" content=\"720\" \/>\n\t<meta property=\"og:image:height\" content=\"509\" \/>\n\t<meta property=\"og:image:type\" content=\"image\/jpeg\" \/>\n<meta name=\"author\" content=\"Gonzalo Schmidt\" \/>\n<meta name=\"twitter:card\" content=\"summary_large_image\" \/>\n<meta name=\"twitter:creator\" content=\"@InformeLitoral\" \/>\n<meta name=\"twitter:site\" content=\"@InformeLitoral\" \/>\n<meta name=\"twitter:label1\" content=\"Escrito por\" \/>\n\t<meta name=\"twitter:data1\" content=\"Gonzalo Schmidt\" \/>\n\t<meta name=\"twitter:label2\" content=\"Tiempo de lectura\" \/>\n\t<meta name=\"twitter:data2\" content=\"1 minuto\" \/>\n<script type=\"application\/ld+json\" class=\"yoast-schema-graph\">{\"@context\":\"https:\\\/\\\/schema.org\",\"@graph\":[{\"@type\":\"Article\",\"@id\":\"https:\\\/\\\/informelitoral.com.ar\\\/strobel-el-11-de-abril-se-realizara-una-pena-musical-solidaria\\\/#article\",\"isPartOf\":{\"@id\":\"https:\\\/\\\/informelitoral.com.ar\\\/strobel-el-11-de-abril-se-realizara-una-pena-musical-solidaria\\\/\"},\"author\":{\"name\":\"Gonzalo Schmidt\",\"@id\":\"https:\\\/\\\/informelitoral.com.ar\\\/#\\\/schema\\\/person\\\/b9d00407c836482871ef1d57bf8e3180\"},\"headline\":\"Strobel: el 11 de abril se realizar\u00e1 una Pe\u00f1a Musical solidaria\",\"datePublished\":\"2014-04-08T10:49:43+00:00\",\"mainEntityOfPage\":{\"@id\":\"https:\\\/\\\/informelitoral.com.ar\\\/strobel-el-11-de-abril-se-realizara-una-pena-musical-solidaria\\\/\"},\"wordCount\":257,\"commentCount\":0,\"publisher\":{\"@id\":\"https:\\\/\\\/informelitoral.com.ar\\\/#organization\"},\"image\":{\"@id\":\"https:\\\/\\\/informelitoral.com.ar\\\/strobel-el-11-de-abril-se-realizara-una-pena-musical-solidaria\\\/#primaryimage\"},\"thumbnailUrl\":\"http:\\\/\\\/www.isletasnoticias.com.ar\\\/%77%70%2d%63%6f%6e%74%65%6e%74\\\/uploads\\\/2014\\\/04\\\/10156973_728075373904310_368467451_n-300x212.jpg\",\"articleSection\":[\"Departamento Diamante\",\"Sociedad\"],\"inLanguage\":\"es\",\"potentialAction\":[{\"@type\":\"CommentAction\",\"name\":\"Comment\",\"target\":[\"https:\\\/\\\/informelitoral.com.ar\\\/strobel-el-11-de-abril-se-realizara-una-pena-musical-solidaria\\\/#respond\"]}]},{\"@type\":\"WebPage\",\"@id\":\"https:\\\/\\\/informelitoral.com.ar\\\/strobel-el-11-de-abril-se-realizara-una-pena-musical-solidaria\\\/\",\"url\":\"https:\\\/\\\/informelitoral.com.ar\\\/strobel-el-11-de-abril-se-realizara-una-pena-musical-solidaria\\\/\",\"name\":\"Strobel: el 11 de abril se realizar\u00e1 una Pe\u00f1a Musical solidaria - Informe Litoral\",\"isPartOf\":{\"@id\":\"https:\\\/\\\/informelitoral.com.ar\\\/#website\"},\"primaryImageOfPage\":{\"@id\":\"https:\\\/\\\/informelitoral.com.ar\\\/strobel-el-11-de-abril-se-realizara-una-pena-musical-solidaria\\\/#primaryimage\"},\"image\":{\"@id\":\"https:\\\/\\\/informelitoral.com.ar\\\/strobel-el-11-de-abril-se-realizara-una-pena-musical-solidaria\\\/#primaryimage\"},\"thumbnailUrl\":\"http:\\\/\\\/www.isletasnoticias.com.ar\\\/%77%70%2d%63%6f%6e%74%65%6e%74\\\/uploads\\\/2014\\\/04\\\/10156973_728075373904310_368467451_n-300x212.jpg\",\"datePublished\":\"2014-04-08T10:49:43+00:00\",\"breadcrumb\":{\"@id\":\"https:\\\/\\\/informelitoral.com.ar\\\/strobel-el-11-de-abril-se-realizara-una-pena-musical-solidaria\\\/#breadcrumb\"},\"inLanguage\":\"es\",\"potentialAction\":[{\"@type\":\"ReadAction\",\"target\":[\"https:\\\/\\\/informelitoral.com.ar\\\/strobel-el-11-de-abril-se-realizara-una-pena-musical-solidaria\\\/\"]}]},{\"@type\":\"ImageObject\",\"inLanguage\":\"es\",\"@id\":\"https:\\\/\\\/informelitoral.com.ar\\\/strobel-el-11-de-abril-se-realizara-una-pena-musical-solidaria\\\/#primaryimage\",\"url\":\"http:\\\/\\\/www.isletasnoticias.com.ar\\\/%77%70%2d%63%6f%6e%74%65%6e%74\\\/uploads\\\/2014\\\/04\\\/10156973_728075373904310_368467451_n-300x212.jpg\",\"contentUrl\":\"http:\\\/\\\/www.isletasnoticias.com.ar\\\/%77%70%2d%63%6f%6e%74%65%6e%74\\\/uploads\\\/2014\\\/04\\\/10156973_728075373904310_368467451_n-300x212.jpg\"},{\"@type\":\"BreadcrumbList\",\"@id\":\"https:\\\/\\\/informelitoral.com.ar\\\/strobel-el-11-de-abril-se-realizara-una-pena-musical-solidaria\\\/#breadcrumb\",\"itemListElement\":[{\"@type\":\"ListItem\",\"position\":1,\"name\":\"Portada\",\"item\":\"https:\\\/\\\/informelitoral.com.ar\\\/\"},{\"@type\":\"ListItem\",\"position\":2,\"name\":\"Strobel: el 11 de abril se realizar\u00e1 una Pe\u00f1a Musical solidaria\"}]},{\"@type\":\"WebSite\",\"@id\":\"https:\\\/\\\/informelitoral.com.ar\\\/#website\",\"url\":\"https:\\\/\\\/informelitoral.com.ar\\\/\",\"name\":\"Informe Litoral\",\"description\":\"&quot;Nos informamos&quot; \",\"publisher\":{\"@id\":\"https:\\\/\\\/informelitoral.com.ar\\\/#organization\"},\"potentialAction\":[{\"@type\":\"SearchAction\",\"target\":{\"@type\":\"EntryPoint\",\"urlTemplate\":\"https:\\\/\\\/informelitoral.com.ar\\\/?s={search_term_string}\"},\"query-input\":{\"@type\":\"PropertyValueSpecification\",\"valueRequired\":true,\"valueName\":\"search_term_string\"}}],\"inLanguage\":\"es\"},{\"@type\":\"Organization\",\"@id\":\"https:\\\/\\\/informelitoral.com.ar\\\/#organization\",\"name\":\"Informe Litoral\",\"url\":\"https:\\\/\\\/informelitoral.com.ar\\\/\",\"logo\":{\"@type\":\"ImageObject\",\"inLanguage\":\"es\",\"@id\":\"https:\\\/\\\/informelitoral.com.ar\\\/#\\\/schema\\\/logo\\\/image\\\/\",\"url\":\"https:\\\/\\\/informelitoral.com.ar\\\/%77%70%2d%63%6f%6e%74%65%6e%74\\\/uploads\\\/2021\\\/01\\\/circulo.png\",\"contentUrl\":\"https:\\\/\\\/informelitoral.com.ar\\\/%77%70%2d%63%6f%6e%74%65%6e%74\\\/uploads\\\/2021\\\/01\\\/circulo.png\",\"width\":723,\"height\":731,\"caption\":\"Informe Litoral\"},\"image\":{\"@id\":\"https:\\\/\\\/informelitoral.com.ar\\\/#\\\/schema\\\/logo\\\/image\\\/\"},\"sameAs\":[\"https:\\\/\\\/www.facebook.com\\\/informelitoral\\\/\",\"https:\\\/\\\/x.com\\\/InformeLitoral\",\"https:\\\/\\\/www.instagram.com\\\/informelitoral\\\/\",\"https:\\\/\\\/www.youtube.com\\\/channel\\\/UCua4Qvz8Icb6MYqhoq9xLXw\"]},{\"@type\":\"Person\",\"@id\":\"https:\\\/\\\/informelitoral.com.ar\\\/#\\\/schema\\\/person\\\/b9d00407c836482871ef1d57bf8e3180\",\"name\":\"Gonzalo Schmidt\",\"image\":{\"@type\":\"ImageObject\",\"inLanguage\":\"es\",\"@id\":\"https:\\\/\\\/secure.gravatar.com\\\/avatar\\\/31a1a7b66ff2de83bd0e9fd79d026630d2d99e55e8bfe501287647b4fd9743de?s=96&d=mm&r=g\",\"url\":\"https:\\\/\\\/secure.gravatar.com\\\/avatar\\\/31a1a7b66ff2de83bd0e9fd79d026630d2d99e55e8bfe501287647b4fd9743de?s=96&d=mm&r=g\",\"contentUrl\":\"https:\\\/\\\/secure.gravatar.com\\\/avatar\\\/31a1a7b66ff2de83bd0e9fd79d026630d2d99e55e8bfe501287647b4fd9743de?s=96&d=mm&r=g\",\"caption\":\"Gonzalo Schmidt\"},\"description\":\"Sitio web de noticias de la provincia de Entre R\u00edos, Argentina. Informaci\u00f3n y entretenimiento. Informe Litoral, nos informamos.\",\"sameAs\":[\"http:\\\/\\\/www.isletasnoticias.com.ar\"],\"url\":\"https:\\\/\\\/informelitoral.com.ar\\\/author\\\/gonzalo\\\/\"}]}<\/script>","yoast_head_json":{"title":"Strobel: el 11 de abril se realizar\u00e1 una Pe\u00f1a Musical solidaria - Informe Litoral","robots":{"index":"index","follow":"follow","max-snippet":"max-snippet:-1","max-image-preview":"max-image-preview:large","max-video-preview":"max-video-preview:-1"},"canonical":"https:\/\/informelitoral.com.ar\/strobel-el-11-de-abril-se-realizara-una-pena-musical-solidaria\/","og_locale":"es_ES","og_type":"article","og_title":"Strobel: el 11 de abril se realizar\u00e1 una Pe\u00f1a Musical solidaria - Informe Litoral","og_description":"Es a beneficio de una beba que se encuentra internada en Buenos Aires. Comenzar&aacute; a las 21:00 en el Club Deportivo Strobel y las anticipadas salen $20. El pr&oacute;ximo viernes 11 de abril, realizar&aacute;n una Pe&ntilde;a Musical a beneficio de una beba de 8 meses, que se encuentra internada en el Hospital Guti&eacute;rrez de Bs. [&hellip;]","og_url":"https:\/\/informelitoral.com.ar\/strobel-el-11-de-abril-se-realizara-una-pena-musical-solidaria\/","og_site_name":"Informe Litoral","article_publisher":"https:\/\/www.facebook.com\/informelitoral\/","article_published_time":"2014-04-08T10:49:43+00:00","og_image":[{"width":720,"height":509,"url":"https:\/\/informelitoral.com.ar\/%77%70%2d%63%6f%6e%74%65%6e%74\/uploads\/2014\/04\/10156973_728075373904310_368467451_n.jpg","type":"image\/jpeg"}],"author":"Gonzalo Schmidt","twitter_card":"summary_large_image","twitter_creator":"@InformeLitoral","twitter_site":"@InformeLitoral","twitter_misc":{"Escrito por":"Gonzalo Schmidt","Tiempo de lectura":"1 minuto"},"schema":{"@context":"https:\/\/schema.org","@graph":[{"@type":"Article","@id":"https:\/\/informelitoral.com.ar\/strobel-el-11-de-abril-se-realizara-una-pena-musical-solidaria\/#article","isPartOf":{"@id":"https:\/\/informelitoral.com.ar\/strobel-el-11-de-abril-se-realizara-una-pena-musical-solidaria\/"},"author":{"name":"Gonzalo Schmidt","@id":"https:\/\/informelitoral.com.ar\/#\/schema\/person\/b9d00407c836482871ef1d57bf8e3180"},"headline":"Strobel: el 11 de abril se realizar\u00e1 una Pe\u00f1a Musical solidaria","datePublished":"2014-04-08T10:49:43+00:00","mainEntityOfPage":{"@id":"https:\/\/informelitoral.com.ar\/strobel-el-11-de-abril-se-realizara-una-pena-musical-solidaria\/"},"wordCount":257,"commentCount":0,"publisher":{"@id":"https:\/\/informelitoral.com.ar\/#organization"},"image":{"@id":"https:\/\/informelitoral.com.ar\/strobel-el-11-de-abril-se-realizara-una-pena-musical-solidaria\/#primaryimage"},"thumbnailUrl":"http:\/\/www.isletasnoticias.com.ar\/%77%70%2d%63%6f%6e%74%65%6e%74\/uploads\/2014\/04\/10156973_728075373904310_368467451_n-300x212.jpg","articleSection":["Departamento Diamante","Sociedad"],"inLanguage":"es","potentialAction":[{"@type":"CommentAction","name":"Comment","target":["https:\/\/informelitoral.com.ar\/strobel-el-11-de-abril-se-realizara-una-pena-musical-solidaria\/#respond"]}]},{"@type":"WebPage","@id":"https:\/\/informelitoral.com.ar\/strobel-el-11-de-abril-se-realizara-una-pena-musical-solidaria\/","url":"https:\/\/informelitoral.com.ar\/strobel-el-11-de-abril-se-realizara-una-pena-musical-solidaria\/","name":"Strobel: el 11 de abril se realizar\u00e1 una Pe\u00f1a Musical solidaria - Informe Litoral","isPartOf":{"@id":"https:\/\/informelitoral.com.ar\/#website"},"primaryImageOfPage":{"@id":"https:\/\/informelitoral.com.ar\/strobel-el-11-de-abril-se-realizara-una-pena-musical-solidaria\/#primaryimage"},"image":{"@id":"https:\/\/informelitoral.com.ar\/strobel-el-11-de-abril-se-realizara-una-pena-musical-solidaria\/#primaryimage"},"thumbnailUrl":"http:\/\/www.isletasnoticias.com.ar\/%77%70%2d%63%6f%6e%74%65%6e%74\/uploads\/2014\/04\/10156973_728075373904310_368467451_n-300x212.jpg","datePublished":"2014-04-08T10:49:43+00:00","breadcrumb":{"@id":"https:\/\/informelitoral.com.ar\/strobel-el-11-de-abril-se-realizara-una-pena-musical-solidaria\/#breadcrumb"},"inLanguage":"es","potentialAction":[{"@type":"ReadAction","target":["https:\/\/informelitoral.com.ar\/strobel-el-11-de-abril-se-realizara-una-pena-musical-solidaria\/"]}]},{"@type":"ImageObject","inLanguage":"es","@id":"https:\/\/informelitoral.com.ar\/strobel-el-11-de-abril-se-realizara-una-pena-musical-solidaria\/#primaryimage","url":"http:\/\/www.isletasnoticias.com.ar\/%77%70%2d%63%6f%6e%74%65%6e%74\/uploads\/2014\/04\/10156973_728075373904310_368467451_n-300x212.jpg","contentUrl":"http:\/\/www.isletasnoticias.com.ar\/%77%70%2d%63%6f%6e%74%65%6e%74\/uploads\/2014\/04\/10156973_728075373904310_368467451_n-300x212.jpg"},{"@type":"BreadcrumbList","@id":"https:\/\/informelitoral.com.ar\/strobel-el-11-de-abril-se-realizara-una-pena-musical-solidaria\/#breadcrumb","itemListElement":[{"@type":"ListItem","position":1,"name":"Portada","item":"https:\/\/informelitoral.com.ar\/"},{"@type":"ListItem","position":2,"name":"Strobel: el 11 de abril se realizar\u00e1 una Pe\u00f1a Musical solidaria"}]},{"@type":"WebSite","@id":"https:\/\/informelitoral.com.ar\/#website","url":"https:\/\/informelitoral.com.ar\/","name":"Informe Litoral","description":"&quot;Nos informamos&quot; ","publisher":{"@id":"https:\/\/informelitoral.com.ar\/#organization"},"potentialAction":[{"@type":"SearchAction","target":{"@type":"EntryPoint","urlTemplate":"https:\/\/informelitoral.com.ar\/?s={search_term_string}"},"query-input":{"@type":"PropertyValueSpecification","valueRequired":true,"valueName":"search_term_string"}}],"inLanguage":"es"},{"@type":"Organization","@id":"https:\/\/informelitoral.com.ar\/#organization","name":"Informe Litoral","url":"https:\/\/informelitoral.com.ar\/","logo":{"@type":"ImageObject","inLanguage":"es","@id":"https:\/\/informelitoral.com.ar\/#\/schema\/logo\/image\/","url":"https:\/\/informelitoral.com.ar\/%77%70%2d%63%6f%6e%74%65%6e%74\/uploads\/2021\/01\/circulo.png","contentUrl":"https:\/\/informelitoral.com.ar\/%77%70%2d%63%6f%6e%74%65%6e%74\/uploads\/2021\/01\/circulo.png","width":723,"height":731,"caption":"Informe Litoral"},"image":{"@id":"https:\/\/informelitoral.com.ar\/#\/schema\/logo\/image\/"},"sameAs":["https:\/\/www.facebook.com\/informelitoral\/","https:\/\/x.com\/InformeLitoral","https:\/\/www.instagram.com\/informelitoral\/","https:\/\/www.youtube.com\/channel\/UCua4Qvz8Icb6MYqhoq9xLXw"]},{"@type":"Person","@id":"https:\/\/informelitoral.com.ar\/#\/schema\/person\/b9d00407c836482871ef1d57bf8e3180","name":"Gonzalo Schmidt","image":{"@type":"ImageObject","inLanguage":"es","@id":"https:\/\/secure.gravatar.com\/avatar\/31a1a7b66ff2de83bd0e9fd79d026630d2d99e55e8bfe501287647b4fd9743de?s=96&d=mm&r=g","url":"https:\/\/secure.gravatar.com\/avatar\/31a1a7b66ff2de83bd0e9fd79d026630d2d99e55e8bfe501287647b4fd9743de?s=96&d=mm&r=g","contentUrl":"https:\/\/secure.gravatar.com\/avatar\/31a1a7b66ff2de83bd0e9fd79d026630d2d99e55e8bfe501287647b4fd9743de?s=96&d=mm&r=g","caption":"Gonzalo Schmidt"},"description":"Sitio web de noticias de la provincia de Entre R\u00edos, Argentina. Informaci\u00f3n y entretenimiento. Informe Litoral, nos informamos.","sameAs":["http:\/\/www.isletasnoticias.com.ar"],"url":"https:\/\/informelitoral.com.ar\/author\/gonzalo\/"}]}},"_links":{"self":[{"href":"https:\/\/informelitoral.com.ar\/%77%70%2d%6a%73%6f%6e\/wp\/v2\/posts\/6464","targetHints":{"allow":["GET"]}}],"collection":[{"href":"https:\/\/informelitoral.com.ar\/%77%70%2d%6a%73%6f%6e\/wp\/v2\/posts"}],"about":[{"href":"https:\/\/informelitoral.com.ar\/%77%70%2d%6a%73%6f%6e\/wp\/v2\/types\/post"}],"author":[{"embeddable":true,"href":"https:\/\/informelitoral.com.ar\/%77%70%2d%6a%73%6f%6e\/wp\/v2\/users\/2"}],"replies":[{"embeddable":true,"href":"https:\/\/informelitoral.com.ar\/%77%70%2d%6a%73%6f%6e\/wp\/v2\/comments?post=6464"}],"version-history":[{"count":0,"href":"https:\/\/informelitoral.com.ar\/%77%70%2d%6a%73%6f%6e\/wp\/v2\/posts\/6464\/revisions"}],"wp:attachment":[{"href":"https:\/\/informelitoral.com.ar\/%77%70%2d%6a%73%6f%6e\/wp\/v2\/media?parent=6464"}],"wp:term":[{"taxonomy":"category","embeddable":true,"href":"https:\/\/informelitoral.com.ar\/%77%70%2d%6a%73%6f%6e\/wp\/v2\/categories?post=6464"},{"taxonomy":"post_tag","embeddable":true,"href":"https:\/\/informelitoral.com.ar\/%77%70%2d%6a%73%6f%6e\/wp\/v2\/tags?post=6464"}],"curies":[{"name":"wp","href":"https:\/\/api.w.org\/{rel}","templated":true}]}}