{"id":64594,"date":"2021-09-02T16:42:56","date_gmt":"2021-09-02T19:42:56","guid":{"rendered":"https:\/\/www.informelitoral.com.ar\/?p=64594"},"modified":"2021-09-02T16:44:48","modified_gmt":"2021-09-02T19:44:48","slug":"destacan-que-con-galimberti-y-schneider-la-ucr-recupera-protagonismo","status":"publish","type":"post","link":"https:\/\/informelitoral.com.ar\/destacan-que-con-galimberti-y-schneider-la-ucr-recupera-protagonismo\/","title":{"rendered":"Destacan que con Galimberti y Schneider la UCR recupera protagonismo"},"content":{"rendered":"<p class=\"x_MsoNormal\"><span lang=\"ES\">En <strong>Viale<\/strong> y <strong>Tabossi<\/strong> hubo continuidad para la campa\u00f1a que desarrollan los precandidatos a diputados nacionales por la lista Entre R\u00edos Cambia, <strong>Pedro Galimberti<\/strong> y<strong> Dar\u00edo Schneider,<\/strong> de cara a las elecciones PASO del pr\u00f3ximo 12 de septiembre.<\/span><\/p>\n<p class=\"x_MsoNormal\"><span lang=\"ES\">En Viale el anfitri\u00f3n fue el propio intendente,<strong> Carlos Weiss<\/strong>. <strong>Recorrieron parte del Parque Industrial<\/strong> mostrando el potencial de trabajo y desarrollo que se genera y c\u00f3mo se enlaza con otras ciudades de la provincia, incluyendo las relaciones comerciales con Crespo y Chajar\u00ed.<\/span><\/p>\n<p class=\"x_MsoNormal\"><span lang=\"ES\">Luego se hizo una<strong> conferencia de prensa<\/strong> de la que tambi\u00e9n formaron parte militantes y dirigentes junto a integrantes del equipo de trabajo del presidente municipal vialense.<\/span><\/p>\n<h3 class=\"x_MsoNormal\"><b><span lang=\"ES\">Tabossi<\/span><\/b><\/h3>\n<p class=\"x_MsoNormal\"><span lang=\"ES\">Seguidamente el intendente de Crespo junto al diputado provincial <strong>Juli\u00e1n Maneiro,<\/strong> se dirigieron a Tabossi y all\u00ed formaron parte de la <strong>inauguraci\u00f3n de un local partidario<\/strong> que \u00abcon mucho esfuerzo y sentido de pertenencia a esta idea consiguieron militantes de Tabossi, que alquilaron un local para que la lista 502 B tenga all\u00ed su base en estos d\u00edas tan importantes\u00bb.<\/span><\/p>\n<p class=\"x_MsoNormal\"><span lang=\"ES\">Expresaron su apoyo e hicieron un recorrido con la lluvia como protagonista, <strong>repartiendo boletas. <\/strong>La jornada se complet\u00f3 con un <strong>encuentro con militantes<\/strong> en la sede recientemente inaugurada.<\/span><\/p>\n<p class=\"x_MsoNormal\"><span lang=\"ES\">Pedro Galimberti, mientras tanto, ultim\u00f3 detalles de la campa\u00f1a en Federal, dialogando con militantes de esa ciudad y apuntalando el trabajo en esa regi\u00f3n, que con fuerza acompa\u00f1a la propuesta de Juntos por Entre R\u00edos.<\/span><\/p>\n<h3 class=\"x_MsoNormal\"><b><span lang=\"ES\">Pasi\u00f3n y compromiso<\/span><\/b><\/h3>\n<p class=\"x_MsoNormal\"><span lang=\"ES\">\u201c<strong>Lo de Tabossi nos llena de orgullo porque demuestra que cuando hay pasi\u00f3n, compromiso, valores, sentido de pertenencia, el dinero no es un condicionante. Tal vez faltaba en lo econ\u00f3mico, pero eso no fue un impedimento para ellos, que son militantes de coraz\u00f3n y van al frente buscando lo que quieren y merecen.<\/strong> Son detalles que suman y mucho en esta campa\u00f1a, porque es lo que mostramos tambi\u00e9n hacia afuera, hacia el que todav\u00eda no defini\u00f3 su voto, y es que somos genuinos, que vamos en serio, que estamos convencidos y muy esperanzados en los resultados que obtendremos en pocos d\u00edas. En cada rinc\u00f3n entrerriano se est\u00e1 contando una historia sobre nuestros militantes, ahora fue la de Tabossi, y por eso digo que el 12 de septiembre no ser\u00e1 un d\u00eda m\u00e1s\u201d, dijo Schneider.<\/span><\/p>\n<p class=\"x_MsoNormal\"><span lang=\"ES\">\u201cEl 12 de septiembre para nosotros no es un d\u00eda cualquiera, es un d\u00eda donde comienzan muchas cosas, para nosotros comienza el cambio de esta provincia de Entre R\u00edos, que tanto hemos buscando durante todo este tiempo. <strong>Tenemos la mirada puesta en el 2023 pero en estos desaf\u00edos intermedios quer\u00edamos estar presentes. Y en cada recorrida vamos conociendo historias, en todos los Departamentos, en las grandes ciudades y las peque\u00f1as localidades.<\/strong> Siempre digo que esto surge de una construcci\u00f3n colectiva, de la participaci\u00f3n, del di\u00e1logo, de poder escucharnos\u00a0 y pensando en esa Entre R\u00edos que entre todos tenemos que construir y cambiar, y que no podemos hacerlo desde una sola mirada sino sumando la mirada de todos los entrerrianos, para hacer de esta provincia la provincia que todos nos merecemos\u201d, agreg\u00f3 Galimberti.<\/span><\/p>\n","protected":false},"excerpt":{"rendered":"<p>En Viale, Tabossi y Federal hubo continuidad para la campa\u00f1a que desarrollan los precandidatos a diputados nacionales por la lista Entre R\u00edos Cambia, Pedro Galimberti y Dar\u00edo Schneider. En Tabossi, inauguraron un local partidario. Visitaron el Parque Industrial de Viale y se reunieron con militantes en Federal.<\/p>\n","protected":false},"author":2,"featured_media":64596,"comment_status":"open","ping_status":"open","sticky":false,"template":"","format":"standard","meta":{"fifu_image_url":"","fifu_image_alt":"","footnotes":""},"categories":[16],"tags":[1521,2254,2358,2313,169],"class_list":{"0":"post-64594","1":"post","2":"type-post","3":"status-publish","4":"format-standard","5":"has-post-thumbnail","7":"category-politi","8":"tag-dario-schneider","9":"tag-elecciones-2021","10":"tag-entre-rios-cambia","11":"tag-pedro-galimberti","12":"tag-ucr"},"yoast_head":"<title>Destacan que con Galimberti y Schneider la UCR recupera protagonismo - Informe Litoral<\/title>\n<meta name=\"robots\" content=\"index, follow, max-snippet:-1, max-image-preview:large, max-video-preview:-1\" \/>\n<link rel=\"canonical\" href=\"https:\/\/informelitoral.com.ar\/destacan-que-con-galimberti-y-schneider-la-ucr-recupera-protagonismo\/\" \/>\n<meta property=\"og:locale\" content=\"es_ES\" \/>\n<meta property=\"og:type\" content=\"article\" \/>\n<meta property=\"og:title\" content=\"Destacan que con Galimberti y Schneider la UCR recupera protagonismo - Informe Litoral\" \/>\n<meta property=\"og:description\" content=\"En Viale, Tabossi y Federal hubo continuidad para la campa\u00f1a que desarrollan los precandidatos a diputados nacionales por la lista Entre R\u00edos Cambia, Pedro Galimberti y Dar\u00edo Schneider. En Tabossi, inauguraron un local partidario. Visitaron el Parque Industrial de Viale y se reunieron con militantes en Federal.\" \/>\n<meta property=\"og:url\" content=\"https:\/\/informelitoral.com.ar\/destacan-que-con-galimberti-y-schneider-la-ucr-recupera-protagonismo\/\" \/>\n<meta property=\"og:site_name\" content=\"Informe Litoral\" \/>\n<meta property=\"article:publisher\" content=\"https:\/\/www.facebook.com\/informelitoral\/\" \/>\n<meta property=\"article:published_time\" content=\"2021-09-02T19:42:56+00:00\" \/>\n<meta property=\"article:modified_time\" content=\"2021-09-02T19:44:48+00:00\" \/>\n<meta property=\"og:image\" content=\"https:\/\/informelitoral.com.ar\/%77%70%2d%63%6f%6e%74%65%6e%74\/uploads\/2021\/09\/Tabossi.jpg\" \/>\n\t<meta property=\"og:image:width\" content=\"1024\" \/>\n\t<meta property=\"og:image:height\" content=\"714\" \/>\n\t<meta property=\"og:image:type\" content=\"image\/jpeg\" \/>\n<meta name=\"author\" content=\"Gonzalo Schmidt\" \/>\n<meta name=\"twitter:card\" content=\"summary_large_image\" \/>\n<meta name=\"twitter:creator\" content=\"@InformeLitoral\" \/>\n<meta name=\"twitter:site\" content=\"@InformeLitoral\" \/>\n<meta name=\"twitter:label1\" content=\"Escrito por\" \/>\n\t<meta name=\"twitter:data1\" content=\"Gonzalo Schmidt\" \/>\n\t<meta name=\"twitter:label2\" content=\"Tiempo de lectura\" \/>\n\t<meta name=\"twitter:data2\" content=\"3 minutos\" \/>\n<script type=\"application\/ld+json\" class=\"yoast-schema-graph\">{\"@context\":\"https:\\\/\\\/schema.org\",\"@graph\":[{\"@type\":\"Article\",\"@id\":\"https:\\\/\\\/informelitoral.com.ar\\\/destacan-que-con-galimberti-y-schneider-la-ucr-recupera-protagonismo\\\/#article\",\"isPartOf\":{\"@id\":\"https:\\\/\\\/informelitoral.com.ar\\\/destacan-que-con-galimberti-y-schneider-la-ucr-recupera-protagonismo\\\/\"},\"author\":{\"name\":\"Gonzalo Schmidt\",\"@id\":\"https:\\\/\\\/informelitoral.com.ar\\\/#\\\/schema\\\/person\\\/b9d00407c836482871ef1d57bf8e3180\"},\"headline\":\"Destacan que con Galimberti y Schneider la UCR recupera protagonismo\",\"datePublished\":\"2021-09-02T19:42:56+00:00\",\"dateModified\":\"2021-09-02T19:44:48+00:00\",\"mainEntityOfPage\":{\"@id\":\"https:\\\/\\\/informelitoral.com.ar\\\/destacan-que-con-galimberti-y-schneider-la-ucr-recupera-protagonismo\\\/\"},\"wordCount\":541,\"commentCount\":0,\"publisher\":{\"@id\":\"https:\\\/\\\/informelitoral.com.ar\\\/#organization\"},\"image\":{\"@id\":\"https:\\\/\\\/informelitoral.com.ar\\\/destacan-que-con-galimberti-y-schneider-la-ucr-recupera-protagonismo\\\/#primaryimage\"},\"thumbnailUrl\":\"https:\\\/\\\/informelitoral.com.ar\\\/%77%70%2d%63%6f%6e%74%65%6e%74\\\/uploads\\\/2021\\\/09\\\/Tabossi.jpg\",\"keywords\":[\"Dar\u00edo Schneider\",\"Elecciones 2021\",\"Entre R\u00edos Cambia\",\"Pedro Galimberti\",\"UCR\"],\"articleSection\":[\"Politica\"],\"inLanguage\":\"es\",\"potentialAction\":[{\"@type\":\"CommentAction\",\"name\":\"Comment\",\"target\":[\"https:\\\/\\\/informelitoral.com.ar\\\/destacan-que-con-galimberti-y-schneider-la-ucr-recupera-protagonismo\\\/#respond\"]}]},{\"@type\":\"WebPage\",\"@id\":\"https:\\\/\\\/informelitoral.com.ar\\\/destacan-que-con-galimberti-y-schneider-la-ucr-recupera-protagonismo\\\/\",\"url\":\"https:\\\/\\\/informelitoral.com.ar\\\/destacan-que-con-galimberti-y-schneider-la-ucr-recupera-protagonismo\\\/\",\"name\":\"Destacan que con Galimberti y Schneider la UCR recupera protagonismo - Informe Litoral\",\"isPartOf\":{\"@id\":\"https:\\\/\\\/informelitoral.com.ar\\\/#website\"},\"primaryImageOfPage\":{\"@id\":\"https:\\\/\\\/informelitoral.com.ar\\\/destacan-que-con-galimberti-y-schneider-la-ucr-recupera-protagonismo\\\/#primaryimage\"},\"image\":{\"@id\":\"https:\\\/\\\/informelitoral.com.ar\\\/destacan-que-con-galimberti-y-schneider-la-ucr-recupera-protagonismo\\\/#primaryimage\"},\"thumbnailUrl\":\"https:\\\/\\\/informelitoral.com.ar\\\/%77%70%2d%63%6f%6e%74%65%6e%74\\\/uploads\\\/2021\\\/09\\\/Tabossi.jpg\",\"datePublished\":\"2021-09-02T19:42:56+00:00\",\"dateModified\":\"2021-09-02T19:44:48+00:00\",\"breadcrumb\":{\"@id\":\"https:\\\/\\\/informelitoral.com.ar\\\/destacan-que-con-galimberti-y-schneider-la-ucr-recupera-protagonismo\\\/#breadcrumb\"},\"inLanguage\":\"es\",\"potentialAction\":[{\"@type\":\"ReadAction\",\"target\":[\"https:\\\/\\\/informelitoral.com.ar\\\/destacan-que-con-galimberti-y-schneider-la-ucr-recupera-protagonismo\\\/\"]}]},{\"@type\":\"ImageObject\",\"inLanguage\":\"es\",\"@id\":\"https:\\\/\\\/informelitoral.com.ar\\\/destacan-que-con-galimberti-y-schneider-la-ucr-recupera-protagonismo\\\/#primaryimage\",\"url\":\"https:\\\/\\\/informelitoral.com.ar\\\/%77%70%2d%63%6f%6e%74%65%6e%74\\\/uploads\\\/2021\\\/09\\\/Tabossi.jpg\",\"contentUrl\":\"https:\\\/\\\/informelitoral.com.ar\\\/%77%70%2d%63%6f%6e%74%65%6e%74\\\/uploads\\\/2021\\\/09\\\/Tabossi.jpg\",\"width\":1024,\"height\":714},{\"@type\":\"BreadcrumbList\",\"@id\":\"https:\\\/\\\/informelitoral.com.ar\\\/destacan-que-con-galimberti-y-schneider-la-ucr-recupera-protagonismo\\\/#breadcrumb\",\"itemListElement\":[{\"@type\":\"ListItem\",\"position\":1,\"name\":\"Portada\",\"item\":\"https:\\\/\\\/informelitoral.com.ar\\\/\"},{\"@type\":\"ListItem\",\"position\":2,\"name\":\"Destacan que con Galimberti y Schneider la UCR recupera protagonismo\"}]},{\"@type\":\"WebSite\",\"@id\":\"https:\\\/\\\/informelitoral.com.ar\\\/#website\",\"url\":\"https:\\\/\\\/informelitoral.com.ar\\\/\",\"name\":\"Informe Litoral\",\"description\":\"&quot;Nos informamos&quot; \",\"publisher\":{\"@id\":\"https:\\\/\\\/informelitoral.com.ar\\\/#organization\"},\"potentialAction\":[{\"@type\":\"SearchAction\",\"target\":{\"@type\":\"EntryPoint\",\"urlTemplate\":\"https:\\\/\\\/informelitoral.com.ar\\\/?s={search_term_string}\"},\"query-input\":{\"@type\":\"PropertyValueSpecification\",\"valueRequired\":true,\"valueName\":\"search_term_string\"}}],\"inLanguage\":\"es\"},{\"@type\":\"Organization\",\"@id\":\"https:\\\/\\\/informelitoral.com.ar\\\/#organization\",\"name\":\"Informe Litoral\",\"url\":\"https:\\\/\\\/informelitoral.com.ar\\\/\",\"logo\":{\"@type\":\"ImageObject\",\"inLanguage\":\"es\",\"@id\":\"https:\\\/\\\/informelitoral.com.ar\\\/#\\\/schema\\\/logo\\\/image\\\/\",\"url\":\"https:\\\/\\\/informelitoral.com.ar\\\/%77%70%2d%63%6f%6e%74%65%6e%74\\\/uploads\\\/2021\\\/01\\\/circulo.png\",\"contentUrl\":\"https:\\\/\\\/informelitoral.com.ar\\\/%77%70%2d%63%6f%6e%74%65%6e%74\\\/uploads\\\/2021\\\/01\\\/circulo.png\",\"width\":723,\"height\":731,\"caption\":\"Informe Litoral\"},\"image\":{\"@id\":\"https:\\\/\\\/informelitoral.com.ar\\\/#\\\/schema\\\/logo\\\/image\\\/\"},\"sameAs\":[\"https:\\\/\\\/www.facebook.com\\\/informelitoral\\\/\",\"https:\\\/\\\/x.com\\\/InformeLitoral\",\"https:\\\/\\\/www.instagram.com\\\/informelitoral\\\/\",\"https:\\\/\\\/www.youtube.com\\\/channel\\\/UCua4Qvz8Icb6MYqhoq9xLXw\"]},{\"@type\":\"Person\",\"@id\":\"https:\\\/\\\/informelitoral.com.ar\\\/#\\\/schema\\\/person\\\/b9d00407c836482871ef1d57bf8e3180\",\"name\":\"Gonzalo Schmidt\",\"image\":{\"@type\":\"ImageObject\",\"inLanguage\":\"es\",\"@id\":\"https:\\\/\\\/secure.gravatar.com\\\/avatar\\\/31a1a7b66ff2de83bd0e9fd79d026630d2d99e55e8bfe501287647b4fd9743de?s=96&d=mm&r=g\",\"url\":\"https:\\\/\\\/secure.gravatar.com\\\/avatar\\\/31a1a7b66ff2de83bd0e9fd79d026630d2d99e55e8bfe501287647b4fd9743de?s=96&d=mm&r=g\",\"contentUrl\":\"https:\\\/\\\/secure.gravatar.com\\\/avatar\\\/31a1a7b66ff2de83bd0e9fd79d026630d2d99e55e8bfe501287647b4fd9743de?s=96&d=mm&r=g\",\"caption\":\"Gonzalo Schmidt\"},\"description\":\"Sitio web de noticias de la provincia de Entre R\u00edos, Argentina. Informaci\u00f3n y entretenimiento. Informe Litoral, nos informamos.\",\"sameAs\":[\"http:\\\/\\\/www.isletasnoticias.com.ar\"],\"url\":\"https:\\\/\\\/informelitoral.com.ar\\\/author\\\/gonzalo\\\/\"}]}<\/script>","yoast_head_json":{"title":"Destacan que con Galimberti y Schneider la UCR recupera protagonismo - Informe Litoral","robots":{"index":"index","follow":"follow","max-snippet":"max-snippet:-1","max-image-preview":"max-image-preview:large","max-video-preview":"max-video-preview:-1"},"canonical":"https:\/\/informelitoral.com.ar\/destacan-que-con-galimberti-y-schneider-la-ucr-recupera-protagonismo\/","og_locale":"es_ES","og_type":"article","og_title":"Destacan que con Galimberti y Schneider la UCR recupera protagonismo - Informe Litoral","og_description":"En Viale, Tabossi y Federal hubo continuidad para la campa\u00f1a que desarrollan los precandidatos a diputados nacionales por la lista Entre R\u00edos Cambia, Pedro Galimberti y Dar\u00edo Schneider. En Tabossi, inauguraron un local partidario. Visitaron el Parque Industrial de Viale y se reunieron con militantes en Federal.","og_url":"https:\/\/informelitoral.com.ar\/destacan-que-con-galimberti-y-schneider-la-ucr-recupera-protagonismo\/","og_site_name":"Informe Litoral","article_publisher":"https:\/\/www.facebook.com\/informelitoral\/","article_published_time":"2021-09-02T19:42:56+00:00","article_modified_time":"2021-09-02T19:44:48+00:00","og_image":[{"width":1024,"height":714,"url":"https:\/\/informelitoral.com.ar\/%77%70%2d%63%6f%6e%74%65%6e%74\/uploads\/2021\/09\/Tabossi.jpg","type":"image\/jpeg"}],"author":"Gonzalo Schmidt","twitter_card":"summary_large_image","twitter_creator":"@InformeLitoral","twitter_site":"@InformeLitoral","twitter_misc":{"Escrito por":"Gonzalo Schmidt","Tiempo de lectura":"3 minutos"},"schema":{"@context":"https:\/\/schema.org","@graph":[{"@type":"Article","@id":"https:\/\/informelitoral.com.ar\/destacan-que-con-galimberti-y-schneider-la-ucr-recupera-protagonismo\/#article","isPartOf":{"@id":"https:\/\/informelitoral.com.ar\/destacan-que-con-galimberti-y-schneider-la-ucr-recupera-protagonismo\/"},"author":{"name":"Gonzalo Schmidt","@id":"https:\/\/informelitoral.com.ar\/#\/schema\/person\/b9d00407c836482871ef1d57bf8e3180"},"headline":"Destacan que con Galimberti y Schneider la UCR recupera protagonismo","datePublished":"2021-09-02T19:42:56+00:00","dateModified":"2021-09-02T19:44:48+00:00","mainEntityOfPage":{"@id":"https:\/\/informelitoral.com.ar\/destacan-que-con-galimberti-y-schneider-la-ucr-recupera-protagonismo\/"},"wordCount":541,"commentCount":0,"publisher":{"@id":"https:\/\/informelitoral.com.ar\/#organization"},"image":{"@id":"https:\/\/informelitoral.com.ar\/destacan-que-con-galimberti-y-schneider-la-ucr-recupera-protagonismo\/#primaryimage"},"thumbnailUrl":"https:\/\/informelitoral.com.ar\/%77%70%2d%63%6f%6e%74%65%6e%74\/uploads\/2021\/09\/Tabossi.jpg","keywords":["Dar\u00edo Schneider","Elecciones 2021","Entre R\u00edos Cambia","Pedro Galimberti","UCR"],"articleSection":["Politica"],"inLanguage":"es","potentialAction":[{"@type":"CommentAction","name":"Comment","target":["https:\/\/informelitoral.com.ar\/destacan-que-con-galimberti-y-schneider-la-ucr-recupera-protagonismo\/#respond"]}]},{"@type":"WebPage","@id":"https:\/\/informelitoral.com.ar\/destacan-que-con-galimberti-y-schneider-la-ucr-recupera-protagonismo\/","url":"https:\/\/informelitoral.com.ar\/destacan-que-con-galimberti-y-schneider-la-ucr-recupera-protagonismo\/","name":"Destacan que con Galimberti y Schneider la UCR recupera protagonismo - Informe Litoral","isPartOf":{"@id":"https:\/\/informelitoral.com.ar\/#website"},"primaryImageOfPage":{"@id":"https:\/\/informelitoral.com.ar\/destacan-que-con-galimberti-y-schneider-la-ucr-recupera-protagonismo\/#primaryimage"},"image":{"@id":"https:\/\/informelitoral.com.ar\/destacan-que-con-galimberti-y-schneider-la-ucr-recupera-protagonismo\/#primaryimage"},"thumbnailUrl":"https:\/\/informelitoral.com.ar\/%77%70%2d%63%6f%6e%74%65%6e%74\/uploads\/2021\/09\/Tabossi.jpg","datePublished":"2021-09-02T19:42:56+00:00","dateModified":"2021-09-02T19:44:48+00:00","breadcrumb":{"@id":"https:\/\/informelitoral.com.ar\/destacan-que-con-galimberti-y-schneider-la-ucr-recupera-protagonismo\/#breadcrumb"},"inLanguage":"es","potentialAction":[{"@type":"ReadAction","target":["https:\/\/informelitoral.com.ar\/destacan-que-con-galimberti-y-schneider-la-ucr-recupera-protagonismo\/"]}]},{"@type":"ImageObject","inLanguage":"es","@id":"https:\/\/informelitoral.com.ar\/destacan-que-con-galimberti-y-schneider-la-ucr-recupera-protagonismo\/#primaryimage","url":"https:\/\/informelitoral.com.ar\/%77%70%2d%63%6f%6e%74%65%6e%74\/uploads\/2021\/09\/Tabossi.jpg","contentUrl":"https:\/\/informelitoral.com.ar\/%77%70%2d%63%6f%6e%74%65%6e%74\/uploads\/2021\/09\/Tabossi.jpg","width":1024,"height":714},{"@type":"BreadcrumbList","@id":"https:\/\/informelitoral.com.ar\/destacan-que-con-galimberti-y-schneider-la-ucr-recupera-protagonismo\/#breadcrumb","itemListElement":[{"@type":"ListItem","position":1,"name":"Portada","item":"https:\/\/informelitoral.com.ar\/"},{"@type":"ListItem","position":2,"name":"Destacan que con Galimberti y Schneider la UCR recupera protagonismo"}]},{"@type":"WebSite","@id":"https:\/\/informelitoral.com.ar\/#website","url":"https:\/\/informelitoral.com.ar\/","name":"Informe Litoral","description":"&quot;Nos informamos&quot; ","publisher":{"@id":"https:\/\/informelitoral.com.ar\/#organization"},"potentialAction":[{"@type":"SearchAction","target":{"@type":"EntryPoint","urlTemplate":"https:\/\/informelitoral.com.ar\/?s={search_term_string}"},"query-input":{"@type":"PropertyValueSpecification","valueRequired":true,"valueName":"search_term_string"}}],"inLanguage":"es"},{"@type":"Organization","@id":"https:\/\/informelitoral.com.ar\/#organization","name":"Informe Litoral","url":"https:\/\/informelitoral.com.ar\/","logo":{"@type":"ImageObject","inLanguage":"es","@id":"https:\/\/informelitoral.com.ar\/#\/schema\/logo\/image\/","url":"https:\/\/informelitoral.com.ar\/%77%70%2d%63%6f%6e%74%65%6e%74\/uploads\/2021\/01\/circulo.png","contentUrl":"https:\/\/informelitoral.com.ar\/%77%70%2d%63%6f%6e%74%65%6e%74\/uploads\/2021\/01\/circulo.png","width":723,"height":731,"caption":"Informe Litoral"},"image":{"@id":"https:\/\/informelitoral.com.ar\/#\/schema\/logo\/image\/"},"sameAs":["https:\/\/www.facebook.com\/informelitoral\/","https:\/\/x.com\/InformeLitoral","https:\/\/www.instagram.com\/informelitoral\/","https:\/\/www.youtube.com\/channel\/UCua4Qvz8Icb6MYqhoq9xLXw"]},{"@type":"Person","@id":"https:\/\/informelitoral.com.ar\/#\/schema\/person\/b9d00407c836482871ef1d57bf8e3180","name":"Gonzalo Schmidt","image":{"@type":"ImageObject","inLanguage":"es","@id":"https:\/\/secure.gravatar.com\/avatar\/31a1a7b66ff2de83bd0e9fd79d026630d2d99e55e8bfe501287647b4fd9743de?s=96&d=mm&r=g","url":"https:\/\/secure.gravatar.com\/avatar\/31a1a7b66ff2de83bd0e9fd79d026630d2d99e55e8bfe501287647b4fd9743de?s=96&d=mm&r=g","contentUrl":"https:\/\/secure.gravatar.com\/avatar\/31a1a7b66ff2de83bd0e9fd79d026630d2d99e55e8bfe501287647b4fd9743de?s=96&d=mm&r=g","caption":"Gonzalo Schmidt"},"description":"Sitio web de noticias de la provincia de Entre R\u00edos, Argentina. Informaci\u00f3n y entretenimiento. Informe Litoral, nos informamos.","sameAs":["http:\/\/www.isletasnoticias.com.ar"],"url":"https:\/\/informelitoral.com.ar\/author\/gonzalo\/"}]}},"_links":{"self":[{"href":"https:\/\/informelitoral.com.ar\/%77%70%2d%6a%73%6f%6e\/wp\/v2\/posts\/64594","targetHints":{"allow":["GET"]}}],"collection":[{"href":"https:\/\/informelitoral.com.ar\/%77%70%2d%6a%73%6f%6e\/wp\/v2\/posts"}],"about":[{"href":"https:\/\/informelitoral.com.ar\/%77%70%2d%6a%73%6f%6e\/wp\/v2\/types\/post"}],"author":[{"embeddable":true,"href":"https:\/\/informelitoral.com.ar\/%77%70%2d%6a%73%6f%6e\/wp\/v2\/users\/2"}],"replies":[{"embeddable":true,"href":"https:\/\/informelitoral.com.ar\/%77%70%2d%6a%73%6f%6e\/wp\/v2\/comments?post=64594"}],"version-history":[{"count":0,"href":"https:\/\/informelitoral.com.ar\/%77%70%2d%6a%73%6f%6e\/wp\/v2\/posts\/64594\/revisions"}],"wp:featuredmedia":[{"embeddable":true,"href":"https:\/\/informelitoral.com.ar\/%77%70%2d%6a%73%6f%6e\/wp\/v2\/media\/64596"}],"wp:attachment":[{"href":"https:\/\/informelitoral.com.ar\/%77%70%2d%6a%73%6f%6e\/wp\/v2\/media?parent=64594"}],"wp:term":[{"taxonomy":"category","embeddable":true,"href":"https:\/\/informelitoral.com.ar\/%77%70%2d%6a%73%6f%6e\/wp\/v2\/categories?post=64594"},{"taxonomy":"post_tag","embeddable":true,"href":"https:\/\/informelitoral.com.ar\/%77%70%2d%6a%73%6f%6e\/wp\/v2\/tags?post=64594"}],"curies":[{"name":"wp","href":"https:\/\/api.w.org\/{rel}","templated":true}]}}