{"id":6457,"date":"2014-04-08T07:25:29","date_gmt":"2014-04-08T10:25:29","guid":{"rendered":"http:\/\/www.isletasnoticias.com.ar\/?p=6457"},"modified":"2014-04-08T07:25:29","modified_gmt":"2014-04-08T10:25:29","slug":"urribarri-puso-en-marcha-un-operativo-de-emergencia-a-raiz-del-temporal","status":"publish","type":"post","link":"https:\/\/informelitoral.com.ar\/urribarri-puso-en-marcha-un-operativo-de-emergencia-a-raiz-del-temporal\/","title":{"rendered":"Urribarri puso en marcha un operativo de emergencia a ra\u00edz del temporal"},"content":{"rendered":"<p><strong>\u201cEstoy enfocado en la situaci\u00f3n creada por las tormentas en todo el \u00e1rea del departamento Paran\u00e1 principalmente, donde cayeron m\u00e1s de 400 mil\u00edmetros en los \u00faltimos dos d\u00edas. Estamos coordinado acciones con Vialidad y el Ministerio de Desarrollo Social para asistir a las familias en problemas por el desborde de arroyos principalmente\u00bb. Lo dijo este lunes el gobernador <em>Sergio Urribari<\/em> al promediar un encuentro de trabajo con el vicegobernador <em>Jos\u00e9 C\u00e1ceres<\/em>, los titulares de las carteras de Desarrollo Social,<em> Carlos Ramos<\/em>; de Gobierno,<em> Ad\u00e1n Bahl<\/em> y de la Direcci\u00f3n Provincial de Vialidad, <em>Jorge Rodr\u00edguez.<\/em><\/strong><\/p>\n<p style=\"text-align: center;\"><a href=\"http:\/\/www.isletasnoticias.com.ar\/%77%70%2d%63%6f%6e%74%65%6e%74\/uploads\/2014\/04\/b_1396892403.jpg\"><img loading=\"lazy\" decoding=\"async\" class=\"aligncenter  wp-image-6458\" alt=\"b_1396892403\" src=\"http:\/\/www.isletasnoticias.com.ar\/%77%70%2d%63%6f%6e%74%65%6e%74\/uploads\/2014\/04\/b_1396892403-300x198.jpg\" width=\"500\" height=\"300\" \/><\/a><\/p>\n<p>\u00abTambi\u00e9n me he comunicado con la vicegobernadora de Neuqu\u00e9n, Ana Mar\u00eda Pech\u00e9n, para ponerme a disposici\u00f3n para ayudar en lo que crea necesario de nuestra parte para aliviar la situaci\u00f3n en esa provincia tambi\u00e9n afectada por lluvias extraordinarias. Queremos ser eficaces para atender los problemas de nuestra gente y ser solidarios con las provincias hermanas como corresponde\u00bb, dijo el gobernador entrerriano.<\/p>\n<p>Urribarri viene monitoreando la situaci\u00f3n del departamento Paran\u00e1 y el resto de la provincia desde el domingo muy temprano. En funci\u00f3n del alerta meteor\u00f3logico emitido en las \u00faltimas horas se profundizan las medidas de contenci\u00f3n y prevenci\u00f3n. Est\u00e1 en marcha un operativo de emergencia.<\/p>\n<p>Al t\u00e9rmino de la reuni\u00f3n, C\u00e1ceres manifest\u00f3 la preocupaci\u00f3n \u201cpor la situaci\u00f3n clim\u00e1tica que estamos viviendo, en ese contexto, el gobernador se pone al frente y da las instrucciones que corresponden\u201d.<\/p>\n<p>Al respecto, indic\u00f3 que tanto el ministro de Desarrollo Social, como el titular de Vialidad provincial, \u201ctienen la situaci\u00f3n muy coordinada con las municipalidades y juntas de gobierno y bastante controlada hasta el momento\u201d. Y agreg\u00f3: \u201cEsperemos que se calme un poco\u201d.<\/p>\n<p>Por su parte, el titular de la cartera de Desarrollo Social, explic\u00f3 que \u201clos protocolos de emergencia tienden a trabajar conjuntamente todos los estamentos del gobierno provincial\u201d. En ese sentido, detall\u00f3 que \u201clo primero que hacemos es proteger las vidas humanas, que es lo \u00fanico que no vamos a poder recuperar despu\u00e9s de las lluvias. Esperemos que el tiempo nos de un respiro y a partir de eso lograr que cada familia vuelva a la normalidad, que los chicos puedan volver a la escuela, a sus casas, que tengan sus zapatillas, y para ello se lleva adelante un trabajo muy arduo\u201d.<\/p>\n<p>Asimismo, explic\u00f3 que \u201cen esta primera etapa, se trabaja en todo lo que es contenci\u00f3n y evitar p\u00e9rdidas humanas; en seguida trabajar para lograr la normalidad lo antes posible\u201d.<\/p>\n<p>Por otro lado, el titular de Vialidad provincial, dijo que \u201cestamos trabajando coordinadamente, y el gobernador y vicegobernador nos dieron las instrucciones para que trabajemos coordinados, como lo estamos haciendo continuamente\u201d.<\/p>\n<p>Coment\u00f3 que \u201chubo sectores cuya situaci\u00f3n fue realmente preocupante, como la zona centro de la provincia, principalmente Paran\u00e1 y Diamante que fueron los m\u00e1s perjudicados con los problemas. Si bien en la provincia est\u00e1 lloviendo cada dos d\u00edas pr\u00e1cticamente y esta semana vamos a tener un solo d\u00eda sin lluvia, estamos bien en c\u00f3mo salimos a resolver los problemas que ocurren\u201d.<\/p>\n<p>\u201cAyer nos pas\u00f3 que Puerto Alvear qued\u00f3 totalmente aislado, con 200 mil\u00edmetros que cayeron a la ma\u00f1ana y se llev\u00f3 una alcantarilla entera, dejando un hueco de cuatro metros de profundidad. La gente de la zonal Paran\u00e1 y Diamante en seguida se abocaron a las tareas para resolver la situaci\u00f3n y hacia la tarde ya pod\u00edan salir de Puerto Alvear. Tambi\u00e9n en paraje La Virgen, en la zona de Aldea Brasilera, donde el arroyo Salto directamente pas\u00f3 por encima, y tambi\u00e9n en las rutas 32 y 11, pero ya est\u00e1 resuelto, en seguida salimos a resolver la situaci\u00f3n\u201d, coment\u00f3.<\/p>\n<p>\u201cEn ese marco, le pedimos a la gente que circule con mucha precauci\u00f3n y principalmente parar en los momentos de gran tormenta con mucho viento porque verdaderamente mueve los veh\u00edculos y no permite ver hacia delante y tratar de ir cuidando los caminos vecinales que no tratan de salir de entrar y esperar para lograr m\u00e1s transitabilidad\u201d, dijo al finalizar.<\/p>\n<p><b>Asistencia\u00a0<\/b><\/p>\n<p>Hasta la ma\u00f1ana de este lunes, fueron asistidas las localidades de Paran\u00e1, Diamante, Santa Elena, Colonia Avellaneda, San Benito, Sauce Montrull y Mar\u00eda Luisa. Para dar una salida r\u00e1pida a la situaci\u00f3n cr\u00edtica por la que atraviesan las familias afectadas por los anegamientos, se entregaron a tal efecto chapas y nylon para resguardo, tirantes y clavadores, colchones, frazadas, ropa de cama, vestimenta y zapatillas para ni\u00f1os y adultos, as\u00ed como tambi\u00e9n m\u00f3dulos alimentarios.<\/p>\n<p>Cabe destacar que desde las primeras horas de la tormenta se activ\u00f3 el protocolo de emergencia, a fin de atender las distintas necesidades que fueron planteando los gobiernos locales.<\/p>\n","protected":false},"excerpt":{"rendered":"<p>&ldquo;Estoy enfocado en la situaci&oacute;n creada por las tormentas en todo el &aacute;rea del departamento Paran&aacute; principalmente, donde cayeron m&aacute;s de 400 mil&iacute;metros en los &uacute;ltimos dos d&iacute;as. Estamos coordinado acciones con Vialidad y el Ministerio de Desarrollo Social para asistir a las familias en problemas por el desborde de arroyos principalmente&raquo;. Lo dijo este [&hellip;]<\/p>\n","protected":false},"author":2,"featured_media":0,"comment_status":"open","ping_status":"open","sticky":false,"template":"","format":"standard","meta":{"fifu_image_url":"","fifu_image_alt":"","footnotes":""},"categories":[6],"tags":[],"class_list":{"0":"post-6457","1":"post","2":"type-post","3":"status-publish","4":"format-standard","6":"category-entre-rios"},"yoast_head":"<title>Urribarri puso en marcha un operativo de emergencia a ra\u00edz del temporal - Informe Litoral<\/title>\n<meta name=\"robots\" content=\"index, follow, max-snippet:-1, max-image-preview:large, max-video-preview:-1\" \/>\n<link rel=\"canonical\" href=\"https:\/\/informelitoral.com.ar\/urribarri-puso-en-marcha-un-operativo-de-emergencia-a-raiz-del-temporal\/\" \/>\n<meta property=\"og:locale\" content=\"es_ES\" \/>\n<meta property=\"og:type\" content=\"article\" \/>\n<meta property=\"og:title\" content=\"Urribarri puso en marcha un operativo de emergencia a ra\u00edz del temporal - Informe Litoral\" \/>\n<meta property=\"og:description\" content=\"&ldquo;Estoy enfocado en la situaci&oacute;n creada por las tormentas en todo el &aacute;rea del departamento Paran&aacute; principalmente, donde cayeron m&aacute;s de 400 mil&iacute;metros en los &uacute;ltimos dos d&iacute;as. Estamos coordinado acciones con Vialidad y el Ministerio de Desarrollo Social para asistir a las familias en problemas por el desborde de arroyos principalmente&raquo;. Lo dijo este [&hellip;]\" \/>\n<meta property=\"og:url\" content=\"https:\/\/informelitoral.com.ar\/urribarri-puso-en-marcha-un-operativo-de-emergencia-a-raiz-del-temporal\/\" \/>\n<meta property=\"og:site_name\" content=\"Informe Litoral\" \/>\n<meta property=\"article:publisher\" content=\"https:\/\/www.facebook.com\/informelitoral\/\" \/>\n<meta property=\"article:published_time\" content=\"2014-04-08T10:25:29+00:00\" \/>\n<meta property=\"og:image\" content=\"https:\/\/informelitoral.com.ar\/%77%70%2d%63%6f%6e%74%65%6e%74\/uploads\/2014\/04\/b_1396892403.jpg\" \/>\n\t<meta property=\"og:image:width\" content=\"492\" \/>\n\t<meta property=\"og:image:height\" content=\"326\" \/>\n\t<meta property=\"og:image:type\" content=\"image\/jpeg\" \/>\n<meta name=\"author\" content=\"Gonzalo Schmidt\" \/>\n<meta name=\"twitter:card\" content=\"summary_large_image\" \/>\n<meta name=\"twitter:creator\" content=\"@InformeLitoral\" \/>\n<meta name=\"twitter:site\" content=\"@InformeLitoral\" \/>\n<meta name=\"twitter:label1\" content=\"Escrito por\" \/>\n\t<meta name=\"twitter:data1\" content=\"Gonzalo Schmidt\" \/>\n\t<meta name=\"twitter:label2\" content=\"Tiempo de lectura\" \/>\n\t<meta name=\"twitter:data2\" content=\"4 minutos\" \/>\n<script type=\"application\/ld+json\" class=\"yoast-schema-graph\">{\"@context\":\"https:\\\/\\\/schema.org\",\"@graph\":[{\"@type\":\"Article\",\"@id\":\"https:\\\/\\\/informelitoral.com.ar\\\/urribarri-puso-en-marcha-un-operativo-de-emergencia-a-raiz-del-temporal\\\/#article\",\"isPartOf\":{\"@id\":\"https:\\\/\\\/informelitoral.com.ar\\\/urribarri-puso-en-marcha-un-operativo-de-emergencia-a-raiz-del-temporal\\\/\"},\"author\":{\"name\":\"Gonzalo Schmidt\",\"@id\":\"https:\\\/\\\/informelitoral.com.ar\\\/#\\\/schema\\\/person\\\/b9d00407c836482871ef1d57bf8e3180\"},\"headline\":\"Urribarri puso en marcha un operativo de emergencia a ra\u00edz del temporal\",\"datePublished\":\"2014-04-08T10:25:29+00:00\",\"mainEntityOfPage\":{\"@id\":\"https:\\\/\\\/informelitoral.com.ar\\\/urribarri-puso-en-marcha-un-operativo-de-emergencia-a-raiz-del-temporal\\\/\"},\"wordCount\":819,\"commentCount\":0,\"publisher\":{\"@id\":\"https:\\\/\\\/informelitoral.com.ar\\\/#organization\"},\"image\":{\"@id\":\"https:\\\/\\\/informelitoral.com.ar\\\/urribarri-puso-en-marcha-un-operativo-de-emergencia-a-raiz-del-temporal\\\/#primaryimage\"},\"thumbnailUrl\":\"http:\\\/\\\/www.isletasnoticias.com.ar\\\/%77%70%2d%63%6f%6e%74%65%6e%74\\\/uploads\\\/2014\\\/04\\\/b_1396892403-300x198.jpg\",\"articleSection\":[\"Entre R\u00edos\"],\"inLanguage\":\"es\",\"potentialAction\":[{\"@type\":\"CommentAction\",\"name\":\"Comment\",\"target\":[\"https:\\\/\\\/informelitoral.com.ar\\\/urribarri-puso-en-marcha-un-operativo-de-emergencia-a-raiz-del-temporal\\\/#respond\"]}]},{\"@type\":\"WebPage\",\"@id\":\"https:\\\/\\\/informelitoral.com.ar\\\/urribarri-puso-en-marcha-un-operativo-de-emergencia-a-raiz-del-temporal\\\/\",\"url\":\"https:\\\/\\\/informelitoral.com.ar\\\/urribarri-puso-en-marcha-un-operativo-de-emergencia-a-raiz-del-temporal\\\/\",\"name\":\"Urribarri puso en marcha un operativo de emergencia a ra\u00edz del temporal - Informe Litoral\",\"isPartOf\":{\"@id\":\"https:\\\/\\\/informelitoral.com.ar\\\/#website\"},\"primaryImageOfPage\":{\"@id\":\"https:\\\/\\\/informelitoral.com.ar\\\/urribarri-puso-en-marcha-un-operativo-de-emergencia-a-raiz-del-temporal\\\/#primaryimage\"},\"image\":{\"@id\":\"https:\\\/\\\/informelitoral.com.ar\\\/urribarri-puso-en-marcha-un-operativo-de-emergencia-a-raiz-del-temporal\\\/#primaryimage\"},\"thumbnailUrl\":\"http:\\\/\\\/www.isletasnoticias.com.ar\\\/%77%70%2d%63%6f%6e%74%65%6e%74\\\/uploads\\\/2014\\\/04\\\/b_1396892403-300x198.jpg\",\"datePublished\":\"2014-04-08T10:25:29+00:00\",\"breadcrumb\":{\"@id\":\"https:\\\/\\\/informelitoral.com.ar\\\/urribarri-puso-en-marcha-un-operativo-de-emergencia-a-raiz-del-temporal\\\/#breadcrumb\"},\"inLanguage\":\"es\",\"potentialAction\":[{\"@type\":\"ReadAction\",\"target\":[\"https:\\\/\\\/informelitoral.com.ar\\\/urribarri-puso-en-marcha-un-operativo-de-emergencia-a-raiz-del-temporal\\\/\"]}]},{\"@type\":\"ImageObject\",\"inLanguage\":\"es\",\"@id\":\"https:\\\/\\\/informelitoral.com.ar\\\/urribarri-puso-en-marcha-un-operativo-de-emergencia-a-raiz-del-temporal\\\/#primaryimage\",\"url\":\"http:\\\/\\\/www.isletasnoticias.com.ar\\\/%77%70%2d%63%6f%6e%74%65%6e%74\\\/uploads\\\/2014\\\/04\\\/b_1396892403-300x198.jpg\",\"contentUrl\":\"http:\\\/\\\/www.isletasnoticias.com.ar\\\/%77%70%2d%63%6f%6e%74%65%6e%74\\\/uploads\\\/2014\\\/04\\\/b_1396892403-300x198.jpg\"},{\"@type\":\"BreadcrumbList\",\"@id\":\"https:\\\/\\\/informelitoral.com.ar\\\/urribarri-puso-en-marcha-un-operativo-de-emergencia-a-raiz-del-temporal\\\/#breadcrumb\",\"itemListElement\":[{\"@type\":\"ListItem\",\"position\":1,\"name\":\"Portada\",\"item\":\"https:\\\/\\\/informelitoral.com.ar\\\/\"},{\"@type\":\"ListItem\",\"position\":2,\"name\":\"Urribarri puso en marcha un operativo de emergencia a ra\u00edz del temporal\"}]},{\"@type\":\"WebSite\",\"@id\":\"https:\\\/\\\/informelitoral.com.ar\\\/#website\",\"url\":\"https:\\\/\\\/informelitoral.com.ar\\\/\",\"name\":\"Informe Litoral\",\"description\":\"&quot;Nos informamos&quot; \",\"publisher\":{\"@id\":\"https:\\\/\\\/informelitoral.com.ar\\\/#organization\"},\"potentialAction\":[{\"@type\":\"SearchAction\",\"target\":{\"@type\":\"EntryPoint\",\"urlTemplate\":\"https:\\\/\\\/informelitoral.com.ar\\\/?s={search_term_string}\"},\"query-input\":{\"@type\":\"PropertyValueSpecification\",\"valueRequired\":true,\"valueName\":\"search_term_string\"}}],\"inLanguage\":\"es\"},{\"@type\":\"Organization\",\"@id\":\"https:\\\/\\\/informelitoral.com.ar\\\/#organization\",\"name\":\"Informe Litoral\",\"url\":\"https:\\\/\\\/informelitoral.com.ar\\\/\",\"logo\":{\"@type\":\"ImageObject\",\"inLanguage\":\"es\",\"@id\":\"https:\\\/\\\/informelitoral.com.ar\\\/#\\\/schema\\\/logo\\\/image\\\/\",\"url\":\"https:\\\/\\\/informelitoral.com.ar\\\/%77%70%2d%63%6f%6e%74%65%6e%74\\\/uploads\\\/2021\\\/01\\\/circulo.png\",\"contentUrl\":\"https:\\\/\\\/informelitoral.com.ar\\\/%77%70%2d%63%6f%6e%74%65%6e%74\\\/uploads\\\/2021\\\/01\\\/circulo.png\",\"width\":723,\"height\":731,\"caption\":\"Informe Litoral\"},\"image\":{\"@id\":\"https:\\\/\\\/informelitoral.com.ar\\\/#\\\/schema\\\/logo\\\/image\\\/\"},\"sameAs\":[\"https:\\\/\\\/www.facebook.com\\\/informelitoral\\\/\",\"https:\\\/\\\/x.com\\\/InformeLitoral\",\"https:\\\/\\\/www.instagram.com\\\/informelitoral\\\/\",\"https:\\\/\\\/www.youtube.com\\\/channel\\\/UCua4Qvz8Icb6MYqhoq9xLXw\"]},{\"@type\":\"Person\",\"@id\":\"https:\\\/\\\/informelitoral.com.ar\\\/#\\\/schema\\\/person\\\/b9d00407c836482871ef1d57bf8e3180\",\"name\":\"Gonzalo Schmidt\",\"image\":{\"@type\":\"ImageObject\",\"inLanguage\":\"es\",\"@id\":\"https:\\\/\\\/secure.gravatar.com\\\/avatar\\\/31a1a7b66ff2de83bd0e9fd79d026630d2d99e55e8bfe501287647b4fd9743de?s=96&d=mm&r=g\",\"url\":\"https:\\\/\\\/secure.gravatar.com\\\/avatar\\\/31a1a7b66ff2de83bd0e9fd79d026630d2d99e55e8bfe501287647b4fd9743de?s=96&d=mm&r=g\",\"contentUrl\":\"https:\\\/\\\/secure.gravatar.com\\\/avatar\\\/31a1a7b66ff2de83bd0e9fd79d026630d2d99e55e8bfe501287647b4fd9743de?s=96&d=mm&r=g\",\"caption\":\"Gonzalo Schmidt\"},\"description\":\"Sitio web de noticias de la provincia de Entre R\u00edos, Argentina. Informaci\u00f3n y entretenimiento. Informe Litoral, nos informamos.\",\"sameAs\":[\"http:\\\/\\\/www.isletasnoticias.com.ar\"],\"url\":\"https:\\\/\\\/informelitoral.com.ar\\\/author\\\/gonzalo\\\/\"}]}<\/script>","yoast_head_json":{"title":"Urribarri puso en marcha un operativo de emergencia a ra\u00edz del temporal - Informe Litoral","robots":{"index":"index","follow":"follow","max-snippet":"max-snippet:-1","max-image-preview":"max-image-preview:large","max-video-preview":"max-video-preview:-1"},"canonical":"https:\/\/informelitoral.com.ar\/urribarri-puso-en-marcha-un-operativo-de-emergencia-a-raiz-del-temporal\/","og_locale":"es_ES","og_type":"article","og_title":"Urribarri puso en marcha un operativo de emergencia a ra\u00edz del temporal - Informe Litoral","og_description":"&ldquo;Estoy enfocado en la situaci&oacute;n creada por las tormentas en todo el &aacute;rea del departamento Paran&aacute; principalmente, donde cayeron m&aacute;s de 400 mil&iacute;metros en los &uacute;ltimos dos d&iacute;as. Estamos coordinado acciones con Vialidad y el Ministerio de Desarrollo Social para asistir a las familias en problemas por el desborde de arroyos principalmente&raquo;. Lo dijo este [&hellip;]","og_url":"https:\/\/informelitoral.com.ar\/urribarri-puso-en-marcha-un-operativo-de-emergencia-a-raiz-del-temporal\/","og_site_name":"Informe Litoral","article_publisher":"https:\/\/www.facebook.com\/informelitoral\/","article_published_time":"2014-04-08T10:25:29+00:00","og_image":[{"width":492,"height":326,"url":"https:\/\/informelitoral.com.ar\/%77%70%2d%63%6f%6e%74%65%6e%74\/uploads\/2014\/04\/b_1396892403.jpg","type":"image\/jpeg"}],"author":"Gonzalo Schmidt","twitter_card":"summary_large_image","twitter_creator":"@InformeLitoral","twitter_site":"@InformeLitoral","twitter_misc":{"Escrito por":"Gonzalo Schmidt","Tiempo de lectura":"4 minutos"},"schema":{"@context":"https:\/\/schema.org","@graph":[{"@type":"Article","@id":"https:\/\/informelitoral.com.ar\/urribarri-puso-en-marcha-un-operativo-de-emergencia-a-raiz-del-temporal\/#article","isPartOf":{"@id":"https:\/\/informelitoral.com.ar\/urribarri-puso-en-marcha-un-operativo-de-emergencia-a-raiz-del-temporal\/"},"author":{"name":"Gonzalo Schmidt","@id":"https:\/\/informelitoral.com.ar\/#\/schema\/person\/b9d00407c836482871ef1d57bf8e3180"},"headline":"Urribarri puso en marcha un operativo de emergencia a ra\u00edz del temporal","datePublished":"2014-04-08T10:25:29+00:00","mainEntityOfPage":{"@id":"https:\/\/informelitoral.com.ar\/urribarri-puso-en-marcha-un-operativo-de-emergencia-a-raiz-del-temporal\/"},"wordCount":819,"commentCount":0,"publisher":{"@id":"https:\/\/informelitoral.com.ar\/#organization"},"image":{"@id":"https:\/\/informelitoral.com.ar\/urribarri-puso-en-marcha-un-operativo-de-emergencia-a-raiz-del-temporal\/#primaryimage"},"thumbnailUrl":"http:\/\/www.isletasnoticias.com.ar\/%77%70%2d%63%6f%6e%74%65%6e%74\/uploads\/2014\/04\/b_1396892403-300x198.jpg","articleSection":["Entre R\u00edos"],"inLanguage":"es","potentialAction":[{"@type":"CommentAction","name":"Comment","target":["https:\/\/informelitoral.com.ar\/urribarri-puso-en-marcha-un-operativo-de-emergencia-a-raiz-del-temporal\/#respond"]}]},{"@type":"WebPage","@id":"https:\/\/informelitoral.com.ar\/urribarri-puso-en-marcha-un-operativo-de-emergencia-a-raiz-del-temporal\/","url":"https:\/\/informelitoral.com.ar\/urribarri-puso-en-marcha-un-operativo-de-emergencia-a-raiz-del-temporal\/","name":"Urribarri puso en marcha un operativo de emergencia a ra\u00edz del temporal - Informe Litoral","isPartOf":{"@id":"https:\/\/informelitoral.com.ar\/#website"},"primaryImageOfPage":{"@id":"https:\/\/informelitoral.com.ar\/urribarri-puso-en-marcha-un-operativo-de-emergencia-a-raiz-del-temporal\/#primaryimage"},"image":{"@id":"https:\/\/informelitoral.com.ar\/urribarri-puso-en-marcha-un-operativo-de-emergencia-a-raiz-del-temporal\/#primaryimage"},"thumbnailUrl":"http:\/\/www.isletasnoticias.com.ar\/%77%70%2d%63%6f%6e%74%65%6e%74\/uploads\/2014\/04\/b_1396892403-300x198.jpg","datePublished":"2014-04-08T10:25:29+00:00","breadcrumb":{"@id":"https:\/\/informelitoral.com.ar\/urribarri-puso-en-marcha-un-operativo-de-emergencia-a-raiz-del-temporal\/#breadcrumb"},"inLanguage":"es","potentialAction":[{"@type":"ReadAction","target":["https:\/\/informelitoral.com.ar\/urribarri-puso-en-marcha-un-operativo-de-emergencia-a-raiz-del-temporal\/"]}]},{"@type":"ImageObject","inLanguage":"es","@id":"https:\/\/informelitoral.com.ar\/urribarri-puso-en-marcha-un-operativo-de-emergencia-a-raiz-del-temporal\/#primaryimage","url":"http:\/\/www.isletasnoticias.com.ar\/%77%70%2d%63%6f%6e%74%65%6e%74\/uploads\/2014\/04\/b_1396892403-300x198.jpg","contentUrl":"http:\/\/www.isletasnoticias.com.ar\/%77%70%2d%63%6f%6e%74%65%6e%74\/uploads\/2014\/04\/b_1396892403-300x198.jpg"},{"@type":"BreadcrumbList","@id":"https:\/\/informelitoral.com.ar\/urribarri-puso-en-marcha-un-operativo-de-emergencia-a-raiz-del-temporal\/#breadcrumb","itemListElement":[{"@type":"ListItem","position":1,"name":"Portada","item":"https:\/\/informelitoral.com.ar\/"},{"@type":"ListItem","position":2,"name":"Urribarri puso en marcha un operativo de emergencia a ra\u00edz del temporal"}]},{"@type":"WebSite","@id":"https:\/\/informelitoral.com.ar\/#website","url":"https:\/\/informelitoral.com.ar\/","name":"Informe Litoral","description":"&quot;Nos informamos&quot; ","publisher":{"@id":"https:\/\/informelitoral.com.ar\/#organization"},"potentialAction":[{"@type":"SearchAction","target":{"@type":"EntryPoint","urlTemplate":"https:\/\/informelitoral.com.ar\/?s={search_term_string}"},"query-input":{"@type":"PropertyValueSpecification","valueRequired":true,"valueName":"search_term_string"}}],"inLanguage":"es"},{"@type":"Organization","@id":"https:\/\/informelitoral.com.ar\/#organization","name":"Informe Litoral","url":"https:\/\/informelitoral.com.ar\/","logo":{"@type":"ImageObject","inLanguage":"es","@id":"https:\/\/informelitoral.com.ar\/#\/schema\/logo\/image\/","url":"https:\/\/informelitoral.com.ar\/%77%70%2d%63%6f%6e%74%65%6e%74\/uploads\/2021\/01\/circulo.png","contentUrl":"https:\/\/informelitoral.com.ar\/%77%70%2d%63%6f%6e%74%65%6e%74\/uploads\/2021\/01\/circulo.png","width":723,"height":731,"caption":"Informe Litoral"},"image":{"@id":"https:\/\/informelitoral.com.ar\/#\/schema\/logo\/image\/"},"sameAs":["https:\/\/www.facebook.com\/informelitoral\/","https:\/\/x.com\/InformeLitoral","https:\/\/www.instagram.com\/informelitoral\/","https:\/\/www.youtube.com\/channel\/UCua4Qvz8Icb6MYqhoq9xLXw"]},{"@type":"Person","@id":"https:\/\/informelitoral.com.ar\/#\/schema\/person\/b9d00407c836482871ef1d57bf8e3180","name":"Gonzalo Schmidt","image":{"@type":"ImageObject","inLanguage":"es","@id":"https:\/\/secure.gravatar.com\/avatar\/31a1a7b66ff2de83bd0e9fd79d026630d2d99e55e8bfe501287647b4fd9743de?s=96&d=mm&r=g","url":"https:\/\/secure.gravatar.com\/avatar\/31a1a7b66ff2de83bd0e9fd79d026630d2d99e55e8bfe501287647b4fd9743de?s=96&d=mm&r=g","contentUrl":"https:\/\/secure.gravatar.com\/avatar\/31a1a7b66ff2de83bd0e9fd79d026630d2d99e55e8bfe501287647b4fd9743de?s=96&d=mm&r=g","caption":"Gonzalo Schmidt"},"description":"Sitio web de noticias de la provincia de Entre R\u00edos, Argentina. Informaci\u00f3n y entretenimiento. Informe Litoral, nos informamos.","sameAs":["http:\/\/www.isletasnoticias.com.ar"],"url":"https:\/\/informelitoral.com.ar\/author\/gonzalo\/"}]}},"_links":{"self":[{"href":"https:\/\/informelitoral.com.ar\/%77%70%2d%6a%73%6f%6e\/wp\/v2\/posts\/6457","targetHints":{"allow":["GET"]}}],"collection":[{"href":"https:\/\/informelitoral.com.ar\/%77%70%2d%6a%73%6f%6e\/wp\/v2\/posts"}],"about":[{"href":"https:\/\/informelitoral.com.ar\/%77%70%2d%6a%73%6f%6e\/wp\/v2\/types\/post"}],"author":[{"embeddable":true,"href":"https:\/\/informelitoral.com.ar\/%77%70%2d%6a%73%6f%6e\/wp\/v2\/users\/2"}],"replies":[{"embeddable":true,"href":"https:\/\/informelitoral.com.ar\/%77%70%2d%6a%73%6f%6e\/wp\/v2\/comments?post=6457"}],"version-history":[{"count":0,"href":"https:\/\/informelitoral.com.ar\/%77%70%2d%6a%73%6f%6e\/wp\/v2\/posts\/6457\/revisions"}],"wp:attachment":[{"href":"https:\/\/informelitoral.com.ar\/%77%70%2d%6a%73%6f%6e\/wp\/v2\/media?parent=6457"}],"wp:term":[{"taxonomy":"category","embeddable":true,"href":"https:\/\/informelitoral.com.ar\/%77%70%2d%6a%73%6f%6e\/wp\/v2\/categories?post=6457"},{"taxonomy":"post_tag","embeddable":true,"href":"https:\/\/informelitoral.com.ar\/%77%70%2d%6a%73%6f%6e\/wp\/v2\/tags?post=6457"}],"curies":[{"name":"wp","href":"https:\/\/api.w.org\/{rel}","templated":true}]}}