{"id":6448,"date":"2014-04-06T09:28:50","date_gmt":"2014-04-06T12:28:50","guid":{"rendered":"http:\/\/www.isletasnoticias.com.ar\/?p=6448"},"modified":"2014-04-06T09:29:10","modified_gmt":"2014-04-06T12:29:10","slug":"la-provincia-incremento-26-por-ciento-el-valor-de-las-becas-del-inaubepro","status":"publish","type":"post","link":"https:\/\/informelitoral.com.ar\/la-provincia-incremento-26-por-ciento-el-valor-de-las-becas-del-inaubepro\/","title":{"rendered":"Entre R\u00edos increment\u00f3 26 por ciento el valor de las becas del Inaubepro"},"content":{"rendered":"<p><strong>Este lunes, m\u00e1s de 12.500 estudiantes entrerrianos percibir\u00e1n su beca con un incremento promedio del 26 por ciento. Se trata de una \u00abcifra in\u00e9dita\u00bb para el primer pago. \u00abLa beca iguala oportunidades y nos permite darles una mano a las familias que quieren que sus hijos se capaciten para su futuro\u00bb, dijo al respecto el gobernador <em>Sergio Urribarri.<\/em><\/strong><\/p>\n<p style=\"text-align: center;\"><a href=\"http:\/\/www.isletasnoticias.com.ar\/%77%70%2d%63%6f%6e%74%65%6e%74\/uploads\/2014\/04\/17056_.jpg\"><img loading=\"lazy\" decoding=\"async\" class=\"aligncenter  wp-image-6449\" alt=\"17056_\" src=\"http:\/\/www.isletasnoticias.com.ar\/%77%70%2d%63%6f%6e%74%65%6e%74\/uploads\/2014\/04\/17056_-300x161.jpg\" width=\"500\" height=\"300\" \/><\/a><\/p>\n<p>\u00abEste gobierno viene trabajando en forma sostenida para colaborar y administrar este sistema solidario en el que los profesionales aportan para nuestros gurises puedan estudiar. Consolidar el perfil agroindustrial de nuestra provincia depender\u00e1 en gran medida de la contribuci\u00f3n de estos j\u00f3venes\u00bb, expres\u00f3 el mandatario al dar a conocer el incremento de las becas.<\/p>\n<p>Por otra parte, subray\u00f3 que este cronograma es el m\u00e1s significativo de la historia del organismo, ya que nunca se realiz\u00f3 un pago mayor a 7.000 becas en el primer mes.<\/p>\n<p>A partir del lunes, el Instituto Aut\u00e1rquico Becario Provincial inicia el cronograma de pagos correspondiente a abril. La Directora Ejecutiva del organismo, <strong>Mayda Cresto<\/strong>, adelant\u00f3 que \u201cm\u00e1s de 12.500 becas, principalmente de estudiantes de nivel Secundario que presentaron su solicitud en tiempo y forma, se otorgar\u00e1n la pr\u00f3xima semana\u201d.<\/p>\n<p>\u00abEstamos muy contentos por c\u00f3mo avanz\u00f3 la evaluaci\u00f3n de las solicitudes, ya que el equipo trabaj\u00f3 en doble turno para que el estudiantado comience sus clases con el acompa\u00f1amiento del gobierno provincial\u201d, se\u00f1al\u00f3.<\/p>\n<p>\u201cAdem\u00e1s, para este 2014 la beca recibir\u00e1 un incremento general del 26 por ciento, aunque cabe aclarar que el aumento var\u00eda dependiendo del Programa. La inversi\u00f3n para este primer cumplimiento es de 2.616.810 pesos\u201d, sostuvo.<\/p>\n<p>De las 12.500 becas que se percibir\u00e1n desde el lunes, la mayor\u00eda son Renovaciones Secundarias de Programas como Ordinario, Escuelas T\u00e9cnicas y Aerot\u00e9cnicas, Rurales, Deportistas Federados, Mejores Promedios, Discapacidad, entre otros. Es importante resaltar que los alumnos de nivel superior \u2013Terciario y Universitario- presentaron su formulario hasta el 31 de marzo, por lo que la Comisi\u00f3n Evaluadora tendr\u00e1 como m\u00ednimo un mes para analizar cada caso.<\/p>\n<p><b>El cronograma de <\/b><strong>abril\u00a0<\/strong><\/p>\n<p>Cabe recordar que el sistema de pago seguir\u00e1 siendo por ventanilla de la sucursal de Bersa consignada en el formulario del estudiante, y que se debe acudir al banco seg\u00fan la finalizaci\u00f3n del DNI del alumno, o del titular en caso de que el primero sea menor de edad. Asimismo, el estudiantado recibir\u00e1 su Tarjeta Becaria en los Actos de Adjudicaci\u00f3n de Becas, por lo que podr\u00e1n utilizar el actual pl\u00e1stico para continuar haciendo uso de los beneficios del Sistema Solidario Entrerriano, hasta el momento de recibir la nueva.<\/p>\n<p>Lunes 7, DNI 0<br \/>\nMartes 8; DNI 1<br \/>\nMi\u00e9rcoles 9; DNI 2<br \/>\nJueves 10, DNI 3<br \/>\nViernes 11, DNI 4<br \/>\nLunes 14, DNI 5<br \/>\nMartes 15, DNI 6<br \/>\nMi\u00e9rcoles 16, DNI 7<br \/>\nLunes 21, DNI 8<br \/>\nMartes 22, DNI 9<\/p>\n","protected":false},"excerpt":{"rendered":"<p>Este lunes, m&aacute;s de 12.500 estudiantes entrerrianos percibir&aacute;n su beca con un incremento promedio del 26 por ciento. Se trata de una &laquo;cifra in&eacute;dita&raquo; para el primer pago. &laquo;La beca iguala oportunidades y nos permite darles una mano a las familias que quieren que sus hijos se capaciten para su futuro&raquo;, dijo al respecto el [&hellip;]<\/p>\n","protected":false},"author":2,"featured_media":0,"comment_status":"open","ping_status":"open","sticky":false,"template":"","format":"standard","meta":{"fifu_image_url":"","fifu_image_alt":"","footnotes":""},"categories":[6],"tags":[],"class_list":{"0":"post-6448","1":"post","2":"type-post","3":"status-publish","4":"format-standard","6":"category-entre-rios"},"yoast_head":"<title>Entre R\u00edos increment\u00f3 26 por ciento el valor de las becas del Inaubepro - Informe Litoral<\/title>\n<meta name=\"robots\" content=\"index, follow, max-snippet:-1, max-image-preview:large, max-video-preview:-1\" \/>\n<link rel=\"canonical\" href=\"https:\/\/informelitoral.com.ar\/la-provincia-incremento-26-por-ciento-el-valor-de-las-becas-del-inaubepro\/\" \/>\n<meta property=\"og:locale\" content=\"es_ES\" \/>\n<meta property=\"og:type\" content=\"article\" \/>\n<meta property=\"og:title\" content=\"Entre R\u00edos increment\u00f3 26 por ciento el valor de las becas del Inaubepro - Informe Litoral\" \/>\n<meta property=\"og:description\" content=\"Este lunes, m&aacute;s de 12.500 estudiantes entrerrianos percibir&aacute;n su beca con un incremento promedio del 26 por ciento. Se trata de una &laquo;cifra in&eacute;dita&raquo; para el primer pago. &laquo;La beca iguala oportunidades y nos permite darles una mano a las familias que quieren que sus hijos se capaciten para su futuro&raquo;, dijo al respecto el [&hellip;]\" \/>\n<meta property=\"og:url\" content=\"https:\/\/informelitoral.com.ar\/la-provincia-incremento-26-por-ciento-el-valor-de-las-becas-del-inaubepro\/\" \/>\n<meta property=\"og:site_name\" content=\"Informe Litoral\" \/>\n<meta property=\"article:publisher\" content=\"https:\/\/www.facebook.com\/informelitoral\/\" \/>\n<meta property=\"article:published_time\" content=\"2014-04-06T12:28:50+00:00\" \/>\n<meta property=\"article:modified_time\" content=\"2014-04-06T12:29:10+00:00\" \/>\n<meta property=\"og:image\" content=\"https:\/\/informelitoral.com.ar\/%77%70%2d%63%6f%6e%74%65%6e%74\/uploads\/2014\/04\/17056_.jpg\" \/>\n\t<meta property=\"og:image:width\" content=\"544\" \/>\n\t<meta property=\"og:image:height\" content=\"293\" \/>\n\t<meta property=\"og:image:type\" content=\"image\/jpeg\" \/>\n<meta name=\"author\" content=\"Gonzalo Schmidt\" \/>\n<meta name=\"twitter:card\" content=\"summary_large_image\" \/>\n<meta name=\"twitter:creator\" content=\"@InformeLitoral\" \/>\n<meta name=\"twitter:site\" content=\"@InformeLitoral\" \/>\n<meta name=\"twitter:label1\" content=\"Escrito por\" \/>\n\t<meta name=\"twitter:data1\" content=\"Gonzalo Schmidt\" \/>\n\t<meta name=\"twitter:label2\" content=\"Tiempo de lectura\" \/>\n\t<meta name=\"twitter:data2\" content=\"2 minutos\" \/>\n<script type=\"application\/ld+json\" class=\"yoast-schema-graph\">{\"@context\":\"https:\\\/\\\/schema.org\",\"@graph\":[{\"@type\":\"Article\",\"@id\":\"https:\\\/\\\/informelitoral.com.ar\\\/la-provincia-incremento-26-por-ciento-el-valor-de-las-becas-del-inaubepro\\\/#article\",\"isPartOf\":{\"@id\":\"https:\\\/\\\/informelitoral.com.ar\\\/la-provincia-incremento-26-por-ciento-el-valor-de-las-becas-del-inaubepro\\\/\"},\"author\":{\"name\":\"Gonzalo Schmidt\",\"@id\":\"https:\\\/\\\/informelitoral.com.ar\\\/#\\\/schema\\\/person\\\/b9d00407c836482871ef1d57bf8e3180\"},\"headline\":\"Entre R\u00edos increment\u00f3 26 por ciento el valor de las becas del Inaubepro\",\"datePublished\":\"2014-04-06T12:28:50+00:00\",\"dateModified\":\"2014-04-06T12:29:10+00:00\",\"mainEntityOfPage\":{\"@id\":\"https:\\\/\\\/informelitoral.com.ar\\\/la-provincia-incremento-26-por-ciento-el-valor-de-las-becas-del-inaubepro\\\/\"},\"wordCount\":473,\"commentCount\":0,\"publisher\":{\"@id\":\"https:\\\/\\\/informelitoral.com.ar\\\/#organization\"},\"image\":{\"@id\":\"https:\\\/\\\/informelitoral.com.ar\\\/la-provincia-incremento-26-por-ciento-el-valor-de-las-becas-del-inaubepro\\\/#primaryimage\"},\"thumbnailUrl\":\"http:\\\/\\\/www.isletasnoticias.com.ar\\\/%77%70%2d%63%6f%6e%74%65%6e%74\\\/uploads\\\/2014\\\/04\\\/17056_-300x161.jpg\",\"articleSection\":[\"Entre R\u00edos\"],\"inLanguage\":\"es\",\"potentialAction\":[{\"@type\":\"CommentAction\",\"name\":\"Comment\",\"target\":[\"https:\\\/\\\/informelitoral.com.ar\\\/la-provincia-incremento-26-por-ciento-el-valor-de-las-becas-del-inaubepro\\\/#respond\"]}]},{\"@type\":\"WebPage\",\"@id\":\"https:\\\/\\\/informelitoral.com.ar\\\/la-provincia-incremento-26-por-ciento-el-valor-de-las-becas-del-inaubepro\\\/\",\"url\":\"https:\\\/\\\/informelitoral.com.ar\\\/la-provincia-incremento-26-por-ciento-el-valor-de-las-becas-del-inaubepro\\\/\",\"name\":\"Entre R\u00edos increment\u00f3 26 por ciento el valor de las becas del Inaubepro - Informe Litoral\",\"isPartOf\":{\"@id\":\"https:\\\/\\\/informelitoral.com.ar\\\/#website\"},\"primaryImageOfPage\":{\"@id\":\"https:\\\/\\\/informelitoral.com.ar\\\/la-provincia-incremento-26-por-ciento-el-valor-de-las-becas-del-inaubepro\\\/#primaryimage\"},\"image\":{\"@id\":\"https:\\\/\\\/informelitoral.com.ar\\\/la-provincia-incremento-26-por-ciento-el-valor-de-las-becas-del-inaubepro\\\/#primaryimage\"},\"thumbnailUrl\":\"http:\\\/\\\/www.isletasnoticias.com.ar\\\/%77%70%2d%63%6f%6e%74%65%6e%74\\\/uploads\\\/2014\\\/04\\\/17056_-300x161.jpg\",\"datePublished\":\"2014-04-06T12:28:50+00:00\",\"dateModified\":\"2014-04-06T12:29:10+00:00\",\"breadcrumb\":{\"@id\":\"https:\\\/\\\/informelitoral.com.ar\\\/la-provincia-incremento-26-por-ciento-el-valor-de-las-becas-del-inaubepro\\\/#breadcrumb\"},\"inLanguage\":\"es\",\"potentialAction\":[{\"@type\":\"ReadAction\",\"target\":[\"https:\\\/\\\/informelitoral.com.ar\\\/la-provincia-incremento-26-por-ciento-el-valor-de-las-becas-del-inaubepro\\\/\"]}]},{\"@type\":\"ImageObject\",\"inLanguage\":\"es\",\"@id\":\"https:\\\/\\\/informelitoral.com.ar\\\/la-provincia-incremento-26-por-ciento-el-valor-de-las-becas-del-inaubepro\\\/#primaryimage\",\"url\":\"http:\\\/\\\/www.isletasnoticias.com.ar\\\/%77%70%2d%63%6f%6e%74%65%6e%74\\\/uploads\\\/2014\\\/04\\\/17056_-300x161.jpg\",\"contentUrl\":\"http:\\\/\\\/www.isletasnoticias.com.ar\\\/%77%70%2d%63%6f%6e%74%65%6e%74\\\/uploads\\\/2014\\\/04\\\/17056_-300x161.jpg\"},{\"@type\":\"BreadcrumbList\",\"@id\":\"https:\\\/\\\/informelitoral.com.ar\\\/la-provincia-incremento-26-por-ciento-el-valor-de-las-becas-del-inaubepro\\\/#breadcrumb\",\"itemListElement\":[{\"@type\":\"ListItem\",\"position\":1,\"name\":\"Portada\",\"item\":\"https:\\\/\\\/informelitoral.com.ar\\\/\"},{\"@type\":\"ListItem\",\"position\":2,\"name\":\"Entre R\u00edos increment\u00f3 26 por ciento el valor de las becas del Inaubepro\"}]},{\"@type\":\"WebSite\",\"@id\":\"https:\\\/\\\/informelitoral.com.ar\\\/#website\",\"url\":\"https:\\\/\\\/informelitoral.com.ar\\\/\",\"name\":\"Informe Litoral\",\"description\":\"&quot;Nos informamos&quot; \",\"publisher\":{\"@id\":\"https:\\\/\\\/informelitoral.com.ar\\\/#organization\"},\"potentialAction\":[{\"@type\":\"SearchAction\",\"target\":{\"@type\":\"EntryPoint\",\"urlTemplate\":\"https:\\\/\\\/informelitoral.com.ar\\\/?s={search_term_string}\"},\"query-input\":{\"@type\":\"PropertyValueSpecification\",\"valueRequired\":true,\"valueName\":\"search_term_string\"}}],\"inLanguage\":\"es\"},{\"@type\":\"Organization\",\"@id\":\"https:\\\/\\\/informelitoral.com.ar\\\/#organization\",\"name\":\"Informe Litoral\",\"url\":\"https:\\\/\\\/informelitoral.com.ar\\\/\",\"logo\":{\"@type\":\"ImageObject\",\"inLanguage\":\"es\",\"@id\":\"https:\\\/\\\/informelitoral.com.ar\\\/#\\\/schema\\\/logo\\\/image\\\/\",\"url\":\"https:\\\/\\\/informelitoral.com.ar\\\/%77%70%2d%63%6f%6e%74%65%6e%74\\\/uploads\\\/2021\\\/01\\\/circulo.png\",\"contentUrl\":\"https:\\\/\\\/informelitoral.com.ar\\\/%77%70%2d%63%6f%6e%74%65%6e%74\\\/uploads\\\/2021\\\/01\\\/circulo.png\",\"width\":723,\"height\":731,\"caption\":\"Informe Litoral\"},\"image\":{\"@id\":\"https:\\\/\\\/informelitoral.com.ar\\\/#\\\/schema\\\/logo\\\/image\\\/\"},\"sameAs\":[\"https:\\\/\\\/www.facebook.com\\\/informelitoral\\\/\",\"https:\\\/\\\/x.com\\\/InformeLitoral\",\"https:\\\/\\\/www.instagram.com\\\/informelitoral\\\/\",\"https:\\\/\\\/www.youtube.com\\\/channel\\\/UCua4Qvz8Icb6MYqhoq9xLXw\"]},{\"@type\":\"Person\",\"@id\":\"https:\\\/\\\/informelitoral.com.ar\\\/#\\\/schema\\\/person\\\/b9d00407c836482871ef1d57bf8e3180\",\"name\":\"Gonzalo Schmidt\",\"image\":{\"@type\":\"ImageObject\",\"inLanguage\":\"es\",\"@id\":\"https:\\\/\\\/secure.gravatar.com\\\/avatar\\\/31a1a7b66ff2de83bd0e9fd79d026630d2d99e55e8bfe501287647b4fd9743de?s=96&d=mm&r=g\",\"url\":\"https:\\\/\\\/secure.gravatar.com\\\/avatar\\\/31a1a7b66ff2de83bd0e9fd79d026630d2d99e55e8bfe501287647b4fd9743de?s=96&d=mm&r=g\",\"contentUrl\":\"https:\\\/\\\/secure.gravatar.com\\\/avatar\\\/31a1a7b66ff2de83bd0e9fd79d026630d2d99e55e8bfe501287647b4fd9743de?s=96&d=mm&r=g\",\"caption\":\"Gonzalo Schmidt\"},\"description\":\"Sitio web de noticias de la provincia de Entre R\u00edos, Argentina. Informaci\u00f3n y entretenimiento. Informe Litoral, nos informamos.\",\"sameAs\":[\"http:\\\/\\\/www.isletasnoticias.com.ar\"],\"url\":\"https:\\\/\\\/informelitoral.com.ar\\\/author\\\/gonzalo\\\/\"}]}<\/script>","yoast_head_json":{"title":"Entre R\u00edos increment\u00f3 26 por ciento el valor de las becas del Inaubepro - Informe Litoral","robots":{"index":"index","follow":"follow","max-snippet":"max-snippet:-1","max-image-preview":"max-image-preview:large","max-video-preview":"max-video-preview:-1"},"canonical":"https:\/\/informelitoral.com.ar\/la-provincia-incremento-26-por-ciento-el-valor-de-las-becas-del-inaubepro\/","og_locale":"es_ES","og_type":"article","og_title":"Entre R\u00edos increment\u00f3 26 por ciento el valor de las becas del Inaubepro - Informe Litoral","og_description":"Este lunes, m&aacute;s de 12.500 estudiantes entrerrianos percibir&aacute;n su beca con un incremento promedio del 26 por ciento. Se trata de una &laquo;cifra in&eacute;dita&raquo; para el primer pago. &laquo;La beca iguala oportunidades y nos permite darles una mano a las familias que quieren que sus hijos se capaciten para su futuro&raquo;, dijo al respecto el [&hellip;]","og_url":"https:\/\/informelitoral.com.ar\/la-provincia-incremento-26-por-ciento-el-valor-de-las-becas-del-inaubepro\/","og_site_name":"Informe Litoral","article_publisher":"https:\/\/www.facebook.com\/informelitoral\/","article_published_time":"2014-04-06T12:28:50+00:00","article_modified_time":"2014-04-06T12:29:10+00:00","og_image":[{"width":544,"height":293,"url":"https:\/\/informelitoral.com.ar\/%77%70%2d%63%6f%6e%74%65%6e%74\/uploads\/2014\/04\/17056_.jpg","type":"image\/jpeg"}],"author":"Gonzalo Schmidt","twitter_card":"summary_large_image","twitter_creator":"@InformeLitoral","twitter_site":"@InformeLitoral","twitter_misc":{"Escrito por":"Gonzalo Schmidt","Tiempo de lectura":"2 minutos"},"schema":{"@context":"https:\/\/schema.org","@graph":[{"@type":"Article","@id":"https:\/\/informelitoral.com.ar\/la-provincia-incremento-26-por-ciento-el-valor-de-las-becas-del-inaubepro\/#article","isPartOf":{"@id":"https:\/\/informelitoral.com.ar\/la-provincia-incremento-26-por-ciento-el-valor-de-las-becas-del-inaubepro\/"},"author":{"name":"Gonzalo Schmidt","@id":"https:\/\/informelitoral.com.ar\/#\/schema\/person\/b9d00407c836482871ef1d57bf8e3180"},"headline":"Entre R\u00edos increment\u00f3 26 por ciento el valor de las becas del Inaubepro","datePublished":"2014-04-06T12:28:50+00:00","dateModified":"2014-04-06T12:29:10+00:00","mainEntityOfPage":{"@id":"https:\/\/informelitoral.com.ar\/la-provincia-incremento-26-por-ciento-el-valor-de-las-becas-del-inaubepro\/"},"wordCount":473,"commentCount":0,"publisher":{"@id":"https:\/\/informelitoral.com.ar\/#organization"},"image":{"@id":"https:\/\/informelitoral.com.ar\/la-provincia-incremento-26-por-ciento-el-valor-de-las-becas-del-inaubepro\/#primaryimage"},"thumbnailUrl":"http:\/\/www.isletasnoticias.com.ar\/%77%70%2d%63%6f%6e%74%65%6e%74\/uploads\/2014\/04\/17056_-300x161.jpg","articleSection":["Entre R\u00edos"],"inLanguage":"es","potentialAction":[{"@type":"CommentAction","name":"Comment","target":["https:\/\/informelitoral.com.ar\/la-provincia-incremento-26-por-ciento-el-valor-de-las-becas-del-inaubepro\/#respond"]}]},{"@type":"WebPage","@id":"https:\/\/informelitoral.com.ar\/la-provincia-incremento-26-por-ciento-el-valor-de-las-becas-del-inaubepro\/","url":"https:\/\/informelitoral.com.ar\/la-provincia-incremento-26-por-ciento-el-valor-de-las-becas-del-inaubepro\/","name":"Entre R\u00edos increment\u00f3 26 por ciento el valor de las becas del Inaubepro - Informe Litoral","isPartOf":{"@id":"https:\/\/informelitoral.com.ar\/#website"},"primaryImageOfPage":{"@id":"https:\/\/informelitoral.com.ar\/la-provincia-incremento-26-por-ciento-el-valor-de-las-becas-del-inaubepro\/#primaryimage"},"image":{"@id":"https:\/\/informelitoral.com.ar\/la-provincia-incremento-26-por-ciento-el-valor-de-las-becas-del-inaubepro\/#primaryimage"},"thumbnailUrl":"http:\/\/www.isletasnoticias.com.ar\/%77%70%2d%63%6f%6e%74%65%6e%74\/uploads\/2014\/04\/17056_-300x161.jpg","datePublished":"2014-04-06T12:28:50+00:00","dateModified":"2014-04-06T12:29:10+00:00","breadcrumb":{"@id":"https:\/\/informelitoral.com.ar\/la-provincia-incremento-26-por-ciento-el-valor-de-las-becas-del-inaubepro\/#breadcrumb"},"inLanguage":"es","potentialAction":[{"@type":"ReadAction","target":["https:\/\/informelitoral.com.ar\/la-provincia-incremento-26-por-ciento-el-valor-de-las-becas-del-inaubepro\/"]}]},{"@type":"ImageObject","inLanguage":"es","@id":"https:\/\/informelitoral.com.ar\/la-provincia-incremento-26-por-ciento-el-valor-de-las-becas-del-inaubepro\/#primaryimage","url":"http:\/\/www.isletasnoticias.com.ar\/%77%70%2d%63%6f%6e%74%65%6e%74\/uploads\/2014\/04\/17056_-300x161.jpg","contentUrl":"http:\/\/www.isletasnoticias.com.ar\/%77%70%2d%63%6f%6e%74%65%6e%74\/uploads\/2014\/04\/17056_-300x161.jpg"},{"@type":"BreadcrumbList","@id":"https:\/\/informelitoral.com.ar\/la-provincia-incremento-26-por-ciento-el-valor-de-las-becas-del-inaubepro\/#breadcrumb","itemListElement":[{"@type":"ListItem","position":1,"name":"Portada","item":"https:\/\/informelitoral.com.ar\/"},{"@type":"ListItem","position":2,"name":"Entre R\u00edos increment\u00f3 26 por ciento el valor de las becas del Inaubepro"}]},{"@type":"WebSite","@id":"https:\/\/informelitoral.com.ar\/#website","url":"https:\/\/informelitoral.com.ar\/","name":"Informe Litoral","description":"&quot;Nos informamos&quot; ","publisher":{"@id":"https:\/\/informelitoral.com.ar\/#organization"},"potentialAction":[{"@type":"SearchAction","target":{"@type":"EntryPoint","urlTemplate":"https:\/\/informelitoral.com.ar\/?s={search_term_string}"},"query-input":{"@type":"PropertyValueSpecification","valueRequired":true,"valueName":"search_term_string"}}],"inLanguage":"es"},{"@type":"Organization","@id":"https:\/\/informelitoral.com.ar\/#organization","name":"Informe Litoral","url":"https:\/\/informelitoral.com.ar\/","logo":{"@type":"ImageObject","inLanguage":"es","@id":"https:\/\/informelitoral.com.ar\/#\/schema\/logo\/image\/","url":"https:\/\/informelitoral.com.ar\/%77%70%2d%63%6f%6e%74%65%6e%74\/uploads\/2021\/01\/circulo.png","contentUrl":"https:\/\/informelitoral.com.ar\/%77%70%2d%63%6f%6e%74%65%6e%74\/uploads\/2021\/01\/circulo.png","width":723,"height":731,"caption":"Informe Litoral"},"image":{"@id":"https:\/\/informelitoral.com.ar\/#\/schema\/logo\/image\/"},"sameAs":["https:\/\/www.facebook.com\/informelitoral\/","https:\/\/x.com\/InformeLitoral","https:\/\/www.instagram.com\/informelitoral\/","https:\/\/www.youtube.com\/channel\/UCua4Qvz8Icb6MYqhoq9xLXw"]},{"@type":"Person","@id":"https:\/\/informelitoral.com.ar\/#\/schema\/person\/b9d00407c836482871ef1d57bf8e3180","name":"Gonzalo Schmidt","image":{"@type":"ImageObject","inLanguage":"es","@id":"https:\/\/secure.gravatar.com\/avatar\/31a1a7b66ff2de83bd0e9fd79d026630d2d99e55e8bfe501287647b4fd9743de?s=96&d=mm&r=g","url":"https:\/\/secure.gravatar.com\/avatar\/31a1a7b66ff2de83bd0e9fd79d026630d2d99e55e8bfe501287647b4fd9743de?s=96&d=mm&r=g","contentUrl":"https:\/\/secure.gravatar.com\/avatar\/31a1a7b66ff2de83bd0e9fd79d026630d2d99e55e8bfe501287647b4fd9743de?s=96&d=mm&r=g","caption":"Gonzalo Schmidt"},"description":"Sitio web de noticias de la provincia de Entre R\u00edos, Argentina. Informaci\u00f3n y entretenimiento. Informe Litoral, nos informamos.","sameAs":["http:\/\/www.isletasnoticias.com.ar"],"url":"https:\/\/informelitoral.com.ar\/author\/gonzalo\/"}]}},"_links":{"self":[{"href":"https:\/\/informelitoral.com.ar\/%77%70%2d%6a%73%6f%6e\/wp\/v2\/posts\/6448","targetHints":{"allow":["GET"]}}],"collection":[{"href":"https:\/\/informelitoral.com.ar\/%77%70%2d%6a%73%6f%6e\/wp\/v2\/posts"}],"about":[{"href":"https:\/\/informelitoral.com.ar\/%77%70%2d%6a%73%6f%6e\/wp\/v2\/types\/post"}],"author":[{"embeddable":true,"href":"https:\/\/informelitoral.com.ar\/%77%70%2d%6a%73%6f%6e\/wp\/v2\/users\/2"}],"replies":[{"embeddable":true,"href":"https:\/\/informelitoral.com.ar\/%77%70%2d%6a%73%6f%6e\/wp\/v2\/comments?post=6448"}],"version-history":[{"count":0,"href":"https:\/\/informelitoral.com.ar\/%77%70%2d%6a%73%6f%6e\/wp\/v2\/posts\/6448\/revisions"}],"wp:attachment":[{"href":"https:\/\/informelitoral.com.ar\/%77%70%2d%6a%73%6f%6e\/wp\/v2\/media?parent=6448"}],"wp:term":[{"taxonomy":"category","embeddable":true,"href":"https:\/\/informelitoral.com.ar\/%77%70%2d%6a%73%6f%6e\/wp\/v2\/categories?post=6448"},{"taxonomy":"post_tag","embeddable":true,"href":"https:\/\/informelitoral.com.ar\/%77%70%2d%6a%73%6f%6e\/wp\/v2\/tags?post=6448"}],"curies":[{"name":"wp","href":"https:\/\/api.w.org\/{rel}","templated":true}]}}