{"id":6442,"date":"2014-04-04T21:15:49","date_gmt":"2014-04-05T00:15:49","guid":{"rendered":"http:\/\/www.isletasnoticias.com.ar\/?p=6442"},"modified":"2014-04-04T21:15:49","modified_gmt":"2014-04-05T00:15:49","slug":"benedetti-cargo-contra-el-kirchnerismo-nacional-y-provincial","status":"publish","type":"post","link":"https:\/\/informelitoral.com.ar\/benedetti-cargo-contra-el-kirchnerismo-nacional-y-provincial\/","title":{"rendered":"Benedetti carg\u00f3 contra el kirchnerismo nacional y provincial"},"content":{"rendered":"<p style=\"text-align: left;\"><strong>El ex diputado nacional advirti\u00f3 que \u201cest\u00e1 llegando el fin de la etapa kirchnerista en Entre R\u00edos\u201d. Si bien reconoci\u00f3 \u201calgunos aciertos\u201d dijo que el oficialismo se empe\u00f1\u00f3 en \u201cocultar los fracasos que han sido muchos\u201d.<a href=\"http:\/\/www.isletasnoticias.com.ar\/%77%70%2d%63%6f%6e%74%65%6e%74\/uploads\/2013\/11\/benedetti.jpg\"><img loading=\"lazy\" decoding=\"async\" class=\"aligncenter  wp-image-4281\" alt=\"benedetti\" src=\"http:\/\/www.isletasnoticias.com.ar\/%77%70%2d%63%6f%6e%74%65%6e%74\/uploads\/2013\/11\/benedetti-300x168.jpg\" width=\"500\" height=\"300\" \/><\/a><\/strong><\/p>\n<p>\u201cLa \u00fanica verdad es la realidad y la verdad entrerriana est\u00e1 saliendo a la luz tanto a nivel provincial como nacional\u201d, dispar\u00f3 el dirigente radical<strong> Atilio Benedetti.\u00a0<\/strong><\/p>\n<p>\u201cLa sospechosa quiebra de la f\u00e1brica que iba a exportar cosechadoras y que recibi\u00f3 pr\u00e9stamos por una suma cercana a los 6 millones de pesos por parte del Estado entrerriano es una muestra m\u00e1s de un relato ficticio y mentiroso que cada d\u00eda queda m\u00e1s al descubierto\u201d, sostuvo en un comunicado enviado a<em>\u00a0Informe Digital.\u00a0<\/em><\/p>\n<p>En el texto hizo alusi\u00f3n a la noticia de la quiebra de Grandes M\u00e1quinas Concepci\u00f3n del Uruguay S. A. que tuvo repercusi\u00f3n en los medios nacionales, que recordaron \u201cel anuncio del gobierno de que se iban a vender seis cosechadoras a Angola e inclusive reprodujeron la foto de la presidenta y Urribarri en un prototipo de fantas\u00eda\u201d.<\/p>\n<p>El dirigente de la UCR entrerriana enfatiz\u00f3 despu\u00e9s: \u201cal igual que a nivel nacional, est\u00e1 llegando el fin de la etapa kirchnerista en Entre R\u00edos. Luego de a\u00f1os de imponer un relato mentiroso, emerge la verdad irrefutable. Si bien hubo algunos aciertos, los fracasos han sido muchos y siempre se empe\u00f1aron en ocultarlos\u201d.<\/p>\n<p>Por otra parte, Benedetti se refiri\u00f3 a los anuncios de obras y proyectos que Urribarri ha hecho durante su gesti\u00f3n.<\/p>\n<p>Si bien reconoci\u00f3 que \u201cpor su obsecuencia con la Presidenta ha conseguido algunas obras importantes\u201d, record\u00f3 que desde hace tiempo viene denunciando \u201cla paralizaci\u00f3n de muchas obras anunciadas, como la pavimentaci\u00f3n de la ruta 51, la reconstrucci\u00f3n del Puerto de Ibicuy, el hospital de Paran\u00e1 o el mega estadio de esa ciudad\u201d.<\/p>\n<p>El ex diputado nacional hizo notar tambi\u00e9n la precariedad de algunas obras realizadas y espec\u00edficamente se refiri\u00f3 a la ruta 16, que une Gualeguaych\u00fa con Gualeguay.<\/p>\n<p>\u201cLa obra finaliz\u00f3 en el a\u00f1o 2010 y cost\u00f3 78 millones de pesos (seg\u00fan el presupuesto oficial). Hoy se encuentra en mal\u00edsimas condiciones. O se trata de un p\u00e9simo trabajo que no fue no controlado por el Gobierno, o debemos sospechar que hubo corrupci\u00f3n\u201d, dijo despu\u00e9s.<\/p>\n<p>\u201cEstos dos ejemplos se unen a las denuncias que sistem\u00e1ticamente venimos realizando sobre la mala administraci\u00f3n del gobierno entrerrriano. Un gobierno que ha aplicado brutales aumentos de impuestos, que d\u00eda a d\u00eda endeuda la provincia, que tiene serios problemas en la prestaci\u00f3n de los servicios de seguridad, de educaci\u00f3n y de salud, a pesar del esfuerzo que hacen los trabajadores del Estado\u201d, concluy\u00f3.<\/p>\n","protected":false},"excerpt":{"rendered":"<p>El ex diputado nacional advirti&oacute; que &ldquo;est&aacute; llegando el fin de la etapa kirchnerista en Entre R&iacute;os&rdquo;. Si bien reconoci&oacute; &ldquo;algunos aciertos&rdquo; dijo que el oficialismo se empe&ntilde;&oacute; en &ldquo;ocultar los fracasos que han sido muchos&rdquo;. &ldquo;La &uacute;nica verdad es la realidad y la verdad entrerriana est&aacute; saliendo a la luz tanto a nivel provincial [&hellip;]<\/p>\n","protected":false},"author":2,"featured_media":0,"comment_status":"open","ping_status":"open","sticky":false,"template":"","format":"standard","meta":{"fifu_image_url":"","fifu_image_alt":"","footnotes":""},"categories":[16],"tags":[],"class_list":{"0":"post-6442","1":"post","2":"type-post","3":"status-publish","4":"format-standard","6":"category-politi"},"yoast_head":"<title>Benedetti carg\u00f3 contra el kirchnerismo nacional y provincial - Informe Litoral<\/title>\n<meta name=\"robots\" content=\"index, follow, max-snippet:-1, max-image-preview:large, max-video-preview:-1\" \/>\n<link rel=\"canonical\" href=\"https:\/\/informelitoral.com.ar\/benedetti-cargo-contra-el-kirchnerismo-nacional-y-provincial\/\" \/>\n<meta property=\"og:locale\" content=\"es_ES\" \/>\n<meta property=\"og:type\" content=\"article\" \/>\n<meta property=\"og:title\" content=\"Benedetti carg\u00f3 contra el kirchnerismo nacional y provincial - Informe Litoral\" \/>\n<meta property=\"og:description\" content=\"El ex diputado nacional advirti&oacute; que &ldquo;est&aacute; llegando el fin de la etapa kirchnerista en Entre R&iacute;os&rdquo;. Si bien reconoci&oacute; &ldquo;algunos aciertos&rdquo; dijo que el oficialismo se empe&ntilde;&oacute; en &ldquo;ocultar los fracasos que han sido muchos&rdquo;. &ldquo;La &uacute;nica verdad es la realidad y la verdad entrerriana est&aacute; saliendo a la luz tanto a nivel provincial [&hellip;]\" \/>\n<meta property=\"og:url\" content=\"https:\/\/informelitoral.com.ar\/benedetti-cargo-contra-el-kirchnerismo-nacional-y-provincial\/\" \/>\n<meta property=\"og:site_name\" content=\"Informe Litoral\" \/>\n<meta property=\"article:publisher\" content=\"https:\/\/www.facebook.com\/informelitoral\/\" \/>\n<meta property=\"article:published_time\" content=\"2014-04-05T00:15:49+00:00\" \/>\n<meta property=\"og:image\" content=\"https:\/\/informelitoral.com.ar\/%77%70%2d%63%6f%6e%74%65%6e%74\/uploads\/2013\/11\/benedetti.jpg\" \/>\n\t<meta property=\"og:image:width\" content=\"640\" \/>\n\t<meta property=\"og:image:height\" content=\"360\" \/>\n\t<meta property=\"og:image:type\" content=\"image\/jpeg\" \/>\n<meta name=\"author\" content=\"Gonzalo Schmidt\" \/>\n<meta name=\"twitter:card\" content=\"summary_large_image\" \/>\n<meta name=\"twitter:creator\" content=\"@InformeLitoral\" \/>\n<meta name=\"twitter:site\" content=\"@InformeLitoral\" \/>\n<meta name=\"twitter:label1\" content=\"Escrito por\" \/>\n\t<meta name=\"twitter:data1\" content=\"Gonzalo Schmidt\" \/>\n\t<meta name=\"twitter:label2\" content=\"Tiempo de lectura\" \/>\n\t<meta name=\"twitter:data2\" content=\"2 minutos\" \/>\n<script type=\"application\/ld+json\" class=\"yoast-schema-graph\">{\"@context\":\"https:\\\/\\\/schema.org\",\"@graph\":[{\"@type\":\"Article\",\"@id\":\"https:\\\/\\\/informelitoral.com.ar\\\/benedetti-cargo-contra-el-kirchnerismo-nacional-y-provincial\\\/#article\",\"isPartOf\":{\"@id\":\"https:\\\/\\\/informelitoral.com.ar\\\/benedetti-cargo-contra-el-kirchnerismo-nacional-y-provincial\\\/\"},\"author\":{\"name\":\"Gonzalo Schmidt\",\"@id\":\"https:\\\/\\\/informelitoral.com.ar\\\/#\\\/schema\\\/person\\\/b9d00407c836482871ef1d57bf8e3180\"},\"headline\":\"Benedetti carg\u00f3 contra el kirchnerismo nacional y provincial\",\"datePublished\":\"2014-04-05T00:15:49+00:00\",\"mainEntityOfPage\":{\"@id\":\"https:\\\/\\\/informelitoral.com.ar\\\/benedetti-cargo-contra-el-kirchnerismo-nacional-y-provincial\\\/\"},\"wordCount\":471,\"commentCount\":0,\"publisher\":{\"@id\":\"https:\\\/\\\/informelitoral.com.ar\\\/#organization\"},\"image\":{\"@id\":\"https:\\\/\\\/informelitoral.com.ar\\\/benedetti-cargo-contra-el-kirchnerismo-nacional-y-provincial\\\/#primaryimage\"},\"thumbnailUrl\":\"http:\\\/\\\/www.isletasnoticias.com.ar\\\/%77%70%2d%63%6f%6e%74%65%6e%74\\\/uploads\\\/2013\\\/11\\\/benedetti-300x168.jpg\",\"articleSection\":[\"Politica\"],\"inLanguage\":\"es\",\"potentialAction\":[{\"@type\":\"CommentAction\",\"name\":\"Comment\",\"target\":[\"https:\\\/\\\/informelitoral.com.ar\\\/benedetti-cargo-contra-el-kirchnerismo-nacional-y-provincial\\\/#respond\"]}]},{\"@type\":\"WebPage\",\"@id\":\"https:\\\/\\\/informelitoral.com.ar\\\/benedetti-cargo-contra-el-kirchnerismo-nacional-y-provincial\\\/\",\"url\":\"https:\\\/\\\/informelitoral.com.ar\\\/benedetti-cargo-contra-el-kirchnerismo-nacional-y-provincial\\\/\",\"name\":\"Benedetti carg\u00f3 contra el kirchnerismo nacional y provincial - Informe Litoral\",\"isPartOf\":{\"@id\":\"https:\\\/\\\/informelitoral.com.ar\\\/#website\"},\"primaryImageOfPage\":{\"@id\":\"https:\\\/\\\/informelitoral.com.ar\\\/benedetti-cargo-contra-el-kirchnerismo-nacional-y-provincial\\\/#primaryimage\"},\"image\":{\"@id\":\"https:\\\/\\\/informelitoral.com.ar\\\/benedetti-cargo-contra-el-kirchnerismo-nacional-y-provincial\\\/#primaryimage\"},\"thumbnailUrl\":\"http:\\\/\\\/www.isletasnoticias.com.ar\\\/%77%70%2d%63%6f%6e%74%65%6e%74\\\/uploads\\\/2013\\\/11\\\/benedetti-300x168.jpg\",\"datePublished\":\"2014-04-05T00:15:49+00:00\",\"breadcrumb\":{\"@id\":\"https:\\\/\\\/informelitoral.com.ar\\\/benedetti-cargo-contra-el-kirchnerismo-nacional-y-provincial\\\/#breadcrumb\"},\"inLanguage\":\"es\",\"potentialAction\":[{\"@type\":\"ReadAction\",\"target\":[\"https:\\\/\\\/informelitoral.com.ar\\\/benedetti-cargo-contra-el-kirchnerismo-nacional-y-provincial\\\/\"]}]},{\"@type\":\"ImageObject\",\"inLanguage\":\"es\",\"@id\":\"https:\\\/\\\/informelitoral.com.ar\\\/benedetti-cargo-contra-el-kirchnerismo-nacional-y-provincial\\\/#primaryimage\",\"url\":\"http:\\\/\\\/www.isletasnoticias.com.ar\\\/%77%70%2d%63%6f%6e%74%65%6e%74\\\/uploads\\\/2013\\\/11\\\/benedetti-300x168.jpg\",\"contentUrl\":\"http:\\\/\\\/www.isletasnoticias.com.ar\\\/%77%70%2d%63%6f%6e%74%65%6e%74\\\/uploads\\\/2013\\\/11\\\/benedetti-300x168.jpg\"},{\"@type\":\"BreadcrumbList\",\"@id\":\"https:\\\/\\\/informelitoral.com.ar\\\/benedetti-cargo-contra-el-kirchnerismo-nacional-y-provincial\\\/#breadcrumb\",\"itemListElement\":[{\"@type\":\"ListItem\",\"position\":1,\"name\":\"Portada\",\"item\":\"https:\\\/\\\/informelitoral.com.ar\\\/\"},{\"@type\":\"ListItem\",\"position\":2,\"name\":\"Benedetti carg\u00f3 contra el kirchnerismo nacional y provincial\"}]},{\"@type\":\"WebSite\",\"@id\":\"https:\\\/\\\/informelitoral.com.ar\\\/#website\",\"url\":\"https:\\\/\\\/informelitoral.com.ar\\\/\",\"name\":\"Informe Litoral\",\"description\":\"&quot;Nos informamos&quot; \",\"publisher\":{\"@id\":\"https:\\\/\\\/informelitoral.com.ar\\\/#organization\"},\"potentialAction\":[{\"@type\":\"SearchAction\",\"target\":{\"@type\":\"EntryPoint\",\"urlTemplate\":\"https:\\\/\\\/informelitoral.com.ar\\\/?s={search_term_string}\"},\"query-input\":{\"@type\":\"PropertyValueSpecification\",\"valueRequired\":true,\"valueName\":\"search_term_string\"}}],\"inLanguage\":\"es\"},{\"@type\":\"Organization\",\"@id\":\"https:\\\/\\\/informelitoral.com.ar\\\/#organization\",\"name\":\"Informe Litoral\",\"url\":\"https:\\\/\\\/informelitoral.com.ar\\\/\",\"logo\":{\"@type\":\"ImageObject\",\"inLanguage\":\"es\",\"@id\":\"https:\\\/\\\/informelitoral.com.ar\\\/#\\\/schema\\\/logo\\\/image\\\/\",\"url\":\"https:\\\/\\\/informelitoral.com.ar\\\/%77%70%2d%63%6f%6e%74%65%6e%74\\\/uploads\\\/2021\\\/01\\\/circulo.png\",\"contentUrl\":\"https:\\\/\\\/informelitoral.com.ar\\\/%77%70%2d%63%6f%6e%74%65%6e%74\\\/uploads\\\/2021\\\/01\\\/circulo.png\",\"width\":723,\"height\":731,\"caption\":\"Informe Litoral\"},\"image\":{\"@id\":\"https:\\\/\\\/informelitoral.com.ar\\\/#\\\/schema\\\/logo\\\/image\\\/\"},\"sameAs\":[\"https:\\\/\\\/www.facebook.com\\\/informelitoral\\\/\",\"https:\\\/\\\/x.com\\\/InformeLitoral\",\"https:\\\/\\\/www.instagram.com\\\/informelitoral\\\/\",\"https:\\\/\\\/www.youtube.com\\\/channel\\\/UCua4Qvz8Icb6MYqhoq9xLXw\"]},{\"@type\":\"Person\",\"@id\":\"https:\\\/\\\/informelitoral.com.ar\\\/#\\\/schema\\\/person\\\/b9d00407c836482871ef1d57bf8e3180\",\"name\":\"Gonzalo Schmidt\",\"image\":{\"@type\":\"ImageObject\",\"inLanguage\":\"es\",\"@id\":\"https:\\\/\\\/secure.gravatar.com\\\/avatar\\\/31a1a7b66ff2de83bd0e9fd79d026630d2d99e55e8bfe501287647b4fd9743de?s=96&d=mm&r=g\",\"url\":\"https:\\\/\\\/secure.gravatar.com\\\/avatar\\\/31a1a7b66ff2de83bd0e9fd79d026630d2d99e55e8bfe501287647b4fd9743de?s=96&d=mm&r=g\",\"contentUrl\":\"https:\\\/\\\/secure.gravatar.com\\\/avatar\\\/31a1a7b66ff2de83bd0e9fd79d026630d2d99e55e8bfe501287647b4fd9743de?s=96&d=mm&r=g\",\"caption\":\"Gonzalo Schmidt\"},\"description\":\"Sitio web de noticias de la provincia de Entre R\u00edos, Argentina. Informaci\u00f3n y entretenimiento. Informe Litoral, nos informamos.\",\"sameAs\":[\"http:\\\/\\\/www.isletasnoticias.com.ar\"],\"url\":\"https:\\\/\\\/informelitoral.com.ar\\\/author\\\/gonzalo\\\/\"}]}<\/script>","yoast_head_json":{"title":"Benedetti carg\u00f3 contra el kirchnerismo nacional y provincial - Informe Litoral","robots":{"index":"index","follow":"follow","max-snippet":"max-snippet:-1","max-image-preview":"max-image-preview:large","max-video-preview":"max-video-preview:-1"},"canonical":"https:\/\/informelitoral.com.ar\/benedetti-cargo-contra-el-kirchnerismo-nacional-y-provincial\/","og_locale":"es_ES","og_type":"article","og_title":"Benedetti carg\u00f3 contra el kirchnerismo nacional y provincial - Informe Litoral","og_description":"El ex diputado nacional advirti&oacute; que &ldquo;est&aacute; llegando el fin de la etapa kirchnerista en Entre R&iacute;os&rdquo;. Si bien reconoci&oacute; &ldquo;algunos aciertos&rdquo; dijo que el oficialismo se empe&ntilde;&oacute; en &ldquo;ocultar los fracasos que han sido muchos&rdquo;. &ldquo;La &uacute;nica verdad es la realidad y la verdad entrerriana est&aacute; saliendo a la luz tanto a nivel provincial [&hellip;]","og_url":"https:\/\/informelitoral.com.ar\/benedetti-cargo-contra-el-kirchnerismo-nacional-y-provincial\/","og_site_name":"Informe Litoral","article_publisher":"https:\/\/www.facebook.com\/informelitoral\/","article_published_time":"2014-04-05T00:15:49+00:00","og_image":[{"width":640,"height":360,"url":"https:\/\/informelitoral.com.ar\/%77%70%2d%63%6f%6e%74%65%6e%74\/uploads\/2013\/11\/benedetti.jpg","type":"image\/jpeg"}],"author":"Gonzalo Schmidt","twitter_card":"summary_large_image","twitter_creator":"@InformeLitoral","twitter_site":"@InformeLitoral","twitter_misc":{"Escrito por":"Gonzalo Schmidt","Tiempo de lectura":"2 minutos"},"schema":{"@context":"https:\/\/schema.org","@graph":[{"@type":"Article","@id":"https:\/\/informelitoral.com.ar\/benedetti-cargo-contra-el-kirchnerismo-nacional-y-provincial\/#article","isPartOf":{"@id":"https:\/\/informelitoral.com.ar\/benedetti-cargo-contra-el-kirchnerismo-nacional-y-provincial\/"},"author":{"name":"Gonzalo Schmidt","@id":"https:\/\/informelitoral.com.ar\/#\/schema\/person\/b9d00407c836482871ef1d57bf8e3180"},"headline":"Benedetti carg\u00f3 contra el kirchnerismo nacional y provincial","datePublished":"2014-04-05T00:15:49+00:00","mainEntityOfPage":{"@id":"https:\/\/informelitoral.com.ar\/benedetti-cargo-contra-el-kirchnerismo-nacional-y-provincial\/"},"wordCount":471,"commentCount":0,"publisher":{"@id":"https:\/\/informelitoral.com.ar\/#organization"},"image":{"@id":"https:\/\/informelitoral.com.ar\/benedetti-cargo-contra-el-kirchnerismo-nacional-y-provincial\/#primaryimage"},"thumbnailUrl":"http:\/\/www.isletasnoticias.com.ar\/%77%70%2d%63%6f%6e%74%65%6e%74\/uploads\/2013\/11\/benedetti-300x168.jpg","articleSection":["Politica"],"inLanguage":"es","potentialAction":[{"@type":"CommentAction","name":"Comment","target":["https:\/\/informelitoral.com.ar\/benedetti-cargo-contra-el-kirchnerismo-nacional-y-provincial\/#respond"]}]},{"@type":"WebPage","@id":"https:\/\/informelitoral.com.ar\/benedetti-cargo-contra-el-kirchnerismo-nacional-y-provincial\/","url":"https:\/\/informelitoral.com.ar\/benedetti-cargo-contra-el-kirchnerismo-nacional-y-provincial\/","name":"Benedetti carg\u00f3 contra el kirchnerismo nacional y provincial - Informe Litoral","isPartOf":{"@id":"https:\/\/informelitoral.com.ar\/#website"},"primaryImageOfPage":{"@id":"https:\/\/informelitoral.com.ar\/benedetti-cargo-contra-el-kirchnerismo-nacional-y-provincial\/#primaryimage"},"image":{"@id":"https:\/\/informelitoral.com.ar\/benedetti-cargo-contra-el-kirchnerismo-nacional-y-provincial\/#primaryimage"},"thumbnailUrl":"http:\/\/www.isletasnoticias.com.ar\/%77%70%2d%63%6f%6e%74%65%6e%74\/uploads\/2013\/11\/benedetti-300x168.jpg","datePublished":"2014-04-05T00:15:49+00:00","breadcrumb":{"@id":"https:\/\/informelitoral.com.ar\/benedetti-cargo-contra-el-kirchnerismo-nacional-y-provincial\/#breadcrumb"},"inLanguage":"es","potentialAction":[{"@type":"ReadAction","target":["https:\/\/informelitoral.com.ar\/benedetti-cargo-contra-el-kirchnerismo-nacional-y-provincial\/"]}]},{"@type":"ImageObject","inLanguage":"es","@id":"https:\/\/informelitoral.com.ar\/benedetti-cargo-contra-el-kirchnerismo-nacional-y-provincial\/#primaryimage","url":"http:\/\/www.isletasnoticias.com.ar\/%77%70%2d%63%6f%6e%74%65%6e%74\/uploads\/2013\/11\/benedetti-300x168.jpg","contentUrl":"http:\/\/www.isletasnoticias.com.ar\/%77%70%2d%63%6f%6e%74%65%6e%74\/uploads\/2013\/11\/benedetti-300x168.jpg"},{"@type":"BreadcrumbList","@id":"https:\/\/informelitoral.com.ar\/benedetti-cargo-contra-el-kirchnerismo-nacional-y-provincial\/#breadcrumb","itemListElement":[{"@type":"ListItem","position":1,"name":"Portada","item":"https:\/\/informelitoral.com.ar\/"},{"@type":"ListItem","position":2,"name":"Benedetti carg\u00f3 contra el kirchnerismo nacional y provincial"}]},{"@type":"WebSite","@id":"https:\/\/informelitoral.com.ar\/#website","url":"https:\/\/informelitoral.com.ar\/","name":"Informe Litoral","description":"&quot;Nos informamos&quot; ","publisher":{"@id":"https:\/\/informelitoral.com.ar\/#organization"},"potentialAction":[{"@type":"SearchAction","target":{"@type":"EntryPoint","urlTemplate":"https:\/\/informelitoral.com.ar\/?s={search_term_string}"},"query-input":{"@type":"PropertyValueSpecification","valueRequired":true,"valueName":"search_term_string"}}],"inLanguage":"es"},{"@type":"Organization","@id":"https:\/\/informelitoral.com.ar\/#organization","name":"Informe Litoral","url":"https:\/\/informelitoral.com.ar\/","logo":{"@type":"ImageObject","inLanguage":"es","@id":"https:\/\/informelitoral.com.ar\/#\/schema\/logo\/image\/","url":"https:\/\/informelitoral.com.ar\/%77%70%2d%63%6f%6e%74%65%6e%74\/uploads\/2021\/01\/circulo.png","contentUrl":"https:\/\/informelitoral.com.ar\/%77%70%2d%63%6f%6e%74%65%6e%74\/uploads\/2021\/01\/circulo.png","width":723,"height":731,"caption":"Informe Litoral"},"image":{"@id":"https:\/\/informelitoral.com.ar\/#\/schema\/logo\/image\/"},"sameAs":["https:\/\/www.facebook.com\/informelitoral\/","https:\/\/x.com\/InformeLitoral","https:\/\/www.instagram.com\/informelitoral\/","https:\/\/www.youtube.com\/channel\/UCua4Qvz8Icb6MYqhoq9xLXw"]},{"@type":"Person","@id":"https:\/\/informelitoral.com.ar\/#\/schema\/person\/b9d00407c836482871ef1d57bf8e3180","name":"Gonzalo Schmidt","image":{"@type":"ImageObject","inLanguage":"es","@id":"https:\/\/secure.gravatar.com\/avatar\/31a1a7b66ff2de83bd0e9fd79d026630d2d99e55e8bfe501287647b4fd9743de?s=96&d=mm&r=g","url":"https:\/\/secure.gravatar.com\/avatar\/31a1a7b66ff2de83bd0e9fd79d026630d2d99e55e8bfe501287647b4fd9743de?s=96&d=mm&r=g","contentUrl":"https:\/\/secure.gravatar.com\/avatar\/31a1a7b66ff2de83bd0e9fd79d026630d2d99e55e8bfe501287647b4fd9743de?s=96&d=mm&r=g","caption":"Gonzalo Schmidt"},"description":"Sitio web de noticias de la provincia de Entre R\u00edos, Argentina. Informaci\u00f3n y entretenimiento. Informe Litoral, nos informamos.","sameAs":["http:\/\/www.isletasnoticias.com.ar"],"url":"https:\/\/informelitoral.com.ar\/author\/gonzalo\/"}]}},"_links":{"self":[{"href":"https:\/\/informelitoral.com.ar\/%77%70%2d%6a%73%6f%6e\/wp\/v2\/posts\/6442","targetHints":{"allow":["GET"]}}],"collection":[{"href":"https:\/\/informelitoral.com.ar\/%77%70%2d%6a%73%6f%6e\/wp\/v2\/posts"}],"about":[{"href":"https:\/\/informelitoral.com.ar\/%77%70%2d%6a%73%6f%6e\/wp\/v2\/types\/post"}],"author":[{"embeddable":true,"href":"https:\/\/informelitoral.com.ar\/%77%70%2d%6a%73%6f%6e\/wp\/v2\/users\/2"}],"replies":[{"embeddable":true,"href":"https:\/\/informelitoral.com.ar\/%77%70%2d%6a%73%6f%6e\/wp\/v2\/comments?post=6442"}],"version-history":[{"count":0,"href":"https:\/\/informelitoral.com.ar\/%77%70%2d%6a%73%6f%6e\/wp\/v2\/posts\/6442\/revisions"}],"wp:attachment":[{"href":"https:\/\/informelitoral.com.ar\/%77%70%2d%6a%73%6f%6e\/wp\/v2\/media?parent=6442"}],"wp:term":[{"taxonomy":"category","embeddable":true,"href":"https:\/\/informelitoral.com.ar\/%77%70%2d%6a%73%6f%6e\/wp\/v2\/categories?post=6442"},{"taxonomy":"post_tag","embeddable":true,"href":"https:\/\/informelitoral.com.ar\/%77%70%2d%6a%73%6f%6e\/wp\/v2\/tags?post=6442"}],"curies":[{"name":"wp","href":"https:\/\/api.w.org\/{rel}","templated":true}]}}