{"id":644,"date":"2013-03-28T18:10:11","date_gmt":"2013-03-28T21:10:11","guid":{"rendered":"http:\/\/www.isletasnoticias.com.ar\/?p=644"},"modified":"2013-03-28T18:15:16","modified_gmt":"2013-03-28T21:15:16","slug":"urribarri-presento-el-proyecto-de-ley-de-centros-de-estudiantes","status":"publish","type":"post","link":"https:\/\/informelitoral.com.ar\/urribarri-presento-el-proyecto-de-ley-de-centros-de-estudiantes\/","title":{"rendered":"Urribarri present\u00f3 el proyecto de Ley de Centros de Estudiantes"},"content":{"rendered":"<p><strong>El texto fue redactado por la Secretar\u00eda de la Juventud, con la participaci\u00f3n de j\u00f3venes estudiantes de toda la provincia, el Ministerio de Educaci\u00f3n y el Consejo General de Educaci\u00f3n.<\/strong><\/p>\n<p><a href=\"http:\/\/www.isletasnoticias.com.ar\/%77%70%2d%63%6f%6e%74%65%6e%74\/uploads\/2013\/03\/1364301483.jpg\"><img loading=\"lazy\" decoding=\"async\" class=\"size-medium wp-image-645 aligncenter\" alt=\"1364301483\" src=\"http:\/\/www.isletasnoticias.com.ar\/%77%70%2d%63%6f%6e%74%65%6e%74\/uploads\/2013\/03\/1364301483-300x201.jpg\" width=\"300\" height=\"201\" srcset=\"https:\/\/informelitoral.com.ar\/%77%70%2d%63%6f%6e%74%65%6e%74\/uploads\/2013\/03\/1364301483-300x201.jpg 300w, https:\/\/informelitoral.com.ar\/%77%70%2d%63%6f%6e%74%65%6e%74\/uploads\/2013\/03\/1364301483.jpg 671w\" sizes=\"auto, (max-width: 300px) 100vw, 300px\" \/><\/a><\/p>\n<p style=\"text-align: left;\"><em>\u00abAdem\u00e1s de conducir, queremos ceder, para que esta irrupci\u00f3n de los j\u00f3venes incida no s\u00f3lo en pol\u00edtica, sino tambi\u00e9n en las otras cuestiones que pasan en la sociedad entrerriana y argentina. Hay que ceder espacios y hay que prever legislaci\u00f3n como \u00e9sta, que abre puertas\u201d,<\/em> resalt\u00f3 el mandatario entrerriano durante un acto que cont\u00f3 con la presencia de j\u00f3venes estudiantes de toda la provincia.<\/p>\n<div style=\"text-align: left;\"><\/div>\n<div style=\"text-align: left;\">Destac\u00f3 que <em>\u201cla participaci\u00f3n masiva de los j\u00f3venes desde estructuras muy peque\u00f1as es clave en este momento del pa\u00eds\u201d.<\/em><\/div>\n<div style=\"text-align: left;\"><\/div>\n<div style=\"text-align: left;\">Indic\u00f3 que <em>\u201cser\u00eda bueno que as\u00ed como se da en el Frente para la Victoria o en el peronismo, como lo quieran catalogar, pase en todos los partidos. Creo que est\u00e1 pasando\u201d.<\/em><\/div>\n<div style=\"text-align: left;\"><\/div>\n<div style=\"text-align: left;\">\u201c<em>Esta legislaci\u00f3n en Entre R\u00edos, que me enorgullece enviar a la legislatura, va a permitirnos que los j\u00f3venes de otros partidos se entusiasmen y ustedes van a tener que ser un poco los portavoces de esto\u201d,<\/em> les dijo Urribarri a los j\u00f3venes presentes.<\/div>\n<div style=\"text-align: left;\"><\/div>\n<div style=\"text-align: left;\">Y les expres\u00f3: \u201c<em>ustedes est\u00e1n queriendo ser parte de este momento maravilloso que vive el pa\u00eds y quieren ser parte de las transformaciones que todav\u00eda faltan, y que son muchas\u201d<\/em>.<\/div>\n<div style=\"text-align: left;\"><\/div>\n<div style=\"text-align: left;\">A partir de la sanci\u00f3n de la ley, Entre R\u00edos \u00a0ser\u00e1 la primera provincia que crear\u00e1 una Federaci\u00f3n de Centros de Estudiantes, la que permitir\u00e1 que se ejecuten redes de comunicaci\u00f3n y trabajo conjunto entre el Estado y los Centros.<\/div>\n<div style=\"text-align: left;\"><\/div>\n<div style=\"text-align: left;\"><\/div>\n<div style=\"text-align: left;\"><b>Garantizar la participaci\u00f3n<\/b><\/div>\n<div style=\"text-align: left;\"><\/div>\n<div style=\"text-align: left;\"><strong>Candelaria V\u00edrgala<\/strong>, en representaci\u00f3n de los estudiantes, destac\u00f3 en el acto que \u201c<em>me alegra que hoy nos re\u00fana una ley de Centros de Estudiantes. Una ley que para nosotros, los estudiantes, vino a garantizar nuestra participaci\u00f3n en cualquier escuela de toda la provincia, reafirmando nuestros derechos\u201d.<\/em><\/div>\n<div style=\"text-align: left;\"><\/div>\n<div style=\"text-align: left;\"><em>\u201cTenemos que ser concientes de la importancia de la participaci\u00f3n, tenemos que asumir el rol que nos toca como j\u00f3venes, somos los protagonista de este momento hist\u00f3rico de nuestro pa\u00eds\u201d,<\/em> reafirm\u00f3.<\/div>\n<div style=\"text-align: left;\"><\/div>\n<div style=\"text-align: left;\">Record\u00f3 que <em>\u201ceste proyecto de inici\u00f3 N\u00e9stor all\u00e1 por el 2003, que contin\u00faa ahora Cristina y que lleva adelante en nuestra provincia el compa\u00f1ero Pato Urribarri, ha levantado la juventud, le devolvi\u00f3 las ganas de participar y hablar de pol\u00edtica\u201d.<\/em><\/div>\n<div style=\"text-align: left;\"><em>\u00a0<\/em><\/div>\n<div style=\"text-align: left;\">V\u00edrgala manifest\u00f3 que <em>\u201centendemos que esta ley es el primer paso a un nuevo objetivo que tiene que modificarnos a todos, que en todas las escuelas de la provincia tengan un Centro de Estudiante, donde los pibes puedan organizarse en el af\u00e1n de mejorar, no s\u00f3lo la escuela, los bancos y las ventanas, sino lo realmente importante que son lo que afecta directamente los derechos e intereses del estudiantado\u201d.<\/em><\/div>\n<div style=\"text-align: left;\"><em>\u00a0<\/em><\/div>\n<div style=\"text-align: left;\"><\/div>\n<div style=\"text-align: left;\"><b>La Ley de Centros de Estudiantes<\/b><\/div>\n<div style=\"text-align: left;\"><\/div>\n<div style=\"text-align: left;\">La iniciativa garantiza la ampliaci\u00f3n de derechos y participaci\u00f3n de los j\u00f3venes en las escuelas y colegios secundarios y terciarios. Se enmarca en lo establecido en la Carta Internacional de los Derechos del Ni\u00f1o y en la Ley de Educaci\u00f3n Nacional (26.206) aprobada en el a\u00f1o 2006.<\/div>\n<div style=\"text-align: left;\"><\/div>\n<div style=\"text-align: left;\">El texto propuesto se compone de 37 art\u00edculos que regulan la formaci\u00f3n de los centros de estudiantes en la provincia, y garantizan el pleno derecho a la agremiaci\u00f3n estudiantil en todos los establecimientos educativos en donde se dicte el nivel secundario, terciario no universitario y carreras de educaci\u00f3n no formal que duren m\u00e1s de un a\u00f1o.<\/div>\n<div style=\"text-align: left;\"><\/div>\n<div style=\"text-align: left;\">Tambi\u00e9n, establece los marcos normativos en los que se debe formar el centro de estudiantes, composici\u00f3n, fines y objetivos. Adem\u00e1s, el proyecto permite a cada centro la facultad de establecer su propio estatuto que regule el funcionamiento interno del mismo.<\/div>\n<div style=\"text-align: left;\"><\/div>\n<div style=\"text-align: left;\">Los Centros de Estudiantes tendr\u00e1n como objetivo garantizar el derecho de los estudiantes, contribuir al desarrollo de una pol\u00edtica pluralista en b\u00fasqueda de consensos, fomentar la representaci\u00f3n equitativa y la internalizaci\u00f3n de valores democr\u00e1ticos, entre otros.<\/div>\n<div style=\"text-align: left;\"><\/div>\n<div style=\"text-align: left;\">Asimismo, incorpora la figura de un Registro Provincial de Centros de Estudiantes, que permitir\u00e1 al Consejo General de Educaci\u00f3n y a la Secretaria de Juventud de la Provincia sistematizar toda la informaci\u00f3n sobre las organizaciones estudiantiles en las escuelas secundarias de la provincia.<\/div>\n<div style=\"text-align: left;\"><\/div>\n<div style=\"text-align: left;\">En el caso que esta ley sea sancionada, Entre R\u00edos ser\u00e1 la primera provincia de todo el pa\u00eds que cree mediante una ley, una Federaci\u00f3n de Centros de Estudiantes, \u00f3rgano en el que participar\u00e1n todos los centros de estudiantes de la provincia con delegados departamentales. Esta federaci\u00f3n permitir\u00e1 que se creen redes de comunicaci\u00f3n y trabajo conjunto entre el Estado y los centros de estudiantes.<\/div>\n<div style=\"text-align: left;\"><\/div>\n<div style=\"text-align: left;\">Adem\u00e1s, Entre R\u00edos ser\u00eda la cuarta provincia de todo el pa\u00eds en tener una ley que regule y de forma a la organizaci\u00f3n estudiantil. Hasta el momento ya cuentan con legislaciones similares las provincias de Buenos Aires, Chaco y R\u00edo Negro.<\/div>\n<div style=\"text-align: left;\"><\/div>\n<div style=\"text-align: left;\"><\/div>\n<div style=\"text-align: left;\"><b>Presentes<\/b><\/div>\n<div style=\"text-align: left;\"><\/div>\n<div style=\"text-align: left;\">Acompa\u00f1aron al gobernador el secretario de la Juventud, <strong>Lautaro Gervasoni<\/strong>; los ministros de Educaci\u00f3n, <strong>Eduardo Lauritto<\/strong>; de Gobierno, <strong>Ad\u00e1n Bahl<\/strong>; de Trabajo, <strong>Guillermo Smaldone<\/strong>; de Desarrollo Social , <strong>Carlos Ramos<\/strong> y de Planeamiento, J<strong>uan Javier Garc\u00eda<\/strong>; la presidenta del Consejo General de Educaci\u00f3n, <strong>Graciela Bar<\/strong>; y dem\u00e1s autoridades.<\/div>\n<div style=\"text-align: left;\"><\/div>\n<div style=\"text-align: left;\"><\/div>\n<div style=\"text-align: left;\">Fuente: Paralelo 32.<\/div>\n<p style=\"text-align: left;\">\n","protected":false},"excerpt":{"rendered":"<p>El texto fue redactado por la Secretar&iacute;a de la Juventud, con la participaci&oacute;n de j&oacute;venes estudiantes de toda la provincia, el Ministerio de Educaci&oacute;n y el Consejo General de Educaci&oacute;n. &laquo;Adem&aacute;s de conducir, queremos ceder, para que esta irrupci&oacute;n de los j&oacute;venes incida no s&oacute;lo en pol&iacute;tica, sino tambi&eacute;n en las otras cuestiones que pasan [&hellip;]<\/p>\n","protected":false},"author":2,"featured_media":0,"comment_status":"open","ping_status":"open","sticky":false,"template":"","format":"standard","meta":{"fifu_image_url":"","fifu_image_alt":"","footnotes":""},"categories":[6,16],"tags":[],"class_list":{"0":"post-644","1":"post","2":"type-post","3":"status-publish","4":"format-standard","6":"category-entre-rios","7":"category-politi"},"yoast_head":"<title>Urribarri present\u00f3 el proyecto de Ley de Centros de Estudiantes - Informe Litoral<\/title>\n<meta name=\"robots\" content=\"index, follow, max-snippet:-1, max-image-preview:large, max-video-preview:-1\" \/>\n<link rel=\"canonical\" href=\"https:\/\/informelitoral.com.ar\/urribarri-presento-el-proyecto-de-ley-de-centros-de-estudiantes\/\" \/>\n<meta property=\"og:locale\" content=\"es_ES\" \/>\n<meta property=\"og:type\" content=\"article\" \/>\n<meta property=\"og:title\" content=\"Urribarri present\u00f3 el proyecto de Ley de Centros de Estudiantes - Informe Litoral\" \/>\n<meta property=\"og:description\" content=\"El texto fue redactado por la Secretar&iacute;a de la Juventud, con la participaci&oacute;n de j&oacute;venes estudiantes de toda la provincia, el Ministerio de Educaci&oacute;n y el Consejo General de Educaci&oacute;n. &laquo;Adem&aacute;s de conducir, queremos ceder, para que esta irrupci&oacute;n de los j&oacute;venes incida no s&oacute;lo en pol&iacute;tica, sino tambi&eacute;n en las otras cuestiones que pasan [&hellip;]\" \/>\n<meta property=\"og:url\" content=\"https:\/\/informelitoral.com.ar\/urribarri-presento-el-proyecto-de-ley-de-centros-de-estudiantes\/\" \/>\n<meta property=\"og:site_name\" content=\"Informe Litoral\" \/>\n<meta property=\"article:publisher\" content=\"https:\/\/www.facebook.com\/informelitoral\/\" \/>\n<meta property=\"article:published_time\" content=\"2013-03-28T21:10:11+00:00\" \/>\n<meta property=\"article:modified_time\" content=\"2013-03-28T21:15:16+00:00\" \/>\n<meta property=\"og:image\" content=\"https:\/\/informelitoral.com.ar\/%77%70%2d%63%6f%6e%74%65%6e%74\/uploads\/2013\/03\/1364301483.jpg\" \/>\n\t<meta property=\"og:image:width\" content=\"671\" \/>\n\t<meta property=\"og:image:height\" content=\"450\" \/>\n\t<meta property=\"og:image:type\" content=\"image\/jpeg\" \/>\n<meta name=\"author\" content=\"Gonzalo Schmidt\" \/>\n<meta name=\"twitter:card\" content=\"summary_large_image\" \/>\n<meta name=\"twitter:creator\" content=\"@InformeLitoral\" \/>\n<meta name=\"twitter:site\" content=\"@InformeLitoral\" \/>\n<meta name=\"twitter:label1\" content=\"Escrito por\" \/>\n\t<meta name=\"twitter:data1\" content=\"Gonzalo Schmidt\" \/>\n\t<meta name=\"twitter:label2\" content=\"Tiempo de lectura\" \/>\n\t<meta name=\"twitter:data2\" content=\"5 minutos\" \/>\n<script type=\"application\/ld+json\" class=\"yoast-schema-graph\">{\"@context\":\"https:\\\/\\\/schema.org\",\"@graph\":[{\"@type\":\"Article\",\"@id\":\"https:\\\/\\\/informelitoral.com.ar\\\/urribarri-presento-el-proyecto-de-ley-de-centros-de-estudiantes\\\/#article\",\"isPartOf\":{\"@id\":\"https:\\\/\\\/informelitoral.com.ar\\\/urribarri-presento-el-proyecto-de-ley-de-centros-de-estudiantes\\\/\"},\"author\":{\"name\":\"Gonzalo Schmidt\",\"@id\":\"https:\\\/\\\/informelitoral.com.ar\\\/#\\\/schema\\\/person\\\/b9d00407c836482871ef1d57bf8e3180\"},\"headline\":\"Urribarri present\u00f3 el proyecto de Ley de Centros de Estudiantes\",\"datePublished\":\"2013-03-28T21:10:11+00:00\",\"dateModified\":\"2013-03-28T21:15:16+00:00\",\"mainEntityOfPage\":{\"@id\":\"https:\\\/\\\/informelitoral.com.ar\\\/urribarri-presento-el-proyecto-de-ley-de-centros-de-estudiantes\\\/\"},\"wordCount\":923,\"commentCount\":0,\"publisher\":{\"@id\":\"https:\\\/\\\/informelitoral.com.ar\\\/#organization\"},\"image\":{\"@id\":\"https:\\\/\\\/informelitoral.com.ar\\\/urribarri-presento-el-proyecto-de-ley-de-centros-de-estudiantes\\\/#primaryimage\"},\"thumbnailUrl\":\"http:\\\/\\\/www.isletasnoticias.com.ar\\\/%77%70%2d%63%6f%6e%74%65%6e%74\\\/uploads\\\/2013\\\/03\\\/1364301483-300x201.jpg\",\"articleSection\":[\"Entre R\u00edos\",\"Politica\"],\"inLanguage\":\"es\",\"potentialAction\":[{\"@type\":\"CommentAction\",\"name\":\"Comment\",\"target\":[\"https:\\\/\\\/informelitoral.com.ar\\\/urribarri-presento-el-proyecto-de-ley-de-centros-de-estudiantes\\\/#respond\"]}]},{\"@type\":\"WebPage\",\"@id\":\"https:\\\/\\\/informelitoral.com.ar\\\/urribarri-presento-el-proyecto-de-ley-de-centros-de-estudiantes\\\/\",\"url\":\"https:\\\/\\\/informelitoral.com.ar\\\/urribarri-presento-el-proyecto-de-ley-de-centros-de-estudiantes\\\/\",\"name\":\"Urribarri present\u00f3 el proyecto de Ley de Centros de Estudiantes - Informe Litoral\",\"isPartOf\":{\"@id\":\"https:\\\/\\\/informelitoral.com.ar\\\/#website\"},\"primaryImageOfPage\":{\"@id\":\"https:\\\/\\\/informelitoral.com.ar\\\/urribarri-presento-el-proyecto-de-ley-de-centros-de-estudiantes\\\/#primaryimage\"},\"image\":{\"@id\":\"https:\\\/\\\/informelitoral.com.ar\\\/urribarri-presento-el-proyecto-de-ley-de-centros-de-estudiantes\\\/#primaryimage\"},\"thumbnailUrl\":\"http:\\\/\\\/www.isletasnoticias.com.ar\\\/%77%70%2d%63%6f%6e%74%65%6e%74\\\/uploads\\\/2013\\\/03\\\/1364301483-300x201.jpg\",\"datePublished\":\"2013-03-28T21:10:11+00:00\",\"dateModified\":\"2013-03-28T21:15:16+00:00\",\"breadcrumb\":{\"@id\":\"https:\\\/\\\/informelitoral.com.ar\\\/urribarri-presento-el-proyecto-de-ley-de-centros-de-estudiantes\\\/#breadcrumb\"},\"inLanguage\":\"es\",\"potentialAction\":[{\"@type\":\"ReadAction\",\"target\":[\"https:\\\/\\\/informelitoral.com.ar\\\/urribarri-presento-el-proyecto-de-ley-de-centros-de-estudiantes\\\/\"]}]},{\"@type\":\"ImageObject\",\"inLanguage\":\"es\",\"@id\":\"https:\\\/\\\/informelitoral.com.ar\\\/urribarri-presento-el-proyecto-de-ley-de-centros-de-estudiantes\\\/#primaryimage\",\"url\":\"http:\\\/\\\/www.isletasnoticias.com.ar\\\/%77%70%2d%63%6f%6e%74%65%6e%74\\\/uploads\\\/2013\\\/03\\\/1364301483-300x201.jpg\",\"contentUrl\":\"http:\\\/\\\/www.isletasnoticias.com.ar\\\/%77%70%2d%63%6f%6e%74%65%6e%74\\\/uploads\\\/2013\\\/03\\\/1364301483-300x201.jpg\"},{\"@type\":\"BreadcrumbList\",\"@id\":\"https:\\\/\\\/informelitoral.com.ar\\\/urribarri-presento-el-proyecto-de-ley-de-centros-de-estudiantes\\\/#breadcrumb\",\"itemListElement\":[{\"@type\":\"ListItem\",\"position\":1,\"name\":\"Portada\",\"item\":\"https:\\\/\\\/informelitoral.com.ar\\\/\"},{\"@type\":\"ListItem\",\"position\":2,\"name\":\"Urribarri present\u00f3 el proyecto de Ley de Centros de Estudiantes\"}]},{\"@type\":\"WebSite\",\"@id\":\"https:\\\/\\\/informelitoral.com.ar\\\/#website\",\"url\":\"https:\\\/\\\/informelitoral.com.ar\\\/\",\"name\":\"Informe Litoral\",\"description\":\"&quot;Nos informamos&quot; \",\"publisher\":{\"@id\":\"https:\\\/\\\/informelitoral.com.ar\\\/#organization\"},\"potentialAction\":[{\"@type\":\"SearchAction\",\"target\":{\"@type\":\"EntryPoint\",\"urlTemplate\":\"https:\\\/\\\/informelitoral.com.ar\\\/?s={search_term_string}\"},\"query-input\":{\"@type\":\"PropertyValueSpecification\",\"valueRequired\":true,\"valueName\":\"search_term_string\"}}],\"inLanguage\":\"es\"},{\"@type\":\"Organization\",\"@id\":\"https:\\\/\\\/informelitoral.com.ar\\\/#organization\",\"name\":\"Informe Litoral\",\"url\":\"https:\\\/\\\/informelitoral.com.ar\\\/\",\"logo\":{\"@type\":\"ImageObject\",\"inLanguage\":\"es\",\"@id\":\"https:\\\/\\\/informelitoral.com.ar\\\/#\\\/schema\\\/logo\\\/image\\\/\",\"url\":\"https:\\\/\\\/informelitoral.com.ar\\\/%77%70%2d%63%6f%6e%74%65%6e%74\\\/uploads\\\/2021\\\/01\\\/circulo.png\",\"contentUrl\":\"https:\\\/\\\/informelitoral.com.ar\\\/%77%70%2d%63%6f%6e%74%65%6e%74\\\/uploads\\\/2021\\\/01\\\/circulo.png\",\"width\":723,\"height\":731,\"caption\":\"Informe Litoral\"},\"image\":{\"@id\":\"https:\\\/\\\/informelitoral.com.ar\\\/#\\\/schema\\\/logo\\\/image\\\/\"},\"sameAs\":[\"https:\\\/\\\/www.facebook.com\\\/informelitoral\\\/\",\"https:\\\/\\\/x.com\\\/InformeLitoral\",\"https:\\\/\\\/www.instagram.com\\\/informelitoral\\\/\",\"https:\\\/\\\/www.youtube.com\\\/channel\\\/UCua4Qvz8Icb6MYqhoq9xLXw\"]},{\"@type\":\"Person\",\"@id\":\"https:\\\/\\\/informelitoral.com.ar\\\/#\\\/schema\\\/person\\\/b9d00407c836482871ef1d57bf8e3180\",\"name\":\"Gonzalo Schmidt\",\"image\":{\"@type\":\"ImageObject\",\"inLanguage\":\"es\",\"@id\":\"https:\\\/\\\/secure.gravatar.com\\\/avatar\\\/31a1a7b66ff2de83bd0e9fd79d026630d2d99e55e8bfe501287647b4fd9743de?s=96&d=mm&r=g\",\"url\":\"https:\\\/\\\/secure.gravatar.com\\\/avatar\\\/31a1a7b66ff2de83bd0e9fd79d026630d2d99e55e8bfe501287647b4fd9743de?s=96&d=mm&r=g\",\"contentUrl\":\"https:\\\/\\\/secure.gravatar.com\\\/avatar\\\/31a1a7b66ff2de83bd0e9fd79d026630d2d99e55e8bfe501287647b4fd9743de?s=96&d=mm&r=g\",\"caption\":\"Gonzalo Schmidt\"},\"description\":\"Sitio web de noticias de la provincia de Entre R\u00edos, Argentina. Informaci\u00f3n y entretenimiento. Informe Litoral, nos informamos.\",\"sameAs\":[\"http:\\\/\\\/www.isletasnoticias.com.ar\"],\"url\":\"https:\\\/\\\/informelitoral.com.ar\\\/author\\\/gonzalo\\\/\"}]}<\/script>","yoast_head_json":{"title":"Urribarri present\u00f3 el proyecto de Ley de Centros de Estudiantes - Informe Litoral","robots":{"index":"index","follow":"follow","max-snippet":"max-snippet:-1","max-image-preview":"max-image-preview:large","max-video-preview":"max-video-preview:-1"},"canonical":"https:\/\/informelitoral.com.ar\/urribarri-presento-el-proyecto-de-ley-de-centros-de-estudiantes\/","og_locale":"es_ES","og_type":"article","og_title":"Urribarri present\u00f3 el proyecto de Ley de Centros de Estudiantes - Informe Litoral","og_description":"El texto fue redactado por la Secretar&iacute;a de la Juventud, con la participaci&oacute;n de j&oacute;venes estudiantes de toda la provincia, el Ministerio de Educaci&oacute;n y el Consejo General de Educaci&oacute;n. &laquo;Adem&aacute;s de conducir, queremos ceder, para que esta irrupci&oacute;n de los j&oacute;venes incida no s&oacute;lo en pol&iacute;tica, sino tambi&eacute;n en las otras cuestiones que pasan [&hellip;]","og_url":"https:\/\/informelitoral.com.ar\/urribarri-presento-el-proyecto-de-ley-de-centros-de-estudiantes\/","og_site_name":"Informe Litoral","article_publisher":"https:\/\/www.facebook.com\/informelitoral\/","article_published_time":"2013-03-28T21:10:11+00:00","article_modified_time":"2013-03-28T21:15:16+00:00","og_image":[{"width":671,"height":450,"url":"https:\/\/informelitoral.com.ar\/%77%70%2d%63%6f%6e%74%65%6e%74\/uploads\/2013\/03\/1364301483.jpg","type":"image\/jpeg"}],"author":"Gonzalo Schmidt","twitter_card":"summary_large_image","twitter_creator":"@InformeLitoral","twitter_site":"@InformeLitoral","twitter_misc":{"Escrito por":"Gonzalo Schmidt","Tiempo de lectura":"5 minutos"},"schema":{"@context":"https:\/\/schema.org","@graph":[{"@type":"Article","@id":"https:\/\/informelitoral.com.ar\/urribarri-presento-el-proyecto-de-ley-de-centros-de-estudiantes\/#article","isPartOf":{"@id":"https:\/\/informelitoral.com.ar\/urribarri-presento-el-proyecto-de-ley-de-centros-de-estudiantes\/"},"author":{"name":"Gonzalo Schmidt","@id":"https:\/\/informelitoral.com.ar\/#\/schema\/person\/b9d00407c836482871ef1d57bf8e3180"},"headline":"Urribarri present\u00f3 el proyecto de Ley de Centros de Estudiantes","datePublished":"2013-03-28T21:10:11+00:00","dateModified":"2013-03-28T21:15:16+00:00","mainEntityOfPage":{"@id":"https:\/\/informelitoral.com.ar\/urribarri-presento-el-proyecto-de-ley-de-centros-de-estudiantes\/"},"wordCount":923,"commentCount":0,"publisher":{"@id":"https:\/\/informelitoral.com.ar\/#organization"},"image":{"@id":"https:\/\/informelitoral.com.ar\/urribarri-presento-el-proyecto-de-ley-de-centros-de-estudiantes\/#primaryimage"},"thumbnailUrl":"http:\/\/www.isletasnoticias.com.ar\/%77%70%2d%63%6f%6e%74%65%6e%74\/uploads\/2013\/03\/1364301483-300x201.jpg","articleSection":["Entre R\u00edos","Politica"],"inLanguage":"es","potentialAction":[{"@type":"CommentAction","name":"Comment","target":["https:\/\/informelitoral.com.ar\/urribarri-presento-el-proyecto-de-ley-de-centros-de-estudiantes\/#respond"]}]},{"@type":"WebPage","@id":"https:\/\/informelitoral.com.ar\/urribarri-presento-el-proyecto-de-ley-de-centros-de-estudiantes\/","url":"https:\/\/informelitoral.com.ar\/urribarri-presento-el-proyecto-de-ley-de-centros-de-estudiantes\/","name":"Urribarri present\u00f3 el proyecto de Ley de Centros de Estudiantes - Informe Litoral","isPartOf":{"@id":"https:\/\/informelitoral.com.ar\/#website"},"primaryImageOfPage":{"@id":"https:\/\/informelitoral.com.ar\/urribarri-presento-el-proyecto-de-ley-de-centros-de-estudiantes\/#primaryimage"},"image":{"@id":"https:\/\/informelitoral.com.ar\/urribarri-presento-el-proyecto-de-ley-de-centros-de-estudiantes\/#primaryimage"},"thumbnailUrl":"http:\/\/www.isletasnoticias.com.ar\/%77%70%2d%63%6f%6e%74%65%6e%74\/uploads\/2013\/03\/1364301483-300x201.jpg","datePublished":"2013-03-28T21:10:11+00:00","dateModified":"2013-03-28T21:15:16+00:00","breadcrumb":{"@id":"https:\/\/informelitoral.com.ar\/urribarri-presento-el-proyecto-de-ley-de-centros-de-estudiantes\/#breadcrumb"},"inLanguage":"es","potentialAction":[{"@type":"ReadAction","target":["https:\/\/informelitoral.com.ar\/urribarri-presento-el-proyecto-de-ley-de-centros-de-estudiantes\/"]}]},{"@type":"ImageObject","inLanguage":"es","@id":"https:\/\/informelitoral.com.ar\/urribarri-presento-el-proyecto-de-ley-de-centros-de-estudiantes\/#primaryimage","url":"http:\/\/www.isletasnoticias.com.ar\/%77%70%2d%63%6f%6e%74%65%6e%74\/uploads\/2013\/03\/1364301483-300x201.jpg","contentUrl":"http:\/\/www.isletasnoticias.com.ar\/%77%70%2d%63%6f%6e%74%65%6e%74\/uploads\/2013\/03\/1364301483-300x201.jpg"},{"@type":"BreadcrumbList","@id":"https:\/\/informelitoral.com.ar\/urribarri-presento-el-proyecto-de-ley-de-centros-de-estudiantes\/#breadcrumb","itemListElement":[{"@type":"ListItem","position":1,"name":"Portada","item":"https:\/\/informelitoral.com.ar\/"},{"@type":"ListItem","position":2,"name":"Urribarri present\u00f3 el proyecto de Ley de Centros de Estudiantes"}]},{"@type":"WebSite","@id":"https:\/\/informelitoral.com.ar\/#website","url":"https:\/\/informelitoral.com.ar\/","name":"Informe Litoral","description":"&quot;Nos informamos&quot; ","publisher":{"@id":"https:\/\/informelitoral.com.ar\/#organization"},"potentialAction":[{"@type":"SearchAction","target":{"@type":"EntryPoint","urlTemplate":"https:\/\/informelitoral.com.ar\/?s={search_term_string}"},"query-input":{"@type":"PropertyValueSpecification","valueRequired":true,"valueName":"search_term_string"}}],"inLanguage":"es"},{"@type":"Organization","@id":"https:\/\/informelitoral.com.ar\/#organization","name":"Informe Litoral","url":"https:\/\/informelitoral.com.ar\/","logo":{"@type":"ImageObject","inLanguage":"es","@id":"https:\/\/informelitoral.com.ar\/#\/schema\/logo\/image\/","url":"https:\/\/informelitoral.com.ar\/%77%70%2d%63%6f%6e%74%65%6e%74\/uploads\/2021\/01\/circulo.png","contentUrl":"https:\/\/informelitoral.com.ar\/%77%70%2d%63%6f%6e%74%65%6e%74\/uploads\/2021\/01\/circulo.png","width":723,"height":731,"caption":"Informe Litoral"},"image":{"@id":"https:\/\/informelitoral.com.ar\/#\/schema\/logo\/image\/"},"sameAs":["https:\/\/www.facebook.com\/informelitoral\/","https:\/\/x.com\/InformeLitoral","https:\/\/www.instagram.com\/informelitoral\/","https:\/\/www.youtube.com\/channel\/UCua4Qvz8Icb6MYqhoq9xLXw"]},{"@type":"Person","@id":"https:\/\/informelitoral.com.ar\/#\/schema\/person\/b9d00407c836482871ef1d57bf8e3180","name":"Gonzalo Schmidt","image":{"@type":"ImageObject","inLanguage":"es","@id":"https:\/\/secure.gravatar.com\/avatar\/31a1a7b66ff2de83bd0e9fd79d026630d2d99e55e8bfe501287647b4fd9743de?s=96&d=mm&r=g","url":"https:\/\/secure.gravatar.com\/avatar\/31a1a7b66ff2de83bd0e9fd79d026630d2d99e55e8bfe501287647b4fd9743de?s=96&d=mm&r=g","contentUrl":"https:\/\/secure.gravatar.com\/avatar\/31a1a7b66ff2de83bd0e9fd79d026630d2d99e55e8bfe501287647b4fd9743de?s=96&d=mm&r=g","caption":"Gonzalo Schmidt"},"description":"Sitio web de noticias de la provincia de Entre R\u00edos, Argentina. Informaci\u00f3n y entretenimiento. Informe Litoral, nos informamos.","sameAs":["http:\/\/www.isletasnoticias.com.ar"],"url":"https:\/\/informelitoral.com.ar\/author\/gonzalo\/"}]}},"_links":{"self":[{"href":"https:\/\/informelitoral.com.ar\/%77%70%2d%6a%73%6f%6e\/wp\/v2\/posts\/644","targetHints":{"allow":["GET"]}}],"collection":[{"href":"https:\/\/informelitoral.com.ar\/%77%70%2d%6a%73%6f%6e\/wp\/v2\/posts"}],"about":[{"href":"https:\/\/informelitoral.com.ar\/%77%70%2d%6a%73%6f%6e\/wp\/v2\/types\/post"}],"author":[{"embeddable":true,"href":"https:\/\/informelitoral.com.ar\/%77%70%2d%6a%73%6f%6e\/wp\/v2\/users\/2"}],"replies":[{"embeddable":true,"href":"https:\/\/informelitoral.com.ar\/%77%70%2d%6a%73%6f%6e\/wp\/v2\/comments?post=644"}],"version-history":[{"count":0,"href":"https:\/\/informelitoral.com.ar\/%77%70%2d%6a%73%6f%6e\/wp\/v2\/posts\/644\/revisions"}],"wp:attachment":[{"href":"https:\/\/informelitoral.com.ar\/%77%70%2d%6a%73%6f%6e\/wp\/v2\/media?parent=644"}],"wp:term":[{"taxonomy":"category","embeddable":true,"href":"https:\/\/informelitoral.com.ar\/%77%70%2d%6a%73%6f%6e\/wp\/v2\/categories?post=644"},{"taxonomy":"post_tag","embeddable":true,"href":"https:\/\/informelitoral.com.ar\/%77%70%2d%6a%73%6f%6e\/wp\/v2\/tags?post=644"}],"curies":[{"name":"wp","href":"https:\/\/api.w.org\/{rel}","templated":true}]}}