{"id":6436,"date":"2014-04-04T20:58:52","date_gmt":"2014-04-04T23:58:52","guid":{"rendered":"http:\/\/www.isletasnoticias.com.ar\/?p=6436"},"modified":"2014-04-04T20:58:52","modified_gmt":"2014-04-04T23:58:52","slug":"los-escraches-le-llegaron-a-dos-ministros-entrerrianos","status":"publish","type":"post","link":"https:\/\/informelitoral.com.ar\/los-escraches-le-llegaron-a-dos-ministros-entrerrianos\/","title":{"rendered":"Los escraches le llegaron a dos ministros entrerrianos"},"content":{"rendered":"<p style=\"text-align: left;\"><strong>Fue tras una marcha de trabajadores de salud de Concepci\u00f3n del Uruguay nucleados en ATE. Hicieron pintadas y quemaron papeles frente al domicilio de <em>Hugo Cettour<\/em>. Tambi\u00e9n hubo pintadas frente a la casa de <em>Eduardo Lauritto<\/em>.<a href=\"http:\/\/www.isletasnoticias.com.ar\/%77%70%2d%63%6f%6e%74%65%6e%74\/uploads\/2014\/04\/l_1396646913.jpg\"><img loading=\"lazy\" decoding=\"async\" class=\"aligncenter  wp-image-6437\" alt=\"l_1396646913\" src=\"http:\/\/www.isletasnoticias.com.ar\/%77%70%2d%63%6f%6e%74%65%6e%74\/uploads\/2014\/04\/l_1396646913-300x168.jpg\" width=\"500\" height=\"300\" \/><\/a><\/strong><\/p>\n<p>La modalidad no es nueva, pero vuelve a reeditarse en el marco de los reclamos salariales. El primero en sufrir un escrache fue el diputado provincial y dirigente de la Uni\u00f3n del Personal Civil de la Naci\u00f3n (UPCN), Jos\u00e9 Allende\u00a0a mediados de diciembre de 2013.<\/p>\n<p>En aquella oportunidad durante una marcha en Paran\u00e1 de los trabajadores de salud, que forman parte de una l\u00ednea interna en ATE, hubo insultos y hasta golpes con personal vinculado al gremialista.<\/p>\n<p>Incluso el diputado provincial recibi\u00f3 una bofetada por parte de una mujer que participaba de la marcha. Luego fue el turno de la presidenta del Consejo General de Educaci\u00f3n, Claudia Vallori, el 20 de marzo de 2014, cuando participaba de una reuni\u00f3n del PJ de Villaguay.<\/p>\n<p>A la salida del encuentro un grupo de docentes y delegados que participaban en la asamblea resolutiva en la seccional Villaguay, concurrieron al bunker peronista para dialogar con la funcionaria. Pero la situaci\u00f3n se desboc\u00f3.\u00a0Tras la negativa de Vallori, sobrevino el escrache. Ese d\u00eda tambi\u00e9n hubo agresiones de parte de punteros pol\u00edticos.<\/p>\n<p><b>Escrache a Cettour y Lauritto<\/b><br \/>\nAhora la modalidad del escrache alcanz\u00f3 al ministro de Salud de Entre R\u00edos, Hugo Cettour y al de Educaci\u00f3n Eduardo Lauritto, ambos dirigentes de Concepci\u00f3n del Uruguay. Un grupo de trabajadores de salud nucleados en ATE Uruguay, llevaron a cabo este jueves reclamos ante los acuerdos salariales.<\/p>\n<p>La marcha por las calles de Concepci\u00f3n del Uruguay termin\u00f3 en la casa del Ministro de Salud. Seg\u00fan inform\u00f3 el sitio 03442, hubo algunos incidentes inesperados, ya que el escrache llev\u00f3 a pintadas con aerosol rojo en calle y vereda y a la quema de papeles y otros elementos, sobre la reja de acceso al domicilio del funcionario pol\u00edtico.<\/p>\n<p>Seg\u00fan se\u00f1alaran los manifestantes \u201calguien\u201d habr\u00eda arrojado una piedra desde el domicilio, la que habr\u00eda impactado en una de la mujeres que protestaba, lo que gener\u00f3 la reacci\u00f3n.<\/p>\n<p>La presencia policial en la zona, sirvi\u00f3 para que los manifestantes se retiraran. Momentos m\u00e1s tarde, la esposa del ministro lleg\u00f3 a su domicilio, y se encontr\u00f3 con los resultados del escrache. Adelant\u00f3 que radicar\u00eda una denuncia en la Polic\u00eda.<\/p>\n<p>Asimismo, la protesta tambi\u00e9n le lleg\u00f3 al ministro de Educaci\u00f3n, que incluy\u00f3 una pintada en el cord\u00f3n frente a su casa, con una pregunta ret\u00f3rica: \u201c\u00bfy los sueldos?\u201d.<\/p>\n<p>Fuente: I<em>nforme Digital<\/em> y <em>Babel Digital.<\/em><\/p>\n","protected":false},"excerpt":{"rendered":"<p>Fue tras una marcha de trabajadores de salud de Concepci&oacute;n del Uruguay nucleados en ATE. Hicieron pintadas y quemaron papeles frente al domicilio de Hugo Cettour. Tambi&eacute;n hubo pintadas frente a la casa de Eduardo Lauritto. La modalidad no es nueva, pero vuelve a reeditarse en el marco de los reclamos salariales. El primero en [&hellip;]<\/p>\n","protected":false},"author":2,"featured_media":0,"comment_status":"open","ping_status":"open","sticky":false,"template":"","format":"standard","meta":{"fifu_image_url":"","fifu_image_alt":"","footnotes":""},"categories":[6,16],"tags":[],"class_list":{"0":"post-6436","1":"post","2":"type-post","3":"status-publish","4":"format-standard","6":"category-entre-rios","7":"category-politi"},"yoast_head":"<title>Los escraches le llegaron a dos ministros entrerrianos - Informe Litoral<\/title>\n<meta name=\"robots\" content=\"index, follow, max-snippet:-1, max-image-preview:large, max-video-preview:-1\" \/>\n<link rel=\"canonical\" href=\"https:\/\/informelitoral.com.ar\/los-escraches-le-llegaron-a-dos-ministros-entrerrianos\/\" \/>\n<meta property=\"og:locale\" content=\"es_ES\" \/>\n<meta property=\"og:type\" content=\"article\" \/>\n<meta property=\"og:title\" content=\"Los escraches le llegaron a dos ministros entrerrianos - Informe Litoral\" \/>\n<meta property=\"og:description\" content=\"Fue tras una marcha de trabajadores de salud de Concepci&oacute;n del Uruguay nucleados en ATE. Hicieron pintadas y quemaron papeles frente al domicilio de Hugo Cettour. Tambi&eacute;n hubo pintadas frente a la casa de Eduardo Lauritto. La modalidad no es nueva, pero vuelve a reeditarse en el marco de los reclamos salariales. El primero en [&hellip;]\" \/>\n<meta property=\"og:url\" content=\"https:\/\/informelitoral.com.ar\/los-escraches-le-llegaron-a-dos-ministros-entrerrianos\/\" \/>\n<meta property=\"og:site_name\" content=\"Informe Litoral\" \/>\n<meta property=\"article:publisher\" content=\"https:\/\/www.facebook.com\/informelitoral\/\" \/>\n<meta property=\"article:published_time\" content=\"2014-04-04T23:58:52+00:00\" \/>\n<meta property=\"og:image\" content=\"https:\/\/informelitoral.com.ar\/%77%70%2d%63%6f%6e%74%65%6e%74\/uploads\/2014\/04\/l_1396646913.jpg\" \/>\n\t<meta property=\"og:image:width\" content=\"633\" \/>\n\t<meta property=\"og:image:height\" content=\"356\" \/>\n\t<meta property=\"og:image:type\" content=\"image\/jpeg\" \/>\n<meta name=\"author\" content=\"Gonzalo Schmidt\" \/>\n<meta name=\"twitter:card\" content=\"summary_large_image\" \/>\n<meta name=\"twitter:creator\" content=\"@InformeLitoral\" \/>\n<meta name=\"twitter:site\" content=\"@InformeLitoral\" \/>\n<meta name=\"twitter:label1\" content=\"Escrito por\" \/>\n\t<meta name=\"twitter:data1\" content=\"Gonzalo Schmidt\" \/>\n\t<meta name=\"twitter:label2\" content=\"Tiempo de lectura\" \/>\n\t<meta name=\"twitter:data2\" content=\"2 minutos\" \/>\n<script type=\"application\/ld+json\" class=\"yoast-schema-graph\">{\"@context\":\"https:\\\/\\\/schema.org\",\"@graph\":[{\"@type\":\"Article\",\"@id\":\"https:\\\/\\\/informelitoral.com.ar\\\/los-escraches-le-llegaron-a-dos-ministros-entrerrianos\\\/#article\",\"isPartOf\":{\"@id\":\"https:\\\/\\\/informelitoral.com.ar\\\/los-escraches-le-llegaron-a-dos-ministros-entrerrianos\\\/\"},\"author\":{\"name\":\"Gonzalo Schmidt\",\"@id\":\"https:\\\/\\\/informelitoral.com.ar\\\/#\\\/schema\\\/person\\\/b9d00407c836482871ef1d57bf8e3180\"},\"headline\":\"Los escraches le llegaron a dos ministros entrerrianos\",\"datePublished\":\"2014-04-04T23:58:52+00:00\",\"mainEntityOfPage\":{\"@id\":\"https:\\\/\\\/informelitoral.com.ar\\\/los-escraches-le-llegaron-a-dos-ministros-entrerrianos\\\/\"},\"wordCount\":459,\"commentCount\":0,\"publisher\":{\"@id\":\"https:\\\/\\\/informelitoral.com.ar\\\/#organization\"},\"image\":{\"@id\":\"https:\\\/\\\/informelitoral.com.ar\\\/los-escraches-le-llegaron-a-dos-ministros-entrerrianos\\\/#primaryimage\"},\"thumbnailUrl\":\"http:\\\/\\\/www.isletasnoticias.com.ar\\\/%77%70%2d%63%6f%6e%74%65%6e%74\\\/uploads\\\/2014\\\/04\\\/l_1396646913-300x168.jpg\",\"articleSection\":[\"Entre R\u00edos\",\"Politica\"],\"inLanguage\":\"es\",\"potentialAction\":[{\"@type\":\"CommentAction\",\"name\":\"Comment\",\"target\":[\"https:\\\/\\\/informelitoral.com.ar\\\/los-escraches-le-llegaron-a-dos-ministros-entrerrianos\\\/#respond\"]}]},{\"@type\":\"WebPage\",\"@id\":\"https:\\\/\\\/informelitoral.com.ar\\\/los-escraches-le-llegaron-a-dos-ministros-entrerrianos\\\/\",\"url\":\"https:\\\/\\\/informelitoral.com.ar\\\/los-escraches-le-llegaron-a-dos-ministros-entrerrianos\\\/\",\"name\":\"Los escraches le llegaron a dos ministros entrerrianos - Informe Litoral\",\"isPartOf\":{\"@id\":\"https:\\\/\\\/informelitoral.com.ar\\\/#website\"},\"primaryImageOfPage\":{\"@id\":\"https:\\\/\\\/informelitoral.com.ar\\\/los-escraches-le-llegaron-a-dos-ministros-entrerrianos\\\/#primaryimage\"},\"image\":{\"@id\":\"https:\\\/\\\/informelitoral.com.ar\\\/los-escraches-le-llegaron-a-dos-ministros-entrerrianos\\\/#primaryimage\"},\"thumbnailUrl\":\"http:\\\/\\\/www.isletasnoticias.com.ar\\\/%77%70%2d%63%6f%6e%74%65%6e%74\\\/uploads\\\/2014\\\/04\\\/l_1396646913-300x168.jpg\",\"datePublished\":\"2014-04-04T23:58:52+00:00\",\"breadcrumb\":{\"@id\":\"https:\\\/\\\/informelitoral.com.ar\\\/los-escraches-le-llegaron-a-dos-ministros-entrerrianos\\\/#breadcrumb\"},\"inLanguage\":\"es\",\"potentialAction\":[{\"@type\":\"ReadAction\",\"target\":[\"https:\\\/\\\/informelitoral.com.ar\\\/los-escraches-le-llegaron-a-dos-ministros-entrerrianos\\\/\"]}]},{\"@type\":\"ImageObject\",\"inLanguage\":\"es\",\"@id\":\"https:\\\/\\\/informelitoral.com.ar\\\/los-escraches-le-llegaron-a-dos-ministros-entrerrianos\\\/#primaryimage\",\"url\":\"http:\\\/\\\/www.isletasnoticias.com.ar\\\/%77%70%2d%63%6f%6e%74%65%6e%74\\\/uploads\\\/2014\\\/04\\\/l_1396646913-300x168.jpg\",\"contentUrl\":\"http:\\\/\\\/www.isletasnoticias.com.ar\\\/%77%70%2d%63%6f%6e%74%65%6e%74\\\/uploads\\\/2014\\\/04\\\/l_1396646913-300x168.jpg\"},{\"@type\":\"BreadcrumbList\",\"@id\":\"https:\\\/\\\/informelitoral.com.ar\\\/los-escraches-le-llegaron-a-dos-ministros-entrerrianos\\\/#breadcrumb\",\"itemListElement\":[{\"@type\":\"ListItem\",\"position\":1,\"name\":\"Portada\",\"item\":\"https:\\\/\\\/informelitoral.com.ar\\\/\"},{\"@type\":\"ListItem\",\"position\":2,\"name\":\"Los escraches le llegaron a dos ministros entrerrianos\"}]},{\"@type\":\"WebSite\",\"@id\":\"https:\\\/\\\/informelitoral.com.ar\\\/#website\",\"url\":\"https:\\\/\\\/informelitoral.com.ar\\\/\",\"name\":\"Informe Litoral\",\"description\":\"&quot;Nos informamos&quot; \",\"publisher\":{\"@id\":\"https:\\\/\\\/informelitoral.com.ar\\\/#organization\"},\"potentialAction\":[{\"@type\":\"SearchAction\",\"target\":{\"@type\":\"EntryPoint\",\"urlTemplate\":\"https:\\\/\\\/informelitoral.com.ar\\\/?s={search_term_string}\"},\"query-input\":{\"@type\":\"PropertyValueSpecification\",\"valueRequired\":true,\"valueName\":\"search_term_string\"}}],\"inLanguage\":\"es\"},{\"@type\":\"Organization\",\"@id\":\"https:\\\/\\\/informelitoral.com.ar\\\/#organization\",\"name\":\"Informe Litoral\",\"url\":\"https:\\\/\\\/informelitoral.com.ar\\\/\",\"logo\":{\"@type\":\"ImageObject\",\"inLanguage\":\"es\",\"@id\":\"https:\\\/\\\/informelitoral.com.ar\\\/#\\\/schema\\\/logo\\\/image\\\/\",\"url\":\"https:\\\/\\\/informelitoral.com.ar\\\/%77%70%2d%63%6f%6e%74%65%6e%74\\\/uploads\\\/2021\\\/01\\\/circulo.png\",\"contentUrl\":\"https:\\\/\\\/informelitoral.com.ar\\\/%77%70%2d%63%6f%6e%74%65%6e%74\\\/uploads\\\/2021\\\/01\\\/circulo.png\",\"width\":723,\"height\":731,\"caption\":\"Informe Litoral\"},\"image\":{\"@id\":\"https:\\\/\\\/informelitoral.com.ar\\\/#\\\/schema\\\/logo\\\/image\\\/\"},\"sameAs\":[\"https:\\\/\\\/www.facebook.com\\\/informelitoral\\\/\",\"https:\\\/\\\/x.com\\\/InformeLitoral\",\"https:\\\/\\\/www.instagram.com\\\/informelitoral\\\/\",\"https:\\\/\\\/www.youtube.com\\\/channel\\\/UCua4Qvz8Icb6MYqhoq9xLXw\"]},{\"@type\":\"Person\",\"@id\":\"https:\\\/\\\/informelitoral.com.ar\\\/#\\\/schema\\\/person\\\/b9d00407c836482871ef1d57bf8e3180\",\"name\":\"Gonzalo Schmidt\",\"image\":{\"@type\":\"ImageObject\",\"inLanguage\":\"es\",\"@id\":\"https:\\\/\\\/secure.gravatar.com\\\/avatar\\\/31a1a7b66ff2de83bd0e9fd79d026630d2d99e55e8bfe501287647b4fd9743de?s=96&d=mm&r=g\",\"url\":\"https:\\\/\\\/secure.gravatar.com\\\/avatar\\\/31a1a7b66ff2de83bd0e9fd79d026630d2d99e55e8bfe501287647b4fd9743de?s=96&d=mm&r=g\",\"contentUrl\":\"https:\\\/\\\/secure.gravatar.com\\\/avatar\\\/31a1a7b66ff2de83bd0e9fd79d026630d2d99e55e8bfe501287647b4fd9743de?s=96&d=mm&r=g\",\"caption\":\"Gonzalo Schmidt\"},\"description\":\"Sitio web de noticias de la provincia de Entre R\u00edos, Argentina. Informaci\u00f3n y entretenimiento. Informe Litoral, nos informamos.\",\"sameAs\":[\"http:\\\/\\\/www.isletasnoticias.com.ar\"],\"url\":\"https:\\\/\\\/informelitoral.com.ar\\\/author\\\/gonzalo\\\/\"}]}<\/script>","yoast_head_json":{"title":"Los escraches le llegaron a dos ministros entrerrianos - Informe Litoral","robots":{"index":"index","follow":"follow","max-snippet":"max-snippet:-1","max-image-preview":"max-image-preview:large","max-video-preview":"max-video-preview:-1"},"canonical":"https:\/\/informelitoral.com.ar\/los-escraches-le-llegaron-a-dos-ministros-entrerrianos\/","og_locale":"es_ES","og_type":"article","og_title":"Los escraches le llegaron a dos ministros entrerrianos - Informe Litoral","og_description":"Fue tras una marcha de trabajadores de salud de Concepci&oacute;n del Uruguay nucleados en ATE. Hicieron pintadas y quemaron papeles frente al domicilio de Hugo Cettour. Tambi&eacute;n hubo pintadas frente a la casa de Eduardo Lauritto. La modalidad no es nueva, pero vuelve a reeditarse en el marco de los reclamos salariales. El primero en [&hellip;]","og_url":"https:\/\/informelitoral.com.ar\/los-escraches-le-llegaron-a-dos-ministros-entrerrianos\/","og_site_name":"Informe Litoral","article_publisher":"https:\/\/www.facebook.com\/informelitoral\/","article_published_time":"2014-04-04T23:58:52+00:00","og_image":[{"width":633,"height":356,"url":"https:\/\/informelitoral.com.ar\/%77%70%2d%63%6f%6e%74%65%6e%74\/uploads\/2014\/04\/l_1396646913.jpg","type":"image\/jpeg"}],"author":"Gonzalo Schmidt","twitter_card":"summary_large_image","twitter_creator":"@InformeLitoral","twitter_site":"@InformeLitoral","twitter_misc":{"Escrito por":"Gonzalo Schmidt","Tiempo de lectura":"2 minutos"},"schema":{"@context":"https:\/\/schema.org","@graph":[{"@type":"Article","@id":"https:\/\/informelitoral.com.ar\/los-escraches-le-llegaron-a-dos-ministros-entrerrianos\/#article","isPartOf":{"@id":"https:\/\/informelitoral.com.ar\/los-escraches-le-llegaron-a-dos-ministros-entrerrianos\/"},"author":{"name":"Gonzalo Schmidt","@id":"https:\/\/informelitoral.com.ar\/#\/schema\/person\/b9d00407c836482871ef1d57bf8e3180"},"headline":"Los escraches le llegaron a dos ministros entrerrianos","datePublished":"2014-04-04T23:58:52+00:00","mainEntityOfPage":{"@id":"https:\/\/informelitoral.com.ar\/los-escraches-le-llegaron-a-dos-ministros-entrerrianos\/"},"wordCount":459,"commentCount":0,"publisher":{"@id":"https:\/\/informelitoral.com.ar\/#organization"},"image":{"@id":"https:\/\/informelitoral.com.ar\/los-escraches-le-llegaron-a-dos-ministros-entrerrianos\/#primaryimage"},"thumbnailUrl":"http:\/\/www.isletasnoticias.com.ar\/%77%70%2d%63%6f%6e%74%65%6e%74\/uploads\/2014\/04\/l_1396646913-300x168.jpg","articleSection":["Entre R\u00edos","Politica"],"inLanguage":"es","potentialAction":[{"@type":"CommentAction","name":"Comment","target":["https:\/\/informelitoral.com.ar\/los-escraches-le-llegaron-a-dos-ministros-entrerrianos\/#respond"]}]},{"@type":"WebPage","@id":"https:\/\/informelitoral.com.ar\/los-escraches-le-llegaron-a-dos-ministros-entrerrianos\/","url":"https:\/\/informelitoral.com.ar\/los-escraches-le-llegaron-a-dos-ministros-entrerrianos\/","name":"Los escraches le llegaron a dos ministros entrerrianos - Informe Litoral","isPartOf":{"@id":"https:\/\/informelitoral.com.ar\/#website"},"primaryImageOfPage":{"@id":"https:\/\/informelitoral.com.ar\/los-escraches-le-llegaron-a-dos-ministros-entrerrianos\/#primaryimage"},"image":{"@id":"https:\/\/informelitoral.com.ar\/los-escraches-le-llegaron-a-dos-ministros-entrerrianos\/#primaryimage"},"thumbnailUrl":"http:\/\/www.isletasnoticias.com.ar\/%77%70%2d%63%6f%6e%74%65%6e%74\/uploads\/2014\/04\/l_1396646913-300x168.jpg","datePublished":"2014-04-04T23:58:52+00:00","breadcrumb":{"@id":"https:\/\/informelitoral.com.ar\/los-escraches-le-llegaron-a-dos-ministros-entrerrianos\/#breadcrumb"},"inLanguage":"es","potentialAction":[{"@type":"ReadAction","target":["https:\/\/informelitoral.com.ar\/los-escraches-le-llegaron-a-dos-ministros-entrerrianos\/"]}]},{"@type":"ImageObject","inLanguage":"es","@id":"https:\/\/informelitoral.com.ar\/los-escraches-le-llegaron-a-dos-ministros-entrerrianos\/#primaryimage","url":"http:\/\/www.isletasnoticias.com.ar\/%77%70%2d%63%6f%6e%74%65%6e%74\/uploads\/2014\/04\/l_1396646913-300x168.jpg","contentUrl":"http:\/\/www.isletasnoticias.com.ar\/%77%70%2d%63%6f%6e%74%65%6e%74\/uploads\/2014\/04\/l_1396646913-300x168.jpg"},{"@type":"BreadcrumbList","@id":"https:\/\/informelitoral.com.ar\/los-escraches-le-llegaron-a-dos-ministros-entrerrianos\/#breadcrumb","itemListElement":[{"@type":"ListItem","position":1,"name":"Portada","item":"https:\/\/informelitoral.com.ar\/"},{"@type":"ListItem","position":2,"name":"Los escraches le llegaron a dos ministros entrerrianos"}]},{"@type":"WebSite","@id":"https:\/\/informelitoral.com.ar\/#website","url":"https:\/\/informelitoral.com.ar\/","name":"Informe Litoral","description":"&quot;Nos informamos&quot; ","publisher":{"@id":"https:\/\/informelitoral.com.ar\/#organization"},"potentialAction":[{"@type":"SearchAction","target":{"@type":"EntryPoint","urlTemplate":"https:\/\/informelitoral.com.ar\/?s={search_term_string}"},"query-input":{"@type":"PropertyValueSpecification","valueRequired":true,"valueName":"search_term_string"}}],"inLanguage":"es"},{"@type":"Organization","@id":"https:\/\/informelitoral.com.ar\/#organization","name":"Informe Litoral","url":"https:\/\/informelitoral.com.ar\/","logo":{"@type":"ImageObject","inLanguage":"es","@id":"https:\/\/informelitoral.com.ar\/#\/schema\/logo\/image\/","url":"https:\/\/informelitoral.com.ar\/%77%70%2d%63%6f%6e%74%65%6e%74\/uploads\/2021\/01\/circulo.png","contentUrl":"https:\/\/informelitoral.com.ar\/%77%70%2d%63%6f%6e%74%65%6e%74\/uploads\/2021\/01\/circulo.png","width":723,"height":731,"caption":"Informe Litoral"},"image":{"@id":"https:\/\/informelitoral.com.ar\/#\/schema\/logo\/image\/"},"sameAs":["https:\/\/www.facebook.com\/informelitoral\/","https:\/\/x.com\/InformeLitoral","https:\/\/www.instagram.com\/informelitoral\/","https:\/\/www.youtube.com\/channel\/UCua4Qvz8Icb6MYqhoq9xLXw"]},{"@type":"Person","@id":"https:\/\/informelitoral.com.ar\/#\/schema\/person\/b9d00407c836482871ef1d57bf8e3180","name":"Gonzalo Schmidt","image":{"@type":"ImageObject","inLanguage":"es","@id":"https:\/\/secure.gravatar.com\/avatar\/31a1a7b66ff2de83bd0e9fd79d026630d2d99e55e8bfe501287647b4fd9743de?s=96&d=mm&r=g","url":"https:\/\/secure.gravatar.com\/avatar\/31a1a7b66ff2de83bd0e9fd79d026630d2d99e55e8bfe501287647b4fd9743de?s=96&d=mm&r=g","contentUrl":"https:\/\/secure.gravatar.com\/avatar\/31a1a7b66ff2de83bd0e9fd79d026630d2d99e55e8bfe501287647b4fd9743de?s=96&d=mm&r=g","caption":"Gonzalo Schmidt"},"description":"Sitio web de noticias de la provincia de Entre R\u00edos, Argentina. Informaci\u00f3n y entretenimiento. Informe Litoral, nos informamos.","sameAs":["http:\/\/www.isletasnoticias.com.ar"],"url":"https:\/\/informelitoral.com.ar\/author\/gonzalo\/"}]}},"_links":{"self":[{"href":"https:\/\/informelitoral.com.ar\/%77%70%2d%6a%73%6f%6e\/wp\/v2\/posts\/6436","targetHints":{"allow":["GET"]}}],"collection":[{"href":"https:\/\/informelitoral.com.ar\/%77%70%2d%6a%73%6f%6e\/wp\/v2\/posts"}],"about":[{"href":"https:\/\/informelitoral.com.ar\/%77%70%2d%6a%73%6f%6e\/wp\/v2\/types\/post"}],"author":[{"embeddable":true,"href":"https:\/\/informelitoral.com.ar\/%77%70%2d%6a%73%6f%6e\/wp\/v2\/users\/2"}],"replies":[{"embeddable":true,"href":"https:\/\/informelitoral.com.ar\/%77%70%2d%6a%73%6f%6e\/wp\/v2\/comments?post=6436"}],"version-history":[{"count":0,"href":"https:\/\/informelitoral.com.ar\/%77%70%2d%6a%73%6f%6e\/wp\/v2\/posts\/6436\/revisions"}],"wp:attachment":[{"href":"https:\/\/informelitoral.com.ar\/%77%70%2d%6a%73%6f%6e\/wp\/v2\/media?parent=6436"}],"wp:term":[{"taxonomy":"category","embeddable":true,"href":"https:\/\/informelitoral.com.ar\/%77%70%2d%6a%73%6f%6e\/wp\/v2\/categories?post=6436"},{"taxonomy":"post_tag","embeddable":true,"href":"https:\/\/informelitoral.com.ar\/%77%70%2d%6a%73%6f%6e\/wp\/v2\/tags?post=6436"}],"curies":[{"name":"wp","href":"https:\/\/api.w.org\/{rel}","templated":true}]}}