{"id":6430,"date":"2014-04-04T20:37:43","date_gmt":"2014-04-04T23:37:43","guid":{"rendered":"http:\/\/www.isletasnoticias.com.ar\/?p=6430"},"modified":"2014-04-04T20:40:40","modified_gmt":"2014-04-04T23:40:40","slug":"uta-define-el-lunes-si-adhiere-al-paro-del-10","status":"publish","type":"post","link":"https:\/\/informelitoral.com.ar\/uta-define-el-lunes-si-adhiere-al-paro-del-10\/","title":{"rendered":"UTA define el lunes si adhiere al paro del 10"},"content":{"rendered":"<p style=\"text-align: left;\"><strong>El lunes por la tarde se realizar\u00e1 la reuni\u00f3n con los referentes de todo el pa\u00eds en la que se definir\u00e1 la adhesi\u00f3n al paro del 10 de abril, dispuesto por la CGT y CTA opositoras.<a href=\"http:\/\/www.isletasnoticias.com.ar\/%77%70%2d%63%6f%6e%74%65%6e%74\/uploads\/2013\/05\/uta.jpg\"><img loading=\"lazy\" decoding=\"async\" class=\"aligncenter  wp-image-1493\" alt=\"uta\" src=\"http:\/\/www.isletasnoticias.com.ar\/%77%70%2d%63%6f%6e%74%65%6e%74\/uploads\/2013\/05\/uta-300x190.jpg\" width=\"500\" height=\"300\" \/><\/a><\/strong><\/p>\n<p>El secretario general de UTA Entre R\u00edos,<strong> Juan Carlos Dittler<\/strong>, indic\u00f3 que el lunes pr\u00f3ximo se realizar\u00e1 una reuni\u00f3n con los referentes de todo el pa\u00eds donde se definir\u00e1 la adhesi\u00f3n al paro del 10 de abril, dispuesto por la CGT y CTA opositoras, consign\u00f3 <em>UNO.<\/em><\/p>\n<p>Seg\u00fan anticip\u00f3 Ditler, \u201cel lunes que viene a la tarde tenemos una reuni\u00f3n con todos los secretarios generales del pa\u00eds en Buenos Aires\u201d. En dicho encuentro definir\u00e1n si adhieren al paro del 10 de abril, dispuesto por la CGT y CTA opositoras. Hasta ahora decidieron adherir a la medida de fuerza pero luego de la reuni\u00f3n del lunes se va a determinar \u201ccon certeza\u201d.<\/p>\n<p>El pasado 26 de marzo las CGT opositoras al Gobierno fijaron para el jueves 10 de abril el paro nacional en contra de la Casa Rosada, que ser\u00e1 \u201csin movilizaci\u00f3n y sin acto central\u201d. As\u00ed lo resolvieron durante un plenario encabezado por Hugo Moyano, titular de la CGT Azopardo, y Luis Barrionuevo, quien lidera la CGT Azul y Blanca<\/p>\n<p>Seg\u00fan anunciaron, contar\u00e1 con la participaci\u00f3n tambi\u00e9n de la CTA opositora y de otros gremios.<\/p>\n","protected":false},"excerpt":{"rendered":"<p>El lunes por la tarde se realizar&aacute; la reuni&oacute;n con los referentes de todo el pa&iacute;s en la que se definir&aacute; la adhesi&oacute;n al paro del 10 de abril, dispuesto por la CGT y CTA opositoras. El secretario general de UTA Entre R&iacute;os, Juan Carlos Dittler, indic&oacute; que el lunes pr&oacute;ximo se realizar&aacute; una reuni&oacute;n [&hellip;]<\/p>\n","protected":false},"author":2,"featured_media":0,"comment_status":"open","ping_status":"open","sticky":false,"template":"","format":"standard","meta":{"fifu_image_url":"","fifu_image_alt":"","footnotes":""},"categories":[6],"tags":[],"class_list":{"0":"post-6430","1":"post","2":"type-post","3":"status-publish","4":"format-standard","6":"category-entre-rios"},"yoast_head":"<title>UTA define el lunes si adhiere al paro del 10 - Informe Litoral<\/title>\n<meta name=\"robots\" content=\"index, follow, max-snippet:-1, max-image-preview:large, max-video-preview:-1\" \/>\n<link rel=\"canonical\" href=\"https:\/\/informelitoral.com.ar\/uta-define-el-lunes-si-adhiere-al-paro-del-10\/\" \/>\n<meta property=\"og:locale\" content=\"es_ES\" \/>\n<meta property=\"og:type\" content=\"article\" \/>\n<meta property=\"og:title\" content=\"UTA define el lunes si adhiere al paro del 10 - Informe Litoral\" \/>\n<meta property=\"og:description\" content=\"El lunes por la tarde se realizar&aacute; la reuni&oacute;n con los referentes de todo el pa&iacute;s en la que se definir&aacute; la adhesi&oacute;n al paro del 10 de abril, dispuesto por la CGT y CTA opositoras. El secretario general de UTA Entre R&iacute;os, Juan Carlos Dittler, indic&oacute; que el lunes pr&oacute;ximo se realizar&aacute; una reuni&oacute;n [&hellip;]\" \/>\n<meta property=\"og:url\" content=\"https:\/\/informelitoral.com.ar\/uta-define-el-lunes-si-adhiere-al-paro-del-10\/\" \/>\n<meta property=\"og:site_name\" content=\"Informe Litoral\" \/>\n<meta property=\"article:publisher\" content=\"https:\/\/www.facebook.com\/informelitoral\/\" \/>\n<meta property=\"article:published_time\" content=\"2014-04-04T23:37:43+00:00\" \/>\n<meta property=\"article:modified_time\" content=\"2014-04-04T23:40:40+00:00\" \/>\n<meta property=\"og:image\" content=\"https:\/\/informelitoral.com.ar\/%77%70%2d%63%6f%6e%74%65%6e%74\/uploads\/2013\/05\/uta.jpg\" \/>\n\t<meta property=\"og:image:width\" content=\"448\" \/>\n\t<meta property=\"og:image:height\" content=\"285\" \/>\n\t<meta property=\"og:image:type\" content=\"image\/jpeg\" \/>\n<meta name=\"author\" content=\"Gonzalo Schmidt\" \/>\n<meta name=\"twitter:card\" content=\"summary_large_image\" \/>\n<meta name=\"twitter:creator\" content=\"@InformeLitoral\" \/>\n<meta name=\"twitter:site\" content=\"@InformeLitoral\" \/>\n<meta name=\"twitter:label1\" content=\"Escrito por\" \/>\n\t<meta name=\"twitter:data1\" content=\"Gonzalo Schmidt\" \/>\n\t<meta name=\"twitter:label2\" content=\"Tiempo de lectura\" \/>\n\t<meta name=\"twitter:data2\" content=\"1 minuto\" \/>\n<script type=\"application\/ld+json\" class=\"yoast-schema-graph\">{\"@context\":\"https:\\\/\\\/schema.org\",\"@graph\":[{\"@type\":\"Article\",\"@id\":\"https:\\\/\\\/informelitoral.com.ar\\\/uta-define-el-lunes-si-adhiere-al-paro-del-10\\\/#article\",\"isPartOf\":{\"@id\":\"https:\\\/\\\/informelitoral.com.ar\\\/uta-define-el-lunes-si-adhiere-al-paro-del-10\\\/\"},\"author\":{\"name\":\"Gonzalo Schmidt\",\"@id\":\"https:\\\/\\\/informelitoral.com.ar\\\/#\\\/schema\\\/person\\\/b9d00407c836482871ef1d57bf8e3180\"},\"headline\":\"UTA define el lunes si adhiere al paro del 10\",\"datePublished\":\"2014-04-04T23:37:43+00:00\",\"dateModified\":\"2014-04-04T23:40:40+00:00\",\"mainEntityOfPage\":{\"@id\":\"https:\\\/\\\/informelitoral.com.ar\\\/uta-define-el-lunes-si-adhiere-al-paro-del-10\\\/\"},\"wordCount\":241,\"commentCount\":0,\"publisher\":{\"@id\":\"https:\\\/\\\/informelitoral.com.ar\\\/#organization\"},\"image\":{\"@id\":\"https:\\\/\\\/informelitoral.com.ar\\\/uta-define-el-lunes-si-adhiere-al-paro-del-10\\\/#primaryimage\"},\"thumbnailUrl\":\"http:\\\/\\\/www.isletasnoticias.com.ar\\\/%77%70%2d%63%6f%6e%74%65%6e%74\\\/uploads\\\/2013\\\/05\\\/uta-300x190.jpg\",\"articleSection\":[\"Entre R\u00edos\"],\"inLanguage\":\"es\",\"potentialAction\":[{\"@type\":\"CommentAction\",\"name\":\"Comment\",\"target\":[\"https:\\\/\\\/informelitoral.com.ar\\\/uta-define-el-lunes-si-adhiere-al-paro-del-10\\\/#respond\"]}]},{\"@type\":\"WebPage\",\"@id\":\"https:\\\/\\\/informelitoral.com.ar\\\/uta-define-el-lunes-si-adhiere-al-paro-del-10\\\/\",\"url\":\"https:\\\/\\\/informelitoral.com.ar\\\/uta-define-el-lunes-si-adhiere-al-paro-del-10\\\/\",\"name\":\"UTA define el lunes si adhiere al paro del 10 - Informe Litoral\",\"isPartOf\":{\"@id\":\"https:\\\/\\\/informelitoral.com.ar\\\/#website\"},\"primaryImageOfPage\":{\"@id\":\"https:\\\/\\\/informelitoral.com.ar\\\/uta-define-el-lunes-si-adhiere-al-paro-del-10\\\/#primaryimage\"},\"image\":{\"@id\":\"https:\\\/\\\/informelitoral.com.ar\\\/uta-define-el-lunes-si-adhiere-al-paro-del-10\\\/#primaryimage\"},\"thumbnailUrl\":\"http:\\\/\\\/www.isletasnoticias.com.ar\\\/%77%70%2d%63%6f%6e%74%65%6e%74\\\/uploads\\\/2013\\\/05\\\/uta-300x190.jpg\",\"datePublished\":\"2014-04-04T23:37:43+00:00\",\"dateModified\":\"2014-04-04T23:40:40+00:00\",\"breadcrumb\":{\"@id\":\"https:\\\/\\\/informelitoral.com.ar\\\/uta-define-el-lunes-si-adhiere-al-paro-del-10\\\/#breadcrumb\"},\"inLanguage\":\"es\",\"potentialAction\":[{\"@type\":\"ReadAction\",\"target\":[\"https:\\\/\\\/informelitoral.com.ar\\\/uta-define-el-lunes-si-adhiere-al-paro-del-10\\\/\"]}]},{\"@type\":\"ImageObject\",\"inLanguage\":\"es\",\"@id\":\"https:\\\/\\\/informelitoral.com.ar\\\/uta-define-el-lunes-si-adhiere-al-paro-del-10\\\/#primaryimage\",\"url\":\"http:\\\/\\\/www.isletasnoticias.com.ar\\\/%77%70%2d%63%6f%6e%74%65%6e%74\\\/uploads\\\/2013\\\/05\\\/uta-300x190.jpg\",\"contentUrl\":\"http:\\\/\\\/www.isletasnoticias.com.ar\\\/%77%70%2d%63%6f%6e%74%65%6e%74\\\/uploads\\\/2013\\\/05\\\/uta-300x190.jpg\"},{\"@type\":\"BreadcrumbList\",\"@id\":\"https:\\\/\\\/informelitoral.com.ar\\\/uta-define-el-lunes-si-adhiere-al-paro-del-10\\\/#breadcrumb\",\"itemListElement\":[{\"@type\":\"ListItem\",\"position\":1,\"name\":\"Portada\",\"item\":\"https:\\\/\\\/informelitoral.com.ar\\\/\"},{\"@type\":\"ListItem\",\"position\":2,\"name\":\"UTA define el lunes si adhiere al paro del 10\"}]},{\"@type\":\"WebSite\",\"@id\":\"https:\\\/\\\/informelitoral.com.ar\\\/#website\",\"url\":\"https:\\\/\\\/informelitoral.com.ar\\\/\",\"name\":\"Informe Litoral\",\"description\":\"&quot;Nos informamos&quot; \",\"publisher\":{\"@id\":\"https:\\\/\\\/informelitoral.com.ar\\\/#organization\"},\"potentialAction\":[{\"@type\":\"SearchAction\",\"target\":{\"@type\":\"EntryPoint\",\"urlTemplate\":\"https:\\\/\\\/informelitoral.com.ar\\\/?s={search_term_string}\"},\"query-input\":{\"@type\":\"PropertyValueSpecification\",\"valueRequired\":true,\"valueName\":\"search_term_string\"}}],\"inLanguage\":\"es\"},{\"@type\":\"Organization\",\"@id\":\"https:\\\/\\\/informelitoral.com.ar\\\/#organization\",\"name\":\"Informe Litoral\",\"url\":\"https:\\\/\\\/informelitoral.com.ar\\\/\",\"logo\":{\"@type\":\"ImageObject\",\"inLanguage\":\"es\",\"@id\":\"https:\\\/\\\/informelitoral.com.ar\\\/#\\\/schema\\\/logo\\\/image\\\/\",\"url\":\"https:\\\/\\\/informelitoral.com.ar\\\/%77%70%2d%63%6f%6e%74%65%6e%74\\\/uploads\\\/2021\\\/01\\\/circulo.png\",\"contentUrl\":\"https:\\\/\\\/informelitoral.com.ar\\\/%77%70%2d%63%6f%6e%74%65%6e%74\\\/uploads\\\/2021\\\/01\\\/circulo.png\",\"width\":723,\"height\":731,\"caption\":\"Informe Litoral\"},\"image\":{\"@id\":\"https:\\\/\\\/informelitoral.com.ar\\\/#\\\/schema\\\/logo\\\/image\\\/\"},\"sameAs\":[\"https:\\\/\\\/www.facebook.com\\\/informelitoral\\\/\",\"https:\\\/\\\/x.com\\\/InformeLitoral\",\"https:\\\/\\\/www.instagram.com\\\/informelitoral\\\/\",\"https:\\\/\\\/www.youtube.com\\\/channel\\\/UCua4Qvz8Icb6MYqhoq9xLXw\"]},{\"@type\":\"Person\",\"@id\":\"https:\\\/\\\/informelitoral.com.ar\\\/#\\\/schema\\\/person\\\/b9d00407c836482871ef1d57bf8e3180\",\"name\":\"Gonzalo Schmidt\",\"image\":{\"@type\":\"ImageObject\",\"inLanguage\":\"es\",\"@id\":\"https:\\\/\\\/secure.gravatar.com\\\/avatar\\\/31a1a7b66ff2de83bd0e9fd79d026630d2d99e55e8bfe501287647b4fd9743de?s=96&d=mm&r=g\",\"url\":\"https:\\\/\\\/secure.gravatar.com\\\/avatar\\\/31a1a7b66ff2de83bd0e9fd79d026630d2d99e55e8bfe501287647b4fd9743de?s=96&d=mm&r=g\",\"contentUrl\":\"https:\\\/\\\/secure.gravatar.com\\\/avatar\\\/31a1a7b66ff2de83bd0e9fd79d026630d2d99e55e8bfe501287647b4fd9743de?s=96&d=mm&r=g\",\"caption\":\"Gonzalo Schmidt\"},\"description\":\"Sitio web de noticias de la provincia de Entre R\u00edos, Argentina. Informaci\u00f3n y entretenimiento. Informe Litoral, nos informamos.\",\"sameAs\":[\"http:\\\/\\\/www.isletasnoticias.com.ar\"],\"url\":\"https:\\\/\\\/informelitoral.com.ar\\\/author\\\/gonzalo\\\/\"}]}<\/script>","yoast_head_json":{"title":"UTA define el lunes si adhiere al paro del 10 - Informe Litoral","robots":{"index":"index","follow":"follow","max-snippet":"max-snippet:-1","max-image-preview":"max-image-preview:large","max-video-preview":"max-video-preview:-1"},"canonical":"https:\/\/informelitoral.com.ar\/uta-define-el-lunes-si-adhiere-al-paro-del-10\/","og_locale":"es_ES","og_type":"article","og_title":"UTA define el lunes si adhiere al paro del 10 - Informe Litoral","og_description":"El lunes por la tarde se realizar&aacute; la reuni&oacute;n con los referentes de todo el pa&iacute;s en la que se definir&aacute; la adhesi&oacute;n al paro del 10 de abril, dispuesto por la CGT y CTA opositoras. El secretario general de UTA Entre R&iacute;os, Juan Carlos Dittler, indic&oacute; que el lunes pr&oacute;ximo se realizar&aacute; una reuni&oacute;n [&hellip;]","og_url":"https:\/\/informelitoral.com.ar\/uta-define-el-lunes-si-adhiere-al-paro-del-10\/","og_site_name":"Informe Litoral","article_publisher":"https:\/\/www.facebook.com\/informelitoral\/","article_published_time":"2014-04-04T23:37:43+00:00","article_modified_time":"2014-04-04T23:40:40+00:00","og_image":[{"width":448,"height":285,"url":"https:\/\/informelitoral.com.ar\/%77%70%2d%63%6f%6e%74%65%6e%74\/uploads\/2013\/05\/uta.jpg","type":"image\/jpeg"}],"author":"Gonzalo Schmidt","twitter_card":"summary_large_image","twitter_creator":"@InformeLitoral","twitter_site":"@InformeLitoral","twitter_misc":{"Escrito por":"Gonzalo Schmidt","Tiempo de lectura":"1 minuto"},"schema":{"@context":"https:\/\/schema.org","@graph":[{"@type":"Article","@id":"https:\/\/informelitoral.com.ar\/uta-define-el-lunes-si-adhiere-al-paro-del-10\/#article","isPartOf":{"@id":"https:\/\/informelitoral.com.ar\/uta-define-el-lunes-si-adhiere-al-paro-del-10\/"},"author":{"name":"Gonzalo Schmidt","@id":"https:\/\/informelitoral.com.ar\/#\/schema\/person\/b9d00407c836482871ef1d57bf8e3180"},"headline":"UTA define el lunes si adhiere al paro del 10","datePublished":"2014-04-04T23:37:43+00:00","dateModified":"2014-04-04T23:40:40+00:00","mainEntityOfPage":{"@id":"https:\/\/informelitoral.com.ar\/uta-define-el-lunes-si-adhiere-al-paro-del-10\/"},"wordCount":241,"commentCount":0,"publisher":{"@id":"https:\/\/informelitoral.com.ar\/#organization"},"image":{"@id":"https:\/\/informelitoral.com.ar\/uta-define-el-lunes-si-adhiere-al-paro-del-10\/#primaryimage"},"thumbnailUrl":"http:\/\/www.isletasnoticias.com.ar\/%77%70%2d%63%6f%6e%74%65%6e%74\/uploads\/2013\/05\/uta-300x190.jpg","articleSection":["Entre R\u00edos"],"inLanguage":"es","potentialAction":[{"@type":"CommentAction","name":"Comment","target":["https:\/\/informelitoral.com.ar\/uta-define-el-lunes-si-adhiere-al-paro-del-10\/#respond"]}]},{"@type":"WebPage","@id":"https:\/\/informelitoral.com.ar\/uta-define-el-lunes-si-adhiere-al-paro-del-10\/","url":"https:\/\/informelitoral.com.ar\/uta-define-el-lunes-si-adhiere-al-paro-del-10\/","name":"UTA define el lunes si adhiere al paro del 10 - Informe Litoral","isPartOf":{"@id":"https:\/\/informelitoral.com.ar\/#website"},"primaryImageOfPage":{"@id":"https:\/\/informelitoral.com.ar\/uta-define-el-lunes-si-adhiere-al-paro-del-10\/#primaryimage"},"image":{"@id":"https:\/\/informelitoral.com.ar\/uta-define-el-lunes-si-adhiere-al-paro-del-10\/#primaryimage"},"thumbnailUrl":"http:\/\/www.isletasnoticias.com.ar\/%77%70%2d%63%6f%6e%74%65%6e%74\/uploads\/2013\/05\/uta-300x190.jpg","datePublished":"2014-04-04T23:37:43+00:00","dateModified":"2014-04-04T23:40:40+00:00","breadcrumb":{"@id":"https:\/\/informelitoral.com.ar\/uta-define-el-lunes-si-adhiere-al-paro-del-10\/#breadcrumb"},"inLanguage":"es","potentialAction":[{"@type":"ReadAction","target":["https:\/\/informelitoral.com.ar\/uta-define-el-lunes-si-adhiere-al-paro-del-10\/"]}]},{"@type":"ImageObject","inLanguage":"es","@id":"https:\/\/informelitoral.com.ar\/uta-define-el-lunes-si-adhiere-al-paro-del-10\/#primaryimage","url":"http:\/\/www.isletasnoticias.com.ar\/%77%70%2d%63%6f%6e%74%65%6e%74\/uploads\/2013\/05\/uta-300x190.jpg","contentUrl":"http:\/\/www.isletasnoticias.com.ar\/%77%70%2d%63%6f%6e%74%65%6e%74\/uploads\/2013\/05\/uta-300x190.jpg"},{"@type":"BreadcrumbList","@id":"https:\/\/informelitoral.com.ar\/uta-define-el-lunes-si-adhiere-al-paro-del-10\/#breadcrumb","itemListElement":[{"@type":"ListItem","position":1,"name":"Portada","item":"https:\/\/informelitoral.com.ar\/"},{"@type":"ListItem","position":2,"name":"UTA define el lunes si adhiere al paro del 10"}]},{"@type":"WebSite","@id":"https:\/\/informelitoral.com.ar\/#website","url":"https:\/\/informelitoral.com.ar\/","name":"Informe Litoral","description":"&quot;Nos informamos&quot; ","publisher":{"@id":"https:\/\/informelitoral.com.ar\/#organization"},"potentialAction":[{"@type":"SearchAction","target":{"@type":"EntryPoint","urlTemplate":"https:\/\/informelitoral.com.ar\/?s={search_term_string}"},"query-input":{"@type":"PropertyValueSpecification","valueRequired":true,"valueName":"search_term_string"}}],"inLanguage":"es"},{"@type":"Organization","@id":"https:\/\/informelitoral.com.ar\/#organization","name":"Informe Litoral","url":"https:\/\/informelitoral.com.ar\/","logo":{"@type":"ImageObject","inLanguage":"es","@id":"https:\/\/informelitoral.com.ar\/#\/schema\/logo\/image\/","url":"https:\/\/informelitoral.com.ar\/%77%70%2d%63%6f%6e%74%65%6e%74\/uploads\/2021\/01\/circulo.png","contentUrl":"https:\/\/informelitoral.com.ar\/%77%70%2d%63%6f%6e%74%65%6e%74\/uploads\/2021\/01\/circulo.png","width":723,"height":731,"caption":"Informe Litoral"},"image":{"@id":"https:\/\/informelitoral.com.ar\/#\/schema\/logo\/image\/"},"sameAs":["https:\/\/www.facebook.com\/informelitoral\/","https:\/\/x.com\/InformeLitoral","https:\/\/www.instagram.com\/informelitoral\/","https:\/\/www.youtube.com\/channel\/UCua4Qvz8Icb6MYqhoq9xLXw"]},{"@type":"Person","@id":"https:\/\/informelitoral.com.ar\/#\/schema\/person\/b9d00407c836482871ef1d57bf8e3180","name":"Gonzalo Schmidt","image":{"@type":"ImageObject","inLanguage":"es","@id":"https:\/\/secure.gravatar.com\/avatar\/31a1a7b66ff2de83bd0e9fd79d026630d2d99e55e8bfe501287647b4fd9743de?s=96&d=mm&r=g","url":"https:\/\/secure.gravatar.com\/avatar\/31a1a7b66ff2de83bd0e9fd79d026630d2d99e55e8bfe501287647b4fd9743de?s=96&d=mm&r=g","contentUrl":"https:\/\/secure.gravatar.com\/avatar\/31a1a7b66ff2de83bd0e9fd79d026630d2d99e55e8bfe501287647b4fd9743de?s=96&d=mm&r=g","caption":"Gonzalo Schmidt"},"description":"Sitio web de noticias de la provincia de Entre R\u00edos, Argentina. Informaci\u00f3n y entretenimiento. Informe Litoral, nos informamos.","sameAs":["http:\/\/www.isletasnoticias.com.ar"],"url":"https:\/\/informelitoral.com.ar\/author\/gonzalo\/"}]}},"_links":{"self":[{"href":"https:\/\/informelitoral.com.ar\/%77%70%2d%6a%73%6f%6e\/wp\/v2\/posts\/6430","targetHints":{"allow":["GET"]}}],"collection":[{"href":"https:\/\/informelitoral.com.ar\/%77%70%2d%6a%73%6f%6e\/wp\/v2\/posts"}],"about":[{"href":"https:\/\/informelitoral.com.ar\/%77%70%2d%6a%73%6f%6e\/wp\/v2\/types\/post"}],"author":[{"embeddable":true,"href":"https:\/\/informelitoral.com.ar\/%77%70%2d%6a%73%6f%6e\/wp\/v2\/users\/2"}],"replies":[{"embeddable":true,"href":"https:\/\/informelitoral.com.ar\/%77%70%2d%6a%73%6f%6e\/wp\/v2\/comments?post=6430"}],"version-history":[{"count":0,"href":"https:\/\/informelitoral.com.ar\/%77%70%2d%6a%73%6f%6e\/wp\/v2\/posts\/6430\/revisions"}],"wp:attachment":[{"href":"https:\/\/informelitoral.com.ar\/%77%70%2d%6a%73%6f%6e\/wp\/v2\/media?parent=6430"}],"wp:term":[{"taxonomy":"category","embeddable":true,"href":"https:\/\/informelitoral.com.ar\/%77%70%2d%6a%73%6f%6e\/wp\/v2\/categories?post=6430"},{"taxonomy":"post_tag","embeddable":true,"href":"https:\/\/informelitoral.com.ar\/%77%70%2d%6a%73%6f%6e\/wp\/v2\/tags?post=6430"}],"curies":[{"name":"wp","href":"https:\/\/api.w.org\/{rel}","templated":true}]}}