{"id":6424,"date":"2014-04-04T20:28:57","date_gmt":"2014-04-04T23:28:57","guid":{"rendered":"http:\/\/www.isletasnoticias.com.ar\/?p=6424"},"modified":"2014-04-04T20:28:57","modified_gmt":"2014-04-04T23:28:57","slug":"la-produccion-de-automotores-cayo-262-por-ciento-en-marzo","status":"publish","type":"post","link":"https:\/\/informelitoral.com.ar\/la-produccion-de-automotores-cayo-262-por-ciento-en-marzo\/","title":{"rendered":"La producci\u00f3n de automotores cay\u00f3 26,2 por ciento en marzo"},"content":{"rendered":"<p style=\"text-align: left;\"><strong>El conjunto de terminales nucleadas en Adefa fabric\u00f3 el \u00faltimo mes 58.319 unidades. La fuerte ca\u00edda se vincul\u00f3 a la retracci\u00f3n de la demanda interna y externa. Tambi\u00e9n gravitaron conflictos gremiales en algunos autopartistas.<a href=\"http:\/\/www.isletasnoticias.com.ar\/%77%70%2d%63%6f%6e%74%65%6e%74\/uploads\/2014\/04\/autos.jpg\"><img loading=\"lazy\" decoding=\"async\" class=\"aligncenter  wp-image-6425\" alt=\"autos\" src=\"http:\/\/www.isletasnoticias.com.ar\/%77%70%2d%63%6f%6e%74%65%6e%74\/uploads\/2014\/04\/autos-300x168.jpg\" width=\"500\" height=\"300\" \/><\/a><\/strong><\/p>\n<p>La mayor\u00a0contracci\u00f3n de la actividad se localiz\u00f3 en el segmento de los autom\u00f3viles, porque fue el alcanzado por el aumento de la presi\u00f3n tributaria\u00a0a la franja de alta y media gama: cay\u00f3 30,6%. Pero tambi\u00e9n disminuy\u00f3 la fabricaci\u00f3n de veh\u00edculos comerciales: 17% los livianos y 13,9% los pesados, como camiones y buses.<\/p>\n<p>Claramente, el rajuste de diversas variables a partir de enero, como el tipo de cambio, el costo del dinero, los impuestos y la pol\u00edtica de pago de importaciones, no s\u00f3lo de bienes de uso final, sino tambi\u00e9n de partes, repuestos y equipamiento de las plantas,\u00a0afect\u00f3 tanto la demanda de consumo, como de inversi\u00f3n.<\/p>\n<p>\u00abDel total producido,\u00a0aproximadamente 50% se destin\u00f3 al mercado externo, 28.787 unidades, un 30,8% menos en su comparaci\u00f3n con un a\u00f1o antes\u00bb, indic\u00f3 el informe mensual de Adefa.<\/p>\n<p>En relaci\u00f3n a\u00a0las ventas mayoristas, el sector comercializ\u00f3 49.747 unidades a la red de concesionarios, de las cuales el 47% correspondieron a modelos de producci\u00f3n\u00a0\u00a0nacional.\u00a0Este registro se ubic\u00f3 un\u00a035,5% por debajo de las ventas del mismo mes del 2013\u00a0y 9,2% respecto de las 54.793 unidades que se entregaron en febrero pasado.<\/p>\n<p>En el\u00a0acumulado del primer trimestre, el sector automotor registra una contracci\u00f3n en sus principales variables: produjo 147.416 veh\u00edculos, un 16,2%\u00a0menos que en similar tramo del a\u00f1o anterior.<\/p>\n<p>Asimismo,\u00a0las terminales automotrices exportaron 74.348 unidades, un 17,8% por debajo de las 90.432 unidades que se enviaron a diversos mercados entre enero y marzo de 2013. El comportamiento de las exportaciones en el primer trimestre se explica principalmente por la menor demanda de\u00a0Brasil\u00a0y otros destinos como Uruguay, Chile y Europa.<\/p>\n<p>Mientras que las\u00a0entregas a la red de concesionarios descendieron 151.306 unidades, un 25,4% menos\u00a0que las 202.951 unidades que se comercializaron en el primer trimestre del a\u00f1o anterior.<\/p>\n<p>\u00abLa baja registrada en producci\u00f3n\u00a0automotriz\u00a0estuvo asociada principalmente a una contracci\u00f3n tanto de la demanda en el mercado local como el externo. Tambi\u00e9n afect\u00f3 negativamente los diferentes conflictos que se generaron al interior de algunos proveedores que derivaron en paradas de plantas en los mismos, alterando el normal funcionamiento de varias de las terminales asociadas\u00bb, indica el an\u00e1lisis de Adefa.<\/p>\n<p>Con el\u00a0\u00a0balance trimestral<i>,\u00a0<\/i>el presidente de Adefa, Enrique Alema\u00f1y<i>,\u00a0<\/i>consider\u00f3 que \u00ablos n\u00fameros ponen de manifiesto la necesidad de continuar trabajando en la mejora de competitividad y acelerar las gestiones para alcanzar una mayor apertura hacia nuevos mercados ampliando el potencial de producci\u00f3n local\u00bb.<\/p>\n<p><strong>Super\u00e1vit comercial<\/strong><\/p>\n<p>Un logro a lo Pirro del Gobierno nacional fue que con la suba de los impuestos internos para los automotores de alta y media gama, principalmente importados, y la demora en las autorizaciones de las Declaraciones Juradas de Necesidades de Importaci\u00f3n. fue que eld\u00e9ficit comercial cr\u00f3nico del mercado terminal se transform\u00f3 en superavitario en marzo: pas\u00f3 de un rojo de 1.162 m\u00e1quinas un a\u00f1o atr\u00e1s a un saldo positivo de 2.567 unidades. De todas formas, el trimestre\u00a0\u00a0fue negativo en 16.136 automotores.<\/p>\n<p>La mala noticia fue que\u00a0las exportaciones globales declinaron 30,8% en el mes y 17,8% en el trimestre, pese a la fuerte devaluaci\u00f3n del peso,\u00a0con ca\u00eddas significativas en mercados que se estaban conquistando para reducir la denominada Brasil-dependencia.<\/p>\n<p>Los\u00a0despachos al mayor socio del Mercosur disminuyeron, en la suma del trimestre, 16,9%, mientras que a Centro Am\u00e9rica se derrumbaron 57,7%, al ahoro vigoroso Per\u00fa 88,2%, a Uruguay 50,5% y a Chile 37,4%. En menor medida bajaron los env\u00edos a Europa, M\u00e9xico y Colombia.<\/p>\n<p>Las excepciones fueron los incrementos de los negocios con Ecuador 240%, aunque con una incidencia m\u00ednima, 0,2% del total y Paraguay 37,7%\u00a0a 1% del total, consign\u00f3<em> Infobae.<\/em><\/p>\n","protected":false},"excerpt":{"rendered":"<p>El conjunto de terminales nucleadas en Adefa fabric&oacute; el &uacute;ltimo mes 58.319 unidades. La fuerte ca&iacute;da se vincul&oacute; a la retracci&oacute;n de la demanda interna y externa. Tambi&eacute;n gravitaron conflictos gremiales en algunos autopartistas. La mayor&nbsp;contracci&oacute;n de la actividad se localiz&oacute; en el segmento de los autom&oacute;viles, porque fue el alcanzado por el aumento de [&hellip;]<\/p>\n","protected":false},"author":2,"featured_media":0,"comment_status":"open","ping_status":"open","sticky":false,"template":"","format":"standard","meta":{"fifu_image_url":"","fifu_image_alt":"","footnotes":""},"categories":[7],"tags":[],"class_list":{"0":"post-6424","1":"post","2":"type-post","3":"status-publish","4":"format-standard","6":"category-nacionales"},"yoast_head":"<title>La producci\u00f3n de automotores cay\u00f3 26,2 por ciento en marzo - Informe Litoral<\/title>\n<meta name=\"robots\" content=\"index, follow, max-snippet:-1, max-image-preview:large, max-video-preview:-1\" \/>\n<link rel=\"canonical\" href=\"https:\/\/informelitoral.com.ar\/la-produccion-de-automotores-cayo-262-por-ciento-en-marzo\/\" \/>\n<meta property=\"og:locale\" content=\"es_ES\" \/>\n<meta property=\"og:type\" content=\"article\" \/>\n<meta property=\"og:title\" content=\"La producci\u00f3n de automotores cay\u00f3 26,2 por ciento en marzo - Informe Litoral\" \/>\n<meta property=\"og:description\" content=\"El conjunto de terminales nucleadas en Adefa fabric&oacute; el &uacute;ltimo mes 58.319 unidades. La fuerte ca&iacute;da se vincul&oacute; a la retracci&oacute;n de la demanda interna y externa. Tambi&eacute;n gravitaron conflictos gremiales en algunos autopartistas. La mayor&nbsp;contracci&oacute;n de la actividad se localiz&oacute; en el segmento de los autom&oacute;viles, porque fue el alcanzado por el aumento de [&hellip;]\" \/>\n<meta property=\"og:url\" content=\"https:\/\/informelitoral.com.ar\/la-produccion-de-automotores-cayo-262-por-ciento-en-marzo\/\" \/>\n<meta property=\"og:site_name\" content=\"Informe Litoral\" \/>\n<meta property=\"article:publisher\" content=\"https:\/\/www.facebook.com\/informelitoral\/\" \/>\n<meta property=\"article:published_time\" content=\"2014-04-04T23:28:57+00:00\" \/>\n<meta property=\"og:image\" content=\"https:\/\/informelitoral.com.ar\/%77%70%2d%63%6f%6e%74%65%6e%74\/uploads\/2014\/04\/autos.jpg\" \/>\n\t<meta property=\"og:image:width\" content=\"770\" \/>\n\t<meta property=\"og:image:height\" content=\"433\" \/>\n\t<meta property=\"og:image:type\" content=\"image\/jpeg\" \/>\n<meta name=\"author\" content=\"Gonzalo Schmidt\" \/>\n<meta name=\"twitter:card\" content=\"summary_large_image\" \/>\n<meta name=\"twitter:creator\" content=\"@InformeLitoral\" \/>\n<meta name=\"twitter:site\" content=\"@InformeLitoral\" \/>\n<meta name=\"twitter:label1\" content=\"Escrito por\" \/>\n\t<meta name=\"twitter:data1\" content=\"Gonzalo Schmidt\" \/>\n\t<meta name=\"twitter:label2\" content=\"Tiempo de lectura\" \/>\n\t<meta name=\"twitter:data2\" content=\"3 minutos\" \/>\n<script type=\"application\/ld+json\" class=\"yoast-schema-graph\">{\"@context\":\"https:\\\/\\\/schema.org\",\"@graph\":[{\"@type\":\"Article\",\"@id\":\"https:\\\/\\\/informelitoral.com.ar\\\/la-produccion-de-automotores-cayo-262-por-ciento-en-marzo\\\/#article\",\"isPartOf\":{\"@id\":\"https:\\\/\\\/informelitoral.com.ar\\\/la-produccion-de-automotores-cayo-262-por-ciento-en-marzo\\\/\"},\"author\":{\"name\":\"Gonzalo Schmidt\",\"@id\":\"https:\\\/\\\/informelitoral.com.ar\\\/#\\\/schema\\\/person\\\/b9d00407c836482871ef1d57bf8e3180\"},\"headline\":\"La producci\u00f3n de automotores cay\u00f3 26,2 por ciento en marzo\",\"datePublished\":\"2014-04-04T23:28:57+00:00\",\"mainEntityOfPage\":{\"@id\":\"https:\\\/\\\/informelitoral.com.ar\\\/la-produccion-de-automotores-cayo-262-por-ciento-en-marzo\\\/\"},\"wordCount\":654,\"commentCount\":0,\"publisher\":{\"@id\":\"https:\\\/\\\/informelitoral.com.ar\\\/#organization\"},\"image\":{\"@id\":\"https:\\\/\\\/informelitoral.com.ar\\\/la-produccion-de-automotores-cayo-262-por-ciento-en-marzo\\\/#primaryimage\"},\"thumbnailUrl\":\"http:\\\/\\\/www.isletasnoticias.com.ar\\\/%77%70%2d%63%6f%6e%74%65%6e%74\\\/uploads\\\/2014\\\/04\\\/autos-300x168.jpg\",\"articleSection\":[\"Nacionales\"],\"inLanguage\":\"es\",\"potentialAction\":[{\"@type\":\"CommentAction\",\"name\":\"Comment\",\"target\":[\"https:\\\/\\\/informelitoral.com.ar\\\/la-produccion-de-automotores-cayo-262-por-ciento-en-marzo\\\/#respond\"]}]},{\"@type\":\"WebPage\",\"@id\":\"https:\\\/\\\/informelitoral.com.ar\\\/la-produccion-de-automotores-cayo-262-por-ciento-en-marzo\\\/\",\"url\":\"https:\\\/\\\/informelitoral.com.ar\\\/la-produccion-de-automotores-cayo-262-por-ciento-en-marzo\\\/\",\"name\":\"La producci\u00f3n de automotores cay\u00f3 26,2 por ciento en marzo - Informe Litoral\",\"isPartOf\":{\"@id\":\"https:\\\/\\\/informelitoral.com.ar\\\/#website\"},\"primaryImageOfPage\":{\"@id\":\"https:\\\/\\\/informelitoral.com.ar\\\/la-produccion-de-automotores-cayo-262-por-ciento-en-marzo\\\/#primaryimage\"},\"image\":{\"@id\":\"https:\\\/\\\/informelitoral.com.ar\\\/la-produccion-de-automotores-cayo-262-por-ciento-en-marzo\\\/#primaryimage\"},\"thumbnailUrl\":\"http:\\\/\\\/www.isletasnoticias.com.ar\\\/%77%70%2d%63%6f%6e%74%65%6e%74\\\/uploads\\\/2014\\\/04\\\/autos-300x168.jpg\",\"datePublished\":\"2014-04-04T23:28:57+00:00\",\"breadcrumb\":{\"@id\":\"https:\\\/\\\/informelitoral.com.ar\\\/la-produccion-de-automotores-cayo-262-por-ciento-en-marzo\\\/#breadcrumb\"},\"inLanguage\":\"es\",\"potentialAction\":[{\"@type\":\"ReadAction\",\"target\":[\"https:\\\/\\\/informelitoral.com.ar\\\/la-produccion-de-automotores-cayo-262-por-ciento-en-marzo\\\/\"]}]},{\"@type\":\"ImageObject\",\"inLanguage\":\"es\",\"@id\":\"https:\\\/\\\/informelitoral.com.ar\\\/la-produccion-de-automotores-cayo-262-por-ciento-en-marzo\\\/#primaryimage\",\"url\":\"http:\\\/\\\/www.isletasnoticias.com.ar\\\/%77%70%2d%63%6f%6e%74%65%6e%74\\\/uploads\\\/2014\\\/04\\\/autos-300x168.jpg\",\"contentUrl\":\"http:\\\/\\\/www.isletasnoticias.com.ar\\\/%77%70%2d%63%6f%6e%74%65%6e%74\\\/uploads\\\/2014\\\/04\\\/autos-300x168.jpg\"},{\"@type\":\"BreadcrumbList\",\"@id\":\"https:\\\/\\\/informelitoral.com.ar\\\/la-produccion-de-automotores-cayo-262-por-ciento-en-marzo\\\/#breadcrumb\",\"itemListElement\":[{\"@type\":\"ListItem\",\"position\":1,\"name\":\"Portada\",\"item\":\"https:\\\/\\\/informelitoral.com.ar\\\/\"},{\"@type\":\"ListItem\",\"position\":2,\"name\":\"La producci\u00f3n de automotores cay\u00f3 26,2 por ciento en marzo\"}]},{\"@type\":\"WebSite\",\"@id\":\"https:\\\/\\\/informelitoral.com.ar\\\/#website\",\"url\":\"https:\\\/\\\/informelitoral.com.ar\\\/\",\"name\":\"Informe Litoral\",\"description\":\"&quot;Nos informamos&quot; \",\"publisher\":{\"@id\":\"https:\\\/\\\/informelitoral.com.ar\\\/#organization\"},\"potentialAction\":[{\"@type\":\"SearchAction\",\"target\":{\"@type\":\"EntryPoint\",\"urlTemplate\":\"https:\\\/\\\/informelitoral.com.ar\\\/?s={search_term_string}\"},\"query-input\":{\"@type\":\"PropertyValueSpecification\",\"valueRequired\":true,\"valueName\":\"search_term_string\"}}],\"inLanguage\":\"es\"},{\"@type\":\"Organization\",\"@id\":\"https:\\\/\\\/informelitoral.com.ar\\\/#organization\",\"name\":\"Informe Litoral\",\"url\":\"https:\\\/\\\/informelitoral.com.ar\\\/\",\"logo\":{\"@type\":\"ImageObject\",\"inLanguage\":\"es\",\"@id\":\"https:\\\/\\\/informelitoral.com.ar\\\/#\\\/schema\\\/logo\\\/image\\\/\",\"url\":\"https:\\\/\\\/informelitoral.com.ar\\\/%77%70%2d%63%6f%6e%74%65%6e%74\\\/uploads\\\/2021\\\/01\\\/circulo.png\",\"contentUrl\":\"https:\\\/\\\/informelitoral.com.ar\\\/%77%70%2d%63%6f%6e%74%65%6e%74\\\/uploads\\\/2021\\\/01\\\/circulo.png\",\"width\":723,\"height\":731,\"caption\":\"Informe Litoral\"},\"image\":{\"@id\":\"https:\\\/\\\/informelitoral.com.ar\\\/#\\\/schema\\\/logo\\\/image\\\/\"},\"sameAs\":[\"https:\\\/\\\/www.facebook.com\\\/informelitoral\\\/\",\"https:\\\/\\\/x.com\\\/InformeLitoral\",\"https:\\\/\\\/www.instagram.com\\\/informelitoral\\\/\",\"https:\\\/\\\/www.youtube.com\\\/channel\\\/UCua4Qvz8Icb6MYqhoq9xLXw\"]},{\"@type\":\"Person\",\"@id\":\"https:\\\/\\\/informelitoral.com.ar\\\/#\\\/schema\\\/person\\\/b9d00407c836482871ef1d57bf8e3180\",\"name\":\"Gonzalo Schmidt\",\"image\":{\"@type\":\"ImageObject\",\"inLanguage\":\"es\",\"@id\":\"https:\\\/\\\/secure.gravatar.com\\\/avatar\\\/31a1a7b66ff2de83bd0e9fd79d026630d2d99e55e8bfe501287647b4fd9743de?s=96&d=mm&r=g\",\"url\":\"https:\\\/\\\/secure.gravatar.com\\\/avatar\\\/31a1a7b66ff2de83bd0e9fd79d026630d2d99e55e8bfe501287647b4fd9743de?s=96&d=mm&r=g\",\"contentUrl\":\"https:\\\/\\\/secure.gravatar.com\\\/avatar\\\/31a1a7b66ff2de83bd0e9fd79d026630d2d99e55e8bfe501287647b4fd9743de?s=96&d=mm&r=g\",\"caption\":\"Gonzalo Schmidt\"},\"description\":\"Sitio web de noticias de la provincia de Entre R\u00edos, Argentina. Informaci\u00f3n y entretenimiento. Informe Litoral, nos informamos.\",\"sameAs\":[\"http:\\\/\\\/www.isletasnoticias.com.ar\"],\"url\":\"https:\\\/\\\/informelitoral.com.ar\\\/author\\\/gonzalo\\\/\"}]}<\/script>","yoast_head_json":{"title":"La producci\u00f3n de automotores cay\u00f3 26,2 por ciento en marzo - Informe Litoral","robots":{"index":"index","follow":"follow","max-snippet":"max-snippet:-1","max-image-preview":"max-image-preview:large","max-video-preview":"max-video-preview:-1"},"canonical":"https:\/\/informelitoral.com.ar\/la-produccion-de-automotores-cayo-262-por-ciento-en-marzo\/","og_locale":"es_ES","og_type":"article","og_title":"La producci\u00f3n de automotores cay\u00f3 26,2 por ciento en marzo - Informe Litoral","og_description":"El conjunto de terminales nucleadas en Adefa fabric&oacute; el &uacute;ltimo mes 58.319 unidades. La fuerte ca&iacute;da se vincul&oacute; a la retracci&oacute;n de la demanda interna y externa. Tambi&eacute;n gravitaron conflictos gremiales en algunos autopartistas. La mayor&nbsp;contracci&oacute;n de la actividad se localiz&oacute; en el segmento de los autom&oacute;viles, porque fue el alcanzado por el aumento de [&hellip;]","og_url":"https:\/\/informelitoral.com.ar\/la-produccion-de-automotores-cayo-262-por-ciento-en-marzo\/","og_site_name":"Informe Litoral","article_publisher":"https:\/\/www.facebook.com\/informelitoral\/","article_published_time":"2014-04-04T23:28:57+00:00","og_image":[{"width":770,"height":433,"url":"https:\/\/informelitoral.com.ar\/%77%70%2d%63%6f%6e%74%65%6e%74\/uploads\/2014\/04\/autos.jpg","type":"image\/jpeg"}],"author":"Gonzalo Schmidt","twitter_card":"summary_large_image","twitter_creator":"@InformeLitoral","twitter_site":"@InformeLitoral","twitter_misc":{"Escrito por":"Gonzalo Schmidt","Tiempo de lectura":"3 minutos"},"schema":{"@context":"https:\/\/schema.org","@graph":[{"@type":"Article","@id":"https:\/\/informelitoral.com.ar\/la-produccion-de-automotores-cayo-262-por-ciento-en-marzo\/#article","isPartOf":{"@id":"https:\/\/informelitoral.com.ar\/la-produccion-de-automotores-cayo-262-por-ciento-en-marzo\/"},"author":{"name":"Gonzalo Schmidt","@id":"https:\/\/informelitoral.com.ar\/#\/schema\/person\/b9d00407c836482871ef1d57bf8e3180"},"headline":"La producci\u00f3n de automotores cay\u00f3 26,2 por ciento en marzo","datePublished":"2014-04-04T23:28:57+00:00","mainEntityOfPage":{"@id":"https:\/\/informelitoral.com.ar\/la-produccion-de-automotores-cayo-262-por-ciento-en-marzo\/"},"wordCount":654,"commentCount":0,"publisher":{"@id":"https:\/\/informelitoral.com.ar\/#organization"},"image":{"@id":"https:\/\/informelitoral.com.ar\/la-produccion-de-automotores-cayo-262-por-ciento-en-marzo\/#primaryimage"},"thumbnailUrl":"http:\/\/www.isletasnoticias.com.ar\/%77%70%2d%63%6f%6e%74%65%6e%74\/uploads\/2014\/04\/autos-300x168.jpg","articleSection":["Nacionales"],"inLanguage":"es","potentialAction":[{"@type":"CommentAction","name":"Comment","target":["https:\/\/informelitoral.com.ar\/la-produccion-de-automotores-cayo-262-por-ciento-en-marzo\/#respond"]}]},{"@type":"WebPage","@id":"https:\/\/informelitoral.com.ar\/la-produccion-de-automotores-cayo-262-por-ciento-en-marzo\/","url":"https:\/\/informelitoral.com.ar\/la-produccion-de-automotores-cayo-262-por-ciento-en-marzo\/","name":"La producci\u00f3n de automotores cay\u00f3 26,2 por ciento en marzo - Informe Litoral","isPartOf":{"@id":"https:\/\/informelitoral.com.ar\/#website"},"primaryImageOfPage":{"@id":"https:\/\/informelitoral.com.ar\/la-produccion-de-automotores-cayo-262-por-ciento-en-marzo\/#primaryimage"},"image":{"@id":"https:\/\/informelitoral.com.ar\/la-produccion-de-automotores-cayo-262-por-ciento-en-marzo\/#primaryimage"},"thumbnailUrl":"http:\/\/www.isletasnoticias.com.ar\/%77%70%2d%63%6f%6e%74%65%6e%74\/uploads\/2014\/04\/autos-300x168.jpg","datePublished":"2014-04-04T23:28:57+00:00","breadcrumb":{"@id":"https:\/\/informelitoral.com.ar\/la-produccion-de-automotores-cayo-262-por-ciento-en-marzo\/#breadcrumb"},"inLanguage":"es","potentialAction":[{"@type":"ReadAction","target":["https:\/\/informelitoral.com.ar\/la-produccion-de-automotores-cayo-262-por-ciento-en-marzo\/"]}]},{"@type":"ImageObject","inLanguage":"es","@id":"https:\/\/informelitoral.com.ar\/la-produccion-de-automotores-cayo-262-por-ciento-en-marzo\/#primaryimage","url":"http:\/\/www.isletasnoticias.com.ar\/%77%70%2d%63%6f%6e%74%65%6e%74\/uploads\/2014\/04\/autos-300x168.jpg","contentUrl":"http:\/\/www.isletasnoticias.com.ar\/%77%70%2d%63%6f%6e%74%65%6e%74\/uploads\/2014\/04\/autos-300x168.jpg"},{"@type":"BreadcrumbList","@id":"https:\/\/informelitoral.com.ar\/la-produccion-de-automotores-cayo-262-por-ciento-en-marzo\/#breadcrumb","itemListElement":[{"@type":"ListItem","position":1,"name":"Portada","item":"https:\/\/informelitoral.com.ar\/"},{"@type":"ListItem","position":2,"name":"La producci\u00f3n de automotores cay\u00f3 26,2 por ciento en marzo"}]},{"@type":"WebSite","@id":"https:\/\/informelitoral.com.ar\/#website","url":"https:\/\/informelitoral.com.ar\/","name":"Informe Litoral","description":"&quot;Nos informamos&quot; ","publisher":{"@id":"https:\/\/informelitoral.com.ar\/#organization"},"potentialAction":[{"@type":"SearchAction","target":{"@type":"EntryPoint","urlTemplate":"https:\/\/informelitoral.com.ar\/?s={search_term_string}"},"query-input":{"@type":"PropertyValueSpecification","valueRequired":true,"valueName":"search_term_string"}}],"inLanguage":"es"},{"@type":"Organization","@id":"https:\/\/informelitoral.com.ar\/#organization","name":"Informe Litoral","url":"https:\/\/informelitoral.com.ar\/","logo":{"@type":"ImageObject","inLanguage":"es","@id":"https:\/\/informelitoral.com.ar\/#\/schema\/logo\/image\/","url":"https:\/\/informelitoral.com.ar\/%77%70%2d%63%6f%6e%74%65%6e%74\/uploads\/2021\/01\/circulo.png","contentUrl":"https:\/\/informelitoral.com.ar\/%77%70%2d%63%6f%6e%74%65%6e%74\/uploads\/2021\/01\/circulo.png","width":723,"height":731,"caption":"Informe Litoral"},"image":{"@id":"https:\/\/informelitoral.com.ar\/#\/schema\/logo\/image\/"},"sameAs":["https:\/\/www.facebook.com\/informelitoral\/","https:\/\/x.com\/InformeLitoral","https:\/\/www.instagram.com\/informelitoral\/","https:\/\/www.youtube.com\/channel\/UCua4Qvz8Icb6MYqhoq9xLXw"]},{"@type":"Person","@id":"https:\/\/informelitoral.com.ar\/#\/schema\/person\/b9d00407c836482871ef1d57bf8e3180","name":"Gonzalo Schmidt","image":{"@type":"ImageObject","inLanguage":"es","@id":"https:\/\/secure.gravatar.com\/avatar\/31a1a7b66ff2de83bd0e9fd79d026630d2d99e55e8bfe501287647b4fd9743de?s=96&d=mm&r=g","url":"https:\/\/secure.gravatar.com\/avatar\/31a1a7b66ff2de83bd0e9fd79d026630d2d99e55e8bfe501287647b4fd9743de?s=96&d=mm&r=g","contentUrl":"https:\/\/secure.gravatar.com\/avatar\/31a1a7b66ff2de83bd0e9fd79d026630d2d99e55e8bfe501287647b4fd9743de?s=96&d=mm&r=g","caption":"Gonzalo Schmidt"},"description":"Sitio web de noticias de la provincia de Entre R\u00edos, Argentina. Informaci\u00f3n y entretenimiento. Informe Litoral, nos informamos.","sameAs":["http:\/\/www.isletasnoticias.com.ar"],"url":"https:\/\/informelitoral.com.ar\/author\/gonzalo\/"}]}},"_links":{"self":[{"href":"https:\/\/informelitoral.com.ar\/%77%70%2d%6a%73%6f%6e\/wp\/v2\/posts\/6424","targetHints":{"allow":["GET"]}}],"collection":[{"href":"https:\/\/informelitoral.com.ar\/%77%70%2d%6a%73%6f%6e\/wp\/v2\/posts"}],"about":[{"href":"https:\/\/informelitoral.com.ar\/%77%70%2d%6a%73%6f%6e\/wp\/v2\/types\/post"}],"author":[{"embeddable":true,"href":"https:\/\/informelitoral.com.ar\/%77%70%2d%6a%73%6f%6e\/wp\/v2\/users\/2"}],"replies":[{"embeddable":true,"href":"https:\/\/informelitoral.com.ar\/%77%70%2d%6a%73%6f%6e\/wp\/v2\/comments?post=6424"}],"version-history":[{"count":0,"href":"https:\/\/informelitoral.com.ar\/%77%70%2d%6a%73%6f%6e\/wp\/v2\/posts\/6424\/revisions"}],"wp:attachment":[{"href":"https:\/\/informelitoral.com.ar\/%77%70%2d%6a%73%6f%6e\/wp\/v2\/media?parent=6424"}],"wp:term":[{"taxonomy":"category","embeddable":true,"href":"https:\/\/informelitoral.com.ar\/%77%70%2d%6a%73%6f%6e\/wp\/v2\/categories?post=6424"},{"taxonomy":"post_tag","embeddable":true,"href":"https:\/\/informelitoral.com.ar\/%77%70%2d%6a%73%6f%6e\/wp\/v2\/tags?post=6424"}],"curies":[{"name":"wp","href":"https:\/\/api.w.org\/{rel}","templated":true}]}}