{"id":64208,"date":"2021-08-25T20:13:55","date_gmt":"2021-08-25T23:13:55","guid":{"rendered":"https:\/\/www.informelitoral.com.ar\/?p=64208"},"modified":"2021-08-25T20:18:33","modified_gmt":"2021-08-25T23:18:33","slug":"destacan-a-maratonistas-de-aranguren-y-anuncian-una-maraton-en-la-localidad","status":"publish","type":"post","link":"https:\/\/informelitoral.com.ar\/destacan-a-maratonistas-de-aranguren-y-anuncian-una-maraton-en-la-localidad\/","title":{"rendered":"Destacan a maratonistas de Aranguren y anuncian una marat\u00f3n en la localidad"},"content":{"rendered":"<p>Representantes de la localidad de<strong> Aranguren<\/strong> estuvieron presentes en la primera fecha del <strong>campeonato AMAE (asociaci\u00f3n Master de corredores entrerrianos<\/strong>) que se corri\u00f3 en <strong>Paran\u00e1<\/strong>, desde el balneario Thompson, incluyendo la costanera.<\/p>\n<p><a href=\"https:\/\/www.informelitoral.com.ar\/%77%70%2d%63%6f%6e%74%65%6e%74\/uploads\/2021\/08\/239480790_1120309361827639_4411423219816384456_n.jpg\"><img loading=\"lazy\" decoding=\"async\" class=\"aligncenter wp-image-64209 size-full\" src=\"https:\/\/www.informelitoral.com.ar\/%77%70%2d%63%6f%6e%74%65%6e%74\/uploads\/2021\/08\/239480790_1120309361827639_4411423219816384456_n.jpg\" alt=\"\" width=\"600\" height=\"277\" srcset=\"https:\/\/informelitoral.com.ar\/%77%70%2d%63%6f%6e%74%65%6e%74\/uploads\/2021\/08\/239480790_1120309361827639_4411423219816384456_n.jpg 600w, https:\/\/informelitoral.com.ar\/%77%70%2d%63%6f%6e%74%65%6e%74\/uploads\/2021\/08\/239480790_1120309361827639_4411423219816384456_n-300x139.jpg 300w\" sizes=\"auto, (max-width: 600px) 100vw, 600px\" \/><\/a>Participaron de la competencia,<strong> Ariel Bill<\/strong> que<em> corri\u00f3 10 kil\u00f3metros y qued\u00f3 en el octavo puesto de la general y primer puesto de su categor\u00eda (35 a 39 a\u00f1os) con 37 minutos\u00a0y 43 segundos,<\/em> y <strong>Rocio Balbi<\/strong> qui\u00e9n<em> corri\u00f3 5 kil\u00f3metros y qued\u00f3 en sexto puesto de la general de damas con un tiempo de 26 minutos\u00a0y 46 segundos.<\/em><\/p>\n<p><a href=\"https:\/\/www.informelitoral.com.ar\/%77%70%2d%63%6f%6e%74%65%6e%74\/uploads\/2021\/08\/240158488_1120309435160965_600790685792048376_n.jpg\"><img loading=\"lazy\" decoding=\"async\" class=\"aligncenter wp-image-64211 size-large\" src=\"https:\/\/www.informelitoral.com.ar\/%77%70%2d%63%6f%6e%74%65%6e%74\/uploads\/2021\/08\/240158488_1120309435160965_600790685792048376_n-683x1024.jpg\" alt=\"\" width=\"683\" height=\"1024\" srcset=\"https:\/\/informelitoral.com.ar\/%77%70%2d%63%6f%6e%74%65%6e%74\/uploads\/2021\/08\/240158488_1120309435160965_600790685792048376_n-683x1024.jpg 683w, https:\/\/informelitoral.com.ar\/%77%70%2d%63%6f%6e%74%65%6e%74\/uploads\/2021\/08\/240158488_1120309435160965_600790685792048376_n-200x300.jpg 200w, https:\/\/informelitoral.com.ar\/%77%70%2d%63%6f%6e%74%65%6e%74\/uploads\/2021\/08\/240158488_1120309435160965_600790685792048376_n-696x1044.jpg 696w, https:\/\/informelitoral.com.ar\/%77%70%2d%63%6f%6e%74%65%6e%74\/uploads\/2021\/08\/240158488_1120309435160965_600790685792048376_n-280x420.jpg 280w, https:\/\/informelitoral.com.ar\/%77%70%2d%63%6f%6e%74%65%6e%74\/uploads\/2021\/08\/240158488_1120309435160965_600790685792048376_n.jpg 720w\" sizes=\"auto, (max-width: 683px) 100vw, 683px\" \/><\/a>Hubo un total de 250 corredores en las tres distancias disputadas 5, 10 y 21 kil\u00f3metros.<\/p>\n<p><a href=\"https:\/\/www.informelitoral.com.ar\/%77%70%2d%63%6f%6e%74%65%6e%74\/uploads\/2021\/08\/240061847_1120309471827628_6477737200604697923_n.jpg\"><img loading=\"lazy\" decoding=\"async\" class=\"aligncenter wp-image-64210 size-large\" src=\"https:\/\/www.informelitoral.com.ar\/%77%70%2d%63%6f%6e%74%65%6e%74\/uploads\/2021\/08\/240061847_1120309471827628_6477737200604697923_n-683x1024.jpg\" alt=\"\" width=\"683\" height=\"1024\" srcset=\"https:\/\/informelitoral.com.ar\/%77%70%2d%63%6f%6e%74%65%6e%74\/uploads\/2021\/08\/240061847_1120309471827628_6477737200604697923_n-683x1024.jpg 683w, https:\/\/informelitoral.com.ar\/%77%70%2d%63%6f%6e%74%65%6e%74\/uploads\/2021\/08\/240061847_1120309471827628_6477737200604697923_n-200x300.jpg 200w, https:\/\/informelitoral.com.ar\/%77%70%2d%63%6f%6e%74%65%6e%74\/uploads\/2021\/08\/240061847_1120309471827628_6477737200604697923_n-696x1044.jpg 696w, https:\/\/informelitoral.com.ar\/%77%70%2d%63%6f%6e%74%65%6e%74\/uploads\/2021\/08\/240061847_1120309471827628_6477737200604697923_n-280x420.jpg 280w, https:\/\/informelitoral.com.ar\/%77%70%2d%63%6f%6e%74%65%6e%74\/uploads\/2021\/08\/240061847_1120309471827628_6477737200604697923_n.jpg 720w\" sizes=\"auto, (max-width: 683px) 100vw, 683px\" \/><\/a><\/p>\n<p>Desde el municipio felicitaron a los participantes locales y anunciaron qu<strong>e el pr\u00f3ximo 20 de noviembre se har\u00e1 una marat\u00f3n en la ciudad<\/strong> para quieren \u00abdisfruten d correr y caminar\u00bb.<\/p>\n","protected":false},"excerpt":{"rendered":"<p>Dos arangunenses participaron de la marat\u00f3n pedestre del campeonato de la Asociaci\u00f3n Master de Corredores Entrerrianos (AMAE) y quedaron entre los primeros. El 20 de noviembre se har\u00e1 una competencia a nivel local. <\/p>\n","protected":false},"author":2,"featured_media":64212,"comment_status":"open","ping_status":"open","sticky":false,"template":"","format":"standard","meta":{"fifu_image_url":"","fifu_image_alt":"","footnotes":""},"categories":[6],"tags":[143,1036,111,1580,201],"class_list":{"0":"post-64208","1":"post","2":"type-post","3":"status-publish","4":"format-standard","5":"has-post-thumbnail","7":"category-entre-rios","8":"tag-aranguren","9":"tag-maraton","10":"tag-municipales","11":"tag-municipalidad-de-aranguren","12":"tag-municipios"},"yoast_head":"<title>Destacan a maratonistas de Aranguren y anuncian una marat\u00f3n en la localidad - Informe Litoral<\/title>\n<meta name=\"robots\" content=\"index, follow, max-snippet:-1, max-image-preview:large, max-video-preview:-1\" \/>\n<link rel=\"canonical\" href=\"https:\/\/informelitoral.com.ar\/destacan-a-maratonistas-de-aranguren-y-anuncian-una-maraton-en-la-localidad\/\" \/>\n<meta property=\"og:locale\" content=\"es_ES\" \/>\n<meta property=\"og:type\" content=\"article\" \/>\n<meta property=\"og:title\" content=\"Destacan a maratonistas de Aranguren y anuncian una marat\u00f3n en la localidad - Informe Litoral\" \/>\n<meta property=\"og:description\" content=\"Dos arangunenses participaron de la marat\u00f3n pedestre del campeonato de la Asociaci\u00f3n Master de Corredores Entrerrianos (AMAE) y quedaron entre los primeros. El 20 de noviembre se har\u00e1 una competencia a nivel local.\" \/>\n<meta property=\"og:url\" content=\"https:\/\/informelitoral.com.ar\/destacan-a-maratonistas-de-aranguren-y-anuncian-una-maraton-en-la-localidad\/\" \/>\n<meta property=\"og:site_name\" content=\"Informe Litoral\" \/>\n<meta property=\"article:publisher\" content=\"https:\/\/www.facebook.com\/informelitoral\/\" \/>\n<meta property=\"article:published_time\" content=\"2021-08-25T23:13:55+00:00\" \/>\n<meta property=\"article:modified_time\" content=\"2021-08-25T23:18:33+00:00\" \/>\n<meta property=\"og:image\" content=\"https:\/\/informelitoral.com.ar\/%77%70%2d%63%6f%6e%74%65%6e%74\/uploads\/2021\/08\/239202487_1120309405160968_4438258468889924673_n.jpg\" \/>\n\t<meta property=\"og:image:width\" content=\"719\" \/>\n\t<meta property=\"og:image:height\" content=\"480\" \/>\n\t<meta property=\"og:image:type\" content=\"image\/jpeg\" \/>\n<meta name=\"author\" content=\"Gonzalo Schmidt\" \/>\n<meta name=\"twitter:card\" content=\"summary_large_image\" \/>\n<meta name=\"twitter:creator\" content=\"@InformeLitoral\" \/>\n<meta name=\"twitter:site\" content=\"@InformeLitoral\" \/>\n<meta name=\"twitter:label1\" content=\"Escrito por\" \/>\n\t<meta name=\"twitter:data1\" content=\"Gonzalo Schmidt\" \/>\n\t<meta name=\"twitter:label2\" content=\"Tiempo de lectura\" \/>\n\t<meta name=\"twitter:data2\" content=\"1 minuto\" \/>\n<script type=\"application\/ld+json\" class=\"yoast-schema-graph\">{\"@context\":\"https:\\\/\\\/schema.org\",\"@graph\":[{\"@type\":\"Article\",\"@id\":\"https:\\\/\\\/informelitoral.com.ar\\\/destacan-a-maratonistas-de-aranguren-y-anuncian-una-maraton-en-la-localidad\\\/#article\",\"isPartOf\":{\"@id\":\"https:\\\/\\\/informelitoral.com.ar\\\/destacan-a-maratonistas-de-aranguren-y-anuncian-una-maraton-en-la-localidad\\\/\"},\"author\":{\"name\":\"Gonzalo Schmidt\",\"@id\":\"https:\\\/\\\/informelitoral.com.ar\\\/#\\\/schema\\\/person\\\/b9d00407c836482871ef1d57bf8e3180\"},\"headline\":\"Destacan a maratonistas de Aranguren y anuncian una marat\u00f3n en la localidad\",\"datePublished\":\"2021-08-25T23:13:55+00:00\",\"dateModified\":\"2021-08-25T23:18:33+00:00\",\"mainEntityOfPage\":{\"@id\":\"https:\\\/\\\/informelitoral.com.ar\\\/destacan-a-maratonistas-de-aranguren-y-anuncian-una-maraton-en-la-localidad\\\/\"},\"wordCount\":148,\"commentCount\":0,\"publisher\":{\"@id\":\"https:\\\/\\\/informelitoral.com.ar\\\/#organization\"},\"image\":{\"@id\":\"https:\\\/\\\/informelitoral.com.ar\\\/destacan-a-maratonistas-de-aranguren-y-anuncian-una-maraton-en-la-localidad\\\/#primaryimage\"},\"thumbnailUrl\":\"https:\\\/\\\/informelitoral.com.ar\\\/%77%70%2d%63%6f%6e%74%65%6e%74\\\/uploads\\\/2021\\\/08\\\/239202487_1120309405160968_4438258468889924673_n.jpg\",\"keywords\":[\"Aranguren\",\"Marat\u00f3n\",\"Municipales\",\"Municipalidad de Aranguren\",\"Municipios\"],\"articleSection\":[\"Entre R\u00edos\"],\"inLanguage\":\"es\",\"potentialAction\":[{\"@type\":\"CommentAction\",\"name\":\"Comment\",\"target\":[\"https:\\\/\\\/informelitoral.com.ar\\\/destacan-a-maratonistas-de-aranguren-y-anuncian-una-maraton-en-la-localidad\\\/#respond\"]}]},{\"@type\":\"WebPage\",\"@id\":\"https:\\\/\\\/informelitoral.com.ar\\\/destacan-a-maratonistas-de-aranguren-y-anuncian-una-maraton-en-la-localidad\\\/\",\"url\":\"https:\\\/\\\/informelitoral.com.ar\\\/destacan-a-maratonistas-de-aranguren-y-anuncian-una-maraton-en-la-localidad\\\/\",\"name\":\"Destacan a maratonistas de Aranguren y anuncian una marat\u00f3n en la localidad - Informe Litoral\",\"isPartOf\":{\"@id\":\"https:\\\/\\\/informelitoral.com.ar\\\/#website\"},\"primaryImageOfPage\":{\"@id\":\"https:\\\/\\\/informelitoral.com.ar\\\/destacan-a-maratonistas-de-aranguren-y-anuncian-una-maraton-en-la-localidad\\\/#primaryimage\"},\"image\":{\"@id\":\"https:\\\/\\\/informelitoral.com.ar\\\/destacan-a-maratonistas-de-aranguren-y-anuncian-una-maraton-en-la-localidad\\\/#primaryimage\"},\"thumbnailUrl\":\"https:\\\/\\\/informelitoral.com.ar\\\/%77%70%2d%63%6f%6e%74%65%6e%74\\\/uploads\\\/2021\\\/08\\\/239202487_1120309405160968_4438258468889924673_n.jpg\",\"datePublished\":\"2021-08-25T23:13:55+00:00\",\"dateModified\":\"2021-08-25T23:18:33+00:00\",\"breadcrumb\":{\"@id\":\"https:\\\/\\\/informelitoral.com.ar\\\/destacan-a-maratonistas-de-aranguren-y-anuncian-una-maraton-en-la-localidad\\\/#breadcrumb\"},\"inLanguage\":\"es\",\"potentialAction\":[{\"@type\":\"ReadAction\",\"target\":[\"https:\\\/\\\/informelitoral.com.ar\\\/destacan-a-maratonistas-de-aranguren-y-anuncian-una-maraton-en-la-localidad\\\/\"]}]},{\"@type\":\"ImageObject\",\"inLanguage\":\"es\",\"@id\":\"https:\\\/\\\/informelitoral.com.ar\\\/destacan-a-maratonistas-de-aranguren-y-anuncian-una-maraton-en-la-localidad\\\/#primaryimage\",\"url\":\"https:\\\/\\\/informelitoral.com.ar\\\/%77%70%2d%63%6f%6e%74%65%6e%74\\\/uploads\\\/2021\\\/08\\\/239202487_1120309405160968_4438258468889924673_n.jpg\",\"contentUrl\":\"https:\\\/\\\/informelitoral.com.ar\\\/%77%70%2d%63%6f%6e%74%65%6e%74\\\/uploads\\\/2021\\\/08\\\/239202487_1120309405160968_4438258468889924673_n.jpg\",\"width\":719,\"height\":480},{\"@type\":\"BreadcrumbList\",\"@id\":\"https:\\\/\\\/informelitoral.com.ar\\\/destacan-a-maratonistas-de-aranguren-y-anuncian-una-maraton-en-la-localidad\\\/#breadcrumb\",\"itemListElement\":[{\"@type\":\"ListItem\",\"position\":1,\"name\":\"Portada\",\"item\":\"https:\\\/\\\/informelitoral.com.ar\\\/\"},{\"@type\":\"ListItem\",\"position\":2,\"name\":\"Destacan a maratonistas de Aranguren y anuncian una marat\u00f3n en la localidad\"}]},{\"@type\":\"WebSite\",\"@id\":\"https:\\\/\\\/informelitoral.com.ar\\\/#website\",\"url\":\"https:\\\/\\\/informelitoral.com.ar\\\/\",\"name\":\"Informe Litoral\",\"description\":\"&quot;Nos informamos&quot; \",\"publisher\":{\"@id\":\"https:\\\/\\\/informelitoral.com.ar\\\/#organization\"},\"potentialAction\":[{\"@type\":\"SearchAction\",\"target\":{\"@type\":\"EntryPoint\",\"urlTemplate\":\"https:\\\/\\\/informelitoral.com.ar\\\/?s={search_term_string}\"},\"query-input\":{\"@type\":\"PropertyValueSpecification\",\"valueRequired\":true,\"valueName\":\"search_term_string\"}}],\"inLanguage\":\"es\"},{\"@type\":\"Organization\",\"@id\":\"https:\\\/\\\/informelitoral.com.ar\\\/#organization\",\"name\":\"Informe Litoral\",\"url\":\"https:\\\/\\\/informelitoral.com.ar\\\/\",\"logo\":{\"@type\":\"ImageObject\",\"inLanguage\":\"es\",\"@id\":\"https:\\\/\\\/informelitoral.com.ar\\\/#\\\/schema\\\/logo\\\/image\\\/\",\"url\":\"https:\\\/\\\/informelitoral.com.ar\\\/%77%70%2d%63%6f%6e%74%65%6e%74\\\/uploads\\\/2021\\\/01\\\/circulo.png\",\"contentUrl\":\"https:\\\/\\\/informelitoral.com.ar\\\/%77%70%2d%63%6f%6e%74%65%6e%74\\\/uploads\\\/2021\\\/01\\\/circulo.png\",\"width\":723,\"height\":731,\"caption\":\"Informe Litoral\"},\"image\":{\"@id\":\"https:\\\/\\\/informelitoral.com.ar\\\/#\\\/schema\\\/logo\\\/image\\\/\"},\"sameAs\":[\"https:\\\/\\\/www.facebook.com\\\/informelitoral\\\/\",\"https:\\\/\\\/x.com\\\/InformeLitoral\",\"https:\\\/\\\/www.instagram.com\\\/informelitoral\\\/\",\"https:\\\/\\\/www.youtube.com\\\/channel\\\/UCua4Qvz8Icb6MYqhoq9xLXw\"]},{\"@type\":\"Person\",\"@id\":\"https:\\\/\\\/informelitoral.com.ar\\\/#\\\/schema\\\/person\\\/b9d00407c836482871ef1d57bf8e3180\",\"name\":\"Gonzalo Schmidt\",\"image\":{\"@type\":\"ImageObject\",\"inLanguage\":\"es\",\"@id\":\"https:\\\/\\\/secure.gravatar.com\\\/avatar\\\/31a1a7b66ff2de83bd0e9fd79d026630d2d99e55e8bfe501287647b4fd9743de?s=96&d=mm&r=g\",\"url\":\"https:\\\/\\\/secure.gravatar.com\\\/avatar\\\/31a1a7b66ff2de83bd0e9fd79d026630d2d99e55e8bfe501287647b4fd9743de?s=96&d=mm&r=g\",\"contentUrl\":\"https:\\\/\\\/secure.gravatar.com\\\/avatar\\\/31a1a7b66ff2de83bd0e9fd79d026630d2d99e55e8bfe501287647b4fd9743de?s=96&d=mm&r=g\",\"caption\":\"Gonzalo Schmidt\"},\"description\":\"Sitio web de noticias de la provincia de Entre R\u00edos, Argentina. Informaci\u00f3n y entretenimiento. Informe Litoral, nos informamos.\",\"sameAs\":[\"http:\\\/\\\/www.isletasnoticias.com.ar\"],\"url\":\"https:\\\/\\\/informelitoral.com.ar\\\/author\\\/gonzalo\\\/\"}]}<\/script>","yoast_head_json":{"title":"Destacan a maratonistas de Aranguren y anuncian una marat\u00f3n en la localidad - Informe Litoral","robots":{"index":"index","follow":"follow","max-snippet":"max-snippet:-1","max-image-preview":"max-image-preview:large","max-video-preview":"max-video-preview:-1"},"canonical":"https:\/\/informelitoral.com.ar\/destacan-a-maratonistas-de-aranguren-y-anuncian-una-maraton-en-la-localidad\/","og_locale":"es_ES","og_type":"article","og_title":"Destacan a maratonistas de Aranguren y anuncian una marat\u00f3n en la localidad - Informe Litoral","og_description":"Dos arangunenses participaron de la marat\u00f3n pedestre del campeonato de la Asociaci\u00f3n Master de Corredores Entrerrianos (AMAE) y quedaron entre los primeros. El 20 de noviembre se har\u00e1 una competencia a nivel local.","og_url":"https:\/\/informelitoral.com.ar\/destacan-a-maratonistas-de-aranguren-y-anuncian-una-maraton-en-la-localidad\/","og_site_name":"Informe Litoral","article_publisher":"https:\/\/www.facebook.com\/informelitoral\/","article_published_time":"2021-08-25T23:13:55+00:00","article_modified_time":"2021-08-25T23:18:33+00:00","og_image":[{"width":719,"height":480,"url":"https:\/\/informelitoral.com.ar\/%77%70%2d%63%6f%6e%74%65%6e%74\/uploads\/2021\/08\/239202487_1120309405160968_4438258468889924673_n.jpg","type":"image\/jpeg"}],"author":"Gonzalo Schmidt","twitter_card":"summary_large_image","twitter_creator":"@InformeLitoral","twitter_site":"@InformeLitoral","twitter_misc":{"Escrito por":"Gonzalo Schmidt","Tiempo de lectura":"1 minuto"},"schema":{"@context":"https:\/\/schema.org","@graph":[{"@type":"Article","@id":"https:\/\/informelitoral.com.ar\/destacan-a-maratonistas-de-aranguren-y-anuncian-una-maraton-en-la-localidad\/#article","isPartOf":{"@id":"https:\/\/informelitoral.com.ar\/destacan-a-maratonistas-de-aranguren-y-anuncian-una-maraton-en-la-localidad\/"},"author":{"name":"Gonzalo Schmidt","@id":"https:\/\/informelitoral.com.ar\/#\/schema\/person\/b9d00407c836482871ef1d57bf8e3180"},"headline":"Destacan a maratonistas de Aranguren y anuncian una marat\u00f3n en la localidad","datePublished":"2021-08-25T23:13:55+00:00","dateModified":"2021-08-25T23:18:33+00:00","mainEntityOfPage":{"@id":"https:\/\/informelitoral.com.ar\/destacan-a-maratonistas-de-aranguren-y-anuncian-una-maraton-en-la-localidad\/"},"wordCount":148,"commentCount":0,"publisher":{"@id":"https:\/\/informelitoral.com.ar\/#organization"},"image":{"@id":"https:\/\/informelitoral.com.ar\/destacan-a-maratonistas-de-aranguren-y-anuncian-una-maraton-en-la-localidad\/#primaryimage"},"thumbnailUrl":"https:\/\/informelitoral.com.ar\/%77%70%2d%63%6f%6e%74%65%6e%74\/uploads\/2021\/08\/239202487_1120309405160968_4438258468889924673_n.jpg","keywords":["Aranguren","Marat\u00f3n","Municipales","Municipalidad de Aranguren","Municipios"],"articleSection":["Entre R\u00edos"],"inLanguage":"es","potentialAction":[{"@type":"CommentAction","name":"Comment","target":["https:\/\/informelitoral.com.ar\/destacan-a-maratonistas-de-aranguren-y-anuncian-una-maraton-en-la-localidad\/#respond"]}]},{"@type":"WebPage","@id":"https:\/\/informelitoral.com.ar\/destacan-a-maratonistas-de-aranguren-y-anuncian-una-maraton-en-la-localidad\/","url":"https:\/\/informelitoral.com.ar\/destacan-a-maratonistas-de-aranguren-y-anuncian-una-maraton-en-la-localidad\/","name":"Destacan a maratonistas de Aranguren y anuncian una marat\u00f3n en la localidad - Informe Litoral","isPartOf":{"@id":"https:\/\/informelitoral.com.ar\/#website"},"primaryImageOfPage":{"@id":"https:\/\/informelitoral.com.ar\/destacan-a-maratonistas-de-aranguren-y-anuncian-una-maraton-en-la-localidad\/#primaryimage"},"image":{"@id":"https:\/\/informelitoral.com.ar\/destacan-a-maratonistas-de-aranguren-y-anuncian-una-maraton-en-la-localidad\/#primaryimage"},"thumbnailUrl":"https:\/\/informelitoral.com.ar\/%77%70%2d%63%6f%6e%74%65%6e%74\/uploads\/2021\/08\/239202487_1120309405160968_4438258468889924673_n.jpg","datePublished":"2021-08-25T23:13:55+00:00","dateModified":"2021-08-25T23:18:33+00:00","breadcrumb":{"@id":"https:\/\/informelitoral.com.ar\/destacan-a-maratonistas-de-aranguren-y-anuncian-una-maraton-en-la-localidad\/#breadcrumb"},"inLanguage":"es","potentialAction":[{"@type":"ReadAction","target":["https:\/\/informelitoral.com.ar\/destacan-a-maratonistas-de-aranguren-y-anuncian-una-maraton-en-la-localidad\/"]}]},{"@type":"ImageObject","inLanguage":"es","@id":"https:\/\/informelitoral.com.ar\/destacan-a-maratonistas-de-aranguren-y-anuncian-una-maraton-en-la-localidad\/#primaryimage","url":"https:\/\/informelitoral.com.ar\/%77%70%2d%63%6f%6e%74%65%6e%74\/uploads\/2021\/08\/239202487_1120309405160968_4438258468889924673_n.jpg","contentUrl":"https:\/\/informelitoral.com.ar\/%77%70%2d%63%6f%6e%74%65%6e%74\/uploads\/2021\/08\/239202487_1120309405160968_4438258468889924673_n.jpg","width":719,"height":480},{"@type":"BreadcrumbList","@id":"https:\/\/informelitoral.com.ar\/destacan-a-maratonistas-de-aranguren-y-anuncian-una-maraton-en-la-localidad\/#breadcrumb","itemListElement":[{"@type":"ListItem","position":1,"name":"Portada","item":"https:\/\/informelitoral.com.ar\/"},{"@type":"ListItem","position":2,"name":"Destacan a maratonistas de Aranguren y anuncian una marat\u00f3n en la localidad"}]},{"@type":"WebSite","@id":"https:\/\/informelitoral.com.ar\/#website","url":"https:\/\/informelitoral.com.ar\/","name":"Informe Litoral","description":"&quot;Nos informamos&quot; ","publisher":{"@id":"https:\/\/informelitoral.com.ar\/#organization"},"potentialAction":[{"@type":"SearchAction","target":{"@type":"EntryPoint","urlTemplate":"https:\/\/informelitoral.com.ar\/?s={search_term_string}"},"query-input":{"@type":"PropertyValueSpecification","valueRequired":true,"valueName":"search_term_string"}}],"inLanguage":"es"},{"@type":"Organization","@id":"https:\/\/informelitoral.com.ar\/#organization","name":"Informe Litoral","url":"https:\/\/informelitoral.com.ar\/","logo":{"@type":"ImageObject","inLanguage":"es","@id":"https:\/\/informelitoral.com.ar\/#\/schema\/logo\/image\/","url":"https:\/\/informelitoral.com.ar\/%77%70%2d%63%6f%6e%74%65%6e%74\/uploads\/2021\/01\/circulo.png","contentUrl":"https:\/\/informelitoral.com.ar\/%77%70%2d%63%6f%6e%74%65%6e%74\/uploads\/2021\/01\/circulo.png","width":723,"height":731,"caption":"Informe Litoral"},"image":{"@id":"https:\/\/informelitoral.com.ar\/#\/schema\/logo\/image\/"},"sameAs":["https:\/\/www.facebook.com\/informelitoral\/","https:\/\/x.com\/InformeLitoral","https:\/\/www.instagram.com\/informelitoral\/","https:\/\/www.youtube.com\/channel\/UCua4Qvz8Icb6MYqhoq9xLXw"]},{"@type":"Person","@id":"https:\/\/informelitoral.com.ar\/#\/schema\/person\/b9d00407c836482871ef1d57bf8e3180","name":"Gonzalo Schmidt","image":{"@type":"ImageObject","inLanguage":"es","@id":"https:\/\/secure.gravatar.com\/avatar\/31a1a7b66ff2de83bd0e9fd79d026630d2d99e55e8bfe501287647b4fd9743de?s=96&d=mm&r=g","url":"https:\/\/secure.gravatar.com\/avatar\/31a1a7b66ff2de83bd0e9fd79d026630d2d99e55e8bfe501287647b4fd9743de?s=96&d=mm&r=g","contentUrl":"https:\/\/secure.gravatar.com\/avatar\/31a1a7b66ff2de83bd0e9fd79d026630d2d99e55e8bfe501287647b4fd9743de?s=96&d=mm&r=g","caption":"Gonzalo Schmidt"},"description":"Sitio web de noticias de la provincia de Entre R\u00edos, Argentina. Informaci\u00f3n y entretenimiento. Informe Litoral, nos informamos.","sameAs":["http:\/\/www.isletasnoticias.com.ar"],"url":"https:\/\/informelitoral.com.ar\/author\/gonzalo\/"}]}},"_links":{"self":[{"href":"https:\/\/informelitoral.com.ar\/%77%70%2d%6a%73%6f%6e\/wp\/v2\/posts\/64208","targetHints":{"allow":["GET"]}}],"collection":[{"href":"https:\/\/informelitoral.com.ar\/%77%70%2d%6a%73%6f%6e\/wp\/v2\/posts"}],"about":[{"href":"https:\/\/informelitoral.com.ar\/%77%70%2d%6a%73%6f%6e\/wp\/v2\/types\/post"}],"author":[{"embeddable":true,"href":"https:\/\/informelitoral.com.ar\/%77%70%2d%6a%73%6f%6e\/wp\/v2\/users\/2"}],"replies":[{"embeddable":true,"href":"https:\/\/informelitoral.com.ar\/%77%70%2d%6a%73%6f%6e\/wp\/v2\/comments?post=64208"}],"version-history":[{"count":0,"href":"https:\/\/informelitoral.com.ar\/%77%70%2d%6a%73%6f%6e\/wp\/v2\/posts\/64208\/revisions"}],"wp:featuredmedia":[{"embeddable":true,"href":"https:\/\/informelitoral.com.ar\/%77%70%2d%6a%73%6f%6e\/wp\/v2\/media\/64212"}],"wp:attachment":[{"href":"https:\/\/informelitoral.com.ar\/%77%70%2d%6a%73%6f%6e\/wp\/v2\/media?parent=64208"}],"wp:term":[{"taxonomy":"category","embeddable":true,"href":"https:\/\/informelitoral.com.ar\/%77%70%2d%6a%73%6f%6e\/wp\/v2\/categories?post=64208"},{"taxonomy":"post_tag","embeddable":true,"href":"https:\/\/informelitoral.com.ar\/%77%70%2d%6a%73%6f%6e\/wp\/v2\/tags?post=64208"}],"curies":[{"name":"wp","href":"https:\/\/api.w.org\/{rel}","templated":true}]}}